{"id":48650,"date":"2019-06-28T08:41:28","date_gmt":"2019-06-28T13:41:28","guid":{"rendered":"http:\/\/www.lospoliticosveracruz.com.mx\/?p=48650"},"modified":"2019-06-28T08:41:28","modified_gmt":"2019-06-28T13:41:28","slug":"la-normal-de-la-reserva-adeuda-40-meses-se-niega-a-pagar-cmas","status":"publish","type":"post","link":"https:\/\/lospoliticosveracruz.com\/?p=48650","title":{"rendered":"La Normal de la Reserva adeuda 40 meses; se niega a pagar: CMAS"},"content":{"rendered":"<p>La Comisi\u00f3n Municipal de Agua Potable y Saneamiento de Xalapa (CMAS), precisa lo siguiente, respecto a la informaci\u00f3n de adeudos con instituciones educativas, que se difundi\u00f3 a los medios de comunicaci\u00f3n el d\u00eda de ayer.<br \/>\nConcerniente a la situaci\u00f3n de la Escuela Normal Superior Veracruzana \u201cManuel Su\u00e1rez Trujillo\u201d de la colonia Reserva Territorial, el organismo operador aclara que esta instituci\u00f3n, tiene un adeudo actual en el servicio del agua potable, drenaje y saneamiento de 40 meses vencidos, con un importe superior a los 200 mil pesos.<br \/>\nEn su cuenta se refleja que desde su contrataci\u00f3n al d\u00eda de hoy se han negado a pagar los servicios. Actualmente se tiene el reporte de que el plantel est\u00e1 construyendo otros dos edificios.<br \/>\nEn diversas ocasiones, se les ha citado para que acudan a mesas de trabajo, haciendo caso omiso de tal petici\u00f3n y es por ello que se les reitera la atenta invitaci\u00f3n a que se acerquen para iniciar el di\u00e1logo a la brevedad.<\/p>\n<p>Con respecto a la informaci\u00f3n divulgada sobre la Escuela Secundaria General que se menciona, se informa que este instituto actualmente no est\u00e1 limitado en su servicio, y esta Comisi\u00f3n se encuentra en di\u00e1logo con el grupo SEV para dar soluci\u00f3n al tema de su adeudo.<\/p>\n<p>Este organismo operador rechaza categ\u00f3ricamente que se haya actuado con insensibilidad e incapacidad, al respecto es importante recordar que es indispensable que toda la ciudadan\u00eda, incluyendo a las instituciones p\u00fablicas, realicen el pago oportuno de sus servicios.<\/p>\n<p>En el caso de las instituciones p\u00fablicas, estas cuentan con recursos que se les otorgan exclusivamente para realizar el pago de diversos servicios, entre ellos el del agua, y cabe recordar que la CMAS funciona administrativa y operativamente gracias al pago puntual y oportuno de los usuarios.<\/p>\n<p>En referencia a lo se\u00f1alado de que \u201cm\u00e1s de 50 escuelas de Xalapa no cuentan con el servicio de agua potable debido a que presentan adeudos ante la CMAS\u201d, se puntualiza que esta aseveraci\u00f3n es err\u00f3nea.<br \/>\nFinalmente reiteramos, que esta Comisi\u00f3n Municipal de Agua Potable y Saneamiento de Xalapa, encargada de llevar a la ciudadan\u00eda de la capital del Estado y zona conurbada, este servicio vital para la salud y el desarrollo general de nuestra ciudad, cuenta con servidores p\u00fablicos que est\u00e1n capacitados para atender de una manera correcta, respetuosa y con informaci\u00f3n veraz, a cualquier ciudadano o instituci\u00f3n p\u00fablica, privilegiando el di\u00e1logo responsable para llegar a acuerdos.<\/p>\n","protected":false},"excerpt":{"rendered":"<p>La Comisi\u00f3n Municipal de Agua Potable y Saneamiento de Xalapa (CMAS), precisa lo siguiente, respecto a la informaci\u00f3n de adeudos con instituciones educativas, que se difundi\u00f3 a los medios de comunicaci\u00f3n el d\u00eda de ayer. Concerniente a la situaci\u00f3n de la Escuela Normal Superior Veracruzana \u201cManuel Su\u00e1rez Trujillo\u201d de la colonia Reserva Territorial, el organismo [&hellip;]<\/p>\n","protected":false},"author":2,"featured_media":48651,"comment_status":"open","ping_status":"open","sticky":false,"template":"","format":"standard","meta":{"tdm_status":"","tdm_grid_status":"","footnotes":""},"categories":[73],"tags":[786,14860,14861,4939,96],"class_list":{"0":"post-48650","1":"post","2":"type-post","3":"status-publish","4":"format-standard","5":"has-post-thumbnail","7":"category-de-boleto","8":"tag-cmas","9":"tag-escuela-normal","10":"tag-escuela-secundaria-general","11":"tag-reserva-territorial","12":"tag-xalapa"},"yoast_head":"<!-- This site is optimized with the Yoast SEO plugin v27.4 - https:\/\/yoast.com\/product\/yoast-seo-wordpress\/ -->\n<title>La Normal de la Reserva adeuda 40 meses; se niega a pagar: CMAS - Los pol\u00edticos Veracruz<\/title>\n<meta name=\"robots\" content=\"index, follow, max-snippet:-1, max-image-preview:large, max-video-preview:-1\" \/>\n<link rel=\"canonical\" href=\"https:\/\/lospoliticosveracruz.com\/?p=48650\" \/>\n<meta property=\"og:locale\" content=\"es_ES\" \/>\n<meta property=\"og:type\" content=\"article\" \/>\n<meta property=\"og:title\" content=\"La Normal de la Reserva adeuda 40 meses; se niega a pagar: CMAS - Los pol\u00edticos Veracruz\" \/>\n<meta property=\"og:description\" content=\"La Comisi\u00f3n Municipal de Agua Potable y Saneamiento de Xalapa (CMAS), precisa lo siguiente, respecto a la informaci\u00f3n de adeudos con instituciones educativas, que se difundi\u00f3 a los medios de comunicaci\u00f3n el d\u00eda de ayer. Concerniente a la situaci\u00f3n de la Escuela Normal Superior Veracruzana \u201cManuel Su\u00e1rez Trujillo\u201d de la colonia Reserva Territorial, el organismo [&hellip;]\" \/>\n<meta property=\"og:url\" content=\"https:\/\/lospoliticosveracruz.com\/?p=48650\" \/>\n<meta property=\"og:site_name\" content=\"Los pol\u00edticos Veracruz\" \/>\n<meta property=\"article:publisher\" content=\"https:\/\/www.facebook.com\/people\/Notimemes-de-los-Polticos\/61565672886568\/\" \/>\n<meta property=\"article:published_time\" content=\"2019-06-28T13:41:28+00:00\" \/>\n<meta property=\"og:image\" content=\"https:\/\/lospoliticosveracruz.com\/wp-content\/uploads\/2019\/06\/Normal.jpeg\" \/>\n\t<meta property=\"og:image:width\" content=\"284\" \/>\n\t<meta property=\"og:image:height\" content=\"177\" \/>\n\t<meta property=\"og:image:type\" content=\"image\/jpeg\" \/>\n<meta name=\"author\" content=\"Lo viste en Los Pol\u00edticos\" \/>\n<meta name=\"twitter:card\" content=\"summary_large_image\" \/>\n<meta name=\"twitter:creator\" content=\"@LosPoliticosVer\" \/>\n<meta name=\"twitter:site\" content=\"@LosPoliticosVer\" \/>\n<meta name=\"twitter:label1\" content=\"Escrito por\" \/>\n\t<meta name=\"twitter:data1\" content=\"Lo viste en Los Pol\u00edticos\" \/>\n\t<meta name=\"twitter:label2\" content=\"Tiempo de lectura\" \/>\n\t<meta name=\"twitter:data2\" content=\"2 minutos\" \/>\n<script type=\"application\/ld+json\" class=\"yoast-schema-graph\">{\"@context\":\"https:\\\/\\\/schema.org\",\"@graph\":[{\"@type\":\"Article\",\"@id\":\"https:\\\/\\\/lospoliticosveracruz.com\\\/?p=48650#article\",\"isPartOf\":{\"@id\":\"https:\\\/\\\/lospoliticosveracruz.com\\\/?p=48650\"},\"author\":{\"name\":\"Lo viste en Los Pol\u00edticos\",\"@id\":\"https:\\\/\\\/lospoliticosveracruz.com\\\/#\\\/schema\\\/person\\\/b8702bb0e538456e6efd07080bf2a4a2\"},\"headline\":\"La Normal de la Reserva adeuda 40 meses; se niega a pagar: CMAS\",\"datePublished\":\"2019-06-28T13:41:28+00:00\",\"mainEntityOfPage\":{\"@id\":\"https:\\\/\\\/lospoliticosveracruz.com\\\/?p=48650\"},\"wordCount\":440,\"commentCount\":0,\"publisher\":{\"@id\":\"https:\\\/\\\/lospoliticosveracruz.com\\\/#organization\"},\"image\":{\"@id\":\"https:\\\/\\\/lospoliticosveracruz.com\\\/?p=48650#primaryimage\"},\"thumbnailUrl\":\"https:\\\/\\\/lospoliticosveracruz.com\\\/wp-content\\\/uploads\\\/2019\\\/06\\\/Normal.jpeg\",\"keywords\":[\"CMAS\",\"Escuela Normal\",\"Escuela Secundaria General\",\"Reserva Territorial\",\"Xalapa\"],\"articleSection\":[\"De Boleto\"],\"inLanguage\":\"es\",\"potentialAction\":[{\"@type\":\"CommentAction\",\"name\":\"Comment\",\"target\":[\"https:\\\/\\\/lospoliticosveracruz.com\\\/?p=48650#respond\"]}]},{\"@type\":\"WebPage\",\"@id\":\"https:\\\/\\\/lospoliticosveracruz.com\\\/?p=48650\",\"url\":\"https:\\\/\\\/lospoliticosveracruz.com\\\/?p=48650\",\"name\":\"La Normal de la Reserva adeuda 40 meses; se niega a pagar: CMAS - Los pol\u00edticos Veracruz\",\"isPartOf\":{\"@id\":\"https:\\\/\\\/lospoliticosveracruz.com\\\/#website\"},\"primaryImageOfPage\":{\"@id\":\"https:\\\/\\\/lospoliticosveracruz.com\\\/?p=48650#primaryimage\"},\"image\":{\"@id\":\"https:\\\/\\\/lospoliticosveracruz.com\\\/?p=48650#primaryimage\"},\"thumbnailUrl\":\"https:\\\/\\\/lospoliticosveracruz.com\\\/wp-content\\\/uploads\\\/2019\\\/06\\\/Normal.jpeg\",\"datePublished\":\"2019-06-28T13:41:28+00:00\",\"breadcrumb\":{\"@id\":\"https:\\\/\\\/lospoliticosveracruz.com\\\/?p=48650#breadcrumb\"},\"inLanguage\":\"es\",\"potentialAction\":[{\"@type\":\"ReadAction\",\"target\":[\"https:\\\/\\\/lospoliticosveracruz.com\\\/?p=48650\"]}]},{\"@type\":\"ImageObject\",\"inLanguage\":\"es\",\"@id\":\"https:\\\/\\\/lospoliticosveracruz.com\\\/?p=48650#primaryimage\",\"url\":\"https:\\\/\\\/lospoliticosveracruz.com\\\/wp-content\\\/uploads\\\/2019\\\/06\\\/Normal.jpeg\",\"contentUrl\":\"https:\\\/\\\/lospoliticosveracruz.com\\\/wp-content\\\/uploads\\\/2019\\\/06\\\/Normal.jpeg\",\"width\":284,\"height\":177},{\"@type\":\"BreadcrumbList\",\"@id\":\"https:\\\/\\\/lospoliticosveracruz.com\\\/?p=48650#breadcrumb\",\"itemListElement\":[{\"@type\":\"ListItem\",\"position\":1,\"name\":\"Portada\",\"item\":\"https:\\\/\\\/lospoliticosveracruz.com\\\/\"},{\"@type\":\"ListItem\",\"position\":2,\"name\":\"La Normal de la Reserva adeuda 40 meses; se niega a pagar: CMAS\"}]},{\"@type\":\"WebSite\",\"@id\":\"https:\\\/\\\/lospoliticosveracruz.com\\\/#website\",\"url\":\"https:\\\/\\\/lospoliticosveracruz.com\\\/\",\"name\":\"Los pol\u00edticos Veracruz\",\"description\":\"\",\"publisher\":{\"@id\":\"https:\\\/\\\/lospoliticosveracruz.com\\\/#organization\"},\"potentialAction\":[{\"@type\":\"SearchAction\",\"target\":{\"@type\":\"EntryPoint\",\"urlTemplate\":\"https:\\\/\\\/lospoliticosveracruz.com\\\/?s={search_term_string}\"},\"query-input\":{\"@type\":\"PropertyValueSpecification\",\"valueRequired\":true,\"valueName\":\"search_term_string\"}}],\"inLanguage\":\"es\"},{\"@type\":\"Organization\",\"@id\":\"https:\\\/\\\/lospoliticosveracruz.com\\\/#organization\",\"name\":\"Los pol\u00edticos Veracruz\",\"url\":\"https:\\\/\\\/lospoliticosveracruz.com\\\/\",\"logo\":{\"@type\":\"ImageObject\",\"inLanguage\":\"es\",\"@id\":\"https:\\\/\\\/lospoliticosveracruz.com\\\/#\\\/schema\\\/logo\\\/image\\\/\",\"url\":\"https:\\\/\\\/lospoliticosveracruz.com\\\/wp-content\\\/uploads\\\/2025\\\/12\\\/Logo-Nuevo-LOS-POLITICOS-1.jpg\",\"contentUrl\":\"https:\\\/\\\/lospoliticosveracruz.com\\\/wp-content\\\/uploads\\\/2025\\\/12\\\/Logo-Nuevo-LOS-POLITICOS-1.jpg\",\"width\":260,\"height\":70,\"caption\":\"Los pol\u00edticos Veracruz\"},\"image\":{\"@id\":\"https:\\\/\\\/lospoliticosveracruz.com\\\/#\\\/schema\\\/logo\\\/image\\\/\"},\"sameAs\":[\"https:\\\/\\\/www.facebook.com\\\/people\\\/Notimemes-de-los-Polticos\\\/61565672886568\\\/\",\"https:\\\/\\\/x.com\\\/LosPoliticosVer\"]},{\"@type\":\"Person\",\"@id\":\"https:\\\/\\\/lospoliticosveracruz.com\\\/#\\\/schema\\\/person\\\/b8702bb0e538456e6efd07080bf2a4a2\",\"name\":\"Lo viste en Los Pol\u00edticos\",\"image\":{\"@type\":\"ImageObject\",\"inLanguage\":\"es\",\"@id\":\"https:\\\/\\\/secure.gravatar.com\\\/avatar\\\/3a8de04a2656d44082be478bd6c086daa447c4651605818287b9532d3d0bd435?s=96&d=mm&r=g\",\"url\":\"https:\\\/\\\/secure.gravatar.com\\\/avatar\\\/3a8de04a2656d44082be478bd6c086daa447c4651605818287b9532d3d0bd435?s=96&d=mm&r=g\",\"contentUrl\":\"https:\\\/\\\/secure.gravatar.com\\\/avatar\\\/3a8de04a2656d44082be478bd6c086daa447c4651605818287b9532d3d0bd435?s=96&d=mm&r=g\",\"caption\":\"Lo viste en Los Pol\u00edticos\"},\"url\":\"https:\\\/\\\/lospoliticosveracruz.com\\\/?author=2\"}]}<\/script>\n<!-- \/ Yoast SEO plugin. -->","yoast_head_json":{"title":"La Normal de la Reserva adeuda 40 meses; se niega a pagar: CMAS - Los pol\u00edticos Veracruz","robots":{"index":"index","follow":"follow","max-snippet":"max-snippet:-1","max-image-preview":"max-image-preview:large","max-video-preview":"max-video-preview:-1"},"canonical":"https:\/\/lospoliticosveracruz.com\/?p=48650","og_locale":"es_ES","og_type":"article","og_title":"La Normal de la Reserva adeuda 40 meses; se niega a pagar: CMAS - Los pol\u00edticos Veracruz","og_description":"La Comisi\u00f3n Municipal de Agua Potable y Saneamiento de Xalapa (CMAS), precisa lo siguiente, respecto a la informaci\u00f3n de adeudos con instituciones educativas, que se difundi\u00f3 a los medios de comunicaci\u00f3n el d\u00eda de ayer. Concerniente a la situaci\u00f3n de la Escuela Normal Superior Veracruzana \u201cManuel Su\u00e1rez Trujillo\u201d de la colonia Reserva Territorial, el organismo [&hellip;]","og_url":"https:\/\/lospoliticosveracruz.com\/?p=48650","og_site_name":"Los pol\u00edticos Veracruz","article_publisher":"https:\/\/www.facebook.com\/people\/Notimemes-de-los-Polticos\/61565672886568\/","article_published_time":"2019-06-28T13:41:28+00:00","og_image":[{"width":284,"height":177,"url":"https:\/\/lospoliticosveracruz.com\/wp-content\/uploads\/2019\/06\/Normal.jpeg","type":"image\/jpeg"}],"author":"Lo viste en Los Pol\u00edticos","twitter_card":"summary_large_image","twitter_creator":"@LosPoliticosVer","twitter_site":"@LosPoliticosVer","twitter_misc":{"Escrito por":"Lo viste en Los Pol\u00edticos","Tiempo de lectura":"2 minutos"},"schema":{"@context":"https:\/\/schema.org","@graph":[{"@type":"Article","@id":"https:\/\/lospoliticosveracruz.com\/?p=48650#article","isPartOf":{"@id":"https:\/\/lospoliticosveracruz.com\/?p=48650"},"author":{"name":"Lo viste en Los Pol\u00edticos","@id":"https:\/\/lospoliticosveracruz.com\/#\/schema\/person\/b8702bb0e538456e6efd07080bf2a4a2"},"headline":"La Normal de la Reserva adeuda 40 meses; se niega a pagar: CMAS","datePublished":"2019-06-28T13:41:28+00:00","mainEntityOfPage":{"@id":"https:\/\/lospoliticosveracruz.com\/?p=48650"},"wordCount":440,"commentCount":0,"publisher":{"@id":"https:\/\/lospoliticosveracruz.com\/#organization"},"image":{"@id":"https:\/\/lospoliticosveracruz.com\/?p=48650#primaryimage"},"thumbnailUrl":"https:\/\/lospoliticosveracruz.com\/wp-content\/uploads\/2019\/06\/Normal.jpeg","keywords":["CMAS","Escuela Normal","Escuela Secundaria General","Reserva Territorial","Xalapa"],"articleSection":["De Boleto"],"inLanguage":"es","potentialAction":[{"@type":"CommentAction","name":"Comment","target":["https:\/\/lospoliticosveracruz.com\/?p=48650#respond"]}]},{"@type":"WebPage","@id":"https:\/\/lospoliticosveracruz.com\/?p=48650","url":"https:\/\/lospoliticosveracruz.com\/?p=48650","name":"La Normal de la Reserva adeuda 40 meses; se niega a pagar: CMAS - Los pol\u00edticos Veracruz","isPartOf":{"@id":"https:\/\/lospoliticosveracruz.com\/#website"},"primaryImageOfPage":{"@id":"https:\/\/lospoliticosveracruz.com\/?p=48650#primaryimage"},"image":{"@id":"https:\/\/lospoliticosveracruz.com\/?p=48650#primaryimage"},"thumbnailUrl":"https:\/\/lospoliticosveracruz.com\/wp-content\/uploads\/2019\/06\/Normal.jpeg","datePublished":"2019-06-28T13:41:28+00:00","breadcrumb":{"@id":"https:\/\/lospoliticosveracruz.com\/?p=48650#breadcrumb"},"inLanguage":"es","potentialAction":[{"@type":"ReadAction","target":["https:\/\/lospoliticosveracruz.com\/?p=48650"]}]},{"@type":"ImageObject","inLanguage":"es","@id":"https:\/\/lospoliticosveracruz.com\/?p=48650#primaryimage","url":"https:\/\/lospoliticosveracruz.com\/wp-content\/uploads\/2019\/06\/Normal.jpeg","contentUrl":"https:\/\/lospoliticosveracruz.com\/wp-content\/uploads\/2019\/06\/Normal.jpeg","width":284,"height":177},{"@type":"BreadcrumbList","@id":"https:\/\/lospoliticosveracruz.com\/?p=48650#breadcrumb","itemListElement":[{"@type":"ListItem","position":1,"name":"Portada","item":"https:\/\/lospoliticosveracruz.com\/"},{"@type":"ListItem","position":2,"name":"La Normal de la Reserva adeuda 40 meses; se niega a pagar: CMAS"}]},{"@type":"WebSite","@id":"https:\/\/lospoliticosveracruz.com\/#website","url":"https:\/\/lospoliticosveracruz.com\/","name":"Los pol\u00edticos Veracruz","description":"","publisher":{"@id":"https:\/\/lospoliticosveracruz.com\/#organization"},"potentialAction":[{"@type":"SearchAction","target":{"@type":"EntryPoint","urlTemplate":"https:\/\/lospoliticosveracruz.com\/?s={search_term_string}"},"query-input":{"@type":"PropertyValueSpecification","valueRequired":true,"valueName":"search_term_string"}}],"inLanguage":"es"},{"@type":"Organization","@id":"https:\/\/lospoliticosveracruz.com\/#organization","name":"Los pol\u00edticos Veracruz","url":"https:\/\/lospoliticosveracruz.com\/","logo":{"@type":"ImageObject","inLanguage":"es","@id":"https:\/\/lospoliticosveracruz.com\/#\/schema\/logo\/image\/","url":"https:\/\/lospoliticosveracruz.com\/wp-content\/uploads\/2025\/12\/Logo-Nuevo-LOS-POLITICOS-1.jpg","contentUrl":"https:\/\/lospoliticosveracruz.com\/wp-content\/uploads\/2025\/12\/Logo-Nuevo-LOS-POLITICOS-1.jpg","width":260,"height":70,"caption":"Los pol\u00edticos Veracruz"},"image":{"@id":"https:\/\/lospoliticosveracruz.com\/#\/schema\/logo\/image\/"},"sameAs":["https:\/\/www.facebook.com\/people\/Notimemes-de-los-Polticos\/61565672886568\/","https:\/\/x.com\/LosPoliticosVer"]},{"@type":"Person","@id":"https:\/\/lospoliticosveracruz.com\/#\/schema\/person\/b8702bb0e538456e6efd07080bf2a4a2","name":"Lo viste en Los Pol\u00edticos","image":{"@type":"ImageObject","inLanguage":"es","@id":"https:\/\/secure.gravatar.com\/avatar\/3a8de04a2656d44082be478bd6c086daa447c4651605818287b9532d3d0bd435?s=96&d=mm&r=g","url":"https:\/\/secure.gravatar.com\/avatar\/3a8de04a2656d44082be478bd6c086daa447c4651605818287b9532d3d0bd435?s=96&d=mm&r=g","contentUrl":"https:\/\/secure.gravatar.com\/avatar\/3a8de04a2656d44082be478bd6c086daa447c4651605818287b9532d3d0bd435?s=96&d=mm&r=g","caption":"Lo viste en Los Pol\u00edticos"},"url":"https:\/\/lospoliticosveracruz.com\/?author=2"}]}},"_links":{"self":[{"href":"https:\/\/lospoliticosveracruz.com\/index.php?rest_route=\/wp\/v2\/posts\/48650","targetHints":{"allow":["GET"]}}],"collection":[{"href":"https:\/\/lospoliticosveracruz.com\/index.php?rest_route=\/wp\/v2\/posts"}],"about":[{"href":"https:\/\/lospoliticosveracruz.com\/index.php?rest_route=\/wp\/v2\/types\/post"}],"author":[{"embeddable":true,"href":"https:\/\/lospoliticosveracruz.com\/index.php?rest_route=\/wp\/v2\/users\/2"}],"replies":[{"embeddable":true,"href":"https:\/\/lospoliticosveracruz.com\/index.php?rest_route=%2Fwp%2Fv2%2Fcomments&post=48650"}],"version-history":[{"count":1,"href":"https:\/\/lospoliticosveracruz.com\/index.php?rest_route=\/wp\/v2\/posts\/48650\/revisions"}],"predecessor-version":[{"id":48652,"href":"https:\/\/lospoliticosveracruz.com\/index.php?rest_route=\/wp\/v2\/posts\/48650\/revisions\/48652"}],"wp:featuredmedia":[{"embeddable":true,"href":"https:\/\/lospoliticosveracruz.com\/index.php?rest_route=\/wp\/v2\/media\/48651"}],"wp:attachment":[{"href":"https:\/\/lospoliticosveracruz.com\/index.php?rest_route=%2Fwp%2Fv2%2Fmedia&parent=48650"}],"wp:term":[{"taxonomy":"category","embeddable":true,"href":"https:\/\/lospoliticosveracruz.com\/index.php?rest_route=%2Fwp%2Fv2%2Fcategories&post=48650"},{"taxonomy":"post_tag","embeddable":true,"href":"https:\/\/lospoliticosveracruz.com\/index.php?rest_route=%2Fwp%2Fv2%2Ftags&post=48650"}],"curies":[{"name":"wp","href":"https:\/\/api.w.org\/{rel}","templated":true}]}}