{"id":48663,"date":"2019-06-30T22:55:25","date_gmt":"2019-07-01T03:55:25","guid":{"rendered":"http:\/\/www.lospoliticosveracruz.com.mx\/?p=48663"},"modified":"2019-07-01T08:12:55","modified_gmt":"2019-07-01T13:12:55","slug":"la-guardia-nacional-y-el-compayito","status":"publish","type":"post","link":"https:\/\/lospoliticosveracruz.com\/?p=48663","title":{"rendered":"La Guardia Nacional y el Compayito"},"content":{"rendered":"<p><strong>Salvador Mu\u00f1oz<\/strong><\/p>\n<p><em>Los Pol\u00edticos<\/em><\/p>\n<p><span style=\"font-weight: 400;\">Cuando me dijo que iba a presentar un exhorto para que se evitara el acceso por la frontera sur del pa\u00eds de \u201cganado ilegal\u201d, le solt\u00e9 la pregunta, en tono de broma, con algo de escepticismo: \u201c\u00bfVas a pedir que la Guardia Nacional lo haga?\u201d. Su respuesta fue un \u201c\u00a1S\u00ed!\u201d&#8230; creo que vio la sorpresa en mi cara y me explic\u00f3 la importancia de la ganader\u00eda en la econom\u00eda de nuestro pa\u00eds y el hecho de que no tengamos bloqueos sanitarios por los protocolos que se tienen al respecto para la exportaci\u00f3n a Estados Unidos de semovientes; y me platic\u00f3 los otros escenarios: que un animal proveniente de otro pa\u00eds de manera ilegal, no cumpliera con las medidas sanitarias y propagara alguna enfermedad en el pa\u00eds o ya estando en el extranjero, eso nos cerrar\u00eda las puertas y acabar\u00eda con la ganader\u00eda en M\u00e9xico&#8230; en pocas palabras, me hablaba de un asunto de Seguridad Nacional\u2026<\/span><\/p>\n<p><span style=\"font-weight: 400;\">Juan Carlos Molina Palacios ya no pas\u00f3 a Tribuna\u2026 fallas en el sistema el\u00e9ctrico en el Congreso local hicieron que se suspendiera la Sesi\u00f3n, y el anteproyecto de acuerdo que pretend\u00eda subir el diputado independiente, ya no se dio\u2026 todo esto fue el jueves 20 de junio.<\/span><\/p>\n<p><span style=\"font-weight: 400;\">No recuerdo si fue esa tarde o el viernes, pero intercambiando \u201cwhatsapps\u201d, me comentaba Molina Palacios que iba a ir al Congreso de la Uni\u00f3n\u2026 su idea, exponer el problema de este tr\u00e1fico ilegal de ganado centroamericano, que una vez pisando tierra azteca, por arte de magia aparec\u00edan aretes, permisos, papeles y luz verde para que en un dos por tres, fueran convertidos en animales mexicas para transitar por el pa\u00eds sin que nadie les ponga \u201cperos\u201d.<\/span><\/p>\n<p><span style=\"font-weight: 400;\">El martes 25 de junio, representando a ganaderos no s\u00f3lo de Veracruz, sino de la regi\u00f3n sureste del pa\u00eds, el diputado Juan Carlos Molina habl\u00f3 ante la Comisi\u00f3n de Ganader\u00eda del Congreso de la Uni\u00f3n del problema que desde el 2017 o si no es que antes, se viene dando, as\u00ed como las potenciales consecuencias al sector pecuario, si no se atend\u00eda\u2026<\/span><\/p>\n<p><span style=\"font-weight: 400;\">Mientras tanto, para esos momentos, estados como Tabasco y Campeche retomaban en sus Congresos el exhorto del diputado Molina Palacios.<\/span><\/p>\n<p><span style=\"font-weight: 400;\">El mi\u00e9rcoles 26 de junio, el senador Jorge Carlos Ram\u00edrez Mar\u00edn sub\u00eda a Tribuna \u00a1retomando el tema del diputado y haciendo eco a la demanda de los ganaderos del pa\u00eds! <\/span><span style=\"font-weight: 400;\">Urg\u00eda la detenci\u00f3n del flujo de ganado ilegal que proviene de Centroam\u00e9rica, que entra al pa\u00eds por Chiapas y Tabasco, sin permisos y sin requisitos sanitarios pues \u201cse pone en riesgo la salud animal de enfermedades que han sido erradicadas en nuestro pa\u00eds; y aumenta el riesgo de perder los estatus sanitarios para la exportaci\u00f3n a diferentes pa\u00edses. Adem\u00e1s se pone en riesgo la\u00a0 salud de los mexicanos, y la econom\u00eda de miles de familias que viven de esta actividad&#8230; es este un asunto de inter\u00e9s nacional, por lo que se solicita que la Guardia Nacional evite la entrada de ganado de Centroam\u00e9rica\u201d.<\/span><\/p>\n<p><span style=\"font-weight: 400;\">En la pasada sesi\u00f3n del Congreso local, Juan Carlos Molina dio cuenta de lo que hab\u00eda hecho, cuando una semana antes, no pudo pasar a Tribuna \u201cpor falta de luz\u201d en el Palacio de Encanto y pidi\u00f3 a los diputados de todas las bancadas a que se unieran a ese exhorto por el bien de M\u00e9xico: PAN, Morena, PRI-Ver, Lado Correcto de la Historia as\u00ed como PRD-Movimiento Ciudadano, se unieron a la demanda del diputado\u2026<\/span><\/p>\n<p><span style=\"font-weight: 400;\">El viernes 28, David Monreal Avila, coordinador nacional de Ganader\u00eda de la Sader (Antes Sagarpa), a trav\u00e9s de su cuenta de Facebook, anunciaba que l<\/span><span style=\"font-weight: 400;\">a <\/span><span style=\"font-weight: 400;\">Guardia Nacional \u201c<\/span><span style=\"font-weight: 400;\">vigilar\u00e1 la frontera sur para evitar la entrada ilegal de ganado centroamericano. De este modo tendremos mayor control sanitario y una competencia equitativa en el mercado interno\u201d.<\/span><\/p>\n<p><span style=\"font-weight: 400;\">Pueden decir lo que quieran de Molina Palacios, pero el tes\u00f3n que le puso a una demanda del sector ganadero nacional, no s\u00f3lo veracruzano, lo llev\u00f3 a las m\u00e1s altas esferas de la pol\u00edtica, no s\u00f3lo en el Altiplano, sino en la regi\u00f3n sureste y parte del norte del pa\u00eds, y si me apuran, hasta allende el Suchiate, donde llam\u00f3 la atenci\u00f3n de otros pa\u00edses fronterizos, porque si el tr\u00e1fico ilegal de ganado es un problema para M\u00e9xico, igual lo es para los vecinos.<\/span><\/p>\n<p><span style=\"font-weight: 400;\">\u00a1Ojo! pol\u00edticamente, el resultado que obtuvo el diputado independiente opaca \u201cel trabajo\u201d de muchos otros, y ser\u00e1 inevitable los ataques que traten de que este logro de corte nacional que hace un legislador local, no se vea, no se sienta, no se crea\u2026 aunque sea cierto: La Guardia Nacional s\u00ed vigilar\u00e1 que no pase ganado ilegal a M\u00e9xico por ser un tema con car\u00e1cter de Seguridad Nacional, aunque suene redundante.<\/span><\/p>\n<p>&nbsp;<\/p>\n<p><span style=\"font-weight: 400;\">smcainito@gmail.com<\/span><\/p>\n<p>&nbsp;<\/p>\n","protected":false},"excerpt":{"rendered":"<p>Salvador Mu\u00f1oz Los Pol\u00edticos Cuando me dijo que iba a presentar un exhorto para que se evitara el acceso por la frontera sur del pa\u00eds de \u201cganado ilegal\u201d, le solt\u00e9 la pregunta, en tono de broma, con algo de escepticismo: \u201c\u00bfVas a pedir que la Guardia Nacional lo haga?\u201d. Su respuesta fue un \u201c\u00a1S\u00ed!\u201d&#8230; creo [&hellip;]<\/p>\n","protected":false},"author":2,"featured_media":48664,"comment_status":"open","ping_status":"open","sticky":false,"template":"","format":"standard","meta":{"tdm_status":"","tdm_grid_status":"","footnotes":""},"categories":[70],"tags":[2230,14869,1712,819,14163,14868,13512,1501,3256,395,14162,5500,14835,2231],"class_list":{"0":"post-48663","1":"post","2":"type-post","3":"status-publish","4":"format-standard","5":"has-post-thumbnail","7":"category-de-opinion","8":"tag-campeche","9":"tag-comision-de-ganaderia","10":"tag-congreso-de-la-union","11":"tag-congreso-local","12":"tag-david-monreal-avila","13":"tag-ganado","14":"tag-guardia-nacional","15":"tag-jorge-carlos-ramirez-marin","16":"tag-juan-carlos-molina-palacios","17":"tag-mexico","18":"tag-sader","19":"tag-sagarpa","20":"tag-seguridad-nacional","21":"tag-tabasco"},"yoast_head":"<!-- This site is optimized with the Yoast SEO plugin v27.4 - https:\/\/yoast.com\/product\/yoast-seo-wordpress\/ -->\n<title>La Guardia Nacional y el Compayito - Los pol\u00edticos Veracruz<\/title>\n<meta name=\"robots\" content=\"index, follow, max-snippet:-1, max-image-preview:large, max-video-preview:-1\" \/>\n<link rel=\"canonical\" href=\"https:\/\/lospoliticosveracruz.com\/?p=48663\" \/>\n<meta property=\"og:locale\" content=\"es_ES\" \/>\n<meta property=\"og:type\" content=\"article\" \/>\n<meta property=\"og:title\" content=\"La Guardia Nacional y el Compayito - Los pol\u00edticos Veracruz\" \/>\n<meta property=\"og:description\" content=\"Salvador Mu\u00f1oz Los Pol\u00edticos Cuando me dijo que iba a presentar un exhorto para que se evitara el acceso por la frontera sur del pa\u00eds de \u201cganado ilegal\u201d, le solt\u00e9 la pregunta, en tono de broma, con algo de escepticismo: \u201c\u00bfVas a pedir que la Guardia Nacional lo haga?\u201d. Su respuesta fue un \u201c\u00a1S\u00ed!\u201d&#8230; creo [&hellip;]\" \/>\n<meta property=\"og:url\" content=\"https:\/\/lospoliticosveracruz.com\/?p=48663\" \/>\n<meta property=\"og:site_name\" content=\"Los pol\u00edticos Veracruz\" \/>\n<meta property=\"article:publisher\" content=\"https:\/\/www.facebook.com\/people\/Notimemes-de-los-Polticos\/61565672886568\/\" \/>\n<meta property=\"article:published_time\" content=\"2019-07-01T03:55:25+00:00\" \/>\n<meta property=\"article:modified_time\" content=\"2019-07-01T13:12:55+00:00\" \/>\n<meta property=\"og:image\" content=\"https:\/\/lospoliticosveracruz.com\/wp-content\/uploads\/2019\/06\/JCMP-Guardia.jpg\" \/>\n\t<meta property=\"og:image:width\" content=\"600\" \/>\n\t<meta property=\"og:image:height\" content=\"337\" \/>\n\t<meta property=\"og:image:type\" content=\"image\/jpeg\" \/>\n<meta name=\"author\" content=\"Lo viste en Los Pol\u00edticos\" \/>\n<meta name=\"twitter:card\" content=\"summary_large_image\" \/>\n<meta name=\"twitter:creator\" content=\"@LosPoliticosVer\" \/>\n<meta name=\"twitter:site\" content=\"@LosPoliticosVer\" \/>\n<meta name=\"twitter:label1\" content=\"Escrito por\" \/>\n\t<meta name=\"twitter:data1\" content=\"Lo viste en Los Pol\u00edticos\" \/>\n\t<meta name=\"twitter:label2\" content=\"Tiempo de lectura\" \/>\n\t<meta name=\"twitter:data2\" content=\"4 minutos\" \/>\n<script type=\"application\/ld+json\" class=\"yoast-schema-graph\">{\"@context\":\"https:\\\/\\\/schema.org\",\"@graph\":[{\"@type\":\"Article\",\"@id\":\"https:\\\/\\\/lospoliticosveracruz.com\\\/?p=48663#article\",\"isPartOf\":{\"@id\":\"https:\\\/\\\/lospoliticosveracruz.com\\\/?p=48663\"},\"author\":{\"name\":\"Lo viste en Los Pol\u00edticos\",\"@id\":\"https:\\\/\\\/lospoliticosveracruz.com\\\/#\\\/schema\\\/person\\\/b8702bb0e538456e6efd07080bf2a4a2\"},\"headline\":\"La Guardia Nacional y el Compayito\",\"datePublished\":\"2019-07-01T03:55:25+00:00\",\"dateModified\":\"2019-07-01T13:12:55+00:00\",\"mainEntityOfPage\":{\"@id\":\"https:\\\/\\\/lospoliticosveracruz.com\\\/?p=48663\"},\"wordCount\":850,\"commentCount\":0,\"publisher\":{\"@id\":\"https:\\\/\\\/lospoliticosveracruz.com\\\/#organization\"},\"image\":{\"@id\":\"https:\\\/\\\/lospoliticosveracruz.com\\\/?p=48663#primaryimage\"},\"thumbnailUrl\":\"https:\\\/\\\/lospoliticosveracruz.com\\\/wp-content\\\/uploads\\\/2019\\\/06\\\/JCMP-Guardia.jpg\",\"keywords\":[\"Campeche\",\"Comisi\u00f3n de Ganader\u00eda\",\"Congreso de la Uni\u00f3n\",\"Congreso local\",\"David Monreal \u00c1vila\",\"ganado\",\"Guardia Nacional\",\"Jorge Carlos Ram\u00edrez Mar\u00edn\",\"Juan Carlos Molina Palacios\",\"M\u00e9xico\",\"Sader\",\"Sagarpa\",\"Seguridad Nacional\",\"Tabasco\"],\"articleSection\":[\"De Opini\u00f3n\"],\"inLanguage\":\"es\",\"potentialAction\":[{\"@type\":\"CommentAction\",\"name\":\"Comment\",\"target\":[\"https:\\\/\\\/lospoliticosveracruz.com\\\/?p=48663#respond\"]}]},{\"@type\":\"WebPage\",\"@id\":\"https:\\\/\\\/lospoliticosveracruz.com\\\/?p=48663\",\"url\":\"https:\\\/\\\/lospoliticosveracruz.com\\\/?p=48663\",\"name\":\"La Guardia Nacional y el Compayito - Los pol\u00edticos Veracruz\",\"isPartOf\":{\"@id\":\"https:\\\/\\\/lospoliticosveracruz.com\\\/#website\"},\"primaryImageOfPage\":{\"@id\":\"https:\\\/\\\/lospoliticosveracruz.com\\\/?p=48663#primaryimage\"},\"image\":{\"@id\":\"https:\\\/\\\/lospoliticosveracruz.com\\\/?p=48663#primaryimage\"},\"thumbnailUrl\":\"https:\\\/\\\/lospoliticosveracruz.com\\\/wp-content\\\/uploads\\\/2019\\\/06\\\/JCMP-Guardia.jpg\",\"datePublished\":\"2019-07-01T03:55:25+00:00\",\"dateModified\":\"2019-07-01T13:12:55+00:00\",\"breadcrumb\":{\"@id\":\"https:\\\/\\\/lospoliticosveracruz.com\\\/?p=48663#breadcrumb\"},\"inLanguage\":\"es\",\"potentialAction\":[{\"@type\":\"ReadAction\",\"target\":[\"https:\\\/\\\/lospoliticosveracruz.com\\\/?p=48663\"]}]},{\"@type\":\"ImageObject\",\"inLanguage\":\"es\",\"@id\":\"https:\\\/\\\/lospoliticosveracruz.com\\\/?p=48663#primaryimage\",\"url\":\"https:\\\/\\\/lospoliticosveracruz.com\\\/wp-content\\\/uploads\\\/2019\\\/06\\\/JCMP-Guardia.jpg\",\"contentUrl\":\"https:\\\/\\\/lospoliticosveracruz.com\\\/wp-content\\\/uploads\\\/2019\\\/06\\\/JCMP-Guardia.jpg\",\"width\":600,\"height\":337},{\"@type\":\"BreadcrumbList\",\"@id\":\"https:\\\/\\\/lospoliticosveracruz.com\\\/?p=48663#breadcrumb\",\"itemListElement\":[{\"@type\":\"ListItem\",\"position\":1,\"name\":\"Portada\",\"item\":\"https:\\\/\\\/lospoliticosveracruz.com\\\/\"},{\"@type\":\"ListItem\",\"position\":2,\"name\":\"La Guardia Nacional y el Compayito\"}]},{\"@type\":\"WebSite\",\"@id\":\"https:\\\/\\\/lospoliticosveracruz.com\\\/#website\",\"url\":\"https:\\\/\\\/lospoliticosveracruz.com\\\/\",\"name\":\"Los pol\u00edticos Veracruz\",\"description\":\"\",\"publisher\":{\"@id\":\"https:\\\/\\\/lospoliticosveracruz.com\\\/#organization\"},\"potentialAction\":[{\"@type\":\"SearchAction\",\"target\":{\"@type\":\"EntryPoint\",\"urlTemplate\":\"https:\\\/\\\/lospoliticosveracruz.com\\\/?s={search_term_string}\"},\"query-input\":{\"@type\":\"PropertyValueSpecification\",\"valueRequired\":true,\"valueName\":\"search_term_string\"}}],\"inLanguage\":\"es\"},{\"@type\":\"Organization\",\"@id\":\"https:\\\/\\\/lospoliticosveracruz.com\\\/#organization\",\"name\":\"Los pol\u00edticos Veracruz\",\"url\":\"https:\\\/\\\/lospoliticosveracruz.com\\\/\",\"logo\":{\"@type\":\"ImageObject\",\"inLanguage\":\"es\",\"@id\":\"https:\\\/\\\/lospoliticosveracruz.com\\\/#\\\/schema\\\/logo\\\/image\\\/\",\"url\":\"https:\\\/\\\/lospoliticosveracruz.com\\\/wp-content\\\/uploads\\\/2025\\\/12\\\/Logo-Nuevo-LOS-POLITICOS-1.jpg\",\"contentUrl\":\"https:\\\/\\\/lospoliticosveracruz.com\\\/wp-content\\\/uploads\\\/2025\\\/12\\\/Logo-Nuevo-LOS-POLITICOS-1.jpg\",\"width\":260,\"height\":70,\"caption\":\"Los pol\u00edticos Veracruz\"},\"image\":{\"@id\":\"https:\\\/\\\/lospoliticosveracruz.com\\\/#\\\/schema\\\/logo\\\/image\\\/\"},\"sameAs\":[\"https:\\\/\\\/www.facebook.com\\\/people\\\/Notimemes-de-los-Polticos\\\/61565672886568\\\/\",\"https:\\\/\\\/x.com\\\/LosPoliticosVer\"]},{\"@type\":\"Person\",\"@id\":\"https:\\\/\\\/lospoliticosveracruz.com\\\/#\\\/schema\\\/person\\\/b8702bb0e538456e6efd07080bf2a4a2\",\"name\":\"Lo viste en Los Pol\u00edticos\",\"image\":{\"@type\":\"ImageObject\",\"inLanguage\":\"es\",\"@id\":\"https:\\\/\\\/secure.gravatar.com\\\/avatar\\\/3a8de04a2656d44082be478bd6c086daa447c4651605818287b9532d3d0bd435?s=96&d=mm&r=g\",\"url\":\"https:\\\/\\\/secure.gravatar.com\\\/avatar\\\/3a8de04a2656d44082be478bd6c086daa447c4651605818287b9532d3d0bd435?s=96&d=mm&r=g\",\"contentUrl\":\"https:\\\/\\\/secure.gravatar.com\\\/avatar\\\/3a8de04a2656d44082be478bd6c086daa447c4651605818287b9532d3d0bd435?s=96&d=mm&r=g\",\"caption\":\"Lo viste en Los Pol\u00edticos\"},\"url\":\"https:\\\/\\\/lospoliticosveracruz.com\\\/?author=2\"}]}<\/script>\n<!-- \/ Yoast SEO plugin. -->","yoast_head_json":{"title":"La Guardia Nacional y el Compayito - Los pol\u00edticos Veracruz","robots":{"index":"index","follow":"follow","max-snippet":"max-snippet:-1","max-image-preview":"max-image-preview:large","max-video-preview":"max-video-preview:-1"},"canonical":"https:\/\/lospoliticosveracruz.com\/?p=48663","og_locale":"es_ES","og_type":"article","og_title":"La Guardia Nacional y el Compayito - Los pol\u00edticos Veracruz","og_description":"Salvador Mu\u00f1oz Los Pol\u00edticos Cuando me dijo que iba a presentar un exhorto para que se evitara el acceso por la frontera sur del pa\u00eds de \u201cganado ilegal\u201d, le solt\u00e9 la pregunta, en tono de broma, con algo de escepticismo: \u201c\u00bfVas a pedir que la Guardia Nacional lo haga?\u201d. Su respuesta fue un \u201c\u00a1S\u00ed!\u201d&#8230; creo [&hellip;]","og_url":"https:\/\/lospoliticosveracruz.com\/?p=48663","og_site_name":"Los pol\u00edticos Veracruz","article_publisher":"https:\/\/www.facebook.com\/people\/Notimemes-de-los-Polticos\/61565672886568\/","article_published_time":"2019-07-01T03:55:25+00:00","article_modified_time":"2019-07-01T13:12:55+00:00","og_image":[{"width":600,"height":337,"url":"https:\/\/lospoliticosveracruz.com\/wp-content\/uploads\/2019\/06\/JCMP-Guardia.jpg","type":"image\/jpeg"}],"author":"Lo viste en Los Pol\u00edticos","twitter_card":"summary_large_image","twitter_creator":"@LosPoliticosVer","twitter_site":"@LosPoliticosVer","twitter_misc":{"Escrito por":"Lo viste en Los Pol\u00edticos","Tiempo de lectura":"4 minutos"},"schema":{"@context":"https:\/\/schema.org","@graph":[{"@type":"Article","@id":"https:\/\/lospoliticosveracruz.com\/?p=48663#article","isPartOf":{"@id":"https:\/\/lospoliticosveracruz.com\/?p=48663"},"author":{"name":"Lo viste en Los Pol\u00edticos","@id":"https:\/\/lospoliticosveracruz.com\/#\/schema\/person\/b8702bb0e538456e6efd07080bf2a4a2"},"headline":"La Guardia Nacional y el Compayito","datePublished":"2019-07-01T03:55:25+00:00","dateModified":"2019-07-01T13:12:55+00:00","mainEntityOfPage":{"@id":"https:\/\/lospoliticosveracruz.com\/?p=48663"},"wordCount":850,"commentCount":0,"publisher":{"@id":"https:\/\/lospoliticosveracruz.com\/#organization"},"image":{"@id":"https:\/\/lospoliticosveracruz.com\/?p=48663#primaryimage"},"thumbnailUrl":"https:\/\/lospoliticosveracruz.com\/wp-content\/uploads\/2019\/06\/JCMP-Guardia.jpg","keywords":["Campeche","Comisi\u00f3n de Ganader\u00eda","Congreso de la Uni\u00f3n","Congreso local","David Monreal \u00c1vila","ganado","Guardia Nacional","Jorge Carlos Ram\u00edrez Mar\u00edn","Juan Carlos Molina Palacios","M\u00e9xico","Sader","Sagarpa","Seguridad Nacional","Tabasco"],"articleSection":["De Opini\u00f3n"],"inLanguage":"es","potentialAction":[{"@type":"CommentAction","name":"Comment","target":["https:\/\/lospoliticosveracruz.com\/?p=48663#respond"]}]},{"@type":"WebPage","@id":"https:\/\/lospoliticosveracruz.com\/?p=48663","url":"https:\/\/lospoliticosveracruz.com\/?p=48663","name":"La Guardia Nacional y el Compayito - Los pol\u00edticos Veracruz","isPartOf":{"@id":"https:\/\/lospoliticosveracruz.com\/#website"},"primaryImageOfPage":{"@id":"https:\/\/lospoliticosveracruz.com\/?p=48663#primaryimage"},"image":{"@id":"https:\/\/lospoliticosveracruz.com\/?p=48663#primaryimage"},"thumbnailUrl":"https:\/\/lospoliticosveracruz.com\/wp-content\/uploads\/2019\/06\/JCMP-Guardia.jpg","datePublished":"2019-07-01T03:55:25+00:00","dateModified":"2019-07-01T13:12:55+00:00","breadcrumb":{"@id":"https:\/\/lospoliticosveracruz.com\/?p=48663#breadcrumb"},"inLanguage":"es","potentialAction":[{"@type":"ReadAction","target":["https:\/\/lospoliticosveracruz.com\/?p=48663"]}]},{"@type":"ImageObject","inLanguage":"es","@id":"https:\/\/lospoliticosveracruz.com\/?p=48663#primaryimage","url":"https:\/\/lospoliticosveracruz.com\/wp-content\/uploads\/2019\/06\/JCMP-Guardia.jpg","contentUrl":"https:\/\/lospoliticosveracruz.com\/wp-content\/uploads\/2019\/06\/JCMP-Guardia.jpg","width":600,"height":337},{"@type":"BreadcrumbList","@id":"https:\/\/lospoliticosveracruz.com\/?p=48663#breadcrumb","itemListElement":[{"@type":"ListItem","position":1,"name":"Portada","item":"https:\/\/lospoliticosveracruz.com\/"},{"@type":"ListItem","position":2,"name":"La Guardia Nacional y el Compayito"}]},{"@type":"WebSite","@id":"https:\/\/lospoliticosveracruz.com\/#website","url":"https:\/\/lospoliticosveracruz.com\/","name":"Los pol\u00edticos Veracruz","description":"","publisher":{"@id":"https:\/\/lospoliticosveracruz.com\/#organization"},"potentialAction":[{"@type":"SearchAction","target":{"@type":"EntryPoint","urlTemplate":"https:\/\/lospoliticosveracruz.com\/?s={search_term_string}"},"query-input":{"@type":"PropertyValueSpecification","valueRequired":true,"valueName":"search_term_string"}}],"inLanguage":"es"},{"@type":"Organization","@id":"https:\/\/lospoliticosveracruz.com\/#organization","name":"Los pol\u00edticos Veracruz","url":"https:\/\/lospoliticosveracruz.com\/","logo":{"@type":"ImageObject","inLanguage":"es","@id":"https:\/\/lospoliticosveracruz.com\/#\/schema\/logo\/image\/","url":"https:\/\/lospoliticosveracruz.com\/wp-content\/uploads\/2025\/12\/Logo-Nuevo-LOS-POLITICOS-1.jpg","contentUrl":"https:\/\/lospoliticosveracruz.com\/wp-content\/uploads\/2025\/12\/Logo-Nuevo-LOS-POLITICOS-1.jpg","width":260,"height":70,"caption":"Los pol\u00edticos Veracruz"},"image":{"@id":"https:\/\/lospoliticosveracruz.com\/#\/schema\/logo\/image\/"},"sameAs":["https:\/\/www.facebook.com\/people\/Notimemes-de-los-Polticos\/61565672886568\/","https:\/\/x.com\/LosPoliticosVer"]},{"@type":"Person","@id":"https:\/\/lospoliticosveracruz.com\/#\/schema\/person\/b8702bb0e538456e6efd07080bf2a4a2","name":"Lo viste en Los Pol\u00edticos","image":{"@type":"ImageObject","inLanguage":"es","@id":"https:\/\/secure.gravatar.com\/avatar\/3a8de04a2656d44082be478bd6c086daa447c4651605818287b9532d3d0bd435?s=96&d=mm&r=g","url":"https:\/\/secure.gravatar.com\/avatar\/3a8de04a2656d44082be478bd6c086daa447c4651605818287b9532d3d0bd435?s=96&d=mm&r=g","contentUrl":"https:\/\/secure.gravatar.com\/avatar\/3a8de04a2656d44082be478bd6c086daa447c4651605818287b9532d3d0bd435?s=96&d=mm&r=g","caption":"Lo viste en Los Pol\u00edticos"},"url":"https:\/\/lospoliticosveracruz.com\/?author=2"}]}},"_links":{"self":[{"href":"https:\/\/lospoliticosveracruz.com\/index.php?rest_route=\/wp\/v2\/posts\/48663","targetHints":{"allow":["GET"]}}],"collection":[{"href":"https:\/\/lospoliticosveracruz.com\/index.php?rest_route=\/wp\/v2\/posts"}],"about":[{"href":"https:\/\/lospoliticosveracruz.com\/index.php?rest_route=\/wp\/v2\/types\/post"}],"author":[{"embeddable":true,"href":"https:\/\/lospoliticosveracruz.com\/index.php?rest_route=\/wp\/v2\/users\/2"}],"replies":[{"embeddable":true,"href":"https:\/\/lospoliticosveracruz.com\/index.php?rest_route=%2Fwp%2Fv2%2Fcomments&post=48663"}],"version-history":[{"count":1,"href":"https:\/\/lospoliticosveracruz.com\/index.php?rest_route=\/wp\/v2\/posts\/48663\/revisions"}],"predecessor-version":[{"id":48665,"href":"https:\/\/lospoliticosveracruz.com\/index.php?rest_route=\/wp\/v2\/posts\/48663\/revisions\/48665"}],"wp:featuredmedia":[{"embeddable":true,"href":"https:\/\/lospoliticosveracruz.com\/index.php?rest_route=\/wp\/v2\/media\/48664"}],"wp:attachment":[{"href":"https:\/\/lospoliticosveracruz.com\/index.php?rest_route=%2Fwp%2Fv2%2Fmedia&parent=48663"}],"wp:term":[{"taxonomy":"category","embeddable":true,"href":"https:\/\/lospoliticosveracruz.com\/index.php?rest_route=%2Fwp%2Fv2%2Fcategories&post=48663"},{"taxonomy":"post_tag","embeddable":true,"href":"https:\/\/lospoliticosveracruz.com\/index.php?rest_route=%2Fwp%2Fv2%2Ftags&post=48663"}],"curies":[{"name":"wp","href":"https:\/\/api.w.org\/{rel}","templated":true}]}}