{"id":48811,"date":"2019-07-11T22:55:59","date_gmt":"2019-07-12T03:55:59","guid":{"rendered":"http:\/\/www.lospoliticosveracruz.com.mx\/?p=48811"},"modified":"2019-07-11T20:04:25","modified_gmt":"2019-07-12T01:04:25","slug":"las-invasiones-al-palacio-de-gobierno","status":"publish","type":"post","link":"https:\/\/lospoliticosveracruz.com\/?p=48811","title":{"rendered":"Las invasiones al Palacio de Gobierno"},"content":{"rendered":"<p><strong>Salvador Mu\u00f1oz<\/strong><\/p>\n<p><em>Los Pol\u00edticos<\/em><\/p>\n<p><span style=\"font-weight: 400;\">No recuerdo que en la d\u00e9cada final del siglo pasado, el Palacio de Gobierno de Veracruz fuera invadido o tomado\u2026 quiz\u00e1s sus pasillos externos as\u00ed como la calle de Enr\u00edquez y hasta la Plaza Lerdo\u2026 pero el inmueble, el coraz\u00f3n del Poder Ejecutivo, no\u2026 es hasta el Gobierno de Javier Duarte-Flavino R\u00edos, que alcaldes del PAN y PRD toman las instalaciones\u2026 han de recordar a Ricardo Anaya pernoctando con los ediles y seguidores en alguna ocasi\u00f3n\u2026 en la administraci\u00f3n de Miguel \u00c1ngel Yunes Linares no se lleg\u00f3 a tales extremos, pero fue de cierto modo simb\u00f3lico que la agrupaci\u00f3n de Empresarios SOS hicieran una toma simb\u00f3lica de la antesala de la Oficina del Gobernador\u2026 hoy, el alcalde de Pajapan, agentes municipales y habitantes, igual \u201ctomaron\u201d la antesala del ejecutivo y pernoctaron en sus pasillos\u2026<\/span><\/p>\n<p><span style=\"font-weight: 400;\">Algo que siempre le reconoc\u00ed en su momento a Flavino R\u00edos Alvarado, gobernador interino, fue la prudencia con que siempre se manej\u00f3 en lo que fue la toma del Palacio de Gobierno\u2026<\/span><\/p>\n<p><span style=\"font-weight: 400;\">En el caso de Miguel \u00c1ngel Yunes Linares, v\u00eda Seguridad P\u00fablica, con mujeres polic\u00edas y personas no uniformadas, empujaron hasta el exterior de Palacio de Gobierno a los empresarios; narra Jes\u00fas Casta\u00f1eda que fueron amenazados y optaron ellos por la prudencia y se retiraron\u2026<\/span><\/p>\n<p><span style=\"font-weight: 400;\">En el caso de Pajapan, al parecer, se dio el cl\u00e1sico portazo, porque aunque hab\u00eda seguridad en la entrada, \u00e9sta fue rebasada por los municipales que se asentaron en los pasillos de lo que es la oficina del Ejecutivo&#8230;\u00a0<\/span><\/p>\n<p><span style=\"font-weight: 400;\">En sendos casos, hay un com\u00fan denominador\u2026 la ausencia de oficio pol\u00edtico\u2026<\/span><\/p>\n<p><span style=\"font-weight: 400;\">Conste, esta \u201causencia de oficio pol\u00edtico\u201d bien puede ser de un lado o del otro, dependiendo del cristal con que se mire, aunque la balanza se puede inclinar en contra del Gobierno estatal por ser la receptora de un reclamo edilicio o social\u2026<\/span><\/p>\n<p><span style=\"font-weight: 400;\">S\u00f3lo en el caso de la toma total del Palacio de Gobierno, cuando ediles del PAN y del PRD actuaron, no hubo intervenci\u00f3n de Seguridad P\u00fablica\u2026 en los otros dos, s\u00ed; en el caso de los empresarios, intervinieron uniformadas y otros; en el caso de Pajapan, al parecer y por lo expresado por autoridades municipales, los guardianes del orden s\u00f3lo hicieron acto de presencia m\u00e1s como en actitud de amedrentamiento, que de otra cosa\u2026<\/span><\/p>\n<p><span style=\"font-weight: 400;\">Lo cierto es que en cualquiera de estos tres casos, cada uno en su justa dimensi\u00f3n, nos puede dar una percepci\u00f3n de la figura que ha tomado en estos \u00faltimos a\u00f1os el Ejecutivo: Puede ser que ya no se respete o puede ser que ya no se le tenga miedo\u2026 o ambas. S\u00ed, quiz\u00e1s exagero y estoy dejando de lado el com\u00fan denominador en estos tres movimientos que es la demanda a algo que consideraron justo sus manifestantes, en la que el Gobierno no dio respuesta\u2026<\/span><\/p>\n<p><span style=\"font-weight: 400;\">\u00a1Bueno! \u00a1a fuerza de ser sinceros! el tiempo y la Suprema Corte de Justicia de la Naci\u00f3n le dio la raz\u00f3n a los ediles del PAN y PRD que reclamaron sus recursos que Javier Duarte les birl\u00f3\u2026<\/span><\/p>\n<p><span style=\"font-weight: 400;\">\u00a1Bueno! de cierto modo, parece que los empresarios de SOS a cuentagotas, van recibiendo lo que les adeuda el Gobierno estatal\u2026<\/span><\/p>\n<p><span style=\"font-weight: 400;\">\u00a1Bueno! Tal parece que las autoridades de Pajapan recibieron respuesta positiva a su demanda, siendo la construcci\u00f3n de un camino de 25 kil\u00f3metros\u2026<\/span><\/p>\n<p><span style=\"font-weight: 400;\">No recuerdo cu\u00e1ntos alcaldes participaron en la toma del Palacio de Gobierno, pero empezaron 18\u2026 pero es seguro que fueron menos los empresarios de SOS los que se apersonaron en la antesala del Gobernador\u2026 y a\u00fan menos los de Pajapan\u2026 el asunto es que su demanda era sentida, les calaba, y si bien afectaron en su momento el quehacer cotidiano que se vive en Palacio de Gobierno, jam\u00e1s trastocaron la cotidianidad del xalape\u00f1o\u2026 como si lo hacen Antorcha Campesina y los 400 Pueblos\u2026<\/span><\/p>\n<p>&nbsp;<\/p>\n<p><span style=\"font-weight: 400;\">smcainito@gmail.com<\/span><\/p>\n<p>&nbsp;<\/p>\n","protected":false},"excerpt":{"rendered":"<p>Salvador Mu\u00f1oz Los Pol\u00edticos No recuerdo que en la d\u00e9cada final del siglo pasado, el Palacio de Gobierno de Veracruz fuera invadido o tomado\u2026 quiz\u00e1s sus pasillos externos as\u00ed como la calle de Enr\u00edquez y hasta la Plaza Lerdo\u2026 pero el inmueble, el coraz\u00f3n del Poder Ejecutivo, no\u2026 es hasta el Gobierno de Javier Duarte-Flavino [&hellip;]<\/p>\n","protected":false},"author":2,"featured_media":48812,"comment_status":"open","ping_status":"open","sticky":false,"template":"","format":"standard","meta":{"tdm_status":"","tdm_grid_status":"","footnotes":""},"categories":[70],"tags":[3625,14972,1761,162,428,351,266,107,2850,177,195],"class_list":{"0":"post-48811","1":"post","2":"type-post","3":"status-publish","4":"format-standard","5":"has-post-thumbnail","7":"category-de-opinion","8":"tag-antorcha-campesina","9":"tag-empresarios-sos","10":"tag-flavino-rios","11":"tag-javier-duarte","12":"tag-miguel-angel-yunes-linares","13":"tag-palacio-de-gobierno","14":"tag-pan","15":"tag-prd","16":"tag-ricardo-anaya","17":"tag-seguridad-publica","18":"tag-veracruz"},"yoast_head":"<!-- This site is optimized with the Yoast SEO plugin v27.4 - https:\/\/yoast.com\/product\/yoast-seo-wordpress\/ -->\n<title>Las invasiones al Palacio de Gobierno - Los pol\u00edticos Veracruz<\/title>\n<meta name=\"robots\" content=\"index, follow, max-snippet:-1, max-image-preview:large, max-video-preview:-1\" \/>\n<link rel=\"canonical\" href=\"https:\/\/lospoliticosveracruz.com\/?p=48811\" \/>\n<meta property=\"og:locale\" content=\"es_ES\" \/>\n<meta property=\"og:type\" content=\"article\" \/>\n<meta property=\"og:title\" content=\"Las invasiones al Palacio de Gobierno - Los pol\u00edticos Veracruz\" \/>\n<meta property=\"og:description\" content=\"Salvador Mu\u00f1oz Los Pol\u00edticos No recuerdo que en la d\u00e9cada final del siglo pasado, el Palacio de Gobierno de Veracruz fuera invadido o tomado\u2026 quiz\u00e1s sus pasillos externos as\u00ed como la calle de Enr\u00edquez y hasta la Plaza Lerdo\u2026 pero el inmueble, el coraz\u00f3n del Poder Ejecutivo, no\u2026 es hasta el Gobierno de Javier Duarte-Flavino [&hellip;]\" \/>\n<meta property=\"og:url\" content=\"https:\/\/lospoliticosveracruz.com\/?p=48811\" \/>\n<meta property=\"og:site_name\" content=\"Los pol\u00edticos Veracruz\" \/>\n<meta property=\"article:publisher\" content=\"https:\/\/www.facebook.com\/people\/Notimemes-de-los-Polticos\/61565672886568\/\" \/>\n<meta property=\"article:published_time\" content=\"2019-07-12T03:55:59+00:00\" \/>\n<meta property=\"og:image\" content=\"https:\/\/lospoliticosveracruz.com\/wp-content\/uploads\/2019\/07\/Palacio.jpg\" \/>\n\t<meta property=\"og:image:width\" content=\"600\" \/>\n\t<meta property=\"og:image:height\" content=\"325\" \/>\n\t<meta property=\"og:image:type\" content=\"image\/jpeg\" \/>\n<meta name=\"author\" content=\"Lo viste en Los Pol\u00edticos\" \/>\n<meta name=\"twitter:card\" content=\"summary_large_image\" \/>\n<meta name=\"twitter:creator\" content=\"@LosPoliticosVer\" \/>\n<meta name=\"twitter:site\" content=\"@LosPoliticosVer\" \/>\n<meta name=\"twitter:label1\" content=\"Escrito por\" \/>\n\t<meta name=\"twitter:data1\" content=\"Lo viste en Los Pol\u00edticos\" \/>\n\t<meta name=\"twitter:label2\" content=\"Tiempo de lectura\" \/>\n\t<meta name=\"twitter:data2\" content=\"3 minutos\" \/>\n<script type=\"application\/ld+json\" class=\"yoast-schema-graph\">{\"@context\":\"https:\\\/\\\/schema.org\",\"@graph\":[{\"@type\":\"Article\",\"@id\":\"https:\\\/\\\/lospoliticosveracruz.com\\\/?p=48811#article\",\"isPartOf\":{\"@id\":\"https:\\\/\\\/lospoliticosveracruz.com\\\/?p=48811\"},\"author\":{\"name\":\"Lo viste en Los Pol\u00edticos\",\"@id\":\"https:\\\/\\\/lospoliticosveracruz.com\\\/#\\\/schema\\\/person\\\/b8702bb0e538456e6efd07080bf2a4a2\"},\"headline\":\"Las invasiones al Palacio de Gobierno\",\"datePublished\":\"2019-07-12T03:55:59+00:00\",\"mainEntityOfPage\":{\"@id\":\"https:\\\/\\\/lospoliticosveracruz.com\\\/?p=48811\"},\"wordCount\":681,\"commentCount\":0,\"publisher\":{\"@id\":\"https:\\\/\\\/lospoliticosveracruz.com\\\/#organization\"},\"image\":{\"@id\":\"https:\\\/\\\/lospoliticosveracruz.com\\\/?p=48811#primaryimage\"},\"thumbnailUrl\":\"https:\\\/\\\/lospoliticosveracruz.com\\\/wp-content\\\/uploads\\\/2019\\\/07\\\/Palacio.jpg\",\"keywords\":[\"Antorcha Campesina\",\"Empresarios SOS\",\"Flavino R\u00edos\",\"Javier Duarte\",\"Miguel Angel Yunes Linares\",\"Palacio de Gobierno\",\"PAN\",\"PRD\",\"Ricardo Anaya\",\"Seguridad P\u00fablica\",\"Veracruz\"],\"articleSection\":[\"De Opini\u00f3n\"],\"inLanguage\":\"es\",\"potentialAction\":[{\"@type\":\"CommentAction\",\"name\":\"Comment\",\"target\":[\"https:\\\/\\\/lospoliticosveracruz.com\\\/?p=48811#respond\"]}]},{\"@type\":\"WebPage\",\"@id\":\"https:\\\/\\\/lospoliticosveracruz.com\\\/?p=48811\",\"url\":\"https:\\\/\\\/lospoliticosveracruz.com\\\/?p=48811\",\"name\":\"Las invasiones al Palacio de Gobierno - Los pol\u00edticos Veracruz\",\"isPartOf\":{\"@id\":\"https:\\\/\\\/lospoliticosveracruz.com\\\/#website\"},\"primaryImageOfPage\":{\"@id\":\"https:\\\/\\\/lospoliticosveracruz.com\\\/?p=48811#primaryimage\"},\"image\":{\"@id\":\"https:\\\/\\\/lospoliticosveracruz.com\\\/?p=48811#primaryimage\"},\"thumbnailUrl\":\"https:\\\/\\\/lospoliticosveracruz.com\\\/wp-content\\\/uploads\\\/2019\\\/07\\\/Palacio.jpg\",\"datePublished\":\"2019-07-12T03:55:59+00:00\",\"breadcrumb\":{\"@id\":\"https:\\\/\\\/lospoliticosveracruz.com\\\/?p=48811#breadcrumb\"},\"inLanguage\":\"es\",\"potentialAction\":[{\"@type\":\"ReadAction\",\"target\":[\"https:\\\/\\\/lospoliticosveracruz.com\\\/?p=48811\"]}]},{\"@type\":\"ImageObject\",\"inLanguage\":\"es\",\"@id\":\"https:\\\/\\\/lospoliticosveracruz.com\\\/?p=48811#primaryimage\",\"url\":\"https:\\\/\\\/lospoliticosveracruz.com\\\/wp-content\\\/uploads\\\/2019\\\/07\\\/Palacio.jpg\",\"contentUrl\":\"https:\\\/\\\/lospoliticosveracruz.com\\\/wp-content\\\/uploads\\\/2019\\\/07\\\/Palacio.jpg\",\"width\":600,\"height\":325},{\"@type\":\"BreadcrumbList\",\"@id\":\"https:\\\/\\\/lospoliticosveracruz.com\\\/?p=48811#breadcrumb\",\"itemListElement\":[{\"@type\":\"ListItem\",\"position\":1,\"name\":\"Portada\",\"item\":\"https:\\\/\\\/lospoliticosveracruz.com\\\/\"},{\"@type\":\"ListItem\",\"position\":2,\"name\":\"Las invasiones al Palacio de Gobierno\"}]},{\"@type\":\"WebSite\",\"@id\":\"https:\\\/\\\/lospoliticosveracruz.com\\\/#website\",\"url\":\"https:\\\/\\\/lospoliticosveracruz.com\\\/\",\"name\":\"Los pol\u00edticos Veracruz\",\"description\":\"\",\"publisher\":{\"@id\":\"https:\\\/\\\/lospoliticosveracruz.com\\\/#organization\"},\"potentialAction\":[{\"@type\":\"SearchAction\",\"target\":{\"@type\":\"EntryPoint\",\"urlTemplate\":\"https:\\\/\\\/lospoliticosveracruz.com\\\/?s={search_term_string}\"},\"query-input\":{\"@type\":\"PropertyValueSpecification\",\"valueRequired\":true,\"valueName\":\"search_term_string\"}}],\"inLanguage\":\"es\"},{\"@type\":\"Organization\",\"@id\":\"https:\\\/\\\/lospoliticosveracruz.com\\\/#organization\",\"name\":\"Los pol\u00edticos Veracruz\",\"url\":\"https:\\\/\\\/lospoliticosveracruz.com\\\/\",\"logo\":{\"@type\":\"ImageObject\",\"inLanguage\":\"es\",\"@id\":\"https:\\\/\\\/lospoliticosveracruz.com\\\/#\\\/schema\\\/logo\\\/image\\\/\",\"url\":\"https:\\\/\\\/lospoliticosveracruz.com\\\/wp-content\\\/uploads\\\/2025\\\/12\\\/Logo-Nuevo-LOS-POLITICOS-1.jpg\",\"contentUrl\":\"https:\\\/\\\/lospoliticosveracruz.com\\\/wp-content\\\/uploads\\\/2025\\\/12\\\/Logo-Nuevo-LOS-POLITICOS-1.jpg\",\"width\":260,\"height\":70,\"caption\":\"Los pol\u00edticos Veracruz\"},\"image\":{\"@id\":\"https:\\\/\\\/lospoliticosveracruz.com\\\/#\\\/schema\\\/logo\\\/image\\\/\"},\"sameAs\":[\"https:\\\/\\\/www.facebook.com\\\/people\\\/Notimemes-de-los-Polticos\\\/61565672886568\\\/\",\"https:\\\/\\\/x.com\\\/LosPoliticosVer\"]},{\"@type\":\"Person\",\"@id\":\"https:\\\/\\\/lospoliticosveracruz.com\\\/#\\\/schema\\\/person\\\/b8702bb0e538456e6efd07080bf2a4a2\",\"name\":\"Lo viste en Los Pol\u00edticos\",\"image\":{\"@type\":\"ImageObject\",\"inLanguage\":\"es\",\"@id\":\"https:\\\/\\\/secure.gravatar.com\\\/avatar\\\/3a8de04a2656d44082be478bd6c086daa447c4651605818287b9532d3d0bd435?s=96&d=mm&r=g\",\"url\":\"https:\\\/\\\/secure.gravatar.com\\\/avatar\\\/3a8de04a2656d44082be478bd6c086daa447c4651605818287b9532d3d0bd435?s=96&d=mm&r=g\",\"contentUrl\":\"https:\\\/\\\/secure.gravatar.com\\\/avatar\\\/3a8de04a2656d44082be478bd6c086daa447c4651605818287b9532d3d0bd435?s=96&d=mm&r=g\",\"caption\":\"Lo viste en Los Pol\u00edticos\"},\"url\":\"https:\\\/\\\/lospoliticosveracruz.com\\\/?author=2\"}]}<\/script>\n<!-- \/ Yoast SEO plugin. -->","yoast_head_json":{"title":"Las invasiones al Palacio de Gobierno - Los pol\u00edticos Veracruz","robots":{"index":"index","follow":"follow","max-snippet":"max-snippet:-1","max-image-preview":"max-image-preview:large","max-video-preview":"max-video-preview:-1"},"canonical":"https:\/\/lospoliticosveracruz.com\/?p=48811","og_locale":"es_ES","og_type":"article","og_title":"Las invasiones al Palacio de Gobierno - Los pol\u00edticos Veracruz","og_description":"Salvador Mu\u00f1oz Los Pol\u00edticos No recuerdo que en la d\u00e9cada final del siglo pasado, el Palacio de Gobierno de Veracruz fuera invadido o tomado\u2026 quiz\u00e1s sus pasillos externos as\u00ed como la calle de Enr\u00edquez y hasta la Plaza Lerdo\u2026 pero el inmueble, el coraz\u00f3n del Poder Ejecutivo, no\u2026 es hasta el Gobierno de Javier Duarte-Flavino [&hellip;]","og_url":"https:\/\/lospoliticosveracruz.com\/?p=48811","og_site_name":"Los pol\u00edticos Veracruz","article_publisher":"https:\/\/www.facebook.com\/people\/Notimemes-de-los-Polticos\/61565672886568\/","article_published_time":"2019-07-12T03:55:59+00:00","og_image":[{"width":600,"height":325,"url":"https:\/\/lospoliticosveracruz.com\/wp-content\/uploads\/2019\/07\/Palacio.jpg","type":"image\/jpeg"}],"author":"Lo viste en Los Pol\u00edticos","twitter_card":"summary_large_image","twitter_creator":"@LosPoliticosVer","twitter_site":"@LosPoliticosVer","twitter_misc":{"Escrito por":"Lo viste en Los Pol\u00edticos","Tiempo de lectura":"3 minutos"},"schema":{"@context":"https:\/\/schema.org","@graph":[{"@type":"Article","@id":"https:\/\/lospoliticosveracruz.com\/?p=48811#article","isPartOf":{"@id":"https:\/\/lospoliticosveracruz.com\/?p=48811"},"author":{"name":"Lo viste en Los Pol\u00edticos","@id":"https:\/\/lospoliticosveracruz.com\/#\/schema\/person\/b8702bb0e538456e6efd07080bf2a4a2"},"headline":"Las invasiones al Palacio de Gobierno","datePublished":"2019-07-12T03:55:59+00:00","mainEntityOfPage":{"@id":"https:\/\/lospoliticosveracruz.com\/?p=48811"},"wordCount":681,"commentCount":0,"publisher":{"@id":"https:\/\/lospoliticosveracruz.com\/#organization"},"image":{"@id":"https:\/\/lospoliticosveracruz.com\/?p=48811#primaryimage"},"thumbnailUrl":"https:\/\/lospoliticosveracruz.com\/wp-content\/uploads\/2019\/07\/Palacio.jpg","keywords":["Antorcha Campesina","Empresarios SOS","Flavino R\u00edos","Javier Duarte","Miguel Angel Yunes Linares","Palacio de Gobierno","PAN","PRD","Ricardo Anaya","Seguridad P\u00fablica","Veracruz"],"articleSection":["De Opini\u00f3n"],"inLanguage":"es","potentialAction":[{"@type":"CommentAction","name":"Comment","target":["https:\/\/lospoliticosveracruz.com\/?p=48811#respond"]}]},{"@type":"WebPage","@id":"https:\/\/lospoliticosveracruz.com\/?p=48811","url":"https:\/\/lospoliticosveracruz.com\/?p=48811","name":"Las invasiones al Palacio de Gobierno - Los pol\u00edticos Veracruz","isPartOf":{"@id":"https:\/\/lospoliticosveracruz.com\/#website"},"primaryImageOfPage":{"@id":"https:\/\/lospoliticosveracruz.com\/?p=48811#primaryimage"},"image":{"@id":"https:\/\/lospoliticosveracruz.com\/?p=48811#primaryimage"},"thumbnailUrl":"https:\/\/lospoliticosveracruz.com\/wp-content\/uploads\/2019\/07\/Palacio.jpg","datePublished":"2019-07-12T03:55:59+00:00","breadcrumb":{"@id":"https:\/\/lospoliticosveracruz.com\/?p=48811#breadcrumb"},"inLanguage":"es","potentialAction":[{"@type":"ReadAction","target":["https:\/\/lospoliticosveracruz.com\/?p=48811"]}]},{"@type":"ImageObject","inLanguage":"es","@id":"https:\/\/lospoliticosveracruz.com\/?p=48811#primaryimage","url":"https:\/\/lospoliticosveracruz.com\/wp-content\/uploads\/2019\/07\/Palacio.jpg","contentUrl":"https:\/\/lospoliticosveracruz.com\/wp-content\/uploads\/2019\/07\/Palacio.jpg","width":600,"height":325},{"@type":"BreadcrumbList","@id":"https:\/\/lospoliticosveracruz.com\/?p=48811#breadcrumb","itemListElement":[{"@type":"ListItem","position":1,"name":"Portada","item":"https:\/\/lospoliticosveracruz.com\/"},{"@type":"ListItem","position":2,"name":"Las invasiones al Palacio de Gobierno"}]},{"@type":"WebSite","@id":"https:\/\/lospoliticosveracruz.com\/#website","url":"https:\/\/lospoliticosveracruz.com\/","name":"Los pol\u00edticos Veracruz","description":"","publisher":{"@id":"https:\/\/lospoliticosveracruz.com\/#organization"},"potentialAction":[{"@type":"SearchAction","target":{"@type":"EntryPoint","urlTemplate":"https:\/\/lospoliticosveracruz.com\/?s={search_term_string}"},"query-input":{"@type":"PropertyValueSpecification","valueRequired":true,"valueName":"search_term_string"}}],"inLanguage":"es"},{"@type":"Organization","@id":"https:\/\/lospoliticosveracruz.com\/#organization","name":"Los pol\u00edticos Veracruz","url":"https:\/\/lospoliticosveracruz.com\/","logo":{"@type":"ImageObject","inLanguage":"es","@id":"https:\/\/lospoliticosveracruz.com\/#\/schema\/logo\/image\/","url":"https:\/\/lospoliticosveracruz.com\/wp-content\/uploads\/2025\/12\/Logo-Nuevo-LOS-POLITICOS-1.jpg","contentUrl":"https:\/\/lospoliticosveracruz.com\/wp-content\/uploads\/2025\/12\/Logo-Nuevo-LOS-POLITICOS-1.jpg","width":260,"height":70,"caption":"Los pol\u00edticos Veracruz"},"image":{"@id":"https:\/\/lospoliticosveracruz.com\/#\/schema\/logo\/image\/"},"sameAs":["https:\/\/www.facebook.com\/people\/Notimemes-de-los-Polticos\/61565672886568\/","https:\/\/x.com\/LosPoliticosVer"]},{"@type":"Person","@id":"https:\/\/lospoliticosveracruz.com\/#\/schema\/person\/b8702bb0e538456e6efd07080bf2a4a2","name":"Lo viste en Los Pol\u00edticos","image":{"@type":"ImageObject","inLanguage":"es","@id":"https:\/\/secure.gravatar.com\/avatar\/3a8de04a2656d44082be478bd6c086daa447c4651605818287b9532d3d0bd435?s=96&d=mm&r=g","url":"https:\/\/secure.gravatar.com\/avatar\/3a8de04a2656d44082be478bd6c086daa447c4651605818287b9532d3d0bd435?s=96&d=mm&r=g","contentUrl":"https:\/\/secure.gravatar.com\/avatar\/3a8de04a2656d44082be478bd6c086daa447c4651605818287b9532d3d0bd435?s=96&d=mm&r=g","caption":"Lo viste en Los Pol\u00edticos"},"url":"https:\/\/lospoliticosveracruz.com\/?author=2"}]}},"_links":{"self":[{"href":"https:\/\/lospoliticosveracruz.com\/index.php?rest_route=\/wp\/v2\/posts\/48811","targetHints":{"allow":["GET"]}}],"collection":[{"href":"https:\/\/lospoliticosveracruz.com\/index.php?rest_route=\/wp\/v2\/posts"}],"about":[{"href":"https:\/\/lospoliticosveracruz.com\/index.php?rest_route=\/wp\/v2\/types\/post"}],"author":[{"embeddable":true,"href":"https:\/\/lospoliticosveracruz.com\/index.php?rest_route=\/wp\/v2\/users\/2"}],"replies":[{"embeddable":true,"href":"https:\/\/lospoliticosveracruz.com\/index.php?rest_route=%2Fwp%2Fv2%2Fcomments&post=48811"}],"version-history":[{"count":1,"href":"https:\/\/lospoliticosveracruz.com\/index.php?rest_route=\/wp\/v2\/posts\/48811\/revisions"}],"predecessor-version":[{"id":48813,"href":"https:\/\/lospoliticosveracruz.com\/index.php?rest_route=\/wp\/v2\/posts\/48811\/revisions\/48813"}],"wp:featuredmedia":[{"embeddable":true,"href":"https:\/\/lospoliticosveracruz.com\/index.php?rest_route=\/wp\/v2\/media\/48812"}],"wp:attachment":[{"href":"https:\/\/lospoliticosveracruz.com\/index.php?rest_route=%2Fwp%2Fv2%2Fmedia&parent=48811"}],"wp:term":[{"taxonomy":"category","embeddable":true,"href":"https:\/\/lospoliticosveracruz.com\/index.php?rest_route=%2Fwp%2Fv2%2Fcategories&post=48811"},{"taxonomy":"post_tag","embeddable":true,"href":"https:\/\/lospoliticosveracruz.com\/index.php?rest_route=%2Fwp%2Fv2%2Ftags&post=48811"}],"curies":[{"name":"wp","href":"https:\/\/api.w.org\/{rel}","templated":true}]}}