{"id":48842,"date":"2019-07-15T22:57:35","date_gmt":"2019-07-16T03:57:35","guid":{"rendered":"http:\/\/www.lospoliticosveracruz.com.mx\/?p=48842"},"modified":"2019-07-15T21:05:16","modified_gmt":"2019-07-16T02:05:16","slug":"rsp-y-el-escepticismo","status":"publish","type":"post","link":"https:\/\/lospoliticosveracruz.com\/?p=48842","title":{"rendered":"RSP y el escepticismo"},"content":{"rendered":"<p><strong>Salvador Mu\u00f1oz<\/strong><\/p>\n<p><em>Los Pol\u00edticos<\/em><\/p>\n<p><span style=\"font-weight: 400;\">Le comento a Mario Alberto Rinc\u00f3n Gonz\u00e1lez mi escepticismo a la creaci\u00f3n de nuevos partidos, aunque \u00e9ste se duplica cuando se trata de llevar a esos nuevos agremiados a un proceso electoral\u2026 \u00a1\u00e9se es el verdadero reto! No tengo nada personal contra el ejercicio de cualquier mexicano o veracruzano bien nacido a pretender hacer un partido pol\u00edtico, est\u00e1 en su derecho\u2026 pero, viendo los que tenemos, si ya por s\u00ed desencantan sea por su papel en el poder, o por ser comparsa del poder, o por lo que hayan hecho o dejado de hacer en el poder, pensar en partidos nuevos, en lo particular, no lo creo\u2026 no lo acepto\u2026 lo rechazo\u2026 pero respeto la intenci\u00f3n de quien quiera llevarlo a cabo.<\/span><\/p>\n<p><span style=\"font-weight: 400;\">Rinc\u00f3n Gonz\u00e1lez es el Coordinador Regional Puebla-Veracruz de Redes Sociales Progresistas, que busca el pr\u00f3ximo a\u00f1o conformarse como un partido pol\u00edtico m\u00e1s a nivel nacional\u2026<\/span><\/p>\n<p><span style=\"font-weight: 400;\">El oriundo de Mart\u00ednez de la Torre estudi\u00f3 all\u00e1 en Puebla; fue amigo de Rafael Moreno Valle y su participaci\u00f3n pol\u00edtica, por ende, la desarroll\u00f3 en la Angel\u00f3polis, desde funcionario estatal y municipal, hasta diputado.<\/span><\/p>\n<p><span style=\"font-weight: 400;\">Comenta que en la pasada elecci\u00f3n, al menos en Puebla, el panismo fue puesto a un lado lo que ocasion\u00f3 malestar en la militancia, a tal grado que hoy muchos, entre ellos \u00e9l, buscan conformar una nueva opci\u00f3n en los ciudadanos que m\u00e1s all\u00e1 de alguna ideolog\u00eda de izquierda o derecha, se enfoque a atender sus necesidades o problemas b\u00e1sicos.<\/span><\/p>\n<p><span style=\"font-weight: 400;\">Aclara que Redes Sociales Progresistas no es el sustituto de Nueva Alianza y mucho menos ser\u00e1 un partido de Maestros, que si bien son bienvenidos, se pretende que sean m\u00e1s los ciudadanos los que conformen las fuerzas vivas de esta nueva agrupaci\u00f3n. \u00bfElba Esther Gordillo? \u201casesora de nosotros\u201d&#8230;<\/span><\/p>\n<p><span style=\"font-weight: 400;\">Comenta que no ser\u00e1n receptores de yunistas, duartistas, o cualquier \u201cismo\u201d que pretenda ingresar a sus filas, \u201cse trata de la suma de ciudadanos\u201d y ataja que en pol\u00edtica no hay cien por ciento puros, y se pone como ejemplo \u00e9l mismo, quien inici\u00f3 sus actividades pol\u00edticas en el Revolucionario Institucional hace 30 a\u00f1os.<\/span><\/p>\n<p><span style=\"font-weight: 400;\">El Coordinador de RSP enfatiza que son aliados de Andr\u00e9s Manuel L\u00f3pez Obrador, \u201capoyamos la Cuarta Transformaci\u00f3n\u201d, pero no por eso, dice, han de ser un \u201cpartido sat\u00e9lite\u201d de Morena. \u201cHay que apoyar al Presidente \u2013comenta\u2013 el pa\u00eds cambi\u00f3 y si no ponermos de nuestra parte, este cambio tardar\u00e1 m\u00e1s\u2026 se requiere de un gran acuerdo nacional\u201d.<\/span><\/p>\n<p><span style=\"font-weight: 400;\">El optimismo para ir cubriendo poco a poco los requisitos para conformar Redes Sociales Progresistas como partido, lo ejemplifica con los recientes cinco mil afiliados que en la semana pasada se registraron en Veracruz y sus aspiraciones a nivel nacional llegan al grado de estar seguro que en el 2021 han de competir en la renovaci\u00f3n del Congreso de la Uni\u00f3n y en los locales de Puebla y Veracruz y en esas elecciones, en San L\u00e1zaro alcanzar entre 50 y 55 diputados federales.<\/span><\/p>\n<p><span style=\"font-weight: 400;\">Por supuesto, de ser as\u00ed, su primera prueba de fuego ha de ser ir solos en las boletas, en aras de conservar el registro\u2026<\/span><\/p>\n<p><span style=\"font-weight: 400;\">Sin duda, Redes Sociales Progresistas as\u00ed como otras decenas de organizaciones podr\u00e1n cubrir los requisitos que marca la Ley para aspirar a ser partido pol\u00edtico, y quiz\u00e1s hasta lo logren, aunque el verdadero reto que han de enfrentar ser\u00e1 vencer a ese escepticismo que muchos ciudadanos tenemos con respecto a los partidos pol\u00edticos y en especial los nuevos: \u00a1ya no les creemos! Encontrar liderazgos sociales, locales y regionales, ser\u00e1 el otro reto porque las siglas y banderas dejan mucho que desear, y Morena tampoco escapa a esto\u2026<\/span><\/p>\n<p>&nbsp;<\/p>\n<p><span style=\"font-weight: 400;\">smcainito@gmail.com<\/span><\/p>\n<p>&nbsp;<\/p>\n","protected":false},"excerpt":{"rendered":"<p>Salvador Mu\u00f1oz Los Pol\u00edticos Le comento a Mario Alberto Rinc\u00f3n Gonz\u00e1lez mi escepticismo a la creaci\u00f3n de nuevos partidos, aunque \u00e9ste se duplica cuando se trata de llevar a esos nuevos agremiados a un proceso electoral\u2026 \u00a1\u00e9se es el verdadero reto! No tengo nada personal contra el ejercicio de cualquier mexicano o veracruzano bien nacido [&hellip;]<\/p>\n","protected":false},"author":2,"featured_media":48843,"comment_status":"open","ping_status":"open","sticky":false,"template":"","format":"standard","meta":{"tdm_status":"","tdm_grid_status":"","footnotes":""},"categories":[70],"tags":[618,12744,14987,963,1026,1409,1709,3132,3736,14281,195],"class_list":{"0":"post-48842","1":"post","2":"type-post","3":"status-publish","4":"format-standard","5":"has-post-thumbnail","7":"category-de-opinion","8":"tag-andres-manuel-lopez-obrador","9":"tag-cuarta-transformacion","10":"tag-mario-alberto-rincon-gonzalez","11":"tag-martinez-de-la-torre","12":"tag-morena","13":"tag-nueva-alianza","14":"tag-partidos-politicos","15":"tag-puebla","16":"tag-rafael-moreno-valle","17":"tag-redes-sociales-progresistas","18":"tag-veracruz"},"yoast_head":"<!-- This site is optimized with the Yoast SEO plugin v27.4 - https:\/\/yoast.com\/product\/yoast-seo-wordpress\/ -->\n<title>RSP y el escepticismo - Los pol\u00edticos Veracruz<\/title>\n<meta name=\"robots\" content=\"index, follow, max-snippet:-1, max-image-preview:large, max-video-preview:-1\" \/>\n<link rel=\"canonical\" href=\"https:\/\/lospoliticosveracruz.com\/?p=48842\" \/>\n<meta property=\"og:locale\" content=\"es_ES\" \/>\n<meta property=\"og:type\" content=\"article\" \/>\n<meta property=\"og:title\" content=\"RSP y el escepticismo - Los pol\u00edticos Veracruz\" \/>\n<meta property=\"og:description\" content=\"Salvador Mu\u00f1oz Los Pol\u00edticos Le comento a Mario Alberto Rinc\u00f3n Gonz\u00e1lez mi escepticismo a la creaci\u00f3n de nuevos partidos, aunque \u00e9ste se duplica cuando se trata de llevar a esos nuevos agremiados a un proceso electoral\u2026 \u00a1\u00e9se es el verdadero reto! No tengo nada personal contra el ejercicio de cualquier mexicano o veracruzano bien nacido [&hellip;]\" \/>\n<meta property=\"og:url\" content=\"https:\/\/lospoliticosveracruz.com\/?p=48842\" \/>\n<meta property=\"og:site_name\" content=\"Los pol\u00edticos Veracruz\" \/>\n<meta property=\"article:publisher\" content=\"https:\/\/www.facebook.com\/people\/Notimemes-de-los-Polticos\/61565672886568\/\" \/>\n<meta property=\"article:published_time\" content=\"2019-07-16T03:57:35+00:00\" \/>\n<meta property=\"og:image\" content=\"https:\/\/lospoliticosveracruz.com\/wp-content\/uploads\/2019\/07\/RSP.jpg\" \/>\n\t<meta property=\"og:image:width\" content=\"600\" \/>\n\t<meta property=\"og:image:height\" content=\"387\" \/>\n\t<meta property=\"og:image:type\" content=\"image\/jpeg\" \/>\n<meta name=\"author\" content=\"Lo viste en Los Pol\u00edticos\" \/>\n<meta name=\"twitter:card\" content=\"summary_large_image\" \/>\n<meta name=\"twitter:creator\" content=\"@LosPoliticosVer\" \/>\n<meta name=\"twitter:site\" content=\"@LosPoliticosVer\" \/>\n<meta name=\"twitter:label1\" content=\"Escrito por\" \/>\n\t<meta name=\"twitter:data1\" content=\"Lo viste en Los Pol\u00edticos\" \/>\n\t<meta name=\"twitter:label2\" content=\"Tiempo de lectura\" \/>\n\t<meta name=\"twitter:data2\" content=\"3 minutos\" \/>\n<script type=\"application\/ld+json\" class=\"yoast-schema-graph\">{\"@context\":\"https:\\\/\\\/schema.org\",\"@graph\":[{\"@type\":\"Article\",\"@id\":\"https:\\\/\\\/lospoliticosveracruz.com\\\/?p=48842#article\",\"isPartOf\":{\"@id\":\"https:\\\/\\\/lospoliticosveracruz.com\\\/?p=48842\"},\"author\":{\"name\":\"Lo viste en Los Pol\u00edticos\",\"@id\":\"https:\\\/\\\/lospoliticosveracruz.com\\\/#\\\/schema\\\/person\\\/b8702bb0e538456e6efd07080bf2a4a2\"},\"headline\":\"RSP y el escepticismo\",\"datePublished\":\"2019-07-16T03:57:35+00:00\",\"mainEntityOfPage\":{\"@id\":\"https:\\\/\\\/lospoliticosveracruz.com\\\/?p=48842\"},\"wordCount\":645,\"commentCount\":0,\"publisher\":{\"@id\":\"https:\\\/\\\/lospoliticosveracruz.com\\\/#organization\"},\"image\":{\"@id\":\"https:\\\/\\\/lospoliticosveracruz.com\\\/?p=48842#primaryimage\"},\"thumbnailUrl\":\"https:\\\/\\\/lospoliticosveracruz.com\\\/wp-content\\\/uploads\\\/2019\\\/07\\\/RSP.jpg\",\"keywords\":[\"Andr\u00e9s Manuel L\u00f3pez Obrador\",\"Cuarta Transformaci\u00f3n\",\"Mario Alberto Rinc\u00f3n Gonz\u00e1lez\",\"Mart\u00ednez de la Torre\",\"Morena\",\"Nueva Alianza\",\"partidos pol\u00edticos\",\"Puebla\",\"Rafael Moreno Valle\",\"Redes Sociales Progresistas\",\"Veracruz\"],\"articleSection\":[\"De Opini\u00f3n\"],\"inLanguage\":\"es\",\"potentialAction\":[{\"@type\":\"CommentAction\",\"name\":\"Comment\",\"target\":[\"https:\\\/\\\/lospoliticosveracruz.com\\\/?p=48842#respond\"]}]},{\"@type\":\"WebPage\",\"@id\":\"https:\\\/\\\/lospoliticosveracruz.com\\\/?p=48842\",\"url\":\"https:\\\/\\\/lospoliticosveracruz.com\\\/?p=48842\",\"name\":\"RSP y el escepticismo - Los pol\u00edticos Veracruz\",\"isPartOf\":{\"@id\":\"https:\\\/\\\/lospoliticosveracruz.com\\\/#website\"},\"primaryImageOfPage\":{\"@id\":\"https:\\\/\\\/lospoliticosveracruz.com\\\/?p=48842#primaryimage\"},\"image\":{\"@id\":\"https:\\\/\\\/lospoliticosveracruz.com\\\/?p=48842#primaryimage\"},\"thumbnailUrl\":\"https:\\\/\\\/lospoliticosveracruz.com\\\/wp-content\\\/uploads\\\/2019\\\/07\\\/RSP.jpg\",\"datePublished\":\"2019-07-16T03:57:35+00:00\",\"breadcrumb\":{\"@id\":\"https:\\\/\\\/lospoliticosveracruz.com\\\/?p=48842#breadcrumb\"},\"inLanguage\":\"es\",\"potentialAction\":[{\"@type\":\"ReadAction\",\"target\":[\"https:\\\/\\\/lospoliticosveracruz.com\\\/?p=48842\"]}]},{\"@type\":\"ImageObject\",\"inLanguage\":\"es\",\"@id\":\"https:\\\/\\\/lospoliticosveracruz.com\\\/?p=48842#primaryimage\",\"url\":\"https:\\\/\\\/lospoliticosveracruz.com\\\/wp-content\\\/uploads\\\/2019\\\/07\\\/RSP.jpg\",\"contentUrl\":\"https:\\\/\\\/lospoliticosveracruz.com\\\/wp-content\\\/uploads\\\/2019\\\/07\\\/RSP.jpg\",\"width\":600,\"height\":387},{\"@type\":\"BreadcrumbList\",\"@id\":\"https:\\\/\\\/lospoliticosveracruz.com\\\/?p=48842#breadcrumb\",\"itemListElement\":[{\"@type\":\"ListItem\",\"position\":1,\"name\":\"Portada\",\"item\":\"https:\\\/\\\/lospoliticosveracruz.com\\\/\"},{\"@type\":\"ListItem\",\"position\":2,\"name\":\"RSP y el escepticismo\"}]},{\"@type\":\"WebSite\",\"@id\":\"https:\\\/\\\/lospoliticosveracruz.com\\\/#website\",\"url\":\"https:\\\/\\\/lospoliticosveracruz.com\\\/\",\"name\":\"Los pol\u00edticos Veracruz\",\"description\":\"\",\"publisher\":{\"@id\":\"https:\\\/\\\/lospoliticosveracruz.com\\\/#organization\"},\"potentialAction\":[{\"@type\":\"SearchAction\",\"target\":{\"@type\":\"EntryPoint\",\"urlTemplate\":\"https:\\\/\\\/lospoliticosveracruz.com\\\/?s={search_term_string}\"},\"query-input\":{\"@type\":\"PropertyValueSpecification\",\"valueRequired\":true,\"valueName\":\"search_term_string\"}}],\"inLanguage\":\"es\"},{\"@type\":\"Organization\",\"@id\":\"https:\\\/\\\/lospoliticosveracruz.com\\\/#organization\",\"name\":\"Los pol\u00edticos Veracruz\",\"url\":\"https:\\\/\\\/lospoliticosveracruz.com\\\/\",\"logo\":{\"@type\":\"ImageObject\",\"inLanguage\":\"es\",\"@id\":\"https:\\\/\\\/lospoliticosveracruz.com\\\/#\\\/schema\\\/logo\\\/image\\\/\",\"url\":\"https:\\\/\\\/lospoliticosveracruz.com\\\/wp-content\\\/uploads\\\/2025\\\/12\\\/Logo-Nuevo-LOS-POLITICOS-1.jpg\",\"contentUrl\":\"https:\\\/\\\/lospoliticosveracruz.com\\\/wp-content\\\/uploads\\\/2025\\\/12\\\/Logo-Nuevo-LOS-POLITICOS-1.jpg\",\"width\":260,\"height\":70,\"caption\":\"Los pol\u00edticos Veracruz\"},\"image\":{\"@id\":\"https:\\\/\\\/lospoliticosveracruz.com\\\/#\\\/schema\\\/logo\\\/image\\\/\"},\"sameAs\":[\"https:\\\/\\\/www.facebook.com\\\/people\\\/Notimemes-de-los-Polticos\\\/61565672886568\\\/\",\"https:\\\/\\\/x.com\\\/LosPoliticosVer\"]},{\"@type\":\"Person\",\"@id\":\"https:\\\/\\\/lospoliticosveracruz.com\\\/#\\\/schema\\\/person\\\/b8702bb0e538456e6efd07080bf2a4a2\",\"name\":\"Lo viste en Los Pol\u00edticos\",\"image\":{\"@type\":\"ImageObject\",\"inLanguage\":\"es\",\"@id\":\"https:\\\/\\\/secure.gravatar.com\\\/avatar\\\/3a8de04a2656d44082be478bd6c086daa447c4651605818287b9532d3d0bd435?s=96&d=mm&r=g\",\"url\":\"https:\\\/\\\/secure.gravatar.com\\\/avatar\\\/3a8de04a2656d44082be478bd6c086daa447c4651605818287b9532d3d0bd435?s=96&d=mm&r=g\",\"contentUrl\":\"https:\\\/\\\/secure.gravatar.com\\\/avatar\\\/3a8de04a2656d44082be478bd6c086daa447c4651605818287b9532d3d0bd435?s=96&d=mm&r=g\",\"caption\":\"Lo viste en Los Pol\u00edticos\"},\"url\":\"https:\\\/\\\/lospoliticosveracruz.com\\\/?author=2\"}]}<\/script>\n<!-- \/ Yoast SEO plugin. -->","yoast_head_json":{"title":"RSP y el escepticismo - Los pol\u00edticos Veracruz","robots":{"index":"index","follow":"follow","max-snippet":"max-snippet:-1","max-image-preview":"max-image-preview:large","max-video-preview":"max-video-preview:-1"},"canonical":"https:\/\/lospoliticosveracruz.com\/?p=48842","og_locale":"es_ES","og_type":"article","og_title":"RSP y el escepticismo - Los pol\u00edticos Veracruz","og_description":"Salvador Mu\u00f1oz Los Pol\u00edticos Le comento a Mario Alberto Rinc\u00f3n Gonz\u00e1lez mi escepticismo a la creaci\u00f3n de nuevos partidos, aunque \u00e9ste se duplica cuando se trata de llevar a esos nuevos agremiados a un proceso electoral\u2026 \u00a1\u00e9se es el verdadero reto! No tengo nada personal contra el ejercicio de cualquier mexicano o veracruzano bien nacido [&hellip;]","og_url":"https:\/\/lospoliticosveracruz.com\/?p=48842","og_site_name":"Los pol\u00edticos Veracruz","article_publisher":"https:\/\/www.facebook.com\/people\/Notimemes-de-los-Polticos\/61565672886568\/","article_published_time":"2019-07-16T03:57:35+00:00","og_image":[{"width":600,"height":387,"url":"https:\/\/lospoliticosveracruz.com\/wp-content\/uploads\/2019\/07\/RSP.jpg","type":"image\/jpeg"}],"author":"Lo viste en Los Pol\u00edticos","twitter_card":"summary_large_image","twitter_creator":"@LosPoliticosVer","twitter_site":"@LosPoliticosVer","twitter_misc":{"Escrito por":"Lo viste en Los Pol\u00edticos","Tiempo de lectura":"3 minutos"},"schema":{"@context":"https:\/\/schema.org","@graph":[{"@type":"Article","@id":"https:\/\/lospoliticosveracruz.com\/?p=48842#article","isPartOf":{"@id":"https:\/\/lospoliticosveracruz.com\/?p=48842"},"author":{"name":"Lo viste en Los Pol\u00edticos","@id":"https:\/\/lospoliticosveracruz.com\/#\/schema\/person\/b8702bb0e538456e6efd07080bf2a4a2"},"headline":"RSP y el escepticismo","datePublished":"2019-07-16T03:57:35+00:00","mainEntityOfPage":{"@id":"https:\/\/lospoliticosveracruz.com\/?p=48842"},"wordCount":645,"commentCount":0,"publisher":{"@id":"https:\/\/lospoliticosveracruz.com\/#organization"},"image":{"@id":"https:\/\/lospoliticosveracruz.com\/?p=48842#primaryimage"},"thumbnailUrl":"https:\/\/lospoliticosveracruz.com\/wp-content\/uploads\/2019\/07\/RSP.jpg","keywords":["Andr\u00e9s Manuel L\u00f3pez Obrador","Cuarta Transformaci\u00f3n","Mario Alberto Rinc\u00f3n Gonz\u00e1lez","Mart\u00ednez de la Torre","Morena","Nueva Alianza","partidos pol\u00edticos","Puebla","Rafael Moreno Valle","Redes Sociales Progresistas","Veracruz"],"articleSection":["De Opini\u00f3n"],"inLanguage":"es","potentialAction":[{"@type":"CommentAction","name":"Comment","target":["https:\/\/lospoliticosveracruz.com\/?p=48842#respond"]}]},{"@type":"WebPage","@id":"https:\/\/lospoliticosveracruz.com\/?p=48842","url":"https:\/\/lospoliticosveracruz.com\/?p=48842","name":"RSP y el escepticismo - Los pol\u00edticos Veracruz","isPartOf":{"@id":"https:\/\/lospoliticosveracruz.com\/#website"},"primaryImageOfPage":{"@id":"https:\/\/lospoliticosveracruz.com\/?p=48842#primaryimage"},"image":{"@id":"https:\/\/lospoliticosveracruz.com\/?p=48842#primaryimage"},"thumbnailUrl":"https:\/\/lospoliticosveracruz.com\/wp-content\/uploads\/2019\/07\/RSP.jpg","datePublished":"2019-07-16T03:57:35+00:00","breadcrumb":{"@id":"https:\/\/lospoliticosveracruz.com\/?p=48842#breadcrumb"},"inLanguage":"es","potentialAction":[{"@type":"ReadAction","target":["https:\/\/lospoliticosveracruz.com\/?p=48842"]}]},{"@type":"ImageObject","inLanguage":"es","@id":"https:\/\/lospoliticosveracruz.com\/?p=48842#primaryimage","url":"https:\/\/lospoliticosveracruz.com\/wp-content\/uploads\/2019\/07\/RSP.jpg","contentUrl":"https:\/\/lospoliticosveracruz.com\/wp-content\/uploads\/2019\/07\/RSP.jpg","width":600,"height":387},{"@type":"BreadcrumbList","@id":"https:\/\/lospoliticosveracruz.com\/?p=48842#breadcrumb","itemListElement":[{"@type":"ListItem","position":1,"name":"Portada","item":"https:\/\/lospoliticosveracruz.com\/"},{"@type":"ListItem","position":2,"name":"RSP y el escepticismo"}]},{"@type":"WebSite","@id":"https:\/\/lospoliticosveracruz.com\/#website","url":"https:\/\/lospoliticosveracruz.com\/","name":"Los pol\u00edticos Veracruz","description":"","publisher":{"@id":"https:\/\/lospoliticosveracruz.com\/#organization"},"potentialAction":[{"@type":"SearchAction","target":{"@type":"EntryPoint","urlTemplate":"https:\/\/lospoliticosveracruz.com\/?s={search_term_string}"},"query-input":{"@type":"PropertyValueSpecification","valueRequired":true,"valueName":"search_term_string"}}],"inLanguage":"es"},{"@type":"Organization","@id":"https:\/\/lospoliticosveracruz.com\/#organization","name":"Los pol\u00edticos Veracruz","url":"https:\/\/lospoliticosveracruz.com\/","logo":{"@type":"ImageObject","inLanguage":"es","@id":"https:\/\/lospoliticosveracruz.com\/#\/schema\/logo\/image\/","url":"https:\/\/lospoliticosveracruz.com\/wp-content\/uploads\/2025\/12\/Logo-Nuevo-LOS-POLITICOS-1.jpg","contentUrl":"https:\/\/lospoliticosveracruz.com\/wp-content\/uploads\/2025\/12\/Logo-Nuevo-LOS-POLITICOS-1.jpg","width":260,"height":70,"caption":"Los pol\u00edticos Veracruz"},"image":{"@id":"https:\/\/lospoliticosveracruz.com\/#\/schema\/logo\/image\/"},"sameAs":["https:\/\/www.facebook.com\/people\/Notimemes-de-los-Polticos\/61565672886568\/","https:\/\/x.com\/LosPoliticosVer"]},{"@type":"Person","@id":"https:\/\/lospoliticosveracruz.com\/#\/schema\/person\/b8702bb0e538456e6efd07080bf2a4a2","name":"Lo viste en Los Pol\u00edticos","image":{"@type":"ImageObject","inLanguage":"es","@id":"https:\/\/secure.gravatar.com\/avatar\/3a8de04a2656d44082be478bd6c086daa447c4651605818287b9532d3d0bd435?s=96&d=mm&r=g","url":"https:\/\/secure.gravatar.com\/avatar\/3a8de04a2656d44082be478bd6c086daa447c4651605818287b9532d3d0bd435?s=96&d=mm&r=g","contentUrl":"https:\/\/secure.gravatar.com\/avatar\/3a8de04a2656d44082be478bd6c086daa447c4651605818287b9532d3d0bd435?s=96&d=mm&r=g","caption":"Lo viste en Los Pol\u00edticos"},"url":"https:\/\/lospoliticosveracruz.com\/?author=2"}]}},"_links":{"self":[{"href":"https:\/\/lospoliticosveracruz.com\/index.php?rest_route=\/wp\/v2\/posts\/48842","targetHints":{"allow":["GET"]}}],"collection":[{"href":"https:\/\/lospoliticosveracruz.com\/index.php?rest_route=\/wp\/v2\/posts"}],"about":[{"href":"https:\/\/lospoliticosveracruz.com\/index.php?rest_route=\/wp\/v2\/types\/post"}],"author":[{"embeddable":true,"href":"https:\/\/lospoliticosveracruz.com\/index.php?rest_route=\/wp\/v2\/users\/2"}],"replies":[{"embeddable":true,"href":"https:\/\/lospoliticosveracruz.com\/index.php?rest_route=%2Fwp%2Fv2%2Fcomments&post=48842"}],"version-history":[{"count":1,"href":"https:\/\/lospoliticosveracruz.com\/index.php?rest_route=\/wp\/v2\/posts\/48842\/revisions"}],"predecessor-version":[{"id":48844,"href":"https:\/\/lospoliticosveracruz.com\/index.php?rest_route=\/wp\/v2\/posts\/48842\/revisions\/48844"}],"wp:featuredmedia":[{"embeddable":true,"href":"https:\/\/lospoliticosveracruz.com\/index.php?rest_route=\/wp\/v2\/media\/48843"}],"wp:attachment":[{"href":"https:\/\/lospoliticosveracruz.com\/index.php?rest_route=%2Fwp%2Fv2%2Fmedia&parent=48842"}],"wp:term":[{"taxonomy":"category","embeddable":true,"href":"https:\/\/lospoliticosveracruz.com\/index.php?rest_route=%2Fwp%2Fv2%2Fcategories&post=48842"},{"taxonomy":"post_tag","embeddable":true,"href":"https:\/\/lospoliticosveracruz.com\/index.php?rest_route=%2Fwp%2Fv2%2Ftags&post=48842"}],"curies":[{"name":"wp","href":"https:\/\/api.w.org\/{rel}","templated":true}]}}