{"id":48846,"date":"2019-07-16T22:55:13","date_gmt":"2019-07-17T03:55:13","guid":{"rendered":"http:\/\/www.lospoliticosveracruz.com.mx\/?p=48846"},"modified":"2019-07-16T20:34:47","modified_gmt":"2019-07-17T01:34:47","slug":"la-transformacion-de-duarte","status":"publish","type":"post","link":"https:\/\/lospoliticosveracruz.com\/?p=48846","title":{"rendered":"La Transformaci\u00f3n de Duarte"},"content":{"rendered":"<p><strong>Salvador Mu\u00f1oz<\/strong><\/p>\n<p><em>Los Pol\u00edticos<\/em><\/p>\n<p><span style=\"font-weight: 400;\">La trama est\u00e1 para convertirse en un excelente gui\u00f3n para \u201cBlim\u201d, aunque en una de \u00e9sas, capaz \u201cNetflix\u201d les gana el brinco y podr\u00edamos estar escuchando en breve de algo as\u00ed como \u201cMi veldad: Duarte\u201d.<\/span><\/p>\n<p><span style=\"font-weight: 400;\">Duarte de Ochoa, desde hace unas semanas, est\u00e1 haciendo el papel que en su momento le toc\u00f3 interpretar en lo que restaba del sexenio de Enrique Pe\u00f1a Nieto: es quien agita la caja china de nuestro M\u00e9xico en la Cuarta Transformaci\u00f3n.<\/span><\/p>\n<p><span style=\"font-weight: 400;\">Maestro del Esc\u00e1ndalo, de la Distracci\u00f3n, de la Intriga, el ex gobernador de Javier Duarte de Ochoa pone dos ingredientes nuevos en esta nueva historia:<\/span><\/p>\n<p><span style=\"font-weight: 400;\">La primera) Busca devolver el Galard\u00f3n que le dieron en el pe\u00f1ismo a sus creadores\u2026 es decir, a \u00e9l lo convirtieron en Villano, el Villano favorito de M\u00e9xico, \u00a1por encima de Enrique Pe\u00f1a Nieto!, ahora, tras sus se\u00f1alamientos, pretende pasar la estafeta el ex presidente.<\/span><\/p>\n<p><span style=\"font-weight: 400;\">La segunda) Libera de toda culpa, todo pecado, toda m\u00e1cula, a Andr\u00e9s Manuel L\u00f3pez Obrador\u2026 es decir, tenemos a ex presidente malo y presidente bueno.<\/span><\/p>\n<p><span style=\"font-weight: 400;\">Con estos escenarios, donde tienen igual papel estelar Miguel \u00c1ngel Osorio Chong, Alberto El\u00edas Beltr\u00e1n, Felipe Mu\u00f1oz V\u00e1zquez, la Cuarta Transformaci\u00f3n es una realidad\u2026<\/span><\/p>\n<p><span style=\"font-weight: 400;\">Y digo que es una realidad la Cuarta Transformaci\u00f3n por algo simple:<\/span><\/p>\n<p><span style=\"font-weight: 400;\">Duarte acusa ser v\u00edctima \u201cde una intrincada trama\u201d, aunque a fuerza de ser sinceros, no agrega nada nuevo en el video que graba en el Lago de Atitl\u00e1n en Guatemala, cuando dice que su entrega-detenci\u00f3n estaba negociada.<\/span><\/p>\n<p><span style=\"font-weight: 400;\">S\u00f3lo para recordar, el 14 de Abril de 2017, Brenda Caballero remataba su columna, un d\u00eda antes del video que graba el cordob\u00e9s, con estas interrogantes:<\/span><\/p>\n<p><span style=\"font-weight: 400;\">\u201c\u00bfA poco no es una gran coincidencia el \u2018Tuit\u2019 de L\u00f3pez D\u00f3riga con la salida del pa\u00eds de los hijos de Javier Duarte y Karime Mac\u00edas?<\/span><\/p>\n<p><span style=\"font-weight: 400;\">\u00bfEstaremos cerca de una detenci\u00f3n negociada despu\u00e9s de las vacaciones de Semana Santa? o \u00bfSeguiremos viendo a Javier Duarte por todos los rincones del mundo?\u201d<\/span><\/p>\n<p><span style=\"font-weight: 400;\">Ac\u00e1 les dejo el link: <\/span><a href=\"http:\/\/www.lospoliticosveracruz.com.mx\/mientras-lopez-doriga-tuiteaba\/\"><span style=\"font-weight: 400;\">http:\/\/www.lospoliticosveracruz.com.mx\/mientras-lopez-doriga-tuiteaba\/<\/span><\/a><\/p>\n<p><span style=\"font-weight: 400;\">Qu\u00e9 se quiere decir con esto: Que simplemente, incluso un d\u00eda previo a la entrega-detenci\u00f3n de Javier Duarte de Ochoa, la ciudadana ya sospechaba que hab\u00eda \u201cnegociaci\u00f3n\u201d entre Duarte de Ochoa y las autoridades federales.<\/span><\/p>\n<p><span style=\"font-weight: 400;\">Hoy, Javier Duarte s\u00f3lo exhibe lo que muchos ciudadanos creen: los tratos que puede haber entre un presunto delincuente de peso pesado y el Gobierno en el Poder donde cada quien cuida sus intereses. El delincuente com\u00fan no tiene a su alcance eso, y mucho menos la atenci\u00f3n para exhibir sus cartas en medios nacionales y lo mejor, la oportunidad de presentarse ante la sociedad como v\u00edctima del Sistema\u2026 M\u00e9rito merece el director del Reclusorio Norte, C\u00e9sar Ramiro Rojas Guti\u00e9rrez.<\/span><\/p>\n<p><span style=\"font-weight: 400;\">Aqu\u00ed, si lo not\u00f3, utilizo una palabra: \u201cV\u00edctima\u201d&#8230; la difusi\u00f3n de los contenidos que nos expone Javier Duarte de Ochoa, pareciera que tienen esa intenci\u00f3n, la de victimizar al ex gobernador utilizando dos esquemas:<\/span><\/p>\n<p><span style=\"font-weight: 400;\">El sentimental) el acoso a lo m\u00e1s sagrado que tiene cualquier mexicano: su familia;<\/span><\/p>\n<p><span style=\"font-weight: 400;\">En el pol\u00edtico) Su Entrega-Detenci\u00f3n obedece para parar la persecuci\u00f3n pol\u00edtica de la que es objeto, lo que da espacio para \u201cconvertirse\u201d en un \u201cpreso pol\u00edtico\u201d.<\/span><\/p>\n<p><span style=\"font-weight: 400;\">No s\u00e9 hasta d\u00f3nde alcance y a qui\u00e9n alcance este nuevo show que inici\u00f3 hace algunas semanas Duarte de Ochoa, pero lo que me queda claro es que si se descuidan y lo alcanza la Cuarta Transformaci\u00f3n, estamos a un paso de ver convertido a Javier, de Villano a H\u00e9roe, si alguno de sus se\u00f1alados cae en prisi\u00f3n\u2026<\/span><\/p>\n<p>&nbsp;<\/p>\n<p><span style=\"font-weight: 400;\">smcainito@gmail.com<\/span><\/p>\n<p>&nbsp;<\/p>\n","protected":false},"excerpt":{"rendered":"<p>Salvador Mu\u00f1oz Los Pol\u00edticos La trama est\u00e1 para convertirse en un excelente gui\u00f3n para \u201cBlim\u201d, aunque en una de \u00e9sas, capaz \u201cNetflix\u201d les gana el brinco y podr\u00edamos estar escuchando en breve de algo as\u00ed como \u201cMi veldad: Duarte\u201d. Duarte de Ochoa, desde hace unas semanas, est\u00e1 haciendo el papel que en su momento le [&hellip;]<\/p>\n","protected":false},"author":2,"featured_media":0,"comment_status":"open","ping_status":"open","sticky":false,"template":"","format":"standard","meta":{"tdm_status":"","tdm_grid_status":"","footnotes":""},"categories":[70],"tags":[2687,3308,260],"class_list":{"0":"post-48846","1":"post","2":"type-post","3":"status-publish","4":"format-standard","6":"category-de-opinion","7":"tag-brenda-caballero","8":"tag-guatemala","9":"tag-javier-duarte-de-ochoa"},"yoast_head":"<!-- This site is optimized with the Yoast SEO plugin v27.4 - https:\/\/yoast.com\/product\/yoast-seo-wordpress\/ -->\n<title>La Transformaci\u00f3n de Duarte - Los pol\u00edticos Veracruz<\/title>\n<meta name=\"robots\" content=\"index, follow, max-snippet:-1, max-image-preview:large, max-video-preview:-1\" \/>\n<link rel=\"canonical\" href=\"https:\/\/lospoliticosveracruz.com\/?p=48846\" \/>\n<meta property=\"og:locale\" content=\"es_ES\" \/>\n<meta property=\"og:type\" content=\"article\" \/>\n<meta property=\"og:title\" content=\"La Transformaci\u00f3n de Duarte - Los pol\u00edticos Veracruz\" \/>\n<meta property=\"og:description\" content=\"Salvador Mu\u00f1oz Los Pol\u00edticos La trama est\u00e1 para convertirse en un excelente gui\u00f3n para \u201cBlim\u201d, aunque en una de \u00e9sas, capaz \u201cNetflix\u201d les gana el brinco y podr\u00edamos estar escuchando en breve de algo as\u00ed como \u201cMi veldad: Duarte\u201d. Duarte de Ochoa, desde hace unas semanas, est\u00e1 haciendo el papel que en su momento le [&hellip;]\" \/>\n<meta property=\"og:url\" content=\"https:\/\/lospoliticosveracruz.com\/?p=48846\" \/>\n<meta property=\"og:site_name\" content=\"Los pol\u00edticos Veracruz\" \/>\n<meta property=\"article:publisher\" content=\"https:\/\/www.facebook.com\/people\/Notimemes-de-los-Polticos\/61565672886568\/\" \/>\n<meta property=\"article:published_time\" content=\"2019-07-17T03:55:13+00:00\" \/>\n<meta property=\"og:image\" content=\"https:\/\/lospoliticosveracruz.com\/wp-content\/uploads\/2016\/07\/Logo-Dor.jpg\" \/>\n\t<meta property=\"og:image:width\" content=\"200\" \/>\n\t<meta property=\"og:image:height\" content=\"200\" \/>\n\t<meta property=\"og:image:type\" content=\"image\/jpeg\" \/>\n<meta name=\"author\" content=\"Lo viste en Los Pol\u00edticos\" \/>\n<meta name=\"twitter:card\" content=\"summary_large_image\" \/>\n<meta name=\"twitter:creator\" content=\"@LosPoliticosVer\" \/>\n<meta name=\"twitter:site\" content=\"@LosPoliticosVer\" \/>\n<meta name=\"twitter:label1\" content=\"Escrito por\" \/>\n\t<meta name=\"twitter:data1\" content=\"Lo viste en Los Pol\u00edticos\" \/>\n\t<meta name=\"twitter:label2\" content=\"Tiempo de lectura\" \/>\n\t<meta name=\"twitter:data2\" content=\"3 minutos\" \/>\n<script type=\"application\/ld+json\" class=\"yoast-schema-graph\">{\"@context\":\"https:\\\/\\\/schema.org\",\"@graph\":[{\"@type\":\"Article\",\"@id\":\"https:\\\/\\\/lospoliticosveracruz.com\\\/?p=48846#article\",\"isPartOf\":{\"@id\":\"https:\\\/\\\/lospoliticosveracruz.com\\\/?p=48846\"},\"author\":{\"name\":\"Lo viste en Los Pol\u00edticos\",\"@id\":\"https:\\\/\\\/lospoliticosveracruz.com\\\/#\\\/schema\\\/person\\\/b8702bb0e538456e6efd07080bf2a4a2\"},\"headline\":\"La Transformaci\u00f3n de Duarte\",\"datePublished\":\"2019-07-17T03:55:13+00:00\",\"mainEntityOfPage\":{\"@id\":\"https:\\\/\\\/lospoliticosveracruz.com\\\/?p=48846\"},\"wordCount\":652,\"commentCount\":0,\"publisher\":{\"@id\":\"https:\\\/\\\/lospoliticosveracruz.com\\\/#organization\"},\"keywords\":[\"Brenda Caballero\",\"Guatemala\",\"Javier Duarte de Ochoa\"],\"articleSection\":[\"De Opini\u00f3n\"],\"inLanguage\":\"es\",\"potentialAction\":[{\"@type\":\"CommentAction\",\"name\":\"Comment\",\"target\":[\"https:\\\/\\\/lospoliticosveracruz.com\\\/?p=48846#respond\"]}]},{\"@type\":\"WebPage\",\"@id\":\"https:\\\/\\\/lospoliticosveracruz.com\\\/?p=48846\",\"url\":\"https:\\\/\\\/lospoliticosveracruz.com\\\/?p=48846\",\"name\":\"La Transformaci\u00f3n de Duarte - Los pol\u00edticos Veracruz\",\"isPartOf\":{\"@id\":\"https:\\\/\\\/lospoliticosveracruz.com\\\/#website\"},\"datePublished\":\"2019-07-17T03:55:13+00:00\",\"breadcrumb\":{\"@id\":\"https:\\\/\\\/lospoliticosveracruz.com\\\/?p=48846#breadcrumb\"},\"inLanguage\":\"es\",\"potentialAction\":[{\"@type\":\"ReadAction\",\"target\":[\"https:\\\/\\\/lospoliticosveracruz.com\\\/?p=48846\"]}]},{\"@type\":\"BreadcrumbList\",\"@id\":\"https:\\\/\\\/lospoliticosveracruz.com\\\/?p=48846#breadcrumb\",\"itemListElement\":[{\"@type\":\"ListItem\",\"position\":1,\"name\":\"Portada\",\"item\":\"https:\\\/\\\/lospoliticosveracruz.com\\\/\"},{\"@type\":\"ListItem\",\"position\":2,\"name\":\"La Transformaci\u00f3n de Duarte\"}]},{\"@type\":\"WebSite\",\"@id\":\"https:\\\/\\\/lospoliticosveracruz.com\\\/#website\",\"url\":\"https:\\\/\\\/lospoliticosveracruz.com\\\/\",\"name\":\"Los pol\u00edticos Veracruz\",\"description\":\"\",\"publisher\":{\"@id\":\"https:\\\/\\\/lospoliticosveracruz.com\\\/#organization\"},\"potentialAction\":[{\"@type\":\"SearchAction\",\"target\":{\"@type\":\"EntryPoint\",\"urlTemplate\":\"https:\\\/\\\/lospoliticosveracruz.com\\\/?s={search_term_string}\"},\"query-input\":{\"@type\":\"PropertyValueSpecification\",\"valueRequired\":true,\"valueName\":\"search_term_string\"}}],\"inLanguage\":\"es\"},{\"@type\":\"Organization\",\"@id\":\"https:\\\/\\\/lospoliticosveracruz.com\\\/#organization\",\"name\":\"Los pol\u00edticos Veracruz\",\"url\":\"https:\\\/\\\/lospoliticosveracruz.com\\\/\",\"logo\":{\"@type\":\"ImageObject\",\"inLanguage\":\"es\",\"@id\":\"https:\\\/\\\/lospoliticosveracruz.com\\\/#\\\/schema\\\/logo\\\/image\\\/\",\"url\":\"https:\\\/\\\/lospoliticosveracruz.com\\\/wp-content\\\/uploads\\\/2025\\\/12\\\/Logo-Nuevo-LOS-POLITICOS-1.jpg\",\"contentUrl\":\"https:\\\/\\\/lospoliticosveracruz.com\\\/wp-content\\\/uploads\\\/2025\\\/12\\\/Logo-Nuevo-LOS-POLITICOS-1.jpg\",\"width\":260,\"height\":70,\"caption\":\"Los pol\u00edticos Veracruz\"},\"image\":{\"@id\":\"https:\\\/\\\/lospoliticosveracruz.com\\\/#\\\/schema\\\/logo\\\/image\\\/\"},\"sameAs\":[\"https:\\\/\\\/www.facebook.com\\\/people\\\/Notimemes-de-los-Polticos\\\/61565672886568\\\/\",\"https:\\\/\\\/x.com\\\/LosPoliticosVer\"]},{\"@type\":\"Person\",\"@id\":\"https:\\\/\\\/lospoliticosveracruz.com\\\/#\\\/schema\\\/person\\\/b8702bb0e538456e6efd07080bf2a4a2\",\"name\":\"Lo viste en Los Pol\u00edticos\",\"image\":{\"@type\":\"ImageObject\",\"inLanguage\":\"es\",\"@id\":\"https:\\\/\\\/secure.gravatar.com\\\/avatar\\\/3a8de04a2656d44082be478bd6c086daa447c4651605818287b9532d3d0bd435?s=96&d=mm&r=g\",\"url\":\"https:\\\/\\\/secure.gravatar.com\\\/avatar\\\/3a8de04a2656d44082be478bd6c086daa447c4651605818287b9532d3d0bd435?s=96&d=mm&r=g\",\"contentUrl\":\"https:\\\/\\\/secure.gravatar.com\\\/avatar\\\/3a8de04a2656d44082be478bd6c086daa447c4651605818287b9532d3d0bd435?s=96&d=mm&r=g\",\"caption\":\"Lo viste en Los Pol\u00edticos\"},\"url\":\"https:\\\/\\\/lospoliticosveracruz.com\\\/?author=2\"}]}<\/script>\n<!-- \/ Yoast SEO plugin. -->","yoast_head_json":{"title":"La Transformaci\u00f3n de Duarte - Los pol\u00edticos Veracruz","robots":{"index":"index","follow":"follow","max-snippet":"max-snippet:-1","max-image-preview":"max-image-preview:large","max-video-preview":"max-video-preview:-1"},"canonical":"https:\/\/lospoliticosveracruz.com\/?p=48846","og_locale":"es_ES","og_type":"article","og_title":"La Transformaci\u00f3n de Duarte - Los pol\u00edticos Veracruz","og_description":"Salvador Mu\u00f1oz Los Pol\u00edticos La trama est\u00e1 para convertirse en un excelente gui\u00f3n para \u201cBlim\u201d, aunque en una de \u00e9sas, capaz \u201cNetflix\u201d les gana el brinco y podr\u00edamos estar escuchando en breve de algo as\u00ed como \u201cMi veldad: Duarte\u201d. Duarte de Ochoa, desde hace unas semanas, est\u00e1 haciendo el papel que en su momento le [&hellip;]","og_url":"https:\/\/lospoliticosveracruz.com\/?p=48846","og_site_name":"Los pol\u00edticos Veracruz","article_publisher":"https:\/\/www.facebook.com\/people\/Notimemes-de-los-Polticos\/61565672886568\/","article_published_time":"2019-07-17T03:55:13+00:00","og_image":[{"width":200,"height":200,"url":"https:\/\/lospoliticosveracruz.com\/wp-content\/uploads\/2016\/07\/Logo-Dor.jpg","type":"image\/jpeg"}],"author":"Lo viste en Los Pol\u00edticos","twitter_card":"summary_large_image","twitter_creator":"@LosPoliticosVer","twitter_site":"@LosPoliticosVer","twitter_misc":{"Escrito por":"Lo viste en Los Pol\u00edticos","Tiempo de lectura":"3 minutos"},"schema":{"@context":"https:\/\/schema.org","@graph":[{"@type":"Article","@id":"https:\/\/lospoliticosveracruz.com\/?p=48846#article","isPartOf":{"@id":"https:\/\/lospoliticosveracruz.com\/?p=48846"},"author":{"name":"Lo viste en Los Pol\u00edticos","@id":"https:\/\/lospoliticosveracruz.com\/#\/schema\/person\/b8702bb0e538456e6efd07080bf2a4a2"},"headline":"La Transformaci\u00f3n de Duarte","datePublished":"2019-07-17T03:55:13+00:00","mainEntityOfPage":{"@id":"https:\/\/lospoliticosveracruz.com\/?p=48846"},"wordCount":652,"commentCount":0,"publisher":{"@id":"https:\/\/lospoliticosveracruz.com\/#organization"},"keywords":["Brenda Caballero","Guatemala","Javier Duarte de Ochoa"],"articleSection":["De Opini\u00f3n"],"inLanguage":"es","potentialAction":[{"@type":"CommentAction","name":"Comment","target":["https:\/\/lospoliticosveracruz.com\/?p=48846#respond"]}]},{"@type":"WebPage","@id":"https:\/\/lospoliticosveracruz.com\/?p=48846","url":"https:\/\/lospoliticosveracruz.com\/?p=48846","name":"La Transformaci\u00f3n de Duarte - Los pol\u00edticos Veracruz","isPartOf":{"@id":"https:\/\/lospoliticosveracruz.com\/#website"},"datePublished":"2019-07-17T03:55:13+00:00","breadcrumb":{"@id":"https:\/\/lospoliticosveracruz.com\/?p=48846#breadcrumb"},"inLanguage":"es","potentialAction":[{"@type":"ReadAction","target":["https:\/\/lospoliticosveracruz.com\/?p=48846"]}]},{"@type":"BreadcrumbList","@id":"https:\/\/lospoliticosveracruz.com\/?p=48846#breadcrumb","itemListElement":[{"@type":"ListItem","position":1,"name":"Portada","item":"https:\/\/lospoliticosveracruz.com\/"},{"@type":"ListItem","position":2,"name":"La Transformaci\u00f3n de Duarte"}]},{"@type":"WebSite","@id":"https:\/\/lospoliticosveracruz.com\/#website","url":"https:\/\/lospoliticosveracruz.com\/","name":"Los pol\u00edticos Veracruz","description":"","publisher":{"@id":"https:\/\/lospoliticosveracruz.com\/#organization"},"potentialAction":[{"@type":"SearchAction","target":{"@type":"EntryPoint","urlTemplate":"https:\/\/lospoliticosveracruz.com\/?s={search_term_string}"},"query-input":{"@type":"PropertyValueSpecification","valueRequired":true,"valueName":"search_term_string"}}],"inLanguage":"es"},{"@type":"Organization","@id":"https:\/\/lospoliticosveracruz.com\/#organization","name":"Los pol\u00edticos Veracruz","url":"https:\/\/lospoliticosveracruz.com\/","logo":{"@type":"ImageObject","inLanguage":"es","@id":"https:\/\/lospoliticosveracruz.com\/#\/schema\/logo\/image\/","url":"https:\/\/lospoliticosveracruz.com\/wp-content\/uploads\/2025\/12\/Logo-Nuevo-LOS-POLITICOS-1.jpg","contentUrl":"https:\/\/lospoliticosveracruz.com\/wp-content\/uploads\/2025\/12\/Logo-Nuevo-LOS-POLITICOS-1.jpg","width":260,"height":70,"caption":"Los pol\u00edticos Veracruz"},"image":{"@id":"https:\/\/lospoliticosveracruz.com\/#\/schema\/logo\/image\/"},"sameAs":["https:\/\/www.facebook.com\/people\/Notimemes-de-los-Polticos\/61565672886568\/","https:\/\/x.com\/LosPoliticosVer"]},{"@type":"Person","@id":"https:\/\/lospoliticosveracruz.com\/#\/schema\/person\/b8702bb0e538456e6efd07080bf2a4a2","name":"Lo viste en Los Pol\u00edticos","image":{"@type":"ImageObject","inLanguage":"es","@id":"https:\/\/secure.gravatar.com\/avatar\/3a8de04a2656d44082be478bd6c086daa447c4651605818287b9532d3d0bd435?s=96&d=mm&r=g","url":"https:\/\/secure.gravatar.com\/avatar\/3a8de04a2656d44082be478bd6c086daa447c4651605818287b9532d3d0bd435?s=96&d=mm&r=g","contentUrl":"https:\/\/secure.gravatar.com\/avatar\/3a8de04a2656d44082be478bd6c086daa447c4651605818287b9532d3d0bd435?s=96&d=mm&r=g","caption":"Lo viste en Los Pol\u00edticos"},"url":"https:\/\/lospoliticosveracruz.com\/?author=2"}]}},"_links":{"self":[{"href":"https:\/\/lospoliticosveracruz.com\/index.php?rest_route=\/wp\/v2\/posts\/48846","targetHints":{"allow":["GET"]}}],"collection":[{"href":"https:\/\/lospoliticosveracruz.com\/index.php?rest_route=\/wp\/v2\/posts"}],"about":[{"href":"https:\/\/lospoliticosveracruz.com\/index.php?rest_route=\/wp\/v2\/types\/post"}],"author":[{"embeddable":true,"href":"https:\/\/lospoliticosveracruz.com\/index.php?rest_route=\/wp\/v2\/users\/2"}],"replies":[{"embeddable":true,"href":"https:\/\/lospoliticosveracruz.com\/index.php?rest_route=%2Fwp%2Fv2%2Fcomments&post=48846"}],"version-history":[{"count":1,"href":"https:\/\/lospoliticosveracruz.com\/index.php?rest_route=\/wp\/v2\/posts\/48846\/revisions"}],"predecessor-version":[{"id":48847,"href":"https:\/\/lospoliticosveracruz.com\/index.php?rest_route=\/wp\/v2\/posts\/48846\/revisions\/48847"}],"wp:attachment":[{"href":"https:\/\/lospoliticosveracruz.com\/index.php?rest_route=%2Fwp%2Fv2%2Fmedia&parent=48846"}],"wp:term":[{"taxonomy":"category","embeddable":true,"href":"https:\/\/lospoliticosveracruz.com\/index.php?rest_route=%2Fwp%2Fv2%2Fcategories&post=48846"},{"taxonomy":"post_tag","embeddable":true,"href":"https:\/\/lospoliticosveracruz.com\/index.php?rest_route=%2Fwp%2Fv2%2Ftags&post=48846"}],"curies":[{"name":"wp","href":"https:\/\/api.w.org\/{rel}","templated":true}]}}