{"id":48849,"date":"2019-07-17T22:57:49","date_gmt":"2019-07-18T03:57:49","guid":{"rendered":"http:\/\/www.lospoliticosveracruz.com.mx\/?p=48849"},"modified":"2019-07-17T22:57:49","modified_gmt":"2019-07-18T03:57:49","slug":"sergio-lider-que-divide","status":"publish","type":"post","link":"https:\/\/lospoliticosveracruz.com\/?p=48849","title":{"rendered":"Sergio, l\u00edder que divide"},"content":{"rendered":"<p><strong>Salvador Mu\u00f1oz<\/strong><\/p>\n<p><em>Los Pol\u00edticos<\/em><\/p>\n<p><span style=\"font-weight: 400;\">Cuando el legislador pri\u00edsta Ricardo Ahued votaba contra el PRI, o simplemente se absten\u00eda, tanto reporteros como bancadas de oposici\u00f3n ve\u00edan en \u00e9l a un hombre congruente consigo mismo\u2026 nadie del PRI le dijo nada&#8230;<\/span><\/p>\n<p><span style=\"font-weight: 400;\">Cuando legisladores de diversos grupos parlamentarios presentaron una denuncia ante la Secretar\u00eda de la Funci\u00f3n P\u00fablica demandando una investigaci\u00f3n por el posible conflicto de inter\u00e9s de funcionarios federales, que denunci\u00f3 en su carta de renuncia el exsecretario de la SHCP, Carlos Urz\u00faa, todo mundo aplaudi\u00f3 que entre las firmas estampadas en ese documento, estuviera la del presidente de la C\u00e1mara de Diputados, Porfirio Mu\u00f1oz Ledo\u2026 que sepa, nadie de Morena le dijo nada\u2026 pero los panistas le aplaudieron.<\/span><\/p>\n<p><span style=\"font-weight: 400;\">Cuando dos panistas discrepan del voto de la bancada, en asuntos como son la reforma a la Constituci\u00f3n para proceder pol\u00edticamente contra el Fiscal del Estado, as\u00ed como en la votaci\u00f3n de los dict\u00e1menes para llevarlo a juicio pol\u00edtico o en su validaci\u00f3n para desaparecer los poderes en el municipio de Mixtla de Altamirano, su jefe de bancada no s\u00f3lo los excluye de \u00e9sta, sino que ya demanda la \u201cexpulsaci\u00f3n\u201d de Enrique Cambranis y Nora Lagunes del PAN.<\/span><\/p>\n<p><span style=\"font-weight: 400;\">II<\/span><\/p>\n<p><span style=\"font-weight: 400;\">En la pasada sesi\u00f3n legislativa celebrada el martes nueve de julio, se vot\u00f3 la desaparici\u00f3n provisional del Ayuntamiento de Mixtla\u2026 al momento de la votaci\u00f3n, se abri\u00f3 el sistema electr\u00f3nico que en buen castellano, expone qui\u00e9n vota a favor, qui\u00e9n en contra y qui\u00e9n se abstiene de hacerlo\u2026 y otra cosa m\u00e1s, tambi\u00e9n nos recuerda qui\u00e9nes fueron los que faltaron al trabajo\u2026 con excusa o sin ella, al sumar los votos: 39 fueron a favor y siete en contra, as\u00ed como cero abstenciones.<\/span><\/p>\n<p><span style=\"font-weight: 400;\">Entre los panistas que votaron a favor de la desaparici\u00f3n provisional del Ayuntamiento de Mixtla, est\u00e1n tres: Enrique Cambranis Torres, Nora Lagunes J\u00e1uregui y Rodrigo Garc\u00eda Escalante. S\u00ed, ya se dio cuenta\u2026 la indignaci\u00f3n de Sergio Hern\u00e1ndez Hern\u00e1ndez no alcanza a llegarle al nativo de P\u00e1nuco\u2026 s\u00f3lo a dos panistas\u2026 Al menos que se le haya pasado ese voto en contra a Sergio Hern\u00e1ndez, porque si se recuerda, ese martes nueve de julio que se discut\u00eda la desaparici\u00f3n provisional del Ayuntamiento de Mixtla, el diputado plurinominal del PAN y jefe de bancada albiazul, mand\u00f3 a decir que se justificara su ausencia \u201cpor desempe\u00f1ar funciones propias de su encargo, por lo que no podr\u00e1 asistir a la sesi\u00f3n de este d\u00eda\u201d, citaba Jos\u00e9 Manuel Pozos Castro\u2026<\/span><\/p>\n<p><span style=\"font-weight: 400;\">\u00bfAlgo m\u00e1s relevante para no asistir que uno de los motivos por los que hoy condena a los que s\u00ed asistieron y votaron? \u00a1No me lo imagino!<\/span><\/p>\n<p><span style=\"font-weight: 400;\">III<\/span><\/p>\n<p><span style=\"font-weight: 400;\">Si la ausencia de Ricardo Garc\u00eda Escalante en su indignaci\u00f3n no es por omisi\u00f3n o descuido, \u00bfpor qu\u00e9 entonces? \u00bfConveniencia? \u00bfLe conviene pelearse con Rodrigo? \u00a1Como sea! Todo indica que la posici\u00f3n de Sergio Hern\u00e1ndez con respecto a Cambranis y Nora Lagunes obedece m\u00e1s a intereses de grupos que de partido.<\/span><\/p>\n<p><span style=\"font-weight: 400;\">Ya lo dice en su declaraci\u00f3n Omar Miranda con respecto a la actitud tomada por el jefe de bancada panista: \u201clas confrontaciones al interior no es algo que abone y tampoco ayudar\u00e1 a obtener una mejor posici\u00f3n\u201d.<\/span><\/p>\n<p><span style=\"font-weight: 400;\">Pero la m\u00e1s relevante es la siguiente: \u201cSorprendido, porque no estaba enterado; yo me enter\u00e9 hoy mismo por la ma\u00f1ana que se realiz\u00f3 esta rueda de prensa, no fue algo de lo que yo hubiera estado enterado, no ten\u00eda conocimiento de esa decisi\u00f3n\u201d.<\/span><\/p>\n<p><span style=\"font-weight: 400;\">Imaginamos que la decisi\u00f3n a la que se refiere Miranda es la de separar a Cambranis y Nora de la bancada, aunque si no tom\u00f3 en cuenta a su cuate xalape\u00f1o, \u00bflo habr\u00e1 hecho con los dem\u00e1s diputados azules?<\/span><\/p>\n<p><span style=\"font-weight: 400;\">Habr\u00e1 que preguntar si antes de hacer el show medi\u00e1tico, Sergio Hern\u00e1ndez dio a conocer su postura ante la Comisi\u00f3n de Orden del PAN, y tambi\u00e9n habr\u00e1 que ver qu\u00e9 dicen en el centro, en el altiplano, porque hoy m\u00e1s que nunca, cuando el Tribunal Electoral del Poder Judicial de la Federaci\u00f3n sentencia que se debe hacer una elecci\u00f3n extraordinaria en la dirigencia estatal del PAN, lo que menos espera cualquier panista de sangre azul, es la divisi\u00f3n, \u00e9sa que genera con sus arrebatos \u201cel l\u00edder\u201d de la fracci\u00f3n panista que es capaz de criticar el voto en masa de Morena, pero jam\u00e1s la de su bancada&#8230;<\/span><\/p>\n<p>&nbsp;<\/p>\n<p><span style=\"font-weight: 400;\">smcainito@gmail.com<\/span><\/p>\n","protected":false},"excerpt":{"rendered":"<p>Salvador Mu\u00f1oz Los Pol\u00edticos Cuando el legislador pri\u00edsta Ricardo Ahued votaba contra el PRI, o simplemente se absten\u00eda, tanto reporteros como bancadas de oposici\u00f3n ve\u00edan en \u00e9l a un hombre congruente consigo mismo\u2026 nadie del PRI le dijo nada&#8230; Cuando legisladores de diversos grupos parlamentarios presentaron una denuncia ante la Secretar\u00eda de la Funci\u00f3n P\u00fablica [&hellip;]<\/p>\n","protected":false},"author":2,"featured_media":48850,"comment_status":"open","ping_status":"open","sticky":false,"template":"","format":"standard","meta":{"tdm_status":"","tdm_grid_status":"","footnotes":""},"categories":[70],"tags":[2226,5838,1026,13485,266,251,876,6481],"class_list":{"0":"post-48849","1":"post","2":"type-post","3":"status-publish","4":"format-standard","5":"has-post-thumbnail","7":"category-de-opinion","8":"tag-enrique-cambranis","9":"tag-mixtla-de-altamirano","10":"tag-morena","11":"tag-nora-lagunes-jauregui","12":"tag-pan","13":"tag-pri","14":"tag-ricardo-ahued","15":"tag-sergio-hernandez-hernandez"},"yoast_head":"<!-- This site is optimized with the Yoast SEO plugin v27.4 - https:\/\/yoast.com\/product\/yoast-seo-wordpress\/ -->\n<title>Sergio, l\u00edder que divide - Los pol\u00edticos Veracruz<\/title>\n<meta name=\"robots\" content=\"index, follow, max-snippet:-1, max-image-preview:large, max-video-preview:-1\" \/>\n<link rel=\"canonical\" href=\"https:\/\/lospoliticosveracruz.com\/?p=48849\" \/>\n<meta property=\"og:locale\" content=\"es_ES\" \/>\n<meta property=\"og:type\" content=\"article\" \/>\n<meta property=\"og:title\" content=\"Sergio, l\u00edder que divide - Los pol\u00edticos Veracruz\" \/>\n<meta property=\"og:description\" content=\"Salvador Mu\u00f1oz Los Pol\u00edticos Cuando el legislador pri\u00edsta Ricardo Ahued votaba contra el PRI, o simplemente se absten\u00eda, tanto reporteros como bancadas de oposici\u00f3n ve\u00edan en \u00e9l a un hombre congruente consigo mismo\u2026 nadie del PRI le dijo nada&#8230; Cuando legisladores de diversos grupos parlamentarios presentaron una denuncia ante la Secretar\u00eda de la Funci\u00f3n P\u00fablica [&hellip;]\" \/>\n<meta property=\"og:url\" content=\"https:\/\/lospoliticosveracruz.com\/?p=48849\" \/>\n<meta property=\"og:site_name\" content=\"Los pol\u00edticos Veracruz\" \/>\n<meta property=\"article:publisher\" content=\"https:\/\/www.facebook.com\/people\/Notimemes-de-los-Polticos\/61565672886568\/\" \/>\n<meta property=\"article:published_time\" content=\"2019-07-18T03:57:49+00:00\" \/>\n<meta property=\"og:image\" content=\"https:\/\/lospoliticosveracruz.com\/wp-content\/uploads\/2019\/07\/Sergio.jpeg\" \/>\n\t<meta property=\"og:image:width\" content=\"600\" \/>\n\t<meta property=\"og:image:height\" content=\"400\" \/>\n\t<meta property=\"og:image:type\" content=\"image\/jpeg\" \/>\n<meta name=\"author\" content=\"Lo viste en Los Pol\u00edticos\" \/>\n<meta name=\"twitter:card\" content=\"summary_large_image\" \/>\n<meta name=\"twitter:creator\" content=\"@LosPoliticosVer\" \/>\n<meta name=\"twitter:site\" content=\"@LosPoliticosVer\" \/>\n<meta name=\"twitter:label1\" content=\"Escrito por\" \/>\n\t<meta name=\"twitter:data1\" content=\"Lo viste en Los Pol\u00edticos\" \/>\n\t<meta name=\"twitter:label2\" content=\"Tiempo de lectura\" \/>\n\t<meta name=\"twitter:data2\" content=\"4 minutos\" \/>\n<script type=\"application\/ld+json\" class=\"yoast-schema-graph\">{\"@context\":\"https:\\\/\\\/schema.org\",\"@graph\":[{\"@type\":\"Article\",\"@id\":\"https:\\\/\\\/lospoliticosveracruz.com\\\/?p=48849#article\",\"isPartOf\":{\"@id\":\"https:\\\/\\\/lospoliticosveracruz.com\\\/?p=48849\"},\"author\":{\"name\":\"Lo viste en Los Pol\u00edticos\",\"@id\":\"https:\\\/\\\/lospoliticosveracruz.com\\\/#\\\/schema\\\/person\\\/b8702bb0e538456e6efd07080bf2a4a2\"},\"headline\":\"Sergio, l\u00edder que divide\",\"datePublished\":\"2019-07-18T03:57:49+00:00\",\"mainEntityOfPage\":{\"@id\":\"https:\\\/\\\/lospoliticosveracruz.com\\\/?p=48849\"},\"wordCount\":791,\"commentCount\":0,\"publisher\":{\"@id\":\"https:\\\/\\\/lospoliticosveracruz.com\\\/#organization\"},\"image\":{\"@id\":\"https:\\\/\\\/lospoliticosveracruz.com\\\/?p=48849#primaryimage\"},\"thumbnailUrl\":\"https:\\\/\\\/lospoliticosveracruz.com\\\/wp-content\\\/uploads\\\/2019\\\/07\\\/Sergio.jpeg\",\"keywords\":[\"Enrique Cambranis\",\"Mixtla de Altamirano\",\"Morena\",\"Nora Lagunes J\u00e1uregui\",\"PAN\",\"PRI\",\"Ricardo Ahued\",\"Sergio Hern\u00e1ndez Hern\u00e1ndez\"],\"articleSection\":[\"De Opini\u00f3n\"],\"inLanguage\":\"es\",\"potentialAction\":[{\"@type\":\"CommentAction\",\"name\":\"Comment\",\"target\":[\"https:\\\/\\\/lospoliticosveracruz.com\\\/?p=48849#respond\"]}]},{\"@type\":\"WebPage\",\"@id\":\"https:\\\/\\\/lospoliticosveracruz.com\\\/?p=48849\",\"url\":\"https:\\\/\\\/lospoliticosveracruz.com\\\/?p=48849\",\"name\":\"Sergio, l\u00edder que divide - Los pol\u00edticos Veracruz\",\"isPartOf\":{\"@id\":\"https:\\\/\\\/lospoliticosveracruz.com\\\/#website\"},\"primaryImageOfPage\":{\"@id\":\"https:\\\/\\\/lospoliticosveracruz.com\\\/?p=48849#primaryimage\"},\"image\":{\"@id\":\"https:\\\/\\\/lospoliticosveracruz.com\\\/?p=48849#primaryimage\"},\"thumbnailUrl\":\"https:\\\/\\\/lospoliticosveracruz.com\\\/wp-content\\\/uploads\\\/2019\\\/07\\\/Sergio.jpeg\",\"datePublished\":\"2019-07-18T03:57:49+00:00\",\"breadcrumb\":{\"@id\":\"https:\\\/\\\/lospoliticosveracruz.com\\\/?p=48849#breadcrumb\"},\"inLanguage\":\"es\",\"potentialAction\":[{\"@type\":\"ReadAction\",\"target\":[\"https:\\\/\\\/lospoliticosveracruz.com\\\/?p=48849\"]}]},{\"@type\":\"ImageObject\",\"inLanguage\":\"es\",\"@id\":\"https:\\\/\\\/lospoliticosveracruz.com\\\/?p=48849#primaryimage\",\"url\":\"https:\\\/\\\/lospoliticosveracruz.com\\\/wp-content\\\/uploads\\\/2019\\\/07\\\/Sergio.jpeg\",\"contentUrl\":\"https:\\\/\\\/lospoliticosveracruz.com\\\/wp-content\\\/uploads\\\/2019\\\/07\\\/Sergio.jpeg\",\"width\":600,\"height\":400},{\"@type\":\"BreadcrumbList\",\"@id\":\"https:\\\/\\\/lospoliticosveracruz.com\\\/?p=48849#breadcrumb\",\"itemListElement\":[{\"@type\":\"ListItem\",\"position\":1,\"name\":\"Portada\",\"item\":\"https:\\\/\\\/lospoliticosveracruz.com\\\/\"},{\"@type\":\"ListItem\",\"position\":2,\"name\":\"Sergio, l\u00edder que divide\"}]},{\"@type\":\"WebSite\",\"@id\":\"https:\\\/\\\/lospoliticosveracruz.com\\\/#website\",\"url\":\"https:\\\/\\\/lospoliticosveracruz.com\\\/\",\"name\":\"Los pol\u00edticos Veracruz\",\"description\":\"\",\"publisher\":{\"@id\":\"https:\\\/\\\/lospoliticosveracruz.com\\\/#organization\"},\"potentialAction\":[{\"@type\":\"SearchAction\",\"target\":{\"@type\":\"EntryPoint\",\"urlTemplate\":\"https:\\\/\\\/lospoliticosveracruz.com\\\/?s={search_term_string}\"},\"query-input\":{\"@type\":\"PropertyValueSpecification\",\"valueRequired\":true,\"valueName\":\"search_term_string\"}}],\"inLanguage\":\"es\"},{\"@type\":\"Organization\",\"@id\":\"https:\\\/\\\/lospoliticosveracruz.com\\\/#organization\",\"name\":\"Los pol\u00edticos Veracruz\",\"url\":\"https:\\\/\\\/lospoliticosveracruz.com\\\/\",\"logo\":{\"@type\":\"ImageObject\",\"inLanguage\":\"es\",\"@id\":\"https:\\\/\\\/lospoliticosveracruz.com\\\/#\\\/schema\\\/logo\\\/image\\\/\",\"url\":\"https:\\\/\\\/lospoliticosveracruz.com\\\/wp-content\\\/uploads\\\/2025\\\/12\\\/Logo-Nuevo-LOS-POLITICOS-1.jpg\",\"contentUrl\":\"https:\\\/\\\/lospoliticosveracruz.com\\\/wp-content\\\/uploads\\\/2025\\\/12\\\/Logo-Nuevo-LOS-POLITICOS-1.jpg\",\"width\":260,\"height\":70,\"caption\":\"Los pol\u00edticos Veracruz\"},\"image\":{\"@id\":\"https:\\\/\\\/lospoliticosveracruz.com\\\/#\\\/schema\\\/logo\\\/image\\\/\"},\"sameAs\":[\"https:\\\/\\\/www.facebook.com\\\/people\\\/Notimemes-de-los-Polticos\\\/61565672886568\\\/\",\"https:\\\/\\\/x.com\\\/LosPoliticosVer\"]},{\"@type\":\"Person\",\"@id\":\"https:\\\/\\\/lospoliticosveracruz.com\\\/#\\\/schema\\\/person\\\/b8702bb0e538456e6efd07080bf2a4a2\",\"name\":\"Lo viste en Los Pol\u00edticos\",\"image\":{\"@type\":\"ImageObject\",\"inLanguage\":\"es\",\"@id\":\"https:\\\/\\\/secure.gravatar.com\\\/avatar\\\/3a8de04a2656d44082be478bd6c086daa447c4651605818287b9532d3d0bd435?s=96&d=mm&r=g\",\"url\":\"https:\\\/\\\/secure.gravatar.com\\\/avatar\\\/3a8de04a2656d44082be478bd6c086daa447c4651605818287b9532d3d0bd435?s=96&d=mm&r=g\",\"contentUrl\":\"https:\\\/\\\/secure.gravatar.com\\\/avatar\\\/3a8de04a2656d44082be478bd6c086daa447c4651605818287b9532d3d0bd435?s=96&d=mm&r=g\",\"caption\":\"Lo viste en Los Pol\u00edticos\"},\"url\":\"https:\\\/\\\/lospoliticosveracruz.com\\\/?author=2\"}]}<\/script>\n<!-- \/ Yoast SEO plugin. -->","yoast_head_json":{"title":"Sergio, l\u00edder que divide - Los pol\u00edticos Veracruz","robots":{"index":"index","follow":"follow","max-snippet":"max-snippet:-1","max-image-preview":"max-image-preview:large","max-video-preview":"max-video-preview:-1"},"canonical":"https:\/\/lospoliticosveracruz.com\/?p=48849","og_locale":"es_ES","og_type":"article","og_title":"Sergio, l\u00edder que divide - Los pol\u00edticos Veracruz","og_description":"Salvador Mu\u00f1oz Los Pol\u00edticos Cuando el legislador pri\u00edsta Ricardo Ahued votaba contra el PRI, o simplemente se absten\u00eda, tanto reporteros como bancadas de oposici\u00f3n ve\u00edan en \u00e9l a un hombre congruente consigo mismo\u2026 nadie del PRI le dijo nada&#8230; Cuando legisladores de diversos grupos parlamentarios presentaron una denuncia ante la Secretar\u00eda de la Funci\u00f3n P\u00fablica [&hellip;]","og_url":"https:\/\/lospoliticosveracruz.com\/?p=48849","og_site_name":"Los pol\u00edticos Veracruz","article_publisher":"https:\/\/www.facebook.com\/people\/Notimemes-de-los-Polticos\/61565672886568\/","article_published_time":"2019-07-18T03:57:49+00:00","og_image":[{"width":600,"height":400,"url":"https:\/\/lospoliticosveracruz.com\/wp-content\/uploads\/2019\/07\/Sergio.jpeg","type":"image\/jpeg"}],"author":"Lo viste en Los Pol\u00edticos","twitter_card":"summary_large_image","twitter_creator":"@LosPoliticosVer","twitter_site":"@LosPoliticosVer","twitter_misc":{"Escrito por":"Lo viste en Los Pol\u00edticos","Tiempo de lectura":"4 minutos"},"schema":{"@context":"https:\/\/schema.org","@graph":[{"@type":"Article","@id":"https:\/\/lospoliticosveracruz.com\/?p=48849#article","isPartOf":{"@id":"https:\/\/lospoliticosveracruz.com\/?p=48849"},"author":{"name":"Lo viste en Los Pol\u00edticos","@id":"https:\/\/lospoliticosveracruz.com\/#\/schema\/person\/b8702bb0e538456e6efd07080bf2a4a2"},"headline":"Sergio, l\u00edder que divide","datePublished":"2019-07-18T03:57:49+00:00","mainEntityOfPage":{"@id":"https:\/\/lospoliticosveracruz.com\/?p=48849"},"wordCount":791,"commentCount":0,"publisher":{"@id":"https:\/\/lospoliticosveracruz.com\/#organization"},"image":{"@id":"https:\/\/lospoliticosveracruz.com\/?p=48849#primaryimage"},"thumbnailUrl":"https:\/\/lospoliticosveracruz.com\/wp-content\/uploads\/2019\/07\/Sergio.jpeg","keywords":["Enrique Cambranis","Mixtla de Altamirano","Morena","Nora Lagunes J\u00e1uregui","PAN","PRI","Ricardo Ahued","Sergio Hern\u00e1ndez Hern\u00e1ndez"],"articleSection":["De Opini\u00f3n"],"inLanguage":"es","potentialAction":[{"@type":"CommentAction","name":"Comment","target":["https:\/\/lospoliticosveracruz.com\/?p=48849#respond"]}]},{"@type":"WebPage","@id":"https:\/\/lospoliticosveracruz.com\/?p=48849","url":"https:\/\/lospoliticosveracruz.com\/?p=48849","name":"Sergio, l\u00edder que divide - Los pol\u00edticos Veracruz","isPartOf":{"@id":"https:\/\/lospoliticosveracruz.com\/#website"},"primaryImageOfPage":{"@id":"https:\/\/lospoliticosveracruz.com\/?p=48849#primaryimage"},"image":{"@id":"https:\/\/lospoliticosveracruz.com\/?p=48849#primaryimage"},"thumbnailUrl":"https:\/\/lospoliticosveracruz.com\/wp-content\/uploads\/2019\/07\/Sergio.jpeg","datePublished":"2019-07-18T03:57:49+00:00","breadcrumb":{"@id":"https:\/\/lospoliticosveracruz.com\/?p=48849#breadcrumb"},"inLanguage":"es","potentialAction":[{"@type":"ReadAction","target":["https:\/\/lospoliticosveracruz.com\/?p=48849"]}]},{"@type":"ImageObject","inLanguage":"es","@id":"https:\/\/lospoliticosveracruz.com\/?p=48849#primaryimage","url":"https:\/\/lospoliticosveracruz.com\/wp-content\/uploads\/2019\/07\/Sergio.jpeg","contentUrl":"https:\/\/lospoliticosveracruz.com\/wp-content\/uploads\/2019\/07\/Sergio.jpeg","width":600,"height":400},{"@type":"BreadcrumbList","@id":"https:\/\/lospoliticosveracruz.com\/?p=48849#breadcrumb","itemListElement":[{"@type":"ListItem","position":1,"name":"Portada","item":"https:\/\/lospoliticosveracruz.com\/"},{"@type":"ListItem","position":2,"name":"Sergio, l\u00edder que divide"}]},{"@type":"WebSite","@id":"https:\/\/lospoliticosveracruz.com\/#website","url":"https:\/\/lospoliticosveracruz.com\/","name":"Los pol\u00edticos Veracruz","description":"","publisher":{"@id":"https:\/\/lospoliticosveracruz.com\/#organization"},"potentialAction":[{"@type":"SearchAction","target":{"@type":"EntryPoint","urlTemplate":"https:\/\/lospoliticosveracruz.com\/?s={search_term_string}"},"query-input":{"@type":"PropertyValueSpecification","valueRequired":true,"valueName":"search_term_string"}}],"inLanguage":"es"},{"@type":"Organization","@id":"https:\/\/lospoliticosveracruz.com\/#organization","name":"Los pol\u00edticos Veracruz","url":"https:\/\/lospoliticosveracruz.com\/","logo":{"@type":"ImageObject","inLanguage":"es","@id":"https:\/\/lospoliticosveracruz.com\/#\/schema\/logo\/image\/","url":"https:\/\/lospoliticosveracruz.com\/wp-content\/uploads\/2025\/12\/Logo-Nuevo-LOS-POLITICOS-1.jpg","contentUrl":"https:\/\/lospoliticosveracruz.com\/wp-content\/uploads\/2025\/12\/Logo-Nuevo-LOS-POLITICOS-1.jpg","width":260,"height":70,"caption":"Los pol\u00edticos Veracruz"},"image":{"@id":"https:\/\/lospoliticosveracruz.com\/#\/schema\/logo\/image\/"},"sameAs":["https:\/\/www.facebook.com\/people\/Notimemes-de-los-Polticos\/61565672886568\/","https:\/\/x.com\/LosPoliticosVer"]},{"@type":"Person","@id":"https:\/\/lospoliticosveracruz.com\/#\/schema\/person\/b8702bb0e538456e6efd07080bf2a4a2","name":"Lo viste en Los Pol\u00edticos","image":{"@type":"ImageObject","inLanguage":"es","@id":"https:\/\/secure.gravatar.com\/avatar\/3a8de04a2656d44082be478bd6c086daa447c4651605818287b9532d3d0bd435?s=96&d=mm&r=g","url":"https:\/\/secure.gravatar.com\/avatar\/3a8de04a2656d44082be478bd6c086daa447c4651605818287b9532d3d0bd435?s=96&d=mm&r=g","contentUrl":"https:\/\/secure.gravatar.com\/avatar\/3a8de04a2656d44082be478bd6c086daa447c4651605818287b9532d3d0bd435?s=96&d=mm&r=g","caption":"Lo viste en Los Pol\u00edticos"},"url":"https:\/\/lospoliticosveracruz.com\/?author=2"}]}},"_links":{"self":[{"href":"https:\/\/lospoliticosveracruz.com\/index.php?rest_route=\/wp\/v2\/posts\/48849","targetHints":{"allow":["GET"]}}],"collection":[{"href":"https:\/\/lospoliticosveracruz.com\/index.php?rest_route=\/wp\/v2\/posts"}],"about":[{"href":"https:\/\/lospoliticosveracruz.com\/index.php?rest_route=\/wp\/v2\/types\/post"}],"author":[{"embeddable":true,"href":"https:\/\/lospoliticosveracruz.com\/index.php?rest_route=\/wp\/v2\/users\/2"}],"replies":[{"embeddable":true,"href":"https:\/\/lospoliticosveracruz.com\/index.php?rest_route=%2Fwp%2Fv2%2Fcomments&post=48849"}],"version-history":[{"count":1,"href":"https:\/\/lospoliticosveracruz.com\/index.php?rest_route=\/wp\/v2\/posts\/48849\/revisions"}],"predecessor-version":[{"id":48851,"href":"https:\/\/lospoliticosveracruz.com\/index.php?rest_route=\/wp\/v2\/posts\/48849\/revisions\/48851"}],"wp:featuredmedia":[{"embeddable":true,"href":"https:\/\/lospoliticosveracruz.com\/index.php?rest_route=\/wp\/v2\/media\/48850"}],"wp:attachment":[{"href":"https:\/\/lospoliticosveracruz.com\/index.php?rest_route=%2Fwp%2Fv2%2Fmedia&parent=48849"}],"wp:term":[{"taxonomy":"category","embeddable":true,"href":"https:\/\/lospoliticosveracruz.com\/index.php?rest_route=%2Fwp%2Fv2%2Fcategories&post=48849"},{"taxonomy":"post_tag","embeddable":true,"href":"https:\/\/lospoliticosveracruz.com\/index.php?rest_route=%2Fwp%2Fv2%2Ftags&post=48849"}],"curies":[{"name":"wp","href":"https:\/\/api.w.org\/{rel}","templated":true}]}}