{"id":48860,"date":"2019-07-18T13:39:31","date_gmt":"2019-07-18T18:39:31","guid":{"rendered":"http:\/\/www.lospoliticosveracruz.com.mx\/?p=48860"},"modified":"2019-07-18T13:39:31","modified_gmt":"2019-07-18T18:39:31","slug":"orfis-imco-para-apoyar-a-municipios-en-su-informacion","status":"publish","type":"post","link":"https:\/\/lospoliticosveracruz.com\/?p=48860","title":{"rendered":"Orfis-IMCO, para apoyar a municipios en su informaci\u00f3n"},"content":{"rendered":"<p>ORFIS firma convenio con el IMCO para<br \/>\nseguir apoyando a municipios veracruzanos<\/p>\n<p>El titular del \u00d3rgano de Fiscalizaci\u00f3n Superior del Estado, Lorenzo Antonio Portilla V\u00e1squez, firm\u00f3 un convenio de colaboraci\u00f3n con Manuel Guadarrama Herrera, coordinador de Buen Gobierno y Finanzas P\u00fablicas del Instituto Mexicano para la Competitividad AC, (IMCO), para que los municipios veracruzanos mejoren la calidad de la informaci\u00f3n financiera presupuestal.<\/p>\n<p>En presencia de Ramiro Su\u00e1rez Gal\u00e1n, investigador de la Coordinaci\u00f3n de Buen Gobierno y Finanzas P\u00fablicas, de funcionarios del ORFIS y medios de comunicaci\u00f3n, Portilla V\u00e1squez dijo que en la dependencia fiscalizadora de Veracruz \u201cestamos comprometidos con los retos que trae consigo esta colaboraci\u00f3n, particularmente con la implementaci\u00f3n del \u00edndice de informaci\u00f3n presupuestal municipal y cuya evaluaci\u00f3n de una muestra de los entes fiscalizables municipales del pa\u00eds est\u00e1 prevista para el ejercicio 2020\u201d.<\/p>\n<p>\u201cEstamos conscientes de los antecedentes que existen respecto a evaluaciones de a\u00f1os anteriores, en los municipios del estado, sin embargo, esa es nuestra mayor motivaci\u00f3n para que los resultados esperados se materialicen en un corto plazo\u201d, asever\u00f3.<\/p>\n<p>Dijo que a partir de las mesas de trabajo, la capacitaci\u00f3n en temas de contabilidad gubernamental, disciplina financiera y transparencia presupuestal; la implementaci\u00f3n del \u00edndice; la adopci\u00f3n de mejores pr\u00e1cticas en materia presupuestal y del ejercicio del gasto, as\u00ed como la correcta comunicaci\u00f3n con los municipios que participar\u00e1n, lograremos que los gobiernos locales obtengan una calificaci\u00f3n satisfactoria y se posicionen dentro de los mejores calificados en esta evaluaci\u00f3n y las subsecuentes.<\/p>\n<p>Destac\u00f3 que desde el 2012 \u201cestablecimos un plan maestro en el que se enumeraron una serie de compromisos, que hasta ahora nos han permitido cumplir no solo con nuestro mandato constitucional, sino tambi\u00e9n incorporar una serie de actividades que han generado valor agregado a nuestra funci\u00f3n sustantiva\u201d.<\/p>\n<p>\u201cConstantemente impulsamos la capacitaci\u00f3n a los entes fiscalizables y promovemos el acceso a la informaci\u00f3n, la transparencia, el buen gobierno, la rendici\u00f3n de cuentas y la participaci\u00f3n ciudadana, como estrategia de combate a la corrupci\u00f3n; todo ello dentro de un marco de actuaci\u00f3n \u00e9tico e \u00edntegro, comprometidos con la sociedad y con estricto apego a la legalidad\u201d.<\/p>\n<p>\u201cDel mismo modo, en el ORFIS, conocemos del trabajo que desempe\u00f1a el IMCO y de las valiosas aportaciones que peri\u00f3dicamente realiza en materia de pol\u00edticas p\u00fablicas, para el desarrollo del pa\u00eds y, por esa raz\u00f3n, no dudamos en aceptar la invitaci\u00f3n para trabajar de manera conjunta, pues los fines que se persiguen con la firma de este convenio, se encuentran alineados a nuestra visi\u00f3n y son congruentes con el esp\u00edritu preventivo que ha prevalecido desde el inicio de esta administraci\u00f3n\u201d, concluy\u00f3.<\/p>\n","protected":false},"excerpt":{"rendered":"<p>ORFIS firma convenio con el IMCO para seguir apoyando a municipios veracruzanos El titular del \u00d3rgano de Fiscalizaci\u00f3n Superior del Estado, Lorenzo Antonio Portilla V\u00e1squez, firm\u00f3 un convenio de colaboraci\u00f3n con Manuel Guadarrama Herrera, coordinador de Buen Gobierno y Finanzas P\u00fablicas del Instituto Mexicano para la Competitividad AC, (IMCO), para que los municipios veracruzanos mejoren [&hellip;]<\/p>\n","protected":false},"author":2,"featured_media":48861,"comment_status":"open","ping_status":"open","sticky":false,"template":"","format":"standard","meta":{"tdm_status":"","tdm_grid_status":"","footnotes":""},"categories":[73],"tags":[398,14992,597,135],"class_list":{"0":"post-48860","1":"post","2":"type-post","3":"status-publish","4":"format-standard","5":"has-post-thumbnail","7":"category-de-boleto","8":"tag-imco","9":"tag-lorenzo-antonio-vasquez-portilla","10":"tag-municipios","11":"tag-orfis"},"yoast_head":"<!-- This site is optimized with the Yoast SEO plugin v27.4 - https:\/\/yoast.com\/product\/yoast-seo-wordpress\/ -->\n<title>Orfis-IMCO, para apoyar a municipios en su informaci\u00f3n - Los pol\u00edticos Veracruz<\/title>\n<meta name=\"robots\" content=\"index, follow, max-snippet:-1, max-image-preview:large, max-video-preview:-1\" \/>\n<link rel=\"canonical\" href=\"https:\/\/lospoliticosveracruz.com\/?p=48860\" \/>\n<meta property=\"og:locale\" content=\"es_ES\" \/>\n<meta property=\"og:type\" content=\"article\" \/>\n<meta property=\"og:title\" content=\"Orfis-IMCO, para apoyar a municipios en su informaci\u00f3n - Los pol\u00edticos Veracruz\" \/>\n<meta property=\"og:description\" content=\"ORFIS firma convenio con el IMCO para seguir apoyando a municipios veracruzanos El titular del \u00d3rgano de Fiscalizaci\u00f3n Superior del Estado, Lorenzo Antonio Portilla V\u00e1squez, firm\u00f3 un convenio de colaboraci\u00f3n con Manuel Guadarrama Herrera, coordinador de Buen Gobierno y Finanzas P\u00fablicas del Instituto Mexicano para la Competitividad AC, (IMCO), para que los municipios veracruzanos mejoren [&hellip;]\" \/>\n<meta property=\"og:url\" content=\"https:\/\/lospoliticosveracruz.com\/?p=48860\" \/>\n<meta property=\"og:site_name\" content=\"Los pol\u00edticos Veracruz\" \/>\n<meta property=\"article:publisher\" content=\"https:\/\/www.facebook.com\/people\/Notimemes-de-los-Polticos\/61565672886568\/\" \/>\n<meta property=\"article:published_time\" content=\"2019-07-18T18:39:31+00:00\" \/>\n<meta property=\"og:image\" content=\"https:\/\/lospoliticosveracruz.com\/wp-content\/uploads\/2019\/07\/156CC2A5-32A3-415C-8DCC-ACE88C91B6FB.jpeg\" \/>\n\t<meta property=\"og:image:width\" content=\"1024\" \/>\n\t<meta property=\"og:image:height\" content=\"768\" \/>\n\t<meta property=\"og:image:type\" content=\"image\/jpeg\" \/>\n<meta name=\"author\" content=\"Lo viste en Los Pol\u00edticos\" \/>\n<meta name=\"twitter:card\" content=\"summary_large_image\" \/>\n<meta name=\"twitter:creator\" content=\"@LosPoliticosVer\" \/>\n<meta name=\"twitter:site\" content=\"@LosPoliticosVer\" \/>\n<meta name=\"twitter:label1\" content=\"Escrito por\" \/>\n\t<meta name=\"twitter:data1\" content=\"Lo viste en Los Pol\u00edticos\" \/>\n\t<meta name=\"twitter:label2\" content=\"Tiempo de lectura\" \/>\n\t<meta name=\"twitter:data2\" content=\"2 minutos\" \/>\n<script type=\"application\/ld+json\" class=\"yoast-schema-graph\">{\"@context\":\"https:\\\/\\\/schema.org\",\"@graph\":[{\"@type\":\"Article\",\"@id\":\"https:\\\/\\\/lospoliticosveracruz.com\\\/?p=48860#article\",\"isPartOf\":{\"@id\":\"https:\\\/\\\/lospoliticosveracruz.com\\\/?p=48860\"},\"author\":{\"name\":\"Lo viste en Los Pol\u00edticos\",\"@id\":\"https:\\\/\\\/lospoliticosveracruz.com\\\/#\\\/schema\\\/person\\\/b8702bb0e538456e6efd07080bf2a4a2\"},\"headline\":\"Orfis-IMCO, para apoyar a municipios en su informaci\u00f3n\",\"datePublished\":\"2019-07-18T18:39:31+00:00\",\"mainEntityOfPage\":{\"@id\":\"https:\\\/\\\/lospoliticosveracruz.com\\\/?p=48860\"},\"wordCount\":479,\"commentCount\":0,\"publisher\":{\"@id\":\"https:\\\/\\\/lospoliticosveracruz.com\\\/#organization\"},\"image\":{\"@id\":\"https:\\\/\\\/lospoliticosveracruz.com\\\/?p=48860#primaryimage\"},\"thumbnailUrl\":\"https:\\\/\\\/lospoliticosveracruz.com\\\/wp-content\\\/uploads\\\/2019\\\/07\\\/156CC2A5-32A3-415C-8DCC-ACE88C91B6FB.jpeg\",\"keywords\":[\"IMCO\",\"Lorenzo Antonio V\u00e1squez Portilla\",\"municipios\",\"Orfis\"],\"articleSection\":[\"De Boleto\"],\"inLanguage\":\"es\",\"potentialAction\":[{\"@type\":\"CommentAction\",\"name\":\"Comment\",\"target\":[\"https:\\\/\\\/lospoliticosveracruz.com\\\/?p=48860#respond\"]}]},{\"@type\":\"WebPage\",\"@id\":\"https:\\\/\\\/lospoliticosveracruz.com\\\/?p=48860\",\"url\":\"https:\\\/\\\/lospoliticosveracruz.com\\\/?p=48860\",\"name\":\"Orfis-IMCO, para apoyar a municipios en su informaci\u00f3n - Los pol\u00edticos Veracruz\",\"isPartOf\":{\"@id\":\"https:\\\/\\\/lospoliticosveracruz.com\\\/#website\"},\"primaryImageOfPage\":{\"@id\":\"https:\\\/\\\/lospoliticosveracruz.com\\\/?p=48860#primaryimage\"},\"image\":{\"@id\":\"https:\\\/\\\/lospoliticosveracruz.com\\\/?p=48860#primaryimage\"},\"thumbnailUrl\":\"https:\\\/\\\/lospoliticosveracruz.com\\\/wp-content\\\/uploads\\\/2019\\\/07\\\/156CC2A5-32A3-415C-8DCC-ACE88C91B6FB.jpeg\",\"datePublished\":\"2019-07-18T18:39:31+00:00\",\"breadcrumb\":{\"@id\":\"https:\\\/\\\/lospoliticosveracruz.com\\\/?p=48860#breadcrumb\"},\"inLanguage\":\"es\",\"potentialAction\":[{\"@type\":\"ReadAction\",\"target\":[\"https:\\\/\\\/lospoliticosveracruz.com\\\/?p=48860\"]}]},{\"@type\":\"ImageObject\",\"inLanguage\":\"es\",\"@id\":\"https:\\\/\\\/lospoliticosveracruz.com\\\/?p=48860#primaryimage\",\"url\":\"https:\\\/\\\/lospoliticosveracruz.com\\\/wp-content\\\/uploads\\\/2019\\\/07\\\/156CC2A5-32A3-415C-8DCC-ACE88C91B6FB.jpeg\",\"contentUrl\":\"https:\\\/\\\/lospoliticosveracruz.com\\\/wp-content\\\/uploads\\\/2019\\\/07\\\/156CC2A5-32A3-415C-8DCC-ACE88C91B6FB.jpeg\",\"width\":1024,\"height\":768},{\"@type\":\"BreadcrumbList\",\"@id\":\"https:\\\/\\\/lospoliticosveracruz.com\\\/?p=48860#breadcrumb\",\"itemListElement\":[{\"@type\":\"ListItem\",\"position\":1,\"name\":\"Portada\",\"item\":\"https:\\\/\\\/lospoliticosveracruz.com\\\/\"},{\"@type\":\"ListItem\",\"position\":2,\"name\":\"Orfis-IMCO, para apoyar a municipios en su informaci\u00f3n\"}]},{\"@type\":\"WebSite\",\"@id\":\"https:\\\/\\\/lospoliticosveracruz.com\\\/#website\",\"url\":\"https:\\\/\\\/lospoliticosveracruz.com\\\/\",\"name\":\"Los pol\u00edticos Veracruz\",\"description\":\"\",\"publisher\":{\"@id\":\"https:\\\/\\\/lospoliticosveracruz.com\\\/#organization\"},\"potentialAction\":[{\"@type\":\"SearchAction\",\"target\":{\"@type\":\"EntryPoint\",\"urlTemplate\":\"https:\\\/\\\/lospoliticosveracruz.com\\\/?s={search_term_string}\"},\"query-input\":{\"@type\":\"PropertyValueSpecification\",\"valueRequired\":true,\"valueName\":\"search_term_string\"}}],\"inLanguage\":\"es\"},{\"@type\":\"Organization\",\"@id\":\"https:\\\/\\\/lospoliticosveracruz.com\\\/#organization\",\"name\":\"Los pol\u00edticos Veracruz\",\"url\":\"https:\\\/\\\/lospoliticosveracruz.com\\\/\",\"logo\":{\"@type\":\"ImageObject\",\"inLanguage\":\"es\",\"@id\":\"https:\\\/\\\/lospoliticosveracruz.com\\\/#\\\/schema\\\/logo\\\/image\\\/\",\"url\":\"https:\\\/\\\/lospoliticosveracruz.com\\\/wp-content\\\/uploads\\\/2025\\\/12\\\/Logo-Nuevo-LOS-POLITICOS-1.jpg\",\"contentUrl\":\"https:\\\/\\\/lospoliticosveracruz.com\\\/wp-content\\\/uploads\\\/2025\\\/12\\\/Logo-Nuevo-LOS-POLITICOS-1.jpg\",\"width\":260,\"height\":70,\"caption\":\"Los pol\u00edticos Veracruz\"},\"image\":{\"@id\":\"https:\\\/\\\/lospoliticosveracruz.com\\\/#\\\/schema\\\/logo\\\/image\\\/\"},\"sameAs\":[\"https:\\\/\\\/www.facebook.com\\\/people\\\/Notimemes-de-los-Polticos\\\/61565672886568\\\/\",\"https:\\\/\\\/x.com\\\/LosPoliticosVer\"]},{\"@type\":\"Person\",\"@id\":\"https:\\\/\\\/lospoliticosveracruz.com\\\/#\\\/schema\\\/person\\\/b8702bb0e538456e6efd07080bf2a4a2\",\"name\":\"Lo viste en Los Pol\u00edticos\",\"image\":{\"@type\":\"ImageObject\",\"inLanguage\":\"es\",\"@id\":\"https:\\\/\\\/secure.gravatar.com\\\/avatar\\\/3a8de04a2656d44082be478bd6c086daa447c4651605818287b9532d3d0bd435?s=96&d=mm&r=g\",\"url\":\"https:\\\/\\\/secure.gravatar.com\\\/avatar\\\/3a8de04a2656d44082be478bd6c086daa447c4651605818287b9532d3d0bd435?s=96&d=mm&r=g\",\"contentUrl\":\"https:\\\/\\\/secure.gravatar.com\\\/avatar\\\/3a8de04a2656d44082be478bd6c086daa447c4651605818287b9532d3d0bd435?s=96&d=mm&r=g\",\"caption\":\"Lo viste en Los Pol\u00edticos\"},\"url\":\"https:\\\/\\\/lospoliticosveracruz.com\\\/?author=2\"}]}<\/script>\n<!-- \/ Yoast SEO plugin. -->","yoast_head_json":{"title":"Orfis-IMCO, para apoyar a municipios en su informaci\u00f3n - Los pol\u00edticos Veracruz","robots":{"index":"index","follow":"follow","max-snippet":"max-snippet:-1","max-image-preview":"max-image-preview:large","max-video-preview":"max-video-preview:-1"},"canonical":"https:\/\/lospoliticosveracruz.com\/?p=48860","og_locale":"es_ES","og_type":"article","og_title":"Orfis-IMCO, para apoyar a municipios en su informaci\u00f3n - Los pol\u00edticos Veracruz","og_description":"ORFIS firma convenio con el IMCO para seguir apoyando a municipios veracruzanos El titular del \u00d3rgano de Fiscalizaci\u00f3n Superior del Estado, Lorenzo Antonio Portilla V\u00e1squez, firm\u00f3 un convenio de colaboraci\u00f3n con Manuel Guadarrama Herrera, coordinador de Buen Gobierno y Finanzas P\u00fablicas del Instituto Mexicano para la Competitividad AC, (IMCO), para que los municipios veracruzanos mejoren [&hellip;]","og_url":"https:\/\/lospoliticosveracruz.com\/?p=48860","og_site_name":"Los pol\u00edticos Veracruz","article_publisher":"https:\/\/www.facebook.com\/people\/Notimemes-de-los-Polticos\/61565672886568\/","article_published_time":"2019-07-18T18:39:31+00:00","og_image":[{"width":1024,"height":768,"url":"https:\/\/lospoliticosveracruz.com\/wp-content\/uploads\/2019\/07\/156CC2A5-32A3-415C-8DCC-ACE88C91B6FB.jpeg","type":"image\/jpeg"}],"author":"Lo viste en Los Pol\u00edticos","twitter_card":"summary_large_image","twitter_creator":"@LosPoliticosVer","twitter_site":"@LosPoliticosVer","twitter_misc":{"Escrito por":"Lo viste en Los Pol\u00edticos","Tiempo de lectura":"2 minutos"},"schema":{"@context":"https:\/\/schema.org","@graph":[{"@type":"Article","@id":"https:\/\/lospoliticosveracruz.com\/?p=48860#article","isPartOf":{"@id":"https:\/\/lospoliticosveracruz.com\/?p=48860"},"author":{"name":"Lo viste en Los Pol\u00edticos","@id":"https:\/\/lospoliticosveracruz.com\/#\/schema\/person\/b8702bb0e538456e6efd07080bf2a4a2"},"headline":"Orfis-IMCO, para apoyar a municipios en su informaci\u00f3n","datePublished":"2019-07-18T18:39:31+00:00","mainEntityOfPage":{"@id":"https:\/\/lospoliticosveracruz.com\/?p=48860"},"wordCount":479,"commentCount":0,"publisher":{"@id":"https:\/\/lospoliticosveracruz.com\/#organization"},"image":{"@id":"https:\/\/lospoliticosveracruz.com\/?p=48860#primaryimage"},"thumbnailUrl":"https:\/\/lospoliticosveracruz.com\/wp-content\/uploads\/2019\/07\/156CC2A5-32A3-415C-8DCC-ACE88C91B6FB.jpeg","keywords":["IMCO","Lorenzo Antonio V\u00e1squez Portilla","municipios","Orfis"],"articleSection":["De Boleto"],"inLanguage":"es","potentialAction":[{"@type":"CommentAction","name":"Comment","target":["https:\/\/lospoliticosveracruz.com\/?p=48860#respond"]}]},{"@type":"WebPage","@id":"https:\/\/lospoliticosveracruz.com\/?p=48860","url":"https:\/\/lospoliticosveracruz.com\/?p=48860","name":"Orfis-IMCO, para apoyar a municipios en su informaci\u00f3n - Los pol\u00edticos Veracruz","isPartOf":{"@id":"https:\/\/lospoliticosveracruz.com\/#website"},"primaryImageOfPage":{"@id":"https:\/\/lospoliticosveracruz.com\/?p=48860#primaryimage"},"image":{"@id":"https:\/\/lospoliticosveracruz.com\/?p=48860#primaryimage"},"thumbnailUrl":"https:\/\/lospoliticosveracruz.com\/wp-content\/uploads\/2019\/07\/156CC2A5-32A3-415C-8DCC-ACE88C91B6FB.jpeg","datePublished":"2019-07-18T18:39:31+00:00","breadcrumb":{"@id":"https:\/\/lospoliticosveracruz.com\/?p=48860#breadcrumb"},"inLanguage":"es","potentialAction":[{"@type":"ReadAction","target":["https:\/\/lospoliticosveracruz.com\/?p=48860"]}]},{"@type":"ImageObject","inLanguage":"es","@id":"https:\/\/lospoliticosveracruz.com\/?p=48860#primaryimage","url":"https:\/\/lospoliticosveracruz.com\/wp-content\/uploads\/2019\/07\/156CC2A5-32A3-415C-8DCC-ACE88C91B6FB.jpeg","contentUrl":"https:\/\/lospoliticosveracruz.com\/wp-content\/uploads\/2019\/07\/156CC2A5-32A3-415C-8DCC-ACE88C91B6FB.jpeg","width":1024,"height":768},{"@type":"BreadcrumbList","@id":"https:\/\/lospoliticosveracruz.com\/?p=48860#breadcrumb","itemListElement":[{"@type":"ListItem","position":1,"name":"Portada","item":"https:\/\/lospoliticosveracruz.com\/"},{"@type":"ListItem","position":2,"name":"Orfis-IMCO, para apoyar a municipios en su informaci\u00f3n"}]},{"@type":"WebSite","@id":"https:\/\/lospoliticosveracruz.com\/#website","url":"https:\/\/lospoliticosveracruz.com\/","name":"Los pol\u00edticos Veracruz","description":"","publisher":{"@id":"https:\/\/lospoliticosveracruz.com\/#organization"},"potentialAction":[{"@type":"SearchAction","target":{"@type":"EntryPoint","urlTemplate":"https:\/\/lospoliticosveracruz.com\/?s={search_term_string}"},"query-input":{"@type":"PropertyValueSpecification","valueRequired":true,"valueName":"search_term_string"}}],"inLanguage":"es"},{"@type":"Organization","@id":"https:\/\/lospoliticosveracruz.com\/#organization","name":"Los pol\u00edticos Veracruz","url":"https:\/\/lospoliticosveracruz.com\/","logo":{"@type":"ImageObject","inLanguage":"es","@id":"https:\/\/lospoliticosveracruz.com\/#\/schema\/logo\/image\/","url":"https:\/\/lospoliticosveracruz.com\/wp-content\/uploads\/2025\/12\/Logo-Nuevo-LOS-POLITICOS-1.jpg","contentUrl":"https:\/\/lospoliticosveracruz.com\/wp-content\/uploads\/2025\/12\/Logo-Nuevo-LOS-POLITICOS-1.jpg","width":260,"height":70,"caption":"Los pol\u00edticos Veracruz"},"image":{"@id":"https:\/\/lospoliticosveracruz.com\/#\/schema\/logo\/image\/"},"sameAs":["https:\/\/www.facebook.com\/people\/Notimemes-de-los-Polticos\/61565672886568\/","https:\/\/x.com\/LosPoliticosVer"]},{"@type":"Person","@id":"https:\/\/lospoliticosveracruz.com\/#\/schema\/person\/b8702bb0e538456e6efd07080bf2a4a2","name":"Lo viste en Los Pol\u00edticos","image":{"@type":"ImageObject","inLanguage":"es","@id":"https:\/\/secure.gravatar.com\/avatar\/3a8de04a2656d44082be478bd6c086daa447c4651605818287b9532d3d0bd435?s=96&d=mm&r=g","url":"https:\/\/secure.gravatar.com\/avatar\/3a8de04a2656d44082be478bd6c086daa447c4651605818287b9532d3d0bd435?s=96&d=mm&r=g","contentUrl":"https:\/\/secure.gravatar.com\/avatar\/3a8de04a2656d44082be478bd6c086daa447c4651605818287b9532d3d0bd435?s=96&d=mm&r=g","caption":"Lo viste en Los Pol\u00edticos"},"url":"https:\/\/lospoliticosveracruz.com\/?author=2"}]}},"_links":{"self":[{"href":"https:\/\/lospoliticosveracruz.com\/index.php?rest_route=\/wp\/v2\/posts\/48860","targetHints":{"allow":["GET"]}}],"collection":[{"href":"https:\/\/lospoliticosveracruz.com\/index.php?rest_route=\/wp\/v2\/posts"}],"about":[{"href":"https:\/\/lospoliticosveracruz.com\/index.php?rest_route=\/wp\/v2\/types\/post"}],"author":[{"embeddable":true,"href":"https:\/\/lospoliticosveracruz.com\/index.php?rest_route=\/wp\/v2\/users\/2"}],"replies":[{"embeddable":true,"href":"https:\/\/lospoliticosveracruz.com\/index.php?rest_route=%2Fwp%2Fv2%2Fcomments&post=48860"}],"version-history":[{"count":1,"href":"https:\/\/lospoliticosveracruz.com\/index.php?rest_route=\/wp\/v2\/posts\/48860\/revisions"}],"predecessor-version":[{"id":48862,"href":"https:\/\/lospoliticosveracruz.com\/index.php?rest_route=\/wp\/v2\/posts\/48860\/revisions\/48862"}],"wp:featuredmedia":[{"embeddable":true,"href":"https:\/\/lospoliticosveracruz.com\/index.php?rest_route=\/wp\/v2\/media\/48861"}],"wp:attachment":[{"href":"https:\/\/lospoliticosveracruz.com\/index.php?rest_route=%2Fwp%2Fv2%2Fmedia&parent=48860"}],"wp:term":[{"taxonomy":"category","embeddable":true,"href":"https:\/\/lospoliticosveracruz.com\/index.php?rest_route=%2Fwp%2Fv2%2Fcategories&post=48860"},{"taxonomy":"post_tag","embeddable":true,"href":"https:\/\/lospoliticosveracruz.com\/index.php?rest_route=%2Fwp%2Fv2%2Ftags&post=48860"}],"curies":[{"name":"wp","href":"https:\/\/api.w.org\/{rel}","templated":true}]}}