{"id":48874,"date":"2019-07-22T23:18:06","date_gmt":"2019-07-23T04:18:06","guid":{"rendered":"http:\/\/www.lospoliticosveracruz.com.mx\/?p=48874"},"modified":"2019-07-22T23:18:06","modified_gmt":"2019-07-23T04:18:06","slug":"quintin-en-el-ople","status":"publish","type":"post","link":"https:\/\/lospoliticosveracruz.com\/?p=48874","title":{"rendered":"Quint\u00edn en el OPLE"},"content":{"rendered":"<p><strong>Salvador Mu\u00f1oz<\/strong><\/p>\n<p><em>Los Pol\u00edticos<\/em><\/p>\n<p><span style=\"font-weight: 400;\">Su primer empleo lo tuvo a los 15 a\u00f1os de edad\u2026 daba clases en el Instituto Panamericano de Ingl\u00e9s cada s\u00e1bado, tres a\u00f1os despu\u00e9s de que de all\u00ed egresara. Me pasa una app para aprender italiano, idioma que actualmente estudia por esta v\u00eda. Y si bien es cuidadoso en sus respuestas, el entusiasmo no lo puede ocultar cuando habla de los juegos de video, a tal grado que se declara un \u201cGamer\u201d y la tesis que elabor\u00f3 para validar sus estudios de Ingl\u00e9s estuvo basada en la \u201cGamification\u201d, y me lo explica: \u201cel uso de elementos de juego (electr\u00f3nico) en contextos no l\u00fadicos\u201d, que en buen castellano quiere decir: aprender ingl\u00e9s a trav\u00e9s de los juegos de video. \u201cThe Legend of Zelda\u201d fue su inicio en el idioma de Shakespeare&#8230;<\/span><\/p>\n<p><span style=\"font-weight: 400;\">Pero a sus 31 a\u00f1os, no s\u00f3lo habla de juegos de video, de idiomas, de derecho, de ventas y de libros, de sus sue\u00f1os y aspiraciones o virtudes musicales; o de ser el Consejero del OPLE m\u00e1s joven en el pa\u00eds&#8230; Quint\u00edn Antar Dovarganes Escand\u00f3n habla m\u00e1s de vida, de retos, de superaci\u00f3n\u2026<\/span><\/p>\n<p><span style=\"font-weight: 400;\">Oriundo de Orizaba, vecino del Paseo Real, le comento que no recuerdo el apellido Dovarganes y si bien me cuenta que su familia tiene la vida asentada en la Pluviosilla desde hace a\u00f1os, dice que hay quienes lo ubican en Cuba y otros en Espa\u00f1a, aunque tambi\u00e9n los hay en Guanajuato, aunque platica que all\u00e1, ese apellido es con \u201cB\u201d.<\/span><\/p>\n<p><span style=\"font-weight: 400;\">Es egresado de la carrera de Derecho del IDEA de Oriente (Instituto de Estudios Avanzados) y a los 28 a\u00f1os particip\u00f3 para integrarse en el Consejo Municipal del OPLE en Orizaba donde fue Consejero Presidente durante siete meses; mientras que en 2017-18, fue parte del Consejo Distrital por un lapso de nueve meses\u2026 cosas de la vida, hoy ser\u00e1 Consejero del OPLE Veracruz \u00a1durante siete a\u00f1os!<\/span><\/p>\n<p><span style=\"font-weight: 400;\">Si bien no es el escalaf\u00f3n com\u00fan que pudiera tener el resto de los Consejeros, Quint\u00edn Dovarganes lo explica diciendo que la materia electoral la disfruta al m\u00e1ximo, con la misma intensidad con la que dio clases de ingl\u00e9s, cada s\u00e1bado, a sus quince a\u00f1os, recibiendo un sueldo de 75 pesos; o como cuando un d\u00eda, con un grupo de amigos, decidieron hacer una encuesta, as\u00ed, sin m\u00e1s nombre que sus conocimientos, \u00a1y la vendieron! el mayor triunfo no fue su venta, sino lo tan acertada que estuvo en sus resultados.<\/span><\/p>\n<p><span style=\"font-weight: 400;\">Pero su entusiasmo por las ventas, la docencia y litigar no se queda nom\u00e1s en ello\u2026 sabe tocar algunos instrumentos musicales\u2026 como la flauta, la guitarra, el clar\u00edn, el \u00f3rgano y el viol\u00edn\u2026<\/span><\/p>\n<p><span style=\"font-weight: 400;\">\u00a1S\u00ed! Cualquiera podr\u00eda decir que s\u00f3lo le falta una cosa: \u00a1irle al Am\u00e9rica! \u00bfY qu\u00e9 creen? \u00a1Es \u00e1guila! aunque no s\u00e9 si para mediar las aguas porque all\u00ed estaba presente el amigo y periodista Alejandro Aguirre, confiesa que cierta ocasi\u00f3n, en un aniversario del reba\u00f1o sagrado, compr\u00f3 el Jersey de las Chivas porque le gust\u00f3 el dise\u00f1o\u2026<\/span><\/p>\n<p><span style=\"font-weight: 400;\">Su apodo en un momento fue \u201cEll Pollo\u201d\u2026 \u00e9l me puso \u201cEl Pescador\u201d, pero eso ser\u00e1 otra historia&#8230;<\/span><\/p>\n<p><span style=\"font-weight: 400;\">Su celular muestra tremendo golpe en una esquina\u2026 dice que no tiene mucho que se le cay\u00f3\u2026 acababa de recibir dos noticias fuertes por parte de su madre y eso lo distrajo al grado de que se le resbal\u00f3 el m\u00f3vil de las manos y se estrell\u00f3 en el pavimento\u2026<\/span><\/p>\n<p><span style=\"font-weight: 400;\">Entre pl\u00e1tica y pl\u00e1tica, en muchas ocasiones, hay agradecimiento y esperanza en Dios&#8230; poco usual en alguien de 31 a\u00f1os quien supo enfrentar el infortunio desde muy joven, porque a veces no todo es sobreponerse a las bromas pesadas por su nombre: Quint\u00edn, sino tambi\u00e9n a las adversidades que a veces la misma vida te pone como prueba\u2026<\/span><\/p>\n<p>&nbsp;<\/p>\n<p><span style=\"font-weight: 400;\">smcainito@gmail.com<\/span><\/p>\n","protected":false},"excerpt":{"rendered":"<p>Salvador Mu\u00f1oz Los Pol\u00edticos Su primer empleo lo tuvo a los 15 a\u00f1os de edad\u2026 daba clases en el Instituto Panamericano de Ingl\u00e9s cada s\u00e1bado, tres a\u00f1os despu\u00e9s de que de all\u00ed egresara. Me pasa una app para aprender italiano, idioma que actualmente estudia por esta v\u00eda. Y si bien es cuidadoso en sus respuestas, [&hellip;]<\/p>\n","protected":false},"author":2,"featured_media":48875,"comment_status":"open","ping_status":"open","sticky":false,"template":"","format":"standard","meta":{"tdm_status":"","tdm_grid_status":"","footnotes":""},"categories":[70],"tags":[14997,14996,14995,3272,1639,13531,14994],"class_list":{"0":"post-48874","1":"post","2":"type-post","3":"status-publish","4":"format-standard","5":"has-post-thumbnail","7":"category-de-opinion","8":"tag-consejero","9":"tag-gamer","10":"tag-gamification","11":"tag-ople","12":"tag-orizaba","13":"tag-quintin-antar-dovarganes-escandon","14":"tag-the-legend-of-zelda"},"yoast_head":"<!-- This site is optimized with the Yoast SEO plugin v27.4 - https:\/\/yoast.com\/product\/yoast-seo-wordpress\/ -->\n<title>Quint\u00edn en el OPLE - Los pol\u00edticos Veracruz<\/title>\n<meta name=\"robots\" content=\"index, follow, max-snippet:-1, max-image-preview:large, max-video-preview:-1\" \/>\n<link rel=\"canonical\" href=\"https:\/\/lospoliticosveracruz.com\/?p=48874\" \/>\n<meta property=\"og:locale\" content=\"es_ES\" \/>\n<meta property=\"og:type\" content=\"article\" \/>\n<meta property=\"og:title\" content=\"Quint\u00edn en el OPLE - Los pol\u00edticos Veracruz\" \/>\n<meta property=\"og:description\" content=\"Salvador Mu\u00f1oz Los Pol\u00edticos Su primer empleo lo tuvo a los 15 a\u00f1os de edad\u2026 daba clases en el Instituto Panamericano de Ingl\u00e9s cada s\u00e1bado, tres a\u00f1os despu\u00e9s de que de all\u00ed egresara. Me pasa una app para aprender italiano, idioma que actualmente estudia por esta v\u00eda. Y si bien es cuidadoso en sus respuestas, [&hellip;]\" \/>\n<meta property=\"og:url\" content=\"https:\/\/lospoliticosveracruz.com\/?p=48874\" \/>\n<meta property=\"og:site_name\" content=\"Los pol\u00edticos Veracruz\" \/>\n<meta property=\"article:publisher\" content=\"https:\/\/www.facebook.com\/people\/Notimemes-de-los-Polticos\/61565672886568\/\" \/>\n<meta property=\"article:published_time\" content=\"2019-07-23T04:18:06+00:00\" \/>\n<meta property=\"og:image\" content=\"https:\/\/lospoliticosveracruz.com\/wp-content\/uploads\/2019\/07\/Quintin.jpeg\" \/>\n\t<meta property=\"og:image:width\" content=\"600\" \/>\n\t<meta property=\"og:image:height\" content=\"342\" \/>\n\t<meta property=\"og:image:type\" content=\"image\/jpeg\" \/>\n<meta name=\"author\" content=\"Lo viste en Los Pol\u00edticos\" \/>\n<meta name=\"twitter:card\" content=\"summary_large_image\" \/>\n<meta name=\"twitter:creator\" content=\"@LosPoliticosVer\" \/>\n<meta name=\"twitter:site\" content=\"@LosPoliticosVer\" \/>\n<meta name=\"twitter:label1\" content=\"Escrito por\" \/>\n\t<meta name=\"twitter:data1\" content=\"Lo viste en Los Pol\u00edticos\" \/>\n\t<meta name=\"twitter:label2\" content=\"Tiempo de lectura\" \/>\n\t<meta name=\"twitter:data2\" content=\"3 minutos\" \/>\n<script type=\"application\/ld+json\" class=\"yoast-schema-graph\">{\"@context\":\"https:\\\/\\\/schema.org\",\"@graph\":[{\"@type\":\"Article\",\"@id\":\"https:\\\/\\\/lospoliticosveracruz.com\\\/?p=48874#article\",\"isPartOf\":{\"@id\":\"https:\\\/\\\/lospoliticosveracruz.com\\\/?p=48874\"},\"author\":{\"name\":\"Lo viste en Los Pol\u00edticos\",\"@id\":\"https:\\\/\\\/lospoliticosveracruz.com\\\/#\\\/schema\\\/person\\\/b8702bb0e538456e6efd07080bf2a4a2\"},\"headline\":\"Quint\u00edn en el OPLE\",\"datePublished\":\"2019-07-23T04:18:06+00:00\",\"mainEntityOfPage\":{\"@id\":\"https:\\\/\\\/lospoliticosveracruz.com\\\/?p=48874\"},\"wordCount\":675,\"commentCount\":0,\"publisher\":{\"@id\":\"https:\\\/\\\/lospoliticosveracruz.com\\\/#organization\"},\"image\":{\"@id\":\"https:\\\/\\\/lospoliticosveracruz.com\\\/?p=48874#primaryimage\"},\"thumbnailUrl\":\"https:\\\/\\\/lospoliticosveracruz.com\\\/wp-content\\\/uploads\\\/2019\\\/07\\\/Quintin.jpeg\",\"keywords\":[\"Consejero\",\"Gamer\",\"Gamification\",\"OPLE\",\"Orizaba\",\"Quint\u00edn Antar Dovarganes Escand\u00f3n\",\"The Legend of Zelda\"],\"articleSection\":[\"De Opini\u00f3n\"],\"inLanguage\":\"es\",\"potentialAction\":[{\"@type\":\"CommentAction\",\"name\":\"Comment\",\"target\":[\"https:\\\/\\\/lospoliticosveracruz.com\\\/?p=48874#respond\"]}]},{\"@type\":\"WebPage\",\"@id\":\"https:\\\/\\\/lospoliticosveracruz.com\\\/?p=48874\",\"url\":\"https:\\\/\\\/lospoliticosveracruz.com\\\/?p=48874\",\"name\":\"Quint\u00edn en el OPLE - Los pol\u00edticos Veracruz\",\"isPartOf\":{\"@id\":\"https:\\\/\\\/lospoliticosveracruz.com\\\/#website\"},\"primaryImageOfPage\":{\"@id\":\"https:\\\/\\\/lospoliticosveracruz.com\\\/?p=48874#primaryimage\"},\"image\":{\"@id\":\"https:\\\/\\\/lospoliticosveracruz.com\\\/?p=48874#primaryimage\"},\"thumbnailUrl\":\"https:\\\/\\\/lospoliticosveracruz.com\\\/wp-content\\\/uploads\\\/2019\\\/07\\\/Quintin.jpeg\",\"datePublished\":\"2019-07-23T04:18:06+00:00\",\"breadcrumb\":{\"@id\":\"https:\\\/\\\/lospoliticosveracruz.com\\\/?p=48874#breadcrumb\"},\"inLanguage\":\"es\",\"potentialAction\":[{\"@type\":\"ReadAction\",\"target\":[\"https:\\\/\\\/lospoliticosveracruz.com\\\/?p=48874\"]}]},{\"@type\":\"ImageObject\",\"inLanguage\":\"es\",\"@id\":\"https:\\\/\\\/lospoliticosveracruz.com\\\/?p=48874#primaryimage\",\"url\":\"https:\\\/\\\/lospoliticosveracruz.com\\\/wp-content\\\/uploads\\\/2019\\\/07\\\/Quintin.jpeg\",\"contentUrl\":\"https:\\\/\\\/lospoliticosveracruz.com\\\/wp-content\\\/uploads\\\/2019\\\/07\\\/Quintin.jpeg\",\"width\":600,\"height\":342},{\"@type\":\"BreadcrumbList\",\"@id\":\"https:\\\/\\\/lospoliticosveracruz.com\\\/?p=48874#breadcrumb\",\"itemListElement\":[{\"@type\":\"ListItem\",\"position\":1,\"name\":\"Portada\",\"item\":\"https:\\\/\\\/lospoliticosveracruz.com\\\/\"},{\"@type\":\"ListItem\",\"position\":2,\"name\":\"Quint\u00edn en el OPLE\"}]},{\"@type\":\"WebSite\",\"@id\":\"https:\\\/\\\/lospoliticosveracruz.com\\\/#website\",\"url\":\"https:\\\/\\\/lospoliticosveracruz.com\\\/\",\"name\":\"Los pol\u00edticos Veracruz\",\"description\":\"\",\"publisher\":{\"@id\":\"https:\\\/\\\/lospoliticosveracruz.com\\\/#organization\"},\"potentialAction\":[{\"@type\":\"SearchAction\",\"target\":{\"@type\":\"EntryPoint\",\"urlTemplate\":\"https:\\\/\\\/lospoliticosveracruz.com\\\/?s={search_term_string}\"},\"query-input\":{\"@type\":\"PropertyValueSpecification\",\"valueRequired\":true,\"valueName\":\"search_term_string\"}}],\"inLanguage\":\"es\"},{\"@type\":\"Organization\",\"@id\":\"https:\\\/\\\/lospoliticosveracruz.com\\\/#organization\",\"name\":\"Los pol\u00edticos Veracruz\",\"url\":\"https:\\\/\\\/lospoliticosveracruz.com\\\/\",\"logo\":{\"@type\":\"ImageObject\",\"inLanguage\":\"es\",\"@id\":\"https:\\\/\\\/lospoliticosveracruz.com\\\/#\\\/schema\\\/logo\\\/image\\\/\",\"url\":\"https:\\\/\\\/lospoliticosveracruz.com\\\/wp-content\\\/uploads\\\/2025\\\/12\\\/Logo-Nuevo-LOS-POLITICOS-1.jpg\",\"contentUrl\":\"https:\\\/\\\/lospoliticosveracruz.com\\\/wp-content\\\/uploads\\\/2025\\\/12\\\/Logo-Nuevo-LOS-POLITICOS-1.jpg\",\"width\":260,\"height\":70,\"caption\":\"Los pol\u00edticos Veracruz\"},\"image\":{\"@id\":\"https:\\\/\\\/lospoliticosveracruz.com\\\/#\\\/schema\\\/logo\\\/image\\\/\"},\"sameAs\":[\"https:\\\/\\\/www.facebook.com\\\/people\\\/Notimemes-de-los-Polticos\\\/61565672886568\\\/\",\"https:\\\/\\\/x.com\\\/LosPoliticosVer\"]},{\"@type\":\"Person\",\"@id\":\"https:\\\/\\\/lospoliticosveracruz.com\\\/#\\\/schema\\\/person\\\/b8702bb0e538456e6efd07080bf2a4a2\",\"name\":\"Lo viste en Los Pol\u00edticos\",\"image\":{\"@type\":\"ImageObject\",\"inLanguage\":\"es\",\"@id\":\"https:\\\/\\\/secure.gravatar.com\\\/avatar\\\/3a8de04a2656d44082be478bd6c086daa447c4651605818287b9532d3d0bd435?s=96&d=mm&r=g\",\"url\":\"https:\\\/\\\/secure.gravatar.com\\\/avatar\\\/3a8de04a2656d44082be478bd6c086daa447c4651605818287b9532d3d0bd435?s=96&d=mm&r=g\",\"contentUrl\":\"https:\\\/\\\/secure.gravatar.com\\\/avatar\\\/3a8de04a2656d44082be478bd6c086daa447c4651605818287b9532d3d0bd435?s=96&d=mm&r=g\",\"caption\":\"Lo viste en Los Pol\u00edticos\"},\"url\":\"https:\\\/\\\/lospoliticosveracruz.com\\\/?author=2\"}]}<\/script>\n<!-- \/ Yoast SEO plugin. -->","yoast_head_json":{"title":"Quint\u00edn en el OPLE - Los pol\u00edticos Veracruz","robots":{"index":"index","follow":"follow","max-snippet":"max-snippet:-1","max-image-preview":"max-image-preview:large","max-video-preview":"max-video-preview:-1"},"canonical":"https:\/\/lospoliticosveracruz.com\/?p=48874","og_locale":"es_ES","og_type":"article","og_title":"Quint\u00edn en el OPLE - Los pol\u00edticos Veracruz","og_description":"Salvador Mu\u00f1oz Los Pol\u00edticos Su primer empleo lo tuvo a los 15 a\u00f1os de edad\u2026 daba clases en el Instituto Panamericano de Ingl\u00e9s cada s\u00e1bado, tres a\u00f1os despu\u00e9s de que de all\u00ed egresara. Me pasa una app para aprender italiano, idioma que actualmente estudia por esta v\u00eda. Y si bien es cuidadoso en sus respuestas, [&hellip;]","og_url":"https:\/\/lospoliticosveracruz.com\/?p=48874","og_site_name":"Los pol\u00edticos Veracruz","article_publisher":"https:\/\/www.facebook.com\/people\/Notimemes-de-los-Polticos\/61565672886568\/","article_published_time":"2019-07-23T04:18:06+00:00","og_image":[{"width":600,"height":342,"url":"https:\/\/lospoliticosveracruz.com\/wp-content\/uploads\/2019\/07\/Quintin.jpeg","type":"image\/jpeg"}],"author":"Lo viste en Los Pol\u00edticos","twitter_card":"summary_large_image","twitter_creator":"@LosPoliticosVer","twitter_site":"@LosPoliticosVer","twitter_misc":{"Escrito por":"Lo viste en Los Pol\u00edticos","Tiempo de lectura":"3 minutos"},"schema":{"@context":"https:\/\/schema.org","@graph":[{"@type":"Article","@id":"https:\/\/lospoliticosveracruz.com\/?p=48874#article","isPartOf":{"@id":"https:\/\/lospoliticosveracruz.com\/?p=48874"},"author":{"name":"Lo viste en Los Pol\u00edticos","@id":"https:\/\/lospoliticosveracruz.com\/#\/schema\/person\/b8702bb0e538456e6efd07080bf2a4a2"},"headline":"Quint\u00edn en el OPLE","datePublished":"2019-07-23T04:18:06+00:00","mainEntityOfPage":{"@id":"https:\/\/lospoliticosveracruz.com\/?p=48874"},"wordCount":675,"commentCount":0,"publisher":{"@id":"https:\/\/lospoliticosveracruz.com\/#organization"},"image":{"@id":"https:\/\/lospoliticosveracruz.com\/?p=48874#primaryimage"},"thumbnailUrl":"https:\/\/lospoliticosveracruz.com\/wp-content\/uploads\/2019\/07\/Quintin.jpeg","keywords":["Consejero","Gamer","Gamification","OPLE","Orizaba","Quint\u00edn Antar Dovarganes Escand\u00f3n","The Legend of Zelda"],"articleSection":["De Opini\u00f3n"],"inLanguage":"es","potentialAction":[{"@type":"CommentAction","name":"Comment","target":["https:\/\/lospoliticosveracruz.com\/?p=48874#respond"]}]},{"@type":"WebPage","@id":"https:\/\/lospoliticosveracruz.com\/?p=48874","url":"https:\/\/lospoliticosveracruz.com\/?p=48874","name":"Quint\u00edn en el OPLE - Los pol\u00edticos Veracruz","isPartOf":{"@id":"https:\/\/lospoliticosveracruz.com\/#website"},"primaryImageOfPage":{"@id":"https:\/\/lospoliticosveracruz.com\/?p=48874#primaryimage"},"image":{"@id":"https:\/\/lospoliticosveracruz.com\/?p=48874#primaryimage"},"thumbnailUrl":"https:\/\/lospoliticosveracruz.com\/wp-content\/uploads\/2019\/07\/Quintin.jpeg","datePublished":"2019-07-23T04:18:06+00:00","breadcrumb":{"@id":"https:\/\/lospoliticosveracruz.com\/?p=48874#breadcrumb"},"inLanguage":"es","potentialAction":[{"@type":"ReadAction","target":["https:\/\/lospoliticosveracruz.com\/?p=48874"]}]},{"@type":"ImageObject","inLanguage":"es","@id":"https:\/\/lospoliticosveracruz.com\/?p=48874#primaryimage","url":"https:\/\/lospoliticosveracruz.com\/wp-content\/uploads\/2019\/07\/Quintin.jpeg","contentUrl":"https:\/\/lospoliticosveracruz.com\/wp-content\/uploads\/2019\/07\/Quintin.jpeg","width":600,"height":342},{"@type":"BreadcrumbList","@id":"https:\/\/lospoliticosveracruz.com\/?p=48874#breadcrumb","itemListElement":[{"@type":"ListItem","position":1,"name":"Portada","item":"https:\/\/lospoliticosveracruz.com\/"},{"@type":"ListItem","position":2,"name":"Quint\u00edn en el OPLE"}]},{"@type":"WebSite","@id":"https:\/\/lospoliticosveracruz.com\/#website","url":"https:\/\/lospoliticosveracruz.com\/","name":"Los pol\u00edticos Veracruz","description":"","publisher":{"@id":"https:\/\/lospoliticosveracruz.com\/#organization"},"potentialAction":[{"@type":"SearchAction","target":{"@type":"EntryPoint","urlTemplate":"https:\/\/lospoliticosveracruz.com\/?s={search_term_string}"},"query-input":{"@type":"PropertyValueSpecification","valueRequired":true,"valueName":"search_term_string"}}],"inLanguage":"es"},{"@type":"Organization","@id":"https:\/\/lospoliticosveracruz.com\/#organization","name":"Los pol\u00edticos Veracruz","url":"https:\/\/lospoliticosveracruz.com\/","logo":{"@type":"ImageObject","inLanguage":"es","@id":"https:\/\/lospoliticosveracruz.com\/#\/schema\/logo\/image\/","url":"https:\/\/lospoliticosveracruz.com\/wp-content\/uploads\/2025\/12\/Logo-Nuevo-LOS-POLITICOS-1.jpg","contentUrl":"https:\/\/lospoliticosveracruz.com\/wp-content\/uploads\/2025\/12\/Logo-Nuevo-LOS-POLITICOS-1.jpg","width":260,"height":70,"caption":"Los pol\u00edticos Veracruz"},"image":{"@id":"https:\/\/lospoliticosveracruz.com\/#\/schema\/logo\/image\/"},"sameAs":["https:\/\/www.facebook.com\/people\/Notimemes-de-los-Polticos\/61565672886568\/","https:\/\/x.com\/LosPoliticosVer"]},{"@type":"Person","@id":"https:\/\/lospoliticosveracruz.com\/#\/schema\/person\/b8702bb0e538456e6efd07080bf2a4a2","name":"Lo viste en Los Pol\u00edticos","image":{"@type":"ImageObject","inLanguage":"es","@id":"https:\/\/secure.gravatar.com\/avatar\/3a8de04a2656d44082be478bd6c086daa447c4651605818287b9532d3d0bd435?s=96&d=mm&r=g","url":"https:\/\/secure.gravatar.com\/avatar\/3a8de04a2656d44082be478bd6c086daa447c4651605818287b9532d3d0bd435?s=96&d=mm&r=g","contentUrl":"https:\/\/secure.gravatar.com\/avatar\/3a8de04a2656d44082be478bd6c086daa447c4651605818287b9532d3d0bd435?s=96&d=mm&r=g","caption":"Lo viste en Los Pol\u00edticos"},"url":"https:\/\/lospoliticosveracruz.com\/?author=2"}]}},"_links":{"self":[{"href":"https:\/\/lospoliticosveracruz.com\/index.php?rest_route=\/wp\/v2\/posts\/48874","targetHints":{"allow":["GET"]}}],"collection":[{"href":"https:\/\/lospoliticosveracruz.com\/index.php?rest_route=\/wp\/v2\/posts"}],"about":[{"href":"https:\/\/lospoliticosveracruz.com\/index.php?rest_route=\/wp\/v2\/types\/post"}],"author":[{"embeddable":true,"href":"https:\/\/lospoliticosveracruz.com\/index.php?rest_route=\/wp\/v2\/users\/2"}],"replies":[{"embeddable":true,"href":"https:\/\/lospoliticosveracruz.com\/index.php?rest_route=%2Fwp%2Fv2%2Fcomments&post=48874"}],"version-history":[{"count":1,"href":"https:\/\/lospoliticosveracruz.com\/index.php?rest_route=\/wp\/v2\/posts\/48874\/revisions"}],"predecessor-version":[{"id":48876,"href":"https:\/\/lospoliticosveracruz.com\/index.php?rest_route=\/wp\/v2\/posts\/48874\/revisions\/48876"}],"wp:featuredmedia":[{"embeddable":true,"href":"https:\/\/lospoliticosveracruz.com\/index.php?rest_route=\/wp\/v2\/media\/48875"}],"wp:attachment":[{"href":"https:\/\/lospoliticosveracruz.com\/index.php?rest_route=%2Fwp%2Fv2%2Fmedia&parent=48874"}],"wp:term":[{"taxonomy":"category","embeddable":true,"href":"https:\/\/lospoliticosveracruz.com\/index.php?rest_route=%2Fwp%2Fv2%2Fcategories&post=48874"},{"taxonomy":"post_tag","embeddable":true,"href":"https:\/\/lospoliticosveracruz.com\/index.php?rest_route=%2Fwp%2Fv2%2Ftags&post=48874"}],"curies":[{"name":"wp","href":"https:\/\/api.w.org\/{rel}","templated":true}]}}