{"id":48888,"date":"2019-07-24T12:43:27","date_gmt":"2019-07-24T17:43:27","guid":{"rendered":"http:\/\/www.lospoliticosveracruz.com.mx\/?p=48888"},"modified":"2019-07-24T12:43:27","modified_gmt":"2019-07-24T17:43:27","slug":"veracruz-en-llamas","status":"publish","type":"post","link":"https:\/\/lospoliticosveracruz.com\/?p=48888","title":{"rendered":"Veracruz en llamas"},"content":{"rendered":"<p><strong>Ricardo Ch\u00faa<\/strong><\/p>\n<p><em>Sale y Vale<\/em><\/p>\n<p>De nuevo Coatzacoalcos&#8230; Territorio Nahle y municipio gobernado por MORENA&#8230; La lectura es clara&#8230; El crimen le muestra su fuerza al gobierno de Cuitl\u00e1huac y este hace mutis de nuevo para volverse pelear con el Fiscal, Jorge Winckler&#8230; En la sure\u00f1a ciudad vuelven a provocar un incendio de graves dimensiones en un comercio de mariscos, ubicado en el bulevar&#8230; Obvio que todos se enteraron del hecho&#8230; Y ante ello la ciudadan\u00eda tiene temor&#8230; \u00bfY la 4T?&#8230; Rebasado por los grupos fuera de la ley&#8230; Coatza es el ejemplo&#8230;<\/p>\n<p>El modo de operarlo es el mismo&#8230; Un grupo de 4 personas, abordo de un autom\u00f3vil compacto lanzan una bomba \u00abmolotov\u00bb y todo se incendia&#8230; Es el QUINTO negocio que sufre este tipo de acciones violentas y, pues, nada&#8230; Ni el alcalde, V\u00edctor Carranza, ni el gobernador, Cuitl\u00e1huac Garc\u00eda, ni el secretario de Seguridad P\u00fablica, Hugo Guti\u00e9rrez dicen algo al respecto&#8230; La Guardia Nacional, bueno, ese cuerpo polic\u00edaco formado para combatir criminales ahora anda en otra tarea: el de perseguir migrantes centroamericanos&#8230; Lo dem\u00e1s es historia&#8230;<\/p>\n<p>LA CRISIS DE CUITL\u00c1HUAC&#8230; Seg\u00fan el gobernador, Cuitl\u00e1huac Garc\u00eda, su oficina ahorr\u00f3 un total de 34 millones de pesos en gastos, que generaba su cargo en comparaci\u00f3n de administraciones pasadas&#8230; Las cuales ocupaban aviones y helic\u00f3pteros sin ton, ni son&#8230; Puede que sea buena la medida austera&#8230; La pregunta que vale: \u00bfDe que sirve ese ahorro si no hay Plan Estatal de Desarrollo funcionando?&#8230; Va a salir m\u00e1s caro el \u00abcaldo que las alb\u00f3ndigas\u00bb&#8230;<\/p>\n<p>Por eso&#8230; De qu\u00e9 sirve que viaje o no sino hay como mover productivamente a la entidad&#8230; Ya no hay ni como calificarlo&#8230; Los analistas econ\u00f3micos ven a Veracruz como un \u00abEstado fallido\u00bb en materia financiera&#8230; Han pasado 7 meses de gobierno estatal y no se ven los beneficios en programas sociales del Estado&#8230; S\u00f3lo se mueven los federales pero aun as\u00ed el \u00abpueblo bueno\u00bb anda en las calles protestando por la desaceleraci\u00f3n econ\u00f3mica que hay en la entidad&#8230;<\/p>\n<p>No hay flujo de efectivo, no hay trabajo y el Estado no ha implementado este plan, que tuvo que hacer sentir sus efectos en mayo pasado&#8230; Estamos casi en agosto y nada&#8230; Sigue sin sentirse&#8230; Ahora, dicen los te\u00f3ricos financieros, que se tendr\u00e1 que esperar hasta noviembre pr\u00f3ximo para saber si se siente este cambio en materia econ\u00f3mica&#8230; Y ver si lo implementado por Cuitl\u00e1huac funcion\u00f3&#8230; Y eso es lo grave&#8230; Ya que si no funciona como lo hab\u00edan planeado para mayo se ver\u00e1 en el mes de noviembre&#8230;<\/p>\n<p>Pero para ese tiempo&#8230; Ya el gobierno estatal tendr\u00e1 encima el tener que aprobar el presupuesto para el ejercicio fiscal del 2020&#8230; El cual se basa en lo logrado en el 2019 para reforzarlo y mejorar este crecimiento econ\u00f3mico&#8230; Pero si no lo hubiera&#8230; \u00bfQu\u00e9 van a hacer?&#8230; Hay que saber en qu\u00e9 o en qui\u00e9n se va a basar Cuitl\u00e1huac para aplicar un Plan Estatal de Desarrollo que estuvo \u00abnonato\u00bb en 2019 y que en el 2020 entonces \u00abno tendr\u00e1 pies, ni cabeza\u00bb&#8230;<\/p>\n<p>Ya que c\u00f3mo van a aprobar algo basado en lo que no funciona&#8230; Y OJO no estamos hablando de seguridad, ni gobernabilidad, simplemente de econom\u00eda&#8230; Lo cual ser\u00e1 obvio que entonces se PERDER\u00c1N dos a\u00f1os de gobierno de Garc\u00eda Jim\u00e9nez&#8230; Ya que 2019 fue nulo y el 2020 basado en los resultados en materia econ\u00f3mica del 19, lo ser\u00e1 tambi\u00e9n&#8230; Y el conflicto aqu\u00ed no es del tema electoral&#8230; Que si afectar\u00e1 a MORENA si no social por todos aquellos ciudadanos que siempre crec\u00edan econ\u00f3micamente con las proyecciones de gobierno&#8230;<\/p>\n<p>Pero que ahora no est\u00e1n creciendo&#8230; Y son esa clase media y media alta las que sufrir\u00e1n las consecuencias, que son el motor de la econom\u00eda estatal y al no tener la manera de crecer econ\u00f3micamente, la entidad ahora si estar\u00e1 en recesi\u00f3n sin ning\u00fan tipo de argumentos en contra&#8230; Las clases marginales ser\u00e1n las beneficiadas con programas asistenciales pero estas no son productivas&#8230; Lo cual le provocar\u00e1 un \u00abEstado Fallido\u00bb a Cuitl\u00e1huac Garc\u00eda aunado con los conflictos de gobernabilidad e inseguridad que vive la entidad&#8230;<\/p>\n<p>El caos har\u00e1 presa al gobierno estatal en 2020 a unos meses de las elecciones estatales y federales&#8230; Y ante estos panoramas \u00bfcu\u00e1l ser\u00e1 el resultado para MORENA?&#8230; Si el personaje que tiene en su poder el capital pol\u00edticos de este partido&#8230; Anda volando bajo&#8230; Muy bajo&#8230; Ya ven porque dec\u00edamos que estaba en riesgo sus distritos electorales en Veracruz&#8230; No hay crecimiento econ\u00f3mico, no hay triunfo electoral&#8230;<\/p>\n","protected":false},"excerpt":{"rendered":"<p>Ricardo Ch\u00faa Sale y Vale De nuevo Coatzacoalcos&#8230; Territorio Nahle y municipio gobernado por MORENA&#8230; La lectura es clara&#8230; El crimen le muestra su fuerza al gobierno de Cuitl\u00e1huac y este hace mutis de nuevo para volverse pelear con el Fiscal, Jorge Winckler&#8230; En la sure\u00f1a ciudad vuelven a provocar un incendio de graves dimensiones [&hellip;]<\/p>\n","protected":false},"author":2,"featured_media":48889,"comment_status":"open","ping_status":"open","sticky":false,"template":"","format":"standard","meta":{"tdm_status":"","tdm_grid_status":"","footnotes":""},"categories":[70],"tags":[371,1563,10526,6869,1026,14237,3578],"class_list":{"0":"post-48888","1":"post","2":"type-post","3":"status-publish","4":"format-standard","5":"has-post-thumbnail","7":"category-de-opinion","8":"tag-coatzacoalcos","9":"tag-cuitlahuac-garcia-jimenez","10":"tag-fiscal","11":"tag-jorge-winckler","12":"tag-morena","13":"tag-plan-estatal-de-desarrollo","14":"tag-rocio-nahle"},"yoast_head":"<!-- This site is optimized with the Yoast SEO plugin v27.4 - https:\/\/yoast.com\/product\/yoast-seo-wordpress\/ -->\n<title>Veracruz en llamas - Los pol\u00edticos Veracruz<\/title>\n<meta name=\"robots\" content=\"index, follow, max-snippet:-1, max-image-preview:large, max-video-preview:-1\" \/>\n<link rel=\"canonical\" href=\"https:\/\/lospoliticosveracruz.com\/?p=48888\" \/>\n<meta property=\"og:locale\" content=\"es_ES\" \/>\n<meta property=\"og:type\" content=\"article\" \/>\n<meta property=\"og:title\" content=\"Veracruz en llamas - Los pol\u00edticos Veracruz\" \/>\n<meta property=\"og:description\" content=\"Ricardo Ch\u00faa Sale y Vale De nuevo Coatzacoalcos&#8230; Territorio Nahle y municipio gobernado por MORENA&#8230; La lectura es clara&#8230; El crimen le muestra su fuerza al gobierno de Cuitl\u00e1huac y este hace mutis de nuevo para volverse pelear con el Fiscal, Jorge Winckler&#8230; En la sure\u00f1a ciudad vuelven a provocar un incendio de graves dimensiones [&hellip;]\" \/>\n<meta property=\"og:url\" content=\"https:\/\/lospoliticosveracruz.com\/?p=48888\" \/>\n<meta property=\"og:site_name\" content=\"Los pol\u00edticos Veracruz\" \/>\n<meta property=\"article:publisher\" content=\"https:\/\/www.facebook.com\/people\/Notimemes-de-los-Polticos\/61565672886568\/\" \/>\n<meta property=\"article:published_time\" content=\"2019-07-24T17:43:27+00:00\" \/>\n<meta property=\"og:image\" content=\"https:\/\/lospoliticosveracruz.com\/wp-content\/uploads\/2019\/07\/Incendio.jpg\" \/>\n\t<meta property=\"og:image:width\" content=\"620\" \/>\n\t<meta property=\"og:image:height\" content=\"350\" \/>\n\t<meta property=\"og:image:type\" content=\"image\/jpeg\" \/>\n<meta name=\"author\" content=\"Lo viste en Los Pol\u00edticos\" \/>\n<meta name=\"twitter:card\" content=\"summary_large_image\" \/>\n<meta name=\"twitter:creator\" content=\"@LosPoliticosVer\" \/>\n<meta name=\"twitter:site\" content=\"@LosPoliticosVer\" \/>\n<meta name=\"twitter:label1\" content=\"Escrito por\" \/>\n\t<meta name=\"twitter:data1\" content=\"Lo viste en Los Pol\u00edticos\" \/>\n\t<meta name=\"twitter:label2\" content=\"Tiempo de lectura\" \/>\n\t<meta name=\"twitter:data2\" content=\"4 minutos\" \/>\n<script type=\"application\/ld+json\" class=\"yoast-schema-graph\">{\"@context\":\"https:\\\/\\\/schema.org\",\"@graph\":[{\"@type\":\"Article\",\"@id\":\"https:\\\/\\\/lospoliticosveracruz.com\\\/?p=48888#article\",\"isPartOf\":{\"@id\":\"https:\\\/\\\/lospoliticosveracruz.com\\\/?p=48888\"},\"author\":{\"name\":\"Lo viste en Los Pol\u00edticos\",\"@id\":\"https:\\\/\\\/lospoliticosveracruz.com\\\/#\\\/schema\\\/person\\\/b8702bb0e538456e6efd07080bf2a4a2\"},\"headline\":\"Veracruz en llamas\",\"datePublished\":\"2019-07-24T17:43:27+00:00\",\"mainEntityOfPage\":{\"@id\":\"https:\\\/\\\/lospoliticosveracruz.com\\\/?p=48888\"},\"wordCount\":796,\"commentCount\":0,\"publisher\":{\"@id\":\"https:\\\/\\\/lospoliticosveracruz.com\\\/#organization\"},\"image\":{\"@id\":\"https:\\\/\\\/lospoliticosveracruz.com\\\/?p=48888#primaryimage\"},\"thumbnailUrl\":\"https:\\\/\\\/lospoliticosveracruz.com\\\/wp-content\\\/uploads\\\/2019\\\/07\\\/Incendio.jpg\",\"keywords\":[\"Coatzacoalcos\",\"Cuitl\u00e1huac Garc\u00eda Jim\u00e9nez\",\"Fiscal\",\"Jorge Winckler\",\"Morena\",\"Plan Estatal de Desarrollo\",\"Roc\u00edo Nahle\"],\"articleSection\":[\"De Opini\u00f3n\"],\"inLanguage\":\"es\",\"potentialAction\":[{\"@type\":\"CommentAction\",\"name\":\"Comment\",\"target\":[\"https:\\\/\\\/lospoliticosveracruz.com\\\/?p=48888#respond\"]}]},{\"@type\":\"WebPage\",\"@id\":\"https:\\\/\\\/lospoliticosveracruz.com\\\/?p=48888\",\"url\":\"https:\\\/\\\/lospoliticosveracruz.com\\\/?p=48888\",\"name\":\"Veracruz en llamas - Los pol\u00edticos Veracruz\",\"isPartOf\":{\"@id\":\"https:\\\/\\\/lospoliticosveracruz.com\\\/#website\"},\"primaryImageOfPage\":{\"@id\":\"https:\\\/\\\/lospoliticosveracruz.com\\\/?p=48888#primaryimage\"},\"image\":{\"@id\":\"https:\\\/\\\/lospoliticosveracruz.com\\\/?p=48888#primaryimage\"},\"thumbnailUrl\":\"https:\\\/\\\/lospoliticosveracruz.com\\\/wp-content\\\/uploads\\\/2019\\\/07\\\/Incendio.jpg\",\"datePublished\":\"2019-07-24T17:43:27+00:00\",\"breadcrumb\":{\"@id\":\"https:\\\/\\\/lospoliticosveracruz.com\\\/?p=48888#breadcrumb\"},\"inLanguage\":\"es\",\"potentialAction\":[{\"@type\":\"ReadAction\",\"target\":[\"https:\\\/\\\/lospoliticosveracruz.com\\\/?p=48888\"]}]},{\"@type\":\"ImageObject\",\"inLanguage\":\"es\",\"@id\":\"https:\\\/\\\/lospoliticosveracruz.com\\\/?p=48888#primaryimage\",\"url\":\"https:\\\/\\\/lospoliticosveracruz.com\\\/wp-content\\\/uploads\\\/2019\\\/07\\\/Incendio.jpg\",\"contentUrl\":\"https:\\\/\\\/lospoliticosveracruz.com\\\/wp-content\\\/uploads\\\/2019\\\/07\\\/Incendio.jpg\",\"width\":620,\"height\":350},{\"@type\":\"BreadcrumbList\",\"@id\":\"https:\\\/\\\/lospoliticosveracruz.com\\\/?p=48888#breadcrumb\",\"itemListElement\":[{\"@type\":\"ListItem\",\"position\":1,\"name\":\"Portada\",\"item\":\"https:\\\/\\\/lospoliticosveracruz.com\\\/\"},{\"@type\":\"ListItem\",\"position\":2,\"name\":\"Veracruz en llamas\"}]},{\"@type\":\"WebSite\",\"@id\":\"https:\\\/\\\/lospoliticosveracruz.com\\\/#website\",\"url\":\"https:\\\/\\\/lospoliticosveracruz.com\\\/\",\"name\":\"Los pol\u00edticos Veracruz\",\"description\":\"\",\"publisher\":{\"@id\":\"https:\\\/\\\/lospoliticosveracruz.com\\\/#organization\"},\"potentialAction\":[{\"@type\":\"SearchAction\",\"target\":{\"@type\":\"EntryPoint\",\"urlTemplate\":\"https:\\\/\\\/lospoliticosveracruz.com\\\/?s={search_term_string}\"},\"query-input\":{\"@type\":\"PropertyValueSpecification\",\"valueRequired\":true,\"valueName\":\"search_term_string\"}}],\"inLanguage\":\"es\"},{\"@type\":\"Organization\",\"@id\":\"https:\\\/\\\/lospoliticosveracruz.com\\\/#organization\",\"name\":\"Los pol\u00edticos Veracruz\",\"url\":\"https:\\\/\\\/lospoliticosveracruz.com\\\/\",\"logo\":{\"@type\":\"ImageObject\",\"inLanguage\":\"es\",\"@id\":\"https:\\\/\\\/lospoliticosveracruz.com\\\/#\\\/schema\\\/logo\\\/image\\\/\",\"url\":\"https:\\\/\\\/lospoliticosveracruz.com\\\/wp-content\\\/uploads\\\/2025\\\/12\\\/Logo-Nuevo-LOS-POLITICOS-1.jpg\",\"contentUrl\":\"https:\\\/\\\/lospoliticosveracruz.com\\\/wp-content\\\/uploads\\\/2025\\\/12\\\/Logo-Nuevo-LOS-POLITICOS-1.jpg\",\"width\":260,\"height\":70,\"caption\":\"Los pol\u00edticos Veracruz\"},\"image\":{\"@id\":\"https:\\\/\\\/lospoliticosveracruz.com\\\/#\\\/schema\\\/logo\\\/image\\\/\"},\"sameAs\":[\"https:\\\/\\\/www.facebook.com\\\/people\\\/Notimemes-de-los-Polticos\\\/61565672886568\\\/\",\"https:\\\/\\\/x.com\\\/LosPoliticosVer\"]},{\"@type\":\"Person\",\"@id\":\"https:\\\/\\\/lospoliticosveracruz.com\\\/#\\\/schema\\\/person\\\/b8702bb0e538456e6efd07080bf2a4a2\",\"name\":\"Lo viste en Los Pol\u00edticos\",\"image\":{\"@type\":\"ImageObject\",\"inLanguage\":\"es\",\"@id\":\"https:\\\/\\\/secure.gravatar.com\\\/avatar\\\/3a8de04a2656d44082be478bd6c086daa447c4651605818287b9532d3d0bd435?s=96&d=mm&r=g\",\"url\":\"https:\\\/\\\/secure.gravatar.com\\\/avatar\\\/3a8de04a2656d44082be478bd6c086daa447c4651605818287b9532d3d0bd435?s=96&d=mm&r=g\",\"contentUrl\":\"https:\\\/\\\/secure.gravatar.com\\\/avatar\\\/3a8de04a2656d44082be478bd6c086daa447c4651605818287b9532d3d0bd435?s=96&d=mm&r=g\",\"caption\":\"Lo viste en Los Pol\u00edticos\"},\"url\":\"https:\\\/\\\/lospoliticosveracruz.com\\\/?author=2\"}]}<\/script>\n<!-- \/ Yoast SEO plugin. -->","yoast_head_json":{"title":"Veracruz en llamas - Los pol\u00edticos Veracruz","robots":{"index":"index","follow":"follow","max-snippet":"max-snippet:-1","max-image-preview":"max-image-preview:large","max-video-preview":"max-video-preview:-1"},"canonical":"https:\/\/lospoliticosveracruz.com\/?p=48888","og_locale":"es_ES","og_type":"article","og_title":"Veracruz en llamas - Los pol\u00edticos Veracruz","og_description":"Ricardo Ch\u00faa Sale y Vale De nuevo Coatzacoalcos&#8230; Territorio Nahle y municipio gobernado por MORENA&#8230; La lectura es clara&#8230; El crimen le muestra su fuerza al gobierno de Cuitl\u00e1huac y este hace mutis de nuevo para volverse pelear con el Fiscal, Jorge Winckler&#8230; En la sure\u00f1a ciudad vuelven a provocar un incendio de graves dimensiones [&hellip;]","og_url":"https:\/\/lospoliticosveracruz.com\/?p=48888","og_site_name":"Los pol\u00edticos Veracruz","article_publisher":"https:\/\/www.facebook.com\/people\/Notimemes-de-los-Polticos\/61565672886568\/","article_published_time":"2019-07-24T17:43:27+00:00","og_image":[{"width":620,"height":350,"url":"https:\/\/lospoliticosveracruz.com\/wp-content\/uploads\/2019\/07\/Incendio.jpg","type":"image\/jpeg"}],"author":"Lo viste en Los Pol\u00edticos","twitter_card":"summary_large_image","twitter_creator":"@LosPoliticosVer","twitter_site":"@LosPoliticosVer","twitter_misc":{"Escrito por":"Lo viste en Los Pol\u00edticos","Tiempo de lectura":"4 minutos"},"schema":{"@context":"https:\/\/schema.org","@graph":[{"@type":"Article","@id":"https:\/\/lospoliticosveracruz.com\/?p=48888#article","isPartOf":{"@id":"https:\/\/lospoliticosveracruz.com\/?p=48888"},"author":{"name":"Lo viste en Los Pol\u00edticos","@id":"https:\/\/lospoliticosveracruz.com\/#\/schema\/person\/b8702bb0e538456e6efd07080bf2a4a2"},"headline":"Veracruz en llamas","datePublished":"2019-07-24T17:43:27+00:00","mainEntityOfPage":{"@id":"https:\/\/lospoliticosveracruz.com\/?p=48888"},"wordCount":796,"commentCount":0,"publisher":{"@id":"https:\/\/lospoliticosveracruz.com\/#organization"},"image":{"@id":"https:\/\/lospoliticosveracruz.com\/?p=48888#primaryimage"},"thumbnailUrl":"https:\/\/lospoliticosveracruz.com\/wp-content\/uploads\/2019\/07\/Incendio.jpg","keywords":["Coatzacoalcos","Cuitl\u00e1huac Garc\u00eda Jim\u00e9nez","Fiscal","Jorge Winckler","Morena","Plan Estatal de Desarrollo","Roc\u00edo Nahle"],"articleSection":["De Opini\u00f3n"],"inLanguage":"es","potentialAction":[{"@type":"CommentAction","name":"Comment","target":["https:\/\/lospoliticosveracruz.com\/?p=48888#respond"]}]},{"@type":"WebPage","@id":"https:\/\/lospoliticosveracruz.com\/?p=48888","url":"https:\/\/lospoliticosveracruz.com\/?p=48888","name":"Veracruz en llamas - Los pol\u00edticos Veracruz","isPartOf":{"@id":"https:\/\/lospoliticosveracruz.com\/#website"},"primaryImageOfPage":{"@id":"https:\/\/lospoliticosveracruz.com\/?p=48888#primaryimage"},"image":{"@id":"https:\/\/lospoliticosveracruz.com\/?p=48888#primaryimage"},"thumbnailUrl":"https:\/\/lospoliticosveracruz.com\/wp-content\/uploads\/2019\/07\/Incendio.jpg","datePublished":"2019-07-24T17:43:27+00:00","breadcrumb":{"@id":"https:\/\/lospoliticosveracruz.com\/?p=48888#breadcrumb"},"inLanguage":"es","potentialAction":[{"@type":"ReadAction","target":["https:\/\/lospoliticosveracruz.com\/?p=48888"]}]},{"@type":"ImageObject","inLanguage":"es","@id":"https:\/\/lospoliticosveracruz.com\/?p=48888#primaryimage","url":"https:\/\/lospoliticosveracruz.com\/wp-content\/uploads\/2019\/07\/Incendio.jpg","contentUrl":"https:\/\/lospoliticosveracruz.com\/wp-content\/uploads\/2019\/07\/Incendio.jpg","width":620,"height":350},{"@type":"BreadcrumbList","@id":"https:\/\/lospoliticosveracruz.com\/?p=48888#breadcrumb","itemListElement":[{"@type":"ListItem","position":1,"name":"Portada","item":"https:\/\/lospoliticosveracruz.com\/"},{"@type":"ListItem","position":2,"name":"Veracruz en llamas"}]},{"@type":"WebSite","@id":"https:\/\/lospoliticosveracruz.com\/#website","url":"https:\/\/lospoliticosveracruz.com\/","name":"Los pol\u00edticos Veracruz","description":"","publisher":{"@id":"https:\/\/lospoliticosveracruz.com\/#organization"},"potentialAction":[{"@type":"SearchAction","target":{"@type":"EntryPoint","urlTemplate":"https:\/\/lospoliticosveracruz.com\/?s={search_term_string}"},"query-input":{"@type":"PropertyValueSpecification","valueRequired":true,"valueName":"search_term_string"}}],"inLanguage":"es"},{"@type":"Organization","@id":"https:\/\/lospoliticosveracruz.com\/#organization","name":"Los pol\u00edticos Veracruz","url":"https:\/\/lospoliticosveracruz.com\/","logo":{"@type":"ImageObject","inLanguage":"es","@id":"https:\/\/lospoliticosveracruz.com\/#\/schema\/logo\/image\/","url":"https:\/\/lospoliticosveracruz.com\/wp-content\/uploads\/2025\/12\/Logo-Nuevo-LOS-POLITICOS-1.jpg","contentUrl":"https:\/\/lospoliticosveracruz.com\/wp-content\/uploads\/2025\/12\/Logo-Nuevo-LOS-POLITICOS-1.jpg","width":260,"height":70,"caption":"Los pol\u00edticos Veracruz"},"image":{"@id":"https:\/\/lospoliticosveracruz.com\/#\/schema\/logo\/image\/"},"sameAs":["https:\/\/www.facebook.com\/people\/Notimemes-de-los-Polticos\/61565672886568\/","https:\/\/x.com\/LosPoliticosVer"]},{"@type":"Person","@id":"https:\/\/lospoliticosveracruz.com\/#\/schema\/person\/b8702bb0e538456e6efd07080bf2a4a2","name":"Lo viste en Los Pol\u00edticos","image":{"@type":"ImageObject","inLanguage":"es","@id":"https:\/\/secure.gravatar.com\/avatar\/3a8de04a2656d44082be478bd6c086daa447c4651605818287b9532d3d0bd435?s=96&d=mm&r=g","url":"https:\/\/secure.gravatar.com\/avatar\/3a8de04a2656d44082be478bd6c086daa447c4651605818287b9532d3d0bd435?s=96&d=mm&r=g","contentUrl":"https:\/\/secure.gravatar.com\/avatar\/3a8de04a2656d44082be478bd6c086daa447c4651605818287b9532d3d0bd435?s=96&d=mm&r=g","caption":"Lo viste en Los Pol\u00edticos"},"url":"https:\/\/lospoliticosveracruz.com\/?author=2"}]}},"_links":{"self":[{"href":"https:\/\/lospoliticosveracruz.com\/index.php?rest_route=\/wp\/v2\/posts\/48888","targetHints":{"allow":["GET"]}}],"collection":[{"href":"https:\/\/lospoliticosveracruz.com\/index.php?rest_route=\/wp\/v2\/posts"}],"about":[{"href":"https:\/\/lospoliticosveracruz.com\/index.php?rest_route=\/wp\/v2\/types\/post"}],"author":[{"embeddable":true,"href":"https:\/\/lospoliticosveracruz.com\/index.php?rest_route=\/wp\/v2\/users\/2"}],"replies":[{"embeddable":true,"href":"https:\/\/lospoliticosveracruz.com\/index.php?rest_route=%2Fwp%2Fv2%2Fcomments&post=48888"}],"version-history":[{"count":1,"href":"https:\/\/lospoliticosveracruz.com\/index.php?rest_route=\/wp\/v2\/posts\/48888\/revisions"}],"predecessor-version":[{"id":48890,"href":"https:\/\/lospoliticosveracruz.com\/index.php?rest_route=\/wp\/v2\/posts\/48888\/revisions\/48890"}],"wp:featuredmedia":[{"embeddable":true,"href":"https:\/\/lospoliticosveracruz.com\/index.php?rest_route=\/wp\/v2\/media\/48889"}],"wp:attachment":[{"href":"https:\/\/lospoliticosveracruz.com\/index.php?rest_route=%2Fwp%2Fv2%2Fmedia&parent=48888"}],"wp:term":[{"taxonomy":"category","embeddable":true,"href":"https:\/\/lospoliticosveracruz.com\/index.php?rest_route=%2Fwp%2Fv2%2Fcategories&post=48888"},{"taxonomy":"post_tag","embeddable":true,"href":"https:\/\/lospoliticosveracruz.com\/index.php?rest_route=%2Fwp%2Fv2%2Ftags&post=48888"}],"curies":[{"name":"wp","href":"https:\/\/api.w.org\/{rel}","templated":true}]}}