{"id":48898,"date":"2019-07-25T12:29:22","date_gmt":"2019-07-25T17:29:22","guid":{"rendered":"http:\/\/www.lospoliticosveracruz.com.mx\/?p=48898"},"modified":"2019-07-25T12:29:22","modified_gmt":"2019-07-25T17:29:22","slug":"la-gran-jugada-de-papa-yunes","status":"publish","type":"post","link":"https:\/\/lospoliticosveracruz.com\/?p=48898","title":{"rendered":"La gran jugada de Pap\u00e1 Yunes"},"content":{"rendered":"<p><b>Ricardo Ch\u00faa<\/b><\/p>\n<p><i>Sale\u00a0y Vale<\/i><\/p>\n<p>LA GRAN JUGADA&#8230; Informes en poder del delegado del gobierno federal en Veracruz, Manuel Huerta Ladr\u00f3n de Guevara&#8230; Y que obviamente no han sido dados a conocer a Cuitl\u00e1huac Garc\u00eda y Eric Cisneros&#8230; Se\u00f1alan que el ex gobernador de Veracruz, Miguel Angel Yunes Linares, ocupando una estrategia digna del libro \u00abEl Arte de Guerra\u00bb, aplic\u00f3 la \u00abFideli\u00f1a\u00bb al gobierno estatal de MORENA con el tema de la impugnaci\u00f3n por parte del Tribunal Electoral del Poder Judicial de la Federaci\u00f3n al proceso interno por la dirigencia estatal del PAN&#8230;<\/p>\n<p>Para ser claros y concretos&#8230; PapaYunes \u00abjug\u00f3\u00bb su mejor carta e hizo parecer que perd\u00eda posici\u00f3n dentro del PAN, si Pepe Mancha-Do, el TEPJF le revocaba su triunfo como dirigente estatal&#8230; Hecho que sucedi\u00f3 en d\u00edas pasados&#8230; Y con ello, se concret\u00f3 el \u00abGran Enga\u00f1o\u00bb de los Yunes Azules al gobernador, Cuitl\u00e1huac Garc\u00eda y su equipo de operatividad pol\u00edtica dentro de su administraci\u00f3n estatal&#8230; Sobre todo porque ya se sabe al Interior de MORENA que la \u00abpelea\u00bb con Joaqui\u00edn Guzm\u00e1n Aviles, es ficticia&#8230; MOCOS PETRA&#8230;<\/p>\n<p>Desde hace meses cuando inici\u00f3 este proceso interno del PAN, por el mes de octubre del 2018, y que termin\u00f3 este a\u00f1o&#8230; Con el \u00abtriunfo\u00bb pirrico pero finalmente victoria de Mancha-Do Alarc\u00f3n&#8230; Se hab\u00eda iniciado una disputa interna entre PapaYunes y el \u00abChapito\u00bb Guzm\u00e1n, due\u00f1o y se\u00f1or de Tantoyuca y sus alrededores, todo mundo sab\u00eda de esa ruptura&#8230; Pero nadie, ni las fuentes de inteligencia (Si es que existen) de Cuitlahuac Garc\u00eda sab\u00edan el por qu\u00e9 se pelearon&#8230; Eso fue un misterio que s\u00f3lo Yunes y El Chapo ten\u00edan la verdad..<\/p>\n<p>Se presume que fue as\u00ed que empez\u00f3 la \u00abGRAN JUGADA\u00bb&#8230; Ya que con esa supuesta \u00abdivisi\u00f3n\u00bb&#8230; MORENA se acerc\u00f3 al Chapito para conformar el grupo que se conoci\u00f3 como \u00abEl PAN Caca\u00bb&#8230; Y de esa manera con el triunfo endeble de Mancha-Do&#8230; Sab\u00edan que llegado el momento de la impugnaci\u00f3n, el propio Cuitl\u00e1huac Garc\u00eda ir\u00eda al Tribunal Electoral de Veracruz a cabildear la anulaci\u00f3n.. Pero no falt\u00f3 el Magistrado que contara la historia y se supo que el Gobierno de MORENA estaba oper\u00e1ndola&#8230;<\/p>\n<p>Pero no fue s\u00f3lo ah\u00ed, se supo que el propio Garc\u00eda Jim\u00e9nez presuntamente, hizo lo mismo con la Sala Regional del TEPJF que la desecho y tambi\u00e9n con la Sala Superior del tribunal electoral federal hasta que la anul\u00f3&#8230; Despu\u00e9s de que se conoci\u00f3 ese dictamen, MORENA \u00abestall\u00f3\u00bb de jubilo.. Pensaban que PapaYunes estaba derrotado y con Mancha-Do fuera de la jugada, se iba a desterrar de Veracruz&#8230; Europa o Nueva York ser\u00edan nuevo su destino&#8230; Pero no fue as\u00ed&#8230; PapaYunes regres\u00f3 a su \u00abComarca\u00bb de Boca del R\u00edo&#8230;<\/p>\n<p>Ah\u00ed fue como se empez\u00f3 a descubrir todo&#8230; Y lo que Huerta ocult\u00f3&#8230; Se empez\u00f3 a saber que tanto Cuitl\u00e1huac como Patrocinio fueron enga\u00f1ados&#8230; Que la anulaci\u00f3n al triunfo de Mancha-Do era algo esperado porque este personaje un\u00eda a todo el PAN&#8230; Pero en contra&#8230; Hab\u00eda que darle salida porque su ciclo como aliado y empleado hab\u00eda terminado&#8230; Y pese a ello, el ganador eran los Yunes&#8230; Ese PAN contin\u00faa fuerte al interior&#8230; Al final, sin saberlo, Cuitl\u00e1huac trabaj\u00f3 para Yunes&#8230; Qui\u00e9n dir\u00eda&#8230; La Moraleja: \u00abNadie sabe para qui\u00e9n trabaja\u00bb&#8230; Ja Ja Ja&#8230;<\/p>\n<p>Con esto se nota que al gobernador actual de Veracruz, no lee, ni estudia el comportamiento de sus antecesores&#8230; Algo imperdonable para quien desea un cambi\u00f3 de r\u00e9gimen, una 4T y no se dio cuenta que no todo es \u00absabadaba\u00bb&#8230; Y si por lo menos, escuchar\u00e1 a los hist\u00f3ricos de MORENA como Porfirio Mu\u00f1oz Ledo, se hubiera dado cuenta de la jugada de su antecesor&#8230; Ya que Porfirio fue el que dijo en el caf\u00e9 del T\u00edo Fernando&#8230; Que lo \u00fanico que diferenciaba a Fidel y Miguel, era el color de piel porque en lo dem\u00e1s eran completamente iguales&#8230;<\/p>\n<p>PapaYunes al final de cuentas, le aplic\u00f3 a su sucesor, la acci\u00f3n pol\u00edtica que \u00abhered\u00f3\u00bb su \u00abn\u00e9mesis\u00bb a la clase pol\u00edtica veracruzana y que es conocida como: \u00abLa Fideli\u00f1a\u00bb&#8230; Aqu\u00ed tendr\u00edamos que decir AMEN&#8230; Pero no&#8230; Hay m\u00e1s&#8230; El Gober Moreno tendr\u00e1 que preguntar a \u00abEl Chapo\u00bb, \u00abConde\u00bb Cambranis y a V\u00edctor Serralde, el por qu\u00e9 le mintieron a \u00e9l y a su gobierno&#8230; Ya que ellos han estado y estar\u00e1n unidos a los Yunes Azules&#8230; Y m\u00e1s a Guzm\u00e1n Aviles que siempre ha sido \u00abyunista\u00bb y con \u00e9l lo ha conseguido todo&#8230; Por qu\u00e9 hab\u00eda de cambiar&#8230;<\/p>\n<p>El gran enga\u00f1o consisti\u00f3 que tuvieron que simular un pleito, que ning\u00fan panista sab\u00eda el por qu\u00e9 del mismo&#8230; Y eso hizo que el Gobernador y sus funcionarios de MORENA los \u00abagarraran de bajada\u00bb creando el famoso \u00abPAN Caca\u00bb.. Ya que al final, si se quedaba Guzm\u00e1n \u00c1viles ganaba con su aliado&#8230; Y si se manten\u00eda Mancha tambi\u00e9n porque su dirigencia ser\u00eda d\u00e9bil y necesitar\u00eda de los Yunes, Winckler, P-Edel y Even para mantener a \u00abraya\u00bb a los Morenos por lo menos de aqu\u00ed al 2021&#8230; Pero no fue necesario&#8230;<\/p>\n<p>Y como se ve que tampoco, Cuitl\u00e1huac no ha estudiado la historia de las \u00abrupturas\u00bb pol\u00edticas en Veracruz&#8230; Ni siquiera sab\u00eda, que un caso similar sucedi\u00f3 en 1991 cuando era el gobernador, Dante Delgado y el presidente del PRI, Jorge Uscanga Escobar&#8230; Ambos simularon un conflicto personal para acomodar las candidaturas a diputados federales en ese a\u00f1o&#8230; Obvio pactadas con Salinas y para evitar las crisis con lo que quedaba de la \u00abCorriente Cr\u00edtica\u00bb dentro del priismo&#8230; Moraleja: Para no repetir la historia, primero hay que conocerla&#8230;<\/p>\n<p>EN RESUMEN&#8230; El \u00abGRAN ESP\u00cdRITU\u00bb PRIISTA de Yunes Linares simul\u00f3 un pleito interno para que todos quedaran satisfechos que al interior del PAN en Veracruz, hay democracia (Juar, Juar, Juar) cuando ya no hab\u00eda contiendas internas desde el 2015&#8230; Buscaron los neopanistas que simular esta situaci\u00f3n ante la sociedad, los que \u00abmorder\u00edan el anzuelo\u00bb ser\u00eda el gobierno estatal de MORENA&#8230; Y as\u00ed paso&#8230; Lo dem\u00e1s es historia&#8230; CONSUMADO EST\u00c1 Y AMEN&#8230; Salieron m\u00e1s perversos que Sun Tz\u00fa y Maquiavelo juntos..<\/p>\n","protected":false},"excerpt":{"rendered":"<p>Ricardo Ch\u00faa Sale\u00a0y Vale LA GRAN JUGADA&#8230; Informes en poder del delegado del gobierno federal en Veracruz, Manuel Huerta Ladr\u00f3n de Guevara&#8230; Y que obviamente no han sido dados a conocer a Cuitl\u00e1huac Garc\u00eda y Eric Cisneros&#8230; Se\u00f1alan que el ex gobernador de Veracruz, Miguel Angel Yunes Linares, ocupando una estrategia digna del libro \u00abEl [&hellip;]<\/p>\n","protected":false},"author":2,"featured_media":46953,"comment_status":"open","ping_status":"open","sticky":false,"template":"","format":"standard","meta":{"tdm_status":"","tdm_grid_status":"","footnotes":""},"categories":[70],"tags":[13561,12299,3288,1850,11073,1065],"class_list":{"0":"post-48898","1":"post","2":"type-post","3":"status-publish","4":"format-standard","5":"has-post-thumbnail","7":"category-de-opinion","8":"tag-cuitlahauc-garcia-jimenez","9":"tag-eric-cisneros-burgos","10":"tag-joaquin-guzman-aviles","11":"tag-manuel-huerta-ladron-de-guevara","12":"tag-miguel-angel-angel-yunes-linares","13":"tag-pepe-mancha"},"yoast_head":"<!-- This site is optimized with the Yoast SEO plugin v27.4 - https:\/\/yoast.com\/product\/yoast-seo-wordpress\/ -->\n<title>La gran jugada de Pap\u00e1 Yunes - Los pol\u00edticos Veracruz<\/title>\n<meta name=\"robots\" content=\"index, follow, max-snippet:-1, max-image-preview:large, max-video-preview:-1\" \/>\n<link rel=\"canonical\" href=\"https:\/\/lospoliticosveracruz.com\/?p=48898\" \/>\n<meta property=\"og:locale\" content=\"es_ES\" \/>\n<meta property=\"og:type\" content=\"article\" \/>\n<meta property=\"og:title\" content=\"La gran jugada de Pap\u00e1 Yunes - Los pol\u00edticos Veracruz\" \/>\n<meta property=\"og:description\" content=\"Ricardo Ch\u00faa Sale\u00a0y Vale LA GRAN JUGADA&#8230; Informes en poder del delegado del gobierno federal en Veracruz, Manuel Huerta Ladr\u00f3n de Guevara&#8230; Y que obviamente no han sido dados a conocer a Cuitl\u00e1huac Garc\u00eda y Eric Cisneros&#8230; Se\u00f1alan que el ex gobernador de Veracruz, Miguel Angel Yunes Linares, ocupando una estrategia digna del libro \u00abEl [&hellip;]\" \/>\n<meta property=\"og:url\" content=\"https:\/\/lospoliticosveracruz.com\/?p=48898\" \/>\n<meta property=\"og:site_name\" content=\"Los pol\u00edticos Veracruz\" \/>\n<meta property=\"article:publisher\" content=\"https:\/\/www.facebook.com\/people\/Notimemes-de-los-Polticos\/61565672886568\/\" \/>\n<meta property=\"article:published_time\" content=\"2019-07-25T17:29:22+00:00\" \/>\n<meta property=\"og:image\" content=\"https:\/\/lospoliticosveracruz.com\/wp-content\/uploads\/2019\/02\/Cuitl\u00e1huac-y-Eric.jpg\" \/>\n\t<meta property=\"og:image:width\" content=\"600\" \/>\n\t<meta property=\"og:image:height\" content=\"397\" \/>\n\t<meta property=\"og:image:type\" content=\"image\/jpeg\" \/>\n<meta name=\"author\" content=\"Lo viste en Los Pol\u00edticos\" \/>\n<meta name=\"twitter:card\" content=\"summary_large_image\" \/>\n<meta name=\"twitter:creator\" content=\"@LosPoliticosVer\" \/>\n<meta name=\"twitter:site\" content=\"@LosPoliticosVer\" \/>\n<meta name=\"twitter:label1\" content=\"Escrito por\" \/>\n\t<meta name=\"twitter:data1\" content=\"Lo viste en Los Pol\u00edticos\" \/>\n\t<meta name=\"twitter:label2\" content=\"Tiempo de lectura\" \/>\n\t<meta name=\"twitter:data2\" content=\"5 minutos\" \/>\n<script type=\"application\/ld+json\" class=\"yoast-schema-graph\">{\"@context\":\"https:\\\/\\\/schema.org\",\"@graph\":[{\"@type\":\"Article\",\"@id\":\"https:\\\/\\\/lospoliticosveracruz.com\\\/?p=48898#article\",\"isPartOf\":{\"@id\":\"https:\\\/\\\/lospoliticosveracruz.com\\\/?p=48898\"},\"author\":{\"name\":\"Lo viste en Los Pol\u00edticos\",\"@id\":\"https:\\\/\\\/lospoliticosveracruz.com\\\/#\\\/schema\\\/person\\\/b8702bb0e538456e6efd07080bf2a4a2\"},\"headline\":\"La gran jugada de Pap\u00e1 Yunes\",\"datePublished\":\"2019-07-25T17:29:22+00:00\",\"mainEntityOfPage\":{\"@id\":\"https:\\\/\\\/lospoliticosveracruz.com\\\/?p=48898\"},\"wordCount\":1083,\"commentCount\":0,\"publisher\":{\"@id\":\"https:\\\/\\\/lospoliticosveracruz.com\\\/#organization\"},\"image\":{\"@id\":\"https:\\\/\\\/lospoliticosveracruz.com\\\/?p=48898#primaryimage\"},\"thumbnailUrl\":\"https:\\\/\\\/lospoliticosveracruz.com\\\/wp-content\\\/uploads\\\/2019\\\/02\\\/Cuitl\u00e1huac-y-Eric.jpg\",\"keywords\":[\"Cuitl\u00e1hauc Garc\u00eda Jim\u00e9nez\",\"Eric Cisneros Burgos\",\"Joaqu\u00edn Guzm\u00e1n Avil\u00e9s\",\"Manuel Huerta Ladr\u00f3n de Guevara\",\"Miguel \u00c1ngel \u00c1ngel Yunes Linares\",\"Pepe Mancha\"],\"articleSection\":[\"De Opini\u00f3n\"],\"inLanguage\":\"es\",\"potentialAction\":[{\"@type\":\"CommentAction\",\"name\":\"Comment\",\"target\":[\"https:\\\/\\\/lospoliticosveracruz.com\\\/?p=48898#respond\"]}]},{\"@type\":\"WebPage\",\"@id\":\"https:\\\/\\\/lospoliticosveracruz.com\\\/?p=48898\",\"url\":\"https:\\\/\\\/lospoliticosveracruz.com\\\/?p=48898\",\"name\":\"La gran jugada de Pap\u00e1 Yunes - Los pol\u00edticos Veracruz\",\"isPartOf\":{\"@id\":\"https:\\\/\\\/lospoliticosveracruz.com\\\/#website\"},\"primaryImageOfPage\":{\"@id\":\"https:\\\/\\\/lospoliticosveracruz.com\\\/?p=48898#primaryimage\"},\"image\":{\"@id\":\"https:\\\/\\\/lospoliticosveracruz.com\\\/?p=48898#primaryimage\"},\"thumbnailUrl\":\"https:\\\/\\\/lospoliticosveracruz.com\\\/wp-content\\\/uploads\\\/2019\\\/02\\\/Cuitl\u00e1huac-y-Eric.jpg\",\"datePublished\":\"2019-07-25T17:29:22+00:00\",\"breadcrumb\":{\"@id\":\"https:\\\/\\\/lospoliticosveracruz.com\\\/?p=48898#breadcrumb\"},\"inLanguage\":\"es\",\"potentialAction\":[{\"@type\":\"ReadAction\",\"target\":[\"https:\\\/\\\/lospoliticosveracruz.com\\\/?p=48898\"]}]},{\"@type\":\"ImageObject\",\"inLanguage\":\"es\",\"@id\":\"https:\\\/\\\/lospoliticosveracruz.com\\\/?p=48898#primaryimage\",\"url\":\"https:\\\/\\\/lospoliticosveracruz.com\\\/wp-content\\\/uploads\\\/2019\\\/02\\\/Cuitl\u00e1huac-y-Eric.jpg\",\"contentUrl\":\"https:\\\/\\\/lospoliticosveracruz.com\\\/wp-content\\\/uploads\\\/2019\\\/02\\\/Cuitl\u00e1huac-y-Eric.jpg\",\"width\":600,\"height\":397},{\"@type\":\"BreadcrumbList\",\"@id\":\"https:\\\/\\\/lospoliticosveracruz.com\\\/?p=48898#breadcrumb\",\"itemListElement\":[{\"@type\":\"ListItem\",\"position\":1,\"name\":\"Portada\",\"item\":\"https:\\\/\\\/lospoliticosveracruz.com\\\/\"},{\"@type\":\"ListItem\",\"position\":2,\"name\":\"La gran jugada de Pap\u00e1 Yunes\"}]},{\"@type\":\"WebSite\",\"@id\":\"https:\\\/\\\/lospoliticosveracruz.com\\\/#website\",\"url\":\"https:\\\/\\\/lospoliticosveracruz.com\\\/\",\"name\":\"Los pol\u00edticos Veracruz\",\"description\":\"\",\"publisher\":{\"@id\":\"https:\\\/\\\/lospoliticosveracruz.com\\\/#organization\"},\"potentialAction\":[{\"@type\":\"SearchAction\",\"target\":{\"@type\":\"EntryPoint\",\"urlTemplate\":\"https:\\\/\\\/lospoliticosveracruz.com\\\/?s={search_term_string}\"},\"query-input\":{\"@type\":\"PropertyValueSpecification\",\"valueRequired\":true,\"valueName\":\"search_term_string\"}}],\"inLanguage\":\"es\"},{\"@type\":\"Organization\",\"@id\":\"https:\\\/\\\/lospoliticosveracruz.com\\\/#organization\",\"name\":\"Los pol\u00edticos Veracruz\",\"url\":\"https:\\\/\\\/lospoliticosveracruz.com\\\/\",\"logo\":{\"@type\":\"ImageObject\",\"inLanguage\":\"es\",\"@id\":\"https:\\\/\\\/lospoliticosveracruz.com\\\/#\\\/schema\\\/logo\\\/image\\\/\",\"url\":\"https:\\\/\\\/lospoliticosveracruz.com\\\/wp-content\\\/uploads\\\/2025\\\/12\\\/Logo-Nuevo-LOS-POLITICOS-1.jpg\",\"contentUrl\":\"https:\\\/\\\/lospoliticosveracruz.com\\\/wp-content\\\/uploads\\\/2025\\\/12\\\/Logo-Nuevo-LOS-POLITICOS-1.jpg\",\"width\":260,\"height\":70,\"caption\":\"Los pol\u00edticos Veracruz\"},\"image\":{\"@id\":\"https:\\\/\\\/lospoliticosveracruz.com\\\/#\\\/schema\\\/logo\\\/image\\\/\"},\"sameAs\":[\"https:\\\/\\\/www.facebook.com\\\/people\\\/Notimemes-de-los-Polticos\\\/61565672886568\\\/\",\"https:\\\/\\\/x.com\\\/LosPoliticosVer\"]},{\"@type\":\"Person\",\"@id\":\"https:\\\/\\\/lospoliticosveracruz.com\\\/#\\\/schema\\\/person\\\/b8702bb0e538456e6efd07080bf2a4a2\",\"name\":\"Lo viste en Los Pol\u00edticos\",\"image\":{\"@type\":\"ImageObject\",\"inLanguage\":\"es\",\"@id\":\"https:\\\/\\\/secure.gravatar.com\\\/avatar\\\/3a8de04a2656d44082be478bd6c086daa447c4651605818287b9532d3d0bd435?s=96&d=mm&r=g\",\"url\":\"https:\\\/\\\/secure.gravatar.com\\\/avatar\\\/3a8de04a2656d44082be478bd6c086daa447c4651605818287b9532d3d0bd435?s=96&d=mm&r=g\",\"contentUrl\":\"https:\\\/\\\/secure.gravatar.com\\\/avatar\\\/3a8de04a2656d44082be478bd6c086daa447c4651605818287b9532d3d0bd435?s=96&d=mm&r=g\",\"caption\":\"Lo viste en Los Pol\u00edticos\"},\"url\":\"https:\\\/\\\/lospoliticosveracruz.com\\\/?author=2\"}]}<\/script>\n<!-- \/ Yoast SEO plugin. -->","yoast_head_json":{"title":"La gran jugada de Pap\u00e1 Yunes - Los pol\u00edticos Veracruz","robots":{"index":"index","follow":"follow","max-snippet":"max-snippet:-1","max-image-preview":"max-image-preview:large","max-video-preview":"max-video-preview:-1"},"canonical":"https:\/\/lospoliticosveracruz.com\/?p=48898","og_locale":"es_ES","og_type":"article","og_title":"La gran jugada de Pap\u00e1 Yunes - Los pol\u00edticos Veracruz","og_description":"Ricardo Ch\u00faa Sale\u00a0y Vale LA GRAN JUGADA&#8230; Informes en poder del delegado del gobierno federal en Veracruz, Manuel Huerta Ladr\u00f3n de Guevara&#8230; Y que obviamente no han sido dados a conocer a Cuitl\u00e1huac Garc\u00eda y Eric Cisneros&#8230; Se\u00f1alan que el ex gobernador de Veracruz, Miguel Angel Yunes Linares, ocupando una estrategia digna del libro \u00abEl [&hellip;]","og_url":"https:\/\/lospoliticosveracruz.com\/?p=48898","og_site_name":"Los pol\u00edticos Veracruz","article_publisher":"https:\/\/www.facebook.com\/people\/Notimemes-de-los-Polticos\/61565672886568\/","article_published_time":"2019-07-25T17:29:22+00:00","og_image":[{"width":600,"height":397,"url":"https:\/\/lospoliticosveracruz.com\/wp-content\/uploads\/2019\/02\/Cuitl\u00e1huac-y-Eric.jpg","type":"image\/jpeg"}],"author":"Lo viste en Los Pol\u00edticos","twitter_card":"summary_large_image","twitter_creator":"@LosPoliticosVer","twitter_site":"@LosPoliticosVer","twitter_misc":{"Escrito por":"Lo viste en Los Pol\u00edticos","Tiempo de lectura":"5 minutos"},"schema":{"@context":"https:\/\/schema.org","@graph":[{"@type":"Article","@id":"https:\/\/lospoliticosveracruz.com\/?p=48898#article","isPartOf":{"@id":"https:\/\/lospoliticosveracruz.com\/?p=48898"},"author":{"name":"Lo viste en Los Pol\u00edticos","@id":"https:\/\/lospoliticosveracruz.com\/#\/schema\/person\/b8702bb0e538456e6efd07080bf2a4a2"},"headline":"La gran jugada de Pap\u00e1 Yunes","datePublished":"2019-07-25T17:29:22+00:00","mainEntityOfPage":{"@id":"https:\/\/lospoliticosveracruz.com\/?p=48898"},"wordCount":1083,"commentCount":0,"publisher":{"@id":"https:\/\/lospoliticosveracruz.com\/#organization"},"image":{"@id":"https:\/\/lospoliticosveracruz.com\/?p=48898#primaryimage"},"thumbnailUrl":"https:\/\/lospoliticosveracruz.com\/wp-content\/uploads\/2019\/02\/Cuitl\u00e1huac-y-Eric.jpg","keywords":["Cuitl\u00e1hauc Garc\u00eda Jim\u00e9nez","Eric Cisneros Burgos","Joaqu\u00edn Guzm\u00e1n Avil\u00e9s","Manuel Huerta Ladr\u00f3n de Guevara","Miguel \u00c1ngel \u00c1ngel Yunes Linares","Pepe Mancha"],"articleSection":["De Opini\u00f3n"],"inLanguage":"es","potentialAction":[{"@type":"CommentAction","name":"Comment","target":["https:\/\/lospoliticosveracruz.com\/?p=48898#respond"]}]},{"@type":"WebPage","@id":"https:\/\/lospoliticosveracruz.com\/?p=48898","url":"https:\/\/lospoliticosveracruz.com\/?p=48898","name":"La gran jugada de Pap\u00e1 Yunes - Los pol\u00edticos Veracruz","isPartOf":{"@id":"https:\/\/lospoliticosveracruz.com\/#website"},"primaryImageOfPage":{"@id":"https:\/\/lospoliticosveracruz.com\/?p=48898#primaryimage"},"image":{"@id":"https:\/\/lospoliticosveracruz.com\/?p=48898#primaryimage"},"thumbnailUrl":"https:\/\/lospoliticosveracruz.com\/wp-content\/uploads\/2019\/02\/Cuitl\u00e1huac-y-Eric.jpg","datePublished":"2019-07-25T17:29:22+00:00","breadcrumb":{"@id":"https:\/\/lospoliticosveracruz.com\/?p=48898#breadcrumb"},"inLanguage":"es","potentialAction":[{"@type":"ReadAction","target":["https:\/\/lospoliticosveracruz.com\/?p=48898"]}]},{"@type":"ImageObject","inLanguage":"es","@id":"https:\/\/lospoliticosveracruz.com\/?p=48898#primaryimage","url":"https:\/\/lospoliticosveracruz.com\/wp-content\/uploads\/2019\/02\/Cuitl\u00e1huac-y-Eric.jpg","contentUrl":"https:\/\/lospoliticosveracruz.com\/wp-content\/uploads\/2019\/02\/Cuitl\u00e1huac-y-Eric.jpg","width":600,"height":397},{"@type":"BreadcrumbList","@id":"https:\/\/lospoliticosveracruz.com\/?p=48898#breadcrumb","itemListElement":[{"@type":"ListItem","position":1,"name":"Portada","item":"https:\/\/lospoliticosveracruz.com\/"},{"@type":"ListItem","position":2,"name":"La gran jugada de Pap\u00e1 Yunes"}]},{"@type":"WebSite","@id":"https:\/\/lospoliticosveracruz.com\/#website","url":"https:\/\/lospoliticosveracruz.com\/","name":"Los pol\u00edticos Veracruz","description":"","publisher":{"@id":"https:\/\/lospoliticosveracruz.com\/#organization"},"potentialAction":[{"@type":"SearchAction","target":{"@type":"EntryPoint","urlTemplate":"https:\/\/lospoliticosveracruz.com\/?s={search_term_string}"},"query-input":{"@type":"PropertyValueSpecification","valueRequired":true,"valueName":"search_term_string"}}],"inLanguage":"es"},{"@type":"Organization","@id":"https:\/\/lospoliticosveracruz.com\/#organization","name":"Los pol\u00edticos Veracruz","url":"https:\/\/lospoliticosveracruz.com\/","logo":{"@type":"ImageObject","inLanguage":"es","@id":"https:\/\/lospoliticosveracruz.com\/#\/schema\/logo\/image\/","url":"https:\/\/lospoliticosveracruz.com\/wp-content\/uploads\/2025\/12\/Logo-Nuevo-LOS-POLITICOS-1.jpg","contentUrl":"https:\/\/lospoliticosveracruz.com\/wp-content\/uploads\/2025\/12\/Logo-Nuevo-LOS-POLITICOS-1.jpg","width":260,"height":70,"caption":"Los pol\u00edticos Veracruz"},"image":{"@id":"https:\/\/lospoliticosveracruz.com\/#\/schema\/logo\/image\/"},"sameAs":["https:\/\/www.facebook.com\/people\/Notimemes-de-los-Polticos\/61565672886568\/","https:\/\/x.com\/LosPoliticosVer"]},{"@type":"Person","@id":"https:\/\/lospoliticosveracruz.com\/#\/schema\/person\/b8702bb0e538456e6efd07080bf2a4a2","name":"Lo viste en Los Pol\u00edticos","image":{"@type":"ImageObject","inLanguage":"es","@id":"https:\/\/secure.gravatar.com\/avatar\/3a8de04a2656d44082be478bd6c086daa447c4651605818287b9532d3d0bd435?s=96&d=mm&r=g","url":"https:\/\/secure.gravatar.com\/avatar\/3a8de04a2656d44082be478bd6c086daa447c4651605818287b9532d3d0bd435?s=96&d=mm&r=g","contentUrl":"https:\/\/secure.gravatar.com\/avatar\/3a8de04a2656d44082be478bd6c086daa447c4651605818287b9532d3d0bd435?s=96&d=mm&r=g","caption":"Lo viste en Los Pol\u00edticos"},"url":"https:\/\/lospoliticosveracruz.com\/?author=2"}]}},"_links":{"self":[{"href":"https:\/\/lospoliticosveracruz.com\/index.php?rest_route=\/wp\/v2\/posts\/48898","targetHints":{"allow":["GET"]}}],"collection":[{"href":"https:\/\/lospoliticosveracruz.com\/index.php?rest_route=\/wp\/v2\/posts"}],"about":[{"href":"https:\/\/lospoliticosveracruz.com\/index.php?rest_route=\/wp\/v2\/types\/post"}],"author":[{"embeddable":true,"href":"https:\/\/lospoliticosveracruz.com\/index.php?rest_route=\/wp\/v2\/users\/2"}],"replies":[{"embeddable":true,"href":"https:\/\/lospoliticosveracruz.com\/index.php?rest_route=%2Fwp%2Fv2%2Fcomments&post=48898"}],"version-history":[{"count":1,"href":"https:\/\/lospoliticosveracruz.com\/index.php?rest_route=\/wp\/v2\/posts\/48898\/revisions"}],"predecessor-version":[{"id":48899,"href":"https:\/\/lospoliticosveracruz.com\/index.php?rest_route=\/wp\/v2\/posts\/48898\/revisions\/48899"}],"wp:featuredmedia":[{"embeddable":true,"href":"https:\/\/lospoliticosveracruz.com\/index.php?rest_route=\/wp\/v2\/media\/46953"}],"wp:attachment":[{"href":"https:\/\/lospoliticosveracruz.com\/index.php?rest_route=%2Fwp%2Fv2%2Fmedia&parent=48898"}],"wp:term":[{"taxonomy":"category","embeddable":true,"href":"https:\/\/lospoliticosveracruz.com\/index.php?rest_route=%2Fwp%2Fv2%2Fcategories&post=48898"},{"taxonomy":"post_tag","embeddable":true,"href":"https:\/\/lospoliticosveracruz.com\/index.php?rest_route=%2Fwp%2Fv2%2Ftags&post=48898"}],"curies":[{"name":"wp","href":"https:\/\/api.w.org\/{rel}","templated":true}]}}