{"id":48900,"date":"2019-07-25T15:35:53","date_gmt":"2019-07-25T20:35:53","guid":{"rendered":"http:\/\/www.lospoliticosveracruz.com.mx\/?p=48900"},"modified":"2019-07-25T15:36:14","modified_gmt":"2019-07-25T20:36:14","slug":"invade-sp-y-guardia-nacional-rancho-de-la-familia-spinoso-carrera","status":"publish","type":"post","link":"https:\/\/lospoliticosveracruz.com\/?p=48900","title":{"rendered":"\u00abInvade\u00bb SP y Guardia Nacional rancho de la familia Spinoso Carrera"},"content":{"rendered":"<p><a href=\"http:\/\/www.lospoliticosveracruz.com.mx\/wp-content\/uploads\/2019\/07\/Spinoso-B.jpeg\"><img loading=\"lazy\" decoding=\"async\" class=\"aligncenter size-full wp-image-48902\" src=\"http:\/\/www.lospoliticosveracruz.com.mx\/wp-content\/uploads\/2019\/07\/Spinoso-B.jpeg\" alt=\"Spinoso B\" width=\"600\" height=\"450\" srcset=\"https:\/\/lospoliticosveracruz.com\/wp-content\/uploads\/2019\/07\/Spinoso-B.jpeg 600w, https:\/\/lospoliticosveracruz.com\/wp-content\/uploads\/2019\/07\/Spinoso-B-300x225.jpeg 300w, https:\/\/lospoliticosveracruz.com\/wp-content\/uploads\/2019\/07\/Spinoso-B-80x60.jpeg 80w\" sizes=\"auto, (max-width: 600px) 100vw, 600px\" \/><\/a><\/p>\n<p>Para entender el proceder de las autoridades de Veracruz, baste recordar la m\u00e1xima de Eric Cisneros Burgos, cuando expres\u00f3 su concepto jur\u00eddico sobre el Estado de Derecho: \u201ccuando una Ley es injusta, lo correcto es desobedecerla\u201d. S\u00f3lo as\u00ed se puede comprender c\u00f3mo, pasando sobre mandatos judiciales, elementos de Seguridad P\u00fablica del Estado y de la Guardia Nacional, materialmente \u201cinvadieron\u201d el rancho El Cayetano, propiedad de la familia Spinoso Carrera, rompiendo cercas sin que mediara documento alguno que amparara su acci\u00f3n.<\/p>\n<p><span style=\"font-weight: 400;\">Si bien es cierto, sobre dicho terreno hay un pleito legal por la construcci\u00f3n de la carretera Cardel-Poza Rica, m\u00e1s cierto es que tambi\u00e9n hay suspensiones provisionales y definitivas del orden federal, concedidas por los Juzgados Primero, Segundo y D\u00e9cimoquinto de Distrito que impiden cualquier acto relativo a la obra ya citada.<\/span><\/p>\n<p><span style=\"font-weight: 400;\">De acuerdo a videos que circulan en las redes, se ve a medio centenar de elementos pas\u00e1ndose por el arco del triunfo los mandatos judiciales, y no s\u00f3lo eso, metiendo maquinaria.<\/span><\/p>\n<p><span style=\"font-weight: 400;\">El asunto ac\u00e1 obliga a pensar dos cosas: o las autoridades del Gobierno estatal desconocen en lo absoluto las Leyes; o alguien pone al servicio de intereses muy particulares, a quienes se supone deber\u00edan de salvaguardar la seguridad y vida de los veracruzanos.<\/span><\/p>\n<p><span style=\"font-weight: 400;\">Gracias a la intervenci\u00f3n de Armando Vallejo Peralta, abogado de la familia Spinoso Carrera, se pudo detener \u201cla invasi\u00f3n\u201d, \u00bfqu\u00e9 pasa con cualquier persona que no tenga a su lado a alguien que entienda de Derecho y Leyes; y por el otro lado, tenga a otro, investido en Gobierno, que entienda que \u201ccuando una Ley es injusta, lo correcto es desobedecerla\u201d, utilizando elementos de Seguridad P\u00fablica y Guardia Nacional?<\/span><\/p>\n<p><a href=\"http:\/\/www.lospoliticosveracruz.com.mx\/wp-content\/uploads\/2019\/07\/Spinoso-C.jpeg\"><img loading=\"lazy\" decoding=\"async\" class=\"aligncenter size-full wp-image-48903\" src=\"http:\/\/www.lospoliticosveracruz.com.mx\/wp-content\/uploads\/2019\/07\/Spinoso-C.jpeg\" alt=\"Spinoso C\" width=\"600\" height=\"450\" srcset=\"https:\/\/lospoliticosveracruz.com\/wp-content\/uploads\/2019\/07\/Spinoso-C.jpeg 600w, https:\/\/lospoliticosveracruz.com\/wp-content\/uploads\/2019\/07\/Spinoso-C-300x225.jpeg 300w, https:\/\/lospoliticosveracruz.com\/wp-content\/uploads\/2019\/07\/Spinoso-C-80x60.jpeg 80w\" sizes=\"auto, (max-width: 600px) 100vw, 600px\" \/><\/a><\/p>\n","protected":false},"excerpt":{"rendered":"<p>Para entender el proceder de las autoridades de Veracruz, baste recordar la m\u00e1xima de Eric Cisneros Burgos, cuando expres\u00f3 su concepto jur\u00eddico sobre el Estado de Derecho: \u201ccuando una Ley es injusta, lo correcto es desobedecerla\u201d. S\u00f3lo as\u00ed se puede comprender c\u00f3mo, pasando sobre mandatos judiciales, elementos de Seguridad P\u00fablica del Estado y de la [&hellip;]<\/p>\n","protected":false},"author":2,"featured_media":48901,"comment_status":"open","ping_status":"open","sticky":false,"template":"","format":"standard","meta":{"tdm_status":"","tdm_grid_status":"","footnotes":""},"categories":[72],"tags":[15001,14999,12299,15000],"class_list":{"0":"post-48900","1":"post","2":"type-post","3":"status-publish","4":"format-standard","5":"has-post-thumbnail","7":"category-palomazos","8":"tag-carretera-cardel-poza-rica","9":"tag-el-cayetano","10":"tag-eric-cisneros-burgos","11":"tag-spinoso-carrera"},"yoast_head":"<!-- This site is optimized with the Yoast SEO plugin v27.4 - https:\/\/yoast.com\/product\/yoast-seo-wordpress\/ -->\n<title>&quot;Invade&quot; SP y Guardia Nacional rancho de la familia Spinoso Carrera - Los pol\u00edticos Veracruz<\/title>\n<meta name=\"robots\" content=\"index, follow, max-snippet:-1, max-image-preview:large, max-video-preview:-1\" \/>\n<link rel=\"canonical\" href=\"https:\/\/lospoliticosveracruz.com\/?p=48900\" \/>\n<meta property=\"og:locale\" content=\"es_ES\" \/>\n<meta property=\"og:type\" content=\"article\" \/>\n<meta property=\"og:title\" content=\"&quot;Invade&quot; SP y Guardia Nacional rancho de la familia Spinoso Carrera - Los pol\u00edticos Veracruz\" \/>\n<meta property=\"og:description\" content=\"Para entender el proceder de las autoridades de Veracruz, baste recordar la m\u00e1xima de Eric Cisneros Burgos, cuando expres\u00f3 su concepto jur\u00eddico sobre el Estado de Derecho: \u201ccuando una Ley es injusta, lo correcto es desobedecerla\u201d. S\u00f3lo as\u00ed se puede comprender c\u00f3mo, pasando sobre mandatos judiciales, elementos de Seguridad P\u00fablica del Estado y de la [&hellip;]\" \/>\n<meta property=\"og:url\" content=\"https:\/\/lospoliticosveracruz.com\/?p=48900\" \/>\n<meta property=\"og:site_name\" content=\"Los pol\u00edticos Veracruz\" \/>\n<meta property=\"article:publisher\" content=\"https:\/\/www.facebook.com\/people\/Notimemes-de-los-Polticos\/61565672886568\/\" \/>\n<meta property=\"article:published_time\" content=\"2019-07-25T20:35:53+00:00\" \/>\n<meta property=\"article:modified_time\" content=\"2019-07-25T20:36:14+00:00\" \/>\n<meta property=\"og:image\" content=\"https:\/\/lospoliticosveracruz.com\/wp-content\/uploads\/2019\/07\/Spinoso-A.jpeg\" \/>\n\t<meta property=\"og:image:width\" content=\"600\" \/>\n\t<meta property=\"og:image:height\" content=\"450\" \/>\n\t<meta property=\"og:image:type\" content=\"image\/jpeg\" \/>\n<meta name=\"author\" content=\"Lo viste en Los Pol\u00edticos\" \/>\n<meta name=\"twitter:card\" content=\"summary_large_image\" \/>\n<meta name=\"twitter:creator\" content=\"@LosPoliticosVer\" \/>\n<meta name=\"twitter:site\" content=\"@LosPoliticosVer\" \/>\n<meta name=\"twitter:label1\" content=\"Escrito por\" \/>\n\t<meta name=\"twitter:data1\" content=\"Lo viste en Los Pol\u00edticos\" \/>\n\t<meta name=\"twitter:label2\" content=\"Tiempo de lectura\" \/>\n\t<meta name=\"twitter:data2\" content=\"1 minuto\" \/>\n<script type=\"application\/ld+json\" class=\"yoast-schema-graph\">{\"@context\":\"https:\\\/\\\/schema.org\",\"@graph\":[{\"@type\":\"Article\",\"@id\":\"https:\\\/\\\/lospoliticosveracruz.com\\\/?p=48900#article\",\"isPartOf\":{\"@id\":\"https:\\\/\\\/lospoliticosveracruz.com\\\/?p=48900\"},\"author\":{\"name\":\"Lo viste en Los Pol\u00edticos\",\"@id\":\"https:\\\/\\\/lospoliticosveracruz.com\\\/#\\\/schema\\\/person\\\/b8702bb0e538456e6efd07080bf2a4a2\"},\"headline\":\"\u00abInvade\u00bb SP y Guardia Nacional rancho de la familia Spinoso Carrera\",\"datePublished\":\"2019-07-25T20:35:53+00:00\",\"dateModified\":\"2019-07-25T20:36:14+00:00\",\"mainEntityOfPage\":{\"@id\":\"https:\\\/\\\/lospoliticosveracruz.com\\\/?p=48900\"},\"wordCount\":302,\"commentCount\":0,\"publisher\":{\"@id\":\"https:\\\/\\\/lospoliticosveracruz.com\\\/#organization\"},\"image\":{\"@id\":\"https:\\\/\\\/lospoliticosveracruz.com\\\/?p=48900#primaryimage\"},\"thumbnailUrl\":\"https:\\\/\\\/lospoliticosveracruz.com\\\/wp-content\\\/uploads\\\/2019\\\/07\\\/Spinoso-A.jpeg\",\"keywords\":[\"carretera Cardel-Poza Rica\",\"El Cayetano\",\"Eric Cisneros Burgos\",\"Spinoso Carrera\"],\"articleSection\":[\"Palomazos\"],\"inLanguage\":\"es\",\"potentialAction\":[{\"@type\":\"CommentAction\",\"name\":\"Comment\",\"target\":[\"https:\\\/\\\/lospoliticosveracruz.com\\\/?p=48900#respond\"]}]},{\"@type\":\"WebPage\",\"@id\":\"https:\\\/\\\/lospoliticosveracruz.com\\\/?p=48900\",\"url\":\"https:\\\/\\\/lospoliticosveracruz.com\\\/?p=48900\",\"name\":\"\\\"Invade\\\" SP y Guardia Nacional rancho de la familia Spinoso Carrera - Los pol\u00edticos Veracruz\",\"isPartOf\":{\"@id\":\"https:\\\/\\\/lospoliticosveracruz.com\\\/#website\"},\"primaryImageOfPage\":{\"@id\":\"https:\\\/\\\/lospoliticosveracruz.com\\\/?p=48900#primaryimage\"},\"image\":{\"@id\":\"https:\\\/\\\/lospoliticosveracruz.com\\\/?p=48900#primaryimage\"},\"thumbnailUrl\":\"https:\\\/\\\/lospoliticosveracruz.com\\\/wp-content\\\/uploads\\\/2019\\\/07\\\/Spinoso-A.jpeg\",\"datePublished\":\"2019-07-25T20:35:53+00:00\",\"dateModified\":\"2019-07-25T20:36:14+00:00\",\"breadcrumb\":{\"@id\":\"https:\\\/\\\/lospoliticosveracruz.com\\\/?p=48900#breadcrumb\"},\"inLanguage\":\"es\",\"potentialAction\":[{\"@type\":\"ReadAction\",\"target\":[\"https:\\\/\\\/lospoliticosveracruz.com\\\/?p=48900\"]}]},{\"@type\":\"ImageObject\",\"inLanguage\":\"es\",\"@id\":\"https:\\\/\\\/lospoliticosveracruz.com\\\/?p=48900#primaryimage\",\"url\":\"https:\\\/\\\/lospoliticosveracruz.com\\\/wp-content\\\/uploads\\\/2019\\\/07\\\/Spinoso-A.jpeg\",\"contentUrl\":\"https:\\\/\\\/lospoliticosveracruz.com\\\/wp-content\\\/uploads\\\/2019\\\/07\\\/Spinoso-A.jpeg\",\"width\":600,\"height\":450},{\"@type\":\"BreadcrumbList\",\"@id\":\"https:\\\/\\\/lospoliticosveracruz.com\\\/?p=48900#breadcrumb\",\"itemListElement\":[{\"@type\":\"ListItem\",\"position\":1,\"name\":\"Portada\",\"item\":\"https:\\\/\\\/lospoliticosveracruz.com\\\/\"},{\"@type\":\"ListItem\",\"position\":2,\"name\":\"\u00abInvade\u00bb SP y Guardia Nacional rancho de la familia Spinoso Carrera\"}]},{\"@type\":\"WebSite\",\"@id\":\"https:\\\/\\\/lospoliticosveracruz.com\\\/#website\",\"url\":\"https:\\\/\\\/lospoliticosveracruz.com\\\/\",\"name\":\"Los pol\u00edticos Veracruz\",\"description\":\"\",\"publisher\":{\"@id\":\"https:\\\/\\\/lospoliticosveracruz.com\\\/#organization\"},\"potentialAction\":[{\"@type\":\"SearchAction\",\"target\":{\"@type\":\"EntryPoint\",\"urlTemplate\":\"https:\\\/\\\/lospoliticosveracruz.com\\\/?s={search_term_string}\"},\"query-input\":{\"@type\":\"PropertyValueSpecification\",\"valueRequired\":true,\"valueName\":\"search_term_string\"}}],\"inLanguage\":\"es\"},{\"@type\":\"Organization\",\"@id\":\"https:\\\/\\\/lospoliticosveracruz.com\\\/#organization\",\"name\":\"Los pol\u00edticos Veracruz\",\"url\":\"https:\\\/\\\/lospoliticosveracruz.com\\\/\",\"logo\":{\"@type\":\"ImageObject\",\"inLanguage\":\"es\",\"@id\":\"https:\\\/\\\/lospoliticosveracruz.com\\\/#\\\/schema\\\/logo\\\/image\\\/\",\"url\":\"https:\\\/\\\/lospoliticosveracruz.com\\\/wp-content\\\/uploads\\\/2025\\\/12\\\/Logo-Nuevo-LOS-POLITICOS-1.jpg\",\"contentUrl\":\"https:\\\/\\\/lospoliticosveracruz.com\\\/wp-content\\\/uploads\\\/2025\\\/12\\\/Logo-Nuevo-LOS-POLITICOS-1.jpg\",\"width\":260,\"height\":70,\"caption\":\"Los pol\u00edticos Veracruz\"},\"image\":{\"@id\":\"https:\\\/\\\/lospoliticosveracruz.com\\\/#\\\/schema\\\/logo\\\/image\\\/\"},\"sameAs\":[\"https:\\\/\\\/www.facebook.com\\\/people\\\/Notimemes-de-los-Polticos\\\/61565672886568\\\/\",\"https:\\\/\\\/x.com\\\/LosPoliticosVer\"]},{\"@type\":\"Person\",\"@id\":\"https:\\\/\\\/lospoliticosveracruz.com\\\/#\\\/schema\\\/person\\\/b8702bb0e538456e6efd07080bf2a4a2\",\"name\":\"Lo viste en Los Pol\u00edticos\",\"image\":{\"@type\":\"ImageObject\",\"inLanguage\":\"es\",\"@id\":\"https:\\\/\\\/secure.gravatar.com\\\/avatar\\\/3a8de04a2656d44082be478bd6c086daa447c4651605818287b9532d3d0bd435?s=96&d=mm&r=g\",\"url\":\"https:\\\/\\\/secure.gravatar.com\\\/avatar\\\/3a8de04a2656d44082be478bd6c086daa447c4651605818287b9532d3d0bd435?s=96&d=mm&r=g\",\"contentUrl\":\"https:\\\/\\\/secure.gravatar.com\\\/avatar\\\/3a8de04a2656d44082be478bd6c086daa447c4651605818287b9532d3d0bd435?s=96&d=mm&r=g\",\"caption\":\"Lo viste en Los Pol\u00edticos\"},\"url\":\"https:\\\/\\\/lospoliticosveracruz.com\\\/?author=2\"}]}<\/script>\n<!-- \/ Yoast SEO plugin. -->","yoast_head_json":{"title":"\"Invade\" SP y Guardia Nacional rancho de la familia Spinoso Carrera - Los pol\u00edticos Veracruz","robots":{"index":"index","follow":"follow","max-snippet":"max-snippet:-1","max-image-preview":"max-image-preview:large","max-video-preview":"max-video-preview:-1"},"canonical":"https:\/\/lospoliticosveracruz.com\/?p=48900","og_locale":"es_ES","og_type":"article","og_title":"\"Invade\" SP y Guardia Nacional rancho de la familia Spinoso Carrera - Los pol\u00edticos Veracruz","og_description":"Para entender el proceder de las autoridades de Veracruz, baste recordar la m\u00e1xima de Eric Cisneros Burgos, cuando expres\u00f3 su concepto jur\u00eddico sobre el Estado de Derecho: \u201ccuando una Ley es injusta, lo correcto es desobedecerla\u201d. S\u00f3lo as\u00ed se puede comprender c\u00f3mo, pasando sobre mandatos judiciales, elementos de Seguridad P\u00fablica del Estado y de la [&hellip;]","og_url":"https:\/\/lospoliticosveracruz.com\/?p=48900","og_site_name":"Los pol\u00edticos Veracruz","article_publisher":"https:\/\/www.facebook.com\/people\/Notimemes-de-los-Polticos\/61565672886568\/","article_published_time":"2019-07-25T20:35:53+00:00","article_modified_time":"2019-07-25T20:36:14+00:00","og_image":[{"width":600,"height":450,"url":"https:\/\/lospoliticosveracruz.com\/wp-content\/uploads\/2019\/07\/Spinoso-A.jpeg","type":"image\/jpeg"}],"author":"Lo viste en Los Pol\u00edticos","twitter_card":"summary_large_image","twitter_creator":"@LosPoliticosVer","twitter_site":"@LosPoliticosVer","twitter_misc":{"Escrito por":"Lo viste en Los Pol\u00edticos","Tiempo de lectura":"1 minuto"},"schema":{"@context":"https:\/\/schema.org","@graph":[{"@type":"Article","@id":"https:\/\/lospoliticosveracruz.com\/?p=48900#article","isPartOf":{"@id":"https:\/\/lospoliticosveracruz.com\/?p=48900"},"author":{"name":"Lo viste en Los Pol\u00edticos","@id":"https:\/\/lospoliticosveracruz.com\/#\/schema\/person\/b8702bb0e538456e6efd07080bf2a4a2"},"headline":"\u00abInvade\u00bb SP y Guardia Nacional rancho de la familia Spinoso Carrera","datePublished":"2019-07-25T20:35:53+00:00","dateModified":"2019-07-25T20:36:14+00:00","mainEntityOfPage":{"@id":"https:\/\/lospoliticosveracruz.com\/?p=48900"},"wordCount":302,"commentCount":0,"publisher":{"@id":"https:\/\/lospoliticosveracruz.com\/#organization"},"image":{"@id":"https:\/\/lospoliticosveracruz.com\/?p=48900#primaryimage"},"thumbnailUrl":"https:\/\/lospoliticosveracruz.com\/wp-content\/uploads\/2019\/07\/Spinoso-A.jpeg","keywords":["carretera Cardel-Poza Rica","El Cayetano","Eric Cisneros Burgos","Spinoso Carrera"],"articleSection":["Palomazos"],"inLanguage":"es","potentialAction":[{"@type":"CommentAction","name":"Comment","target":["https:\/\/lospoliticosveracruz.com\/?p=48900#respond"]}]},{"@type":"WebPage","@id":"https:\/\/lospoliticosveracruz.com\/?p=48900","url":"https:\/\/lospoliticosveracruz.com\/?p=48900","name":"\"Invade\" SP y Guardia Nacional rancho de la familia Spinoso Carrera - Los pol\u00edticos Veracruz","isPartOf":{"@id":"https:\/\/lospoliticosveracruz.com\/#website"},"primaryImageOfPage":{"@id":"https:\/\/lospoliticosveracruz.com\/?p=48900#primaryimage"},"image":{"@id":"https:\/\/lospoliticosveracruz.com\/?p=48900#primaryimage"},"thumbnailUrl":"https:\/\/lospoliticosveracruz.com\/wp-content\/uploads\/2019\/07\/Spinoso-A.jpeg","datePublished":"2019-07-25T20:35:53+00:00","dateModified":"2019-07-25T20:36:14+00:00","breadcrumb":{"@id":"https:\/\/lospoliticosveracruz.com\/?p=48900#breadcrumb"},"inLanguage":"es","potentialAction":[{"@type":"ReadAction","target":["https:\/\/lospoliticosveracruz.com\/?p=48900"]}]},{"@type":"ImageObject","inLanguage":"es","@id":"https:\/\/lospoliticosveracruz.com\/?p=48900#primaryimage","url":"https:\/\/lospoliticosveracruz.com\/wp-content\/uploads\/2019\/07\/Spinoso-A.jpeg","contentUrl":"https:\/\/lospoliticosveracruz.com\/wp-content\/uploads\/2019\/07\/Spinoso-A.jpeg","width":600,"height":450},{"@type":"BreadcrumbList","@id":"https:\/\/lospoliticosveracruz.com\/?p=48900#breadcrumb","itemListElement":[{"@type":"ListItem","position":1,"name":"Portada","item":"https:\/\/lospoliticosveracruz.com\/"},{"@type":"ListItem","position":2,"name":"\u00abInvade\u00bb SP y Guardia Nacional rancho de la familia Spinoso Carrera"}]},{"@type":"WebSite","@id":"https:\/\/lospoliticosveracruz.com\/#website","url":"https:\/\/lospoliticosveracruz.com\/","name":"Los pol\u00edticos Veracruz","description":"","publisher":{"@id":"https:\/\/lospoliticosveracruz.com\/#organization"},"potentialAction":[{"@type":"SearchAction","target":{"@type":"EntryPoint","urlTemplate":"https:\/\/lospoliticosveracruz.com\/?s={search_term_string}"},"query-input":{"@type":"PropertyValueSpecification","valueRequired":true,"valueName":"search_term_string"}}],"inLanguage":"es"},{"@type":"Organization","@id":"https:\/\/lospoliticosveracruz.com\/#organization","name":"Los pol\u00edticos Veracruz","url":"https:\/\/lospoliticosveracruz.com\/","logo":{"@type":"ImageObject","inLanguage":"es","@id":"https:\/\/lospoliticosveracruz.com\/#\/schema\/logo\/image\/","url":"https:\/\/lospoliticosveracruz.com\/wp-content\/uploads\/2025\/12\/Logo-Nuevo-LOS-POLITICOS-1.jpg","contentUrl":"https:\/\/lospoliticosveracruz.com\/wp-content\/uploads\/2025\/12\/Logo-Nuevo-LOS-POLITICOS-1.jpg","width":260,"height":70,"caption":"Los pol\u00edticos Veracruz"},"image":{"@id":"https:\/\/lospoliticosveracruz.com\/#\/schema\/logo\/image\/"},"sameAs":["https:\/\/www.facebook.com\/people\/Notimemes-de-los-Polticos\/61565672886568\/","https:\/\/x.com\/LosPoliticosVer"]},{"@type":"Person","@id":"https:\/\/lospoliticosveracruz.com\/#\/schema\/person\/b8702bb0e538456e6efd07080bf2a4a2","name":"Lo viste en Los Pol\u00edticos","image":{"@type":"ImageObject","inLanguage":"es","@id":"https:\/\/secure.gravatar.com\/avatar\/3a8de04a2656d44082be478bd6c086daa447c4651605818287b9532d3d0bd435?s=96&d=mm&r=g","url":"https:\/\/secure.gravatar.com\/avatar\/3a8de04a2656d44082be478bd6c086daa447c4651605818287b9532d3d0bd435?s=96&d=mm&r=g","contentUrl":"https:\/\/secure.gravatar.com\/avatar\/3a8de04a2656d44082be478bd6c086daa447c4651605818287b9532d3d0bd435?s=96&d=mm&r=g","caption":"Lo viste en Los Pol\u00edticos"},"url":"https:\/\/lospoliticosveracruz.com\/?author=2"}]}},"_links":{"self":[{"href":"https:\/\/lospoliticosveracruz.com\/index.php?rest_route=\/wp\/v2\/posts\/48900","targetHints":{"allow":["GET"]}}],"collection":[{"href":"https:\/\/lospoliticosveracruz.com\/index.php?rest_route=\/wp\/v2\/posts"}],"about":[{"href":"https:\/\/lospoliticosveracruz.com\/index.php?rest_route=\/wp\/v2\/types\/post"}],"author":[{"embeddable":true,"href":"https:\/\/lospoliticosveracruz.com\/index.php?rest_route=\/wp\/v2\/users\/2"}],"replies":[{"embeddable":true,"href":"https:\/\/lospoliticosveracruz.com\/index.php?rest_route=%2Fwp%2Fv2%2Fcomments&post=48900"}],"version-history":[{"count":2,"href":"https:\/\/lospoliticosveracruz.com\/index.php?rest_route=\/wp\/v2\/posts\/48900\/revisions"}],"predecessor-version":[{"id":48905,"href":"https:\/\/lospoliticosveracruz.com\/index.php?rest_route=\/wp\/v2\/posts\/48900\/revisions\/48905"}],"wp:featuredmedia":[{"embeddable":true,"href":"https:\/\/lospoliticosveracruz.com\/index.php?rest_route=\/wp\/v2\/media\/48901"}],"wp:attachment":[{"href":"https:\/\/lospoliticosveracruz.com\/index.php?rest_route=%2Fwp%2Fv2%2Fmedia&parent=48900"}],"wp:term":[{"taxonomy":"category","embeddable":true,"href":"https:\/\/lospoliticosveracruz.com\/index.php?rest_route=%2Fwp%2Fv2%2Fcategories&post=48900"},{"taxonomy":"post_tag","embeddable":true,"href":"https:\/\/lospoliticosveracruz.com\/index.php?rest_route=%2Fwp%2Fv2%2Ftags&post=48900"}],"curies":[{"name":"wp","href":"https:\/\/api.w.org\/{rel}","templated":true}]}}