{"id":48936,"date":"2019-07-30T09:51:56","date_gmt":"2019-07-30T14:51:56","guid":{"rendered":"http:\/\/www.lospoliticosveracruz.com.mx\/?p=48936"},"modified":"2019-07-30T09:51:56","modified_gmt":"2019-07-30T14:51:56","slug":"la-tercera-via-o-la-fractura-de-morena","status":"publish","type":"post","link":"https:\/\/lospoliticosveracruz.com\/?p=48936","title":{"rendered":"La tercera v\u00eda o la fractura de Morena"},"content":{"rendered":"<p><strong>Ricardo Ch\u00faa<\/strong><\/p>\n<p><em>Sale y Vale<\/em><\/p>\n<p>MORENA, LA FRACTURA&#8230; El partido gobernante en Veracruz. MORENA est\u00e1 a punto de la \u00abfractura\u00bb&#8230; Ya que pese a tener el poder del gobierno estatal y los principales municipios de la entidad, el organismo no lo controla nadie y m\u00e1s con la elecci\u00f3n a dirigente estatal y nacional encima&#8230; Los cuadros base de los Morenos est\u00e1n contra las imposiciones a presidente del comit\u00e9 estatal que intentan hacer tanto Manuel Huerta, delegado del gobierno federal y el gobernador, Cuitl\u00e1huac Garc\u00eda&#8230;<\/p>\n<p>Y todo porque ambos funcionarios pensaban que s\u00f3lo habr\u00eda dos candidatos Hugo Alberto Martinez, que fue impuesto por Huerta Ladr\u00f3n de Guevara: y Gonzalo Vicencio, que es gente de Cuitl\u00e1huac Garc\u00eda, ya que Vicencio es esposo de la secretaria del Trabajo estatal. Guadalupe Arguelles&#8230; Pero al inscribirse No\u00e9 L\u00f3pez Garc\u00eda, qued\u00f3 registrado como una TERCERA V\u00cdA, que va en contra de todo lo que representan Huerta y Garc\u00eda Jim\u00e9nez&#8230; Ya que se est\u00e1 formando dentro de los Morenos un grupo bien armado pol\u00edticamente para enfrentarlos&#8230;.<\/p>\n<p>La Fuente sostiene: \u00bfQue pueden perder ya?&#8230; Si Huerta no los ayud\u00f3 en darles trabajo en la federaci\u00f3n y Cuitl\u00e1huac menos en gobierno estatal&#8230; Cuando fueron los que se \u00abla partieron\u00bb por el partido, AMLO y por ellos dos&#8230; Con la promesa de tener beneficios al triunfo en Veracruz.. Y a un a\u00f1o, fueron desechados&#8230; Eso es que est\u00e1 \u00abcosechando\u00bb No\u00e9 L\u00f3pez&#8230; Todos los grupos inconformes de los nuevos miembros de la \u00abMafia del Poder\u00bb en MORENA&#8230; Les van hacer \u00abfuchi\u00bb a todo aquel que manden con el \u00abtatuaje\u00bb del gobernador o delegado federal&#8230;<\/p>\n<p>Esta TERCERA V\u00cdA va al enfrentamiento contra los candidatos de Huerta y Cuitl\u00e1huac&#8230; Y los votos son contra de ellos&#8230; Que son los m\u00e1s porque la mayor\u00eda hasta del padr\u00f3n que tienen \u00abrasurado\u00bb el comit\u00e9 estatal en manos de Huerta&#8230; Ya tampoco est\u00e1n con \u00e9l&#8230; Pese a los 15 millones de pesos en prerrogativas que tienen a su manejo cada mes como partido pol\u00edtico para hacer proselitismo a favor de Mart\u00ednez Lino&#8230; Mientras No\u00e9 L\u00f3pez s\u00f3lo est\u00e1 trabajando con la militancia desechada y decepcionada de la clase gobernante en Veracruz&#8230;<\/p>\n<p>OJO&#8230; Adem\u00e1s Manuel Huerta tiene cuentas pendientes que saldar con No\u00e9 L\u00f3pez Garc\u00eda desde enero del 2018&#8230; Cuando este personaje se inscribi\u00f3 en el proceso interno de MORENA para elegir candidato a Gobernador&#8230; Pero el entonces dirigente estatal y ahora delegado del gobierno federal, le dio un trato desigual y le neg\u00f3 el registro de la precandidatura&#8230; Lo \u00abfractur\u00f3\u00bb por favorecer a rega\u00f1adientes (porque tampoco Huerta lo quer\u00eda) a Cuitl\u00e1huac Garc\u00eda, que a la postre fue Gobernador&#8230;<\/p>\n<p>Los que conocen a L\u00f3pez Garc\u00eda se\u00f1alan que ese tema lo tiene muy presente&#8230; Ya que sab\u00eda la posibilidad que ten\u00eda de ser candidato y gobernador por el \u00abefecto\u00bb L\u00f3pez Obrador, que hizo ganar a Cuitl\u00e1huac en 2018&#8230; Mencionan que dice: \u00abHasta Manuel Huerta hubiera sido Gobernador, si el candidato hubiera sido \u00e9l, pese a lo impresentable que es como pol\u00edtico y como aspirante, hasta \u00e9l hubiera ganado la elecci\u00f3n a ChiquiYunes\u00bb&#8230; A ese grado de resquemor pol\u00edtico..<\/p>\n<p>Imaginan el coraje que tiene No\u00e9 L\u00f3pez como pol\u00edtico, que siente que -truncaron- su proyecto de vida&#8230; El saber que las condiciones presentadas en 2018 de haber sido candidato, quiz\u00e1s, ser\u00eda ahora Gobernador&#8230; Entienden el por qu\u00e9 quiere partirsela con todas las de la ley&#8230; \u00abLa fractura\u00bb en MORENA comenz\u00f3&#8230; L\u00f3pez Garc\u00eda adem\u00e1s no es ning\u00fan improvisado fue pre-candidato a diputado local y federal en 2015 y 2016, en 2018 decidi\u00f3 inscribirse como precandidato a gobernador y no lo dej\u00f3 Huerta&#8230; Lo dem\u00e1s es historia&#8230; AMEN&#8230;<\/p>\n<p>EL ERROR DE AMLO Y CUITL\u00c1HUAC&#8230; Ayer varios \u00abempoderados\u00bb Morenos, quisieron hacer la aclaraci\u00f3n que lo escrito en este espacio era una falacia, al comparar que AMLO quiere reelegirse y que si bien es cierto M\u00e9xico no era Alemania&#8230; Tampoco era verdad que L\u00f3pez Obrador no quisiera desarrollar a los mexicanos con empleos, prefiriendo darlo a los hondure\u00f1os y que el pa\u00eds no estaba en retroceso, que avanzaba a la Cuarta Transformaci\u00f3n&#8230; La respuesta es sencilla: Est\u00e1n en el error&#8230;<\/p>\n<p>Para los \u00abdefensores\u00bb de las pol\u00edticas p\u00fablicas econ\u00f3micas emprendidas por Andr\u00e9s Manuel&#8230; Se les tiene que recordar que Carlos Salinas insert\u00f3 plenamente a M\u00e9xico en el mundo globalizado y AMLO pretende \u00abaislar\u00bb a este pa\u00eds del resto del mundo&#8230; S\u00f3lo haciendo caso a los mandatos de Trump y EEUU&#8230; Ah\u00ed tienen la nueva pol\u00edtica migratoria mexicana&#8230; Adem\u00e1s en su narrativa, este pa\u00eds es el primer que se considera desde el gobierno que es \u00abpostneoliberal\u00bb&#8230; Absurdo&#8230;<\/p>\n<p>Tambi\u00e9n hay que recordarles que la legitimidad de Salinas, despu\u00e9s de 1988, lo logr\u00f3 con los mercados globales, mientras AMLO ya los mercados globales le perdieron confianza.. Ah\u00ed est\u00e1n las calificadoras y los conflictos con los mercados de energ\u00e9ticos que no le tienen confianza a Rocio Nahle&#8230; Y si nos vamos a la \u00abaldea\u00bb.. Ah\u00ed est\u00e1 Veracruz que con un gobierno de MORENA no tiene un Plan Estatal de Desarrollo caminando y ya vamos a m\u00e1s de la mitad del a\u00f1o&#8230; S\u00f3lo vemos inauguraci\u00f3n caminos rurales y fuentes en parques de Xalapa&#8230;<\/p>\n<p>Para el colmo el actual Gobernador califica como \u00abcorruptos y delincuentes\u00bb a sus antecesores&#8230; Cuando ellos en el tiempo que lleva gobernando, ya por lo menos le hab\u00edan planteado un plan a la sociedad&#8230; Hay que recordar que el primero lo hizo Patricio Chirinos, Dante hizo lo que dej\u00f3 don Fernando Guti\u00e9rrez Barios&#8230; Ya que fue en el gobierno de Agust\u00edn Acosta que esa reforma del plan se aprob\u00f3 el 3 de diciembre de 1982&#8230; Ah\u00ed est\u00e1n las obras del Acuario y WTC para dar un ejemplo&#8230;<\/p>\n<p>Al final de cuentas, Cuitl\u00e1huac Garc\u00eda no tiene proyectado alguna obra de esa magnitud&#8230; Ya que ni Plan hay en marcha&#8230; Todo quiz\u00e1s se base en los beneficios que vaya a traer el \u00abTren Maya\u00bb&#8230; El mejor plan fue el de Chirinos, sobrio, con un diagn\u00f3stico objetivo, planteando los ejes de gobierno y muchos los cumpli\u00f3&#8230; Pag\u00f3 la deuda p\u00fablica&#8230; Hizo un \u00f3rgano electoral aut\u00f3nomo en 1994, antes que el INE lo fuera en 1996 y dej\u00f3 dinero en caja de gobierno en SEFIPLAN&#8230;<\/p>\n<p>Despu\u00e9s hay que recordar que Miguel Alem\u00e1n Velasco se lo hizo el Tecnol\u00f3gico de Monterrey, fue una prospectiva a 2025, nada mal, pero fue un salto a futuro&#8230; El que fue una \u00abchunga\u00bb fue el de Fidel Herrera, hizo 4 planes de desarrollo, pero su talento pol\u00edtico lo salv\u00f3 y se convirti\u00f3 en benefactor social&#8230;. Con Javier Duarte, el plan tuvo m\u00e1s fotograf\u00edas que directrices&#8230; Yunes s\u00f3lo tuvo dos a\u00f1os y entrampado en conflictos judiciales con \u00abDuartistas\u00bb y las elecciones del 2018 poco pudo hacer&#8230;<\/p>\n<p>Pero el de Cuitl\u00e1huac se ve m\u00e1s como un panfleto, que no re\u00fane las caracter\u00edsticas de ser un plan de desarrollo serio como el de Alem\u00e1n, menos como el de Chirinos&#8230; Esto aunado con otras caracter\u00edsticas \u00abespeciales\u00bb en su administraci\u00f3n, que se ve m\u00e1s dependiente del gobierno federal de L\u00f3pez Obrador&#8230; Que lo est\u00e1 avasallando la ingobernabilidad e inseguridad en la entidad&#8230; Y que pese a lo que se\u00f1ale las revistas de corte empresarial y pol\u00edtica&#8230; No se ve como un Gobernador fuerte y con pleno ejercicio de poder&#8230; CONSUMATUM EST&#8230;<\/p>\n","protected":false},"excerpt":{"rendered":"<p>Ricardo Ch\u00faa Sale y Vale MORENA, LA FRACTURA&#8230; El partido gobernante en Veracruz. MORENA est\u00e1 a punto de la \u00abfractura\u00bb&#8230; Ya que pese a tener el poder del gobierno estatal y los principales municipios de la entidad, el organismo no lo controla nadie y m\u00e1s con la elecci\u00f3n a dirigente estatal y nacional encima&#8230; Los [&hellip;]<\/p>\n","protected":false},"author":2,"featured_media":48937,"comment_status":"open","ping_status":"open","sticky":false,"template":"","format":"standard","meta":{"tdm_status":"","tdm_grid_status":"","footnotes":""},"categories":[70],"tags":[1563,15016,15015,1850,1026,15017,195],"class_list":{"0":"post-48936","1":"post","2":"type-post","3":"status-publish","4":"format-standard","5":"has-post-thumbnail","7":"category-de-opinion","8":"tag-cuitlahuac-garcia-jimenez","9":"tag-gonzalo-vicencio","10":"tag-hugo-alberto-martinez","11":"tag-manuel-huerta-ladron-de-guevara","12":"tag-morena","13":"tag-noe-lopez-garcia","14":"tag-veracruz"},"yoast_head":"<!-- This site is optimized with the Yoast SEO plugin v27.4 - https:\/\/yoast.com\/product\/yoast-seo-wordpress\/ -->\n<title>La tercera v\u00eda o la fractura de Morena - Los pol\u00edticos Veracruz<\/title>\n<meta name=\"robots\" content=\"index, follow, max-snippet:-1, max-image-preview:large, max-video-preview:-1\" \/>\n<link rel=\"canonical\" href=\"https:\/\/lospoliticosveracruz.com\/?p=48936\" \/>\n<meta property=\"og:locale\" content=\"es_ES\" \/>\n<meta property=\"og:type\" content=\"article\" \/>\n<meta property=\"og:title\" content=\"La tercera v\u00eda o la fractura de Morena - Los pol\u00edticos Veracruz\" \/>\n<meta property=\"og:description\" content=\"Ricardo Ch\u00faa Sale y Vale MORENA, LA FRACTURA&#8230; El partido gobernante en Veracruz. MORENA est\u00e1 a punto de la \u00abfractura\u00bb&#8230; Ya que pese a tener el poder del gobierno estatal y los principales municipios de la entidad, el organismo no lo controla nadie y m\u00e1s con la elecci\u00f3n a dirigente estatal y nacional encima&#8230; Los [&hellip;]\" \/>\n<meta property=\"og:url\" content=\"https:\/\/lospoliticosveracruz.com\/?p=48936\" \/>\n<meta property=\"og:site_name\" content=\"Los pol\u00edticos Veracruz\" \/>\n<meta property=\"article:publisher\" content=\"https:\/\/www.facebook.com\/people\/Notimemes-de-los-Polticos\/61565672886568\/\" \/>\n<meta property=\"article:published_time\" content=\"2019-07-30T14:51:56+00:00\" \/>\n<meta property=\"og:image\" content=\"https:\/\/lospoliticosveracruz.com\/wp-content\/uploads\/2019\/07\/Noe-Garcia.jpg\" \/>\n\t<meta property=\"og:image:width\" content=\"2737\" \/>\n\t<meta property=\"og:image:height\" content=\"1633\" \/>\n\t<meta property=\"og:image:type\" content=\"image\/jpeg\" \/>\n<meta name=\"author\" content=\"Lo viste en Los Pol\u00edticos\" \/>\n<meta name=\"twitter:card\" content=\"summary_large_image\" \/>\n<meta name=\"twitter:creator\" content=\"@LosPoliticosVer\" \/>\n<meta name=\"twitter:site\" content=\"@LosPoliticosVer\" \/>\n<meta name=\"twitter:label1\" content=\"Escrito por\" \/>\n\t<meta name=\"twitter:data1\" content=\"Lo viste en Los Pol\u00edticos\" \/>\n\t<meta name=\"twitter:label2\" content=\"Tiempo de lectura\" \/>\n\t<meta name=\"twitter:data2\" content=\"6 minutos\" \/>\n<script type=\"application\/ld+json\" class=\"yoast-schema-graph\">{\"@context\":\"https:\\\/\\\/schema.org\",\"@graph\":[{\"@type\":\"Article\",\"@id\":\"https:\\\/\\\/lospoliticosveracruz.com\\\/?p=48936#article\",\"isPartOf\":{\"@id\":\"https:\\\/\\\/lospoliticosveracruz.com\\\/?p=48936\"},\"author\":{\"name\":\"Lo viste en Los Pol\u00edticos\",\"@id\":\"https:\\\/\\\/lospoliticosveracruz.com\\\/#\\\/schema\\\/person\\\/b8702bb0e538456e6efd07080bf2a4a2\"},\"headline\":\"La tercera v\u00eda o la fractura de Morena\",\"datePublished\":\"2019-07-30T14:51:56+00:00\",\"mainEntityOfPage\":{\"@id\":\"https:\\\/\\\/lospoliticosveracruz.com\\\/?p=48936\"},\"wordCount\":1294,\"commentCount\":1,\"publisher\":{\"@id\":\"https:\\\/\\\/lospoliticosveracruz.com\\\/#organization\"},\"image\":{\"@id\":\"https:\\\/\\\/lospoliticosveracruz.com\\\/?p=48936#primaryimage\"},\"thumbnailUrl\":\"https:\\\/\\\/lospoliticosveracruz.com\\\/wp-content\\\/uploads\\\/2019\\\/07\\\/Noe-Garcia.jpg\",\"keywords\":[\"Cuitl\u00e1huac Garc\u00eda Jim\u00e9nez\",\"Gonzalo Vicencio\",\"Hugo Alberto Martinez\",\"Manuel Huerta Ladr\u00f3n de Guevara\",\"Morena\",\"No\u00e9 L\u00f3pez Garc\u00eda\",\"Veracruz\"],\"articleSection\":[\"De Opini\u00f3n\"],\"inLanguage\":\"es\",\"potentialAction\":[{\"@type\":\"CommentAction\",\"name\":\"Comment\",\"target\":[\"https:\\\/\\\/lospoliticosveracruz.com\\\/?p=48936#respond\"]}]},{\"@type\":\"WebPage\",\"@id\":\"https:\\\/\\\/lospoliticosveracruz.com\\\/?p=48936\",\"url\":\"https:\\\/\\\/lospoliticosveracruz.com\\\/?p=48936\",\"name\":\"La tercera v\u00eda o la fractura de Morena - Los pol\u00edticos Veracruz\",\"isPartOf\":{\"@id\":\"https:\\\/\\\/lospoliticosveracruz.com\\\/#website\"},\"primaryImageOfPage\":{\"@id\":\"https:\\\/\\\/lospoliticosveracruz.com\\\/?p=48936#primaryimage\"},\"image\":{\"@id\":\"https:\\\/\\\/lospoliticosveracruz.com\\\/?p=48936#primaryimage\"},\"thumbnailUrl\":\"https:\\\/\\\/lospoliticosveracruz.com\\\/wp-content\\\/uploads\\\/2019\\\/07\\\/Noe-Garcia.jpg\",\"datePublished\":\"2019-07-30T14:51:56+00:00\",\"breadcrumb\":{\"@id\":\"https:\\\/\\\/lospoliticosveracruz.com\\\/?p=48936#breadcrumb\"},\"inLanguage\":\"es\",\"potentialAction\":[{\"@type\":\"ReadAction\",\"target\":[\"https:\\\/\\\/lospoliticosveracruz.com\\\/?p=48936\"]}]},{\"@type\":\"ImageObject\",\"inLanguage\":\"es\",\"@id\":\"https:\\\/\\\/lospoliticosveracruz.com\\\/?p=48936#primaryimage\",\"url\":\"https:\\\/\\\/lospoliticosveracruz.com\\\/wp-content\\\/uploads\\\/2019\\\/07\\\/Noe-Garcia.jpg\",\"contentUrl\":\"https:\\\/\\\/lospoliticosveracruz.com\\\/wp-content\\\/uploads\\\/2019\\\/07\\\/Noe-Garcia.jpg\",\"width\":2737,\"height\":1633,\"caption\":\"Xalapa, Ver., 29 de julio de 2019.- Noe Garc\u00eda L\u00f3pez acompa\u00f1ado con un grupo de militantes del partido MORENA, en rueda de prensa, dijeron que hay un grave problema con el padron de militantes en la entidad. Piden \\\"piso parejo\\\" para la elecci\u00f3n de la dirigencia estatal, ya que acusan de intervenci\u00f3n de la presidenta nacional Yeidckol Plevnsky. \\\/FOTOJAROCHA.COM\\\/ Polo Rivera\"},{\"@type\":\"BreadcrumbList\",\"@id\":\"https:\\\/\\\/lospoliticosveracruz.com\\\/?p=48936#breadcrumb\",\"itemListElement\":[{\"@type\":\"ListItem\",\"position\":1,\"name\":\"Portada\",\"item\":\"https:\\\/\\\/lospoliticosveracruz.com\\\/\"},{\"@type\":\"ListItem\",\"position\":2,\"name\":\"La tercera v\u00eda o la fractura de Morena\"}]},{\"@type\":\"WebSite\",\"@id\":\"https:\\\/\\\/lospoliticosveracruz.com\\\/#website\",\"url\":\"https:\\\/\\\/lospoliticosveracruz.com\\\/\",\"name\":\"Los pol\u00edticos Veracruz\",\"description\":\"\",\"publisher\":{\"@id\":\"https:\\\/\\\/lospoliticosveracruz.com\\\/#organization\"},\"potentialAction\":[{\"@type\":\"SearchAction\",\"target\":{\"@type\":\"EntryPoint\",\"urlTemplate\":\"https:\\\/\\\/lospoliticosveracruz.com\\\/?s={search_term_string}\"},\"query-input\":{\"@type\":\"PropertyValueSpecification\",\"valueRequired\":true,\"valueName\":\"search_term_string\"}}],\"inLanguage\":\"es\"},{\"@type\":\"Organization\",\"@id\":\"https:\\\/\\\/lospoliticosveracruz.com\\\/#organization\",\"name\":\"Los pol\u00edticos Veracruz\",\"url\":\"https:\\\/\\\/lospoliticosveracruz.com\\\/\",\"logo\":{\"@type\":\"ImageObject\",\"inLanguage\":\"es\",\"@id\":\"https:\\\/\\\/lospoliticosveracruz.com\\\/#\\\/schema\\\/logo\\\/image\\\/\",\"url\":\"https:\\\/\\\/lospoliticosveracruz.com\\\/wp-content\\\/uploads\\\/2025\\\/12\\\/Logo-Nuevo-LOS-POLITICOS-1.jpg\",\"contentUrl\":\"https:\\\/\\\/lospoliticosveracruz.com\\\/wp-content\\\/uploads\\\/2025\\\/12\\\/Logo-Nuevo-LOS-POLITICOS-1.jpg\",\"width\":260,\"height\":70,\"caption\":\"Los pol\u00edticos Veracruz\"},\"image\":{\"@id\":\"https:\\\/\\\/lospoliticosveracruz.com\\\/#\\\/schema\\\/logo\\\/image\\\/\"},\"sameAs\":[\"https:\\\/\\\/www.facebook.com\\\/people\\\/Notimemes-de-los-Polticos\\\/61565672886568\\\/\",\"https:\\\/\\\/x.com\\\/LosPoliticosVer\"]},{\"@type\":\"Person\",\"@id\":\"https:\\\/\\\/lospoliticosveracruz.com\\\/#\\\/schema\\\/person\\\/b8702bb0e538456e6efd07080bf2a4a2\",\"name\":\"Lo viste en Los Pol\u00edticos\",\"image\":{\"@type\":\"ImageObject\",\"inLanguage\":\"es\",\"@id\":\"https:\\\/\\\/secure.gravatar.com\\\/avatar\\\/3a8de04a2656d44082be478bd6c086daa447c4651605818287b9532d3d0bd435?s=96&d=mm&r=g\",\"url\":\"https:\\\/\\\/secure.gravatar.com\\\/avatar\\\/3a8de04a2656d44082be478bd6c086daa447c4651605818287b9532d3d0bd435?s=96&d=mm&r=g\",\"contentUrl\":\"https:\\\/\\\/secure.gravatar.com\\\/avatar\\\/3a8de04a2656d44082be478bd6c086daa447c4651605818287b9532d3d0bd435?s=96&d=mm&r=g\",\"caption\":\"Lo viste en Los Pol\u00edticos\"},\"url\":\"https:\\\/\\\/lospoliticosveracruz.com\\\/?author=2\"}]}<\/script>\n<!-- \/ Yoast SEO plugin. -->","yoast_head_json":{"title":"La tercera v\u00eda o la fractura de Morena - Los pol\u00edticos Veracruz","robots":{"index":"index","follow":"follow","max-snippet":"max-snippet:-1","max-image-preview":"max-image-preview:large","max-video-preview":"max-video-preview:-1"},"canonical":"https:\/\/lospoliticosveracruz.com\/?p=48936","og_locale":"es_ES","og_type":"article","og_title":"La tercera v\u00eda o la fractura de Morena - Los pol\u00edticos Veracruz","og_description":"Ricardo Ch\u00faa Sale y Vale MORENA, LA FRACTURA&#8230; El partido gobernante en Veracruz. MORENA est\u00e1 a punto de la \u00abfractura\u00bb&#8230; Ya que pese a tener el poder del gobierno estatal y los principales municipios de la entidad, el organismo no lo controla nadie y m\u00e1s con la elecci\u00f3n a dirigente estatal y nacional encima&#8230; Los [&hellip;]","og_url":"https:\/\/lospoliticosveracruz.com\/?p=48936","og_site_name":"Los pol\u00edticos Veracruz","article_publisher":"https:\/\/www.facebook.com\/people\/Notimemes-de-los-Polticos\/61565672886568\/","article_published_time":"2019-07-30T14:51:56+00:00","og_image":[{"width":2737,"height":1633,"url":"https:\/\/lospoliticosveracruz.com\/wp-content\/uploads\/2019\/07\/Noe-Garcia.jpg","type":"image\/jpeg"}],"author":"Lo viste en Los Pol\u00edticos","twitter_card":"summary_large_image","twitter_creator":"@LosPoliticosVer","twitter_site":"@LosPoliticosVer","twitter_misc":{"Escrito por":"Lo viste en Los Pol\u00edticos","Tiempo de lectura":"6 minutos"},"schema":{"@context":"https:\/\/schema.org","@graph":[{"@type":"Article","@id":"https:\/\/lospoliticosveracruz.com\/?p=48936#article","isPartOf":{"@id":"https:\/\/lospoliticosveracruz.com\/?p=48936"},"author":{"name":"Lo viste en Los Pol\u00edticos","@id":"https:\/\/lospoliticosveracruz.com\/#\/schema\/person\/b8702bb0e538456e6efd07080bf2a4a2"},"headline":"La tercera v\u00eda o la fractura de Morena","datePublished":"2019-07-30T14:51:56+00:00","mainEntityOfPage":{"@id":"https:\/\/lospoliticosveracruz.com\/?p=48936"},"wordCount":1294,"commentCount":1,"publisher":{"@id":"https:\/\/lospoliticosveracruz.com\/#organization"},"image":{"@id":"https:\/\/lospoliticosveracruz.com\/?p=48936#primaryimage"},"thumbnailUrl":"https:\/\/lospoliticosveracruz.com\/wp-content\/uploads\/2019\/07\/Noe-Garcia.jpg","keywords":["Cuitl\u00e1huac Garc\u00eda Jim\u00e9nez","Gonzalo Vicencio","Hugo Alberto Martinez","Manuel Huerta Ladr\u00f3n de Guevara","Morena","No\u00e9 L\u00f3pez Garc\u00eda","Veracruz"],"articleSection":["De Opini\u00f3n"],"inLanguage":"es","potentialAction":[{"@type":"CommentAction","name":"Comment","target":["https:\/\/lospoliticosveracruz.com\/?p=48936#respond"]}]},{"@type":"WebPage","@id":"https:\/\/lospoliticosveracruz.com\/?p=48936","url":"https:\/\/lospoliticosveracruz.com\/?p=48936","name":"La tercera v\u00eda o la fractura de Morena - Los pol\u00edticos Veracruz","isPartOf":{"@id":"https:\/\/lospoliticosveracruz.com\/#website"},"primaryImageOfPage":{"@id":"https:\/\/lospoliticosveracruz.com\/?p=48936#primaryimage"},"image":{"@id":"https:\/\/lospoliticosveracruz.com\/?p=48936#primaryimage"},"thumbnailUrl":"https:\/\/lospoliticosveracruz.com\/wp-content\/uploads\/2019\/07\/Noe-Garcia.jpg","datePublished":"2019-07-30T14:51:56+00:00","breadcrumb":{"@id":"https:\/\/lospoliticosveracruz.com\/?p=48936#breadcrumb"},"inLanguage":"es","potentialAction":[{"@type":"ReadAction","target":["https:\/\/lospoliticosveracruz.com\/?p=48936"]}]},{"@type":"ImageObject","inLanguage":"es","@id":"https:\/\/lospoliticosveracruz.com\/?p=48936#primaryimage","url":"https:\/\/lospoliticosveracruz.com\/wp-content\/uploads\/2019\/07\/Noe-Garcia.jpg","contentUrl":"https:\/\/lospoliticosveracruz.com\/wp-content\/uploads\/2019\/07\/Noe-Garcia.jpg","width":2737,"height":1633,"caption":"Xalapa, Ver., 29 de julio de 2019.- Noe Garc\u00eda L\u00f3pez acompa\u00f1ado con un grupo de militantes del partido MORENA, en rueda de prensa, dijeron que hay un grave problema con el padron de militantes en la entidad. Piden \"piso parejo\" para la elecci\u00f3n de la dirigencia estatal, ya que acusan de intervenci\u00f3n de la presidenta nacional Yeidckol Plevnsky. \/FOTOJAROCHA.COM\/ Polo Rivera"},{"@type":"BreadcrumbList","@id":"https:\/\/lospoliticosveracruz.com\/?p=48936#breadcrumb","itemListElement":[{"@type":"ListItem","position":1,"name":"Portada","item":"https:\/\/lospoliticosveracruz.com\/"},{"@type":"ListItem","position":2,"name":"La tercera v\u00eda o la fractura de Morena"}]},{"@type":"WebSite","@id":"https:\/\/lospoliticosveracruz.com\/#website","url":"https:\/\/lospoliticosveracruz.com\/","name":"Los pol\u00edticos Veracruz","description":"","publisher":{"@id":"https:\/\/lospoliticosveracruz.com\/#organization"},"potentialAction":[{"@type":"SearchAction","target":{"@type":"EntryPoint","urlTemplate":"https:\/\/lospoliticosveracruz.com\/?s={search_term_string}"},"query-input":{"@type":"PropertyValueSpecification","valueRequired":true,"valueName":"search_term_string"}}],"inLanguage":"es"},{"@type":"Organization","@id":"https:\/\/lospoliticosveracruz.com\/#organization","name":"Los pol\u00edticos Veracruz","url":"https:\/\/lospoliticosveracruz.com\/","logo":{"@type":"ImageObject","inLanguage":"es","@id":"https:\/\/lospoliticosveracruz.com\/#\/schema\/logo\/image\/","url":"https:\/\/lospoliticosveracruz.com\/wp-content\/uploads\/2025\/12\/Logo-Nuevo-LOS-POLITICOS-1.jpg","contentUrl":"https:\/\/lospoliticosveracruz.com\/wp-content\/uploads\/2025\/12\/Logo-Nuevo-LOS-POLITICOS-1.jpg","width":260,"height":70,"caption":"Los pol\u00edticos Veracruz"},"image":{"@id":"https:\/\/lospoliticosveracruz.com\/#\/schema\/logo\/image\/"},"sameAs":["https:\/\/www.facebook.com\/people\/Notimemes-de-los-Polticos\/61565672886568\/","https:\/\/x.com\/LosPoliticosVer"]},{"@type":"Person","@id":"https:\/\/lospoliticosveracruz.com\/#\/schema\/person\/b8702bb0e538456e6efd07080bf2a4a2","name":"Lo viste en Los Pol\u00edticos","image":{"@type":"ImageObject","inLanguage":"es","@id":"https:\/\/secure.gravatar.com\/avatar\/3a8de04a2656d44082be478bd6c086daa447c4651605818287b9532d3d0bd435?s=96&d=mm&r=g","url":"https:\/\/secure.gravatar.com\/avatar\/3a8de04a2656d44082be478bd6c086daa447c4651605818287b9532d3d0bd435?s=96&d=mm&r=g","contentUrl":"https:\/\/secure.gravatar.com\/avatar\/3a8de04a2656d44082be478bd6c086daa447c4651605818287b9532d3d0bd435?s=96&d=mm&r=g","caption":"Lo viste en Los Pol\u00edticos"},"url":"https:\/\/lospoliticosveracruz.com\/?author=2"}]}},"_links":{"self":[{"href":"https:\/\/lospoliticosveracruz.com\/index.php?rest_route=\/wp\/v2\/posts\/48936","targetHints":{"allow":["GET"]}}],"collection":[{"href":"https:\/\/lospoliticosveracruz.com\/index.php?rest_route=\/wp\/v2\/posts"}],"about":[{"href":"https:\/\/lospoliticosveracruz.com\/index.php?rest_route=\/wp\/v2\/types\/post"}],"author":[{"embeddable":true,"href":"https:\/\/lospoliticosveracruz.com\/index.php?rest_route=\/wp\/v2\/users\/2"}],"replies":[{"embeddable":true,"href":"https:\/\/lospoliticosveracruz.com\/index.php?rest_route=%2Fwp%2Fv2%2Fcomments&post=48936"}],"version-history":[{"count":1,"href":"https:\/\/lospoliticosveracruz.com\/index.php?rest_route=\/wp\/v2\/posts\/48936\/revisions"}],"predecessor-version":[{"id":48938,"href":"https:\/\/lospoliticosveracruz.com\/index.php?rest_route=\/wp\/v2\/posts\/48936\/revisions\/48938"}],"wp:featuredmedia":[{"embeddable":true,"href":"https:\/\/lospoliticosveracruz.com\/index.php?rest_route=\/wp\/v2\/media\/48937"}],"wp:attachment":[{"href":"https:\/\/lospoliticosveracruz.com\/index.php?rest_route=%2Fwp%2Fv2%2Fmedia&parent=48936"}],"wp:term":[{"taxonomy":"category","embeddable":true,"href":"https:\/\/lospoliticosveracruz.com\/index.php?rest_route=%2Fwp%2Fv2%2Fcategories&post=48936"},{"taxonomy":"post_tag","embeddable":true,"href":"https:\/\/lospoliticosveracruz.com\/index.php?rest_route=%2Fwp%2Fv2%2Ftags&post=48936"}],"curies":[{"name":"wp","href":"https:\/\/api.w.org\/{rel}","templated":true}]}}