{"id":48950,"date":"2019-08-01T11:04:22","date_gmt":"2019-08-01T16:04:22","guid":{"rendered":"http:\/\/www.lospoliticosveracruz.com.mx\/?p=48950"},"modified":"2019-08-01T11:04:22","modified_gmt":"2019-08-01T16:04:22","slug":"ivan-luna-la-historia","status":"publish","type":"post","link":"https:\/\/lospoliticosveracruz.com\/?p=48950","title":{"rendered":"Iv\u00e1n Luna, la historia&#8230;"},"content":{"rendered":"<p><strong>Ricardo Ch\u00faa<\/strong><\/p>\n<p><em>Sale y Vale<\/em><\/p>\n<p>Hace unas semanas a muy alto funcionario de Palacio de Gobierno le preguntaron, en conocido caf\u00e9 de Xalapa, del por qu\u00e9 el gobernador, Cuitl\u00e1huac Garc\u00eda, como parte de una estrategia de comunicaci\u00f3n pol\u00edtica de su gobierno&#8230; No destinaba dinero, aunque fuera poco y no ha \u00abmanos llenas\u00bb como acostumbra a decir, para el manejo de su imagen p\u00fablica y de su administraci\u00f3n a los medios de comunicaci\u00f3n&#8230; El personaje s\u00f3lo respondi\u00f3: \u00abNo es culpa de \u00e9l\u00bb&#8230;<\/p>\n<p>El que pregunt\u00f3, sorbiendo caf\u00e9 ir\u00f3nicamente, pens\u00f3 que este quer\u00eda \u00abagarrarlo de bajada\u00bb y que estaba haciendo el otro comensal, despu\u00e9s de \u00abchutarse\u00bb unas claras de huevo con jam\u00f3n de pechuga de pavo, era defender a ultranza a Garc\u00eda Jim\u00e9nez, ya que finalmente, era su jefe directo y al que le deb\u00eda el cargo&#8230; Lo que no esper\u00f3, el que pregunt\u00f3, fue la respuesta que le dio y que lo dej\u00f3 at\u00f3nito que parec\u00eda que el caf\u00e9 quemaba su boca ante tal observaci\u00f3n: \u00abAunque no lo creas, eso fue un error de Iv\u00e1n Luna, el jefe de prensa del Gobernador\u00bb..<\/p>\n<p>Lo que dijo el funcionario al que lo interrogaba, lo dejo abierto de ojos&#8230; \u00abLo que verdaderamente sucedi\u00f3 es que Iv\u00e1n jam\u00e1s, le pidi\u00f3 presupuesto a Jos\u00e9 Luis (Lima Franco) de que SEFIPLAN le diera dinero para esos famoso convenios\u00bb&#8230; Al escucharlo, presuroso pregunt\u00f3: \u00ab\u00bfPor qu\u00e9? lo hizo\u00bb&#8230; Y le contestaron: \u00abEso no lo s\u00e9, eso s\u00f3lo lo sabe mi jefe, si Iv\u00e1n lo hizo porque no sab\u00eda o lo hizo con -alevos\u00eda y ventaja- para que este a\u00f1o no hubiera convenios con la prensa\u00bb&#8230; Sorbiendo caf\u00e9, esbozaba una sonrisa, dejando m\u00e1s dudas al respecto&#8230;<\/p>\n<p>Entre los dos personajes, el interrogatorio sigui\u00f3: \u00abOye pero eso es algo, inaudito&#8230; No puede ser, est\u00e1n prometiendo convenios, pidiendo papeles de todo tipo y hacen gastar a due\u00f1os y periodistas para pagarle hasta el Notario, para dar fe notarial y para qu\u00e9 no les den nada&#8230; \u00bfEs en serio lo que dices, est\u00e1n agarrando de pen.. a todos?\u00bb&#8230; La respuesta del alto funcionario estatal de MORENA fue contundente: \u00abEso parece, al menos, este a\u00f1o no habr\u00e1, ya como que se demoraron mucho o no lo crees\u00bb&#8230;<\/p>\n<p>Pero remarc\u00f3 el Morenista: \u00abCreo que s\u00f3lo pagan por eventos que organiza el gobierno, pero no es algo mensual, es por evento, creo que est\u00e1n manejando as\u00ed porque presupuesto no lo hay, eso te lo puedo asegurar\u00bb&#8230; El otro personaje sigui\u00f3 escuchando sorprendido y respondi\u00f3: \u00abNo mames, es en serio, enga\u00f1aron a los due\u00f1os y a los periodistas con promesa de convenios y nada, \u00bfes neta?\u00bb&#8230; De nuevo la risa ir\u00f3nica volvi\u00f3 en el rostro del funcionario, dando entender que no habr\u00eda dinero para convenios: \u00abTe dije que as\u00ed es y no me crees\u00bb&#8230;<\/p>\n<p>LA OTRA VERSI\u00d3N&#8230; Pero no termin\u00f3 ah\u00ed&#8230; Ya en el segundo caf\u00e9&#8230; Hubo otra confesi\u00f3n&#8230; El funcionario le dijo al invitado: \u00abPero las cosas se salieron del control, el gobernador esta molesto por como lo han tratado los medios, la percepci\u00f3n p\u00fablica est\u00e1 incontrolable y no lo respeta, lo tunden en redes sociales y no hay como detenerla\u00bb.. La respuesta del comensal fue directa: \u00abY qu\u00e9 esperaba&#8230; \u00bfflores?&#8230; Si hay quejas hasta de militantes de MORENA que los abandon\u00f3 despu\u00e9s de campa\u00f1a, los medios porque tendr\u00edan que tratarlo bien sino es Dios\u00bb&#8230;<\/p>\n<p>A lo que el poderoso personaje de Palacio de Gobierno dijo: \u00abEstoy consiente que todo debe cambiar, la -luna de miel- se acab\u00f3 hace meses, no podemos arriesgar a perder, lo ganado en el 2021&#8230; Te imaginas al gobernador con un Congreso Local de mayor\u00eda opositora, ser\u00eda ingobernable pol\u00edticamente la entidad\u00bb&#8230; Ahora la sonrisa ir\u00f3nica fue del otro comensal&#8230; Entrampados por una mala percepci\u00f3n p\u00fablica y sin mensajes que defiendan a la 4T en Veracruz&#8230; Se ven en \u00abca\u00edda libre\u00bb, la preocupaci\u00f3n en su rostro era evidente&#8230;.<\/p>\n<p>Y vino las \u00faltimas frases antes de pararse y salir del caf\u00e9&#8230; El funcionario confes\u00f3: \u00abYa no qued\u00f3 de otra en SEFIPLAN, que han puesto a Jos\u00e9 Luis (Lima Franco) que busque la manera m\u00e1s efectiva y sin afectar presupuesto de otras secretar\u00edas, de ver como sacan dinero para hacer convenios para bajarle la -madriza- aunque no creo que sean este a\u00f1o, la verdad ya no podemos con los se\u00f1alamientos en contra y por los errores de algunos funcionarios nuestros que nos han puesto contra la pared\u00bb&#8230;<\/p>\n<p>La respuesta, nos cuentan, fue: \u00ab\u00bfEntonces Iv\u00e1n sab\u00eda lo que hac\u00eda porque as\u00ed era el plan?, Pero no esperaron que se les saliera del control a pocos meses de tomar el poder&#8230;. \u00bfAhora tendr\u00e1n que recular o qu\u00e9 otra opci\u00f3n tienen?\u00bb&#8230; Ya no hubo contestaci\u00f3n de la otra parte&#8230; S\u00f3lo un \u00abapret\u00f3n\u00bb de manos y un hasta pronto, que seguramente tardar\u00e1 muchos meses en darse (si es que se presenta de nuevo)&#8230; Que nivel&#8230; Pero queda claro ante la 4T&#8230; Que despu\u00e9s de D\u00edos&#8230; La Prensa&#8230;<\/p>\n<p>ALITO Y V\u00cdCTOR FLORES&#8230; Al que le fue bien en la pasada visita del aspirante a la dirigencia nacional del PRI, Alejandro Moreno C\u00e1rdenas, el pasado martes en Veracruz&#8230; Fue al l\u00edder municipal del priismo porte\u00f1o, Jorge V\u00edctor Flores, a quien Marl\u00f3n Ram\u00edrez Mar\u00edn, como l\u00edder estatal le respet\u00f3 su espacio y evento para que \u00e9l fuera el anfitri\u00f3n del gobernador con licencia de Campeche y se luciera en la reuni\u00f3n realizado en la sede porte\u00f1a de este partido&#8230; El aspirante sali\u00f3 m\u00e1s que contento del lugar&#8230;<\/p>\n<p>Los propios comentarios hechos por el \u00abstaff\u00bb del campechano fue que los recibimientos de Marl\u00f3n por la ma\u00f1ana en conocido caf\u00e9 de la ciudad de Veracruz&#8230; El organizado por Cirilo V\u00e0zquez Junior en Orizaba y el que encabez\u00f3 Jorge Victor Flores por la tarde en el comit\u00e9 municipal priista.. Han sido los mejores que ha tenido de los 27 estados recorridos en el pa\u00eds por parte de \u00abAlito\u00bb&#8230;. De esa manera, es que espera que al menos la militancia el priismo veracruzano le entreguen buenas cuentas despu\u00e9s del recibimiento&#8230;<\/p>\n<p>Cabe se\u00f1alar, que el pasado viernes por la noche, Jorge V\u00edctor y el l\u00edder nacional de los ferrocarrileros, V\u00edctor Flores Morales sostuvieron una reuni\u00f3n cumbre en Veracruz puerto para definir la forma en que se llevar\u00eda a cabo el evento del martes&#8230; Para que el \u00abcampechano\u00bb sintiera el \u00abapapacho\u00bb de los priistas y los ferrocarrileros, con el espacio que le dio el comit\u00e9 estatal de realizar el evento&#8230; Al final de cuentas, las ense\u00f1anzas del t\u00edo cuentan y mucho&#8230; M\u00e1s sabe el Diablo por viejo, que por Diablo&#8230; La experiencia hace la diferencia&#8230;<\/p>\n","protected":false},"excerpt":{"rendered":"<p>Ricardo Ch\u00faa Sale y Vale Hace unas semanas a muy alto funcionario de Palacio de Gobierno le preguntaron, en conocido caf\u00e9 de Xalapa, del por qu\u00e9 el gobernador, Cuitl\u00e1huac Garc\u00eda, como parte de una estrategia de comunicaci\u00f3n pol\u00edtica de su gobierno&#8230; No destinaba dinero, aunque fuera poco y no ha \u00abmanos llenas\u00bb como acostumbra a [&hellip;]<\/p>\n","protected":false},"author":2,"featured_media":48951,"comment_status":"open","ping_status":"open","sticky":false,"template":"","format":"standard","meta":{"tdm_status":"","tdm_grid_status":"","footnotes":""},"categories":[70],"tags":[6537,1563,12282,1026,538,195],"class_list":{"0":"post-48950","1":"post","2":"type-post","3":"status-publish","4":"format-standard","5":"has-post-thumbnail","7":"category-de-opinion","8":"tag-convenios","9":"tag-cuitlahuac-garcia-jimenez","10":"tag-ivan-luna","11":"tag-morena","12":"tag-prensa","13":"tag-veracruz"},"yoast_head":"<!-- This site is optimized with the Yoast SEO plugin v27.4 - https:\/\/yoast.com\/product\/yoast-seo-wordpress\/ -->\n<title>Iv\u00e1n Luna, la historia... - Los pol\u00edticos Veracruz<\/title>\n<meta name=\"robots\" content=\"index, follow, max-snippet:-1, max-image-preview:large, max-video-preview:-1\" \/>\n<link rel=\"canonical\" href=\"https:\/\/lospoliticosveracruz.com\/?p=48950\" \/>\n<meta property=\"og:locale\" content=\"es_ES\" \/>\n<meta property=\"og:type\" content=\"article\" \/>\n<meta property=\"og:title\" content=\"Iv\u00e1n Luna, la historia... - Los pol\u00edticos Veracruz\" \/>\n<meta property=\"og:description\" content=\"Ricardo Ch\u00faa Sale y Vale Hace unas semanas a muy alto funcionario de Palacio de Gobierno le preguntaron, en conocido caf\u00e9 de Xalapa, del por qu\u00e9 el gobernador, Cuitl\u00e1huac Garc\u00eda, como parte de una estrategia de comunicaci\u00f3n pol\u00edtica de su gobierno&#8230; No destinaba dinero, aunque fuera poco y no ha \u00abmanos llenas\u00bb como acostumbra a [&hellip;]\" \/>\n<meta property=\"og:url\" content=\"https:\/\/lospoliticosveracruz.com\/?p=48950\" \/>\n<meta property=\"og:site_name\" content=\"Los pol\u00edticos Veracruz\" \/>\n<meta property=\"article:publisher\" content=\"https:\/\/www.facebook.com\/people\/Notimemes-de-los-Polticos\/61565672886568\/\" \/>\n<meta property=\"article:published_time\" content=\"2019-08-01T16:04:22+00:00\" \/>\n<meta property=\"og:image\" content=\"https:\/\/lospoliticosveracruz.com\/wp-content\/uploads\/2019\/08\/Ivan-Luna.jpg\" \/>\n\t<meta property=\"og:image:width\" content=\"600\" \/>\n\t<meta property=\"og:image:height\" content=\"410\" \/>\n\t<meta property=\"og:image:type\" content=\"image\/jpeg\" \/>\n<meta name=\"author\" content=\"Lo viste en Los Pol\u00edticos\" \/>\n<meta name=\"twitter:card\" content=\"summary_large_image\" \/>\n<meta name=\"twitter:creator\" content=\"@LosPoliticosVer\" \/>\n<meta name=\"twitter:site\" content=\"@LosPoliticosVer\" \/>\n<meta name=\"twitter:label1\" content=\"Escrito por\" \/>\n\t<meta name=\"twitter:data1\" content=\"Lo viste en Los Pol\u00edticos\" \/>\n\t<meta name=\"twitter:label2\" content=\"Tiempo de lectura\" \/>\n\t<meta name=\"twitter:data2\" content=\"6 minutos\" \/>\n<script type=\"application\/ld+json\" class=\"yoast-schema-graph\">{\"@context\":\"https:\\\/\\\/schema.org\",\"@graph\":[{\"@type\":\"Article\",\"@id\":\"https:\\\/\\\/lospoliticosveracruz.com\\\/?p=48950#article\",\"isPartOf\":{\"@id\":\"https:\\\/\\\/lospoliticosveracruz.com\\\/?p=48950\"},\"author\":{\"name\":\"Lo viste en Los Pol\u00edticos\",\"@id\":\"https:\\\/\\\/lospoliticosveracruz.com\\\/#\\\/schema\\\/person\\\/b8702bb0e538456e6efd07080bf2a4a2\"},\"headline\":\"Iv\u00e1n Luna, la historia&#8230;\",\"datePublished\":\"2019-08-01T16:04:22+00:00\",\"mainEntityOfPage\":{\"@id\":\"https:\\\/\\\/lospoliticosveracruz.com\\\/?p=48950\"},\"wordCount\":1175,\"commentCount\":0,\"publisher\":{\"@id\":\"https:\\\/\\\/lospoliticosveracruz.com\\\/#organization\"},\"image\":{\"@id\":\"https:\\\/\\\/lospoliticosveracruz.com\\\/?p=48950#primaryimage\"},\"thumbnailUrl\":\"https:\\\/\\\/lospoliticosveracruz.com\\\/wp-content\\\/uploads\\\/2019\\\/08\\\/Ivan-Luna.jpg\",\"keywords\":[\"convenios\",\"Cuitl\u00e1huac Garc\u00eda Jim\u00e9nez\",\"Iv\u00e1n Luna\",\"Morena\",\"prensa\",\"Veracruz\"],\"articleSection\":[\"De Opini\u00f3n\"],\"inLanguage\":\"es\",\"potentialAction\":[{\"@type\":\"CommentAction\",\"name\":\"Comment\",\"target\":[\"https:\\\/\\\/lospoliticosveracruz.com\\\/?p=48950#respond\"]}]},{\"@type\":\"WebPage\",\"@id\":\"https:\\\/\\\/lospoliticosveracruz.com\\\/?p=48950\",\"url\":\"https:\\\/\\\/lospoliticosveracruz.com\\\/?p=48950\",\"name\":\"Iv\u00e1n Luna, la historia... - Los pol\u00edticos Veracruz\",\"isPartOf\":{\"@id\":\"https:\\\/\\\/lospoliticosveracruz.com\\\/#website\"},\"primaryImageOfPage\":{\"@id\":\"https:\\\/\\\/lospoliticosveracruz.com\\\/?p=48950#primaryimage\"},\"image\":{\"@id\":\"https:\\\/\\\/lospoliticosveracruz.com\\\/?p=48950#primaryimage\"},\"thumbnailUrl\":\"https:\\\/\\\/lospoliticosveracruz.com\\\/wp-content\\\/uploads\\\/2019\\\/08\\\/Ivan-Luna.jpg\",\"datePublished\":\"2019-08-01T16:04:22+00:00\",\"breadcrumb\":{\"@id\":\"https:\\\/\\\/lospoliticosveracruz.com\\\/?p=48950#breadcrumb\"},\"inLanguage\":\"es\",\"potentialAction\":[{\"@type\":\"ReadAction\",\"target\":[\"https:\\\/\\\/lospoliticosveracruz.com\\\/?p=48950\"]}]},{\"@type\":\"ImageObject\",\"inLanguage\":\"es\",\"@id\":\"https:\\\/\\\/lospoliticosveracruz.com\\\/?p=48950#primaryimage\",\"url\":\"https:\\\/\\\/lospoliticosveracruz.com\\\/wp-content\\\/uploads\\\/2019\\\/08\\\/Ivan-Luna.jpg\",\"contentUrl\":\"https:\\\/\\\/lospoliticosveracruz.com\\\/wp-content\\\/uploads\\\/2019\\\/08\\\/Ivan-Luna.jpg\",\"width\":600,\"height\":410},{\"@type\":\"BreadcrumbList\",\"@id\":\"https:\\\/\\\/lospoliticosveracruz.com\\\/?p=48950#breadcrumb\",\"itemListElement\":[{\"@type\":\"ListItem\",\"position\":1,\"name\":\"Portada\",\"item\":\"https:\\\/\\\/lospoliticosveracruz.com\\\/\"},{\"@type\":\"ListItem\",\"position\":2,\"name\":\"Iv\u00e1n Luna, la historia&#8230;\"}]},{\"@type\":\"WebSite\",\"@id\":\"https:\\\/\\\/lospoliticosveracruz.com\\\/#website\",\"url\":\"https:\\\/\\\/lospoliticosveracruz.com\\\/\",\"name\":\"Los pol\u00edticos Veracruz\",\"description\":\"\",\"publisher\":{\"@id\":\"https:\\\/\\\/lospoliticosveracruz.com\\\/#organization\"},\"potentialAction\":[{\"@type\":\"SearchAction\",\"target\":{\"@type\":\"EntryPoint\",\"urlTemplate\":\"https:\\\/\\\/lospoliticosveracruz.com\\\/?s={search_term_string}\"},\"query-input\":{\"@type\":\"PropertyValueSpecification\",\"valueRequired\":true,\"valueName\":\"search_term_string\"}}],\"inLanguage\":\"es\"},{\"@type\":\"Organization\",\"@id\":\"https:\\\/\\\/lospoliticosveracruz.com\\\/#organization\",\"name\":\"Los pol\u00edticos Veracruz\",\"url\":\"https:\\\/\\\/lospoliticosveracruz.com\\\/\",\"logo\":{\"@type\":\"ImageObject\",\"inLanguage\":\"es\",\"@id\":\"https:\\\/\\\/lospoliticosveracruz.com\\\/#\\\/schema\\\/logo\\\/image\\\/\",\"url\":\"https:\\\/\\\/lospoliticosveracruz.com\\\/wp-content\\\/uploads\\\/2025\\\/12\\\/Logo-Nuevo-LOS-POLITICOS-1.jpg\",\"contentUrl\":\"https:\\\/\\\/lospoliticosveracruz.com\\\/wp-content\\\/uploads\\\/2025\\\/12\\\/Logo-Nuevo-LOS-POLITICOS-1.jpg\",\"width\":260,\"height\":70,\"caption\":\"Los pol\u00edticos Veracruz\"},\"image\":{\"@id\":\"https:\\\/\\\/lospoliticosveracruz.com\\\/#\\\/schema\\\/logo\\\/image\\\/\"},\"sameAs\":[\"https:\\\/\\\/www.facebook.com\\\/people\\\/Notimemes-de-los-Polticos\\\/61565672886568\\\/\",\"https:\\\/\\\/x.com\\\/LosPoliticosVer\"]},{\"@type\":\"Person\",\"@id\":\"https:\\\/\\\/lospoliticosveracruz.com\\\/#\\\/schema\\\/person\\\/b8702bb0e538456e6efd07080bf2a4a2\",\"name\":\"Lo viste en Los Pol\u00edticos\",\"image\":{\"@type\":\"ImageObject\",\"inLanguage\":\"es\",\"@id\":\"https:\\\/\\\/secure.gravatar.com\\\/avatar\\\/3a8de04a2656d44082be478bd6c086daa447c4651605818287b9532d3d0bd435?s=96&d=mm&r=g\",\"url\":\"https:\\\/\\\/secure.gravatar.com\\\/avatar\\\/3a8de04a2656d44082be478bd6c086daa447c4651605818287b9532d3d0bd435?s=96&d=mm&r=g\",\"contentUrl\":\"https:\\\/\\\/secure.gravatar.com\\\/avatar\\\/3a8de04a2656d44082be478bd6c086daa447c4651605818287b9532d3d0bd435?s=96&d=mm&r=g\",\"caption\":\"Lo viste en Los Pol\u00edticos\"},\"url\":\"https:\\\/\\\/lospoliticosveracruz.com\\\/?author=2\"}]}<\/script>\n<!-- \/ Yoast SEO plugin. -->","yoast_head_json":{"title":"Iv\u00e1n Luna, la historia... - Los pol\u00edticos Veracruz","robots":{"index":"index","follow":"follow","max-snippet":"max-snippet:-1","max-image-preview":"max-image-preview:large","max-video-preview":"max-video-preview:-1"},"canonical":"https:\/\/lospoliticosveracruz.com\/?p=48950","og_locale":"es_ES","og_type":"article","og_title":"Iv\u00e1n Luna, la historia... - Los pol\u00edticos Veracruz","og_description":"Ricardo Ch\u00faa Sale y Vale Hace unas semanas a muy alto funcionario de Palacio de Gobierno le preguntaron, en conocido caf\u00e9 de Xalapa, del por qu\u00e9 el gobernador, Cuitl\u00e1huac Garc\u00eda, como parte de una estrategia de comunicaci\u00f3n pol\u00edtica de su gobierno&#8230; No destinaba dinero, aunque fuera poco y no ha \u00abmanos llenas\u00bb como acostumbra a [&hellip;]","og_url":"https:\/\/lospoliticosveracruz.com\/?p=48950","og_site_name":"Los pol\u00edticos Veracruz","article_publisher":"https:\/\/www.facebook.com\/people\/Notimemes-de-los-Polticos\/61565672886568\/","article_published_time":"2019-08-01T16:04:22+00:00","og_image":[{"width":600,"height":410,"url":"https:\/\/lospoliticosveracruz.com\/wp-content\/uploads\/2019\/08\/Ivan-Luna.jpg","type":"image\/jpeg"}],"author":"Lo viste en Los Pol\u00edticos","twitter_card":"summary_large_image","twitter_creator":"@LosPoliticosVer","twitter_site":"@LosPoliticosVer","twitter_misc":{"Escrito por":"Lo viste en Los Pol\u00edticos","Tiempo de lectura":"6 minutos"},"schema":{"@context":"https:\/\/schema.org","@graph":[{"@type":"Article","@id":"https:\/\/lospoliticosveracruz.com\/?p=48950#article","isPartOf":{"@id":"https:\/\/lospoliticosveracruz.com\/?p=48950"},"author":{"name":"Lo viste en Los Pol\u00edticos","@id":"https:\/\/lospoliticosveracruz.com\/#\/schema\/person\/b8702bb0e538456e6efd07080bf2a4a2"},"headline":"Iv\u00e1n Luna, la historia&#8230;","datePublished":"2019-08-01T16:04:22+00:00","mainEntityOfPage":{"@id":"https:\/\/lospoliticosveracruz.com\/?p=48950"},"wordCount":1175,"commentCount":0,"publisher":{"@id":"https:\/\/lospoliticosveracruz.com\/#organization"},"image":{"@id":"https:\/\/lospoliticosveracruz.com\/?p=48950#primaryimage"},"thumbnailUrl":"https:\/\/lospoliticosveracruz.com\/wp-content\/uploads\/2019\/08\/Ivan-Luna.jpg","keywords":["convenios","Cuitl\u00e1huac Garc\u00eda Jim\u00e9nez","Iv\u00e1n Luna","Morena","prensa","Veracruz"],"articleSection":["De Opini\u00f3n"],"inLanguage":"es","potentialAction":[{"@type":"CommentAction","name":"Comment","target":["https:\/\/lospoliticosveracruz.com\/?p=48950#respond"]}]},{"@type":"WebPage","@id":"https:\/\/lospoliticosveracruz.com\/?p=48950","url":"https:\/\/lospoliticosveracruz.com\/?p=48950","name":"Iv\u00e1n Luna, la historia... - Los pol\u00edticos Veracruz","isPartOf":{"@id":"https:\/\/lospoliticosveracruz.com\/#website"},"primaryImageOfPage":{"@id":"https:\/\/lospoliticosveracruz.com\/?p=48950#primaryimage"},"image":{"@id":"https:\/\/lospoliticosveracruz.com\/?p=48950#primaryimage"},"thumbnailUrl":"https:\/\/lospoliticosveracruz.com\/wp-content\/uploads\/2019\/08\/Ivan-Luna.jpg","datePublished":"2019-08-01T16:04:22+00:00","breadcrumb":{"@id":"https:\/\/lospoliticosveracruz.com\/?p=48950#breadcrumb"},"inLanguage":"es","potentialAction":[{"@type":"ReadAction","target":["https:\/\/lospoliticosveracruz.com\/?p=48950"]}]},{"@type":"ImageObject","inLanguage":"es","@id":"https:\/\/lospoliticosveracruz.com\/?p=48950#primaryimage","url":"https:\/\/lospoliticosveracruz.com\/wp-content\/uploads\/2019\/08\/Ivan-Luna.jpg","contentUrl":"https:\/\/lospoliticosveracruz.com\/wp-content\/uploads\/2019\/08\/Ivan-Luna.jpg","width":600,"height":410},{"@type":"BreadcrumbList","@id":"https:\/\/lospoliticosveracruz.com\/?p=48950#breadcrumb","itemListElement":[{"@type":"ListItem","position":1,"name":"Portada","item":"https:\/\/lospoliticosveracruz.com\/"},{"@type":"ListItem","position":2,"name":"Iv\u00e1n Luna, la historia&#8230;"}]},{"@type":"WebSite","@id":"https:\/\/lospoliticosveracruz.com\/#website","url":"https:\/\/lospoliticosveracruz.com\/","name":"Los pol\u00edticos Veracruz","description":"","publisher":{"@id":"https:\/\/lospoliticosveracruz.com\/#organization"},"potentialAction":[{"@type":"SearchAction","target":{"@type":"EntryPoint","urlTemplate":"https:\/\/lospoliticosveracruz.com\/?s={search_term_string}"},"query-input":{"@type":"PropertyValueSpecification","valueRequired":true,"valueName":"search_term_string"}}],"inLanguage":"es"},{"@type":"Organization","@id":"https:\/\/lospoliticosveracruz.com\/#organization","name":"Los pol\u00edticos Veracruz","url":"https:\/\/lospoliticosveracruz.com\/","logo":{"@type":"ImageObject","inLanguage":"es","@id":"https:\/\/lospoliticosveracruz.com\/#\/schema\/logo\/image\/","url":"https:\/\/lospoliticosveracruz.com\/wp-content\/uploads\/2025\/12\/Logo-Nuevo-LOS-POLITICOS-1.jpg","contentUrl":"https:\/\/lospoliticosveracruz.com\/wp-content\/uploads\/2025\/12\/Logo-Nuevo-LOS-POLITICOS-1.jpg","width":260,"height":70,"caption":"Los pol\u00edticos Veracruz"},"image":{"@id":"https:\/\/lospoliticosveracruz.com\/#\/schema\/logo\/image\/"},"sameAs":["https:\/\/www.facebook.com\/people\/Notimemes-de-los-Polticos\/61565672886568\/","https:\/\/x.com\/LosPoliticosVer"]},{"@type":"Person","@id":"https:\/\/lospoliticosveracruz.com\/#\/schema\/person\/b8702bb0e538456e6efd07080bf2a4a2","name":"Lo viste en Los Pol\u00edticos","image":{"@type":"ImageObject","inLanguage":"es","@id":"https:\/\/secure.gravatar.com\/avatar\/3a8de04a2656d44082be478bd6c086daa447c4651605818287b9532d3d0bd435?s=96&d=mm&r=g","url":"https:\/\/secure.gravatar.com\/avatar\/3a8de04a2656d44082be478bd6c086daa447c4651605818287b9532d3d0bd435?s=96&d=mm&r=g","contentUrl":"https:\/\/secure.gravatar.com\/avatar\/3a8de04a2656d44082be478bd6c086daa447c4651605818287b9532d3d0bd435?s=96&d=mm&r=g","caption":"Lo viste en Los Pol\u00edticos"},"url":"https:\/\/lospoliticosveracruz.com\/?author=2"}]}},"_links":{"self":[{"href":"https:\/\/lospoliticosveracruz.com\/index.php?rest_route=\/wp\/v2\/posts\/48950","targetHints":{"allow":["GET"]}}],"collection":[{"href":"https:\/\/lospoliticosveracruz.com\/index.php?rest_route=\/wp\/v2\/posts"}],"about":[{"href":"https:\/\/lospoliticosveracruz.com\/index.php?rest_route=\/wp\/v2\/types\/post"}],"author":[{"embeddable":true,"href":"https:\/\/lospoliticosveracruz.com\/index.php?rest_route=\/wp\/v2\/users\/2"}],"replies":[{"embeddable":true,"href":"https:\/\/lospoliticosveracruz.com\/index.php?rest_route=%2Fwp%2Fv2%2Fcomments&post=48950"}],"version-history":[{"count":1,"href":"https:\/\/lospoliticosveracruz.com\/index.php?rest_route=\/wp\/v2\/posts\/48950\/revisions"}],"predecessor-version":[{"id":48952,"href":"https:\/\/lospoliticosveracruz.com\/index.php?rest_route=\/wp\/v2\/posts\/48950\/revisions\/48952"}],"wp:featuredmedia":[{"embeddable":true,"href":"https:\/\/lospoliticosveracruz.com\/index.php?rest_route=\/wp\/v2\/media\/48951"}],"wp:attachment":[{"href":"https:\/\/lospoliticosveracruz.com\/index.php?rest_route=%2Fwp%2Fv2%2Fmedia&parent=48950"}],"wp:term":[{"taxonomy":"category","embeddable":true,"href":"https:\/\/lospoliticosveracruz.com\/index.php?rest_route=%2Fwp%2Fv2%2Fcategories&post=48950"},{"taxonomy":"post_tag","embeddable":true,"href":"https:\/\/lospoliticosveracruz.com\/index.php?rest_route=%2Fwp%2Fv2%2Ftags&post=48950"}],"curies":[{"name":"wp","href":"https:\/\/api.w.org\/{rel}","templated":true}]}}