{"id":48954,"date":"2019-08-01T22:55:50","date_gmt":"2019-08-02T03:55:50","guid":{"rendered":"http:\/\/www.lospoliticosveracruz.com.mx\/?p=48954"},"modified":"2019-08-01T20:50:38","modified_gmt":"2019-08-02T01:50:38","slug":"en-moto-jaramillo-maleno-y-unanue","status":"publish","type":"post","link":"https:\/\/lospoliticosveracruz.com\/?p=48954","title":{"rendered":"En moto Jaramillo, Maleno y Unanue"},"content":{"rendered":"<p><strong>Salvador Mu\u00f1oz<\/strong><\/p>\n<p><em>Los Pol\u00edticos<\/em><\/p>\n<p><span style=\"font-weight: 400;\">Entramos a la calle de Zaragoza y me dice mi acompa\u00f1ante: \u201c\u00bfYa viste qui\u00e9n es?\u201d Se refer\u00eda a un tipo medio calvo que iba de copiloto en una moto\u2026 se me hizo conocido, pero no daba qui\u00e9n era\u2026<\/span><\/p>\n<p><span style=\"font-weight: 400;\">\u2014\u00a1Es Jaramillo\u2014 y he de haber\u00a0puesto cara de \u201cWhat\u201d para que me dieran m\u00e1s datos \u2014\u00a1El de Sefiplan!\u2014 y hagan de cuenta que as\u00ed como me lo iban diciendo, el 20 me ca\u00eda: Arturo Jaramillo D\u00edaz de Le\u00f3n, subsecretario de Ingresos en tiempos de Javier Duarte de Ochoa. Iba montado \u201cen ancas\u201d de la moto apretando en su brazo derecho una maleta negra \u00a1y sin casco! Circulamos casi a la par hasta incorporarnos a la avenida Murillo Vidal y en un momento dado, nuestros caminos se bifurcaron.<\/span><\/p>\n<p><span style=\"font-weight: 400;\">Se nos hizo raro ver a este ex funcionario duartista viajando en esas condiciones, aunque la moto no sonaba ni se ve\u00eda mal pero el que no cuadraba era Jaramillo, quien a todas luces era claro que iba inc\u00f3modo, m\u00e1s preocupado por el malet\u00edn negro que llevaba, que por su propia seguridad, tanto por no saber c\u00f3mo agarrarse en las \u201cancas\u201d como por no llevar casco\u2026<\/span><\/p>\n<p><span style=\"font-weight: 400;\">II<\/span><\/p>\n<p><span style=\"font-weight: 400;\">El pasado 31 de agosto de este a\u00f1o, un oficio llega a las oficinas del titular de Sefiplan, Jos\u00e9 Luis Lima Franco, por parte del diputado Jos\u00e9 \u2018Maleno\u2019 Rosales Torres. En tal documento, el legislador por el distrito de Medell\u00edn le recuerda al funcionario que el pasado 26 de julio, le requiri\u00f3 su intervenci\u00f3n para que junto con la direcci\u00f3n de Transporte P\u00fablico del Estado, se procediera a llevar a diversos municipios el m\u00f3dulo itinerante o unidad m\u00f3vil para la regularizaci\u00f3n de placas y expedici\u00f3n de licencias en beneficio de los motociclistas. Igual le recuerda que el pasado 29 del mismo mes, en el palacio municipal de Carrillo Puerto, donde estuvieron agentes y subagentes municipales, alcaldes y ciudadanos, as\u00ed como el mismo diputado, se reunieron para solicitarle a Lima Franco la reducci\u00f3n o condonaci\u00f3n en multas y recargos para los motociclistas de esta zona. En resumen, le pone cuatro puntos al secretario de Finanzas:<\/span><\/p>\n<ul>\n<li><span style=\"font-weight: 400;\"> Llevar el m\u00f3dulo itinerante o unidad m\u00f3vil a Carrillo Puerto, para que los ciudadanos realicen el tr\u00e1mite de la expedici\u00f3n de placas y licencias.<\/span><\/li>\n<li><span style=\"font-weight: 400;\"> Sea considerada la reducci\u00f3n en un 50% del costo por la expedici\u00f3n de licencia tipo D (motociclista).<\/span><\/li>\n<li><span style=\"font-weight: 400;\"> Se considere la reducci\u00f3n en un 50% del costo de expedici\u00f3n de dotaci\u00f3n de placas y derechos de control vehicular.<\/span><\/li>\n<li><span style=\"font-weight: 400;\"> Y la condonaci\u00f3n del 100% en multas y recargos aplicados en beneficio de los motociclistas de Carrillo Puerto.<\/span><\/li>\n<\/ul>\n<p><span style=\"font-weight: 400;\">III<\/span><\/p>\n<p><span style=\"font-weight: 400;\">Las intenciones del diputado Maleno no dejan de ser buenas, salvo por un ligero detalle\u2026 que si su bancada, la de Morena, dejara de meter en la congeladora muchas iniciativas que lejos de estudio, pr\u00f3rrogas o an\u00e1lisis, las enfr\u00edan por ser panistas, a estas alturas, no tendr\u00eda que pedirle a Lima Franco nada para su distrito, porque si se hubiera aprobado la iniciativa del legislador Juan Manuel de Unanue, los beneficiarios ser\u00edan todos los veracruzanos y no s\u00f3lo los de un distrito\u2026 le cuento:<\/span><\/p>\n<p><span style=\"font-weight: 400;\">A mediados de diciembre de 2018, Juan Manuel de Unanue present\u00f3 una iniciativa de reforma al art\u00edculo 15 del C\u00f3digo de Derechos, que busca disminuir en 50 por ciento el costo de licencia de conducir tipo D para motociclistas, segundo punto que en sus propuestas presenta a Sefiplan el diputado por Medell\u00edn.<\/span><\/p>\n<p><span style=\"font-weight: 400;\">Hace casi ocho meses, De Unanue Abascal hac\u00eda \u00e9nfasis en la dif\u00edcil situaci\u00f3n financiera por la que atraviesan miles de familias veracruzanas, \u201cespecialmente en las zonas rurales de la entidad, lo que vuelve m\u00e1s complicada la cobertura que tienen de necesidades b\u00e1sicas, entre ellas el transporte\u201d.<\/span><\/p>\n<p><span style=\"font-weight: 400;\">Dec\u00eda Unanue que la reducci\u00f3n del costo de la licencia permitir\u00eda que las familias veracruzanas puedan acceder con mayor facilidad a la motocicleta como medio de transporte. Unanue explic\u00f3 que el costo de licencia para motocicleta, es desproporcionado pues mientras una licencia tipo C para autom\u00f3vil cuesta unos mil 376 pesos, que representa menos del 1% del valor del autom\u00f3vil; la licencia tipo D para una motocicleta, tiene un valor 983 pesos, que representa un 7.5% del valor de la unidad.<\/span><\/p>\n<p><span style=\"font-weight: 400;\">IV<\/span><\/p>\n<p><span style=\"font-weight: 400;\">Se insiste: la pretensi\u00f3n de Maleno Rosales dirigida al secretario de Finanzas no deja de ser buena, pero particular, pues s\u00f3lo est\u00e1 pensada para Carrillo Puerto; mientras que la de Unanue busca un beneficio general para todos los veracruzanos. No sabemos qu\u00e9 respuesta vaya a tener Rosales Torres por parte de Lima Franco, as\u00ed como tampoco si descongelen alg\u00fan d\u00eda la propuesta de Juan Manuel de Unanue, pero si la Comisi\u00f3n de Hacienda prorrogara menos y actuara m\u00e1s, sin ver tintes partidistas ni colores, a estas alturas, las repercusiones de ahorro en las familias veracruzanas se ver\u00edan reflejadas en sus bolsillos&#8230;<\/span><\/p>\n<p>&nbsp;<\/p>\n<p><span style=\"font-weight: 400;\">smcainito@gmail.com<\/span><\/p>\n<p>&nbsp;<\/p>\n","protected":false},"excerpt":{"rendered":"<p>Salvador Mu\u00f1oz Los Pol\u00edticos Entramos a la calle de Zaragoza y me dice mi acompa\u00f1ante: \u201c\u00bfYa viste qui\u00e9n es?\u201d Se refer\u00eda a un tipo medio calvo que iba de copiloto en una moto\u2026 se me hizo conocido, pero no daba qui\u00e9n era\u2026 \u2014\u00a1Es Jaramillo\u2014 y he de haber\u00a0puesto cara de \u201cWhat\u201d para que me dieran [&hellip;]<\/p>\n","protected":false},"author":2,"featured_media":0,"comment_status":"open","ping_status":"open","sticky":false,"template":"","format":"standard","meta":{"tdm_status":"","tdm_grid_status":"","footnotes":""},"categories":[70],"tags":[13713,12684,6732,640,14145],"class_list":{"0":"post-48954","1":"post","2":"type-post","3":"status-publish","4":"format-standard","6":"category-de-opinion","7":"tag-jose-luis-lima-franco","8":"tag-jose-magdaleno-rosales-torres","9":"tag-juan-manuel-de-unanue","10":"tag-sefiplan","11":"tag-subsecretario-de-ingresos"},"yoast_head":"<!-- This site is optimized with the Yoast SEO plugin v27.4 - https:\/\/yoast.com\/product\/yoast-seo-wordpress\/ -->\n<title>En moto Jaramillo, Maleno y Unanue - Los pol\u00edticos Veracruz<\/title>\n<meta name=\"robots\" content=\"index, follow, max-snippet:-1, max-image-preview:large, max-video-preview:-1\" \/>\n<link rel=\"canonical\" href=\"https:\/\/lospoliticosveracruz.com\/?p=48954\" \/>\n<meta property=\"og:locale\" content=\"es_ES\" \/>\n<meta property=\"og:type\" content=\"article\" \/>\n<meta property=\"og:title\" content=\"En moto Jaramillo, Maleno y Unanue - Los pol\u00edticos Veracruz\" \/>\n<meta property=\"og:description\" content=\"Salvador Mu\u00f1oz Los Pol\u00edticos Entramos a la calle de Zaragoza y me dice mi acompa\u00f1ante: \u201c\u00bfYa viste qui\u00e9n es?\u201d Se refer\u00eda a un tipo medio calvo que iba de copiloto en una moto\u2026 se me hizo conocido, pero no daba qui\u00e9n era\u2026 \u2014\u00a1Es Jaramillo\u2014 y he de haber\u00a0puesto cara de \u201cWhat\u201d para que me dieran [&hellip;]\" \/>\n<meta property=\"og:url\" content=\"https:\/\/lospoliticosveracruz.com\/?p=48954\" \/>\n<meta property=\"og:site_name\" content=\"Los pol\u00edticos Veracruz\" \/>\n<meta property=\"article:publisher\" content=\"https:\/\/www.facebook.com\/people\/Notimemes-de-los-Polticos\/61565672886568\/\" \/>\n<meta property=\"article:published_time\" content=\"2019-08-02T03:55:50+00:00\" \/>\n<meta property=\"og:image\" content=\"https:\/\/lospoliticosveracruz.com\/wp-content\/uploads\/2016\/07\/Logo-Dor.jpg\" \/>\n\t<meta property=\"og:image:width\" content=\"200\" \/>\n\t<meta property=\"og:image:height\" content=\"200\" \/>\n\t<meta property=\"og:image:type\" content=\"image\/jpeg\" \/>\n<meta name=\"author\" content=\"Lo viste en Los Pol\u00edticos\" \/>\n<meta name=\"twitter:card\" content=\"summary_large_image\" \/>\n<meta name=\"twitter:creator\" content=\"@LosPoliticosVer\" \/>\n<meta name=\"twitter:site\" content=\"@LosPoliticosVer\" \/>\n<meta name=\"twitter:label1\" content=\"Escrito por\" \/>\n\t<meta name=\"twitter:data1\" content=\"Lo viste en Los Pol\u00edticos\" \/>\n\t<meta name=\"twitter:label2\" content=\"Tiempo de lectura\" \/>\n\t<meta name=\"twitter:data2\" content=\"4 minutos\" \/>\n<script type=\"application\/ld+json\" class=\"yoast-schema-graph\">{\"@context\":\"https:\\\/\\\/schema.org\",\"@graph\":[{\"@type\":\"Article\",\"@id\":\"https:\\\/\\\/lospoliticosveracruz.com\\\/?p=48954#article\",\"isPartOf\":{\"@id\":\"https:\\\/\\\/lospoliticosveracruz.com\\\/?p=48954\"},\"author\":{\"name\":\"Lo viste en Los Pol\u00edticos\",\"@id\":\"https:\\\/\\\/lospoliticosveracruz.com\\\/#\\\/schema\\\/person\\\/b8702bb0e538456e6efd07080bf2a4a2\"},\"headline\":\"En moto Jaramillo, Maleno y Unanue\",\"datePublished\":\"2019-08-02T03:55:50+00:00\",\"mainEntityOfPage\":{\"@id\":\"https:\\\/\\\/lospoliticosveracruz.com\\\/?p=48954\"},\"wordCount\":855,\"commentCount\":0,\"publisher\":{\"@id\":\"https:\\\/\\\/lospoliticosveracruz.com\\\/#organization\"},\"keywords\":[\"Jos\u00e9 Luis Lima Franco\",\"Jos\u00e9 Magdaleno Rosales Torres\",\"Juan Manuel de Unanue\",\"Sefiplan\",\"Subsecretario de Ingresos\"],\"articleSection\":[\"De Opini\u00f3n\"],\"inLanguage\":\"es\",\"potentialAction\":[{\"@type\":\"CommentAction\",\"name\":\"Comment\",\"target\":[\"https:\\\/\\\/lospoliticosveracruz.com\\\/?p=48954#respond\"]}]},{\"@type\":\"WebPage\",\"@id\":\"https:\\\/\\\/lospoliticosveracruz.com\\\/?p=48954\",\"url\":\"https:\\\/\\\/lospoliticosveracruz.com\\\/?p=48954\",\"name\":\"En moto Jaramillo, Maleno y Unanue - Los pol\u00edticos Veracruz\",\"isPartOf\":{\"@id\":\"https:\\\/\\\/lospoliticosveracruz.com\\\/#website\"},\"datePublished\":\"2019-08-02T03:55:50+00:00\",\"breadcrumb\":{\"@id\":\"https:\\\/\\\/lospoliticosveracruz.com\\\/?p=48954#breadcrumb\"},\"inLanguage\":\"es\",\"potentialAction\":[{\"@type\":\"ReadAction\",\"target\":[\"https:\\\/\\\/lospoliticosveracruz.com\\\/?p=48954\"]}]},{\"@type\":\"BreadcrumbList\",\"@id\":\"https:\\\/\\\/lospoliticosveracruz.com\\\/?p=48954#breadcrumb\",\"itemListElement\":[{\"@type\":\"ListItem\",\"position\":1,\"name\":\"Portada\",\"item\":\"https:\\\/\\\/lospoliticosveracruz.com\\\/\"},{\"@type\":\"ListItem\",\"position\":2,\"name\":\"En moto Jaramillo, Maleno y Unanue\"}]},{\"@type\":\"WebSite\",\"@id\":\"https:\\\/\\\/lospoliticosveracruz.com\\\/#website\",\"url\":\"https:\\\/\\\/lospoliticosveracruz.com\\\/\",\"name\":\"Los pol\u00edticos Veracruz\",\"description\":\"\",\"publisher\":{\"@id\":\"https:\\\/\\\/lospoliticosveracruz.com\\\/#organization\"},\"potentialAction\":[{\"@type\":\"SearchAction\",\"target\":{\"@type\":\"EntryPoint\",\"urlTemplate\":\"https:\\\/\\\/lospoliticosveracruz.com\\\/?s={search_term_string}\"},\"query-input\":{\"@type\":\"PropertyValueSpecification\",\"valueRequired\":true,\"valueName\":\"search_term_string\"}}],\"inLanguage\":\"es\"},{\"@type\":\"Organization\",\"@id\":\"https:\\\/\\\/lospoliticosveracruz.com\\\/#organization\",\"name\":\"Los pol\u00edticos Veracruz\",\"url\":\"https:\\\/\\\/lospoliticosveracruz.com\\\/\",\"logo\":{\"@type\":\"ImageObject\",\"inLanguage\":\"es\",\"@id\":\"https:\\\/\\\/lospoliticosveracruz.com\\\/#\\\/schema\\\/logo\\\/image\\\/\",\"url\":\"https:\\\/\\\/lospoliticosveracruz.com\\\/wp-content\\\/uploads\\\/2025\\\/12\\\/Logo-Nuevo-LOS-POLITICOS-1.jpg\",\"contentUrl\":\"https:\\\/\\\/lospoliticosveracruz.com\\\/wp-content\\\/uploads\\\/2025\\\/12\\\/Logo-Nuevo-LOS-POLITICOS-1.jpg\",\"width\":260,\"height\":70,\"caption\":\"Los pol\u00edticos Veracruz\"},\"image\":{\"@id\":\"https:\\\/\\\/lospoliticosveracruz.com\\\/#\\\/schema\\\/logo\\\/image\\\/\"},\"sameAs\":[\"https:\\\/\\\/www.facebook.com\\\/people\\\/Notimemes-de-los-Polticos\\\/61565672886568\\\/\",\"https:\\\/\\\/x.com\\\/LosPoliticosVer\"]},{\"@type\":\"Person\",\"@id\":\"https:\\\/\\\/lospoliticosveracruz.com\\\/#\\\/schema\\\/person\\\/b8702bb0e538456e6efd07080bf2a4a2\",\"name\":\"Lo viste en Los Pol\u00edticos\",\"image\":{\"@type\":\"ImageObject\",\"inLanguage\":\"es\",\"@id\":\"https:\\\/\\\/secure.gravatar.com\\\/avatar\\\/3a8de04a2656d44082be478bd6c086daa447c4651605818287b9532d3d0bd435?s=96&d=mm&r=g\",\"url\":\"https:\\\/\\\/secure.gravatar.com\\\/avatar\\\/3a8de04a2656d44082be478bd6c086daa447c4651605818287b9532d3d0bd435?s=96&d=mm&r=g\",\"contentUrl\":\"https:\\\/\\\/secure.gravatar.com\\\/avatar\\\/3a8de04a2656d44082be478bd6c086daa447c4651605818287b9532d3d0bd435?s=96&d=mm&r=g\",\"caption\":\"Lo viste en Los Pol\u00edticos\"},\"url\":\"https:\\\/\\\/lospoliticosveracruz.com\\\/?author=2\"}]}<\/script>\n<!-- \/ Yoast SEO plugin. -->","yoast_head_json":{"title":"En moto Jaramillo, Maleno y Unanue - Los pol\u00edticos Veracruz","robots":{"index":"index","follow":"follow","max-snippet":"max-snippet:-1","max-image-preview":"max-image-preview:large","max-video-preview":"max-video-preview:-1"},"canonical":"https:\/\/lospoliticosveracruz.com\/?p=48954","og_locale":"es_ES","og_type":"article","og_title":"En moto Jaramillo, Maleno y Unanue - Los pol\u00edticos Veracruz","og_description":"Salvador Mu\u00f1oz Los Pol\u00edticos Entramos a la calle de Zaragoza y me dice mi acompa\u00f1ante: \u201c\u00bfYa viste qui\u00e9n es?\u201d Se refer\u00eda a un tipo medio calvo que iba de copiloto en una moto\u2026 se me hizo conocido, pero no daba qui\u00e9n era\u2026 \u2014\u00a1Es Jaramillo\u2014 y he de haber\u00a0puesto cara de \u201cWhat\u201d para que me dieran [&hellip;]","og_url":"https:\/\/lospoliticosveracruz.com\/?p=48954","og_site_name":"Los pol\u00edticos Veracruz","article_publisher":"https:\/\/www.facebook.com\/people\/Notimemes-de-los-Polticos\/61565672886568\/","article_published_time":"2019-08-02T03:55:50+00:00","og_image":[{"width":200,"height":200,"url":"https:\/\/lospoliticosveracruz.com\/wp-content\/uploads\/2016\/07\/Logo-Dor.jpg","type":"image\/jpeg"}],"author":"Lo viste en Los Pol\u00edticos","twitter_card":"summary_large_image","twitter_creator":"@LosPoliticosVer","twitter_site":"@LosPoliticosVer","twitter_misc":{"Escrito por":"Lo viste en Los Pol\u00edticos","Tiempo de lectura":"4 minutos"},"schema":{"@context":"https:\/\/schema.org","@graph":[{"@type":"Article","@id":"https:\/\/lospoliticosveracruz.com\/?p=48954#article","isPartOf":{"@id":"https:\/\/lospoliticosveracruz.com\/?p=48954"},"author":{"name":"Lo viste en Los Pol\u00edticos","@id":"https:\/\/lospoliticosveracruz.com\/#\/schema\/person\/b8702bb0e538456e6efd07080bf2a4a2"},"headline":"En moto Jaramillo, Maleno y Unanue","datePublished":"2019-08-02T03:55:50+00:00","mainEntityOfPage":{"@id":"https:\/\/lospoliticosveracruz.com\/?p=48954"},"wordCount":855,"commentCount":0,"publisher":{"@id":"https:\/\/lospoliticosveracruz.com\/#organization"},"keywords":["Jos\u00e9 Luis Lima Franco","Jos\u00e9 Magdaleno Rosales Torres","Juan Manuel de Unanue","Sefiplan","Subsecretario de Ingresos"],"articleSection":["De Opini\u00f3n"],"inLanguage":"es","potentialAction":[{"@type":"CommentAction","name":"Comment","target":["https:\/\/lospoliticosveracruz.com\/?p=48954#respond"]}]},{"@type":"WebPage","@id":"https:\/\/lospoliticosveracruz.com\/?p=48954","url":"https:\/\/lospoliticosveracruz.com\/?p=48954","name":"En moto Jaramillo, Maleno y Unanue - Los pol\u00edticos Veracruz","isPartOf":{"@id":"https:\/\/lospoliticosveracruz.com\/#website"},"datePublished":"2019-08-02T03:55:50+00:00","breadcrumb":{"@id":"https:\/\/lospoliticosveracruz.com\/?p=48954#breadcrumb"},"inLanguage":"es","potentialAction":[{"@type":"ReadAction","target":["https:\/\/lospoliticosveracruz.com\/?p=48954"]}]},{"@type":"BreadcrumbList","@id":"https:\/\/lospoliticosveracruz.com\/?p=48954#breadcrumb","itemListElement":[{"@type":"ListItem","position":1,"name":"Portada","item":"https:\/\/lospoliticosveracruz.com\/"},{"@type":"ListItem","position":2,"name":"En moto Jaramillo, Maleno y Unanue"}]},{"@type":"WebSite","@id":"https:\/\/lospoliticosveracruz.com\/#website","url":"https:\/\/lospoliticosveracruz.com\/","name":"Los pol\u00edticos Veracruz","description":"","publisher":{"@id":"https:\/\/lospoliticosveracruz.com\/#organization"},"potentialAction":[{"@type":"SearchAction","target":{"@type":"EntryPoint","urlTemplate":"https:\/\/lospoliticosveracruz.com\/?s={search_term_string}"},"query-input":{"@type":"PropertyValueSpecification","valueRequired":true,"valueName":"search_term_string"}}],"inLanguage":"es"},{"@type":"Organization","@id":"https:\/\/lospoliticosveracruz.com\/#organization","name":"Los pol\u00edticos Veracruz","url":"https:\/\/lospoliticosveracruz.com\/","logo":{"@type":"ImageObject","inLanguage":"es","@id":"https:\/\/lospoliticosveracruz.com\/#\/schema\/logo\/image\/","url":"https:\/\/lospoliticosveracruz.com\/wp-content\/uploads\/2025\/12\/Logo-Nuevo-LOS-POLITICOS-1.jpg","contentUrl":"https:\/\/lospoliticosveracruz.com\/wp-content\/uploads\/2025\/12\/Logo-Nuevo-LOS-POLITICOS-1.jpg","width":260,"height":70,"caption":"Los pol\u00edticos Veracruz"},"image":{"@id":"https:\/\/lospoliticosveracruz.com\/#\/schema\/logo\/image\/"},"sameAs":["https:\/\/www.facebook.com\/people\/Notimemes-de-los-Polticos\/61565672886568\/","https:\/\/x.com\/LosPoliticosVer"]},{"@type":"Person","@id":"https:\/\/lospoliticosveracruz.com\/#\/schema\/person\/b8702bb0e538456e6efd07080bf2a4a2","name":"Lo viste en Los Pol\u00edticos","image":{"@type":"ImageObject","inLanguage":"es","@id":"https:\/\/secure.gravatar.com\/avatar\/3a8de04a2656d44082be478bd6c086daa447c4651605818287b9532d3d0bd435?s=96&d=mm&r=g","url":"https:\/\/secure.gravatar.com\/avatar\/3a8de04a2656d44082be478bd6c086daa447c4651605818287b9532d3d0bd435?s=96&d=mm&r=g","contentUrl":"https:\/\/secure.gravatar.com\/avatar\/3a8de04a2656d44082be478bd6c086daa447c4651605818287b9532d3d0bd435?s=96&d=mm&r=g","caption":"Lo viste en Los Pol\u00edticos"},"url":"https:\/\/lospoliticosveracruz.com\/?author=2"}]}},"_links":{"self":[{"href":"https:\/\/lospoliticosveracruz.com\/index.php?rest_route=\/wp\/v2\/posts\/48954","targetHints":{"allow":["GET"]}}],"collection":[{"href":"https:\/\/lospoliticosveracruz.com\/index.php?rest_route=\/wp\/v2\/posts"}],"about":[{"href":"https:\/\/lospoliticosveracruz.com\/index.php?rest_route=\/wp\/v2\/types\/post"}],"author":[{"embeddable":true,"href":"https:\/\/lospoliticosveracruz.com\/index.php?rest_route=\/wp\/v2\/users\/2"}],"replies":[{"embeddable":true,"href":"https:\/\/lospoliticosveracruz.com\/index.php?rest_route=%2Fwp%2Fv2%2Fcomments&post=48954"}],"version-history":[{"count":2,"href":"https:\/\/lospoliticosveracruz.com\/index.php?rest_route=\/wp\/v2\/posts\/48954\/revisions"}],"predecessor-version":[{"id":48958,"href":"https:\/\/lospoliticosveracruz.com\/index.php?rest_route=\/wp\/v2\/posts\/48954\/revisions\/48958"}],"wp:attachment":[{"href":"https:\/\/lospoliticosveracruz.com\/index.php?rest_route=%2Fwp%2Fv2%2Fmedia&parent=48954"}],"wp:term":[{"taxonomy":"category","embeddable":true,"href":"https:\/\/lospoliticosveracruz.com\/index.php?rest_route=%2Fwp%2Fv2%2Fcategories&post=48954"},{"taxonomy":"post_tag","embeddable":true,"href":"https:\/\/lospoliticosveracruz.com\/index.php?rest_route=%2Fwp%2Fv2%2Ftags&post=48954"}],"curies":[{"name":"wp","href":"https:\/\/api.w.org\/{rel}","templated":true}]}}