{"id":48971,"date":"2019-08-04T22:55:37","date_gmt":"2019-08-05T03:55:37","guid":{"rendered":"http:\/\/www.lospoliticosveracruz.com.mx\/?p=48971"},"modified":"2019-08-04T20:49:51","modified_gmt":"2019-08-05T01:49:51","slug":"cambranis-el-panista","status":"publish","type":"post","link":"https:\/\/lospoliticosveracruz.com\/?p=48971","title":{"rendered":"Cambranis, el panista"},"content":{"rendered":"<p><b>Salvador Mu\u00f1oz<\/b><\/p>\n<p><i>Los Pol\u00edticos<\/i><\/p>\n<p><span style=\"font-weight: 400;\">El caso de Enrique Cambranis Torres es singular\u2026 estoy seguro que en la pasada sesi\u00f3n legislativa, el presidente de la Mesa Directiva Jos\u00e9 Manuel Pozos Castro, se dirigi\u00f3 al chogoste\u00f1o y a Nora Jessica Lagunes como \u201cDiputados Independientes\u201d.<\/span><\/p>\n<p><span style=\"font-weight: 400;\">Para nadie es ajeno la diferencia de criterios que existen entre estos dos diputados con el jefe de bancada azul, Sergio Hern\u00e1ndez Hern\u00e1ndez, que lleg\u00f3 a la separaci\u00f3n de \u00e9stos de dicha fracci\u00f3n legislativa, al parecer avalada por el resto de los dem\u00e1s panistas.<\/span><\/p>\n<p><span style=\"font-weight: 400;\">La diferencia de criterios en el PAN no es nueva, y baste recordar el caso de Cinthya Lobato Calder\u00f3n que en la pasada Legislatura tuvo choques con el jefe de bancada que acab\u00f3 en la separaci\u00f3n de \u00e9sta de la fracci\u00f3n azul\u2026\u00a0<\/span><\/p>\n<p><span style=\"font-weight: 400;\">Lo curioso del asunto es a pesar de la decisi\u00f3n de Sergio Hern\u00e1ndez, tanto Cambranis como Nora se dicen panistas de hueso colorado\u2026 bueno, m\u00e1s bien panistas de sangre azul, tan as\u00ed que el pasado fin de semana, el de J\u00e1ltipan aclar\u00f3 que tiene claro que seguir\u00e1 siendo panista toda la vida y enfatiz\u00f3: \u201cNo soy Diputado Independiente, pertenezco al Partido Acci\u00f3n Nacional, no estoy en pl\u00e1ticas para integrarme a otro grupo Legislativo ya que sigo convencido de mi trayectoria y vida panista\u201d.<\/span><\/p>\n<p><span style=\"font-weight: 400;\">Mucho tiene de cierto lo que dice Cambranis en su sentir panista, pues s\u00ed se recuerda, junto con su padre, Gilberto Cambranis G\u00f3mez, hicieron, por as\u00ed decirlo, el PAN en el sur de Veracruz, empezando por J\u00e1ltipan.<\/span><\/p>\n<p><span style=\"font-weight: 400;\">Agregue que si hay alguien que impuls\u00f3 y practica los principios de la doctrina del PAN, ha sido \u00e9l y de ello pueden hablar muchos blanquiazules tanto de la vieja guardia como nueva.<\/span><\/p>\n<p><span style=\"font-weight: 400;\">Cambranis es de aquellos panistas que vivieron la emoci\u00f3n de ver c\u00f3mo su partido crec\u00eda poco a poco en distintos distritos o municipios, que se aventuraba a buscar a esas personas que ejerc\u00edan su voto a favor del azul en aras de unir fuerzas y sobre todo, seguir creciendo.<\/span><\/p>\n<p><span style=\"font-weight: 400;\">Enrique es como su padre, don Gilberto, el hombre que entreg\u00f3 a\u00f1os, tiempo y vida por el PAN\u2026 as\u00ed lo aprendi\u00f3 Enrique, cuando junto con sus hermanos le toc\u00f3 cargar el altoparlante por tantos y distintos puntos del Sur de Veracruz, mientras su padre alzaba la voz contra el partido en el poder, instando por un cambio\u2026<\/span><\/p>\n<p><span style=\"font-weight: 400;\">A don Gilberto lo alcanz\u00f3 el destino y el silencio de un partido que parec\u00eda, lo olvid\u00f3\u2026 la estafeta la tom\u00f3 Enrique, su hijo, con m\u00e1s apoyo que el legado azul de su padre\u2026<\/span><\/p>\n<p><span style=\"font-weight: 400;\">A Cambranis lo busc\u00f3 C\u00e9sar Leal Angulo, hasta que lo encontr\u00f3. A Xalapa hab\u00eda llegado la leyenda de un padre que con sus hijos defend\u00eda la doctrina del PAN sin m\u00e1s recursos que su discurso\u2026<\/span><\/p>\n<p><span style=\"font-weight: 400;\">Enrique y Leal \u00c1ngulo platicaron y se entendieron\u2026 como \u00fanicamente el panismo se puede entender: hay que hacer lo correcto.<\/span><\/p>\n<p><span style=\"font-weight: 400;\">Hacer lo correcto es a veces hacer pol\u00edtica\u2026 y eso se entiende con tiempo, experiencia y sobre todo, apoy\u00e1ndose en los principios de la doctrina del PAN, que han sido ejes rectores en las decisiones que ha tomado Enrique Cambranis como Legislador.<\/span><\/p>\n<p>&nbsp;<\/p>\n<p><span style=\"font-weight: 400;\">smcainito@gmail.com<\/span><\/p>\n","protected":false},"excerpt":{"rendered":"<p>Salvador Mu\u00f1oz Los Pol\u00edticos El caso de Enrique Cambranis Torres es singular\u2026 estoy seguro que en la pasada sesi\u00f3n legislativa, el presidente de la Mesa Directiva Jos\u00e9 Manuel Pozos Castro, se dirigi\u00f3 al chogoste\u00f1o y a Nora Jessica Lagunes como \u201cDiputados Independientes\u201d. Para nadie es ajeno la diferencia de criterios que existen entre estos dos [&hellip;]<\/p>\n","protected":false},"author":2,"featured_media":0,"comment_status":"open","ping_status":"open","sticky":false,"template":"","format":"standard","meta":{"tdm_status":"","tdm_grid_status":"","footnotes":""},"categories":[70],"tags":[15025,2399,266,6481],"class_list":{"0":"post-48971","1":"post","2":"type-post","3":"status-publish","4":"format-standard","6":"category-de-opinion","7":"tag-cesar-leal-angulo","8":"tag-enrique-cambranis-torres","9":"tag-pan","10":"tag-sergio-hernandez-hernandez"},"yoast_head":"<!-- This site is optimized with the Yoast SEO plugin v27.4 - https:\/\/yoast.com\/product\/yoast-seo-wordpress\/ -->\n<title>Cambranis, el panista - Los pol\u00edticos Veracruz<\/title>\n<meta name=\"robots\" content=\"index, follow, max-snippet:-1, max-image-preview:large, max-video-preview:-1\" \/>\n<link rel=\"canonical\" href=\"https:\/\/lospoliticosveracruz.com\/?p=48971\" \/>\n<meta property=\"og:locale\" content=\"es_ES\" \/>\n<meta property=\"og:type\" content=\"article\" \/>\n<meta property=\"og:title\" content=\"Cambranis, el panista - Los pol\u00edticos Veracruz\" \/>\n<meta property=\"og:description\" content=\"Salvador Mu\u00f1oz Los Pol\u00edticos El caso de Enrique Cambranis Torres es singular\u2026 estoy seguro que en la pasada sesi\u00f3n legislativa, el presidente de la Mesa Directiva Jos\u00e9 Manuel Pozos Castro, se dirigi\u00f3 al chogoste\u00f1o y a Nora Jessica Lagunes como \u201cDiputados Independientes\u201d. Para nadie es ajeno la diferencia de criterios que existen entre estos dos [&hellip;]\" \/>\n<meta property=\"og:url\" content=\"https:\/\/lospoliticosveracruz.com\/?p=48971\" \/>\n<meta property=\"og:site_name\" content=\"Los pol\u00edticos Veracruz\" \/>\n<meta property=\"article:publisher\" content=\"https:\/\/www.facebook.com\/people\/Notimemes-de-los-Polticos\/61565672886568\/\" \/>\n<meta property=\"article:published_time\" content=\"2019-08-05T03:55:37+00:00\" \/>\n<meta property=\"og:image\" content=\"https:\/\/lospoliticosveracruz.com\/wp-content\/uploads\/2016\/07\/Logo-Dor.jpg\" \/>\n\t<meta property=\"og:image:width\" content=\"200\" \/>\n\t<meta property=\"og:image:height\" content=\"200\" \/>\n\t<meta property=\"og:image:type\" content=\"image\/jpeg\" \/>\n<meta name=\"author\" content=\"Lo viste en Los Pol\u00edticos\" \/>\n<meta name=\"twitter:card\" content=\"summary_large_image\" \/>\n<meta name=\"twitter:creator\" content=\"@LosPoliticosVer\" \/>\n<meta name=\"twitter:site\" content=\"@LosPoliticosVer\" \/>\n<meta name=\"twitter:label1\" content=\"Escrito por\" \/>\n\t<meta name=\"twitter:data1\" content=\"Lo viste en Los Pol\u00edticos\" \/>\n\t<meta name=\"twitter:label2\" content=\"Tiempo de lectura\" \/>\n\t<meta name=\"twitter:data2\" content=\"3 minutos\" \/>\n<script type=\"application\/ld+json\" class=\"yoast-schema-graph\">{\"@context\":\"https:\\\/\\\/schema.org\",\"@graph\":[{\"@type\":\"Article\",\"@id\":\"https:\\\/\\\/lospoliticosveracruz.com\\\/?p=48971#article\",\"isPartOf\":{\"@id\":\"https:\\\/\\\/lospoliticosveracruz.com\\\/?p=48971\"},\"author\":{\"name\":\"Lo viste en Los Pol\u00edticos\",\"@id\":\"https:\\\/\\\/lospoliticosveracruz.com\\\/#\\\/schema\\\/person\\\/b8702bb0e538456e6efd07080bf2a4a2\"},\"headline\":\"Cambranis, el panista\",\"datePublished\":\"2019-08-05T03:55:37+00:00\",\"mainEntityOfPage\":{\"@id\":\"https:\\\/\\\/lospoliticosveracruz.com\\\/?p=48971\"},\"wordCount\":558,\"commentCount\":0,\"publisher\":{\"@id\":\"https:\\\/\\\/lospoliticosveracruz.com\\\/#organization\"},\"keywords\":[\"C\u00e9sar Leal Angulo\",\"Enrique Cambranis Torres\",\"PAN\",\"Sergio Hern\u00e1ndez Hern\u00e1ndez\"],\"articleSection\":[\"De Opini\u00f3n\"],\"inLanguage\":\"es\",\"potentialAction\":[{\"@type\":\"CommentAction\",\"name\":\"Comment\",\"target\":[\"https:\\\/\\\/lospoliticosveracruz.com\\\/?p=48971#respond\"]}]},{\"@type\":\"WebPage\",\"@id\":\"https:\\\/\\\/lospoliticosveracruz.com\\\/?p=48971\",\"url\":\"https:\\\/\\\/lospoliticosveracruz.com\\\/?p=48971\",\"name\":\"Cambranis, el panista - Los pol\u00edticos Veracruz\",\"isPartOf\":{\"@id\":\"https:\\\/\\\/lospoliticosveracruz.com\\\/#website\"},\"datePublished\":\"2019-08-05T03:55:37+00:00\",\"breadcrumb\":{\"@id\":\"https:\\\/\\\/lospoliticosveracruz.com\\\/?p=48971#breadcrumb\"},\"inLanguage\":\"es\",\"potentialAction\":[{\"@type\":\"ReadAction\",\"target\":[\"https:\\\/\\\/lospoliticosveracruz.com\\\/?p=48971\"]}]},{\"@type\":\"BreadcrumbList\",\"@id\":\"https:\\\/\\\/lospoliticosveracruz.com\\\/?p=48971#breadcrumb\",\"itemListElement\":[{\"@type\":\"ListItem\",\"position\":1,\"name\":\"Portada\",\"item\":\"https:\\\/\\\/lospoliticosveracruz.com\\\/\"},{\"@type\":\"ListItem\",\"position\":2,\"name\":\"Cambranis, el panista\"}]},{\"@type\":\"WebSite\",\"@id\":\"https:\\\/\\\/lospoliticosveracruz.com\\\/#website\",\"url\":\"https:\\\/\\\/lospoliticosveracruz.com\\\/\",\"name\":\"Los pol\u00edticos Veracruz\",\"description\":\"\",\"publisher\":{\"@id\":\"https:\\\/\\\/lospoliticosveracruz.com\\\/#organization\"},\"potentialAction\":[{\"@type\":\"SearchAction\",\"target\":{\"@type\":\"EntryPoint\",\"urlTemplate\":\"https:\\\/\\\/lospoliticosveracruz.com\\\/?s={search_term_string}\"},\"query-input\":{\"@type\":\"PropertyValueSpecification\",\"valueRequired\":true,\"valueName\":\"search_term_string\"}}],\"inLanguage\":\"es\"},{\"@type\":\"Organization\",\"@id\":\"https:\\\/\\\/lospoliticosveracruz.com\\\/#organization\",\"name\":\"Los pol\u00edticos Veracruz\",\"url\":\"https:\\\/\\\/lospoliticosveracruz.com\\\/\",\"logo\":{\"@type\":\"ImageObject\",\"inLanguage\":\"es\",\"@id\":\"https:\\\/\\\/lospoliticosveracruz.com\\\/#\\\/schema\\\/logo\\\/image\\\/\",\"url\":\"https:\\\/\\\/lospoliticosveracruz.com\\\/wp-content\\\/uploads\\\/2025\\\/12\\\/Logo-Nuevo-LOS-POLITICOS-1.jpg\",\"contentUrl\":\"https:\\\/\\\/lospoliticosveracruz.com\\\/wp-content\\\/uploads\\\/2025\\\/12\\\/Logo-Nuevo-LOS-POLITICOS-1.jpg\",\"width\":260,\"height\":70,\"caption\":\"Los pol\u00edticos Veracruz\"},\"image\":{\"@id\":\"https:\\\/\\\/lospoliticosveracruz.com\\\/#\\\/schema\\\/logo\\\/image\\\/\"},\"sameAs\":[\"https:\\\/\\\/www.facebook.com\\\/people\\\/Notimemes-de-los-Polticos\\\/61565672886568\\\/\",\"https:\\\/\\\/x.com\\\/LosPoliticosVer\"]},{\"@type\":\"Person\",\"@id\":\"https:\\\/\\\/lospoliticosveracruz.com\\\/#\\\/schema\\\/person\\\/b8702bb0e538456e6efd07080bf2a4a2\",\"name\":\"Lo viste en Los Pol\u00edticos\",\"image\":{\"@type\":\"ImageObject\",\"inLanguage\":\"es\",\"@id\":\"https:\\\/\\\/secure.gravatar.com\\\/avatar\\\/3a8de04a2656d44082be478bd6c086daa447c4651605818287b9532d3d0bd435?s=96&d=mm&r=g\",\"url\":\"https:\\\/\\\/secure.gravatar.com\\\/avatar\\\/3a8de04a2656d44082be478bd6c086daa447c4651605818287b9532d3d0bd435?s=96&d=mm&r=g\",\"contentUrl\":\"https:\\\/\\\/secure.gravatar.com\\\/avatar\\\/3a8de04a2656d44082be478bd6c086daa447c4651605818287b9532d3d0bd435?s=96&d=mm&r=g\",\"caption\":\"Lo viste en Los Pol\u00edticos\"},\"url\":\"https:\\\/\\\/lospoliticosveracruz.com\\\/?author=2\"}]}<\/script>\n<!-- \/ Yoast SEO plugin. -->","yoast_head_json":{"title":"Cambranis, el panista - Los pol\u00edticos Veracruz","robots":{"index":"index","follow":"follow","max-snippet":"max-snippet:-1","max-image-preview":"max-image-preview:large","max-video-preview":"max-video-preview:-1"},"canonical":"https:\/\/lospoliticosveracruz.com\/?p=48971","og_locale":"es_ES","og_type":"article","og_title":"Cambranis, el panista - Los pol\u00edticos Veracruz","og_description":"Salvador Mu\u00f1oz Los Pol\u00edticos El caso de Enrique Cambranis Torres es singular\u2026 estoy seguro que en la pasada sesi\u00f3n legislativa, el presidente de la Mesa Directiva Jos\u00e9 Manuel Pozos Castro, se dirigi\u00f3 al chogoste\u00f1o y a Nora Jessica Lagunes como \u201cDiputados Independientes\u201d. Para nadie es ajeno la diferencia de criterios que existen entre estos dos [&hellip;]","og_url":"https:\/\/lospoliticosveracruz.com\/?p=48971","og_site_name":"Los pol\u00edticos Veracruz","article_publisher":"https:\/\/www.facebook.com\/people\/Notimemes-de-los-Polticos\/61565672886568\/","article_published_time":"2019-08-05T03:55:37+00:00","og_image":[{"width":200,"height":200,"url":"https:\/\/lospoliticosveracruz.com\/wp-content\/uploads\/2016\/07\/Logo-Dor.jpg","type":"image\/jpeg"}],"author":"Lo viste en Los Pol\u00edticos","twitter_card":"summary_large_image","twitter_creator":"@LosPoliticosVer","twitter_site":"@LosPoliticosVer","twitter_misc":{"Escrito por":"Lo viste en Los Pol\u00edticos","Tiempo de lectura":"3 minutos"},"schema":{"@context":"https:\/\/schema.org","@graph":[{"@type":"Article","@id":"https:\/\/lospoliticosveracruz.com\/?p=48971#article","isPartOf":{"@id":"https:\/\/lospoliticosveracruz.com\/?p=48971"},"author":{"name":"Lo viste en Los Pol\u00edticos","@id":"https:\/\/lospoliticosveracruz.com\/#\/schema\/person\/b8702bb0e538456e6efd07080bf2a4a2"},"headline":"Cambranis, el panista","datePublished":"2019-08-05T03:55:37+00:00","mainEntityOfPage":{"@id":"https:\/\/lospoliticosveracruz.com\/?p=48971"},"wordCount":558,"commentCount":0,"publisher":{"@id":"https:\/\/lospoliticosveracruz.com\/#organization"},"keywords":["C\u00e9sar Leal Angulo","Enrique Cambranis Torres","PAN","Sergio Hern\u00e1ndez Hern\u00e1ndez"],"articleSection":["De Opini\u00f3n"],"inLanguage":"es","potentialAction":[{"@type":"CommentAction","name":"Comment","target":["https:\/\/lospoliticosveracruz.com\/?p=48971#respond"]}]},{"@type":"WebPage","@id":"https:\/\/lospoliticosveracruz.com\/?p=48971","url":"https:\/\/lospoliticosveracruz.com\/?p=48971","name":"Cambranis, el panista - Los pol\u00edticos Veracruz","isPartOf":{"@id":"https:\/\/lospoliticosveracruz.com\/#website"},"datePublished":"2019-08-05T03:55:37+00:00","breadcrumb":{"@id":"https:\/\/lospoliticosveracruz.com\/?p=48971#breadcrumb"},"inLanguage":"es","potentialAction":[{"@type":"ReadAction","target":["https:\/\/lospoliticosveracruz.com\/?p=48971"]}]},{"@type":"BreadcrumbList","@id":"https:\/\/lospoliticosveracruz.com\/?p=48971#breadcrumb","itemListElement":[{"@type":"ListItem","position":1,"name":"Portada","item":"https:\/\/lospoliticosveracruz.com\/"},{"@type":"ListItem","position":2,"name":"Cambranis, el panista"}]},{"@type":"WebSite","@id":"https:\/\/lospoliticosveracruz.com\/#website","url":"https:\/\/lospoliticosveracruz.com\/","name":"Los pol\u00edticos Veracruz","description":"","publisher":{"@id":"https:\/\/lospoliticosveracruz.com\/#organization"},"potentialAction":[{"@type":"SearchAction","target":{"@type":"EntryPoint","urlTemplate":"https:\/\/lospoliticosveracruz.com\/?s={search_term_string}"},"query-input":{"@type":"PropertyValueSpecification","valueRequired":true,"valueName":"search_term_string"}}],"inLanguage":"es"},{"@type":"Organization","@id":"https:\/\/lospoliticosveracruz.com\/#organization","name":"Los pol\u00edticos Veracruz","url":"https:\/\/lospoliticosveracruz.com\/","logo":{"@type":"ImageObject","inLanguage":"es","@id":"https:\/\/lospoliticosveracruz.com\/#\/schema\/logo\/image\/","url":"https:\/\/lospoliticosveracruz.com\/wp-content\/uploads\/2025\/12\/Logo-Nuevo-LOS-POLITICOS-1.jpg","contentUrl":"https:\/\/lospoliticosveracruz.com\/wp-content\/uploads\/2025\/12\/Logo-Nuevo-LOS-POLITICOS-1.jpg","width":260,"height":70,"caption":"Los pol\u00edticos Veracruz"},"image":{"@id":"https:\/\/lospoliticosveracruz.com\/#\/schema\/logo\/image\/"},"sameAs":["https:\/\/www.facebook.com\/people\/Notimemes-de-los-Polticos\/61565672886568\/","https:\/\/x.com\/LosPoliticosVer"]},{"@type":"Person","@id":"https:\/\/lospoliticosveracruz.com\/#\/schema\/person\/b8702bb0e538456e6efd07080bf2a4a2","name":"Lo viste en Los Pol\u00edticos","image":{"@type":"ImageObject","inLanguage":"es","@id":"https:\/\/secure.gravatar.com\/avatar\/3a8de04a2656d44082be478bd6c086daa447c4651605818287b9532d3d0bd435?s=96&d=mm&r=g","url":"https:\/\/secure.gravatar.com\/avatar\/3a8de04a2656d44082be478bd6c086daa447c4651605818287b9532d3d0bd435?s=96&d=mm&r=g","contentUrl":"https:\/\/secure.gravatar.com\/avatar\/3a8de04a2656d44082be478bd6c086daa447c4651605818287b9532d3d0bd435?s=96&d=mm&r=g","caption":"Lo viste en Los Pol\u00edticos"},"url":"https:\/\/lospoliticosveracruz.com\/?author=2"}]}},"_links":{"self":[{"href":"https:\/\/lospoliticosveracruz.com\/index.php?rest_route=\/wp\/v2\/posts\/48971","targetHints":{"allow":["GET"]}}],"collection":[{"href":"https:\/\/lospoliticosveracruz.com\/index.php?rest_route=\/wp\/v2\/posts"}],"about":[{"href":"https:\/\/lospoliticosveracruz.com\/index.php?rest_route=\/wp\/v2\/types\/post"}],"author":[{"embeddable":true,"href":"https:\/\/lospoliticosveracruz.com\/index.php?rest_route=\/wp\/v2\/users\/2"}],"replies":[{"embeddable":true,"href":"https:\/\/lospoliticosveracruz.com\/index.php?rest_route=%2Fwp%2Fv2%2Fcomments&post=48971"}],"version-history":[{"count":1,"href":"https:\/\/lospoliticosveracruz.com\/index.php?rest_route=\/wp\/v2\/posts\/48971\/revisions"}],"predecessor-version":[{"id":48973,"href":"https:\/\/lospoliticosveracruz.com\/index.php?rest_route=\/wp\/v2\/posts\/48971\/revisions\/48973"}],"wp:attachment":[{"href":"https:\/\/lospoliticosveracruz.com\/index.php?rest_route=%2Fwp%2Fv2%2Fmedia&parent=48971"}],"wp:term":[{"taxonomy":"category","embeddable":true,"href":"https:\/\/lospoliticosveracruz.com\/index.php?rest_route=%2Fwp%2Fv2%2Fcategories&post=48971"},{"taxonomy":"post_tag","embeddable":true,"href":"https:\/\/lospoliticosveracruz.com\/index.php?rest_route=%2Fwp%2Fv2%2Ftags&post=48971"}],"curies":[{"name":"wp","href":"https:\/\/api.w.org\/{rel}","templated":true}]}}