{"id":48981,"date":"2019-08-05T22:55:52","date_gmt":"2019-08-06T03:55:52","guid":{"rendered":"http:\/\/www.lospoliticosveracruz.com.mx\/?p=48981"},"modified":"2019-08-05T20:53:16","modified_gmt":"2019-08-06T01:53:16","slug":"los-odios-de-trump-y-amlo","status":"publish","type":"post","link":"https:\/\/lospoliticosveracruz.com\/?p=48981","title":{"rendered":"Los odios de Trump y AMLO"},"content":{"rendered":"<p><strong>Salvador Mu\u00f1oz<\/strong><\/p>\n<p><em>Los Pol\u00edticos<\/em><\/p>\n<p><span style=\"font-weight: 400;\">\u201c\u00a1Odio a los racistas y a los pinches negros!\u201d era el chiste de un amigo que englobaba de un solo golpe la discriminaci\u00f3n y la doble moral de la gente.<\/span><\/p>\n<p><span style=\"font-weight: 400;\">Soy un hombre lleno de odios\u2026 creo que desde que conduzco carro mi odio aument\u00f3\u2026 odio a la gente que no se cruza en las esquinas; odio al tipo que invade mi carril por ir checando su celular\u2026 odio al imb\u00e9cil que me pone a adivinar si dar\u00e1 vuelta o no porque no sabe para qu\u00e9 demonios son las direccionales\u2026 odio al taxista que con una indiferencia incre\u00edble, suelta por la ventanilla la basura\u2026\u00a0<\/span><\/p>\n<p><span style=\"font-weight: 400;\">Mis odios van m\u00e1s all\u00e1: odio llegar tarde a una cita pero m\u00e1s odio que lleguen tarde a la cita\u2026<\/span><\/p>\n<p><span style=\"font-weight: 400;\">odio al instructor de perros que golpea con la cadena al can porque no obedece la indicaci\u00f3n\u2026<\/span><\/p>\n<p><span style=\"font-weight: 400;\">Odio a quien maltrata a un animal, sea ni\u00f1o, adulto o anciano\u2026<\/span><\/p>\n<p><span style=\"font-weight: 400;\">Odio una derrota del Am\u00e9rica\u2026<\/span><\/p>\n<p><span style=\"font-weight: 400;\">Odio que me den explicaciones cuando s\u00f3lo espero un S\u00ed o un No\u2026<\/span><\/p>\n<p><span style=\"font-weight: 400;\">Odio los pinches baches\u2026<\/span><\/p>\n<p><span style=\"font-weight: 400;\">Mi lista de Odios pudiera hacerse eterna, pero si hay algo que odio con odio jarocho, es encontrarme con un idiota.<\/span><\/p>\n<p><span style=\"font-weight: 400;\">El idiota no tiene nacionalidad, no tiene raza, no tiene idioma, no tiene edad, g\u00e9nero, sexo\u2026 y lo acepto, en un momento dado uno puede tener sus quince minutos de idiota por un arranque de insensatez, de enojo, de frustraci\u00f3n\u2026 yo he sido Idiota en varias ocasiones y es seguro que usted o alguien que conozca, haya tenido un episodio similar\u2026 est\u00e1 en nuestra naturaleza permitirnos serlo\u2026 lo terrible es cuando nos estancamos y nos aferramos a una Idiotez.<\/span><\/p>\n<p><span style=\"font-weight: 400;\">Cuento esto por el episodio que se vivi\u00f3 en El Paso, Texas, donde un sujeto dispar\u00f3 contra un grupo de personas en un \u201cMall\u201d; sus v\u00edctimas, la mayor parte mexicanas. Se habla de un manifiesto donde Patrick Crusius, joven de 21 a\u00f1os, justifica su violencia porque \u201csimplemente estoy defendiendo a mi pa\u00eds de una sustituci\u00f3n cultural y \u00e9tnica provocada por una invasi\u00f3n\u201d.<\/span><\/p>\n<p><span style=\"font-weight: 400;\">Esta tragedia se bifurc\u00f3 en medios:<\/span><\/p>\n<p><span style=\"font-weight: 400;\">Por un lado, hubo quienes dirigieron sus comentarios al Discurso de Odio del presidente Donald Trump contra la poblaci\u00f3n migrante, en especial, la que llega por su frontera Sur.<\/span><\/p>\n<p><span style=\"font-weight: 400;\">Y por otro lado, la facilidad con la que pueden adquirir un arma amparados por el derecho que les da su Constituci\u00f3n.<\/span><\/p>\n<p><span style=\"font-weight: 400;\">Ambos puntos creo que est\u00e1n llenos de raz\u00f3n\u2026 pero no son nuevos. Discursos de Odio hemos tenido a lo largo de la historia y en diferentes escenarios. La segunda enmienda de la Constituci\u00f3n de los Estados Unidos de Norteam\u00e9rica, si no mal recuerdo, otorga el derecho a sus ciudadanos a portar un arma para su defensa\u2026 y creo que es \u201ccualquier arma\u201d, por eso, pueden adquirir un rifle de asalto\u2026<\/span><\/p>\n<p><span style=\"font-weight: 400;\">Ac\u00e1 en M\u00e9xico, al parecer, las redes sociales son usadas como receptores de diversos sentimientos, entre ellos el del odio. En ellas he encontrado la advertencia de que el Presidente, no Trump, sino L\u00f3pez Obrador, hace uso del discurso de odio\u2026 arremete contra medios y periodistas, contra la clase media y la alta, contra los empresarios, contra los fif\u00eds, etc\u00e9tera.<\/span><\/p>\n<p><span style=\"font-weight: 400;\">Las arengas del Pejedente, nos queda claro, buscan frenar a la oposici\u00f3n, a esa oposici\u00f3n a su discurso, a sus m\u00e9todos, a su pol\u00edtica, a sus decisiones. \u00bfV\u00e1lido? \u00a1Claro! Todos los presidentes de un modo u otro, intentan imponer su estilo de Gobernar y hacer pol\u00edtica durante su mandato y de cierto modo, la oposici\u00f3n, sea en la C\u00e1mara Alta y\/o Baja le da legitimidad a su actuaci\u00f3n, al ejercer la libertad de expresi\u00f3n, pero sobre todo, llegar al di\u00e1logo y si es posible, al acuerdo.<\/span><\/p>\n<p><span style=\"font-weight: 400;\">Sin embargo, a lo que veo en el ejercicio del poder de L\u00f3pez Obrador en estos ocho meses de su Cuarta Transformaci\u00f3n, es que sus acciones y discursos o arengas, lejos de fomentar la democracia con una oposici\u00f3n que genere el equilibrio de poderes, puede llevar a sus cr\u00edticos a generar otro papel en su actuaci\u00f3n: pasar de ser oposici\u00f3n a ser resistencia, y si a eso se llega, la democracia se ha perdido y en una de \u00e9sas, todo ese discurso de odio que se viene sembrando, puede tener frutos, y no jugosos como puede uno suponer\u2026<\/span><\/p>\n<p><span style=\"font-weight: 400;\">El consuelo de tontos que me queda, es saber que no hay un idiota en la calle disparando a diestra y siniestra contra la gente, aunque en hechos aislados, un tipo golpea a una comunicadora al discutir por sus perros y un sujeto pierde el ojo por pelear un espacio en el aparcamiento\u2026 el odio est\u00e1 latente de distintas formas, no se necesita ser racista para que explote de un modo u otro.<\/span><\/p>\n<p>&nbsp;<\/p>\n<p><span style=\"font-weight: 400;\">smcainito@gmail.com<\/span><\/p>\n<p>&nbsp;<\/p>\n","protected":false},"excerpt":{"rendered":"<p>Salvador Mu\u00f1oz Los Pol\u00edticos \u201c\u00a1Odio a los racistas y a los pinches negros!\u201d era el chiste de un amigo que englobaba de un solo golpe la discriminaci\u00f3n y la doble moral de la gente. Soy un hombre lleno de odios\u2026 creo que desde que conduzco carro mi odio aument\u00f3\u2026 odio a la gente que no [&hellip;]<\/p>\n","protected":false},"author":2,"featured_media":48982,"comment_status":"open","ping_status":"open","sticky":false,"template":"","format":"standard","meta":{"tdm_status":"","tdm_grid_status":"","footnotes":""},"categories":[70],"tags":[618,2846,5951,15026],"class_list":{"0":"post-48981","1":"post","2":"type-post","3":"status-publish","4":"format-standard","5":"has-post-thumbnail","7":"category-de-opinion","8":"tag-andres-manuel-lopez-obrador","9":"tag-donald-trump","10":"tag-odio","11":"tag-patrick-crusius"},"yoast_head":"<!-- This site is optimized with the Yoast SEO plugin v27.4 - https:\/\/yoast.com\/product\/yoast-seo-wordpress\/ -->\n<title>Los odios de Trump y AMLO - Los pol\u00edticos Veracruz<\/title>\n<meta name=\"robots\" content=\"index, follow, max-snippet:-1, max-image-preview:large, max-video-preview:-1\" \/>\n<link rel=\"canonical\" href=\"https:\/\/lospoliticosveracruz.com\/?p=48981\" \/>\n<meta property=\"og:locale\" content=\"es_ES\" \/>\n<meta property=\"og:type\" content=\"article\" \/>\n<meta property=\"og:title\" content=\"Los odios de Trump y AMLO - Los pol\u00edticos Veracruz\" \/>\n<meta property=\"og:description\" content=\"Salvador Mu\u00f1oz Los Pol\u00edticos \u201c\u00a1Odio a los racistas y a los pinches negros!\u201d era el chiste de un amigo que englobaba de un solo golpe la discriminaci\u00f3n y la doble moral de la gente. Soy un hombre lleno de odios\u2026 creo que desde que conduzco carro mi odio aument\u00f3\u2026 odio a la gente que no [&hellip;]\" \/>\n<meta property=\"og:url\" content=\"https:\/\/lospoliticosveracruz.com\/?p=48981\" \/>\n<meta property=\"og:site_name\" content=\"Los pol\u00edticos Veracruz\" \/>\n<meta property=\"article:publisher\" content=\"https:\/\/www.facebook.com\/people\/Notimemes-de-los-Polticos\/61565672886568\/\" \/>\n<meta property=\"article:published_time\" content=\"2019-08-06T03:55:52+00:00\" \/>\n<meta property=\"og:image\" content=\"https:\/\/lospoliticosveracruz.com\/wp-content\/uploads\/2019\/08\/90.png\" \/>\n\t<meta property=\"og:image:width\" content=\"600\" \/>\n\t<meta property=\"og:image:height\" content=\"341\" \/>\n\t<meta property=\"og:image:type\" content=\"image\/png\" \/>\n<meta name=\"author\" content=\"Lo viste en Los Pol\u00edticos\" \/>\n<meta name=\"twitter:card\" content=\"summary_large_image\" \/>\n<meta name=\"twitter:creator\" content=\"@LosPoliticosVer\" \/>\n<meta name=\"twitter:site\" content=\"@LosPoliticosVer\" \/>\n<meta name=\"twitter:label1\" content=\"Escrito por\" \/>\n\t<meta name=\"twitter:data1\" content=\"Lo viste en Los Pol\u00edticos\" \/>\n\t<meta name=\"twitter:label2\" content=\"Tiempo de lectura\" \/>\n\t<meta name=\"twitter:data2\" content=\"4 minutos\" \/>\n<script type=\"application\/ld+json\" class=\"yoast-schema-graph\">{\"@context\":\"https:\\\/\\\/schema.org\",\"@graph\":[{\"@type\":\"Article\",\"@id\":\"https:\\\/\\\/lospoliticosveracruz.com\\\/?p=48981#article\",\"isPartOf\":{\"@id\":\"https:\\\/\\\/lospoliticosveracruz.com\\\/?p=48981\"},\"author\":{\"name\":\"Lo viste en Los Pol\u00edticos\",\"@id\":\"https:\\\/\\\/lospoliticosveracruz.com\\\/#\\\/schema\\\/person\\\/b8702bb0e538456e6efd07080bf2a4a2\"},\"headline\":\"Los odios de Trump y AMLO\",\"datePublished\":\"2019-08-06T03:55:52+00:00\",\"mainEntityOfPage\":{\"@id\":\"https:\\\/\\\/lospoliticosveracruz.com\\\/?p=48981\"},\"wordCount\":841,\"commentCount\":0,\"publisher\":{\"@id\":\"https:\\\/\\\/lospoliticosveracruz.com\\\/#organization\"},\"image\":{\"@id\":\"https:\\\/\\\/lospoliticosveracruz.com\\\/?p=48981#primaryimage\"},\"thumbnailUrl\":\"https:\\\/\\\/lospoliticosveracruz.com\\\/wp-content\\\/uploads\\\/2019\\\/08\\\/90.png\",\"keywords\":[\"Andr\u00e9s Manuel L\u00f3pez Obrador\",\"Donald Trump\",\"Odio\",\"Patrick Crusius\"],\"articleSection\":[\"De Opini\u00f3n\"],\"inLanguage\":\"es\",\"potentialAction\":[{\"@type\":\"CommentAction\",\"name\":\"Comment\",\"target\":[\"https:\\\/\\\/lospoliticosveracruz.com\\\/?p=48981#respond\"]}]},{\"@type\":\"WebPage\",\"@id\":\"https:\\\/\\\/lospoliticosveracruz.com\\\/?p=48981\",\"url\":\"https:\\\/\\\/lospoliticosveracruz.com\\\/?p=48981\",\"name\":\"Los odios de Trump y AMLO - Los pol\u00edticos Veracruz\",\"isPartOf\":{\"@id\":\"https:\\\/\\\/lospoliticosveracruz.com\\\/#website\"},\"primaryImageOfPage\":{\"@id\":\"https:\\\/\\\/lospoliticosveracruz.com\\\/?p=48981#primaryimage\"},\"image\":{\"@id\":\"https:\\\/\\\/lospoliticosveracruz.com\\\/?p=48981#primaryimage\"},\"thumbnailUrl\":\"https:\\\/\\\/lospoliticosveracruz.com\\\/wp-content\\\/uploads\\\/2019\\\/08\\\/90.png\",\"datePublished\":\"2019-08-06T03:55:52+00:00\",\"breadcrumb\":{\"@id\":\"https:\\\/\\\/lospoliticosveracruz.com\\\/?p=48981#breadcrumb\"},\"inLanguage\":\"es\",\"potentialAction\":[{\"@type\":\"ReadAction\",\"target\":[\"https:\\\/\\\/lospoliticosveracruz.com\\\/?p=48981\"]}]},{\"@type\":\"ImageObject\",\"inLanguage\":\"es\",\"@id\":\"https:\\\/\\\/lospoliticosveracruz.com\\\/?p=48981#primaryimage\",\"url\":\"https:\\\/\\\/lospoliticosveracruz.com\\\/wp-content\\\/uploads\\\/2019\\\/08\\\/90.png\",\"contentUrl\":\"https:\\\/\\\/lospoliticosveracruz.com\\\/wp-content\\\/uploads\\\/2019\\\/08\\\/90.png\",\"width\":600,\"height\":341},{\"@type\":\"BreadcrumbList\",\"@id\":\"https:\\\/\\\/lospoliticosveracruz.com\\\/?p=48981#breadcrumb\",\"itemListElement\":[{\"@type\":\"ListItem\",\"position\":1,\"name\":\"Portada\",\"item\":\"https:\\\/\\\/lospoliticosveracruz.com\\\/\"},{\"@type\":\"ListItem\",\"position\":2,\"name\":\"Los odios de Trump y AMLO\"}]},{\"@type\":\"WebSite\",\"@id\":\"https:\\\/\\\/lospoliticosveracruz.com\\\/#website\",\"url\":\"https:\\\/\\\/lospoliticosveracruz.com\\\/\",\"name\":\"Los pol\u00edticos Veracruz\",\"description\":\"\",\"publisher\":{\"@id\":\"https:\\\/\\\/lospoliticosveracruz.com\\\/#organization\"},\"potentialAction\":[{\"@type\":\"SearchAction\",\"target\":{\"@type\":\"EntryPoint\",\"urlTemplate\":\"https:\\\/\\\/lospoliticosveracruz.com\\\/?s={search_term_string}\"},\"query-input\":{\"@type\":\"PropertyValueSpecification\",\"valueRequired\":true,\"valueName\":\"search_term_string\"}}],\"inLanguage\":\"es\"},{\"@type\":\"Organization\",\"@id\":\"https:\\\/\\\/lospoliticosveracruz.com\\\/#organization\",\"name\":\"Los pol\u00edticos Veracruz\",\"url\":\"https:\\\/\\\/lospoliticosveracruz.com\\\/\",\"logo\":{\"@type\":\"ImageObject\",\"inLanguage\":\"es\",\"@id\":\"https:\\\/\\\/lospoliticosveracruz.com\\\/#\\\/schema\\\/logo\\\/image\\\/\",\"url\":\"https:\\\/\\\/lospoliticosveracruz.com\\\/wp-content\\\/uploads\\\/2025\\\/12\\\/Logo-Nuevo-LOS-POLITICOS-1.jpg\",\"contentUrl\":\"https:\\\/\\\/lospoliticosveracruz.com\\\/wp-content\\\/uploads\\\/2025\\\/12\\\/Logo-Nuevo-LOS-POLITICOS-1.jpg\",\"width\":260,\"height\":70,\"caption\":\"Los pol\u00edticos Veracruz\"},\"image\":{\"@id\":\"https:\\\/\\\/lospoliticosveracruz.com\\\/#\\\/schema\\\/logo\\\/image\\\/\"},\"sameAs\":[\"https:\\\/\\\/www.facebook.com\\\/people\\\/Notimemes-de-los-Polticos\\\/61565672886568\\\/\",\"https:\\\/\\\/x.com\\\/LosPoliticosVer\"]},{\"@type\":\"Person\",\"@id\":\"https:\\\/\\\/lospoliticosveracruz.com\\\/#\\\/schema\\\/person\\\/b8702bb0e538456e6efd07080bf2a4a2\",\"name\":\"Lo viste en Los Pol\u00edticos\",\"image\":{\"@type\":\"ImageObject\",\"inLanguage\":\"es\",\"@id\":\"https:\\\/\\\/secure.gravatar.com\\\/avatar\\\/3a8de04a2656d44082be478bd6c086daa447c4651605818287b9532d3d0bd435?s=96&d=mm&r=g\",\"url\":\"https:\\\/\\\/secure.gravatar.com\\\/avatar\\\/3a8de04a2656d44082be478bd6c086daa447c4651605818287b9532d3d0bd435?s=96&d=mm&r=g\",\"contentUrl\":\"https:\\\/\\\/secure.gravatar.com\\\/avatar\\\/3a8de04a2656d44082be478bd6c086daa447c4651605818287b9532d3d0bd435?s=96&d=mm&r=g\",\"caption\":\"Lo viste en Los Pol\u00edticos\"},\"url\":\"https:\\\/\\\/lospoliticosveracruz.com\\\/?author=2\"}]}<\/script>\n<!-- \/ Yoast SEO plugin. -->","yoast_head_json":{"title":"Los odios de Trump y AMLO - Los pol\u00edticos Veracruz","robots":{"index":"index","follow":"follow","max-snippet":"max-snippet:-1","max-image-preview":"max-image-preview:large","max-video-preview":"max-video-preview:-1"},"canonical":"https:\/\/lospoliticosveracruz.com\/?p=48981","og_locale":"es_ES","og_type":"article","og_title":"Los odios de Trump y AMLO - Los pol\u00edticos Veracruz","og_description":"Salvador Mu\u00f1oz Los Pol\u00edticos \u201c\u00a1Odio a los racistas y a los pinches negros!\u201d era el chiste de un amigo que englobaba de un solo golpe la discriminaci\u00f3n y la doble moral de la gente. Soy un hombre lleno de odios\u2026 creo que desde que conduzco carro mi odio aument\u00f3\u2026 odio a la gente que no [&hellip;]","og_url":"https:\/\/lospoliticosveracruz.com\/?p=48981","og_site_name":"Los pol\u00edticos Veracruz","article_publisher":"https:\/\/www.facebook.com\/people\/Notimemes-de-los-Polticos\/61565672886568\/","article_published_time":"2019-08-06T03:55:52+00:00","og_image":[{"width":600,"height":341,"url":"https:\/\/lospoliticosveracruz.com\/wp-content\/uploads\/2019\/08\/90.png","type":"image\/png"}],"author":"Lo viste en Los Pol\u00edticos","twitter_card":"summary_large_image","twitter_creator":"@LosPoliticosVer","twitter_site":"@LosPoliticosVer","twitter_misc":{"Escrito por":"Lo viste en Los Pol\u00edticos","Tiempo de lectura":"4 minutos"},"schema":{"@context":"https:\/\/schema.org","@graph":[{"@type":"Article","@id":"https:\/\/lospoliticosveracruz.com\/?p=48981#article","isPartOf":{"@id":"https:\/\/lospoliticosveracruz.com\/?p=48981"},"author":{"name":"Lo viste en Los Pol\u00edticos","@id":"https:\/\/lospoliticosveracruz.com\/#\/schema\/person\/b8702bb0e538456e6efd07080bf2a4a2"},"headline":"Los odios de Trump y AMLO","datePublished":"2019-08-06T03:55:52+00:00","mainEntityOfPage":{"@id":"https:\/\/lospoliticosveracruz.com\/?p=48981"},"wordCount":841,"commentCount":0,"publisher":{"@id":"https:\/\/lospoliticosveracruz.com\/#organization"},"image":{"@id":"https:\/\/lospoliticosveracruz.com\/?p=48981#primaryimage"},"thumbnailUrl":"https:\/\/lospoliticosveracruz.com\/wp-content\/uploads\/2019\/08\/90.png","keywords":["Andr\u00e9s Manuel L\u00f3pez Obrador","Donald Trump","Odio","Patrick Crusius"],"articleSection":["De Opini\u00f3n"],"inLanguage":"es","potentialAction":[{"@type":"CommentAction","name":"Comment","target":["https:\/\/lospoliticosveracruz.com\/?p=48981#respond"]}]},{"@type":"WebPage","@id":"https:\/\/lospoliticosveracruz.com\/?p=48981","url":"https:\/\/lospoliticosveracruz.com\/?p=48981","name":"Los odios de Trump y AMLO - Los pol\u00edticos Veracruz","isPartOf":{"@id":"https:\/\/lospoliticosveracruz.com\/#website"},"primaryImageOfPage":{"@id":"https:\/\/lospoliticosveracruz.com\/?p=48981#primaryimage"},"image":{"@id":"https:\/\/lospoliticosveracruz.com\/?p=48981#primaryimage"},"thumbnailUrl":"https:\/\/lospoliticosveracruz.com\/wp-content\/uploads\/2019\/08\/90.png","datePublished":"2019-08-06T03:55:52+00:00","breadcrumb":{"@id":"https:\/\/lospoliticosveracruz.com\/?p=48981#breadcrumb"},"inLanguage":"es","potentialAction":[{"@type":"ReadAction","target":["https:\/\/lospoliticosveracruz.com\/?p=48981"]}]},{"@type":"ImageObject","inLanguage":"es","@id":"https:\/\/lospoliticosveracruz.com\/?p=48981#primaryimage","url":"https:\/\/lospoliticosveracruz.com\/wp-content\/uploads\/2019\/08\/90.png","contentUrl":"https:\/\/lospoliticosveracruz.com\/wp-content\/uploads\/2019\/08\/90.png","width":600,"height":341},{"@type":"BreadcrumbList","@id":"https:\/\/lospoliticosveracruz.com\/?p=48981#breadcrumb","itemListElement":[{"@type":"ListItem","position":1,"name":"Portada","item":"https:\/\/lospoliticosveracruz.com\/"},{"@type":"ListItem","position":2,"name":"Los odios de Trump y AMLO"}]},{"@type":"WebSite","@id":"https:\/\/lospoliticosveracruz.com\/#website","url":"https:\/\/lospoliticosveracruz.com\/","name":"Los pol\u00edticos Veracruz","description":"","publisher":{"@id":"https:\/\/lospoliticosveracruz.com\/#organization"},"potentialAction":[{"@type":"SearchAction","target":{"@type":"EntryPoint","urlTemplate":"https:\/\/lospoliticosveracruz.com\/?s={search_term_string}"},"query-input":{"@type":"PropertyValueSpecification","valueRequired":true,"valueName":"search_term_string"}}],"inLanguage":"es"},{"@type":"Organization","@id":"https:\/\/lospoliticosveracruz.com\/#organization","name":"Los pol\u00edticos Veracruz","url":"https:\/\/lospoliticosveracruz.com\/","logo":{"@type":"ImageObject","inLanguage":"es","@id":"https:\/\/lospoliticosveracruz.com\/#\/schema\/logo\/image\/","url":"https:\/\/lospoliticosveracruz.com\/wp-content\/uploads\/2025\/12\/Logo-Nuevo-LOS-POLITICOS-1.jpg","contentUrl":"https:\/\/lospoliticosveracruz.com\/wp-content\/uploads\/2025\/12\/Logo-Nuevo-LOS-POLITICOS-1.jpg","width":260,"height":70,"caption":"Los pol\u00edticos Veracruz"},"image":{"@id":"https:\/\/lospoliticosveracruz.com\/#\/schema\/logo\/image\/"},"sameAs":["https:\/\/www.facebook.com\/people\/Notimemes-de-los-Polticos\/61565672886568\/","https:\/\/x.com\/LosPoliticosVer"]},{"@type":"Person","@id":"https:\/\/lospoliticosveracruz.com\/#\/schema\/person\/b8702bb0e538456e6efd07080bf2a4a2","name":"Lo viste en Los Pol\u00edticos","image":{"@type":"ImageObject","inLanguage":"es","@id":"https:\/\/secure.gravatar.com\/avatar\/3a8de04a2656d44082be478bd6c086daa447c4651605818287b9532d3d0bd435?s=96&d=mm&r=g","url":"https:\/\/secure.gravatar.com\/avatar\/3a8de04a2656d44082be478bd6c086daa447c4651605818287b9532d3d0bd435?s=96&d=mm&r=g","contentUrl":"https:\/\/secure.gravatar.com\/avatar\/3a8de04a2656d44082be478bd6c086daa447c4651605818287b9532d3d0bd435?s=96&d=mm&r=g","caption":"Lo viste en Los Pol\u00edticos"},"url":"https:\/\/lospoliticosveracruz.com\/?author=2"}]}},"_links":{"self":[{"href":"https:\/\/lospoliticosveracruz.com\/index.php?rest_route=\/wp\/v2\/posts\/48981","targetHints":{"allow":["GET"]}}],"collection":[{"href":"https:\/\/lospoliticosveracruz.com\/index.php?rest_route=\/wp\/v2\/posts"}],"about":[{"href":"https:\/\/lospoliticosveracruz.com\/index.php?rest_route=\/wp\/v2\/types\/post"}],"author":[{"embeddable":true,"href":"https:\/\/lospoliticosveracruz.com\/index.php?rest_route=\/wp\/v2\/users\/2"}],"replies":[{"embeddable":true,"href":"https:\/\/lospoliticosveracruz.com\/index.php?rest_route=%2Fwp%2Fv2%2Fcomments&post=48981"}],"version-history":[{"count":1,"href":"https:\/\/lospoliticosveracruz.com\/index.php?rest_route=\/wp\/v2\/posts\/48981\/revisions"}],"predecessor-version":[{"id":48983,"href":"https:\/\/lospoliticosveracruz.com\/index.php?rest_route=\/wp\/v2\/posts\/48981\/revisions\/48983"}],"wp:featuredmedia":[{"embeddable":true,"href":"https:\/\/lospoliticosveracruz.com\/index.php?rest_route=\/wp\/v2\/media\/48982"}],"wp:attachment":[{"href":"https:\/\/lospoliticosveracruz.com\/index.php?rest_route=%2Fwp%2Fv2%2Fmedia&parent=48981"}],"wp:term":[{"taxonomy":"category","embeddable":true,"href":"https:\/\/lospoliticosveracruz.com\/index.php?rest_route=%2Fwp%2Fv2%2Fcategories&post=48981"},{"taxonomy":"post_tag","embeddable":true,"href":"https:\/\/lospoliticosveracruz.com\/index.php?rest_route=%2Fwp%2Fv2%2Ftags&post=48981"}],"curies":[{"name":"wp","href":"https:\/\/api.w.org\/{rel}","templated":true}]}}