{"id":49060,"date":"2019-08-12T22:55:41","date_gmt":"2019-08-13T03:55:41","guid":{"rendered":"http:\/\/www.lospoliticosveracruz.com.mx\/?p=49060"},"modified":"2019-08-12T21:00:56","modified_gmt":"2019-08-13T02:00:56","slug":"pan-partido","status":"publish","type":"post","link":"https:\/\/lospoliticosveracruz.com\/?p=49060","title":{"rendered":"PAN, partido"},"content":{"rendered":"<p><strong>Salvador Mu\u00f1oz<\/strong><\/p>\n<p><em>Los Pol\u00edticos<\/em><\/p>\n<p><span style=\"font-weight: 400;\">Con la repetici\u00f3n de la elecci\u00f3n por la dirigencia estatal del PAN, se expone a un partido pol\u00edtico m\u00e1s \u201cpartido\u201d que nunca, y en apariencia, con dos bandos: los que \u201cest\u00e1n del lado del Gobierno\u201d y los que que \u201cest\u00e1n del lado de los Yunes\u201d. Ambos candidatos han sido encasillados as\u00ed por los mismos panistas.<\/span><\/p>\n<p><span style=\"font-weight: 400;\">La exclusi\u00f3n de Enrique Cambranis y Nora Lagunes J\u00e1uregui de la bancada panista puede ser vista desde muchos \u00e1ngulos pero no se puede perder de vista que uno de \u00e9stos es el apoyo que estos dos diputados brindan a Joaqu\u00edn Guzm\u00e1n Avil\u00e9s.<\/span><\/p>\n<p><span style=\"font-weight: 400;\">A partir de all\u00ed se hizo evidente esa fisura entre diputados que se abrir\u00eda m\u00e1s cuando aparece Bingen Rementer\u00eda Molina al lado del Chapito. Se pueden hacer muchas lecturas de dicha imagen, m\u00e1s cuando es inherente atraer a estos textos al senador Julen Rementer\u00eda.<\/span><\/p>\n<p><span style=\"font-weight: 400;\">\u00bfPor qu\u00e9 es relevante Julen?<\/span><\/p>\n<p><span style=\"font-weight: 400;\">El Senador Longaniza est\u00e1 ubicado no s\u00f3lo a nivel aldea, sino que jala reflectores nacionales\u2026 Morena incluso ha reconocido en su momento las tablas del veracruzano y hasta ahora, es referente para medios del Altiplano si de Veracruz se trata. En este momento, si tuvi\u00e9ramos a la vuelta de la esquina la elecci\u00f3n de candidato a la Gubernatura por parte del PAN, el panista mejor posicionado, con tablas y talante para serlo, ser\u00eda Julen Rementer\u00eda. Luego entonces, cuando su hijo aparece al lado del Chapito, hubo quienes vieron en esa foto, el compromiso de Guzm\u00e1n Avil\u00e9s con Julen Rementer\u00eda rumbo al 2024&#8230;\u00a0<\/span><\/p>\n<p><span style=\"font-weight: 400;\">Por supuesto, estar\u00eda en an\u00e1lisis y prospectiva la carrera pol\u00edtica de Bingen para evitar caer en el mismo \u201cerror\u201d de Miguel \u00c1ngel Yunes con el junior\u2026 es decir, si hubo Yunismo, evitar el \u201cJulenismo\u201d. Todo esto, s\u00f3lo con la foto de Bingen.<\/span><\/p>\n<p><span style=\"font-weight: 400;\">Luego apareci\u00f3 Rodrigo Garc\u00eda Escalante con el Chapito y pues guste o no, los Garc\u00eda mantienen de cierto modo hegemon\u00eda en ese distrito hasta que las futuras elecciones digan lo contrario.<\/span><\/p>\n<p><span style=\"font-weight: 400;\">Y en rueda de prensa de Guzm\u00e1n Avil\u00e9s, a su lado aparece Omar Miranda Romero, quien fuera tesorero de Pepe Mancha\u2026<\/span><\/p>\n<p><span style=\"font-weight: 400;\">El trabajo de unidad que est\u00e1 haciendo Guzm\u00e1n Avil\u00e9s con estos personajes debe obligar a un panista en especial a replantear su estrategia con miras a la candidatura por la presidencia municipal de Xalapa: Sergio Hern\u00e1ndez.<\/span><\/p>\n<p><span style=\"font-weight: 400;\">Es curioso: en la pasada Legislatura se reconoc\u00eda el trabajo pol\u00edtico de Hern\u00e1ndez al jalar a diputados de la bancada de Morena a la bancada del PAN\u2026 en esta Legislatura, \u00e9l se queja de que al menos dos azules que est\u00e1n con Guzm\u00e1n Avil\u00e9s, est\u00e1n apoyando a Morena\u2026 y otros tres estar\u00edan apoyando a Chapito, no a su candidato a la dirigencia\u2026<\/span><\/p>\n<p><span style=\"font-weight: 400;\">Por cierto, no est\u00e1 de m\u00e1s recordar que cuando Enrique Cambranis fue jefe de bancada, \u00e9l fue quien propuso como presidente de la Mesa Directiva a Atanacio Garc\u00eda Dur\u00e1n ante la sorpresa de los pri\u00edstas, de los panistas \u00a1y hasta de los mismos perredistas! Estrategia pol\u00edtica que le vali\u00f3, cuando se tratara de hacer lo correcto (as\u00ed lo dec\u00edan Quique y Tacho), contar con el apoyo del PRD a la hora de votar\u2026 un acuerdo t\u00e1cito, pol\u00edtico, que en su momento, hizo rabiar en m\u00e1s de una ocasi\u00f3n, si no mal se recuerda, al profe Juan Nicol\u00e1s Callejas Arroyo.<\/span><\/p>\n<p><span style=\"font-weight: 400;\">Al final, pareciera que en esta etapa democr\u00e1tica que vive el PAN, con sus dimes y diretes, con sus puntapi\u00e9s y zancadillas, con sus golpes bajos e indirectas bien directas, el beneficiado es Morena, y a su vez, el Gobierno estatal y si me apura, en el caso de Xalapa, hasta el Ayuntamiento, porque el mejor opositor que tiene el sistema en el Poder, el PAN, aparentemente est\u00e1 partido, cl\u00e1sico, por los mismos panistas\u2026<\/span><\/p>\n<p>&nbsp;<\/p>\n<p><span style=\"font-weight: 400;\">smcainito@gmail.com<\/span><\/p>\n<p>&nbsp;<\/p>\n","protected":false},"excerpt":{"rendered":"<p>Salvador Mu\u00f1oz Los Pol\u00edticos Con la repetici\u00f3n de la elecci\u00f3n por la dirigencia estatal del PAN, se expone a un partido pol\u00edtico m\u00e1s \u201cpartido\u201d que nunca, y en apariencia, con dos bandos: los que \u201cest\u00e1n del lado del Gobierno\u201d y los que que \u201cest\u00e1n del lado de los Yunes\u201d. Ambos candidatos han sido encasillados as\u00ed [&hellip;]<\/p>\n","protected":false},"author":2,"featured_media":49061,"comment_status":"open","ping_status":"open","sticky":false,"template":"","format":"standard","meta":{"tdm_status":"","tdm_grid_status":"","footnotes":""},"categories":[70],"tags":[15051,3288,1130,15052,1951,266,935,1065,3722],"class_list":{"0":"post-49060","1":"post","2":"type-post","3":"status-publish","4":"format-standard","5":"has-post-thumbnail","7":"category-de-opinion","8":"tag-chapito","9":"tag-joaquin-guzman-aviles","10":"tag-julen-rementeria","11":"tag-nora-lagunes","12":"tag-omar-miranda-romero","13":"tag-pan","14":"tag-panuco","15":"tag-pepe-mancha","16":"tag-rodrigo-garcia-escalante"},"yoast_head":"<!-- This site is optimized with the Yoast SEO plugin v27.4 - https:\/\/yoast.com\/product\/yoast-seo-wordpress\/ -->\n<title>PAN, partido - Los pol\u00edticos Veracruz<\/title>\n<meta name=\"robots\" content=\"index, follow, max-snippet:-1, max-image-preview:large, max-video-preview:-1\" \/>\n<link rel=\"canonical\" href=\"https:\/\/lospoliticosveracruz.com\/?p=49060\" \/>\n<meta property=\"og:locale\" content=\"es_ES\" \/>\n<meta property=\"og:type\" content=\"article\" \/>\n<meta property=\"og:title\" content=\"PAN, partido - Los pol\u00edticos Veracruz\" \/>\n<meta property=\"og:description\" content=\"Salvador Mu\u00f1oz Los Pol\u00edticos Con la repetici\u00f3n de la elecci\u00f3n por la dirigencia estatal del PAN, se expone a un partido pol\u00edtico m\u00e1s \u201cpartido\u201d que nunca, y en apariencia, con dos bandos: los que \u201cest\u00e1n del lado del Gobierno\u201d y los que que \u201cest\u00e1n del lado de los Yunes\u201d. Ambos candidatos han sido encasillados as\u00ed [&hellip;]\" \/>\n<meta property=\"og:url\" content=\"https:\/\/lospoliticosveracruz.com\/?p=49060\" \/>\n<meta property=\"og:site_name\" content=\"Los pol\u00edticos Veracruz\" \/>\n<meta property=\"article:publisher\" content=\"https:\/\/www.facebook.com\/people\/Notimemes-de-los-Polticos\/61565672886568\/\" \/>\n<meta property=\"article:published_time\" content=\"2019-08-13T03:55:41+00:00\" \/>\n<meta property=\"og:image\" content=\"https:\/\/lospoliticosveracruz.com\/wp-content\/uploads\/2019\/08\/PAN-partido.jpg\" \/>\n\t<meta property=\"og:image:width\" content=\"600\" \/>\n\t<meta property=\"og:image:height\" content=\"384\" \/>\n\t<meta property=\"og:image:type\" content=\"image\/jpeg\" \/>\n<meta name=\"author\" content=\"Lo viste en Los Pol\u00edticos\" \/>\n<meta name=\"twitter:card\" content=\"summary_large_image\" \/>\n<meta name=\"twitter:creator\" content=\"@LosPoliticosVer\" \/>\n<meta name=\"twitter:site\" content=\"@LosPoliticosVer\" \/>\n<meta name=\"twitter:label1\" content=\"Escrito por\" \/>\n\t<meta name=\"twitter:data1\" content=\"Lo viste en Los Pol\u00edticos\" \/>\n\t<meta name=\"twitter:label2\" content=\"Tiempo de lectura\" \/>\n\t<meta name=\"twitter:data2\" content=\"3 minutos\" \/>\n<script type=\"application\/ld+json\" class=\"yoast-schema-graph\">{\"@context\":\"https:\\\/\\\/schema.org\",\"@graph\":[{\"@type\":\"Article\",\"@id\":\"https:\\\/\\\/lospoliticosveracruz.com\\\/?p=49060#article\",\"isPartOf\":{\"@id\":\"https:\\\/\\\/lospoliticosveracruz.com\\\/?p=49060\"},\"author\":{\"name\":\"Lo viste en Los Pol\u00edticos\",\"@id\":\"https:\\\/\\\/lospoliticosveracruz.com\\\/#\\\/schema\\\/person\\\/b8702bb0e538456e6efd07080bf2a4a2\"},\"headline\":\"PAN, partido\",\"datePublished\":\"2019-08-13T03:55:41+00:00\",\"mainEntityOfPage\":{\"@id\":\"https:\\\/\\\/lospoliticosveracruz.com\\\/?p=49060\"},\"wordCount\":683,\"commentCount\":0,\"publisher\":{\"@id\":\"https:\\\/\\\/lospoliticosveracruz.com\\\/#organization\"},\"image\":{\"@id\":\"https:\\\/\\\/lospoliticosveracruz.com\\\/?p=49060#primaryimage\"},\"thumbnailUrl\":\"https:\\\/\\\/lospoliticosveracruz.com\\\/wp-content\\\/uploads\\\/2019\\\/08\\\/PAN-partido.jpg\",\"keywords\":[\"Chapito\",\"Joaqu\u00edn Guzm\u00e1n Avil\u00e9s\",\"Julen Rementer\u00eda\",\"Nora Lagunes\",\"Omar Miranda Romero\",\"PAN\",\"P\u00e1nuco\",\"Pepe Mancha\",\"Rodrigo Garc\u00eda Escalante\"],\"articleSection\":[\"De Opini\u00f3n\"],\"inLanguage\":\"es\",\"potentialAction\":[{\"@type\":\"CommentAction\",\"name\":\"Comment\",\"target\":[\"https:\\\/\\\/lospoliticosveracruz.com\\\/?p=49060#respond\"]}]},{\"@type\":\"WebPage\",\"@id\":\"https:\\\/\\\/lospoliticosveracruz.com\\\/?p=49060\",\"url\":\"https:\\\/\\\/lospoliticosveracruz.com\\\/?p=49060\",\"name\":\"PAN, partido - Los pol\u00edticos Veracruz\",\"isPartOf\":{\"@id\":\"https:\\\/\\\/lospoliticosveracruz.com\\\/#website\"},\"primaryImageOfPage\":{\"@id\":\"https:\\\/\\\/lospoliticosveracruz.com\\\/?p=49060#primaryimage\"},\"image\":{\"@id\":\"https:\\\/\\\/lospoliticosveracruz.com\\\/?p=49060#primaryimage\"},\"thumbnailUrl\":\"https:\\\/\\\/lospoliticosveracruz.com\\\/wp-content\\\/uploads\\\/2019\\\/08\\\/PAN-partido.jpg\",\"datePublished\":\"2019-08-13T03:55:41+00:00\",\"breadcrumb\":{\"@id\":\"https:\\\/\\\/lospoliticosveracruz.com\\\/?p=49060#breadcrumb\"},\"inLanguage\":\"es\",\"potentialAction\":[{\"@type\":\"ReadAction\",\"target\":[\"https:\\\/\\\/lospoliticosveracruz.com\\\/?p=49060\"]}]},{\"@type\":\"ImageObject\",\"inLanguage\":\"es\",\"@id\":\"https:\\\/\\\/lospoliticosveracruz.com\\\/?p=49060#primaryimage\",\"url\":\"https:\\\/\\\/lospoliticosveracruz.com\\\/wp-content\\\/uploads\\\/2019\\\/08\\\/PAN-partido.jpg\",\"contentUrl\":\"https:\\\/\\\/lospoliticosveracruz.com\\\/wp-content\\\/uploads\\\/2019\\\/08\\\/PAN-partido.jpg\",\"width\":600,\"height\":384},{\"@type\":\"BreadcrumbList\",\"@id\":\"https:\\\/\\\/lospoliticosveracruz.com\\\/?p=49060#breadcrumb\",\"itemListElement\":[{\"@type\":\"ListItem\",\"position\":1,\"name\":\"Portada\",\"item\":\"https:\\\/\\\/lospoliticosveracruz.com\\\/\"},{\"@type\":\"ListItem\",\"position\":2,\"name\":\"PAN, partido\"}]},{\"@type\":\"WebSite\",\"@id\":\"https:\\\/\\\/lospoliticosveracruz.com\\\/#website\",\"url\":\"https:\\\/\\\/lospoliticosveracruz.com\\\/\",\"name\":\"Los pol\u00edticos Veracruz\",\"description\":\"\",\"publisher\":{\"@id\":\"https:\\\/\\\/lospoliticosveracruz.com\\\/#organization\"},\"potentialAction\":[{\"@type\":\"SearchAction\",\"target\":{\"@type\":\"EntryPoint\",\"urlTemplate\":\"https:\\\/\\\/lospoliticosveracruz.com\\\/?s={search_term_string}\"},\"query-input\":{\"@type\":\"PropertyValueSpecification\",\"valueRequired\":true,\"valueName\":\"search_term_string\"}}],\"inLanguage\":\"es\"},{\"@type\":\"Organization\",\"@id\":\"https:\\\/\\\/lospoliticosveracruz.com\\\/#organization\",\"name\":\"Los pol\u00edticos Veracruz\",\"url\":\"https:\\\/\\\/lospoliticosveracruz.com\\\/\",\"logo\":{\"@type\":\"ImageObject\",\"inLanguage\":\"es\",\"@id\":\"https:\\\/\\\/lospoliticosveracruz.com\\\/#\\\/schema\\\/logo\\\/image\\\/\",\"url\":\"https:\\\/\\\/lospoliticosveracruz.com\\\/wp-content\\\/uploads\\\/2025\\\/12\\\/Logo-Nuevo-LOS-POLITICOS-1.jpg\",\"contentUrl\":\"https:\\\/\\\/lospoliticosveracruz.com\\\/wp-content\\\/uploads\\\/2025\\\/12\\\/Logo-Nuevo-LOS-POLITICOS-1.jpg\",\"width\":260,\"height\":70,\"caption\":\"Los pol\u00edticos Veracruz\"},\"image\":{\"@id\":\"https:\\\/\\\/lospoliticosveracruz.com\\\/#\\\/schema\\\/logo\\\/image\\\/\"},\"sameAs\":[\"https:\\\/\\\/www.facebook.com\\\/people\\\/Notimemes-de-los-Polticos\\\/61565672886568\\\/\",\"https:\\\/\\\/x.com\\\/LosPoliticosVer\"]},{\"@type\":\"Person\",\"@id\":\"https:\\\/\\\/lospoliticosveracruz.com\\\/#\\\/schema\\\/person\\\/b8702bb0e538456e6efd07080bf2a4a2\",\"name\":\"Lo viste en Los Pol\u00edticos\",\"image\":{\"@type\":\"ImageObject\",\"inLanguage\":\"es\",\"@id\":\"https:\\\/\\\/secure.gravatar.com\\\/avatar\\\/3a8de04a2656d44082be478bd6c086daa447c4651605818287b9532d3d0bd435?s=96&d=mm&r=g\",\"url\":\"https:\\\/\\\/secure.gravatar.com\\\/avatar\\\/3a8de04a2656d44082be478bd6c086daa447c4651605818287b9532d3d0bd435?s=96&d=mm&r=g\",\"contentUrl\":\"https:\\\/\\\/secure.gravatar.com\\\/avatar\\\/3a8de04a2656d44082be478bd6c086daa447c4651605818287b9532d3d0bd435?s=96&d=mm&r=g\",\"caption\":\"Lo viste en Los Pol\u00edticos\"},\"url\":\"https:\\\/\\\/lospoliticosveracruz.com\\\/?author=2\"}]}<\/script>\n<!-- \/ Yoast SEO plugin. -->","yoast_head_json":{"title":"PAN, partido - Los pol\u00edticos Veracruz","robots":{"index":"index","follow":"follow","max-snippet":"max-snippet:-1","max-image-preview":"max-image-preview:large","max-video-preview":"max-video-preview:-1"},"canonical":"https:\/\/lospoliticosveracruz.com\/?p=49060","og_locale":"es_ES","og_type":"article","og_title":"PAN, partido - Los pol\u00edticos Veracruz","og_description":"Salvador Mu\u00f1oz Los Pol\u00edticos Con la repetici\u00f3n de la elecci\u00f3n por la dirigencia estatal del PAN, se expone a un partido pol\u00edtico m\u00e1s \u201cpartido\u201d que nunca, y en apariencia, con dos bandos: los que \u201cest\u00e1n del lado del Gobierno\u201d y los que que \u201cest\u00e1n del lado de los Yunes\u201d. Ambos candidatos han sido encasillados as\u00ed [&hellip;]","og_url":"https:\/\/lospoliticosveracruz.com\/?p=49060","og_site_name":"Los pol\u00edticos Veracruz","article_publisher":"https:\/\/www.facebook.com\/people\/Notimemes-de-los-Polticos\/61565672886568\/","article_published_time":"2019-08-13T03:55:41+00:00","og_image":[{"width":600,"height":384,"url":"https:\/\/lospoliticosveracruz.com\/wp-content\/uploads\/2019\/08\/PAN-partido.jpg","type":"image\/jpeg"}],"author":"Lo viste en Los Pol\u00edticos","twitter_card":"summary_large_image","twitter_creator":"@LosPoliticosVer","twitter_site":"@LosPoliticosVer","twitter_misc":{"Escrito por":"Lo viste en Los Pol\u00edticos","Tiempo de lectura":"3 minutos"},"schema":{"@context":"https:\/\/schema.org","@graph":[{"@type":"Article","@id":"https:\/\/lospoliticosveracruz.com\/?p=49060#article","isPartOf":{"@id":"https:\/\/lospoliticosveracruz.com\/?p=49060"},"author":{"name":"Lo viste en Los Pol\u00edticos","@id":"https:\/\/lospoliticosveracruz.com\/#\/schema\/person\/b8702bb0e538456e6efd07080bf2a4a2"},"headline":"PAN, partido","datePublished":"2019-08-13T03:55:41+00:00","mainEntityOfPage":{"@id":"https:\/\/lospoliticosveracruz.com\/?p=49060"},"wordCount":683,"commentCount":0,"publisher":{"@id":"https:\/\/lospoliticosveracruz.com\/#organization"},"image":{"@id":"https:\/\/lospoliticosveracruz.com\/?p=49060#primaryimage"},"thumbnailUrl":"https:\/\/lospoliticosveracruz.com\/wp-content\/uploads\/2019\/08\/PAN-partido.jpg","keywords":["Chapito","Joaqu\u00edn Guzm\u00e1n Avil\u00e9s","Julen Rementer\u00eda","Nora Lagunes","Omar Miranda Romero","PAN","P\u00e1nuco","Pepe Mancha","Rodrigo Garc\u00eda Escalante"],"articleSection":["De Opini\u00f3n"],"inLanguage":"es","potentialAction":[{"@type":"CommentAction","name":"Comment","target":["https:\/\/lospoliticosveracruz.com\/?p=49060#respond"]}]},{"@type":"WebPage","@id":"https:\/\/lospoliticosveracruz.com\/?p=49060","url":"https:\/\/lospoliticosveracruz.com\/?p=49060","name":"PAN, partido - Los pol\u00edticos Veracruz","isPartOf":{"@id":"https:\/\/lospoliticosveracruz.com\/#website"},"primaryImageOfPage":{"@id":"https:\/\/lospoliticosveracruz.com\/?p=49060#primaryimage"},"image":{"@id":"https:\/\/lospoliticosveracruz.com\/?p=49060#primaryimage"},"thumbnailUrl":"https:\/\/lospoliticosveracruz.com\/wp-content\/uploads\/2019\/08\/PAN-partido.jpg","datePublished":"2019-08-13T03:55:41+00:00","breadcrumb":{"@id":"https:\/\/lospoliticosveracruz.com\/?p=49060#breadcrumb"},"inLanguage":"es","potentialAction":[{"@type":"ReadAction","target":["https:\/\/lospoliticosveracruz.com\/?p=49060"]}]},{"@type":"ImageObject","inLanguage":"es","@id":"https:\/\/lospoliticosveracruz.com\/?p=49060#primaryimage","url":"https:\/\/lospoliticosveracruz.com\/wp-content\/uploads\/2019\/08\/PAN-partido.jpg","contentUrl":"https:\/\/lospoliticosveracruz.com\/wp-content\/uploads\/2019\/08\/PAN-partido.jpg","width":600,"height":384},{"@type":"BreadcrumbList","@id":"https:\/\/lospoliticosveracruz.com\/?p=49060#breadcrumb","itemListElement":[{"@type":"ListItem","position":1,"name":"Portada","item":"https:\/\/lospoliticosveracruz.com\/"},{"@type":"ListItem","position":2,"name":"PAN, partido"}]},{"@type":"WebSite","@id":"https:\/\/lospoliticosveracruz.com\/#website","url":"https:\/\/lospoliticosveracruz.com\/","name":"Los pol\u00edticos Veracruz","description":"","publisher":{"@id":"https:\/\/lospoliticosveracruz.com\/#organization"},"potentialAction":[{"@type":"SearchAction","target":{"@type":"EntryPoint","urlTemplate":"https:\/\/lospoliticosveracruz.com\/?s={search_term_string}"},"query-input":{"@type":"PropertyValueSpecification","valueRequired":true,"valueName":"search_term_string"}}],"inLanguage":"es"},{"@type":"Organization","@id":"https:\/\/lospoliticosveracruz.com\/#organization","name":"Los pol\u00edticos Veracruz","url":"https:\/\/lospoliticosveracruz.com\/","logo":{"@type":"ImageObject","inLanguage":"es","@id":"https:\/\/lospoliticosveracruz.com\/#\/schema\/logo\/image\/","url":"https:\/\/lospoliticosveracruz.com\/wp-content\/uploads\/2025\/12\/Logo-Nuevo-LOS-POLITICOS-1.jpg","contentUrl":"https:\/\/lospoliticosveracruz.com\/wp-content\/uploads\/2025\/12\/Logo-Nuevo-LOS-POLITICOS-1.jpg","width":260,"height":70,"caption":"Los pol\u00edticos Veracruz"},"image":{"@id":"https:\/\/lospoliticosveracruz.com\/#\/schema\/logo\/image\/"},"sameAs":["https:\/\/www.facebook.com\/people\/Notimemes-de-los-Polticos\/61565672886568\/","https:\/\/x.com\/LosPoliticosVer"]},{"@type":"Person","@id":"https:\/\/lospoliticosveracruz.com\/#\/schema\/person\/b8702bb0e538456e6efd07080bf2a4a2","name":"Lo viste en Los Pol\u00edticos","image":{"@type":"ImageObject","inLanguage":"es","@id":"https:\/\/secure.gravatar.com\/avatar\/3a8de04a2656d44082be478bd6c086daa447c4651605818287b9532d3d0bd435?s=96&d=mm&r=g","url":"https:\/\/secure.gravatar.com\/avatar\/3a8de04a2656d44082be478bd6c086daa447c4651605818287b9532d3d0bd435?s=96&d=mm&r=g","contentUrl":"https:\/\/secure.gravatar.com\/avatar\/3a8de04a2656d44082be478bd6c086daa447c4651605818287b9532d3d0bd435?s=96&d=mm&r=g","caption":"Lo viste en Los Pol\u00edticos"},"url":"https:\/\/lospoliticosveracruz.com\/?author=2"}]}},"_links":{"self":[{"href":"https:\/\/lospoliticosveracruz.com\/index.php?rest_route=\/wp\/v2\/posts\/49060","targetHints":{"allow":["GET"]}}],"collection":[{"href":"https:\/\/lospoliticosveracruz.com\/index.php?rest_route=\/wp\/v2\/posts"}],"about":[{"href":"https:\/\/lospoliticosveracruz.com\/index.php?rest_route=\/wp\/v2\/types\/post"}],"author":[{"embeddable":true,"href":"https:\/\/lospoliticosveracruz.com\/index.php?rest_route=\/wp\/v2\/users\/2"}],"replies":[{"embeddable":true,"href":"https:\/\/lospoliticosveracruz.com\/index.php?rest_route=%2Fwp%2Fv2%2Fcomments&post=49060"}],"version-history":[{"count":1,"href":"https:\/\/lospoliticosveracruz.com\/index.php?rest_route=\/wp\/v2\/posts\/49060\/revisions"}],"predecessor-version":[{"id":49062,"href":"https:\/\/lospoliticosveracruz.com\/index.php?rest_route=\/wp\/v2\/posts\/49060\/revisions\/49062"}],"wp:featuredmedia":[{"embeddable":true,"href":"https:\/\/lospoliticosveracruz.com\/index.php?rest_route=\/wp\/v2\/media\/49061"}],"wp:attachment":[{"href":"https:\/\/lospoliticosveracruz.com\/index.php?rest_route=%2Fwp%2Fv2%2Fmedia&parent=49060"}],"wp:term":[{"taxonomy":"category","embeddable":true,"href":"https:\/\/lospoliticosveracruz.com\/index.php?rest_route=%2Fwp%2Fv2%2Fcategories&post=49060"},{"taxonomy":"post_tag","embeddable":true,"href":"https:\/\/lospoliticosveracruz.com\/index.php?rest_route=%2Fwp%2Fv2%2Ftags&post=49060"}],"curies":[{"name":"wp","href":"https:\/\/api.w.org\/{rel}","templated":true}]}}