{"id":49079,"date":"2019-08-14T10:11:36","date_gmt":"2019-08-14T15:11:36","guid":{"rendered":"http:\/\/www.lospoliticosveracruz.com.mx\/?p=49079"},"modified":"2019-08-14T10:11:36","modified_gmt":"2019-08-14T15:11:36","slug":"las-exequias-de-obeso-rivera-y-el-toque-politico","status":"publish","type":"post","link":"https:\/\/lospoliticosveracruz.com\/?p=49079","title":{"rendered":"Las exequias de Obeso Rivera y el toque pol\u00edtico"},"content":{"rendered":"<p><strong>Ricardo Ch\u00faa<\/strong><\/p>\n<p><em>Sale y Vale<\/em><\/p>\n<p>OJO MORENA&#8230; De estos temas en Veracruz deben de poner mucha atenci\u00f3n&#8230; Ya que pese a que el Estado Mexicano actual ocup\u00f3 la \u00abt\u00e1ctica\u00bb de la \u00abcargada\u00bb priista para exhibir a Rosario Robles, ex jefa de Gobierno y ex titular de SEDESOL con Pe\u00f1a Nieto, como los ataques a los actos de corrupci\u00f3n que se presentaron en el anterior gobierno de Enrique Pe\u00f1a Nieto y de todo lo que representaba el viejo sistema&#8230; Lo cierto es que vincularla a proceso por la llamada \u00abEstafa Maestra\u00bb, no tuvo el impacto medi\u00e1tico y pol\u00edtico de otras \u00e9pocas&#8230;<\/p>\n<p>El que la hayan dejado a la c\u00e1rcel, no causo gran relevancia ante la sociedad&#8230; Por el simple y sencillo motivo de que LA ECONOM\u00cdA se le est\u00e1 IMPONIENDO en la agenda al propio L\u00f3pez Obrador&#8230; Cuando antes \u00e9l lo hac\u00eda al sistema pol\u00edtico mexicano&#8230; Las cosas cambiaron y a la sociedad le vali\u00f3 un soberano \u00abpepino\u00bb lo que le pas\u00f3 a Robles Berlanga&#8230;Ya que la ciudadan\u00eda sabe y est\u00e1 consiente que ENCARCELAR a un presunto CORRUPTO no les beneficia en nada a sus bolsillo&#8230;<\/p>\n<p>As\u00ed que todo el \u00abtiming\u00bb pol\u00edtico que pensaba ganar MORENA en el pa\u00eds y en los 6 estados gobernados por el partido, como Veracruz, al pueblo no le import\u00f3 nada la \u00abEstafa Maestra\u00bb&#8230; Esa es la diferencia s\u00f3lo para la actuaci\u00f3n gubernamental&#8230; Mientras Carlos Salinas encarcel\u00f3 a la Joaqu\u00edn Hern\u00e1ndez Galicia \u00abLa Quina\u00bb en sus primeros 40 d\u00edas de su gobierno, AMLO lo hace en su noveno mes, cuando la ECONOM\u00cdA empieza a CRUJIR&#8230; Y lo de Robles se observa m\u00e1s como una venganza personal que una investigaci\u00f3n sobre corrupci\u00f3n&#8230; MOCOS PETRA<\/p>\n<p>LA CARGA SIMB\u00d3LICA&#8230; Con el deceso del Cardenal mexicano y obispo de Xalapa, Sergio Obeso Rivera, el pasado domingo en Veracruz, t\u00edo de los Chedraui, los millonarios de verdad, este prelado siempre convivi\u00f3 con la gente m\u00e1s poderosa del pa\u00eds&#8230;. Pol\u00edticos y adinerados&#8230; Pero en sus exequias se pudo observar como se comportaron esos hombres del poder que en alguna parte de la historia moderna del Gobierno del Estado convivieron con \u00e9l y ah\u00ed s\u00f3lo apareci\u00f3 PapaYunes&#8230; Ning\u00fan otro ex gobernador m\u00e1s&#8230;Obvio de los que est\u00e1n vivos&#8230;<\/p>\n<p>Hasta parece parad\u00f3jico que el propio Javier Duarte de Ochoa, que est\u00e1 preso desde hace m\u00e1s de un a\u00f1o en un penal del Estado de M\u00e9xico&#8230; Haya mandado condolencias v\u00eda twitter, la red social que ha estado utilizando \u00faltimamente.. Sea qui\u00e9n sea el que se la maneje&#8230; El \u00abJAVIDU\u00bb les sali\u00f3 m\u00e1s cabr\u00f3n que bonito&#8230; Vamos hasta se puede decir que la c\u00e1rcel lo est\u00e1 \u00abcurtiendo\u00bb m\u00e1s como pol\u00edtico&#8230;<\/p>\n<p>De los dem\u00e1s ex gobernadores que no vinieron al funeral de Cardenal xalape\u00f1o&#8230; Se puede decir que Fidel Herrera no puede porque se encuentra en un lamentable estado de salud, del cual va saliendo&#8230; Flavino R\u00edos por obvias razones no asistir\u00eda a la catedral&#8230; De Dante Delgado no se entiende si siempre mantuvo una relaci\u00f3n cordial con el prelado y con la familia que estaba de acuerdo&#8230; Don Mike Alem\u00e1n no vino, mand\u00f3 un esquela en algunos medios, pero tambi\u00e9n anda resolviendo problemas con el SAT&#8230; Al final lo importante era asistir&#8230;<\/p>\n<p>Por eso se puede deducir que de todos los ex gobernadores vivos, \u00fanicamente, PapaYunes fue el que asisti\u00f3 a los funerales&#8230; Midiendo el \u00abaplausomentro\u00bb o no pero fue.. Por ello, es que se llev\u00f3 toda la \u00abcarga simb\u00f3lica\u00bb del poder&#8230; Y, pues, ten\u00eda y pod\u00eda hacerlo&#8230; Se supone que \u00e9l vive en Veracruz, fue hasta el segundo d\u00eda de la muerte de Obeso, a diferencia de Cuitl\u00e0huac Garc\u00eda que era su obligaci\u00f3n de estar al pendiente de este tipo de hechos&#8230; Es el representante popular del Estado&#8230; En su mayor\u00eda cat\u00f3lico, apost\u00f3lico y romano&#8230;<\/p>\n<p>Finalmente el gobierno del Estado de MORENA tuvo una reacci\u00f3n muy lenta cuando se hizo p\u00fablico el fallecimiento de tan importante personaje en el pa\u00eds&#8230; Y para el colmo muri\u00f3 en Xalapa&#8230; Tan lenta fue la reacci\u00f3n que \u00bfpoderoso? Subsecretario de Gobierno llam\u00f3 para preguntar a la arquidiocesis si enviaba una corona o esquela, despu\u00e9s en la noche fue Eric Cisneros&#8230; \u00bfY Cuitl\u00e1huac, no fue?.. Obseso muri\u00f3 el domingo y no se sabe, no hay ni foto de condolencias&#8230; D\u00f3nde andaba.. AMEN&#8230;<\/p>\n<p>CUITL\u00c0HUAC Y WINCKLER O VICEVERSA&#8230; Mucho se escribi\u00f3. se dijo, se mencion\u00f3 en redes sociales y en otros medios&#8230; De la reuni\u00f3n de ayer por la ma\u00f1ana entre el Gobernador y el Fiscal de Veracruz&#8230; Pero despu\u00e9s de tantos dimes y diretes de esta reuni\u00f3n entre columnistas, periodistas, sectores de la sociedad y pol\u00edticos&#8230; La lectura puede ser muy simple: Cuitl\u00e1huac fue obligado a sentarse con Winckler por \u00abinstrucciones\u00bb superiores&#8230; Sino no se hubiera dado la misma reuni\u00f3n&#8230;<\/p>\n<p>Y es que el gobernador veracruzano pasado el tiempo y cuando la violencia en la entidad lo rebaso&#8230; Tuvo que entender que dos secretarios del gobierno federal y el propio Fiscal General de la Rep\u00fablica le mandaron los MENSAJES directos del Presidente de M\u00e9xico, Andr\u00e9s Manuel L\u00f3pez Obrador, para que se pusiera de acuerdo con el Fiscal del Estado y trabajaran juntos para bajar los \u00edndices delictivos&#8230; Y como en su momento, no los entendi\u00f3&#8230; El propio AMLO lo exhibi\u00f3, el viernes pasado en sus \u00abma\u00f1aneras\u00bb para que entendiera&#8230;<\/p>\n<p>Aqu\u00ed lo que queda en duda es que si ya la \u00abluna de miel\u00bb entre el gobierno federal y el del Estado ya acab\u00f3&#8230; Ya que el lastre de la violencia est\u00e1 generando un clima de ingobernabilidad a la propia Presidencia de M\u00e9xico&#8230; Y por ello es que L\u00f3pez Obrador tuvo que entrarle al \u00abtoro por los cuernos\u00bb&#8230; Por eso tuvo que mandar el viernes un mensaje diferente, quej\u00e1ndose que en Veracruz las cosas en materia de seguridad no estaban funcionando&#8230;. M\u00e1s claro ni el agua&#8230; A partir de ah\u00ed, \u00abte invito a jugar Jorge&#8230; \u00bfVienes?\u00bb&#8230;<\/p>\n<p>El pero porque siempre hay un \u00abbendito\u00bb PERO&#8230; Es que Winckler, que no es pol\u00edtico o \u00abcurtido\u00bb en el \u00abre-juego\u00bb pol\u00edtico&#8230; Se vio \u00abc\u00e1ndido\u00bb cuando dijo \u00abEl gobernador estuvo feliz cuando me vio\u00bb&#8230; Era el momento para decir su verdad y explicar las \u00abtrabas\u00bb que le han puesto para quitarlo de su cargo&#8230; Pareciera que el titular de la FGE \u00abcay\u00f3\u00bb en el juego pol\u00edtico y como antes les hab\u00eda ganado porque los Morenos siempre est\u00e1n en el pleito de barrio, hoy lo sorprendieron&#8230; OJO no lo vayan a sorprender m\u00e1s y ahora si sea culpa del Fiscal..<\/p>\n<p>Para Cuitl\u00e1huac ahora vendr\u00e1 su \u00abprueba de fuego\u00bb con el combate a la inseguridad con todo y pleito con Winckler&#8230; M\u00e1s que es evidente que el Presidente a \u00abmarcado su raya\u00bb con \u00e9l&#8230; Ahora tendr\u00e1 que corregir como ejecutivo estatal. y ya distanciado con L\u00f3pez Obrador y no le quedar\u00e1 otra que aplicarse para aprender hacer pol\u00edtica&#8230; Tal como en el 2005&#8230; Fidel y Miguel lo hicieron en un \u00ababrazo\u00bb en el asta bandera de este puerto en el gobierno de Fox&#8230; El tambi\u00e9n en alg\u00fan momento tendr\u00e1 que darle ese \u00ababrazo\u00bb a Winckler&#8230; CONSUMATUM EST&#8230;<\/p>\n","protected":false},"excerpt":{"rendered":"<p>Ricardo Ch\u00faa Sale y Vale OJO MORENA&#8230; De estos temas en Veracruz deben de poner mucha atenci\u00f3n&#8230; Ya que pese a que el Estado Mexicano actual ocup\u00f3 la \u00abt\u00e1ctica\u00bb de la \u00abcargada\u00bb priista para exhibir a Rosario Robles, ex jefa de Gobierno y ex titular de SEDESOL con Pe\u00f1a Nieto, como los ataques a los [&hellip;]<\/p>\n","protected":false},"author":2,"featured_media":49080,"comment_status":"open","ping_status":"open","sticky":false,"template":"","format":"standard","meta":{"tdm_status":"","tdm_grid_status":"","footnotes":""},"categories":[70],"tags":[1681,2219,281,15055,79,1761,260,15056,15057,1800,428,7343,715,670,195,96],"class_list":{"0":"post-49079","1":"post","2":"type-post","3":"status-publish","4":"format-standard","5":"has-post-thumbnail","7":"category-de-opinion","8":"tag-cuitlahuac-garcia","9":"tag-dante-delgado","10":"tag-enrique-pena-nieto","11":"tag-estafa-maestra","12":"tag-fidel-herrera","13":"tag-flavino-rios","14":"tag-javier-duarte-de-ochoa","15":"tag-joaquin-hernandez-galicia","16":"tag-la-quina","17":"tag-miguel-aleman-velasco","18":"tag-miguel-angel-yunes-linares","19":"tag-rosario-robles","20":"tag-sedesol","21":"tag-sergio-obeso-rivera","22":"tag-veracruz","23":"tag-xalapa"},"yoast_head":"<!-- This site is optimized with the Yoast SEO plugin v27.4 - https:\/\/yoast.com\/product\/yoast-seo-wordpress\/ -->\n<title>Las exequias de Obeso Rivera y el toque pol\u00edtico - Los pol\u00edticos Veracruz<\/title>\n<meta name=\"robots\" content=\"index, follow, max-snippet:-1, max-image-preview:large, max-video-preview:-1\" \/>\n<link rel=\"canonical\" href=\"https:\/\/lospoliticosveracruz.com\/?p=49079\" \/>\n<meta property=\"og:locale\" content=\"es_ES\" \/>\n<meta property=\"og:type\" content=\"article\" \/>\n<meta property=\"og:title\" content=\"Las exequias de Obeso Rivera y el toque pol\u00edtico - Los pol\u00edticos Veracruz\" \/>\n<meta property=\"og:description\" content=\"Ricardo Ch\u00faa Sale y Vale OJO MORENA&#8230; De estos temas en Veracruz deben de poner mucha atenci\u00f3n&#8230; Ya que pese a que el Estado Mexicano actual ocup\u00f3 la \u00abt\u00e1ctica\u00bb de la \u00abcargada\u00bb priista para exhibir a Rosario Robles, ex jefa de Gobierno y ex titular de SEDESOL con Pe\u00f1a Nieto, como los ataques a los [&hellip;]\" \/>\n<meta property=\"og:url\" content=\"https:\/\/lospoliticosveracruz.com\/?p=49079\" \/>\n<meta property=\"og:site_name\" content=\"Los pol\u00edticos Veracruz\" \/>\n<meta property=\"article:publisher\" content=\"https:\/\/www.facebook.com\/people\/Notimemes-de-los-Polticos\/61565672886568\/\" \/>\n<meta property=\"article:published_time\" content=\"2019-08-14T15:11:36+00:00\" \/>\n<meta property=\"og:image\" content=\"https:\/\/lospoliticosveracruz.com\/wp-content\/uploads\/2019\/08\/Yunes.jpeg\" \/>\n\t<meta property=\"og:image:width\" content=\"600\" \/>\n\t<meta property=\"og:image:height\" content=\"463\" \/>\n\t<meta property=\"og:image:type\" content=\"image\/jpeg\" \/>\n<meta name=\"author\" content=\"Lo viste en Los Pol\u00edticos\" \/>\n<meta name=\"twitter:card\" content=\"summary_large_image\" \/>\n<meta name=\"twitter:creator\" content=\"@LosPoliticosVer\" \/>\n<meta name=\"twitter:site\" content=\"@LosPoliticosVer\" \/>\n<meta name=\"twitter:label1\" content=\"Escrito por\" \/>\n\t<meta name=\"twitter:data1\" content=\"Lo viste en Los Pol\u00edticos\" \/>\n\t<meta name=\"twitter:label2\" content=\"Tiempo de lectura\" \/>\n\t<meta name=\"twitter:data2\" content=\"6 minutos\" \/>\n<script type=\"application\/ld+json\" class=\"yoast-schema-graph\">{\"@context\":\"https:\\\/\\\/schema.org\",\"@graph\":[{\"@type\":\"Article\",\"@id\":\"https:\\\/\\\/lospoliticosveracruz.com\\\/?p=49079#article\",\"isPartOf\":{\"@id\":\"https:\\\/\\\/lospoliticosveracruz.com\\\/?p=49079\"},\"author\":{\"name\":\"Lo viste en Los Pol\u00edticos\",\"@id\":\"https:\\\/\\\/lospoliticosveracruz.com\\\/#\\\/schema\\\/person\\\/b8702bb0e538456e6efd07080bf2a4a2\"},\"headline\":\"Las exequias de Obeso Rivera y el toque pol\u00edtico\",\"datePublished\":\"2019-08-14T15:11:36+00:00\",\"mainEntityOfPage\":{\"@id\":\"https:\\\/\\\/lospoliticosveracruz.com\\\/?p=49079\"},\"wordCount\":1266,\"commentCount\":0,\"publisher\":{\"@id\":\"https:\\\/\\\/lospoliticosveracruz.com\\\/#organization\"},\"image\":{\"@id\":\"https:\\\/\\\/lospoliticosveracruz.com\\\/?p=49079#primaryimage\"},\"thumbnailUrl\":\"https:\\\/\\\/lospoliticosveracruz.com\\\/wp-content\\\/uploads\\\/2019\\\/08\\\/Yunes.jpeg\",\"keywords\":[\"Cuitl\u00e1huac Garc\u00eda\",\"Dante Delgado\",\"Enrique Pe\u00f1a Nieto\",\"Estafa Maestra\",\"Fidel Herrera\",\"Flavino R\u00edos\",\"Javier Duarte de Ochoa\",\"Joaqu\u00edn Hern\u00e1ndez Galicia\",\"La Quina\",\"Miguel Alem\u00e1n Velasco\",\"Miguel Angel Yunes Linares\",\"Rosario Robles\",\"Sedesol\",\"Sergio Obeso Rivera\",\"Veracruz\",\"Xalapa\"],\"articleSection\":[\"De Opini\u00f3n\"],\"inLanguage\":\"es\",\"potentialAction\":[{\"@type\":\"CommentAction\",\"name\":\"Comment\",\"target\":[\"https:\\\/\\\/lospoliticosveracruz.com\\\/?p=49079#respond\"]}]},{\"@type\":\"WebPage\",\"@id\":\"https:\\\/\\\/lospoliticosveracruz.com\\\/?p=49079\",\"url\":\"https:\\\/\\\/lospoliticosveracruz.com\\\/?p=49079\",\"name\":\"Las exequias de Obeso Rivera y el toque pol\u00edtico - Los pol\u00edticos Veracruz\",\"isPartOf\":{\"@id\":\"https:\\\/\\\/lospoliticosveracruz.com\\\/#website\"},\"primaryImageOfPage\":{\"@id\":\"https:\\\/\\\/lospoliticosveracruz.com\\\/?p=49079#primaryimage\"},\"image\":{\"@id\":\"https:\\\/\\\/lospoliticosveracruz.com\\\/?p=49079#primaryimage\"},\"thumbnailUrl\":\"https:\\\/\\\/lospoliticosveracruz.com\\\/wp-content\\\/uploads\\\/2019\\\/08\\\/Yunes.jpeg\",\"datePublished\":\"2019-08-14T15:11:36+00:00\",\"breadcrumb\":{\"@id\":\"https:\\\/\\\/lospoliticosveracruz.com\\\/?p=49079#breadcrumb\"},\"inLanguage\":\"es\",\"potentialAction\":[{\"@type\":\"ReadAction\",\"target\":[\"https:\\\/\\\/lospoliticosveracruz.com\\\/?p=49079\"]}]},{\"@type\":\"ImageObject\",\"inLanguage\":\"es\",\"@id\":\"https:\\\/\\\/lospoliticosveracruz.com\\\/?p=49079#primaryimage\",\"url\":\"https:\\\/\\\/lospoliticosveracruz.com\\\/wp-content\\\/uploads\\\/2019\\\/08\\\/Yunes.jpeg\",\"contentUrl\":\"https:\\\/\\\/lospoliticosveracruz.com\\\/wp-content\\\/uploads\\\/2019\\\/08\\\/Yunes.jpeg\",\"width\":600,\"height\":463},{\"@type\":\"BreadcrumbList\",\"@id\":\"https:\\\/\\\/lospoliticosveracruz.com\\\/?p=49079#breadcrumb\",\"itemListElement\":[{\"@type\":\"ListItem\",\"position\":1,\"name\":\"Portada\",\"item\":\"https:\\\/\\\/lospoliticosveracruz.com\\\/\"},{\"@type\":\"ListItem\",\"position\":2,\"name\":\"Las exequias de Obeso Rivera y el toque pol\u00edtico\"}]},{\"@type\":\"WebSite\",\"@id\":\"https:\\\/\\\/lospoliticosveracruz.com\\\/#website\",\"url\":\"https:\\\/\\\/lospoliticosveracruz.com\\\/\",\"name\":\"Los pol\u00edticos Veracruz\",\"description\":\"\",\"publisher\":{\"@id\":\"https:\\\/\\\/lospoliticosveracruz.com\\\/#organization\"},\"potentialAction\":[{\"@type\":\"SearchAction\",\"target\":{\"@type\":\"EntryPoint\",\"urlTemplate\":\"https:\\\/\\\/lospoliticosveracruz.com\\\/?s={search_term_string}\"},\"query-input\":{\"@type\":\"PropertyValueSpecification\",\"valueRequired\":true,\"valueName\":\"search_term_string\"}}],\"inLanguage\":\"es\"},{\"@type\":\"Organization\",\"@id\":\"https:\\\/\\\/lospoliticosveracruz.com\\\/#organization\",\"name\":\"Los pol\u00edticos Veracruz\",\"url\":\"https:\\\/\\\/lospoliticosveracruz.com\\\/\",\"logo\":{\"@type\":\"ImageObject\",\"inLanguage\":\"es\",\"@id\":\"https:\\\/\\\/lospoliticosveracruz.com\\\/#\\\/schema\\\/logo\\\/image\\\/\",\"url\":\"https:\\\/\\\/lospoliticosveracruz.com\\\/wp-content\\\/uploads\\\/2025\\\/12\\\/Logo-Nuevo-LOS-POLITICOS-1.jpg\",\"contentUrl\":\"https:\\\/\\\/lospoliticosveracruz.com\\\/wp-content\\\/uploads\\\/2025\\\/12\\\/Logo-Nuevo-LOS-POLITICOS-1.jpg\",\"width\":260,\"height\":70,\"caption\":\"Los pol\u00edticos Veracruz\"},\"image\":{\"@id\":\"https:\\\/\\\/lospoliticosveracruz.com\\\/#\\\/schema\\\/logo\\\/image\\\/\"},\"sameAs\":[\"https:\\\/\\\/www.facebook.com\\\/people\\\/Notimemes-de-los-Polticos\\\/61565672886568\\\/\",\"https:\\\/\\\/x.com\\\/LosPoliticosVer\"]},{\"@type\":\"Person\",\"@id\":\"https:\\\/\\\/lospoliticosveracruz.com\\\/#\\\/schema\\\/person\\\/b8702bb0e538456e6efd07080bf2a4a2\",\"name\":\"Lo viste en Los Pol\u00edticos\",\"image\":{\"@type\":\"ImageObject\",\"inLanguage\":\"es\",\"@id\":\"https:\\\/\\\/secure.gravatar.com\\\/avatar\\\/3a8de04a2656d44082be478bd6c086daa447c4651605818287b9532d3d0bd435?s=96&d=mm&r=g\",\"url\":\"https:\\\/\\\/secure.gravatar.com\\\/avatar\\\/3a8de04a2656d44082be478bd6c086daa447c4651605818287b9532d3d0bd435?s=96&d=mm&r=g\",\"contentUrl\":\"https:\\\/\\\/secure.gravatar.com\\\/avatar\\\/3a8de04a2656d44082be478bd6c086daa447c4651605818287b9532d3d0bd435?s=96&d=mm&r=g\",\"caption\":\"Lo viste en Los Pol\u00edticos\"},\"url\":\"https:\\\/\\\/lospoliticosveracruz.com\\\/?author=2\"}]}<\/script>\n<!-- \/ Yoast SEO plugin. -->","yoast_head_json":{"title":"Las exequias de Obeso Rivera y el toque pol\u00edtico - Los pol\u00edticos Veracruz","robots":{"index":"index","follow":"follow","max-snippet":"max-snippet:-1","max-image-preview":"max-image-preview:large","max-video-preview":"max-video-preview:-1"},"canonical":"https:\/\/lospoliticosveracruz.com\/?p=49079","og_locale":"es_ES","og_type":"article","og_title":"Las exequias de Obeso Rivera y el toque pol\u00edtico - Los pol\u00edticos Veracruz","og_description":"Ricardo Ch\u00faa Sale y Vale OJO MORENA&#8230; De estos temas en Veracruz deben de poner mucha atenci\u00f3n&#8230; Ya que pese a que el Estado Mexicano actual ocup\u00f3 la \u00abt\u00e1ctica\u00bb de la \u00abcargada\u00bb priista para exhibir a Rosario Robles, ex jefa de Gobierno y ex titular de SEDESOL con Pe\u00f1a Nieto, como los ataques a los [&hellip;]","og_url":"https:\/\/lospoliticosveracruz.com\/?p=49079","og_site_name":"Los pol\u00edticos Veracruz","article_publisher":"https:\/\/www.facebook.com\/people\/Notimemes-de-los-Polticos\/61565672886568\/","article_published_time":"2019-08-14T15:11:36+00:00","og_image":[{"width":600,"height":463,"url":"https:\/\/lospoliticosveracruz.com\/wp-content\/uploads\/2019\/08\/Yunes.jpeg","type":"image\/jpeg"}],"author":"Lo viste en Los Pol\u00edticos","twitter_card":"summary_large_image","twitter_creator":"@LosPoliticosVer","twitter_site":"@LosPoliticosVer","twitter_misc":{"Escrito por":"Lo viste en Los Pol\u00edticos","Tiempo de lectura":"6 minutos"},"schema":{"@context":"https:\/\/schema.org","@graph":[{"@type":"Article","@id":"https:\/\/lospoliticosveracruz.com\/?p=49079#article","isPartOf":{"@id":"https:\/\/lospoliticosveracruz.com\/?p=49079"},"author":{"name":"Lo viste en Los Pol\u00edticos","@id":"https:\/\/lospoliticosveracruz.com\/#\/schema\/person\/b8702bb0e538456e6efd07080bf2a4a2"},"headline":"Las exequias de Obeso Rivera y el toque pol\u00edtico","datePublished":"2019-08-14T15:11:36+00:00","mainEntityOfPage":{"@id":"https:\/\/lospoliticosveracruz.com\/?p=49079"},"wordCount":1266,"commentCount":0,"publisher":{"@id":"https:\/\/lospoliticosveracruz.com\/#organization"},"image":{"@id":"https:\/\/lospoliticosveracruz.com\/?p=49079#primaryimage"},"thumbnailUrl":"https:\/\/lospoliticosveracruz.com\/wp-content\/uploads\/2019\/08\/Yunes.jpeg","keywords":["Cuitl\u00e1huac Garc\u00eda","Dante Delgado","Enrique Pe\u00f1a Nieto","Estafa Maestra","Fidel Herrera","Flavino R\u00edos","Javier Duarte de Ochoa","Joaqu\u00edn Hern\u00e1ndez Galicia","La Quina","Miguel Alem\u00e1n Velasco","Miguel Angel Yunes Linares","Rosario Robles","Sedesol","Sergio Obeso Rivera","Veracruz","Xalapa"],"articleSection":["De Opini\u00f3n"],"inLanguage":"es","potentialAction":[{"@type":"CommentAction","name":"Comment","target":["https:\/\/lospoliticosveracruz.com\/?p=49079#respond"]}]},{"@type":"WebPage","@id":"https:\/\/lospoliticosveracruz.com\/?p=49079","url":"https:\/\/lospoliticosveracruz.com\/?p=49079","name":"Las exequias de Obeso Rivera y el toque pol\u00edtico - Los pol\u00edticos Veracruz","isPartOf":{"@id":"https:\/\/lospoliticosveracruz.com\/#website"},"primaryImageOfPage":{"@id":"https:\/\/lospoliticosveracruz.com\/?p=49079#primaryimage"},"image":{"@id":"https:\/\/lospoliticosveracruz.com\/?p=49079#primaryimage"},"thumbnailUrl":"https:\/\/lospoliticosveracruz.com\/wp-content\/uploads\/2019\/08\/Yunes.jpeg","datePublished":"2019-08-14T15:11:36+00:00","breadcrumb":{"@id":"https:\/\/lospoliticosveracruz.com\/?p=49079#breadcrumb"},"inLanguage":"es","potentialAction":[{"@type":"ReadAction","target":["https:\/\/lospoliticosveracruz.com\/?p=49079"]}]},{"@type":"ImageObject","inLanguage":"es","@id":"https:\/\/lospoliticosveracruz.com\/?p=49079#primaryimage","url":"https:\/\/lospoliticosveracruz.com\/wp-content\/uploads\/2019\/08\/Yunes.jpeg","contentUrl":"https:\/\/lospoliticosveracruz.com\/wp-content\/uploads\/2019\/08\/Yunes.jpeg","width":600,"height":463},{"@type":"BreadcrumbList","@id":"https:\/\/lospoliticosveracruz.com\/?p=49079#breadcrumb","itemListElement":[{"@type":"ListItem","position":1,"name":"Portada","item":"https:\/\/lospoliticosveracruz.com\/"},{"@type":"ListItem","position":2,"name":"Las exequias de Obeso Rivera y el toque pol\u00edtico"}]},{"@type":"WebSite","@id":"https:\/\/lospoliticosveracruz.com\/#website","url":"https:\/\/lospoliticosveracruz.com\/","name":"Los pol\u00edticos Veracruz","description":"","publisher":{"@id":"https:\/\/lospoliticosveracruz.com\/#organization"},"potentialAction":[{"@type":"SearchAction","target":{"@type":"EntryPoint","urlTemplate":"https:\/\/lospoliticosveracruz.com\/?s={search_term_string}"},"query-input":{"@type":"PropertyValueSpecification","valueRequired":true,"valueName":"search_term_string"}}],"inLanguage":"es"},{"@type":"Organization","@id":"https:\/\/lospoliticosveracruz.com\/#organization","name":"Los pol\u00edticos Veracruz","url":"https:\/\/lospoliticosveracruz.com\/","logo":{"@type":"ImageObject","inLanguage":"es","@id":"https:\/\/lospoliticosveracruz.com\/#\/schema\/logo\/image\/","url":"https:\/\/lospoliticosveracruz.com\/wp-content\/uploads\/2025\/12\/Logo-Nuevo-LOS-POLITICOS-1.jpg","contentUrl":"https:\/\/lospoliticosveracruz.com\/wp-content\/uploads\/2025\/12\/Logo-Nuevo-LOS-POLITICOS-1.jpg","width":260,"height":70,"caption":"Los pol\u00edticos Veracruz"},"image":{"@id":"https:\/\/lospoliticosveracruz.com\/#\/schema\/logo\/image\/"},"sameAs":["https:\/\/www.facebook.com\/people\/Notimemes-de-los-Polticos\/61565672886568\/","https:\/\/x.com\/LosPoliticosVer"]},{"@type":"Person","@id":"https:\/\/lospoliticosveracruz.com\/#\/schema\/person\/b8702bb0e538456e6efd07080bf2a4a2","name":"Lo viste en Los Pol\u00edticos","image":{"@type":"ImageObject","inLanguage":"es","@id":"https:\/\/secure.gravatar.com\/avatar\/3a8de04a2656d44082be478bd6c086daa447c4651605818287b9532d3d0bd435?s=96&d=mm&r=g","url":"https:\/\/secure.gravatar.com\/avatar\/3a8de04a2656d44082be478bd6c086daa447c4651605818287b9532d3d0bd435?s=96&d=mm&r=g","contentUrl":"https:\/\/secure.gravatar.com\/avatar\/3a8de04a2656d44082be478bd6c086daa447c4651605818287b9532d3d0bd435?s=96&d=mm&r=g","caption":"Lo viste en Los Pol\u00edticos"},"url":"https:\/\/lospoliticosveracruz.com\/?author=2"}]}},"_links":{"self":[{"href":"https:\/\/lospoliticosveracruz.com\/index.php?rest_route=\/wp\/v2\/posts\/49079","targetHints":{"allow":["GET"]}}],"collection":[{"href":"https:\/\/lospoliticosveracruz.com\/index.php?rest_route=\/wp\/v2\/posts"}],"about":[{"href":"https:\/\/lospoliticosveracruz.com\/index.php?rest_route=\/wp\/v2\/types\/post"}],"author":[{"embeddable":true,"href":"https:\/\/lospoliticosveracruz.com\/index.php?rest_route=\/wp\/v2\/users\/2"}],"replies":[{"embeddable":true,"href":"https:\/\/lospoliticosveracruz.com\/index.php?rest_route=%2Fwp%2Fv2%2Fcomments&post=49079"}],"version-history":[{"count":1,"href":"https:\/\/lospoliticosveracruz.com\/index.php?rest_route=\/wp\/v2\/posts\/49079\/revisions"}],"predecessor-version":[{"id":49081,"href":"https:\/\/lospoliticosveracruz.com\/index.php?rest_route=\/wp\/v2\/posts\/49079\/revisions\/49081"}],"wp:featuredmedia":[{"embeddable":true,"href":"https:\/\/lospoliticosveracruz.com\/index.php?rest_route=\/wp\/v2\/media\/49080"}],"wp:attachment":[{"href":"https:\/\/lospoliticosveracruz.com\/index.php?rest_route=%2Fwp%2Fv2%2Fmedia&parent=49079"}],"wp:term":[{"taxonomy":"category","embeddable":true,"href":"https:\/\/lospoliticosveracruz.com\/index.php?rest_route=%2Fwp%2Fv2%2Fcategories&post=49079"},{"taxonomy":"post_tag","embeddable":true,"href":"https:\/\/lospoliticosveracruz.com\/index.php?rest_route=%2Fwp%2Fv2%2Ftags&post=49079"}],"curies":[{"name":"wp","href":"https:\/\/api.w.org\/{rel}","templated":true}]}}