{"id":49092,"date":"2019-08-14T22:55:04","date_gmt":"2019-08-15T03:55:04","guid":{"rendered":"http:\/\/www.lospoliticosveracruz.com.mx\/?p=49092"},"modified":"2019-08-14T21:01:22","modified_gmt":"2019-08-15T02:01:22","slug":"rosario-la-punta-de-la-4t","status":"publish","type":"post","link":"https:\/\/lospoliticosveracruz.com\/?p=49092","title":{"rendered":"Rosario, la punta de la 4T"},"content":{"rendered":"<p><strong>Salvador Mu\u00f1oz<\/strong><\/p>\n<p><em>Los Pol\u00edticos<\/em><\/p>\n<p><span style=\"font-weight: 400;\">Del \u201cNo te preocupes, Rosario\u201d se pudiera vaticinar el \u201cPreoc\u00fapate, Enrique\u201d&#8230; dije: \u201cSe pudiera vaticinar\u201d, pero la historia reciente en torno al expresidente Pe\u00f1a Nieto, nos dice otra cosa\u2026 por ejemplo: Javier Duarte de Ochoa.<\/span><\/p>\n<p><span style=\"font-weight: 400;\">\u00bfQu\u00e9 pasa con el ex gobernador Javier Duarte de Ochoa?<\/span><\/p>\n<p><span style=\"font-weight: 400;\">Muy independiente de todos los delitos que le imputen en la Fiscal\u00eda General de la Rep\u00fablica as\u00ed como los que se le acumulen en la FGE de Veracruz. en torno al cordob\u00e9s hay una sospecha de las que todos hablan, pero que no se ve, percibe, o sepa dentro de los expedientes o procesos en contra de \u00e9l: el haber utilizado recursos p\u00fablicos para la campa\u00f1a del entonces candidato a la presidencia de la Rep\u00fablica, Enrique Pe\u00f1a Nieto\u2026<\/span><\/p>\n<p><span style=\"font-weight: 400;\">Por supuesto, s\u00f3lo en la remota idea de que as\u00ed hubiera sido, es claro que no hubo una entrega directa entre Javier y Enrique, sino que es posible que hubiera otros encargados tanto de los dineros entregados como recibidos, por decir nombres al azar, sin que esto sea una acusaci\u00f3n: Videgaray, del lado del Altiplano; y el tesorero o secretario de Sefiplan del gobierno duartista\u2026 tuvo varios&#8230;<\/span><\/p>\n<p><span style=\"font-weight: 400;\">El asunto de todo este entramado del p\u00e1rrafo anterior nos lleva a hacernos una pregunta: \u00bfQui\u00e9n paga los platos rotos de las acusaciones al gobierno duartista? \u00a1Exacto! nada m\u00e1s el ex gobernador\u2026 \u00fanico sentenciado.<\/span><\/p>\n<p><span style=\"font-weight: 400;\">II<\/span><\/p>\n<p><span style=\"font-weight: 400;\">La historia pol\u00edtica parece proteger siempre a los poderosos y si es necesario, eliminar a los prescindibles\u2026 como lo narra la siguiente leyenda pol\u00edtica:<\/span><\/p>\n<p><span style=\"font-weight: 400;\">Un alcalde, por decir un municipio, Orizaba, pact\u00f3 con el candidato a la Gubernatura de Veracruz, quien le prometi\u00f3 la luna y las estrellas en cuanto llegara a la Plenitud del Pinche Poder\u2026 el edil acept\u00f3 hasta las condiciones en que se iba a entregar el apoyo: \u00a1en efectivo! Se cuenta que el dinero entregado era similar a la cantidad (por el espacio y dimensiones) que se le encontr\u00f3 a Zhenli Ye Gon, el de \u201cCopelas o Cuellos\u201d.<\/span><\/p>\n<p><span style=\"font-weight: 400;\">El alcalde de Orizaba ya se ve\u00eda como secretario de Gobierno, pero no cont\u00f3 que otro alcalde, por decir un municipio cualquiera, de Xalapa, habr\u00eda de entregar en las mismas condiciones que su hom\u00f3logo, m\u00e1s \u201capoyo\u201d al candidato a la Gubernatura.<\/span><\/p>\n<p><span style=\"font-weight: 400;\">Al tiempo, el ya ex alcalde de Orizaba se fue a \u201cestudiar\u201d a Espa\u00f1a un tiempo, mientras se le pasaba el coraje dejando atr\u00e1s un ayuntamiento en quiebra y su nombre grabado en el recuerdo de los orizabe\u00f1os como el mun\u00edcipe m\u00e1s corrupto que haya tenido esta ciudad. Por otro lado, el alcalde de Xalapa pidi\u00f3 licencia y fue nombrado secretario de Gobierno de un gobierno que estuvo en la plenitud del pinche poder\u2026<\/span><\/p>\n<p><span style=\"font-weight: 400;\">S\u00ed, no hubo castigo al de Orizaba, pero s\u00ed descr\u00e9dito por retar al Gobernador\u2026 los estilos de la pol\u00edtica de antes\u2026<\/span><\/p>\n<p><span style=\"font-weight: 400;\">III<\/span><\/p>\n<p><span style=\"font-weight: 400;\">Hoy, Rosario Robles, para los avezados en la pol\u00edtica, no deja de ser s\u00f3lo la punta de la madeja que a pesar de tantos nudos, para nadie pasa desapercibido qui\u00e9nes est\u00e1n enredados en \u00e9sta, que van desde un Jos\u00e9 Meade, Videgaray, hay quienes incluyen a Osorio Chong, aunque si de cabezas se trata, el personaje principal tendr\u00eda que ser Enrique Pe\u00f1a Nieto.<\/span><\/p>\n<p><span style=\"font-weight: 400;\">Carlos Salinas de Gortari tuvo en la Quina, un manotazo que sacudi\u00f3 a los actores pol\u00edticos en aras de que se alinearan, adem\u00e1s de darle de cierto modo, acreditaci\u00f3n a su gobierno\u2026 Ernesto Zedillo tuvo en Ra\u00fal Salinas de Gortari el remanso a la crisis econ\u00f3mica y pol\u00edtica que sacud\u00eda al Pa\u00eds\u2026 Enrique Pe\u00f1a Nieto tuvo en Elba Esther Gordillo el golpe pol\u00edtico que hubiera sido perfecto, de no ser por tanto descr\u00e9dito que su gobierno iba arrastrando\u2026<\/span><\/p>\n<p><span style=\"font-weight: 400;\">El Gobierno de la Cuarta Transformaci\u00f3n est\u00e1 a nada de dar un golpe espectacular si contin\u00faa investigando y recaba las pruebas suficientes para desenmara\u00f1ar esta madeja pol\u00edtica que tiene como punta, a Rosario Robles\u2026 pero tambi\u00e9n est\u00e1 a todo de echar abajo la expectativa que gener\u00f3 en millones de mexicanos que creyeron en un cambio&#8230; si Rosario Robles es la \u00fanica que cae, quedar\u00e1 m\u00e1s que claro que cualquier cosa que diga este Gobierno, ser\u00e1 tan similar a la que hubiera dicho cualquier otro que hubiera arribado al poder\u2026 a ver qu\u00e9 tal sale L\u00f3pez Obrador de su propia prueba&#8230;<\/span><\/p>\n<p>&nbsp;<\/p>\n<p><span style=\"font-weight: 400;\">smcainito@gmail.com<\/span><\/p>\n","protected":false},"excerpt":{"rendered":"<p>Salvador Mu\u00f1oz Los Pol\u00edticos Del \u201cNo te preocupes, Rosario\u201d se pudiera vaticinar el \u201cPreoc\u00fapate, Enrique\u201d&#8230; dije: \u201cSe pudiera vaticinar\u201d, pero la historia reciente en torno al expresidente Pe\u00f1a Nieto, nos dice otra cosa\u2026 por ejemplo: Javier Duarte de Ochoa. \u00bfQu\u00e9 pasa con el ex gobernador Javier Duarte de Ochoa? Muy independiente de todos los delitos [&hellip;]<\/p>\n","protected":false},"author":2,"featured_media":49093,"comment_status":"open","ping_status":"open","sticky":false,"template":"","format":"standard","meta":{"tdm_status":"","tdm_grid_status":"","footnotes":""},"categories":[70],"tags":[281,1639,146,7343,195,96],"class_list":{"0":"post-49092","1":"post","2":"type-post","3":"status-publish","4":"format-standard","5":"has-post-thumbnail","7":"category-de-opinion","8":"tag-enrique-pena-nieto","9":"tag-orizaba","10":"tag-osorio-chong","11":"tag-rosario-robles","12":"tag-veracruz","13":"tag-xalapa"},"yoast_head":"<!-- This site is optimized with the Yoast SEO plugin v27.4 - https:\/\/yoast.com\/product\/yoast-seo-wordpress\/ -->\n<title>Rosario, la punta de la 4T - Los pol\u00edticos Veracruz<\/title>\n<meta name=\"robots\" content=\"index, follow, max-snippet:-1, max-image-preview:large, max-video-preview:-1\" \/>\n<link rel=\"canonical\" href=\"https:\/\/lospoliticosveracruz.com\/?p=49092\" \/>\n<meta property=\"og:locale\" content=\"es_ES\" \/>\n<meta property=\"og:type\" content=\"article\" \/>\n<meta property=\"og:title\" content=\"Rosario, la punta de la 4T - Los pol\u00edticos Veracruz\" \/>\n<meta property=\"og:description\" content=\"Salvador Mu\u00f1oz Los Pol\u00edticos Del \u201cNo te preocupes, Rosario\u201d se pudiera vaticinar el \u201cPreoc\u00fapate, Enrique\u201d&#8230; dije: \u201cSe pudiera vaticinar\u201d, pero la historia reciente en torno al expresidente Pe\u00f1a Nieto, nos dice otra cosa\u2026 por ejemplo: Javier Duarte de Ochoa. \u00bfQu\u00e9 pasa con el ex gobernador Javier Duarte de Ochoa? Muy independiente de todos los delitos [&hellip;]\" \/>\n<meta property=\"og:url\" content=\"https:\/\/lospoliticosveracruz.com\/?p=49092\" \/>\n<meta property=\"og:site_name\" content=\"Los pol\u00edticos Veracruz\" \/>\n<meta property=\"article:publisher\" content=\"https:\/\/www.facebook.com\/people\/Notimemes-de-los-Polticos\/61565672886568\/\" \/>\n<meta property=\"article:published_time\" content=\"2019-08-15T03:55:04+00:00\" \/>\n<meta property=\"og:image\" content=\"https:\/\/lospoliticosveracruz.com\/wp-content\/uploads\/2019\/08\/Rosario.jpeg\" \/>\n\t<meta property=\"og:image:width\" content=\"600\" \/>\n\t<meta property=\"og:image:height\" content=\"391\" \/>\n\t<meta property=\"og:image:type\" content=\"image\/jpeg\" \/>\n<meta name=\"author\" content=\"Lo viste en Los Pol\u00edticos\" \/>\n<meta name=\"twitter:card\" content=\"summary_large_image\" \/>\n<meta name=\"twitter:creator\" content=\"@LosPoliticosVer\" \/>\n<meta name=\"twitter:site\" content=\"@LosPoliticosVer\" \/>\n<meta name=\"twitter:label1\" content=\"Escrito por\" \/>\n\t<meta name=\"twitter:data1\" content=\"Lo viste en Los Pol\u00edticos\" \/>\n\t<meta name=\"twitter:label2\" content=\"Tiempo de lectura\" \/>\n\t<meta name=\"twitter:data2\" content=\"4 minutos\" \/>\n<script type=\"application\/ld+json\" class=\"yoast-schema-graph\">{\"@context\":\"https:\\\/\\\/schema.org\",\"@graph\":[{\"@type\":\"Article\",\"@id\":\"https:\\\/\\\/lospoliticosveracruz.com\\\/?p=49092#article\",\"isPartOf\":{\"@id\":\"https:\\\/\\\/lospoliticosveracruz.com\\\/?p=49092\"},\"author\":{\"name\":\"Lo viste en Los Pol\u00edticos\",\"@id\":\"https:\\\/\\\/lospoliticosveracruz.com\\\/#\\\/schema\\\/person\\\/b8702bb0e538456e6efd07080bf2a4a2\"},\"headline\":\"Rosario, la punta de la 4T\",\"datePublished\":\"2019-08-15T03:55:04+00:00\",\"mainEntityOfPage\":{\"@id\":\"https:\\\/\\\/lospoliticosveracruz.com\\\/?p=49092\"},\"wordCount\":771,\"commentCount\":0,\"publisher\":{\"@id\":\"https:\\\/\\\/lospoliticosveracruz.com\\\/#organization\"},\"image\":{\"@id\":\"https:\\\/\\\/lospoliticosveracruz.com\\\/?p=49092#primaryimage\"},\"thumbnailUrl\":\"https:\\\/\\\/lospoliticosveracruz.com\\\/wp-content\\\/uploads\\\/2019\\\/08\\\/Rosario.jpeg\",\"keywords\":[\"Enrique Pe\u00f1a Nieto\",\"Orizaba\",\"Osorio Chong\",\"Rosario Robles\",\"Veracruz\",\"Xalapa\"],\"articleSection\":[\"De Opini\u00f3n\"],\"inLanguage\":\"es\",\"potentialAction\":[{\"@type\":\"CommentAction\",\"name\":\"Comment\",\"target\":[\"https:\\\/\\\/lospoliticosveracruz.com\\\/?p=49092#respond\"]}]},{\"@type\":\"WebPage\",\"@id\":\"https:\\\/\\\/lospoliticosveracruz.com\\\/?p=49092\",\"url\":\"https:\\\/\\\/lospoliticosveracruz.com\\\/?p=49092\",\"name\":\"Rosario, la punta de la 4T - Los pol\u00edticos Veracruz\",\"isPartOf\":{\"@id\":\"https:\\\/\\\/lospoliticosveracruz.com\\\/#website\"},\"primaryImageOfPage\":{\"@id\":\"https:\\\/\\\/lospoliticosveracruz.com\\\/?p=49092#primaryimage\"},\"image\":{\"@id\":\"https:\\\/\\\/lospoliticosveracruz.com\\\/?p=49092#primaryimage\"},\"thumbnailUrl\":\"https:\\\/\\\/lospoliticosveracruz.com\\\/wp-content\\\/uploads\\\/2019\\\/08\\\/Rosario.jpeg\",\"datePublished\":\"2019-08-15T03:55:04+00:00\",\"breadcrumb\":{\"@id\":\"https:\\\/\\\/lospoliticosveracruz.com\\\/?p=49092#breadcrumb\"},\"inLanguage\":\"es\",\"potentialAction\":[{\"@type\":\"ReadAction\",\"target\":[\"https:\\\/\\\/lospoliticosveracruz.com\\\/?p=49092\"]}]},{\"@type\":\"ImageObject\",\"inLanguage\":\"es\",\"@id\":\"https:\\\/\\\/lospoliticosveracruz.com\\\/?p=49092#primaryimage\",\"url\":\"https:\\\/\\\/lospoliticosveracruz.com\\\/wp-content\\\/uploads\\\/2019\\\/08\\\/Rosario.jpeg\",\"contentUrl\":\"https:\\\/\\\/lospoliticosveracruz.com\\\/wp-content\\\/uploads\\\/2019\\\/08\\\/Rosario.jpeg\",\"width\":600,\"height\":391},{\"@type\":\"BreadcrumbList\",\"@id\":\"https:\\\/\\\/lospoliticosveracruz.com\\\/?p=49092#breadcrumb\",\"itemListElement\":[{\"@type\":\"ListItem\",\"position\":1,\"name\":\"Portada\",\"item\":\"https:\\\/\\\/lospoliticosveracruz.com\\\/\"},{\"@type\":\"ListItem\",\"position\":2,\"name\":\"Rosario, la punta de la 4T\"}]},{\"@type\":\"WebSite\",\"@id\":\"https:\\\/\\\/lospoliticosveracruz.com\\\/#website\",\"url\":\"https:\\\/\\\/lospoliticosveracruz.com\\\/\",\"name\":\"Los pol\u00edticos Veracruz\",\"description\":\"\",\"publisher\":{\"@id\":\"https:\\\/\\\/lospoliticosveracruz.com\\\/#organization\"},\"potentialAction\":[{\"@type\":\"SearchAction\",\"target\":{\"@type\":\"EntryPoint\",\"urlTemplate\":\"https:\\\/\\\/lospoliticosveracruz.com\\\/?s={search_term_string}\"},\"query-input\":{\"@type\":\"PropertyValueSpecification\",\"valueRequired\":true,\"valueName\":\"search_term_string\"}}],\"inLanguage\":\"es\"},{\"@type\":\"Organization\",\"@id\":\"https:\\\/\\\/lospoliticosveracruz.com\\\/#organization\",\"name\":\"Los pol\u00edticos Veracruz\",\"url\":\"https:\\\/\\\/lospoliticosveracruz.com\\\/\",\"logo\":{\"@type\":\"ImageObject\",\"inLanguage\":\"es\",\"@id\":\"https:\\\/\\\/lospoliticosveracruz.com\\\/#\\\/schema\\\/logo\\\/image\\\/\",\"url\":\"https:\\\/\\\/lospoliticosveracruz.com\\\/wp-content\\\/uploads\\\/2025\\\/12\\\/Logo-Nuevo-LOS-POLITICOS-1.jpg\",\"contentUrl\":\"https:\\\/\\\/lospoliticosveracruz.com\\\/wp-content\\\/uploads\\\/2025\\\/12\\\/Logo-Nuevo-LOS-POLITICOS-1.jpg\",\"width\":260,\"height\":70,\"caption\":\"Los pol\u00edticos Veracruz\"},\"image\":{\"@id\":\"https:\\\/\\\/lospoliticosveracruz.com\\\/#\\\/schema\\\/logo\\\/image\\\/\"},\"sameAs\":[\"https:\\\/\\\/www.facebook.com\\\/people\\\/Notimemes-de-los-Polticos\\\/61565672886568\\\/\",\"https:\\\/\\\/x.com\\\/LosPoliticosVer\"]},{\"@type\":\"Person\",\"@id\":\"https:\\\/\\\/lospoliticosveracruz.com\\\/#\\\/schema\\\/person\\\/b8702bb0e538456e6efd07080bf2a4a2\",\"name\":\"Lo viste en Los Pol\u00edticos\",\"image\":{\"@type\":\"ImageObject\",\"inLanguage\":\"es\",\"@id\":\"https:\\\/\\\/secure.gravatar.com\\\/avatar\\\/3a8de04a2656d44082be478bd6c086daa447c4651605818287b9532d3d0bd435?s=96&d=mm&r=g\",\"url\":\"https:\\\/\\\/secure.gravatar.com\\\/avatar\\\/3a8de04a2656d44082be478bd6c086daa447c4651605818287b9532d3d0bd435?s=96&d=mm&r=g\",\"contentUrl\":\"https:\\\/\\\/secure.gravatar.com\\\/avatar\\\/3a8de04a2656d44082be478bd6c086daa447c4651605818287b9532d3d0bd435?s=96&d=mm&r=g\",\"caption\":\"Lo viste en Los Pol\u00edticos\"},\"url\":\"https:\\\/\\\/lospoliticosveracruz.com\\\/?author=2\"}]}<\/script>\n<!-- \/ Yoast SEO plugin. -->","yoast_head_json":{"title":"Rosario, la punta de la 4T - Los pol\u00edticos Veracruz","robots":{"index":"index","follow":"follow","max-snippet":"max-snippet:-1","max-image-preview":"max-image-preview:large","max-video-preview":"max-video-preview:-1"},"canonical":"https:\/\/lospoliticosveracruz.com\/?p=49092","og_locale":"es_ES","og_type":"article","og_title":"Rosario, la punta de la 4T - Los pol\u00edticos Veracruz","og_description":"Salvador Mu\u00f1oz Los Pol\u00edticos Del \u201cNo te preocupes, Rosario\u201d se pudiera vaticinar el \u201cPreoc\u00fapate, Enrique\u201d&#8230; dije: \u201cSe pudiera vaticinar\u201d, pero la historia reciente en torno al expresidente Pe\u00f1a Nieto, nos dice otra cosa\u2026 por ejemplo: Javier Duarte de Ochoa. \u00bfQu\u00e9 pasa con el ex gobernador Javier Duarte de Ochoa? Muy independiente de todos los delitos [&hellip;]","og_url":"https:\/\/lospoliticosveracruz.com\/?p=49092","og_site_name":"Los pol\u00edticos Veracruz","article_publisher":"https:\/\/www.facebook.com\/people\/Notimemes-de-los-Polticos\/61565672886568\/","article_published_time":"2019-08-15T03:55:04+00:00","og_image":[{"width":600,"height":391,"url":"https:\/\/lospoliticosveracruz.com\/wp-content\/uploads\/2019\/08\/Rosario.jpeg","type":"image\/jpeg"}],"author":"Lo viste en Los Pol\u00edticos","twitter_card":"summary_large_image","twitter_creator":"@LosPoliticosVer","twitter_site":"@LosPoliticosVer","twitter_misc":{"Escrito por":"Lo viste en Los Pol\u00edticos","Tiempo de lectura":"4 minutos"},"schema":{"@context":"https:\/\/schema.org","@graph":[{"@type":"Article","@id":"https:\/\/lospoliticosveracruz.com\/?p=49092#article","isPartOf":{"@id":"https:\/\/lospoliticosveracruz.com\/?p=49092"},"author":{"name":"Lo viste en Los Pol\u00edticos","@id":"https:\/\/lospoliticosveracruz.com\/#\/schema\/person\/b8702bb0e538456e6efd07080bf2a4a2"},"headline":"Rosario, la punta de la 4T","datePublished":"2019-08-15T03:55:04+00:00","mainEntityOfPage":{"@id":"https:\/\/lospoliticosveracruz.com\/?p=49092"},"wordCount":771,"commentCount":0,"publisher":{"@id":"https:\/\/lospoliticosveracruz.com\/#organization"},"image":{"@id":"https:\/\/lospoliticosveracruz.com\/?p=49092#primaryimage"},"thumbnailUrl":"https:\/\/lospoliticosveracruz.com\/wp-content\/uploads\/2019\/08\/Rosario.jpeg","keywords":["Enrique Pe\u00f1a Nieto","Orizaba","Osorio Chong","Rosario Robles","Veracruz","Xalapa"],"articleSection":["De Opini\u00f3n"],"inLanguage":"es","potentialAction":[{"@type":"CommentAction","name":"Comment","target":["https:\/\/lospoliticosveracruz.com\/?p=49092#respond"]}]},{"@type":"WebPage","@id":"https:\/\/lospoliticosveracruz.com\/?p=49092","url":"https:\/\/lospoliticosveracruz.com\/?p=49092","name":"Rosario, la punta de la 4T - Los pol\u00edticos Veracruz","isPartOf":{"@id":"https:\/\/lospoliticosveracruz.com\/#website"},"primaryImageOfPage":{"@id":"https:\/\/lospoliticosveracruz.com\/?p=49092#primaryimage"},"image":{"@id":"https:\/\/lospoliticosveracruz.com\/?p=49092#primaryimage"},"thumbnailUrl":"https:\/\/lospoliticosveracruz.com\/wp-content\/uploads\/2019\/08\/Rosario.jpeg","datePublished":"2019-08-15T03:55:04+00:00","breadcrumb":{"@id":"https:\/\/lospoliticosveracruz.com\/?p=49092#breadcrumb"},"inLanguage":"es","potentialAction":[{"@type":"ReadAction","target":["https:\/\/lospoliticosveracruz.com\/?p=49092"]}]},{"@type":"ImageObject","inLanguage":"es","@id":"https:\/\/lospoliticosveracruz.com\/?p=49092#primaryimage","url":"https:\/\/lospoliticosveracruz.com\/wp-content\/uploads\/2019\/08\/Rosario.jpeg","contentUrl":"https:\/\/lospoliticosveracruz.com\/wp-content\/uploads\/2019\/08\/Rosario.jpeg","width":600,"height":391},{"@type":"BreadcrumbList","@id":"https:\/\/lospoliticosveracruz.com\/?p=49092#breadcrumb","itemListElement":[{"@type":"ListItem","position":1,"name":"Portada","item":"https:\/\/lospoliticosveracruz.com\/"},{"@type":"ListItem","position":2,"name":"Rosario, la punta de la 4T"}]},{"@type":"WebSite","@id":"https:\/\/lospoliticosveracruz.com\/#website","url":"https:\/\/lospoliticosveracruz.com\/","name":"Los pol\u00edticos Veracruz","description":"","publisher":{"@id":"https:\/\/lospoliticosveracruz.com\/#organization"},"potentialAction":[{"@type":"SearchAction","target":{"@type":"EntryPoint","urlTemplate":"https:\/\/lospoliticosveracruz.com\/?s={search_term_string}"},"query-input":{"@type":"PropertyValueSpecification","valueRequired":true,"valueName":"search_term_string"}}],"inLanguage":"es"},{"@type":"Organization","@id":"https:\/\/lospoliticosveracruz.com\/#organization","name":"Los pol\u00edticos Veracruz","url":"https:\/\/lospoliticosveracruz.com\/","logo":{"@type":"ImageObject","inLanguage":"es","@id":"https:\/\/lospoliticosveracruz.com\/#\/schema\/logo\/image\/","url":"https:\/\/lospoliticosveracruz.com\/wp-content\/uploads\/2025\/12\/Logo-Nuevo-LOS-POLITICOS-1.jpg","contentUrl":"https:\/\/lospoliticosveracruz.com\/wp-content\/uploads\/2025\/12\/Logo-Nuevo-LOS-POLITICOS-1.jpg","width":260,"height":70,"caption":"Los pol\u00edticos Veracruz"},"image":{"@id":"https:\/\/lospoliticosveracruz.com\/#\/schema\/logo\/image\/"},"sameAs":["https:\/\/www.facebook.com\/people\/Notimemes-de-los-Polticos\/61565672886568\/","https:\/\/x.com\/LosPoliticosVer"]},{"@type":"Person","@id":"https:\/\/lospoliticosveracruz.com\/#\/schema\/person\/b8702bb0e538456e6efd07080bf2a4a2","name":"Lo viste en Los Pol\u00edticos","image":{"@type":"ImageObject","inLanguage":"es","@id":"https:\/\/secure.gravatar.com\/avatar\/3a8de04a2656d44082be478bd6c086daa447c4651605818287b9532d3d0bd435?s=96&d=mm&r=g","url":"https:\/\/secure.gravatar.com\/avatar\/3a8de04a2656d44082be478bd6c086daa447c4651605818287b9532d3d0bd435?s=96&d=mm&r=g","contentUrl":"https:\/\/secure.gravatar.com\/avatar\/3a8de04a2656d44082be478bd6c086daa447c4651605818287b9532d3d0bd435?s=96&d=mm&r=g","caption":"Lo viste en Los Pol\u00edticos"},"url":"https:\/\/lospoliticosveracruz.com\/?author=2"}]}},"_links":{"self":[{"href":"https:\/\/lospoliticosveracruz.com\/index.php?rest_route=\/wp\/v2\/posts\/49092","targetHints":{"allow":["GET"]}}],"collection":[{"href":"https:\/\/lospoliticosveracruz.com\/index.php?rest_route=\/wp\/v2\/posts"}],"about":[{"href":"https:\/\/lospoliticosveracruz.com\/index.php?rest_route=\/wp\/v2\/types\/post"}],"author":[{"embeddable":true,"href":"https:\/\/lospoliticosveracruz.com\/index.php?rest_route=\/wp\/v2\/users\/2"}],"replies":[{"embeddable":true,"href":"https:\/\/lospoliticosveracruz.com\/index.php?rest_route=%2Fwp%2Fv2%2Fcomments&post=49092"}],"version-history":[{"count":1,"href":"https:\/\/lospoliticosveracruz.com\/index.php?rest_route=\/wp\/v2\/posts\/49092\/revisions"}],"predecessor-version":[{"id":49094,"href":"https:\/\/lospoliticosveracruz.com\/index.php?rest_route=\/wp\/v2\/posts\/49092\/revisions\/49094"}],"wp:featuredmedia":[{"embeddable":true,"href":"https:\/\/lospoliticosveracruz.com\/index.php?rest_route=\/wp\/v2\/media\/49093"}],"wp:attachment":[{"href":"https:\/\/lospoliticosveracruz.com\/index.php?rest_route=%2Fwp%2Fv2%2Fmedia&parent=49092"}],"wp:term":[{"taxonomy":"category","embeddable":true,"href":"https:\/\/lospoliticosveracruz.com\/index.php?rest_route=%2Fwp%2Fv2%2Fcategories&post=49092"},{"taxonomy":"post_tag","embeddable":true,"href":"https:\/\/lospoliticosveracruz.com\/index.php?rest_route=%2Fwp%2Fv2%2Ftags&post=49092"}],"curies":[{"name":"wp","href":"https:\/\/api.w.org\/{rel}","templated":true}]}}