{"id":49095,"date":"2019-08-14T19:18:47","date_gmt":"2019-08-15T00:18:47","guid":{"rendered":"http:\/\/www.lospoliticosveracruz.com.mx\/?p=49095"},"modified":"2019-08-14T19:18:47","modified_gmt":"2019-08-15T00:18:47","slug":"por-seguridad-de-hoteleros-identificacion-para-hospedarse-propone-unanue","status":"publish","type":"post","link":"https:\/\/lospoliticosveracruz.com\/?p=49095","title":{"rendered":"Por seguridad de hoteleros, identificaci\u00f3n para hospedarse, propone Unanue"},"content":{"rendered":"<p>El diputado del distrito de Boca del R\u00edo, Juan Manuel Unanue Abascal, present\u00f3 una iniciativa de reforma a la Ley de Turismo del Estado, a fin de contemplar la posibilidad para que los establecimientos de hospedaje, puedan solicitar identificaci\u00f3n a quienes se hospeden por m\u00e1s de ocho horas, sin que \u00e9sto constituya un acto violatorio a los derechos humanos.<\/p>\n<p>En la primera sesi\u00f3n ordinaria del segundo periodo de receso, el legislador que forma parte de la diputaci\u00f3n permanente, se\u00f1al\u00f3 que la medida responde a la exigencia de seguridad por parte de los hoteleros, tras los operativos que recientemente ha enfrentado \u00e9ste sector, y que han significado problemas para la prestaci\u00f3n del servicio, generando p\u00e9rdidas econ\u00f3micas al sector empresarial.<\/p>\n<p>Por lo cual que resulta urgente otorgar mayor seguridad a los prestadores y usuarios del servicio, aunado a la agudizaci\u00f3n del fen\u00f3meno migratorio en el pa\u00eds, que de acuerdo al Instituto Nacional de Migraci\u00f3n, ha incrementado en un 232% con respecto al a\u00f1o 2018, Veracruz enfrenta nuevos retos.<\/p>\n<p>Record\u00f3 que en meses pasados, varios prestadores de servicios de hoteles y moteles fueron sorprendidos por operativos de localizaci\u00f3n de migrantes, que se realizaron en la zona conurbada de Veracruz- Boca del Rio. Tras estos sucesos resulta necesario buscar mecanismos de coordinaci\u00f3n con las autoridades competentes, para que los prestadores de servicios no sean afectados con cierres parciales o permanentes de sus negocios, derivado del otorgamiento de servicios de hospedaje a la poblaci\u00f3n migrante.<\/p>\n<p>Juan Manuel Unanue indic\u00f3 que la reforma incorpora disposiciones que permitan una mejor cooperaci\u00f3n entre los programas implementados en materia de migraci\u00f3n por las autoridades competentes y el sector hotelero; y faculta a quienes administran hoteles, moteles o cualquiera otra forma de alojamiento, a solicitar identificaci\u00f3n al usuario de los servicios de hospedaje, siempre y cuando su estad\u00eda sea mayor a ocho horas.<\/p>\n<p>\u201cDe esta manera, contribuimos a fortalecer el marco regulatorio, as\u00ed como la atenci\u00f3n de los servicios de hospedaje en nuestro Estado\u201d concluy\u00f3 el legislador. En la sesi\u00f3n estuvieron presentes ediles del municipio de Alvarado, y el Presidente de la Asociaci\u00f3n de Hoteles y Moteles Veracruz- Boca del R\u00edo, Sergio Lois Heredia.<\/p>\n","protected":false},"excerpt":{"rendered":"<p>El diputado del distrito de Boca del R\u00edo, Juan Manuel Unanue Abascal, present\u00f3 una iniciativa de reforma a la Ley de Turismo del Estado, a fin de contemplar la posibilidad para que los establecimientos de hospedaje, puedan solicitar identificaci\u00f3n a quienes se hospeden por m\u00e1s de ocho horas, sin que \u00e9sto constituya un acto violatorio [&hellip;]<\/p>\n","protected":false},"author":2,"featured_media":0,"comment_status":"open","ping_status":"open","sticky":false,"template":"","format":"standard","meta":{"tdm_status":"","tdm_grid_status":"","footnotes":""},"categories":[73],"tags":[601,14921,12294,12535,11767],"class_list":{"0":"post-49095","1":"post","2":"type-post","3":"status-publish","4":"format-standard","6":"category-de-boleto","7":"tag-boca-del-rio","8":"tag-hospedaje","9":"tag-hoteleros","10":"tag-juan-manuel-unanue-abascal","11":"tag-ley-de-turismo-del-estado"},"yoast_head":"<!-- This site is optimized with the Yoast SEO plugin v27.4 - https:\/\/yoast.com\/product\/yoast-seo-wordpress\/ -->\n<title>Por seguridad de hoteleros, identificaci\u00f3n para hospedarse, propone Unanue - Los pol\u00edticos Veracruz<\/title>\n<meta name=\"robots\" content=\"index, follow, max-snippet:-1, max-image-preview:large, max-video-preview:-1\" \/>\n<link rel=\"canonical\" href=\"https:\/\/lospoliticosveracruz.com\/?p=49095\" \/>\n<meta property=\"og:locale\" content=\"es_ES\" \/>\n<meta property=\"og:type\" content=\"article\" \/>\n<meta property=\"og:title\" content=\"Por seguridad de hoteleros, identificaci\u00f3n para hospedarse, propone Unanue - Los pol\u00edticos Veracruz\" \/>\n<meta property=\"og:description\" content=\"El diputado del distrito de Boca del R\u00edo, Juan Manuel Unanue Abascal, present\u00f3 una iniciativa de reforma a la Ley de Turismo del Estado, a fin de contemplar la posibilidad para que los establecimientos de hospedaje, puedan solicitar identificaci\u00f3n a quienes se hospeden por m\u00e1s de ocho horas, sin que \u00e9sto constituya un acto violatorio [&hellip;]\" \/>\n<meta property=\"og:url\" content=\"https:\/\/lospoliticosveracruz.com\/?p=49095\" \/>\n<meta property=\"og:site_name\" content=\"Los pol\u00edticos Veracruz\" \/>\n<meta property=\"article:publisher\" content=\"https:\/\/www.facebook.com\/people\/Notimemes-de-los-Polticos\/61565672886568\/\" \/>\n<meta property=\"article:published_time\" content=\"2019-08-15T00:18:47+00:00\" \/>\n<meta property=\"og:image\" content=\"https:\/\/lospoliticosveracruz.com\/wp-content\/uploads\/2016\/07\/Logo-Dor.jpg\" \/>\n\t<meta property=\"og:image:width\" content=\"200\" \/>\n\t<meta property=\"og:image:height\" content=\"200\" \/>\n\t<meta property=\"og:image:type\" content=\"image\/jpeg\" \/>\n<meta name=\"author\" content=\"Lo viste en Los Pol\u00edticos\" \/>\n<meta name=\"twitter:card\" content=\"summary_large_image\" \/>\n<meta name=\"twitter:creator\" content=\"@LosPoliticosVer\" \/>\n<meta name=\"twitter:site\" content=\"@LosPoliticosVer\" \/>\n<meta name=\"twitter:label1\" content=\"Escrito por\" \/>\n\t<meta name=\"twitter:data1\" content=\"Lo viste en Los Pol\u00edticos\" \/>\n\t<meta name=\"twitter:label2\" content=\"Tiempo de lectura\" \/>\n\t<meta name=\"twitter:data2\" content=\"2 minutos\" \/>\n<script type=\"application\/ld+json\" class=\"yoast-schema-graph\">{\"@context\":\"https:\\\/\\\/schema.org\",\"@graph\":[{\"@type\":\"Article\",\"@id\":\"https:\\\/\\\/lospoliticosveracruz.com\\\/?p=49095#article\",\"isPartOf\":{\"@id\":\"https:\\\/\\\/lospoliticosveracruz.com\\\/?p=49095\"},\"author\":{\"name\":\"Lo viste en Los Pol\u00edticos\",\"@id\":\"https:\\\/\\\/lospoliticosveracruz.com\\\/#\\\/schema\\\/person\\\/b8702bb0e538456e6efd07080bf2a4a2\"},\"headline\":\"Por seguridad de hoteleros, identificaci\u00f3n para hospedarse, propone Unanue\",\"datePublished\":\"2019-08-15T00:18:47+00:00\",\"mainEntityOfPage\":{\"@id\":\"https:\\\/\\\/lospoliticosveracruz.com\\\/?p=49095\"},\"wordCount\":387,\"commentCount\":0,\"publisher\":{\"@id\":\"https:\\\/\\\/lospoliticosveracruz.com\\\/#organization\"},\"keywords\":[\"Boca del R\u00edo\",\"hospedaje\",\"hoteleros\",\"Juan Manuel Un\u00e1nue Abascal\",\"Ley de Turismo del Estado\"],\"articleSection\":[\"De Boleto\"],\"inLanguage\":\"es\",\"potentialAction\":[{\"@type\":\"CommentAction\",\"name\":\"Comment\",\"target\":[\"https:\\\/\\\/lospoliticosveracruz.com\\\/?p=49095#respond\"]}]},{\"@type\":\"WebPage\",\"@id\":\"https:\\\/\\\/lospoliticosveracruz.com\\\/?p=49095\",\"url\":\"https:\\\/\\\/lospoliticosveracruz.com\\\/?p=49095\",\"name\":\"Por seguridad de hoteleros, identificaci\u00f3n para hospedarse, propone Unanue - Los pol\u00edticos Veracruz\",\"isPartOf\":{\"@id\":\"https:\\\/\\\/lospoliticosveracruz.com\\\/#website\"},\"datePublished\":\"2019-08-15T00:18:47+00:00\",\"breadcrumb\":{\"@id\":\"https:\\\/\\\/lospoliticosveracruz.com\\\/?p=49095#breadcrumb\"},\"inLanguage\":\"es\",\"potentialAction\":[{\"@type\":\"ReadAction\",\"target\":[\"https:\\\/\\\/lospoliticosveracruz.com\\\/?p=49095\"]}]},{\"@type\":\"BreadcrumbList\",\"@id\":\"https:\\\/\\\/lospoliticosveracruz.com\\\/?p=49095#breadcrumb\",\"itemListElement\":[{\"@type\":\"ListItem\",\"position\":1,\"name\":\"Portada\",\"item\":\"https:\\\/\\\/lospoliticosveracruz.com\\\/\"},{\"@type\":\"ListItem\",\"position\":2,\"name\":\"Por seguridad de hoteleros, identificaci\u00f3n para hospedarse, propone Unanue\"}]},{\"@type\":\"WebSite\",\"@id\":\"https:\\\/\\\/lospoliticosveracruz.com\\\/#website\",\"url\":\"https:\\\/\\\/lospoliticosveracruz.com\\\/\",\"name\":\"Los pol\u00edticos Veracruz\",\"description\":\"\",\"publisher\":{\"@id\":\"https:\\\/\\\/lospoliticosveracruz.com\\\/#organization\"},\"potentialAction\":[{\"@type\":\"SearchAction\",\"target\":{\"@type\":\"EntryPoint\",\"urlTemplate\":\"https:\\\/\\\/lospoliticosveracruz.com\\\/?s={search_term_string}\"},\"query-input\":{\"@type\":\"PropertyValueSpecification\",\"valueRequired\":true,\"valueName\":\"search_term_string\"}}],\"inLanguage\":\"es\"},{\"@type\":\"Organization\",\"@id\":\"https:\\\/\\\/lospoliticosveracruz.com\\\/#organization\",\"name\":\"Los pol\u00edticos Veracruz\",\"url\":\"https:\\\/\\\/lospoliticosveracruz.com\\\/\",\"logo\":{\"@type\":\"ImageObject\",\"inLanguage\":\"es\",\"@id\":\"https:\\\/\\\/lospoliticosveracruz.com\\\/#\\\/schema\\\/logo\\\/image\\\/\",\"url\":\"https:\\\/\\\/lospoliticosveracruz.com\\\/wp-content\\\/uploads\\\/2025\\\/12\\\/Logo-Nuevo-LOS-POLITICOS-1.jpg\",\"contentUrl\":\"https:\\\/\\\/lospoliticosveracruz.com\\\/wp-content\\\/uploads\\\/2025\\\/12\\\/Logo-Nuevo-LOS-POLITICOS-1.jpg\",\"width\":260,\"height\":70,\"caption\":\"Los pol\u00edticos Veracruz\"},\"image\":{\"@id\":\"https:\\\/\\\/lospoliticosveracruz.com\\\/#\\\/schema\\\/logo\\\/image\\\/\"},\"sameAs\":[\"https:\\\/\\\/www.facebook.com\\\/people\\\/Notimemes-de-los-Polticos\\\/61565672886568\\\/\",\"https:\\\/\\\/x.com\\\/LosPoliticosVer\"]},{\"@type\":\"Person\",\"@id\":\"https:\\\/\\\/lospoliticosveracruz.com\\\/#\\\/schema\\\/person\\\/b8702bb0e538456e6efd07080bf2a4a2\",\"name\":\"Lo viste en Los Pol\u00edticos\",\"image\":{\"@type\":\"ImageObject\",\"inLanguage\":\"es\",\"@id\":\"https:\\\/\\\/secure.gravatar.com\\\/avatar\\\/3a8de04a2656d44082be478bd6c086daa447c4651605818287b9532d3d0bd435?s=96&d=mm&r=g\",\"url\":\"https:\\\/\\\/secure.gravatar.com\\\/avatar\\\/3a8de04a2656d44082be478bd6c086daa447c4651605818287b9532d3d0bd435?s=96&d=mm&r=g\",\"contentUrl\":\"https:\\\/\\\/secure.gravatar.com\\\/avatar\\\/3a8de04a2656d44082be478bd6c086daa447c4651605818287b9532d3d0bd435?s=96&d=mm&r=g\",\"caption\":\"Lo viste en Los Pol\u00edticos\"},\"url\":\"https:\\\/\\\/lospoliticosveracruz.com\\\/?author=2\"}]}<\/script>\n<!-- \/ Yoast SEO plugin. -->","yoast_head_json":{"title":"Por seguridad de hoteleros, identificaci\u00f3n para hospedarse, propone Unanue - Los pol\u00edticos Veracruz","robots":{"index":"index","follow":"follow","max-snippet":"max-snippet:-1","max-image-preview":"max-image-preview:large","max-video-preview":"max-video-preview:-1"},"canonical":"https:\/\/lospoliticosveracruz.com\/?p=49095","og_locale":"es_ES","og_type":"article","og_title":"Por seguridad de hoteleros, identificaci\u00f3n para hospedarse, propone Unanue - Los pol\u00edticos Veracruz","og_description":"El diputado del distrito de Boca del R\u00edo, Juan Manuel Unanue Abascal, present\u00f3 una iniciativa de reforma a la Ley de Turismo del Estado, a fin de contemplar la posibilidad para que los establecimientos de hospedaje, puedan solicitar identificaci\u00f3n a quienes se hospeden por m\u00e1s de ocho horas, sin que \u00e9sto constituya un acto violatorio [&hellip;]","og_url":"https:\/\/lospoliticosveracruz.com\/?p=49095","og_site_name":"Los pol\u00edticos Veracruz","article_publisher":"https:\/\/www.facebook.com\/people\/Notimemes-de-los-Polticos\/61565672886568\/","article_published_time":"2019-08-15T00:18:47+00:00","og_image":[{"width":200,"height":200,"url":"https:\/\/lospoliticosveracruz.com\/wp-content\/uploads\/2016\/07\/Logo-Dor.jpg","type":"image\/jpeg"}],"author":"Lo viste en Los Pol\u00edticos","twitter_card":"summary_large_image","twitter_creator":"@LosPoliticosVer","twitter_site":"@LosPoliticosVer","twitter_misc":{"Escrito por":"Lo viste en Los Pol\u00edticos","Tiempo de lectura":"2 minutos"},"schema":{"@context":"https:\/\/schema.org","@graph":[{"@type":"Article","@id":"https:\/\/lospoliticosveracruz.com\/?p=49095#article","isPartOf":{"@id":"https:\/\/lospoliticosveracruz.com\/?p=49095"},"author":{"name":"Lo viste en Los Pol\u00edticos","@id":"https:\/\/lospoliticosveracruz.com\/#\/schema\/person\/b8702bb0e538456e6efd07080bf2a4a2"},"headline":"Por seguridad de hoteleros, identificaci\u00f3n para hospedarse, propone Unanue","datePublished":"2019-08-15T00:18:47+00:00","mainEntityOfPage":{"@id":"https:\/\/lospoliticosveracruz.com\/?p=49095"},"wordCount":387,"commentCount":0,"publisher":{"@id":"https:\/\/lospoliticosveracruz.com\/#organization"},"keywords":["Boca del R\u00edo","hospedaje","hoteleros","Juan Manuel Un\u00e1nue Abascal","Ley de Turismo del Estado"],"articleSection":["De Boleto"],"inLanguage":"es","potentialAction":[{"@type":"CommentAction","name":"Comment","target":["https:\/\/lospoliticosveracruz.com\/?p=49095#respond"]}]},{"@type":"WebPage","@id":"https:\/\/lospoliticosveracruz.com\/?p=49095","url":"https:\/\/lospoliticosveracruz.com\/?p=49095","name":"Por seguridad de hoteleros, identificaci\u00f3n para hospedarse, propone Unanue - Los pol\u00edticos Veracruz","isPartOf":{"@id":"https:\/\/lospoliticosveracruz.com\/#website"},"datePublished":"2019-08-15T00:18:47+00:00","breadcrumb":{"@id":"https:\/\/lospoliticosveracruz.com\/?p=49095#breadcrumb"},"inLanguage":"es","potentialAction":[{"@type":"ReadAction","target":["https:\/\/lospoliticosveracruz.com\/?p=49095"]}]},{"@type":"BreadcrumbList","@id":"https:\/\/lospoliticosveracruz.com\/?p=49095#breadcrumb","itemListElement":[{"@type":"ListItem","position":1,"name":"Portada","item":"https:\/\/lospoliticosveracruz.com\/"},{"@type":"ListItem","position":2,"name":"Por seguridad de hoteleros, identificaci\u00f3n para hospedarse, propone Unanue"}]},{"@type":"WebSite","@id":"https:\/\/lospoliticosveracruz.com\/#website","url":"https:\/\/lospoliticosveracruz.com\/","name":"Los pol\u00edticos Veracruz","description":"","publisher":{"@id":"https:\/\/lospoliticosveracruz.com\/#organization"},"potentialAction":[{"@type":"SearchAction","target":{"@type":"EntryPoint","urlTemplate":"https:\/\/lospoliticosveracruz.com\/?s={search_term_string}"},"query-input":{"@type":"PropertyValueSpecification","valueRequired":true,"valueName":"search_term_string"}}],"inLanguage":"es"},{"@type":"Organization","@id":"https:\/\/lospoliticosveracruz.com\/#organization","name":"Los pol\u00edticos Veracruz","url":"https:\/\/lospoliticosveracruz.com\/","logo":{"@type":"ImageObject","inLanguage":"es","@id":"https:\/\/lospoliticosveracruz.com\/#\/schema\/logo\/image\/","url":"https:\/\/lospoliticosveracruz.com\/wp-content\/uploads\/2025\/12\/Logo-Nuevo-LOS-POLITICOS-1.jpg","contentUrl":"https:\/\/lospoliticosveracruz.com\/wp-content\/uploads\/2025\/12\/Logo-Nuevo-LOS-POLITICOS-1.jpg","width":260,"height":70,"caption":"Los pol\u00edticos Veracruz"},"image":{"@id":"https:\/\/lospoliticosveracruz.com\/#\/schema\/logo\/image\/"},"sameAs":["https:\/\/www.facebook.com\/people\/Notimemes-de-los-Polticos\/61565672886568\/","https:\/\/x.com\/LosPoliticosVer"]},{"@type":"Person","@id":"https:\/\/lospoliticosveracruz.com\/#\/schema\/person\/b8702bb0e538456e6efd07080bf2a4a2","name":"Lo viste en Los Pol\u00edticos","image":{"@type":"ImageObject","inLanguage":"es","@id":"https:\/\/secure.gravatar.com\/avatar\/3a8de04a2656d44082be478bd6c086daa447c4651605818287b9532d3d0bd435?s=96&d=mm&r=g","url":"https:\/\/secure.gravatar.com\/avatar\/3a8de04a2656d44082be478bd6c086daa447c4651605818287b9532d3d0bd435?s=96&d=mm&r=g","contentUrl":"https:\/\/secure.gravatar.com\/avatar\/3a8de04a2656d44082be478bd6c086daa447c4651605818287b9532d3d0bd435?s=96&d=mm&r=g","caption":"Lo viste en Los Pol\u00edticos"},"url":"https:\/\/lospoliticosveracruz.com\/?author=2"}]}},"_links":{"self":[{"href":"https:\/\/lospoliticosveracruz.com\/index.php?rest_route=\/wp\/v2\/posts\/49095","targetHints":{"allow":["GET"]}}],"collection":[{"href":"https:\/\/lospoliticosveracruz.com\/index.php?rest_route=\/wp\/v2\/posts"}],"about":[{"href":"https:\/\/lospoliticosveracruz.com\/index.php?rest_route=\/wp\/v2\/types\/post"}],"author":[{"embeddable":true,"href":"https:\/\/lospoliticosveracruz.com\/index.php?rest_route=\/wp\/v2\/users\/2"}],"replies":[{"embeddable":true,"href":"https:\/\/lospoliticosveracruz.com\/index.php?rest_route=%2Fwp%2Fv2%2Fcomments&post=49095"}],"version-history":[{"count":1,"href":"https:\/\/lospoliticosveracruz.com\/index.php?rest_route=\/wp\/v2\/posts\/49095\/revisions"}],"predecessor-version":[{"id":49097,"href":"https:\/\/lospoliticosveracruz.com\/index.php?rest_route=\/wp\/v2\/posts\/49095\/revisions\/49097"}],"wp:attachment":[{"href":"https:\/\/lospoliticosveracruz.com\/index.php?rest_route=%2Fwp%2Fv2%2Fmedia&parent=49095"}],"wp:term":[{"taxonomy":"category","embeddable":true,"href":"https:\/\/lospoliticosveracruz.com\/index.php?rest_route=%2Fwp%2Fv2%2Fcategories&post=49095"},{"taxonomy":"post_tag","embeddable":true,"href":"https:\/\/lospoliticosveracruz.com\/index.php?rest_route=%2Fwp%2Fv2%2Ftags&post=49095"}],"curies":[{"name":"wp","href":"https:\/\/api.w.org\/{rel}","templated":true}]}}