{"id":49098,"date":"2019-08-14T22:55:14","date_gmt":"2019-08-15T03:55:14","guid":{"rendered":"http:\/\/www.lospoliticosveracruz.com.mx\/?p=49098"},"modified":"2019-08-14T20:54:03","modified_gmt":"2019-08-15T01:54:03","slug":"rosario-y-la-extincion-de-dominio","status":"publish","type":"post","link":"https:\/\/lospoliticosveracruz.com\/?p=49098","title":{"rendered":"Rosario y la Extinci\u00f3n de Dominio"},"content":{"rendered":"<p><strong>Brenda Caballero<\/strong><\/p>\n<p><em>N\u00fameros Rojos<\/em><\/p>\n<p>Pensar que la detenci\u00f3n de Rosario Robles Berlanga es creer que ahora s\u00ed habr\u00e1 justicia en M\u00e9xico, es como suponer que cualquier ex gobernador o ex funcionario devolver\u00e1 de manera voluntaria lo que se rob\u00f3 durante el ejercicio de poder.<\/p>\n<p>La noticia pudiera impactar entre los mexicanos, sin embargo a la mayor\u00eda nos hace pensar que es parte del show. Rosario pudiera ser la punta de la madeja de la llamada Estafa Maestra, donde intervinieron un sinn\u00famero de pol\u00edticos y hasta acad\u00e9micos; sin embargo, su detenci\u00f3n m\u00e1s bien pareciera medi\u00e1tica.<\/p>\n<p>Ya lo dicen los especialistas jur\u00eddicos, el delito que le imputaron no amerita prisi\u00f3n preventiva, por lo tanto se violenta el libre proceso y saldr\u00e1 libre. Aunque el argumento del juez para la prisi\u00f3n fue que pod\u00eda huir, raz\u00f3n por la que se fue directito a una celda de Santa Martha Acatitla.<\/p>\n<p>Sin embargo, nos cuesta creer que habr\u00e1 justicia, y m\u00e1s cuando tenemos de antecedente el caso de la negociaci\u00f3n del ex gobernador de Veracruz Javier Duarte de Ochoa.<\/p>\n<p>Un amigo me dec\u00eda que buscar\u00e1 el amparo en un par de meses, pagar\u00e1 fianza y saldr\u00e1 libre.<\/p>\n<p>Algunos m\u00e1s relacionan el caso con una venganza del Presidente hacia ella y Carlos Ahumada. Esto ante su traici\u00f3n y alianza con Enrique Pe\u00f1a Nieto.<\/p>\n<p>Sin embargo, la vinculaci\u00f3n a proceso no recae en el Poder Ejecutivo, sino en el Poder Judicial, y \u00e9se debemos entender que es independiente y que no representa a la 4T; por lo tanto, la vinculaci\u00f3n a una venganza pol\u00edtica no aplicar\u00eda. A menos que\u2026<\/p>\n<p>Bueno, ya lo veremos, ya que si se quiere hacer justicia, aparte de Rosario deber\u00e1n caer otros once varones vinculados a la Estafa Maestra que ampara un desv\u00edo de 7 mil 670 millones 77 mil 500 pesos como son: Gerardo Ruiz Esparza (SCT), Enrique Mart\u00ednez y Mart\u00ednez (Sagarpa), Emilio Lozoya Austin (Pemex), Alfredo del Mazo Maza (Banobras), Jos\u00e9 Reyes Baeza Terrazas (Fovissste), Emilio Chauyffet Chemor (SEP), Manuel Ignacio Acosta Guti\u00e9rrez (RAN), Enrique S\u00e1nchez Cruz (Senasica), Idelfonso Guajardo (SE) y Alfredo Llorente Mart\u00ednez (INEA), este \u00faltimo, oriundo de tierra veracruzana.<\/p>\n<p>\u00bfVincular\u00e1n a proceso a todos? \u00bfHabr\u00e1 justicia? Disculpe usted mi incredulidad, pero creo que no llegar\u00e1 la justicia que tanto ansiamos los mexicanos, y mi opini\u00f3n se basa en que si de verdad se quisiera hacer justicia lo primero que se tendr\u00eda que hacer es revisar nuestro sistema de justicia penal acusatorio, reestructurarlo y entonces s\u00ed, quitar todos los vac\u00edos de ley que permiten la impunidad en nuestro pa\u00eds.<\/p>\n<p>Incluso mucho tiene que ver la reciente aprobaci\u00f3n de ley de Extinci\u00f3n de Dominio, pues \u00bfQu\u00e9 puede desearle el pueblo a un funcionario corrupto? \u00a1Definitivamente que le quiten los bienes que se rob\u00f3!<\/p>\n<p>Esta \u201cestrategia\u201d me hace recordar lo sucedido en el gobierno yunista, con los bienes recuperados, donde \u201cincautaron\u201d algunos bienes a funcionarios duartistas, espec\u00edficamente a \u00c9dgar Spinoso Carrera. Yunes Linares le aplic\u00f3 la extinci\u00f3n de dominio, pero sin ley.<\/p>\n<p>Sin embargo, ahora es diferente\u2026 con la Extinci\u00f3n de Dominio aprobada en su mayor\u00eda por los Congresos, la ley les caer\u00e1 encima y la estrenar\u00e1n sin lugar a dudas con Rosario Robles Berlanga, aunque no ser\u00e1 la \u00fanica a la que se le incauten sus bienes considerados adquiridos con dinero derivado de actos de corrupci\u00f3n.<\/p>\n<p>Aqu\u00ed no importar\u00e1 si la Ley de Extinci\u00f3n de Dominio violenta la presunci\u00f3n de inocencia y arriesga el derecho fundamental del respeto a la propiedad privada, lo importante es que se puedan confiscar bienes para el Instituto Para Devolver al Pueblo lo Robado y \u00e9ste a su vez pueda aplicarlos en grupos vulnerables.<\/p>\n<p>Sin duda, una medida que dejar\u00e1 a un pueblo contento despu\u00e9s del hartazgo de la impunidad.<\/p>\n<p>&nbsp;<\/p>\n<p><a href=\"mailto:caballero_brenda@hotmail.com\">caballero_brenda@hotmail.com<\/a><\/p>\n<p>@NumerosRojos_BC<\/p>\n","protected":false},"excerpt":{"rendered":"<p>Brenda Caballero N\u00fameros Rojos Pensar que la detenci\u00f3n de Rosario Robles Berlanga es creer que ahora s\u00ed habr\u00e1 justicia en M\u00e9xico, es como suponer que cualquier ex gobernador o ex funcionario devolver\u00e1 de manera voluntaria lo que se rob\u00f3 durante el ejercicio de poder. La noticia pudiera impactar entre los mexicanos, sin embargo a la [&hellip;]<\/p>\n","protected":false},"author":2,"featured_media":0,"comment_status":"open","ping_status":"open","sticky":false,"template":"","format":"standard","meta":{"tdm_status":"","tdm_grid_status":"","footnotes":""},"categories":[70],"tags":[618,8169,15060,2882],"class_list":{"0":"post-49098","1":"post","2":"type-post","3":"status-publish","4":"format-standard","6":"category-de-opinion","7":"tag-andres-manuel-lopez-obrador","8":"tag-carlos-ahumada","9":"tag-extincion-de-dominio","10":"tag-rosario-robles-berlanga"},"yoast_head":"<!-- This site is optimized with the Yoast SEO plugin v27.4 - https:\/\/yoast.com\/product\/yoast-seo-wordpress\/ -->\n<title>Rosario y la Extinci\u00f3n de Dominio - Los pol\u00edticos Veracruz<\/title>\n<meta name=\"robots\" content=\"index, follow, max-snippet:-1, max-image-preview:large, max-video-preview:-1\" \/>\n<link rel=\"canonical\" href=\"https:\/\/lospoliticosveracruz.com\/?p=49098\" \/>\n<meta property=\"og:locale\" content=\"es_ES\" \/>\n<meta property=\"og:type\" content=\"article\" \/>\n<meta property=\"og:title\" content=\"Rosario y la Extinci\u00f3n de Dominio - Los pol\u00edticos Veracruz\" \/>\n<meta property=\"og:description\" content=\"Brenda Caballero N\u00fameros Rojos Pensar que la detenci\u00f3n de Rosario Robles Berlanga es creer que ahora s\u00ed habr\u00e1 justicia en M\u00e9xico, es como suponer que cualquier ex gobernador o ex funcionario devolver\u00e1 de manera voluntaria lo que se rob\u00f3 durante el ejercicio de poder. La noticia pudiera impactar entre los mexicanos, sin embargo a la [&hellip;]\" \/>\n<meta property=\"og:url\" content=\"https:\/\/lospoliticosveracruz.com\/?p=49098\" \/>\n<meta property=\"og:site_name\" content=\"Los pol\u00edticos Veracruz\" \/>\n<meta property=\"article:publisher\" content=\"https:\/\/www.facebook.com\/people\/Notimemes-de-los-Polticos\/61565672886568\/\" \/>\n<meta property=\"article:published_time\" content=\"2019-08-15T03:55:14+00:00\" \/>\n<meta property=\"og:image\" content=\"https:\/\/lospoliticosveracruz.com\/wp-content\/uploads\/2016\/07\/Logo-Dor.jpg\" \/>\n\t<meta property=\"og:image:width\" content=\"200\" \/>\n\t<meta property=\"og:image:height\" content=\"200\" \/>\n\t<meta property=\"og:image:type\" content=\"image\/jpeg\" \/>\n<meta name=\"author\" content=\"Lo viste en Los Pol\u00edticos\" \/>\n<meta name=\"twitter:card\" content=\"summary_large_image\" \/>\n<meta name=\"twitter:creator\" content=\"@LosPoliticosVer\" \/>\n<meta name=\"twitter:site\" content=\"@LosPoliticosVer\" \/>\n<meta name=\"twitter:label1\" content=\"Escrito por\" \/>\n\t<meta name=\"twitter:data1\" content=\"Lo viste en Los Pol\u00edticos\" \/>\n\t<meta name=\"twitter:label2\" content=\"Tiempo de lectura\" \/>\n\t<meta name=\"twitter:data2\" content=\"3 minutos\" \/>\n<script type=\"application\/ld+json\" class=\"yoast-schema-graph\">{\"@context\":\"https:\\\/\\\/schema.org\",\"@graph\":[{\"@type\":\"Article\",\"@id\":\"https:\\\/\\\/lospoliticosveracruz.com\\\/?p=49098#article\",\"isPartOf\":{\"@id\":\"https:\\\/\\\/lospoliticosveracruz.com\\\/?p=49098\"},\"author\":{\"name\":\"Lo viste en Los Pol\u00edticos\",\"@id\":\"https:\\\/\\\/lospoliticosveracruz.com\\\/#\\\/schema\\\/person\\\/b8702bb0e538456e6efd07080bf2a4a2\"},\"headline\":\"Rosario y la Extinci\u00f3n de Dominio\",\"datePublished\":\"2019-08-15T03:55:14+00:00\",\"mainEntityOfPage\":{\"@id\":\"https:\\\/\\\/lospoliticosveracruz.com\\\/?p=49098\"},\"wordCount\":673,\"commentCount\":0,\"publisher\":{\"@id\":\"https:\\\/\\\/lospoliticosveracruz.com\\\/#organization\"},\"keywords\":[\"Andr\u00e9s Manuel L\u00f3pez Obrador\",\"Carlos Ahumada\",\"Extinci\u00f3n de dominio\",\"Rosario Robles Berlanga\"],\"articleSection\":[\"De Opini\u00f3n\"],\"inLanguage\":\"es\",\"potentialAction\":[{\"@type\":\"CommentAction\",\"name\":\"Comment\",\"target\":[\"https:\\\/\\\/lospoliticosveracruz.com\\\/?p=49098#respond\"]}]},{\"@type\":\"WebPage\",\"@id\":\"https:\\\/\\\/lospoliticosveracruz.com\\\/?p=49098\",\"url\":\"https:\\\/\\\/lospoliticosveracruz.com\\\/?p=49098\",\"name\":\"Rosario y la Extinci\u00f3n de Dominio - Los pol\u00edticos Veracruz\",\"isPartOf\":{\"@id\":\"https:\\\/\\\/lospoliticosveracruz.com\\\/#website\"},\"datePublished\":\"2019-08-15T03:55:14+00:00\",\"breadcrumb\":{\"@id\":\"https:\\\/\\\/lospoliticosveracruz.com\\\/?p=49098#breadcrumb\"},\"inLanguage\":\"es\",\"potentialAction\":[{\"@type\":\"ReadAction\",\"target\":[\"https:\\\/\\\/lospoliticosveracruz.com\\\/?p=49098\"]}]},{\"@type\":\"BreadcrumbList\",\"@id\":\"https:\\\/\\\/lospoliticosveracruz.com\\\/?p=49098#breadcrumb\",\"itemListElement\":[{\"@type\":\"ListItem\",\"position\":1,\"name\":\"Portada\",\"item\":\"https:\\\/\\\/lospoliticosveracruz.com\\\/\"},{\"@type\":\"ListItem\",\"position\":2,\"name\":\"Rosario y la Extinci\u00f3n de Dominio\"}]},{\"@type\":\"WebSite\",\"@id\":\"https:\\\/\\\/lospoliticosveracruz.com\\\/#website\",\"url\":\"https:\\\/\\\/lospoliticosveracruz.com\\\/\",\"name\":\"Los pol\u00edticos Veracruz\",\"description\":\"\",\"publisher\":{\"@id\":\"https:\\\/\\\/lospoliticosveracruz.com\\\/#organization\"},\"potentialAction\":[{\"@type\":\"SearchAction\",\"target\":{\"@type\":\"EntryPoint\",\"urlTemplate\":\"https:\\\/\\\/lospoliticosveracruz.com\\\/?s={search_term_string}\"},\"query-input\":{\"@type\":\"PropertyValueSpecification\",\"valueRequired\":true,\"valueName\":\"search_term_string\"}}],\"inLanguage\":\"es\"},{\"@type\":\"Organization\",\"@id\":\"https:\\\/\\\/lospoliticosveracruz.com\\\/#organization\",\"name\":\"Los pol\u00edticos Veracruz\",\"url\":\"https:\\\/\\\/lospoliticosveracruz.com\\\/\",\"logo\":{\"@type\":\"ImageObject\",\"inLanguage\":\"es\",\"@id\":\"https:\\\/\\\/lospoliticosveracruz.com\\\/#\\\/schema\\\/logo\\\/image\\\/\",\"url\":\"https:\\\/\\\/lospoliticosveracruz.com\\\/wp-content\\\/uploads\\\/2025\\\/12\\\/Logo-Nuevo-LOS-POLITICOS-1.jpg\",\"contentUrl\":\"https:\\\/\\\/lospoliticosveracruz.com\\\/wp-content\\\/uploads\\\/2025\\\/12\\\/Logo-Nuevo-LOS-POLITICOS-1.jpg\",\"width\":260,\"height\":70,\"caption\":\"Los pol\u00edticos Veracruz\"},\"image\":{\"@id\":\"https:\\\/\\\/lospoliticosveracruz.com\\\/#\\\/schema\\\/logo\\\/image\\\/\"},\"sameAs\":[\"https:\\\/\\\/www.facebook.com\\\/people\\\/Notimemes-de-los-Polticos\\\/61565672886568\\\/\",\"https:\\\/\\\/x.com\\\/LosPoliticosVer\"]},{\"@type\":\"Person\",\"@id\":\"https:\\\/\\\/lospoliticosveracruz.com\\\/#\\\/schema\\\/person\\\/b8702bb0e538456e6efd07080bf2a4a2\",\"name\":\"Lo viste en Los Pol\u00edticos\",\"image\":{\"@type\":\"ImageObject\",\"inLanguage\":\"es\",\"@id\":\"https:\\\/\\\/secure.gravatar.com\\\/avatar\\\/3a8de04a2656d44082be478bd6c086daa447c4651605818287b9532d3d0bd435?s=96&d=mm&r=g\",\"url\":\"https:\\\/\\\/secure.gravatar.com\\\/avatar\\\/3a8de04a2656d44082be478bd6c086daa447c4651605818287b9532d3d0bd435?s=96&d=mm&r=g\",\"contentUrl\":\"https:\\\/\\\/secure.gravatar.com\\\/avatar\\\/3a8de04a2656d44082be478bd6c086daa447c4651605818287b9532d3d0bd435?s=96&d=mm&r=g\",\"caption\":\"Lo viste en Los Pol\u00edticos\"},\"url\":\"https:\\\/\\\/lospoliticosveracruz.com\\\/?author=2\"}]}<\/script>\n<!-- \/ Yoast SEO plugin. -->","yoast_head_json":{"title":"Rosario y la Extinci\u00f3n de Dominio - Los pol\u00edticos Veracruz","robots":{"index":"index","follow":"follow","max-snippet":"max-snippet:-1","max-image-preview":"max-image-preview:large","max-video-preview":"max-video-preview:-1"},"canonical":"https:\/\/lospoliticosveracruz.com\/?p=49098","og_locale":"es_ES","og_type":"article","og_title":"Rosario y la Extinci\u00f3n de Dominio - Los pol\u00edticos Veracruz","og_description":"Brenda Caballero N\u00fameros Rojos Pensar que la detenci\u00f3n de Rosario Robles Berlanga es creer que ahora s\u00ed habr\u00e1 justicia en M\u00e9xico, es como suponer que cualquier ex gobernador o ex funcionario devolver\u00e1 de manera voluntaria lo que se rob\u00f3 durante el ejercicio de poder. La noticia pudiera impactar entre los mexicanos, sin embargo a la [&hellip;]","og_url":"https:\/\/lospoliticosveracruz.com\/?p=49098","og_site_name":"Los pol\u00edticos Veracruz","article_publisher":"https:\/\/www.facebook.com\/people\/Notimemes-de-los-Polticos\/61565672886568\/","article_published_time":"2019-08-15T03:55:14+00:00","og_image":[{"width":200,"height":200,"url":"https:\/\/lospoliticosveracruz.com\/wp-content\/uploads\/2016\/07\/Logo-Dor.jpg","type":"image\/jpeg"}],"author":"Lo viste en Los Pol\u00edticos","twitter_card":"summary_large_image","twitter_creator":"@LosPoliticosVer","twitter_site":"@LosPoliticosVer","twitter_misc":{"Escrito por":"Lo viste en Los Pol\u00edticos","Tiempo de lectura":"3 minutos"},"schema":{"@context":"https:\/\/schema.org","@graph":[{"@type":"Article","@id":"https:\/\/lospoliticosveracruz.com\/?p=49098#article","isPartOf":{"@id":"https:\/\/lospoliticosveracruz.com\/?p=49098"},"author":{"name":"Lo viste en Los Pol\u00edticos","@id":"https:\/\/lospoliticosveracruz.com\/#\/schema\/person\/b8702bb0e538456e6efd07080bf2a4a2"},"headline":"Rosario y la Extinci\u00f3n de Dominio","datePublished":"2019-08-15T03:55:14+00:00","mainEntityOfPage":{"@id":"https:\/\/lospoliticosveracruz.com\/?p=49098"},"wordCount":673,"commentCount":0,"publisher":{"@id":"https:\/\/lospoliticosveracruz.com\/#organization"},"keywords":["Andr\u00e9s Manuel L\u00f3pez Obrador","Carlos Ahumada","Extinci\u00f3n de dominio","Rosario Robles Berlanga"],"articleSection":["De Opini\u00f3n"],"inLanguage":"es","potentialAction":[{"@type":"CommentAction","name":"Comment","target":["https:\/\/lospoliticosveracruz.com\/?p=49098#respond"]}]},{"@type":"WebPage","@id":"https:\/\/lospoliticosveracruz.com\/?p=49098","url":"https:\/\/lospoliticosveracruz.com\/?p=49098","name":"Rosario y la Extinci\u00f3n de Dominio - Los pol\u00edticos Veracruz","isPartOf":{"@id":"https:\/\/lospoliticosveracruz.com\/#website"},"datePublished":"2019-08-15T03:55:14+00:00","breadcrumb":{"@id":"https:\/\/lospoliticosveracruz.com\/?p=49098#breadcrumb"},"inLanguage":"es","potentialAction":[{"@type":"ReadAction","target":["https:\/\/lospoliticosveracruz.com\/?p=49098"]}]},{"@type":"BreadcrumbList","@id":"https:\/\/lospoliticosveracruz.com\/?p=49098#breadcrumb","itemListElement":[{"@type":"ListItem","position":1,"name":"Portada","item":"https:\/\/lospoliticosveracruz.com\/"},{"@type":"ListItem","position":2,"name":"Rosario y la Extinci\u00f3n de Dominio"}]},{"@type":"WebSite","@id":"https:\/\/lospoliticosveracruz.com\/#website","url":"https:\/\/lospoliticosveracruz.com\/","name":"Los pol\u00edticos Veracruz","description":"","publisher":{"@id":"https:\/\/lospoliticosveracruz.com\/#organization"},"potentialAction":[{"@type":"SearchAction","target":{"@type":"EntryPoint","urlTemplate":"https:\/\/lospoliticosveracruz.com\/?s={search_term_string}"},"query-input":{"@type":"PropertyValueSpecification","valueRequired":true,"valueName":"search_term_string"}}],"inLanguage":"es"},{"@type":"Organization","@id":"https:\/\/lospoliticosveracruz.com\/#organization","name":"Los pol\u00edticos Veracruz","url":"https:\/\/lospoliticosveracruz.com\/","logo":{"@type":"ImageObject","inLanguage":"es","@id":"https:\/\/lospoliticosveracruz.com\/#\/schema\/logo\/image\/","url":"https:\/\/lospoliticosveracruz.com\/wp-content\/uploads\/2025\/12\/Logo-Nuevo-LOS-POLITICOS-1.jpg","contentUrl":"https:\/\/lospoliticosveracruz.com\/wp-content\/uploads\/2025\/12\/Logo-Nuevo-LOS-POLITICOS-1.jpg","width":260,"height":70,"caption":"Los pol\u00edticos Veracruz"},"image":{"@id":"https:\/\/lospoliticosveracruz.com\/#\/schema\/logo\/image\/"},"sameAs":["https:\/\/www.facebook.com\/people\/Notimemes-de-los-Polticos\/61565672886568\/","https:\/\/x.com\/LosPoliticosVer"]},{"@type":"Person","@id":"https:\/\/lospoliticosveracruz.com\/#\/schema\/person\/b8702bb0e538456e6efd07080bf2a4a2","name":"Lo viste en Los Pol\u00edticos","image":{"@type":"ImageObject","inLanguage":"es","@id":"https:\/\/secure.gravatar.com\/avatar\/3a8de04a2656d44082be478bd6c086daa447c4651605818287b9532d3d0bd435?s=96&d=mm&r=g","url":"https:\/\/secure.gravatar.com\/avatar\/3a8de04a2656d44082be478bd6c086daa447c4651605818287b9532d3d0bd435?s=96&d=mm&r=g","contentUrl":"https:\/\/secure.gravatar.com\/avatar\/3a8de04a2656d44082be478bd6c086daa447c4651605818287b9532d3d0bd435?s=96&d=mm&r=g","caption":"Lo viste en Los Pol\u00edticos"},"url":"https:\/\/lospoliticosveracruz.com\/?author=2"}]}},"_links":{"self":[{"href":"https:\/\/lospoliticosveracruz.com\/index.php?rest_route=\/wp\/v2\/posts\/49098","targetHints":{"allow":["GET"]}}],"collection":[{"href":"https:\/\/lospoliticosveracruz.com\/index.php?rest_route=\/wp\/v2\/posts"}],"about":[{"href":"https:\/\/lospoliticosveracruz.com\/index.php?rest_route=\/wp\/v2\/types\/post"}],"author":[{"embeddable":true,"href":"https:\/\/lospoliticosveracruz.com\/index.php?rest_route=\/wp\/v2\/users\/2"}],"replies":[{"embeddable":true,"href":"https:\/\/lospoliticosveracruz.com\/index.php?rest_route=%2Fwp%2Fv2%2Fcomments&post=49098"}],"version-history":[{"count":1,"href":"https:\/\/lospoliticosveracruz.com\/index.php?rest_route=\/wp\/v2\/posts\/49098\/revisions"}],"predecessor-version":[{"id":49100,"href":"https:\/\/lospoliticosveracruz.com\/index.php?rest_route=\/wp\/v2\/posts\/49098\/revisions\/49100"}],"wp:attachment":[{"href":"https:\/\/lospoliticosveracruz.com\/index.php?rest_route=%2Fwp%2Fv2%2Fmedia&parent=49098"}],"wp:term":[{"taxonomy":"category","embeddable":true,"href":"https:\/\/lospoliticosveracruz.com\/index.php?rest_route=%2Fwp%2Fv2%2Fcategories&post=49098"},{"taxonomy":"post_tag","embeddable":true,"href":"https:\/\/lospoliticosveracruz.com\/index.php?rest_route=%2Fwp%2Fv2%2Ftags&post=49098"}],"curies":[{"name":"wp","href":"https:\/\/api.w.org\/{rel}","templated":true}]}}