{"id":49105,"date":"2019-08-15T14:44:07","date_gmt":"2019-08-15T19:44:07","guid":{"rendered":"http:\/\/www.lospoliticosveracruz.com.mx\/?p=49105"},"modified":"2019-08-15T14:44:07","modified_gmt":"2019-08-15T19:44:07","slug":"papa-yunes-y-el-chapito-hay-pelea","status":"publish","type":"post","link":"https:\/\/lospoliticosveracruz.com\/?p=49105","title":{"rendered":"Pap\u00e1 Yunes y El Chapito&#8230; \u00bfhay pelea?"},"content":{"rendered":"<p><strong>Ricardo Ch\u00faa<\/strong><\/p>\n<p><em>Sale y Vale<\/em><\/p>\n<p>Despu\u00e9s del \u00abMartes 13 azulado\u00bb en Veracruz&#8230; Donde se supone que los grupos al interior del PAN se \u00abdeclararon la guerra\u00bb en su lucha por la dirigencia estatal para noviembre pr\u00f3ximo&#8230; S\u00f3lo queda saber algo importante, que nadie se ha detenido a investigar por estar inmersos en los ataques de un grupo contra otro&#8230; Y es muy sencillo de preguntar: \u00bfEsa disputa entre Jefe del Clan de los Yunes azules y el \u00abChapito\u00bb Guzm\u00e1n Avil\u00e9s realmente existe o es s\u00f3lo estrategia?&#8230;<\/p>\n<p>Hay elementos para suponer lo contrario si en verdad hay una lucha abierta entre ambos&#8230; Hay que esperar una cosa de este tema: Hay que ver la respuesta que tiene Joaqu\u00edn Guzm\u00e1n Avil\u00e9s a la \u00abpartida de madre\u00bb que le van a dar a su presunto \u00abPAN-CACA\u00bb, de parte del ChiquiYunes&#8230; Y tambi\u00e9n ver si es cierto de que est\u00e1n tan distanciados que como traidores \u00abni el Diablo los quiere\u00bb y observar si \u00abEl Chapito\u00bb no se va a RAJAR al PapaYunes en esa disputa&#8230; Cuando eso pase entonces se creer\u00e1 en la \u00abfractura\u00bb antes es pura \u00abdemagogia\u00bb verbal&#8230;<\/p>\n<p>Se tendr\u00e1 que esperar para ver si el \u00abCacique Azul\u00bb de Tantoyuca y sus alrededores, no le tiene miedo al ex gobernador porque no se va aventar en contra ni de \u00e9l, ni de sus v\u00e1stagos&#8230; Se la echaron a andar y hasta el momento ha guardado silencio&#8230; Y eso demuestra temor o que simplemente se va a rajar&#8230; Ya el ChiquiFer ayer se dio su llegue con Cuitl\u00e1huac Garc\u00eda por el caso del relleno sanitario de Veracruz puerto&#8230;. Es decir, los Yunes azules siguen en lo suyo y \u00abLos Chapitos\u00bb se repliegan&#8230;<\/p>\n<p>La historia nunca falla y da lecciones&#8230; Miguel Hidalgo por no tomar la CDMX en 1811, pierde territorio y termina fusilado&#8230; Gengis Khan le paso mismo m\u00e1s all\u00e1 de Mongolia&#8230; Alejandro Magno cuando no quiso avanzar m\u00e1s por Asia, termino traicionado y envenenado&#8230; Aqu\u00ed hablamos de El Chapito de Tantoyuca, pero la pregunta es la misma: \u00bfSe repetir\u00e1 la historia?&#8230; Terminar\u00e1 traicionado.. Aqu\u00ed lo \u00fanico que falta por saber es si Guzm\u00e1n Avil\u00e9s no le tiene MIEDO a Yunes Linares&#8230; Lo dem\u00e1s es historia&#8230;<\/p>\n<p>Los que saben leer la pol\u00edtica mexicana \u00abentre l\u00edneas\u00bb, saben bien que el llamado que hicieron el martes pasados los Yunes azules&#8230; Es que ya nadie puede especular que entre los dos Migueles no hay acuerdos o que est\u00e1n distanciados&#8230; Claro que hay acuerdos entre ambos&#8230; Y los que saben del panismo, tiene claro que Pepe Mancha-Do s\u00f3lo es un \u00abGerente de Angora\u00bb de ellos&#8230; En el Estero tenia la misma cara de Arturo Herrera cuando L\u00f3pez Obrador lo nombro secretario de Hacienda&#8230; Vamos entendiendo&#8230; Aqu\u00ed s\u00f3lo hay un jefe y no es \u00e9l&#8230;<\/p>\n<p>En la reuni\u00f3n de El Estero qued\u00f3 claro que a Mancha-Do la militancia no lo \u00abpela\u00bb como a los Yunes azules&#8230; Lo del martes y el apoyo al tuxpe\u00f1o por parte de los miembros activos azules, ah\u00ed presentes, fue por las complicidades pol\u00edticas&#8230; No por amistad, menos por respeto a la \u00abfuerza\u00bb que pueda tener Mancha-Do sino tambi\u00e9n, porque no decirlo, por el miedo y el vasallaje&#8230; Dicen que fueron 40 alcaldes&#8230; El PAN gobierna 64 ayuntamientos, lo que significa que el Chapito tiene 24 pero muchos, ya ni son panstas&#8230; Vali\u00f3&#8230; AMEN&#8230;<\/p>\n<p>REALIDAD DEL PAN, LA LUCHA POR CDE.. El tema por el cual, dicen los que saben, se va a decidir quien ganar\u00e1 la pr\u00f3xima dirigencia estatal del PAN&#8230; Es por el padr\u00f3n panista&#8230; No hay de otra \u00absopa\u00bb&#8230; Hagan lo que hagan y digan lo que digan, lo decidir\u00e1 el PADR\u00d3N&#8230; As\u00ed que el tema m\u00e1s que la \u00abguerra\u00bb&#8230; S\u00f3lo hay que recordar que PapaYunes \u00abpalomeo\u00bb a todos los alcaldes que ganaron&#8230; El problema reside en que en el PAN no hay l\u00ednea&#8230;<\/p>\n<p>El conflicto viene en que de esos panistas aunque la mayor\u00eda ya renunci\u00f3, a\u00fan quedan algunos y esos alcaldes que ni panistas son, pues, se dar\u00e1n un buen trabuco&#8230; As\u00ed que lo que viene en esta lucha al interior del PAN, no ser\u00e1 algo en blanco y negro&#8230; S\u00f3lo hay que recordar que el domingo pasado, hubo votaci\u00f3n en el PAN y en Xalapa solo votaron 250 miltantes, de un supuesto padr\u00f3n de 3 mil, entonces eso significa que est\u00e1n renunciando y el padr\u00f3n se redujo&#8230; Hay que recordar que fueron con un padr\u00f3n de menos de 25 mil militantes&#8230;<\/p>\n<p>Por eso&#8230; La clave ser\u00e1 otra vez el padr\u00f3n&#8230; Qu\u00e9 c\u00f3mo lo vayan a controlar, los Yunes o El Chapito&#8230; S\u00f3lo tambi\u00e9n hay que recordar que el INE hizo un acuerdo desde enero pasado para la actualizaci\u00f3n del padr\u00f3n, que fue lo que ya hizo el PRI y PRD, pero del PAN no se sabe nada&#8230; En ese sentido \u00abEl Chapito\u00bb ten\u00eda 4 mil afiliados tan s\u00f3lo en Tantoyuca, y si el dato ahora no falla es que el INE se los baj\u00f3 a la mitad&#8230; Ya que no se pudieron \u00abprestar\u00bb militantes de un partido a otro, como se acostumbraba para engrosar el padr\u00f3n&#8230;<\/p>\n<p>C\u00f3mo dato hist\u00f3rico muy importante para esta elecci\u00f3n de noviembre pr\u00f3ximo al interior del PAN&#8230; En 2011, se tienen registros en el panismo veracruzano, que el Chapo ten\u00eda uno de los padrones m\u00e1s altos del pa\u00eds, eran de 8 mil afiliados y estaba en el lugar 7 a nivel nacional&#8230; En la pasada elecci\u00f3n en 2018, solo ten\u00eda 4 mil afiliados en Tantoyuca.. As\u00ed que la LECTURA es sencilla.. Al controlar el padr\u00f3n panista desde el Comit\u00e9 Ejecutivo Nacional&#8230; Ya se CHINGARON al \u00abChapito\u00bb Guzm\u00e1n Avil\u00e9s&#8230;<\/p>\n<p>Si no nos equivocamos entonces podemos se\u00f1alar que esa va a ser la estrategia que ocupen los Yunes Azules y sus 40 alcaldes para que Mancha-Di quede como \u00abGerente\u00bb del comit\u00e9 estatal panista&#8230; Por eso, se duda que el Chapito se vaya a aventar a hacer el rid\u00edculo en una elecci\u00f3n interna de nuevo&#8230; Y por lana no se cree que lo haga&#8230; Por eso es que si puede existir una candidatura de unidad, ya que no se presentar\u00eda como candidato candidato&#8230; No hay de otra \u00absopa\u00bb&#8230; EL CEN se la parti\u00f3&#8230;<\/p>\n<p>Otro dato EXCLUSIVO&#8230; Guzm\u00e1n Avil\u00e9s cuentan las Fuentes del PAN&#8230; No es un personaje muy bien visto en el comit\u00e9 nacional de este partido&#8230; Lo ven como un \u00abcacique\u00bb.. Lo que es contrario a la esencia doctrinaria del panismo.. Estaba en su momento \u00abPROTEGIDO\u00bb por los Yunes Azules, ahora ya no&#8230; As\u00ed que si la disputa es cierta contra PapaYunes&#8230; El camino que le queda es RENUNCIAR a la militancia azul y ganar esas posiciones que controla en Veracruz para MORENA en el 2021&#8230; CONSUMATUM EST&#8230;<\/p>\n","protected":false},"excerpt":{"rendered":"<p>Ricardo Ch\u00faa Sale y Vale Despu\u00e9s del \u00abMartes 13 azulado\u00bb en Veracruz&#8230; Donde se supone que los grupos al interior del PAN se \u00abdeclararon la guerra\u00bb en su lucha por la dirigencia estatal para noviembre pr\u00f3ximo&#8230; S\u00f3lo queda saber algo importante, que nadie se ha detenido a investigar por estar inmersos en los ataques de [&hellip;]<\/p>\n","protected":false},"author":2,"featured_media":0,"comment_status":"open","ping_status":"open","sticky":false,"template":"","format":"standard","meta":{"tdm_status":"","tdm_grid_status":"","footnotes":""},"categories":[70],"tags":[15051,1563,3288,428,266,752,195],"class_list":{"0":"post-49105","1":"post","2":"type-post","3":"status-publish","4":"format-standard","6":"category-de-opinion","7":"tag-chapito","8":"tag-cuitlahuac-garcia-jimenez","9":"tag-joaquin-guzman-aviles","10":"tag-miguel-angel-yunes-linares","11":"tag-pan","12":"tag-tantoyuca","13":"tag-veracruz"},"yoast_head":"<!-- This site is optimized with the Yoast SEO plugin v27.4 - https:\/\/yoast.com\/product\/yoast-seo-wordpress\/ -->\n<title>Pap\u00e1 Yunes y El Chapito... \u00bfhay pelea? - Los pol\u00edticos Veracruz<\/title>\n<meta name=\"robots\" content=\"index, follow, max-snippet:-1, max-image-preview:large, max-video-preview:-1\" \/>\n<link rel=\"canonical\" href=\"https:\/\/lospoliticosveracruz.com\/?p=49105\" \/>\n<meta property=\"og:locale\" content=\"es_ES\" \/>\n<meta property=\"og:type\" content=\"article\" \/>\n<meta property=\"og:title\" content=\"Pap\u00e1 Yunes y El Chapito... \u00bfhay pelea? - Los pol\u00edticos Veracruz\" \/>\n<meta property=\"og:description\" content=\"Ricardo Ch\u00faa Sale y Vale Despu\u00e9s del \u00abMartes 13 azulado\u00bb en Veracruz&#8230; Donde se supone que los grupos al interior del PAN se \u00abdeclararon la guerra\u00bb en su lucha por la dirigencia estatal para noviembre pr\u00f3ximo&#8230; S\u00f3lo queda saber algo importante, que nadie se ha detenido a investigar por estar inmersos en los ataques de [&hellip;]\" \/>\n<meta property=\"og:url\" content=\"https:\/\/lospoliticosveracruz.com\/?p=49105\" \/>\n<meta property=\"og:site_name\" content=\"Los pol\u00edticos Veracruz\" \/>\n<meta property=\"article:publisher\" content=\"https:\/\/www.facebook.com\/people\/Notimemes-de-los-Polticos\/61565672886568\/\" \/>\n<meta property=\"article:published_time\" content=\"2019-08-15T19:44:07+00:00\" \/>\n<meta property=\"og:image\" content=\"https:\/\/lospoliticosveracruz.com\/wp-content\/uploads\/2016\/07\/Logo-Dor.jpg\" \/>\n\t<meta property=\"og:image:width\" content=\"200\" \/>\n\t<meta property=\"og:image:height\" content=\"200\" \/>\n\t<meta property=\"og:image:type\" content=\"image\/jpeg\" \/>\n<meta name=\"author\" content=\"Lo viste en Los Pol\u00edticos\" \/>\n<meta name=\"twitter:card\" content=\"summary_large_image\" \/>\n<meta name=\"twitter:creator\" content=\"@LosPoliticosVer\" \/>\n<meta name=\"twitter:site\" content=\"@LosPoliticosVer\" \/>\n<meta name=\"twitter:label1\" content=\"Escrito por\" \/>\n\t<meta name=\"twitter:data1\" content=\"Lo viste en Los Pol\u00edticos\" \/>\n\t<meta name=\"twitter:label2\" content=\"Tiempo de lectura\" \/>\n\t<meta name=\"twitter:data2\" content=\"6 minutos\" \/>\n<script type=\"application\/ld+json\" class=\"yoast-schema-graph\">{\"@context\":\"https:\\\/\\\/schema.org\",\"@graph\":[{\"@type\":\"Article\",\"@id\":\"https:\\\/\\\/lospoliticosveracruz.com\\\/?p=49105#article\",\"isPartOf\":{\"@id\":\"https:\\\/\\\/lospoliticosveracruz.com\\\/?p=49105\"},\"author\":{\"name\":\"Lo viste en Los Pol\u00edticos\",\"@id\":\"https:\\\/\\\/lospoliticosveracruz.com\\\/#\\\/schema\\\/person\\\/b8702bb0e538456e6efd07080bf2a4a2\"},\"headline\":\"Pap\u00e1 Yunes y El Chapito&#8230; \u00bfhay pelea?\",\"datePublished\":\"2019-08-15T19:44:07+00:00\",\"mainEntityOfPage\":{\"@id\":\"https:\\\/\\\/lospoliticosveracruz.com\\\/?p=49105\"},\"wordCount\":1164,\"commentCount\":0,\"publisher\":{\"@id\":\"https:\\\/\\\/lospoliticosveracruz.com\\\/#organization\"},\"keywords\":[\"Chapito\",\"Cuitl\u00e1huac Garc\u00eda Jim\u00e9nez\",\"Joaqu\u00edn Guzm\u00e1n Avil\u00e9s\",\"Miguel Angel Yunes Linares\",\"PAN\",\"Tantoyuca\",\"Veracruz\"],\"articleSection\":[\"De Opini\u00f3n\"],\"inLanguage\":\"es\",\"potentialAction\":[{\"@type\":\"CommentAction\",\"name\":\"Comment\",\"target\":[\"https:\\\/\\\/lospoliticosveracruz.com\\\/?p=49105#respond\"]}]},{\"@type\":\"WebPage\",\"@id\":\"https:\\\/\\\/lospoliticosveracruz.com\\\/?p=49105\",\"url\":\"https:\\\/\\\/lospoliticosveracruz.com\\\/?p=49105\",\"name\":\"Pap\u00e1 Yunes y El Chapito... \u00bfhay pelea? - Los pol\u00edticos Veracruz\",\"isPartOf\":{\"@id\":\"https:\\\/\\\/lospoliticosveracruz.com\\\/#website\"},\"datePublished\":\"2019-08-15T19:44:07+00:00\",\"breadcrumb\":{\"@id\":\"https:\\\/\\\/lospoliticosveracruz.com\\\/?p=49105#breadcrumb\"},\"inLanguage\":\"es\",\"potentialAction\":[{\"@type\":\"ReadAction\",\"target\":[\"https:\\\/\\\/lospoliticosveracruz.com\\\/?p=49105\"]}]},{\"@type\":\"BreadcrumbList\",\"@id\":\"https:\\\/\\\/lospoliticosveracruz.com\\\/?p=49105#breadcrumb\",\"itemListElement\":[{\"@type\":\"ListItem\",\"position\":1,\"name\":\"Portada\",\"item\":\"https:\\\/\\\/lospoliticosveracruz.com\\\/\"},{\"@type\":\"ListItem\",\"position\":2,\"name\":\"Pap\u00e1 Yunes y El Chapito&#8230; \u00bfhay pelea?\"}]},{\"@type\":\"WebSite\",\"@id\":\"https:\\\/\\\/lospoliticosveracruz.com\\\/#website\",\"url\":\"https:\\\/\\\/lospoliticosveracruz.com\\\/\",\"name\":\"Los pol\u00edticos Veracruz\",\"description\":\"\",\"publisher\":{\"@id\":\"https:\\\/\\\/lospoliticosveracruz.com\\\/#organization\"},\"potentialAction\":[{\"@type\":\"SearchAction\",\"target\":{\"@type\":\"EntryPoint\",\"urlTemplate\":\"https:\\\/\\\/lospoliticosveracruz.com\\\/?s={search_term_string}\"},\"query-input\":{\"@type\":\"PropertyValueSpecification\",\"valueRequired\":true,\"valueName\":\"search_term_string\"}}],\"inLanguage\":\"es\"},{\"@type\":\"Organization\",\"@id\":\"https:\\\/\\\/lospoliticosveracruz.com\\\/#organization\",\"name\":\"Los pol\u00edticos Veracruz\",\"url\":\"https:\\\/\\\/lospoliticosveracruz.com\\\/\",\"logo\":{\"@type\":\"ImageObject\",\"inLanguage\":\"es\",\"@id\":\"https:\\\/\\\/lospoliticosveracruz.com\\\/#\\\/schema\\\/logo\\\/image\\\/\",\"url\":\"https:\\\/\\\/lospoliticosveracruz.com\\\/wp-content\\\/uploads\\\/2025\\\/12\\\/Logo-Nuevo-LOS-POLITICOS-1.jpg\",\"contentUrl\":\"https:\\\/\\\/lospoliticosveracruz.com\\\/wp-content\\\/uploads\\\/2025\\\/12\\\/Logo-Nuevo-LOS-POLITICOS-1.jpg\",\"width\":260,\"height\":70,\"caption\":\"Los pol\u00edticos Veracruz\"},\"image\":{\"@id\":\"https:\\\/\\\/lospoliticosveracruz.com\\\/#\\\/schema\\\/logo\\\/image\\\/\"},\"sameAs\":[\"https:\\\/\\\/www.facebook.com\\\/people\\\/Notimemes-de-los-Polticos\\\/61565672886568\\\/\",\"https:\\\/\\\/x.com\\\/LosPoliticosVer\"]},{\"@type\":\"Person\",\"@id\":\"https:\\\/\\\/lospoliticosveracruz.com\\\/#\\\/schema\\\/person\\\/b8702bb0e538456e6efd07080bf2a4a2\",\"name\":\"Lo viste en Los Pol\u00edticos\",\"image\":{\"@type\":\"ImageObject\",\"inLanguage\":\"es\",\"@id\":\"https:\\\/\\\/secure.gravatar.com\\\/avatar\\\/3a8de04a2656d44082be478bd6c086daa447c4651605818287b9532d3d0bd435?s=96&d=mm&r=g\",\"url\":\"https:\\\/\\\/secure.gravatar.com\\\/avatar\\\/3a8de04a2656d44082be478bd6c086daa447c4651605818287b9532d3d0bd435?s=96&d=mm&r=g\",\"contentUrl\":\"https:\\\/\\\/secure.gravatar.com\\\/avatar\\\/3a8de04a2656d44082be478bd6c086daa447c4651605818287b9532d3d0bd435?s=96&d=mm&r=g\",\"caption\":\"Lo viste en Los Pol\u00edticos\"},\"url\":\"https:\\\/\\\/lospoliticosveracruz.com\\\/?author=2\"}]}<\/script>\n<!-- \/ Yoast SEO plugin. -->","yoast_head_json":{"title":"Pap\u00e1 Yunes y El Chapito... \u00bfhay pelea? - Los pol\u00edticos Veracruz","robots":{"index":"index","follow":"follow","max-snippet":"max-snippet:-1","max-image-preview":"max-image-preview:large","max-video-preview":"max-video-preview:-1"},"canonical":"https:\/\/lospoliticosveracruz.com\/?p=49105","og_locale":"es_ES","og_type":"article","og_title":"Pap\u00e1 Yunes y El Chapito... \u00bfhay pelea? - Los pol\u00edticos Veracruz","og_description":"Ricardo Ch\u00faa Sale y Vale Despu\u00e9s del \u00abMartes 13 azulado\u00bb en Veracruz&#8230; Donde se supone que los grupos al interior del PAN se \u00abdeclararon la guerra\u00bb en su lucha por la dirigencia estatal para noviembre pr\u00f3ximo&#8230; S\u00f3lo queda saber algo importante, que nadie se ha detenido a investigar por estar inmersos en los ataques de [&hellip;]","og_url":"https:\/\/lospoliticosveracruz.com\/?p=49105","og_site_name":"Los pol\u00edticos Veracruz","article_publisher":"https:\/\/www.facebook.com\/people\/Notimemes-de-los-Polticos\/61565672886568\/","article_published_time":"2019-08-15T19:44:07+00:00","og_image":[{"width":200,"height":200,"url":"https:\/\/lospoliticosveracruz.com\/wp-content\/uploads\/2016\/07\/Logo-Dor.jpg","type":"image\/jpeg"}],"author":"Lo viste en Los Pol\u00edticos","twitter_card":"summary_large_image","twitter_creator":"@LosPoliticosVer","twitter_site":"@LosPoliticosVer","twitter_misc":{"Escrito por":"Lo viste en Los Pol\u00edticos","Tiempo de lectura":"6 minutos"},"schema":{"@context":"https:\/\/schema.org","@graph":[{"@type":"Article","@id":"https:\/\/lospoliticosveracruz.com\/?p=49105#article","isPartOf":{"@id":"https:\/\/lospoliticosveracruz.com\/?p=49105"},"author":{"name":"Lo viste en Los Pol\u00edticos","@id":"https:\/\/lospoliticosveracruz.com\/#\/schema\/person\/b8702bb0e538456e6efd07080bf2a4a2"},"headline":"Pap\u00e1 Yunes y El Chapito&#8230; \u00bfhay pelea?","datePublished":"2019-08-15T19:44:07+00:00","mainEntityOfPage":{"@id":"https:\/\/lospoliticosveracruz.com\/?p=49105"},"wordCount":1164,"commentCount":0,"publisher":{"@id":"https:\/\/lospoliticosveracruz.com\/#organization"},"keywords":["Chapito","Cuitl\u00e1huac Garc\u00eda Jim\u00e9nez","Joaqu\u00edn Guzm\u00e1n Avil\u00e9s","Miguel Angel Yunes Linares","PAN","Tantoyuca","Veracruz"],"articleSection":["De Opini\u00f3n"],"inLanguage":"es","potentialAction":[{"@type":"CommentAction","name":"Comment","target":["https:\/\/lospoliticosveracruz.com\/?p=49105#respond"]}]},{"@type":"WebPage","@id":"https:\/\/lospoliticosveracruz.com\/?p=49105","url":"https:\/\/lospoliticosveracruz.com\/?p=49105","name":"Pap\u00e1 Yunes y El Chapito... \u00bfhay pelea? - Los pol\u00edticos Veracruz","isPartOf":{"@id":"https:\/\/lospoliticosveracruz.com\/#website"},"datePublished":"2019-08-15T19:44:07+00:00","breadcrumb":{"@id":"https:\/\/lospoliticosveracruz.com\/?p=49105#breadcrumb"},"inLanguage":"es","potentialAction":[{"@type":"ReadAction","target":["https:\/\/lospoliticosveracruz.com\/?p=49105"]}]},{"@type":"BreadcrumbList","@id":"https:\/\/lospoliticosveracruz.com\/?p=49105#breadcrumb","itemListElement":[{"@type":"ListItem","position":1,"name":"Portada","item":"https:\/\/lospoliticosveracruz.com\/"},{"@type":"ListItem","position":2,"name":"Pap\u00e1 Yunes y El Chapito&#8230; \u00bfhay pelea?"}]},{"@type":"WebSite","@id":"https:\/\/lospoliticosveracruz.com\/#website","url":"https:\/\/lospoliticosveracruz.com\/","name":"Los pol\u00edticos Veracruz","description":"","publisher":{"@id":"https:\/\/lospoliticosveracruz.com\/#organization"},"potentialAction":[{"@type":"SearchAction","target":{"@type":"EntryPoint","urlTemplate":"https:\/\/lospoliticosveracruz.com\/?s={search_term_string}"},"query-input":{"@type":"PropertyValueSpecification","valueRequired":true,"valueName":"search_term_string"}}],"inLanguage":"es"},{"@type":"Organization","@id":"https:\/\/lospoliticosveracruz.com\/#organization","name":"Los pol\u00edticos Veracruz","url":"https:\/\/lospoliticosveracruz.com\/","logo":{"@type":"ImageObject","inLanguage":"es","@id":"https:\/\/lospoliticosveracruz.com\/#\/schema\/logo\/image\/","url":"https:\/\/lospoliticosveracruz.com\/wp-content\/uploads\/2025\/12\/Logo-Nuevo-LOS-POLITICOS-1.jpg","contentUrl":"https:\/\/lospoliticosveracruz.com\/wp-content\/uploads\/2025\/12\/Logo-Nuevo-LOS-POLITICOS-1.jpg","width":260,"height":70,"caption":"Los pol\u00edticos Veracruz"},"image":{"@id":"https:\/\/lospoliticosveracruz.com\/#\/schema\/logo\/image\/"},"sameAs":["https:\/\/www.facebook.com\/people\/Notimemes-de-los-Polticos\/61565672886568\/","https:\/\/x.com\/LosPoliticosVer"]},{"@type":"Person","@id":"https:\/\/lospoliticosveracruz.com\/#\/schema\/person\/b8702bb0e538456e6efd07080bf2a4a2","name":"Lo viste en Los Pol\u00edticos","image":{"@type":"ImageObject","inLanguage":"es","@id":"https:\/\/secure.gravatar.com\/avatar\/3a8de04a2656d44082be478bd6c086daa447c4651605818287b9532d3d0bd435?s=96&d=mm&r=g","url":"https:\/\/secure.gravatar.com\/avatar\/3a8de04a2656d44082be478bd6c086daa447c4651605818287b9532d3d0bd435?s=96&d=mm&r=g","contentUrl":"https:\/\/secure.gravatar.com\/avatar\/3a8de04a2656d44082be478bd6c086daa447c4651605818287b9532d3d0bd435?s=96&d=mm&r=g","caption":"Lo viste en Los Pol\u00edticos"},"url":"https:\/\/lospoliticosveracruz.com\/?author=2"}]}},"_links":{"self":[{"href":"https:\/\/lospoliticosveracruz.com\/index.php?rest_route=\/wp\/v2\/posts\/49105","targetHints":{"allow":["GET"]}}],"collection":[{"href":"https:\/\/lospoliticosveracruz.com\/index.php?rest_route=\/wp\/v2\/posts"}],"about":[{"href":"https:\/\/lospoliticosveracruz.com\/index.php?rest_route=\/wp\/v2\/types\/post"}],"author":[{"embeddable":true,"href":"https:\/\/lospoliticosveracruz.com\/index.php?rest_route=\/wp\/v2\/users\/2"}],"replies":[{"embeddable":true,"href":"https:\/\/lospoliticosveracruz.com\/index.php?rest_route=%2Fwp%2Fv2%2Fcomments&post=49105"}],"version-history":[{"count":1,"href":"https:\/\/lospoliticosveracruz.com\/index.php?rest_route=\/wp\/v2\/posts\/49105\/revisions"}],"predecessor-version":[{"id":49106,"href":"https:\/\/lospoliticosveracruz.com\/index.php?rest_route=\/wp\/v2\/posts\/49105\/revisions\/49106"}],"wp:attachment":[{"href":"https:\/\/lospoliticosveracruz.com\/index.php?rest_route=%2Fwp%2Fv2%2Fmedia&parent=49105"}],"wp:term":[{"taxonomy":"category","embeddable":true,"href":"https:\/\/lospoliticosveracruz.com\/index.php?rest_route=%2Fwp%2Fv2%2Fcategories&post=49105"},{"taxonomy":"post_tag","embeddable":true,"href":"https:\/\/lospoliticosveracruz.com\/index.php?rest_route=%2Fwp%2Fv2%2Ftags&post=49105"}],"curies":[{"name":"wp","href":"https:\/\/api.w.org\/{rel}","templated":true}]}}