{"id":49113,"date":"2019-08-16T09:56:27","date_gmt":"2019-08-16T14:56:27","guid":{"rendered":"http:\/\/www.lospoliticosveracruz.com.mx\/?p=49113"},"modified":"2019-08-16T09:57:04","modified_gmt":"2019-08-16T14:57:04","slug":"49113","status":"publish","type":"post","link":"https:\/\/lospoliticosveracruz.com\/?p=49113","title":{"rendered":"Divorcio a la Tumbada!"},"content":{"rendered":"<p><b>Ricardo Ch\u00faa<\/b><\/p>\n<p><i>Sale y Vale<\/i><\/p>\n<p>PADRISIMO&#8230; S\u00f3lo para conocedores.. Cu\u00e1l fue el alcalde \u00abjarocho\u00bb que vio al Gober Moreno de Veracruz, a altas horas de la noche el domingo, cen\u00e1ndose unos \u00abperros calientes\u00bb en compa\u00f1\u00eda de personas en Xalapa&#8230; Y cont\u00f3 que andaba como Javier Duarte, en el aquel 16 de septiembre del 2014, cuando despu\u00e9s de noche de fiesta con \u00abLos Tigres del Norte\u00bb, se fue al evento c\u00edvico de la Guardia de Honor y le fue \u00abPADRIIISSSIIMOOOOO\u00bb&#8230; Y este domingo, fue d\u00eda que falleci\u00f3 el Cardenal, Sergio Obeso&#8230; Por eso, quiz\u00e1s, Cuitl\u00e1huac Garc\u00eda no fue al funeral&#8230; La hab\u00eda pasado \u00abpadrisimo\u00bb tambi\u00e9n&#8230; AMEN&#8230;<\/p>\n<p>BOGAR, LLORA&#8230; En estos d\u00edas ha estado saliendo el alcalde de Alvarado, Bogar Ruiz, a medios y entrevistas con el tema de ataques en su contra y de su administraci\u00f3n por parte del gobierno estatal de Cuitl\u00e1huac Garc\u00eda&#8230; Acusa de encabezar estos \u00abataques\u00bb al secretario de Gobierno, Eric Cisneros Burgos, pues, \u00bfqu\u00e9 paso?&#8230; Hace unos meses apenas Bogar se consideraba el alcalde \u00abverde m\u00e1s morenista\u00bb o el alcalde \u00abmorenista m\u00e1s verde\u00bb de Veracruz&#8230; Pero algo sucedi\u00f3 que ahora no lo toman ni en cuenta y lo \u00abahorcan\u00bb financieramente&#8230;<\/p>\n<p>Hasta hace unos meses, este presidente municipal recib\u00eda al gobernador en Alvarado y parec\u00eda fiesta de pueblo&#8230; Le armaba reuniones con otros alcaldes de la cuenca, hac\u00eda comidas, \u00abwuateques\u00bb, mariscos, arroz a la tumbada, ricas viandas y buenos vinos&#8230; Las fiestas, seg\u00fan el pueblo de Alvarado, que no \u00abpeca\u00bb de comunicativo, se prolongaban hasta altas hora de la noche o duraban hasta el otro d\u00eda cuando eran fin de semana&#8230; La casa del alcalde en Alvarado era una romer\u00eda cuando acud\u00eda el mandatario estatal&#8230;<\/p>\n<p>La pregunta que todo mundo se hace en esa rivere\u00f1a ciudad&#8230; \u00bfQue pas\u00f3?&#8230;. Se cometi\u00f3 una indiscreci\u00f3n, alguna acci\u00f3n que no gust\u00f3 o quiz\u00e1s hubo cosas que no le parecieron al gobernador y toda esa \u00abluna de miel\u00bb entre el gobierno estatal y el ayuntamiento alvarade\u00f1o&#8230; Lleg\u00f3 a su fin&#8230; Ahora cuando Cuitl\u00e1huac por alguna raz\u00f3n pisa Alvarado&#8230; Ya no acude al Palacio Municipal&#8230; Se traslada unos metros m\u00e1s adelante, donde est\u00e1 un conocido caf\u00e9 de franquicia italian-a donde opera sus reuniones con personajes y funcionarios de la zona&#8230;<\/p>\n<p>Sin embargo, el sitio es impenetrable para Bogar pese a que est\u00e1 en el territorio que gobierna&#8230; Ya que el due\u00f1o del lugar es el ex alcalde, Octavio Ruiz Barroso, considerado el \u00abenemigo pol\u00edtico\u00bb n\u00famero uno de Ruiz Rosas&#8230; Por eso, a ese caf\u00e9 no puede entrar, sin que le puedan decir, que se reservan el derecho de admisi\u00f3n&#8230; Ahora en este lugar, en medio de caf\u00e9s y de paninis, ya no de arroz a la tumbada, es donde opera Cuitl\u00e1huac&#8230; De nuevo la pregunta \u00bfQu\u00e9 pas\u00f3? por qu\u00e9 se acabo el afecto&#8230;<\/p>\n<p>As\u00ed que si cre\u00edan que el alcalde alvarade\u00f1o vivi\u00f3 su peor etapa cuando gobern\u00f3 por primera vez su pueblo con la administraci\u00f3n de Fidel Herrera, del 2007-2010&#8230; Esa la soport\u00f3 porque el \u00abT\u00edo Verde\u00bb era pol\u00edtico y a todos hac\u00eda c\u00f3mplices&#8230; Pero ahora con el gobierno de MORENA en el Estado, est\u00e1 m\u00e1s \u00abfri\u00f3 que la nalgas de un ping\u00fcino en el polo norte\u00bb&#8230; Sobre todo porque ya no puede jalar con nadie&#8230; \u00bfQui\u00e9n lo va a rescatar pol\u00edticamente?&#8230;.<\/p>\n<p>Si preguntan a \u00bfFidel y Javier Herrera?, se duda que lo hagan&#8230; Si el mismo cuestionamiento se lo hacen a los Migueles Yunes, lo tienen como traidor porque les dio la \u00abespalda\u00bb en su momento&#8230; \u00bfMarl\u00f3n en el PRI? m\u00e1s que dif\u00edcil, no conf\u00edan en \u00e9l y siempre ha pasado del PAN al PVEM&#8230; \u00bfCuitl\u00e1huac-Huerta-MORENA?, imposible est\u00e1 fuera de su radar&#8230; No tiene para d\u00f3nde jalar&#8230; Si aplican la del ChiquiYunes de que \u00aba los traidores, ni el Diablo los quiere\u00bb, pues, este alcalde se jodi\u00f3&#8230;<\/p>\n<p>Para el colm\u00f3 no puede negar Bogar Ruiz, que a los que ahora ataca, acus\u00e1ndolos de formar parte de una campa\u00f1a de desprestigio y difamaci\u00f3n en su contra como Patrocinio Cisneros&#8230; Peca de inocente&#8230; A poco al alcalde ya se le olvid\u00f3, que Parocinio hace meses lo llev\u00f3 a Baja California Sur para \u00abhermanar\u00bb al ayuntamiento de Alvarado con el municipio de La Paz, Los Cabos o Muleg\u00e9&#8230; Ya ni nos acordamos&#8230; \u00bfEntonces de qu\u00e9 lo acusa?&#8230; No es m\u00e1s f\u00e1cil que contar\u00e1 el por qu\u00e9 se distanci\u00f3 de Cuitl\u00e1huac&#8230; \u00bfY qu\u00e9 pas\u00f3?&#8230; Finalmente el chisme no saldr\u00e1 de Alvarado o de restaurante de \u00abDo\u00f1a Tella\u00bb&#8230; De ah\u00ed no pasa.. TAN&#8230; TAN&#8230;<\/p>\n<p>LA DESAPARICI\u00d3N&#8230; Despu\u00e9s de los bloqueos de la semana pasada en las carreteras de Veracruz y otros sitios del pa\u00eds por grupos de campesinos y sus centrales&#8230; Todo se ha calmado por el momento.. Han amenazado con m\u00e1s bloqueos&#8230; Pero lo que no entienden las organizaciones sociales es que Andr\u00e9s Manuel L\u00f3pez Obrador los quiere destruir&#8230; Como es el caso de la UNTA, que fue el que desquicio la entrada y salida de Xalapa, el pasado jueves&#8230; Pero no hay revesa MORENA les aplic\u00f3 \u00abLa Ley de Herodes\u00bb donde los chingan y los joden&#8230;<\/p>\n<p>La decisi\u00f3n de AMLO de entregarles el dinero directo a los campesinos y sectores vulnerables de la poblaci\u00f3n&#8230; Ya les \u00abparti\u00f3 el queso\u00bb directamente&#8230; Y m\u00e1s que organizaciones como el UNTA, que nadie sabe de donde son&#8230; En el sistema priista y panista eran funcionales porque el gobierno les daba dinero&#8230; Pero las reglas de operaci\u00f3n para apoyar a los sectores desprotegidos era que estos organismos les pagaban a los t\u00e9cnicos&#8230;. Pero se quedaba el 60 por ciento de esos recursos&#8230; Ahora eso se acab\u00f3&#8230;<\/p>\n<p>El negocio de la UNTA es que ten\u00edan bajo su mando a los t\u00e9cnicos especializados que presentaban proyectos ante SEDESOL y SAGARPA&#8230; S\u00f3lo capacitaban a las personas, pero hasta ah\u00ed no daba para m\u00e1s.. Estas organizaciones se\u00f1alaban que constructora los hac\u00eda.. Ahora eso no lo tienen y por eso toman carreteras como medida desesperada&#8230; Si bien es cierto con esto liquidas a vividores&#8230; Pero tambi\u00e9n jodes a las pocas que act\u00faan con honorabilidad&#8230; Como el Congreso Agrario Permanente&#8230; Se lo deben a la 4T&#8230; Ahora todo se lo quedar\u00e1 MORENA..<\/p>\n","protected":false},"excerpt":{"rendered":"<p>Ricardo Ch\u00faa Sale y Vale PADRISIMO&#8230; S\u00f3lo para conocedores.. Cu\u00e1l fue el alcalde \u00abjarocho\u00bb que vio al Gober Moreno de Veracruz, a altas horas de la noche el domingo, cen\u00e1ndose unos \u00abperros calientes\u00bb en compa\u00f1\u00eda de personas en Xalapa&#8230; Y cont\u00f3 que andaba como Javier Duarte, en el aquel 16 de septiembre del 2014, cuando [&hellip;]<\/p>\n","protected":false},"author":2,"featured_media":0,"comment_status":"open","ping_status":"open","sticky":false,"template":"","format":"standard","meta":{"tdm_status":"","tdm_grid_status":"","footnotes":""},"categories":[70],"tags":[301,1563,12299,3526],"class_list":{"0":"post-49113","1":"post","2":"type-post","3":"status-publish","4":"format-standard","6":"category-de-opinion","7":"tag-alvarado","8":"tag-cuitlahuac-garcia-jimenez","9":"tag-eric-cisneros-burgos","10":"tag-octavio-ruiz-barroso"},"yoast_head":"<!-- This site is optimized with the Yoast SEO plugin v27.4 - https:\/\/yoast.com\/product\/yoast-seo-wordpress\/ -->\n<title>Divorcio a la Tumbada! - Los pol\u00edticos Veracruz<\/title>\n<meta name=\"robots\" content=\"index, follow, max-snippet:-1, max-image-preview:large, max-video-preview:-1\" \/>\n<link rel=\"canonical\" href=\"https:\/\/lospoliticosveracruz.com\/?p=49113\" \/>\n<meta property=\"og:locale\" content=\"es_ES\" \/>\n<meta property=\"og:type\" content=\"article\" \/>\n<meta property=\"og:title\" content=\"Divorcio a la Tumbada! - Los pol\u00edticos Veracruz\" \/>\n<meta property=\"og:description\" content=\"Ricardo Ch\u00faa Sale y Vale PADRISIMO&#8230; S\u00f3lo para conocedores.. Cu\u00e1l fue el alcalde \u00abjarocho\u00bb que vio al Gober Moreno de Veracruz, a altas horas de la noche el domingo, cen\u00e1ndose unos \u00abperros calientes\u00bb en compa\u00f1\u00eda de personas en Xalapa&#8230; Y cont\u00f3 que andaba como Javier Duarte, en el aquel 16 de septiembre del 2014, cuando [&hellip;]\" \/>\n<meta property=\"og:url\" content=\"https:\/\/lospoliticosveracruz.com\/?p=49113\" \/>\n<meta property=\"og:site_name\" content=\"Los pol\u00edticos Veracruz\" \/>\n<meta property=\"article:publisher\" content=\"https:\/\/www.facebook.com\/people\/Notimemes-de-los-Polticos\/61565672886568\/\" \/>\n<meta property=\"article:published_time\" content=\"2019-08-16T14:56:27+00:00\" \/>\n<meta property=\"article:modified_time\" content=\"2019-08-16T14:57:04+00:00\" \/>\n<meta property=\"og:image\" content=\"https:\/\/lospoliticosveracruz.com\/wp-content\/uploads\/2016\/07\/Logo-Dor.jpg\" \/>\n\t<meta property=\"og:image:width\" content=\"200\" \/>\n\t<meta property=\"og:image:height\" content=\"200\" \/>\n\t<meta property=\"og:image:type\" content=\"image\/jpeg\" \/>\n<meta name=\"author\" content=\"Lo viste en Los Pol\u00edticos\" \/>\n<meta name=\"twitter:card\" content=\"summary_large_image\" \/>\n<meta name=\"twitter:creator\" content=\"@LosPoliticosVer\" \/>\n<meta name=\"twitter:site\" content=\"@LosPoliticosVer\" \/>\n<meta name=\"twitter:label1\" content=\"Escrito por\" \/>\n\t<meta name=\"twitter:data1\" content=\"Lo viste en Los Pol\u00edticos\" \/>\n\t<meta name=\"twitter:label2\" content=\"Tiempo de lectura\" \/>\n\t<meta name=\"twitter:data2\" content=\"5 minutos\" \/>\n<script type=\"application\/ld+json\" class=\"yoast-schema-graph\">{\"@context\":\"https:\\\/\\\/schema.org\",\"@graph\":[{\"@type\":\"Article\",\"@id\":\"https:\\\/\\\/lospoliticosveracruz.com\\\/?p=49113#article\",\"isPartOf\":{\"@id\":\"https:\\\/\\\/lospoliticosveracruz.com\\\/?p=49113\"},\"author\":{\"name\":\"Lo viste en Los Pol\u00edticos\",\"@id\":\"https:\\\/\\\/lospoliticosveracruz.com\\\/#\\\/schema\\\/person\\\/b8702bb0e538456e6efd07080bf2a4a2\"},\"headline\":\"Divorcio a la Tumbada!\",\"datePublished\":\"2019-08-16T14:56:27+00:00\",\"dateModified\":\"2019-08-16T14:57:04+00:00\",\"mainEntityOfPage\":{\"@id\":\"https:\\\/\\\/lospoliticosveracruz.com\\\/?p=49113\"},\"wordCount\":1089,\"commentCount\":0,\"publisher\":{\"@id\":\"https:\\\/\\\/lospoliticosveracruz.com\\\/#organization\"},\"keywords\":[\"Alvarado\",\"Cuitl\u00e1huac Garc\u00eda Jim\u00e9nez\",\"Eric Cisneros Burgos\",\"Octavio Ruiz Barroso\"],\"articleSection\":[\"De Opini\u00f3n\"],\"inLanguage\":\"es\",\"potentialAction\":[{\"@type\":\"CommentAction\",\"name\":\"Comment\",\"target\":[\"https:\\\/\\\/lospoliticosveracruz.com\\\/?p=49113#respond\"]}]},{\"@type\":\"WebPage\",\"@id\":\"https:\\\/\\\/lospoliticosveracruz.com\\\/?p=49113\",\"url\":\"https:\\\/\\\/lospoliticosveracruz.com\\\/?p=49113\",\"name\":\"Divorcio a la Tumbada! - Los pol\u00edticos Veracruz\",\"isPartOf\":{\"@id\":\"https:\\\/\\\/lospoliticosveracruz.com\\\/#website\"},\"datePublished\":\"2019-08-16T14:56:27+00:00\",\"dateModified\":\"2019-08-16T14:57:04+00:00\",\"breadcrumb\":{\"@id\":\"https:\\\/\\\/lospoliticosveracruz.com\\\/?p=49113#breadcrumb\"},\"inLanguage\":\"es\",\"potentialAction\":[{\"@type\":\"ReadAction\",\"target\":[\"https:\\\/\\\/lospoliticosveracruz.com\\\/?p=49113\"]}]},{\"@type\":\"BreadcrumbList\",\"@id\":\"https:\\\/\\\/lospoliticosveracruz.com\\\/?p=49113#breadcrumb\",\"itemListElement\":[{\"@type\":\"ListItem\",\"position\":1,\"name\":\"Portada\",\"item\":\"https:\\\/\\\/lospoliticosveracruz.com\\\/\"},{\"@type\":\"ListItem\",\"position\":2,\"name\":\"Divorcio a la Tumbada!\"}]},{\"@type\":\"WebSite\",\"@id\":\"https:\\\/\\\/lospoliticosveracruz.com\\\/#website\",\"url\":\"https:\\\/\\\/lospoliticosveracruz.com\\\/\",\"name\":\"Los pol\u00edticos Veracruz\",\"description\":\"\",\"publisher\":{\"@id\":\"https:\\\/\\\/lospoliticosveracruz.com\\\/#organization\"},\"potentialAction\":[{\"@type\":\"SearchAction\",\"target\":{\"@type\":\"EntryPoint\",\"urlTemplate\":\"https:\\\/\\\/lospoliticosveracruz.com\\\/?s={search_term_string}\"},\"query-input\":{\"@type\":\"PropertyValueSpecification\",\"valueRequired\":true,\"valueName\":\"search_term_string\"}}],\"inLanguage\":\"es\"},{\"@type\":\"Organization\",\"@id\":\"https:\\\/\\\/lospoliticosveracruz.com\\\/#organization\",\"name\":\"Los pol\u00edticos Veracruz\",\"url\":\"https:\\\/\\\/lospoliticosveracruz.com\\\/\",\"logo\":{\"@type\":\"ImageObject\",\"inLanguage\":\"es\",\"@id\":\"https:\\\/\\\/lospoliticosveracruz.com\\\/#\\\/schema\\\/logo\\\/image\\\/\",\"url\":\"https:\\\/\\\/lospoliticosveracruz.com\\\/wp-content\\\/uploads\\\/2025\\\/12\\\/Logo-Nuevo-LOS-POLITICOS-1.jpg\",\"contentUrl\":\"https:\\\/\\\/lospoliticosveracruz.com\\\/wp-content\\\/uploads\\\/2025\\\/12\\\/Logo-Nuevo-LOS-POLITICOS-1.jpg\",\"width\":260,\"height\":70,\"caption\":\"Los pol\u00edticos Veracruz\"},\"image\":{\"@id\":\"https:\\\/\\\/lospoliticosveracruz.com\\\/#\\\/schema\\\/logo\\\/image\\\/\"},\"sameAs\":[\"https:\\\/\\\/www.facebook.com\\\/people\\\/Notimemes-de-los-Polticos\\\/61565672886568\\\/\",\"https:\\\/\\\/x.com\\\/LosPoliticosVer\"]},{\"@type\":\"Person\",\"@id\":\"https:\\\/\\\/lospoliticosveracruz.com\\\/#\\\/schema\\\/person\\\/b8702bb0e538456e6efd07080bf2a4a2\",\"name\":\"Lo viste en Los Pol\u00edticos\",\"image\":{\"@type\":\"ImageObject\",\"inLanguage\":\"es\",\"@id\":\"https:\\\/\\\/secure.gravatar.com\\\/avatar\\\/3a8de04a2656d44082be478bd6c086daa447c4651605818287b9532d3d0bd435?s=96&d=mm&r=g\",\"url\":\"https:\\\/\\\/secure.gravatar.com\\\/avatar\\\/3a8de04a2656d44082be478bd6c086daa447c4651605818287b9532d3d0bd435?s=96&d=mm&r=g\",\"contentUrl\":\"https:\\\/\\\/secure.gravatar.com\\\/avatar\\\/3a8de04a2656d44082be478bd6c086daa447c4651605818287b9532d3d0bd435?s=96&d=mm&r=g\",\"caption\":\"Lo viste en Los Pol\u00edticos\"},\"url\":\"https:\\\/\\\/lospoliticosveracruz.com\\\/?author=2\"}]}<\/script>\n<!-- \/ Yoast SEO plugin. -->","yoast_head_json":{"title":"Divorcio a la Tumbada! - Los pol\u00edticos Veracruz","robots":{"index":"index","follow":"follow","max-snippet":"max-snippet:-1","max-image-preview":"max-image-preview:large","max-video-preview":"max-video-preview:-1"},"canonical":"https:\/\/lospoliticosveracruz.com\/?p=49113","og_locale":"es_ES","og_type":"article","og_title":"Divorcio a la Tumbada! - Los pol\u00edticos Veracruz","og_description":"Ricardo Ch\u00faa Sale y Vale PADRISIMO&#8230; S\u00f3lo para conocedores.. Cu\u00e1l fue el alcalde \u00abjarocho\u00bb que vio al Gober Moreno de Veracruz, a altas horas de la noche el domingo, cen\u00e1ndose unos \u00abperros calientes\u00bb en compa\u00f1\u00eda de personas en Xalapa&#8230; Y cont\u00f3 que andaba como Javier Duarte, en el aquel 16 de septiembre del 2014, cuando [&hellip;]","og_url":"https:\/\/lospoliticosveracruz.com\/?p=49113","og_site_name":"Los pol\u00edticos Veracruz","article_publisher":"https:\/\/www.facebook.com\/people\/Notimemes-de-los-Polticos\/61565672886568\/","article_published_time":"2019-08-16T14:56:27+00:00","article_modified_time":"2019-08-16T14:57:04+00:00","og_image":[{"width":200,"height":200,"url":"https:\/\/lospoliticosveracruz.com\/wp-content\/uploads\/2016\/07\/Logo-Dor.jpg","type":"image\/jpeg"}],"author":"Lo viste en Los Pol\u00edticos","twitter_card":"summary_large_image","twitter_creator":"@LosPoliticosVer","twitter_site":"@LosPoliticosVer","twitter_misc":{"Escrito por":"Lo viste en Los Pol\u00edticos","Tiempo de lectura":"5 minutos"},"schema":{"@context":"https:\/\/schema.org","@graph":[{"@type":"Article","@id":"https:\/\/lospoliticosveracruz.com\/?p=49113#article","isPartOf":{"@id":"https:\/\/lospoliticosveracruz.com\/?p=49113"},"author":{"name":"Lo viste en Los Pol\u00edticos","@id":"https:\/\/lospoliticosveracruz.com\/#\/schema\/person\/b8702bb0e538456e6efd07080bf2a4a2"},"headline":"Divorcio a la Tumbada!","datePublished":"2019-08-16T14:56:27+00:00","dateModified":"2019-08-16T14:57:04+00:00","mainEntityOfPage":{"@id":"https:\/\/lospoliticosveracruz.com\/?p=49113"},"wordCount":1089,"commentCount":0,"publisher":{"@id":"https:\/\/lospoliticosveracruz.com\/#organization"},"keywords":["Alvarado","Cuitl\u00e1huac Garc\u00eda Jim\u00e9nez","Eric Cisneros Burgos","Octavio Ruiz Barroso"],"articleSection":["De Opini\u00f3n"],"inLanguage":"es","potentialAction":[{"@type":"CommentAction","name":"Comment","target":["https:\/\/lospoliticosveracruz.com\/?p=49113#respond"]}]},{"@type":"WebPage","@id":"https:\/\/lospoliticosveracruz.com\/?p=49113","url":"https:\/\/lospoliticosveracruz.com\/?p=49113","name":"Divorcio a la Tumbada! - Los pol\u00edticos Veracruz","isPartOf":{"@id":"https:\/\/lospoliticosveracruz.com\/#website"},"datePublished":"2019-08-16T14:56:27+00:00","dateModified":"2019-08-16T14:57:04+00:00","breadcrumb":{"@id":"https:\/\/lospoliticosveracruz.com\/?p=49113#breadcrumb"},"inLanguage":"es","potentialAction":[{"@type":"ReadAction","target":["https:\/\/lospoliticosveracruz.com\/?p=49113"]}]},{"@type":"BreadcrumbList","@id":"https:\/\/lospoliticosveracruz.com\/?p=49113#breadcrumb","itemListElement":[{"@type":"ListItem","position":1,"name":"Portada","item":"https:\/\/lospoliticosveracruz.com\/"},{"@type":"ListItem","position":2,"name":"Divorcio a la Tumbada!"}]},{"@type":"WebSite","@id":"https:\/\/lospoliticosveracruz.com\/#website","url":"https:\/\/lospoliticosveracruz.com\/","name":"Los pol\u00edticos Veracruz","description":"","publisher":{"@id":"https:\/\/lospoliticosveracruz.com\/#organization"},"potentialAction":[{"@type":"SearchAction","target":{"@type":"EntryPoint","urlTemplate":"https:\/\/lospoliticosveracruz.com\/?s={search_term_string}"},"query-input":{"@type":"PropertyValueSpecification","valueRequired":true,"valueName":"search_term_string"}}],"inLanguage":"es"},{"@type":"Organization","@id":"https:\/\/lospoliticosveracruz.com\/#organization","name":"Los pol\u00edticos Veracruz","url":"https:\/\/lospoliticosveracruz.com\/","logo":{"@type":"ImageObject","inLanguage":"es","@id":"https:\/\/lospoliticosveracruz.com\/#\/schema\/logo\/image\/","url":"https:\/\/lospoliticosveracruz.com\/wp-content\/uploads\/2025\/12\/Logo-Nuevo-LOS-POLITICOS-1.jpg","contentUrl":"https:\/\/lospoliticosveracruz.com\/wp-content\/uploads\/2025\/12\/Logo-Nuevo-LOS-POLITICOS-1.jpg","width":260,"height":70,"caption":"Los pol\u00edticos Veracruz"},"image":{"@id":"https:\/\/lospoliticosveracruz.com\/#\/schema\/logo\/image\/"},"sameAs":["https:\/\/www.facebook.com\/people\/Notimemes-de-los-Polticos\/61565672886568\/","https:\/\/x.com\/LosPoliticosVer"]},{"@type":"Person","@id":"https:\/\/lospoliticosveracruz.com\/#\/schema\/person\/b8702bb0e538456e6efd07080bf2a4a2","name":"Lo viste en Los Pol\u00edticos","image":{"@type":"ImageObject","inLanguage":"es","@id":"https:\/\/secure.gravatar.com\/avatar\/3a8de04a2656d44082be478bd6c086daa447c4651605818287b9532d3d0bd435?s=96&d=mm&r=g","url":"https:\/\/secure.gravatar.com\/avatar\/3a8de04a2656d44082be478bd6c086daa447c4651605818287b9532d3d0bd435?s=96&d=mm&r=g","contentUrl":"https:\/\/secure.gravatar.com\/avatar\/3a8de04a2656d44082be478bd6c086daa447c4651605818287b9532d3d0bd435?s=96&d=mm&r=g","caption":"Lo viste en Los Pol\u00edticos"},"url":"https:\/\/lospoliticosveracruz.com\/?author=2"}]}},"_links":{"self":[{"href":"https:\/\/lospoliticosveracruz.com\/index.php?rest_route=\/wp\/v2\/posts\/49113","targetHints":{"allow":["GET"]}}],"collection":[{"href":"https:\/\/lospoliticosveracruz.com\/index.php?rest_route=\/wp\/v2\/posts"}],"about":[{"href":"https:\/\/lospoliticosveracruz.com\/index.php?rest_route=\/wp\/v2\/types\/post"}],"author":[{"embeddable":true,"href":"https:\/\/lospoliticosveracruz.com\/index.php?rest_route=\/wp\/v2\/users\/2"}],"replies":[{"embeddable":true,"href":"https:\/\/lospoliticosveracruz.com\/index.php?rest_route=%2Fwp%2Fv2%2Fcomments&post=49113"}],"version-history":[{"count":2,"href":"https:\/\/lospoliticosveracruz.com\/index.php?rest_route=\/wp\/v2\/posts\/49113\/revisions"}],"predecessor-version":[{"id":49116,"href":"https:\/\/lospoliticosveracruz.com\/index.php?rest_route=\/wp\/v2\/posts\/49113\/revisions\/49116"}],"wp:attachment":[{"href":"https:\/\/lospoliticosveracruz.com\/index.php?rest_route=%2Fwp%2Fv2%2Fmedia&parent=49113"}],"wp:term":[{"taxonomy":"category","embeddable":true,"href":"https:\/\/lospoliticosveracruz.com\/index.php?rest_route=%2Fwp%2Fv2%2Fcategories&post=49113"},{"taxonomy":"post_tag","embeddable":true,"href":"https:\/\/lospoliticosveracruz.com\/index.php?rest_route=%2Fwp%2Fv2%2Ftags&post=49113"}],"curies":[{"name":"wp","href":"https:\/\/api.w.org\/{rel}","templated":true}]}}