{"id":49118,"date":"2019-08-16T12:52:28","date_gmt":"2019-08-16T17:52:28","guid":{"rendered":"http:\/\/www.lospoliticosveracruz.com.mx\/?p=49118"},"modified":"2019-08-16T12:52:28","modified_gmt":"2019-08-16T17:52:28","slug":"preocupate-rosario","status":"publish","type":"post","link":"https:\/\/lospoliticosveracruz.com\/?p=49118","title":{"rendered":"\u00a1Preoc\u00fapate Rosario!"},"content":{"rendered":"<p><strong>Felipe de Jes\u00fas Fern\u00e1ndez Basilio<\/strong><\/p>\n<p><em> Desde A \u00a0Janela<\/em><\/p>\n<p>Sin lugar a dudas la noticia m\u00e1s destacada de estos \u00faltimos d\u00edas es el curso que ha tomado el caso de Rosario Robles, la exfuncionaria del gobierno de Pe\u00f1a que fue vinculada a proceso y que adem\u00e1s fue sujeta a la medida cautelar consistente en la prisi\u00f3n preventiva justificada.<\/p>\n<p>A rosario Robles se le acusa de participar en la llamada <em>\u201cestafa maestra\u201d<\/em>y en concreto por presuntamente saber o no informar sobre el extrav\u00edo de una gran cantidad de dinero p\u00fablico y por el caudal de evidencias que ya exist\u00edan desde antes de que entrara en funciones esta administraci\u00f3n, ya que quien descubri\u00f3 estos manejos fue la Auditor\u00eda Superior de la Federaci\u00f3n durante el gobierno pasado, era previsible que fuera vinculada a proceso y m\u00e1s porque la justicia tiene que dilucidar si particip\u00f3 o no en la comisi\u00f3n de los delitos por lo que se le acusa.<\/p>\n<p>Y esto es as\u00ed, porque Robles estuvo a cargo de dos dependencias que manejaban mucho dinero durante uno de los gobiernos m\u00e1s corruptos o muy posiblemente el m\u00e1s corrupto en la historia de M\u00e9xico; no hay que olvidar que ese periodo dominado por el que se dec\u00eda <em>el nuevo PRI<\/em>, fue desastroso por la gran cantidad de robos por cantidades estratosf\u00e9ricas cometidos en agravio del erario p\u00fablico tanto a nivel federal como local.<\/p>\n<p>Y al haber quedado al frente de esas secretar\u00edas en ese periodo hace necesario saber qu\u00e9 fue lo que sucedi\u00f3 y si se qued\u00f3 con alg\u00fan dinero indebido o si fue omisa en denunciar a quienes lo hicieron y m\u00e1s en un pa\u00eds que est\u00e1 \u00e1vido de punici\u00f3n en contra de los pol\u00edticos que han abusado de su cargo, ya que nunca se castiga a los ex gobernantes, salvo por uno que otro chivo expiatorio.<\/p>\n<p>Lo que ya no cuadra tanto, sobre todo a los que en alguna medida somos operadores del sistema de justicia penal vigente, es la manera arbitraria en la que se le decret\u00f3 una prisi\u00f3n preventiva justificada, ya que conforme a lo que dispone la ley procesal en la materia no era necesaria esa medida.<\/p>\n<p>Hago un par\u00e9ntesis para explicar lo que es la prisi\u00f3n preventiva, de acuerdo a la ley procesal y a la jurisprudencia la prisi\u00f3n preventiva es la reclusi\u00f3n provisional que se decreta en contra de un imputado por el tiempo que dura su juicio y \u00e9sta puede ser decretada de manera necesaria cuando el delito por el que se acusa la tiene prevista o puede ser justificada cuando a pesar de que no sea necesaria haya riesgos de que el procesado se fugue, obstaculice la investigaci\u00f3n o pueda da\u00f1ar a los acusadores.<\/p>\n<p>Retomando el tema de la prisi\u00f3n preventiva decretada en contra de Robles, aqu\u00ed bien podemos decir que fue una medida exagerada que bien puede precisamente desvirtuar todos los fines que busca el juicio, ya que se violan en perjuicio de la hoy imputada los principios de presunci\u00f3n de inocencia y de equidad procesal.<\/p>\n<p>Lo anterior sumado a las circunstancias de que Robles es una persona que es considerada como traidora a la causa por quienes ahora gobiernan en el pa\u00eds, ya que ella fue un personaje central de la izquierda mexicana de principios de siglo, incluso fue la Jefe de Gobierno sustituta cuando Cuauht\u00e9moc C\u00e1rdenas se postul\u00f3 por vez postrera para la presidencia de la rep\u00fablica y desde ese cargo se presume que oper\u00f3 electoralmente para que L\u00f3pez le ganara por una nariz la jefatura de gobierno de la ciudad a Santiago Creel.<\/p>\n<p>Nada m\u00e1s que la historia vir\u00f3 dr\u00e1sticamente cuando el empresario Carlos Ahumada, quien ten\u00eda una relaci\u00f3n sentimental con ella, destap\u00f3 unas de las extorsiones cometidas en su contra por Ren\u00e9 Bejarano entonces funcionario de alto nivel del gobierno de la Ciudad de M\u00e9xico bajo L\u00f3pez, para refrescar la memoria de mis lectores les refiero que fue el famoso caso de \u201cLas Ligas\u201d en el que se tomaron videos en los que se ve\u00eda a Bejarano contando y llev\u00e1ndose fajos de billetes entregados por Ahumada.<\/p>\n<p>Caso por el que Bejarano pas\u00f3 un tiempo en la c\u00e1rcel, resultando adem\u00e1s que Bejarano es esposo de Dolores Padierna, quien es vicepresidente de la C\u00e1mara de Diputados y personaje distinguido de la \u201ccuarta transformaci\u00f3n\u201d y adem\u00e1s t\u00eda del juez que dict\u00f3 la prisi\u00f3n preventiva en contra de Robles, ya que el juzgador es hijo de una de hermana de la diputada seg\u00fan ella misma lo reconoci\u00f3.<\/p>\n<p>Elementos que hacen suponer que el encarcelamiento de Robles puede tratarse de una venganza pol\u00edtica, lo cual volver\u00eda a dejar a la impunidad campeando y m\u00e1s porque en un caso como el de la estafa maestra no es posible que solo una persona lo haya orquestado todo, ya que tuvo un jefe, muchos colegas y much\u00edsimos subordinados que tambi\u00e9n deber\u00edan de estar en el banquillo de los acusados y al cargar todos los dados de la justicia en contra de ella, desgraciadamente en lo que se piensa es en la venganza pol\u00edtica.<\/p>\n<p>Y lo m\u00e1s curioso del asunto es que casi nadie pide un juicio justo para ella ni que llamen a quienes la acompa\u00f1aron en ese desastroso gobierno y que seguramente tambi\u00e9n tienen cosas por las que responder.<\/p>\n<p>Es m\u00e1s, y ya como iron\u00eda digo que ni si quiera las feministas que son tan belicosas cuando se trata de la equidad de g\u00e9nero se han pronunciado por el hecho de que solo enjuicien sumariamente a una mujer por la gran cantidad de delitos que pudieron haber cometido en el gobierno de Pe\u00f1a.<\/p>\n<p>Por todas esas cosas y las que vengan: \u00a1Preoc\u00fapate Rosario!<\/p>\n<p>&nbsp;<\/p>\n<p><a href=\"mailto:felfebas@gmail.com\">felfebas@gmail.com<\/a><\/p>\n<p>Twitter: @FelipeFBasilio<\/p>\n","protected":false},"excerpt":{"rendered":"<p>Felipe de Jes\u00fas Fern\u00e1ndez Basilio Desde A \u00a0Janela Sin lugar a dudas la noticia m\u00e1s destacada de estos \u00faltimos d\u00edas es el curso que ha tomado el caso de Rosario Robles, la exfuncionaria del gobierno de Pe\u00f1a que fue vinculada a proceso y que adem\u00e1s fue sujeta a la medida cautelar consistente en la prisi\u00f3n [&hellip;]<\/p>\n","protected":false},"author":2,"featured_media":49119,"comment_status":"open","ping_status":"open","sticky":false,"template":"","format":"standard","meta":{"tdm_status":"","tdm_grid_status":"","footnotes":""},"categories":[70],"tags":[1917,8169,14481,15062,281,15055,8170,7343,5590],"class_list":{"0":"post-49118","1":"post","2":"type-post","3":"status-publish","4":"format-standard","5":"has-post-thumbnail","7":"category-de-opinion","8":"tag-auditoria-superior-de-la-federacion","9":"tag-carlos-ahumada","10":"tag-cuauhtemoc-cardenas","11":"tag-dolores-padierna","12":"tag-enrique-pena-nieto","13":"tag-estafa-maestra","14":"tag-rene-bejarano","15":"tag-rosario-robles","16":"tag-santiago-creel"},"yoast_head":"<!-- This site is optimized with the Yoast SEO plugin v27.4 - https:\/\/yoast.com\/product\/yoast-seo-wordpress\/ -->\n<title>\u00a1Preoc\u00fapate Rosario! - Los pol\u00edticos Veracruz<\/title>\n<meta name=\"robots\" content=\"index, follow, max-snippet:-1, max-image-preview:large, max-video-preview:-1\" \/>\n<link rel=\"canonical\" href=\"https:\/\/lospoliticosveracruz.com\/?p=49118\" \/>\n<meta property=\"og:locale\" content=\"es_ES\" \/>\n<meta property=\"og:type\" content=\"article\" \/>\n<meta property=\"og:title\" content=\"\u00a1Preoc\u00fapate Rosario! - Los pol\u00edticos Veracruz\" \/>\n<meta property=\"og:description\" content=\"Felipe de Jes\u00fas Fern\u00e1ndez Basilio Desde A \u00a0Janela Sin lugar a dudas la noticia m\u00e1s destacada de estos \u00faltimos d\u00edas es el curso que ha tomado el caso de Rosario Robles, la exfuncionaria del gobierno de Pe\u00f1a que fue vinculada a proceso y que adem\u00e1s fue sujeta a la medida cautelar consistente en la prisi\u00f3n [&hellip;]\" \/>\n<meta property=\"og:url\" content=\"https:\/\/lospoliticosveracruz.com\/?p=49118\" \/>\n<meta property=\"og:site_name\" content=\"Los pol\u00edticos Veracruz\" \/>\n<meta property=\"article:publisher\" content=\"https:\/\/www.facebook.com\/people\/Notimemes-de-los-Polticos\/61565672886568\/\" \/>\n<meta property=\"article:published_time\" content=\"2019-08-16T17:52:28+00:00\" \/>\n<meta property=\"og:image\" content=\"https:\/\/lospoliticosveracruz.com\/wp-content\/uploads\/2019\/08\/Rosario.jpg\" \/>\n\t<meta property=\"og:image:width\" content=\"600\" \/>\n\t<meta property=\"og:image:height\" content=\"346\" \/>\n\t<meta property=\"og:image:type\" content=\"image\/jpeg\" \/>\n<meta name=\"author\" content=\"Lo viste en Los Pol\u00edticos\" \/>\n<meta name=\"twitter:card\" content=\"summary_large_image\" \/>\n<meta name=\"twitter:creator\" content=\"@LosPoliticosVer\" \/>\n<meta name=\"twitter:site\" content=\"@LosPoliticosVer\" \/>\n<meta name=\"twitter:label1\" content=\"Escrito por\" \/>\n\t<meta name=\"twitter:data1\" content=\"Lo viste en Los Pol\u00edticos\" \/>\n\t<meta name=\"twitter:label2\" content=\"Tiempo de lectura\" \/>\n\t<meta name=\"twitter:data2\" content=\"5 minutos\" \/>\n<script type=\"application\/ld+json\" class=\"yoast-schema-graph\">{\"@context\":\"https:\\\/\\\/schema.org\",\"@graph\":[{\"@type\":\"Article\",\"@id\":\"https:\\\/\\\/lospoliticosveracruz.com\\\/?p=49118#article\",\"isPartOf\":{\"@id\":\"https:\\\/\\\/lospoliticosveracruz.com\\\/?p=49118\"},\"author\":{\"name\":\"Lo viste en Los Pol\u00edticos\",\"@id\":\"https:\\\/\\\/lospoliticosveracruz.com\\\/#\\\/schema\\\/person\\\/b8702bb0e538456e6efd07080bf2a4a2\"},\"headline\":\"\u00a1Preoc\u00fapate Rosario!\",\"datePublished\":\"2019-08-16T17:52:28+00:00\",\"mainEntityOfPage\":{\"@id\":\"https:\\\/\\\/lospoliticosveracruz.com\\\/?p=49118\"},\"wordCount\":1016,\"commentCount\":0,\"publisher\":{\"@id\":\"https:\\\/\\\/lospoliticosveracruz.com\\\/#organization\"},\"image\":{\"@id\":\"https:\\\/\\\/lospoliticosveracruz.com\\\/?p=49118#primaryimage\"},\"thumbnailUrl\":\"https:\\\/\\\/lospoliticosveracruz.com\\\/wp-content\\\/uploads\\\/2019\\\/08\\\/Rosario.jpg\",\"keywords\":[\"Auditor\u00eda Superior de la Federaci\u00f3n\",\"Carlos Ahumada\",\"Cuauht\u00e9moc C\u00e1rdenas\",\"Dolores Padierna\",\"Enrique Pe\u00f1a Nieto\",\"Estafa Maestra\",\"Ren\u00e9 Bejarano\",\"Rosario Robles\",\"Santiago Creel\"],\"articleSection\":[\"De Opini\u00f3n\"],\"inLanguage\":\"es\",\"potentialAction\":[{\"@type\":\"CommentAction\",\"name\":\"Comment\",\"target\":[\"https:\\\/\\\/lospoliticosveracruz.com\\\/?p=49118#respond\"]}]},{\"@type\":\"WebPage\",\"@id\":\"https:\\\/\\\/lospoliticosveracruz.com\\\/?p=49118\",\"url\":\"https:\\\/\\\/lospoliticosveracruz.com\\\/?p=49118\",\"name\":\"\u00a1Preoc\u00fapate Rosario! - Los pol\u00edticos Veracruz\",\"isPartOf\":{\"@id\":\"https:\\\/\\\/lospoliticosveracruz.com\\\/#website\"},\"primaryImageOfPage\":{\"@id\":\"https:\\\/\\\/lospoliticosveracruz.com\\\/?p=49118#primaryimage\"},\"image\":{\"@id\":\"https:\\\/\\\/lospoliticosveracruz.com\\\/?p=49118#primaryimage\"},\"thumbnailUrl\":\"https:\\\/\\\/lospoliticosveracruz.com\\\/wp-content\\\/uploads\\\/2019\\\/08\\\/Rosario.jpg\",\"datePublished\":\"2019-08-16T17:52:28+00:00\",\"breadcrumb\":{\"@id\":\"https:\\\/\\\/lospoliticosveracruz.com\\\/?p=49118#breadcrumb\"},\"inLanguage\":\"es\",\"potentialAction\":[{\"@type\":\"ReadAction\",\"target\":[\"https:\\\/\\\/lospoliticosveracruz.com\\\/?p=49118\"]}]},{\"@type\":\"ImageObject\",\"inLanguage\":\"es\",\"@id\":\"https:\\\/\\\/lospoliticosveracruz.com\\\/?p=49118#primaryimage\",\"url\":\"https:\\\/\\\/lospoliticosveracruz.com\\\/wp-content\\\/uploads\\\/2019\\\/08\\\/Rosario.jpg\",\"contentUrl\":\"https:\\\/\\\/lospoliticosveracruz.com\\\/wp-content\\\/uploads\\\/2019\\\/08\\\/Rosario.jpg\",\"width\":600,\"height\":346},{\"@type\":\"BreadcrumbList\",\"@id\":\"https:\\\/\\\/lospoliticosveracruz.com\\\/?p=49118#breadcrumb\",\"itemListElement\":[{\"@type\":\"ListItem\",\"position\":1,\"name\":\"Portada\",\"item\":\"https:\\\/\\\/lospoliticosveracruz.com\\\/\"},{\"@type\":\"ListItem\",\"position\":2,\"name\":\"\u00a1Preoc\u00fapate Rosario!\"}]},{\"@type\":\"WebSite\",\"@id\":\"https:\\\/\\\/lospoliticosveracruz.com\\\/#website\",\"url\":\"https:\\\/\\\/lospoliticosveracruz.com\\\/\",\"name\":\"Los pol\u00edticos Veracruz\",\"description\":\"\",\"publisher\":{\"@id\":\"https:\\\/\\\/lospoliticosveracruz.com\\\/#organization\"},\"potentialAction\":[{\"@type\":\"SearchAction\",\"target\":{\"@type\":\"EntryPoint\",\"urlTemplate\":\"https:\\\/\\\/lospoliticosveracruz.com\\\/?s={search_term_string}\"},\"query-input\":{\"@type\":\"PropertyValueSpecification\",\"valueRequired\":true,\"valueName\":\"search_term_string\"}}],\"inLanguage\":\"es\"},{\"@type\":\"Organization\",\"@id\":\"https:\\\/\\\/lospoliticosveracruz.com\\\/#organization\",\"name\":\"Los pol\u00edticos Veracruz\",\"url\":\"https:\\\/\\\/lospoliticosveracruz.com\\\/\",\"logo\":{\"@type\":\"ImageObject\",\"inLanguage\":\"es\",\"@id\":\"https:\\\/\\\/lospoliticosveracruz.com\\\/#\\\/schema\\\/logo\\\/image\\\/\",\"url\":\"https:\\\/\\\/lospoliticosveracruz.com\\\/wp-content\\\/uploads\\\/2025\\\/12\\\/Logo-Nuevo-LOS-POLITICOS-1.jpg\",\"contentUrl\":\"https:\\\/\\\/lospoliticosveracruz.com\\\/wp-content\\\/uploads\\\/2025\\\/12\\\/Logo-Nuevo-LOS-POLITICOS-1.jpg\",\"width\":260,\"height\":70,\"caption\":\"Los pol\u00edticos Veracruz\"},\"image\":{\"@id\":\"https:\\\/\\\/lospoliticosveracruz.com\\\/#\\\/schema\\\/logo\\\/image\\\/\"},\"sameAs\":[\"https:\\\/\\\/www.facebook.com\\\/people\\\/Notimemes-de-los-Polticos\\\/61565672886568\\\/\",\"https:\\\/\\\/x.com\\\/LosPoliticosVer\"]},{\"@type\":\"Person\",\"@id\":\"https:\\\/\\\/lospoliticosveracruz.com\\\/#\\\/schema\\\/person\\\/b8702bb0e538456e6efd07080bf2a4a2\",\"name\":\"Lo viste en Los Pol\u00edticos\",\"image\":{\"@type\":\"ImageObject\",\"inLanguage\":\"es\",\"@id\":\"https:\\\/\\\/secure.gravatar.com\\\/avatar\\\/3a8de04a2656d44082be478bd6c086daa447c4651605818287b9532d3d0bd435?s=96&d=mm&r=g\",\"url\":\"https:\\\/\\\/secure.gravatar.com\\\/avatar\\\/3a8de04a2656d44082be478bd6c086daa447c4651605818287b9532d3d0bd435?s=96&d=mm&r=g\",\"contentUrl\":\"https:\\\/\\\/secure.gravatar.com\\\/avatar\\\/3a8de04a2656d44082be478bd6c086daa447c4651605818287b9532d3d0bd435?s=96&d=mm&r=g\",\"caption\":\"Lo viste en Los Pol\u00edticos\"},\"url\":\"https:\\\/\\\/lospoliticosveracruz.com\\\/?author=2\"}]}<\/script>\n<!-- \/ Yoast SEO plugin. -->","yoast_head_json":{"title":"\u00a1Preoc\u00fapate Rosario! - Los pol\u00edticos Veracruz","robots":{"index":"index","follow":"follow","max-snippet":"max-snippet:-1","max-image-preview":"max-image-preview:large","max-video-preview":"max-video-preview:-1"},"canonical":"https:\/\/lospoliticosveracruz.com\/?p=49118","og_locale":"es_ES","og_type":"article","og_title":"\u00a1Preoc\u00fapate Rosario! - Los pol\u00edticos Veracruz","og_description":"Felipe de Jes\u00fas Fern\u00e1ndez Basilio Desde A \u00a0Janela Sin lugar a dudas la noticia m\u00e1s destacada de estos \u00faltimos d\u00edas es el curso que ha tomado el caso de Rosario Robles, la exfuncionaria del gobierno de Pe\u00f1a que fue vinculada a proceso y que adem\u00e1s fue sujeta a la medida cautelar consistente en la prisi\u00f3n [&hellip;]","og_url":"https:\/\/lospoliticosveracruz.com\/?p=49118","og_site_name":"Los pol\u00edticos Veracruz","article_publisher":"https:\/\/www.facebook.com\/people\/Notimemes-de-los-Polticos\/61565672886568\/","article_published_time":"2019-08-16T17:52:28+00:00","og_image":[{"width":600,"height":346,"url":"https:\/\/lospoliticosveracruz.com\/wp-content\/uploads\/2019\/08\/Rosario.jpg","type":"image\/jpeg"}],"author":"Lo viste en Los Pol\u00edticos","twitter_card":"summary_large_image","twitter_creator":"@LosPoliticosVer","twitter_site":"@LosPoliticosVer","twitter_misc":{"Escrito por":"Lo viste en Los Pol\u00edticos","Tiempo de lectura":"5 minutos"},"schema":{"@context":"https:\/\/schema.org","@graph":[{"@type":"Article","@id":"https:\/\/lospoliticosveracruz.com\/?p=49118#article","isPartOf":{"@id":"https:\/\/lospoliticosveracruz.com\/?p=49118"},"author":{"name":"Lo viste en Los Pol\u00edticos","@id":"https:\/\/lospoliticosveracruz.com\/#\/schema\/person\/b8702bb0e538456e6efd07080bf2a4a2"},"headline":"\u00a1Preoc\u00fapate Rosario!","datePublished":"2019-08-16T17:52:28+00:00","mainEntityOfPage":{"@id":"https:\/\/lospoliticosveracruz.com\/?p=49118"},"wordCount":1016,"commentCount":0,"publisher":{"@id":"https:\/\/lospoliticosveracruz.com\/#organization"},"image":{"@id":"https:\/\/lospoliticosveracruz.com\/?p=49118#primaryimage"},"thumbnailUrl":"https:\/\/lospoliticosveracruz.com\/wp-content\/uploads\/2019\/08\/Rosario.jpg","keywords":["Auditor\u00eda Superior de la Federaci\u00f3n","Carlos Ahumada","Cuauht\u00e9moc C\u00e1rdenas","Dolores Padierna","Enrique Pe\u00f1a Nieto","Estafa Maestra","Ren\u00e9 Bejarano","Rosario Robles","Santiago Creel"],"articleSection":["De Opini\u00f3n"],"inLanguage":"es","potentialAction":[{"@type":"CommentAction","name":"Comment","target":["https:\/\/lospoliticosveracruz.com\/?p=49118#respond"]}]},{"@type":"WebPage","@id":"https:\/\/lospoliticosveracruz.com\/?p=49118","url":"https:\/\/lospoliticosveracruz.com\/?p=49118","name":"\u00a1Preoc\u00fapate Rosario! - Los pol\u00edticos Veracruz","isPartOf":{"@id":"https:\/\/lospoliticosveracruz.com\/#website"},"primaryImageOfPage":{"@id":"https:\/\/lospoliticosveracruz.com\/?p=49118#primaryimage"},"image":{"@id":"https:\/\/lospoliticosveracruz.com\/?p=49118#primaryimage"},"thumbnailUrl":"https:\/\/lospoliticosveracruz.com\/wp-content\/uploads\/2019\/08\/Rosario.jpg","datePublished":"2019-08-16T17:52:28+00:00","breadcrumb":{"@id":"https:\/\/lospoliticosveracruz.com\/?p=49118#breadcrumb"},"inLanguage":"es","potentialAction":[{"@type":"ReadAction","target":["https:\/\/lospoliticosveracruz.com\/?p=49118"]}]},{"@type":"ImageObject","inLanguage":"es","@id":"https:\/\/lospoliticosveracruz.com\/?p=49118#primaryimage","url":"https:\/\/lospoliticosveracruz.com\/wp-content\/uploads\/2019\/08\/Rosario.jpg","contentUrl":"https:\/\/lospoliticosveracruz.com\/wp-content\/uploads\/2019\/08\/Rosario.jpg","width":600,"height":346},{"@type":"BreadcrumbList","@id":"https:\/\/lospoliticosveracruz.com\/?p=49118#breadcrumb","itemListElement":[{"@type":"ListItem","position":1,"name":"Portada","item":"https:\/\/lospoliticosveracruz.com\/"},{"@type":"ListItem","position":2,"name":"\u00a1Preoc\u00fapate Rosario!"}]},{"@type":"WebSite","@id":"https:\/\/lospoliticosveracruz.com\/#website","url":"https:\/\/lospoliticosveracruz.com\/","name":"Los pol\u00edticos Veracruz","description":"","publisher":{"@id":"https:\/\/lospoliticosveracruz.com\/#organization"},"potentialAction":[{"@type":"SearchAction","target":{"@type":"EntryPoint","urlTemplate":"https:\/\/lospoliticosveracruz.com\/?s={search_term_string}"},"query-input":{"@type":"PropertyValueSpecification","valueRequired":true,"valueName":"search_term_string"}}],"inLanguage":"es"},{"@type":"Organization","@id":"https:\/\/lospoliticosveracruz.com\/#organization","name":"Los pol\u00edticos Veracruz","url":"https:\/\/lospoliticosveracruz.com\/","logo":{"@type":"ImageObject","inLanguage":"es","@id":"https:\/\/lospoliticosveracruz.com\/#\/schema\/logo\/image\/","url":"https:\/\/lospoliticosveracruz.com\/wp-content\/uploads\/2025\/12\/Logo-Nuevo-LOS-POLITICOS-1.jpg","contentUrl":"https:\/\/lospoliticosveracruz.com\/wp-content\/uploads\/2025\/12\/Logo-Nuevo-LOS-POLITICOS-1.jpg","width":260,"height":70,"caption":"Los pol\u00edticos Veracruz"},"image":{"@id":"https:\/\/lospoliticosveracruz.com\/#\/schema\/logo\/image\/"},"sameAs":["https:\/\/www.facebook.com\/people\/Notimemes-de-los-Polticos\/61565672886568\/","https:\/\/x.com\/LosPoliticosVer"]},{"@type":"Person","@id":"https:\/\/lospoliticosveracruz.com\/#\/schema\/person\/b8702bb0e538456e6efd07080bf2a4a2","name":"Lo viste en Los Pol\u00edticos","image":{"@type":"ImageObject","inLanguage":"es","@id":"https:\/\/secure.gravatar.com\/avatar\/3a8de04a2656d44082be478bd6c086daa447c4651605818287b9532d3d0bd435?s=96&d=mm&r=g","url":"https:\/\/secure.gravatar.com\/avatar\/3a8de04a2656d44082be478bd6c086daa447c4651605818287b9532d3d0bd435?s=96&d=mm&r=g","contentUrl":"https:\/\/secure.gravatar.com\/avatar\/3a8de04a2656d44082be478bd6c086daa447c4651605818287b9532d3d0bd435?s=96&d=mm&r=g","caption":"Lo viste en Los Pol\u00edticos"},"url":"https:\/\/lospoliticosveracruz.com\/?author=2"}]}},"_links":{"self":[{"href":"https:\/\/lospoliticosveracruz.com\/index.php?rest_route=\/wp\/v2\/posts\/49118","targetHints":{"allow":["GET"]}}],"collection":[{"href":"https:\/\/lospoliticosveracruz.com\/index.php?rest_route=\/wp\/v2\/posts"}],"about":[{"href":"https:\/\/lospoliticosveracruz.com\/index.php?rest_route=\/wp\/v2\/types\/post"}],"author":[{"embeddable":true,"href":"https:\/\/lospoliticosveracruz.com\/index.php?rest_route=\/wp\/v2\/users\/2"}],"replies":[{"embeddable":true,"href":"https:\/\/lospoliticosveracruz.com\/index.php?rest_route=%2Fwp%2Fv2%2Fcomments&post=49118"}],"version-history":[{"count":1,"href":"https:\/\/lospoliticosveracruz.com\/index.php?rest_route=\/wp\/v2\/posts\/49118\/revisions"}],"predecessor-version":[{"id":49120,"href":"https:\/\/lospoliticosveracruz.com\/index.php?rest_route=\/wp\/v2\/posts\/49118\/revisions\/49120"}],"wp:featuredmedia":[{"embeddable":true,"href":"https:\/\/lospoliticosveracruz.com\/index.php?rest_route=\/wp\/v2\/media\/49119"}],"wp:attachment":[{"href":"https:\/\/lospoliticosveracruz.com\/index.php?rest_route=%2Fwp%2Fv2%2Fmedia&parent=49118"}],"wp:term":[{"taxonomy":"category","embeddable":true,"href":"https:\/\/lospoliticosveracruz.com\/index.php?rest_route=%2Fwp%2Fv2%2Fcategories&post=49118"},{"taxonomy":"post_tag","embeddable":true,"href":"https:\/\/lospoliticosveracruz.com\/index.php?rest_route=%2Fwp%2Fv2%2Ftags&post=49118"}],"curies":[{"name":"wp","href":"https:\/\/api.w.org\/{rel}","templated":true}]}}