{"id":49180,"date":"2019-08-20T08:37:03","date_gmt":"2019-08-20T13:37:03","guid":{"rendered":"http:\/\/www.lospoliticosveracruz.com.mx\/?p=49180"},"modified":"2019-08-20T08:37:03","modified_gmt":"2019-08-20T13:37:03","slug":"cuic-y-huerta-ojos-bien-cerrados","status":"publish","type":"post","link":"https:\/\/lospoliticosveracruz.com\/?p=49180","title":{"rendered":"Cuic y Huerta, ojos bien cerrados"},"content":{"rendered":"<p><b>Ricardo Ch\u00faa<\/b><\/p>\n<p><i>Sale y Vale<\/i><\/p>\n<p>SOLIDARIDAD&#8230; A la compa\u00f1era de las \u00ab8 columnas\u00bb de NOTIVER&#8230; Noem\u00ed V\u00e1ldez, reportera como pocas, preguntona, respondona, que no se deja de nadie, con amor a la profesi\u00f3n y siempre poniendo en alto el nombre de este medio&#8230; No te preocupes Noemi, los hechos como los que viviste ayer, al intentar inhibir t\u00fa labor, es algo que mujeres como t\u00fa, tienen que luchar todos los d\u00edas&#8230; Y no te preocupes porque esos, no perduran, se van&#8230; Pero t\u00fa siempre seguir\u00e1s presente como lo buena periodista que eres&#8230; Adelante y no aflojes&#8230;<\/p>\n<p>Lo \u00fanico desagradable fue que no vimos en redes sociales a grupos feministas defendiendo la postura de Noem\u00ed V\u00e1ldez, en una clara agresi\u00f3n al derecho de informaci\u00f3n a una MUJER periodista&#8230;.Ella ha sido de las que ha dado voz a estos grupos para conseguir la equidad y genero&#8230; Todas callaron, ni declaraci\u00f3n o anuncio en red social&#8230; As\u00ed que eso de \u00abni un paso atr\u00e1s al derecho de las mujeres\u00bb suena a demagogia&#8230; Y fue un hombre quien vet\u00f3 su entrada&#8230; Y as\u00ed se dicen aliadas&#8230; \u00bfPara que se desgarran vestiduras?&#8230;<\/p>\n<p>PREGUNTA MACABRA&#8230; Ayer en este espacio publicamos como familiares de v\u00edctimas de FEMINICIDIOS en municipios del sur Veracruz, desesperados para que les hagan justicia, subieron anuncios en redes sociales para pagar \u00abrecompensas\u00bb a grupos del crimen organizado, para que buscaran y entregaran a los culpables de los asesinatos&#8230; Pero ped\u00edan que el presunto culpable se los mostraran sin vida y con una muerte demasiado horrenda&#8230; La pregunta que queda es: \u00bfQu\u00e9 hace la Guardia Nacional en Minatitl\u00e1n?&#8230; Que exhibida&#8230;<\/p>\n<p>La familia mejor le pide ayuda a los grupos fuera de la ley y no a la Guardia Nacional&#8230; Es el Veracruz, de Cuitl\u00e1huac Garc\u00eda&#8230; Pero seg\u00fan el delegado del gobierno federal, Manuel Huerta dice que la administraci\u00f3n \u00abno esconde la cara ante la violencia\u00bb&#8230; Y que pese a ejecuciones, secuestros y feminicidios pide a la poblaci\u00f3n a NO VIVIR CON MIEDO&#8230; Que no mm el funcionario&#8230; Que vaya con los familiares de Silvia, la mujer quemada viva en Minatitlan, y que les diga eso&#8230; Qu\u00e9 no tengan miedo&#8230; Que c\u00ednico discurso&#8230; SIN COMENTARIOS..<\/p>\n<p>Se ve que Huerta Ladr\u00f3n de Guevara y Cuitl\u00e1huac Garc\u00eda no \u00ababren los ojos\u00bb de que est\u00e1n fallando en prevenci\u00f3n de delitos&#8230;. Que los resultados no son los esperados&#8230; Y que es la poblaci\u00f3n afectada, pide intervenci\u00f3n de grupos criminales, no de Guardia Nacional que se supone patrulla Minatitlan&#8230; Se podr\u00e1 decir que hoy \u00abla pelota est\u00e1 en cancha\u00bb de Winckler&#8230; \u00bfY de qu\u00e9 sirve eso?&#8230; Silva ya falleci\u00f3&#8230;. Pero sigan \u00abjugando\u00bb a prevenir el delito y politizar la justicia&#8230; A ver cu\u00e1nto aguantar\u00e1 el \u00abpueblo bueno\u00bb&#8230;<\/p>\n<p>Al final de cuentas&#8230; Creemos que ni Cuitl\u00e1huac o Huerta han estudiado la filosof\u00eda de Ikran Antaki (antrop\u00f3loga y escritora siria inmigrada en M\u00e9xico, por si la buscan en Google), sobre las zonas de \u00abno derecho\u00bb, y que all\u00ed es la \u00abLey de la Jungla\u00bb, lo m\u00e1s complicado, es que a las autoridades la nulifica la sociedad por incompetentes y esas salidas desesperadas significan que adem\u00e1s las instituciones est\u00e1n borradas: SSP, gobernador y Fiscal\u00eda, por eso es llamado de alerta.. Pedir que criminales hagan justicia y no el gobierno&#8230; Es de reflexionarlo&#8230;<\/p>\n<p>EL FACTOR YUNES&#8230; La semana empez\u00f3 mal para el secretario de Seguridad P\u00fablica, Hugo Guti\u00e9rrez Maldonado&#8230; Atribulado por nula prevenci\u00f3n de delitos, creciente n\u00famero de asesinatos, secuestros, robos, femincidios y sin credibilidad social, aunado a las acusaciones contra del ex gobernador, Miguel Angel Yunes Linares, a quien se\u00f1ala de autor intelectual del crimen de la alcaldesa de Mixtla.. Sus conflictos no son pocos, ahora inmerso en una investigaci\u00f3n judicial en contra y con serios problemas por temas pol\u00edticos&#8230; Su vida no es f\u00e1cil&#8230;<\/p>\n<p>Adem\u00e1s estren\u00e1ndose como otro funcionario estatal de MORENA que no les gusta la critica, al impedir el paso de la periodista, Noemi V\u00e1ldez a su rueda de prensa&#8230; Creemos que Hugo Guti\u00e9rrez todo le est\u00e1 saliendo mal en SSP.. Y que esa \u00bfrueda de prensa? fue una acci\u00f3n desesperada pedida por Iv\u00e1n Luna, jefe de prensa del gobierno del Estado, para dejar fuera de la \u00abjugada\u00bb a Eric Cisneros, secretario de Gobierno, por las diferencias del fin de semana&#8230;. Pero como siempre alguien \u00abfiltro\u00bb que se dar\u00eda una entrevista y lo dem\u00e1s es historia&#8230;<\/p>\n<p>As\u00ed que para \u00absalir del paso\u00bb despu\u00e9s del error de no dejar entrar a Noemi V\u00e1ldez (ah\u00ed pudo haber acallado sus preguntas) y quitar el estigma que el gobierno estatal crea un \u00abcerco informativo\u00bb sobre algunos periodistas (tal como sucedi\u00f3 el viernes que suspendieron la transmisi\u00f3n de la rueda de prensa de Cuitl\u00e1huac cuando V\u00e1ldez iba a preguntar)&#8230; Hicieron todo lo contrario&#8230; Bloquearon y les sali\u00f3 mal&#8230; Hasta el \u00abpacto del mi\u00e9rcoles\u00bb con Winckler se fue por un \u00abtubo\u00bb&#8230; Y con lo de Yunes hasta le fue peor..<\/p>\n<p>Eso porque no acudir\u00eda a la Fiscal\u00eda, mandar\u00eda su declaraci\u00f3n por escrito sobre el caso Mixtla&#8230; Los que saben del \u00abteje y maneje\u00bb pol\u00edtico&#8230; Tienen la seguridad que Yunes Linares se la va a REVIRAR a Guti\u00e9rrez de manera sencilla&#8230; De una forma, que tendr\u00e1 que pedirle cuentas al que lo \u00abembarco\u00bb con esta acusaci\u00f3n&#8230; El ex gobernador les dir\u00e1 (sin ser Pito-Niso) primero que la alcaldesa asesinada fue candidata del PAN y luego de MORENA y el s\u00edndico, que se ve\u00eda beneficiado en un primer momento, tambi\u00e9n fue propuesta del PAN&#8230;<\/p>\n<p>Ah\u00ed lleva al segundo punto donde Yunes se la va a sacar diciendo: \u00abLa ambici\u00f3n que hay en MORENA, es grande que presuntamente hasta entre ellos mismos se matan por acceder al poder\u00bb (Juar, juar, juar)&#8230; Tercer punto, que ni \u00e9l, ni el PAN tienen nada que ver en ese asunto&#8230; Que le recomienda a la Fiscal\u00eda del Estado que investigue y que felicita a Winckler por citar a comparecer al secretario de Seguridad P\u00fablica, porque si tiene pruebas que las presente y que no queda como \u00abmandadero\u00bb para dar un \u00abgolpe\u00bb medi\u00e1tico&#8230; Juar, juar, juar&#8230; .<\/p>\n<p>Y Yunes Linares puede abundar: \u00abEs la nueva -caja china- del gobierno del Estado, pero si aportar una sola prueba\u00bb&#8230; Y puede decir que si no las presentan, denunciar\u00e1 por DA\u00d1O MORAL a Hugo Guti\u00e9rrez, por difamarlo y \u00abmanchar\u00bb su imagen p\u00fablica&#8230; (De nuevo Juar, juar, juar)&#8230; Ya hasta parece o\u00edr su comunicado&#8230; Y seguramente finalizar\u00e1: \u00abQue se dediquen a gobernar, porque el pueblo les dio ese mandato, en el cual cada d\u00eda hay m\u00e1s rechazo hacia la incompetencia e ineficiencia gubernamental\u00bb&#8230; TAN Y TAN&#8230;<\/p>\n<p>EN RESUMEN&#8230; As\u00ed acabar\u00e1 esta NOVELA llamada: \u00abACUSADO\u00bb&#8230; Y del tema incompetencia e ineficacia gubernamental, s\u00f3lo hay que recordar el debate 2016 en Veracruz puerto de candidatos a gobernador, Miguel Angel dijo a Cuitl\u00e1huac, \u00abque gobernar necesita de experiencia y capacidad, y usted no la tiene\u00bb&#8230; Y, quiz\u00e1, hoy pueda decir: \u00abY no me equivoqu\u00e9\u00bb&#8230; Ah y en el debate de Xalapa tambi\u00e9n lo dijo y solt\u00f3 una sonrisa socarrona&#8230; Quiz\u00e1s fue para no decirle que la pol\u00edtica no era para incompetentes&#8230; Chequen v\u00eddeos y JESUS NOS AMPARE&#8230;<\/p>\n","protected":false},"excerpt":{"rendered":"<p>Ricardo Ch\u00faa Sale y Vale SOLIDARIDAD&#8230; A la compa\u00f1era de las \u00ab8 columnas\u00bb de NOTIVER&#8230; Noem\u00ed V\u00e1ldez, reportera como pocas, preguntona, respondona, que no se deja de nadie, con amor a la profesi\u00f3n y siempre poniendo en alto el nombre de este medio&#8230; No te preocupes Noemi, los hechos como los que viviste ayer, al [&hellip;]<\/p>\n","protected":false},"author":2,"featured_media":49181,"comment_status":"open","ping_status":"open","sticky":false,"template":"","format":"standard","meta":{"tdm_status":"","tdm_grid_status":"","footnotes":""},"categories":[70],"tags":[13561,13303,1850,1026,15073,195],"class_list":{"0":"post-49180","1":"post","2":"type-post","3":"status-publish","4":"format-standard","5":"has-post-thumbnail","7":"category-de-opinion","8":"tag-cuitlahauc-garcia-jimenez","9":"tag-hugo-gutierrez-maldonado","10":"tag-manuel-huerta-ladron-de-guevara","11":"tag-morena","12":"tag-nohemi-valdez","13":"tag-veracruz"},"yoast_head":"<!-- This site is optimized with the Yoast SEO plugin v27.4 - https:\/\/yoast.com\/product\/yoast-seo-wordpress\/ -->\n<title>Cuic y Huerta, ojos bien cerrados - Los pol\u00edticos Veracruz<\/title>\n<meta name=\"robots\" content=\"index, follow, max-snippet:-1, max-image-preview:large, max-video-preview:-1\" \/>\n<link rel=\"canonical\" href=\"https:\/\/lospoliticosveracruz.com\/?p=49180\" \/>\n<meta property=\"og:locale\" content=\"es_ES\" \/>\n<meta property=\"og:type\" content=\"article\" \/>\n<meta property=\"og:title\" content=\"Cuic y Huerta, ojos bien cerrados - Los pol\u00edticos Veracruz\" \/>\n<meta property=\"og:description\" content=\"Ricardo Ch\u00faa Sale y Vale SOLIDARIDAD&#8230; A la compa\u00f1era de las \u00ab8 columnas\u00bb de NOTIVER&#8230; Noem\u00ed V\u00e1ldez, reportera como pocas, preguntona, respondona, que no se deja de nadie, con amor a la profesi\u00f3n y siempre poniendo en alto el nombre de este medio&#8230; No te preocupes Noemi, los hechos como los que viviste ayer, al [&hellip;]\" \/>\n<meta property=\"og:url\" content=\"https:\/\/lospoliticosveracruz.com\/?p=49180\" \/>\n<meta property=\"og:site_name\" content=\"Los pol\u00edticos Veracruz\" \/>\n<meta property=\"article:publisher\" content=\"https:\/\/www.facebook.com\/people\/Notimemes-de-los-Polticos\/61565672886568\/\" \/>\n<meta property=\"article:published_time\" content=\"2019-08-20T13:37:03+00:00\" \/>\n<meta property=\"og:image\" content=\"https:\/\/lospoliticosveracruz.com\/wp-content\/uploads\/2019\/08\/0269CDED-0A22-4B22-B160-47E0D9B15A1D.jpeg\" \/>\n\t<meta property=\"og:image:width\" content=\"422\" \/>\n\t<meta property=\"og:image:height\" content=\"254\" \/>\n\t<meta property=\"og:image:type\" content=\"image\/jpeg\" \/>\n<meta name=\"author\" content=\"Lo viste en Los Pol\u00edticos\" \/>\n<meta name=\"twitter:card\" content=\"summary_large_image\" \/>\n<meta name=\"twitter:creator\" content=\"@LosPoliticosVer\" \/>\n<meta name=\"twitter:site\" content=\"@LosPoliticosVer\" \/>\n<meta name=\"twitter:label1\" content=\"Escrito por\" \/>\n\t<meta name=\"twitter:data1\" content=\"Lo viste en Los Pol\u00edticos\" \/>\n\t<meta name=\"twitter:label2\" content=\"Tiempo de lectura\" \/>\n\t<meta name=\"twitter:data2\" content=\"6 minutos\" \/>\n<script type=\"application\/ld+json\" class=\"yoast-schema-graph\">{\"@context\":\"https:\\\/\\\/schema.org\",\"@graph\":[{\"@type\":\"Article\",\"@id\":\"https:\\\/\\\/lospoliticosveracruz.com\\\/?p=49180#article\",\"isPartOf\":{\"@id\":\"https:\\\/\\\/lospoliticosveracruz.com\\\/?p=49180\"},\"author\":{\"name\":\"Lo viste en Los Pol\u00edticos\",\"@id\":\"https:\\\/\\\/lospoliticosveracruz.com\\\/#\\\/schema\\\/person\\\/b8702bb0e538456e6efd07080bf2a4a2\"},\"headline\":\"Cuic y Huerta, ojos bien cerrados\",\"datePublished\":\"2019-08-20T13:37:03+00:00\",\"mainEntityOfPage\":{\"@id\":\"https:\\\/\\\/lospoliticosveracruz.com\\\/?p=49180\"},\"wordCount\":1254,\"commentCount\":0,\"publisher\":{\"@id\":\"https:\\\/\\\/lospoliticosveracruz.com\\\/#organization\"},\"image\":{\"@id\":\"https:\\\/\\\/lospoliticosveracruz.com\\\/?p=49180#primaryimage\"},\"thumbnailUrl\":\"https:\\\/\\\/lospoliticosveracruz.com\\\/wp-content\\\/uploads\\\/2019\\\/08\\\/0269CDED-0A22-4B22-B160-47E0D9B15A1D.jpeg\",\"keywords\":[\"Cuitl\u00e1hauc Garc\u00eda Jim\u00e9nez\",\"Hugo Guti\u00e9rrez Maldonado\",\"Manuel Huerta Ladr\u00f3n de Guevara\",\"Morena\",\"Nohem\u00ed Valdez\",\"Veracruz\"],\"articleSection\":[\"De Opini\u00f3n\"],\"inLanguage\":\"es\",\"potentialAction\":[{\"@type\":\"CommentAction\",\"name\":\"Comment\",\"target\":[\"https:\\\/\\\/lospoliticosveracruz.com\\\/?p=49180#respond\"]}]},{\"@type\":\"WebPage\",\"@id\":\"https:\\\/\\\/lospoliticosveracruz.com\\\/?p=49180\",\"url\":\"https:\\\/\\\/lospoliticosveracruz.com\\\/?p=49180\",\"name\":\"Cuic y Huerta, ojos bien cerrados - Los pol\u00edticos Veracruz\",\"isPartOf\":{\"@id\":\"https:\\\/\\\/lospoliticosveracruz.com\\\/#website\"},\"primaryImageOfPage\":{\"@id\":\"https:\\\/\\\/lospoliticosveracruz.com\\\/?p=49180#primaryimage\"},\"image\":{\"@id\":\"https:\\\/\\\/lospoliticosveracruz.com\\\/?p=49180#primaryimage\"},\"thumbnailUrl\":\"https:\\\/\\\/lospoliticosveracruz.com\\\/wp-content\\\/uploads\\\/2019\\\/08\\\/0269CDED-0A22-4B22-B160-47E0D9B15A1D.jpeg\",\"datePublished\":\"2019-08-20T13:37:03+00:00\",\"breadcrumb\":{\"@id\":\"https:\\\/\\\/lospoliticosveracruz.com\\\/?p=49180#breadcrumb\"},\"inLanguage\":\"es\",\"potentialAction\":[{\"@type\":\"ReadAction\",\"target\":[\"https:\\\/\\\/lospoliticosveracruz.com\\\/?p=49180\"]}]},{\"@type\":\"ImageObject\",\"inLanguage\":\"es\",\"@id\":\"https:\\\/\\\/lospoliticosveracruz.com\\\/?p=49180#primaryimage\",\"url\":\"https:\\\/\\\/lospoliticosveracruz.com\\\/wp-content\\\/uploads\\\/2019\\\/08\\\/0269CDED-0A22-4B22-B160-47E0D9B15A1D.jpeg\",\"contentUrl\":\"https:\\\/\\\/lospoliticosveracruz.com\\\/wp-content\\\/uploads\\\/2019\\\/08\\\/0269CDED-0A22-4B22-B160-47E0D9B15A1D.jpeg\",\"width\":422,\"height\":254},{\"@type\":\"BreadcrumbList\",\"@id\":\"https:\\\/\\\/lospoliticosveracruz.com\\\/?p=49180#breadcrumb\",\"itemListElement\":[{\"@type\":\"ListItem\",\"position\":1,\"name\":\"Portada\",\"item\":\"https:\\\/\\\/lospoliticosveracruz.com\\\/\"},{\"@type\":\"ListItem\",\"position\":2,\"name\":\"Cuic y Huerta, ojos bien cerrados\"}]},{\"@type\":\"WebSite\",\"@id\":\"https:\\\/\\\/lospoliticosveracruz.com\\\/#website\",\"url\":\"https:\\\/\\\/lospoliticosveracruz.com\\\/\",\"name\":\"Los pol\u00edticos Veracruz\",\"description\":\"\",\"publisher\":{\"@id\":\"https:\\\/\\\/lospoliticosveracruz.com\\\/#organization\"},\"potentialAction\":[{\"@type\":\"SearchAction\",\"target\":{\"@type\":\"EntryPoint\",\"urlTemplate\":\"https:\\\/\\\/lospoliticosveracruz.com\\\/?s={search_term_string}\"},\"query-input\":{\"@type\":\"PropertyValueSpecification\",\"valueRequired\":true,\"valueName\":\"search_term_string\"}}],\"inLanguage\":\"es\"},{\"@type\":\"Organization\",\"@id\":\"https:\\\/\\\/lospoliticosveracruz.com\\\/#organization\",\"name\":\"Los pol\u00edticos Veracruz\",\"url\":\"https:\\\/\\\/lospoliticosveracruz.com\\\/\",\"logo\":{\"@type\":\"ImageObject\",\"inLanguage\":\"es\",\"@id\":\"https:\\\/\\\/lospoliticosveracruz.com\\\/#\\\/schema\\\/logo\\\/image\\\/\",\"url\":\"https:\\\/\\\/lospoliticosveracruz.com\\\/wp-content\\\/uploads\\\/2025\\\/12\\\/Logo-Nuevo-LOS-POLITICOS-1.jpg\",\"contentUrl\":\"https:\\\/\\\/lospoliticosveracruz.com\\\/wp-content\\\/uploads\\\/2025\\\/12\\\/Logo-Nuevo-LOS-POLITICOS-1.jpg\",\"width\":260,\"height\":70,\"caption\":\"Los pol\u00edticos Veracruz\"},\"image\":{\"@id\":\"https:\\\/\\\/lospoliticosveracruz.com\\\/#\\\/schema\\\/logo\\\/image\\\/\"},\"sameAs\":[\"https:\\\/\\\/www.facebook.com\\\/people\\\/Notimemes-de-los-Polticos\\\/61565672886568\\\/\",\"https:\\\/\\\/x.com\\\/LosPoliticosVer\"]},{\"@type\":\"Person\",\"@id\":\"https:\\\/\\\/lospoliticosveracruz.com\\\/#\\\/schema\\\/person\\\/b8702bb0e538456e6efd07080bf2a4a2\",\"name\":\"Lo viste en Los Pol\u00edticos\",\"image\":{\"@type\":\"ImageObject\",\"inLanguage\":\"es\",\"@id\":\"https:\\\/\\\/secure.gravatar.com\\\/avatar\\\/3a8de04a2656d44082be478bd6c086daa447c4651605818287b9532d3d0bd435?s=96&d=mm&r=g\",\"url\":\"https:\\\/\\\/secure.gravatar.com\\\/avatar\\\/3a8de04a2656d44082be478bd6c086daa447c4651605818287b9532d3d0bd435?s=96&d=mm&r=g\",\"contentUrl\":\"https:\\\/\\\/secure.gravatar.com\\\/avatar\\\/3a8de04a2656d44082be478bd6c086daa447c4651605818287b9532d3d0bd435?s=96&d=mm&r=g\",\"caption\":\"Lo viste en Los Pol\u00edticos\"},\"url\":\"https:\\\/\\\/lospoliticosveracruz.com\\\/?author=2\"}]}<\/script>\n<!-- \/ Yoast SEO plugin. -->","yoast_head_json":{"title":"Cuic y Huerta, ojos bien cerrados - Los pol\u00edticos Veracruz","robots":{"index":"index","follow":"follow","max-snippet":"max-snippet:-1","max-image-preview":"max-image-preview:large","max-video-preview":"max-video-preview:-1"},"canonical":"https:\/\/lospoliticosveracruz.com\/?p=49180","og_locale":"es_ES","og_type":"article","og_title":"Cuic y Huerta, ojos bien cerrados - Los pol\u00edticos Veracruz","og_description":"Ricardo Ch\u00faa Sale y Vale SOLIDARIDAD&#8230; A la compa\u00f1era de las \u00ab8 columnas\u00bb de NOTIVER&#8230; Noem\u00ed V\u00e1ldez, reportera como pocas, preguntona, respondona, que no se deja de nadie, con amor a la profesi\u00f3n y siempre poniendo en alto el nombre de este medio&#8230; No te preocupes Noemi, los hechos como los que viviste ayer, al [&hellip;]","og_url":"https:\/\/lospoliticosveracruz.com\/?p=49180","og_site_name":"Los pol\u00edticos Veracruz","article_publisher":"https:\/\/www.facebook.com\/people\/Notimemes-de-los-Polticos\/61565672886568\/","article_published_time":"2019-08-20T13:37:03+00:00","og_image":[{"width":422,"height":254,"url":"https:\/\/lospoliticosveracruz.com\/wp-content\/uploads\/2019\/08\/0269CDED-0A22-4B22-B160-47E0D9B15A1D.jpeg","type":"image\/jpeg"}],"author":"Lo viste en Los Pol\u00edticos","twitter_card":"summary_large_image","twitter_creator":"@LosPoliticosVer","twitter_site":"@LosPoliticosVer","twitter_misc":{"Escrito por":"Lo viste en Los Pol\u00edticos","Tiempo de lectura":"6 minutos"},"schema":{"@context":"https:\/\/schema.org","@graph":[{"@type":"Article","@id":"https:\/\/lospoliticosveracruz.com\/?p=49180#article","isPartOf":{"@id":"https:\/\/lospoliticosveracruz.com\/?p=49180"},"author":{"name":"Lo viste en Los Pol\u00edticos","@id":"https:\/\/lospoliticosveracruz.com\/#\/schema\/person\/b8702bb0e538456e6efd07080bf2a4a2"},"headline":"Cuic y Huerta, ojos bien cerrados","datePublished":"2019-08-20T13:37:03+00:00","mainEntityOfPage":{"@id":"https:\/\/lospoliticosveracruz.com\/?p=49180"},"wordCount":1254,"commentCount":0,"publisher":{"@id":"https:\/\/lospoliticosveracruz.com\/#organization"},"image":{"@id":"https:\/\/lospoliticosveracruz.com\/?p=49180#primaryimage"},"thumbnailUrl":"https:\/\/lospoliticosveracruz.com\/wp-content\/uploads\/2019\/08\/0269CDED-0A22-4B22-B160-47E0D9B15A1D.jpeg","keywords":["Cuitl\u00e1hauc Garc\u00eda Jim\u00e9nez","Hugo Guti\u00e9rrez Maldonado","Manuel Huerta Ladr\u00f3n de Guevara","Morena","Nohem\u00ed Valdez","Veracruz"],"articleSection":["De Opini\u00f3n"],"inLanguage":"es","potentialAction":[{"@type":"CommentAction","name":"Comment","target":["https:\/\/lospoliticosveracruz.com\/?p=49180#respond"]}]},{"@type":"WebPage","@id":"https:\/\/lospoliticosveracruz.com\/?p=49180","url":"https:\/\/lospoliticosveracruz.com\/?p=49180","name":"Cuic y Huerta, ojos bien cerrados - Los pol\u00edticos Veracruz","isPartOf":{"@id":"https:\/\/lospoliticosveracruz.com\/#website"},"primaryImageOfPage":{"@id":"https:\/\/lospoliticosveracruz.com\/?p=49180#primaryimage"},"image":{"@id":"https:\/\/lospoliticosveracruz.com\/?p=49180#primaryimage"},"thumbnailUrl":"https:\/\/lospoliticosveracruz.com\/wp-content\/uploads\/2019\/08\/0269CDED-0A22-4B22-B160-47E0D9B15A1D.jpeg","datePublished":"2019-08-20T13:37:03+00:00","breadcrumb":{"@id":"https:\/\/lospoliticosveracruz.com\/?p=49180#breadcrumb"},"inLanguage":"es","potentialAction":[{"@type":"ReadAction","target":["https:\/\/lospoliticosveracruz.com\/?p=49180"]}]},{"@type":"ImageObject","inLanguage":"es","@id":"https:\/\/lospoliticosveracruz.com\/?p=49180#primaryimage","url":"https:\/\/lospoliticosveracruz.com\/wp-content\/uploads\/2019\/08\/0269CDED-0A22-4B22-B160-47E0D9B15A1D.jpeg","contentUrl":"https:\/\/lospoliticosveracruz.com\/wp-content\/uploads\/2019\/08\/0269CDED-0A22-4B22-B160-47E0D9B15A1D.jpeg","width":422,"height":254},{"@type":"BreadcrumbList","@id":"https:\/\/lospoliticosveracruz.com\/?p=49180#breadcrumb","itemListElement":[{"@type":"ListItem","position":1,"name":"Portada","item":"https:\/\/lospoliticosveracruz.com\/"},{"@type":"ListItem","position":2,"name":"Cuic y Huerta, ojos bien cerrados"}]},{"@type":"WebSite","@id":"https:\/\/lospoliticosveracruz.com\/#website","url":"https:\/\/lospoliticosveracruz.com\/","name":"Los pol\u00edticos Veracruz","description":"","publisher":{"@id":"https:\/\/lospoliticosveracruz.com\/#organization"},"potentialAction":[{"@type":"SearchAction","target":{"@type":"EntryPoint","urlTemplate":"https:\/\/lospoliticosveracruz.com\/?s={search_term_string}"},"query-input":{"@type":"PropertyValueSpecification","valueRequired":true,"valueName":"search_term_string"}}],"inLanguage":"es"},{"@type":"Organization","@id":"https:\/\/lospoliticosveracruz.com\/#organization","name":"Los pol\u00edticos Veracruz","url":"https:\/\/lospoliticosveracruz.com\/","logo":{"@type":"ImageObject","inLanguage":"es","@id":"https:\/\/lospoliticosveracruz.com\/#\/schema\/logo\/image\/","url":"https:\/\/lospoliticosveracruz.com\/wp-content\/uploads\/2025\/12\/Logo-Nuevo-LOS-POLITICOS-1.jpg","contentUrl":"https:\/\/lospoliticosveracruz.com\/wp-content\/uploads\/2025\/12\/Logo-Nuevo-LOS-POLITICOS-1.jpg","width":260,"height":70,"caption":"Los pol\u00edticos Veracruz"},"image":{"@id":"https:\/\/lospoliticosveracruz.com\/#\/schema\/logo\/image\/"},"sameAs":["https:\/\/www.facebook.com\/people\/Notimemes-de-los-Polticos\/61565672886568\/","https:\/\/x.com\/LosPoliticosVer"]},{"@type":"Person","@id":"https:\/\/lospoliticosveracruz.com\/#\/schema\/person\/b8702bb0e538456e6efd07080bf2a4a2","name":"Lo viste en Los Pol\u00edticos","image":{"@type":"ImageObject","inLanguage":"es","@id":"https:\/\/secure.gravatar.com\/avatar\/3a8de04a2656d44082be478bd6c086daa447c4651605818287b9532d3d0bd435?s=96&d=mm&r=g","url":"https:\/\/secure.gravatar.com\/avatar\/3a8de04a2656d44082be478bd6c086daa447c4651605818287b9532d3d0bd435?s=96&d=mm&r=g","contentUrl":"https:\/\/secure.gravatar.com\/avatar\/3a8de04a2656d44082be478bd6c086daa447c4651605818287b9532d3d0bd435?s=96&d=mm&r=g","caption":"Lo viste en Los Pol\u00edticos"},"url":"https:\/\/lospoliticosveracruz.com\/?author=2"}]}},"_links":{"self":[{"href":"https:\/\/lospoliticosveracruz.com\/index.php?rest_route=\/wp\/v2\/posts\/49180","targetHints":{"allow":["GET"]}}],"collection":[{"href":"https:\/\/lospoliticosveracruz.com\/index.php?rest_route=\/wp\/v2\/posts"}],"about":[{"href":"https:\/\/lospoliticosveracruz.com\/index.php?rest_route=\/wp\/v2\/types\/post"}],"author":[{"embeddable":true,"href":"https:\/\/lospoliticosveracruz.com\/index.php?rest_route=\/wp\/v2\/users\/2"}],"replies":[{"embeddable":true,"href":"https:\/\/lospoliticosveracruz.com\/index.php?rest_route=%2Fwp%2Fv2%2Fcomments&post=49180"}],"version-history":[{"count":1,"href":"https:\/\/lospoliticosveracruz.com\/index.php?rest_route=\/wp\/v2\/posts\/49180\/revisions"}],"predecessor-version":[{"id":49182,"href":"https:\/\/lospoliticosveracruz.com\/index.php?rest_route=\/wp\/v2\/posts\/49180\/revisions\/49182"}],"wp:featuredmedia":[{"embeddable":true,"href":"https:\/\/lospoliticosveracruz.com\/index.php?rest_route=\/wp\/v2\/media\/49181"}],"wp:attachment":[{"href":"https:\/\/lospoliticosveracruz.com\/index.php?rest_route=%2Fwp%2Fv2%2Fmedia&parent=49180"}],"wp:term":[{"taxonomy":"category","embeddable":true,"href":"https:\/\/lospoliticosveracruz.com\/index.php?rest_route=%2Fwp%2Fv2%2Fcategories&post=49180"},{"taxonomy":"post_tag","embeddable":true,"href":"https:\/\/lospoliticosveracruz.com\/index.php?rest_route=%2Fwp%2Fv2%2Ftags&post=49180"}],"curies":[{"name":"wp","href":"https:\/\/api.w.org\/{rel}","templated":true}]}}