{"id":49191,"date":"2019-08-20T22:55:52","date_gmt":"2019-08-21T03:55:52","guid":{"rendered":"http:\/\/www.lospoliticosveracruz.com.mx\/?p=49191"},"modified":"2019-08-20T20:42:04","modified_gmt":"2019-08-21T01:42:04","slug":"el-tren-ligero-y-un-mediocre-alcalde","status":"publish","type":"post","link":"https:\/\/lospoliticosveracruz.com\/?p=49191","title":{"rendered":"El tren ligero y un mediocre alcalde"},"content":{"rendered":"<p><strong>Salvador Mu\u00f1oz<\/strong><\/p>\n<p><em>Los Pol\u00edticos<\/em><\/p>\n<p><span style=\"font-weight: 400;\">Cuando Juan Manuel Diez Francos propuso hacer un telef\u00e9rico en el Cerro del Borrego de la ciudad de Orizaba, primero lo tiraron a loco\u2026 luego, cuando vieron que iba en serio, lo acusaron de ecocida por la cantidad de \u00e1rboles que iba a destruir por ese proyecto\u2026 al final, el famoso telef\u00e9rico es ahora uno de los tantos atractivos que tiene la Pluviosilla y de acuerdo a los libros de registro, lo visitan veracruzanos, vecinos de otros estados, de Europa, Estados Unidos y hasta Asia. Le dijeron \u201c\u00a1Las locuras del Emperador!\u201d pero funcionan.<\/span><\/p>\n<p><span style=\"font-weight: 400;\">En Xalapa, David Velasco Chedraui tuvo una idea similar y estoy seguro que fue antes de la de Diez Francos\u2026 el entonces alcalde de la Capital veracruzana pretend\u00eda un proyecto de telef\u00e9rico que iniciara desde lo alto del Cerro del Macuilt\u00e9petl hasta la zona de Los Lagos\u2026 a ojo de buen cubero, podr\u00eda decir que ser\u00eda entre 7 y diez veces m\u00e1s largo, bajo el riesgo de quedarme corto, que el telef\u00e9rico de Orizaba\u2026 la idea siempre me pareci\u00f3 fascinante, sin embargo, s\u00f3lo qued\u00f3 en eso\u2026 en una idea, en un proyecto, porque lamentablemente, en texto del propio Velasco Chedraui, \u201cempez\u00f3 a subir el d\u00f3lar\u201d y por ende, los costos se elevaron demasiado\u2026<\/span><\/p>\n<p><span style=\"font-weight: 400;\">Dicen que \u201cVicho\u201d Velasco Chedraui podr\u00eda buscar contender por la alcald\u00eda si a la Asociaci\u00f3n Civil Podemos le dan categor\u00eda de partido\u2026 en lo particular, ojal\u00e1 retomara ese proyecto y adem\u00e1s de darle el lugar de \u201cPaseo\u201d, con toques de \u201cTurismo\u201d, se buscara tambi\u00e9n que funcionara como transporte p\u00fablico.<\/span><\/p>\n<p><span style=\"font-weight: 400;\">El pasado domingo, Cuitl\u00e1huac Garc\u00eda Jim\u00e9nez, acompa\u00f1ado del titular de Sefiplan, Jos\u00e9 Luis Lima Franco y dos funcionarios de la SIOP, habl\u00f3 de un proyecto interesante: activar las v\u00edas f\u00e9rreas para un tren ligero que ir\u00eda de Rafael Lucio a Banderilla.<\/span><\/p>\n<p><span style=\"font-weight: 400;\">El a\u00f1o pasado, all\u00e1 por diciembre, hab\u00eda hecho el anuncio de este proyecto de movilidad que involucra a cuatro municipios (Rafael Lucio, Xalapa, Banderilla y Coatepec). La capital, supone, tendr\u00eda cuatro estaciones.<\/span><\/p>\n<p><span style=\"font-weight: 400;\">La idea no es mala y la primera vez que escuch\u00e9 de ella, fue en el 2010 por parte de un ex alcalde, curiosamente, no de Xalapa, sino de Papantla\u2026 Domingo Yorio Saqui, suegro de Am\u00e9rico Z\u00fa\u00f1iga Mart\u00ednez y adem\u00e1s, t\u00edo de Gabriel Yorio Gonz\u00e1lez, quien se desempe\u00f1aba como titular de la Unidad de Cr\u00e9dito P\u00fablico, y fuera nombrado hace poco subsecretario de Hacienda.<\/span><\/p>\n<p><span style=\"font-weight: 400;\">Pues Domingo Yorio, por esas fechas citadas, hizo un an\u00e1lisis de la crisis urbana de la ciudad de Xalapa, en la que propon\u00eda diversas medidas para lograr un adecuado ordenamiento urbano, prioritariamente en los aspectos de congestionamiento del tr\u00e1fico vehicular, tema del cual, a casi una d\u00e9cada del planteamiento del papanteco, no s\u00f3lo a\u00fan padecemos, sino que se agrav\u00f3 a tal grado que los \u00edndices de contaminaci\u00f3n ambiental por los gases de las unidades automotoras, son altos y de cuidado.<\/span><\/p>\n<p><span style=\"font-weight: 400;\">El asunto del tren ligero \u00e9l lo llam\u00f3 \u201clibramiento del ferrocarril\u201d, que buscaba aprovechar su infraestructura para un eje central veh\u00edcular o para un tren urbano ligero, pero por las condiciones, la segunda opci\u00f3n ser\u00eda la m\u00e1s viable as\u00ed como la m\u00e1s econ\u00f3mica que dar\u00eda de inmediato resultados \u00f3ptimos para los vecinos de los municipios circunvecinos as\u00ed como para los de la capital veracruzana una vez que entendieran el circuito.<\/span><\/p>\n<p><span style=\"font-weight: 400;\">Al final, quiz\u00e1s no importa de qui\u00e9n haya sido la idea, el asunto es hacerla realidad\u2026 s\u00ed, queda claro que todo proyecto y su hechura est\u00e1 plagado de quejas, de inconformidad, de molestias, pero al final, se valora ya hecha, en funciones, y sobre todo en sus beneficios\u2026 si el tren ligero funciona, que sea para el bien de los xalape\u00f1os y vecinos, sobre todo cuando llevamos casi media administraci\u00f3n municipal que raya en falta de ambici\u00f3n para darle a Xalapa el lugar que merece. El tren ligero si bien no es la panacea, \u00a1pero ya es algo para la Atenas Veracruzana!<\/span><\/p>\n<p>&nbsp;<\/p>\n<p><span style=\"font-weight: 400;\">smcainito@gmail.com<\/span><\/p>\n","protected":false},"excerpt":{"rendered":"<p>Salvador Mu\u00f1oz Los Pol\u00edticos Cuando Juan Manuel Diez Francos propuso hacer un telef\u00e9rico en el Cerro del Borrego de la ciudad de Orizaba, primero lo tiraron a loco\u2026 luego, cuando vieron que iba en serio, lo acusaron de ecocida por la cantidad de \u00e1rboles que iba a destruir por ese proyecto\u2026 al final, el famoso [&hellip;]<\/p>\n","protected":false},"author":2,"featured_media":49192,"comment_status":"open","ping_status":"open","sticky":false,"template":"","format":"standard","meta":{"tdm_status":"","tdm_grid_status":"","footnotes":""},"categories":[70],"tags":[2813,15074,277,1563,407,250,15076,13713,1640,7467,1639,3315,9442,342,6052,15075,96],"class_list":{"0":"post-49191","1":"post","2":"type-post","3":"status-publish","4":"format-standard","5":"has-post-thumbnail","7":"category-de-opinion","8":"tag-banderilla","9":"tag-cerro-del-borrego","10":"tag-coatepec","11":"tag-cuitlahuac-garcia-jimenez","12":"tag-david-velasco-chedraui","13":"tag-domingo-yorio-saqui","14":"tag-gabriel-yorio-gonzalez","15":"tag-jose-luis-lima-franco","16":"tag-juan-manuel-diez-francos","17":"tag-macuiltepetl","18":"tag-orizaba","19":"tag-papantla","20":"tag-rafael-lucio","21":"tag-siop","22":"tag-teleferico","23":"tag-tren-ligero","24":"tag-xalapa"},"yoast_head":"<!-- This site is optimized with the Yoast SEO plugin v27.4 - https:\/\/yoast.com\/product\/yoast-seo-wordpress\/ -->\n<title>El tren ligero y un mediocre alcalde - Los pol\u00edticos Veracruz<\/title>\n<meta name=\"robots\" content=\"index, follow, max-snippet:-1, max-image-preview:large, max-video-preview:-1\" \/>\n<link rel=\"canonical\" href=\"https:\/\/lospoliticosveracruz.com\/?p=49191\" \/>\n<meta property=\"og:locale\" content=\"es_ES\" \/>\n<meta property=\"og:type\" content=\"article\" \/>\n<meta property=\"og:title\" content=\"El tren ligero y un mediocre alcalde - Los pol\u00edticos Veracruz\" \/>\n<meta property=\"og:description\" content=\"Salvador Mu\u00f1oz Los Pol\u00edticos Cuando Juan Manuel Diez Francos propuso hacer un telef\u00e9rico en el Cerro del Borrego de la ciudad de Orizaba, primero lo tiraron a loco\u2026 luego, cuando vieron que iba en serio, lo acusaron de ecocida por la cantidad de \u00e1rboles que iba a destruir por ese proyecto\u2026 al final, el famoso [&hellip;]\" \/>\n<meta property=\"og:url\" content=\"https:\/\/lospoliticosveracruz.com\/?p=49191\" \/>\n<meta property=\"og:site_name\" content=\"Los pol\u00edticos Veracruz\" \/>\n<meta property=\"article:publisher\" content=\"https:\/\/www.facebook.com\/people\/Notimemes-de-los-Polticos\/61565672886568\/\" \/>\n<meta property=\"article:published_time\" content=\"2019-08-21T03:55:52+00:00\" \/>\n<meta property=\"og:image\" content=\"https:\/\/lospoliticosveracruz.com\/wp-content\/uploads\/2019\/08\/Cuic2.jpeg\" \/>\n\t<meta property=\"og:image:width\" content=\"600\" \/>\n\t<meta property=\"og:image:height\" content=\"340\" \/>\n\t<meta property=\"og:image:type\" content=\"image\/jpeg\" \/>\n<meta name=\"author\" content=\"Lo viste en Los Pol\u00edticos\" \/>\n<meta name=\"twitter:card\" content=\"summary_large_image\" \/>\n<meta name=\"twitter:creator\" content=\"@LosPoliticosVer\" \/>\n<meta name=\"twitter:site\" content=\"@LosPoliticosVer\" \/>\n<meta name=\"twitter:label1\" content=\"Escrito por\" \/>\n\t<meta name=\"twitter:data1\" content=\"Lo viste en Los Pol\u00edticos\" \/>\n\t<meta name=\"twitter:label2\" content=\"Tiempo de lectura\" \/>\n\t<meta name=\"twitter:data2\" content=\"4 minutos\" \/>\n<script type=\"application\/ld+json\" class=\"yoast-schema-graph\">{\"@context\":\"https:\\\/\\\/schema.org\",\"@graph\":[{\"@type\":\"Article\",\"@id\":\"https:\\\/\\\/lospoliticosveracruz.com\\\/?p=49191#article\",\"isPartOf\":{\"@id\":\"https:\\\/\\\/lospoliticosveracruz.com\\\/?p=49191\"},\"author\":{\"name\":\"Lo viste en Los Pol\u00edticos\",\"@id\":\"https:\\\/\\\/lospoliticosveracruz.com\\\/#\\\/schema\\\/person\\\/b8702bb0e538456e6efd07080bf2a4a2\"},\"headline\":\"El tren ligero y un mediocre alcalde\",\"datePublished\":\"2019-08-21T03:55:52+00:00\",\"mainEntityOfPage\":{\"@id\":\"https:\\\/\\\/lospoliticosveracruz.com\\\/?p=49191\"},\"wordCount\":715,\"commentCount\":0,\"publisher\":{\"@id\":\"https:\\\/\\\/lospoliticosveracruz.com\\\/#organization\"},\"image\":{\"@id\":\"https:\\\/\\\/lospoliticosveracruz.com\\\/?p=49191#primaryimage\"},\"thumbnailUrl\":\"https:\\\/\\\/lospoliticosveracruz.com\\\/wp-content\\\/uploads\\\/2019\\\/08\\\/Cuic2.jpeg\",\"keywords\":[\"Banderilla\",\"Cerro del Borrego\",\"Coatepec\",\"Cuitl\u00e1huac Garc\u00eda Jim\u00e9nez\",\"David Velasco Chedraui\",\"Domingo Yorio Saqui\",\"Gabriel Yorio Gonz\u00e1lez\",\"Jos\u00e9 Luis Lima Franco\",\"Juan Manuel Diez Francos\",\"Macuilt\u00e9petl\",\"Orizaba\",\"Papantla\",\"Rafael Lucio\",\"SIOP\",\"Telef\u00e9rico\",\"tren ligero\",\"Xalapa\"],\"articleSection\":[\"De Opini\u00f3n\"],\"inLanguage\":\"es\",\"potentialAction\":[{\"@type\":\"CommentAction\",\"name\":\"Comment\",\"target\":[\"https:\\\/\\\/lospoliticosveracruz.com\\\/?p=49191#respond\"]}]},{\"@type\":\"WebPage\",\"@id\":\"https:\\\/\\\/lospoliticosveracruz.com\\\/?p=49191\",\"url\":\"https:\\\/\\\/lospoliticosveracruz.com\\\/?p=49191\",\"name\":\"El tren ligero y un mediocre alcalde - Los pol\u00edticos Veracruz\",\"isPartOf\":{\"@id\":\"https:\\\/\\\/lospoliticosveracruz.com\\\/#website\"},\"primaryImageOfPage\":{\"@id\":\"https:\\\/\\\/lospoliticosveracruz.com\\\/?p=49191#primaryimage\"},\"image\":{\"@id\":\"https:\\\/\\\/lospoliticosveracruz.com\\\/?p=49191#primaryimage\"},\"thumbnailUrl\":\"https:\\\/\\\/lospoliticosveracruz.com\\\/wp-content\\\/uploads\\\/2019\\\/08\\\/Cuic2.jpeg\",\"datePublished\":\"2019-08-21T03:55:52+00:00\",\"breadcrumb\":{\"@id\":\"https:\\\/\\\/lospoliticosveracruz.com\\\/?p=49191#breadcrumb\"},\"inLanguage\":\"es\",\"potentialAction\":[{\"@type\":\"ReadAction\",\"target\":[\"https:\\\/\\\/lospoliticosveracruz.com\\\/?p=49191\"]}]},{\"@type\":\"ImageObject\",\"inLanguage\":\"es\",\"@id\":\"https:\\\/\\\/lospoliticosveracruz.com\\\/?p=49191#primaryimage\",\"url\":\"https:\\\/\\\/lospoliticosveracruz.com\\\/wp-content\\\/uploads\\\/2019\\\/08\\\/Cuic2.jpeg\",\"contentUrl\":\"https:\\\/\\\/lospoliticosveracruz.com\\\/wp-content\\\/uploads\\\/2019\\\/08\\\/Cuic2.jpeg\",\"width\":600,\"height\":340},{\"@type\":\"BreadcrumbList\",\"@id\":\"https:\\\/\\\/lospoliticosveracruz.com\\\/?p=49191#breadcrumb\",\"itemListElement\":[{\"@type\":\"ListItem\",\"position\":1,\"name\":\"Portada\",\"item\":\"https:\\\/\\\/lospoliticosveracruz.com\\\/\"},{\"@type\":\"ListItem\",\"position\":2,\"name\":\"El tren ligero y un mediocre alcalde\"}]},{\"@type\":\"WebSite\",\"@id\":\"https:\\\/\\\/lospoliticosveracruz.com\\\/#website\",\"url\":\"https:\\\/\\\/lospoliticosveracruz.com\\\/\",\"name\":\"Los pol\u00edticos Veracruz\",\"description\":\"\",\"publisher\":{\"@id\":\"https:\\\/\\\/lospoliticosveracruz.com\\\/#organization\"},\"potentialAction\":[{\"@type\":\"SearchAction\",\"target\":{\"@type\":\"EntryPoint\",\"urlTemplate\":\"https:\\\/\\\/lospoliticosveracruz.com\\\/?s={search_term_string}\"},\"query-input\":{\"@type\":\"PropertyValueSpecification\",\"valueRequired\":true,\"valueName\":\"search_term_string\"}}],\"inLanguage\":\"es\"},{\"@type\":\"Organization\",\"@id\":\"https:\\\/\\\/lospoliticosveracruz.com\\\/#organization\",\"name\":\"Los pol\u00edticos Veracruz\",\"url\":\"https:\\\/\\\/lospoliticosveracruz.com\\\/\",\"logo\":{\"@type\":\"ImageObject\",\"inLanguage\":\"es\",\"@id\":\"https:\\\/\\\/lospoliticosveracruz.com\\\/#\\\/schema\\\/logo\\\/image\\\/\",\"url\":\"https:\\\/\\\/lospoliticosveracruz.com\\\/wp-content\\\/uploads\\\/2025\\\/12\\\/Logo-Nuevo-LOS-POLITICOS-1.jpg\",\"contentUrl\":\"https:\\\/\\\/lospoliticosveracruz.com\\\/wp-content\\\/uploads\\\/2025\\\/12\\\/Logo-Nuevo-LOS-POLITICOS-1.jpg\",\"width\":260,\"height\":70,\"caption\":\"Los pol\u00edticos Veracruz\"},\"image\":{\"@id\":\"https:\\\/\\\/lospoliticosveracruz.com\\\/#\\\/schema\\\/logo\\\/image\\\/\"},\"sameAs\":[\"https:\\\/\\\/www.facebook.com\\\/people\\\/Notimemes-de-los-Polticos\\\/61565672886568\\\/\",\"https:\\\/\\\/x.com\\\/LosPoliticosVer\"]},{\"@type\":\"Person\",\"@id\":\"https:\\\/\\\/lospoliticosveracruz.com\\\/#\\\/schema\\\/person\\\/b8702bb0e538456e6efd07080bf2a4a2\",\"name\":\"Lo viste en Los Pol\u00edticos\",\"image\":{\"@type\":\"ImageObject\",\"inLanguage\":\"es\",\"@id\":\"https:\\\/\\\/secure.gravatar.com\\\/avatar\\\/3a8de04a2656d44082be478bd6c086daa447c4651605818287b9532d3d0bd435?s=96&d=mm&r=g\",\"url\":\"https:\\\/\\\/secure.gravatar.com\\\/avatar\\\/3a8de04a2656d44082be478bd6c086daa447c4651605818287b9532d3d0bd435?s=96&d=mm&r=g\",\"contentUrl\":\"https:\\\/\\\/secure.gravatar.com\\\/avatar\\\/3a8de04a2656d44082be478bd6c086daa447c4651605818287b9532d3d0bd435?s=96&d=mm&r=g\",\"caption\":\"Lo viste en Los Pol\u00edticos\"},\"url\":\"https:\\\/\\\/lospoliticosveracruz.com\\\/?author=2\"}]}<\/script>\n<!-- \/ Yoast SEO plugin. -->","yoast_head_json":{"title":"El tren ligero y un mediocre alcalde - Los pol\u00edticos Veracruz","robots":{"index":"index","follow":"follow","max-snippet":"max-snippet:-1","max-image-preview":"max-image-preview:large","max-video-preview":"max-video-preview:-1"},"canonical":"https:\/\/lospoliticosveracruz.com\/?p=49191","og_locale":"es_ES","og_type":"article","og_title":"El tren ligero y un mediocre alcalde - Los pol\u00edticos Veracruz","og_description":"Salvador Mu\u00f1oz Los Pol\u00edticos Cuando Juan Manuel Diez Francos propuso hacer un telef\u00e9rico en el Cerro del Borrego de la ciudad de Orizaba, primero lo tiraron a loco\u2026 luego, cuando vieron que iba en serio, lo acusaron de ecocida por la cantidad de \u00e1rboles que iba a destruir por ese proyecto\u2026 al final, el famoso [&hellip;]","og_url":"https:\/\/lospoliticosveracruz.com\/?p=49191","og_site_name":"Los pol\u00edticos Veracruz","article_publisher":"https:\/\/www.facebook.com\/people\/Notimemes-de-los-Polticos\/61565672886568\/","article_published_time":"2019-08-21T03:55:52+00:00","og_image":[{"width":600,"height":340,"url":"https:\/\/lospoliticosveracruz.com\/wp-content\/uploads\/2019\/08\/Cuic2.jpeg","type":"image\/jpeg"}],"author":"Lo viste en Los Pol\u00edticos","twitter_card":"summary_large_image","twitter_creator":"@LosPoliticosVer","twitter_site":"@LosPoliticosVer","twitter_misc":{"Escrito por":"Lo viste en Los Pol\u00edticos","Tiempo de lectura":"4 minutos"},"schema":{"@context":"https:\/\/schema.org","@graph":[{"@type":"Article","@id":"https:\/\/lospoliticosveracruz.com\/?p=49191#article","isPartOf":{"@id":"https:\/\/lospoliticosveracruz.com\/?p=49191"},"author":{"name":"Lo viste en Los Pol\u00edticos","@id":"https:\/\/lospoliticosveracruz.com\/#\/schema\/person\/b8702bb0e538456e6efd07080bf2a4a2"},"headline":"El tren ligero y un mediocre alcalde","datePublished":"2019-08-21T03:55:52+00:00","mainEntityOfPage":{"@id":"https:\/\/lospoliticosveracruz.com\/?p=49191"},"wordCount":715,"commentCount":0,"publisher":{"@id":"https:\/\/lospoliticosveracruz.com\/#organization"},"image":{"@id":"https:\/\/lospoliticosveracruz.com\/?p=49191#primaryimage"},"thumbnailUrl":"https:\/\/lospoliticosveracruz.com\/wp-content\/uploads\/2019\/08\/Cuic2.jpeg","keywords":["Banderilla","Cerro del Borrego","Coatepec","Cuitl\u00e1huac Garc\u00eda Jim\u00e9nez","David Velasco Chedraui","Domingo Yorio Saqui","Gabriel Yorio Gonz\u00e1lez","Jos\u00e9 Luis Lima Franco","Juan Manuel Diez Francos","Macuilt\u00e9petl","Orizaba","Papantla","Rafael Lucio","SIOP","Telef\u00e9rico","tren ligero","Xalapa"],"articleSection":["De Opini\u00f3n"],"inLanguage":"es","potentialAction":[{"@type":"CommentAction","name":"Comment","target":["https:\/\/lospoliticosveracruz.com\/?p=49191#respond"]}]},{"@type":"WebPage","@id":"https:\/\/lospoliticosveracruz.com\/?p=49191","url":"https:\/\/lospoliticosveracruz.com\/?p=49191","name":"El tren ligero y un mediocre alcalde - Los pol\u00edticos Veracruz","isPartOf":{"@id":"https:\/\/lospoliticosveracruz.com\/#website"},"primaryImageOfPage":{"@id":"https:\/\/lospoliticosveracruz.com\/?p=49191#primaryimage"},"image":{"@id":"https:\/\/lospoliticosveracruz.com\/?p=49191#primaryimage"},"thumbnailUrl":"https:\/\/lospoliticosveracruz.com\/wp-content\/uploads\/2019\/08\/Cuic2.jpeg","datePublished":"2019-08-21T03:55:52+00:00","breadcrumb":{"@id":"https:\/\/lospoliticosveracruz.com\/?p=49191#breadcrumb"},"inLanguage":"es","potentialAction":[{"@type":"ReadAction","target":["https:\/\/lospoliticosveracruz.com\/?p=49191"]}]},{"@type":"ImageObject","inLanguage":"es","@id":"https:\/\/lospoliticosveracruz.com\/?p=49191#primaryimage","url":"https:\/\/lospoliticosveracruz.com\/wp-content\/uploads\/2019\/08\/Cuic2.jpeg","contentUrl":"https:\/\/lospoliticosveracruz.com\/wp-content\/uploads\/2019\/08\/Cuic2.jpeg","width":600,"height":340},{"@type":"BreadcrumbList","@id":"https:\/\/lospoliticosveracruz.com\/?p=49191#breadcrumb","itemListElement":[{"@type":"ListItem","position":1,"name":"Portada","item":"https:\/\/lospoliticosveracruz.com\/"},{"@type":"ListItem","position":2,"name":"El tren ligero y un mediocre alcalde"}]},{"@type":"WebSite","@id":"https:\/\/lospoliticosveracruz.com\/#website","url":"https:\/\/lospoliticosveracruz.com\/","name":"Los pol\u00edticos Veracruz","description":"","publisher":{"@id":"https:\/\/lospoliticosveracruz.com\/#organization"},"potentialAction":[{"@type":"SearchAction","target":{"@type":"EntryPoint","urlTemplate":"https:\/\/lospoliticosveracruz.com\/?s={search_term_string}"},"query-input":{"@type":"PropertyValueSpecification","valueRequired":true,"valueName":"search_term_string"}}],"inLanguage":"es"},{"@type":"Organization","@id":"https:\/\/lospoliticosveracruz.com\/#organization","name":"Los pol\u00edticos Veracruz","url":"https:\/\/lospoliticosveracruz.com\/","logo":{"@type":"ImageObject","inLanguage":"es","@id":"https:\/\/lospoliticosveracruz.com\/#\/schema\/logo\/image\/","url":"https:\/\/lospoliticosveracruz.com\/wp-content\/uploads\/2025\/12\/Logo-Nuevo-LOS-POLITICOS-1.jpg","contentUrl":"https:\/\/lospoliticosveracruz.com\/wp-content\/uploads\/2025\/12\/Logo-Nuevo-LOS-POLITICOS-1.jpg","width":260,"height":70,"caption":"Los pol\u00edticos Veracruz"},"image":{"@id":"https:\/\/lospoliticosveracruz.com\/#\/schema\/logo\/image\/"},"sameAs":["https:\/\/www.facebook.com\/people\/Notimemes-de-los-Polticos\/61565672886568\/","https:\/\/x.com\/LosPoliticosVer"]},{"@type":"Person","@id":"https:\/\/lospoliticosveracruz.com\/#\/schema\/person\/b8702bb0e538456e6efd07080bf2a4a2","name":"Lo viste en Los Pol\u00edticos","image":{"@type":"ImageObject","inLanguage":"es","@id":"https:\/\/secure.gravatar.com\/avatar\/3a8de04a2656d44082be478bd6c086daa447c4651605818287b9532d3d0bd435?s=96&d=mm&r=g","url":"https:\/\/secure.gravatar.com\/avatar\/3a8de04a2656d44082be478bd6c086daa447c4651605818287b9532d3d0bd435?s=96&d=mm&r=g","contentUrl":"https:\/\/secure.gravatar.com\/avatar\/3a8de04a2656d44082be478bd6c086daa447c4651605818287b9532d3d0bd435?s=96&d=mm&r=g","caption":"Lo viste en Los Pol\u00edticos"},"url":"https:\/\/lospoliticosveracruz.com\/?author=2"}]}},"_links":{"self":[{"href":"https:\/\/lospoliticosveracruz.com\/index.php?rest_route=\/wp\/v2\/posts\/49191","targetHints":{"allow":["GET"]}}],"collection":[{"href":"https:\/\/lospoliticosveracruz.com\/index.php?rest_route=\/wp\/v2\/posts"}],"about":[{"href":"https:\/\/lospoliticosveracruz.com\/index.php?rest_route=\/wp\/v2\/types\/post"}],"author":[{"embeddable":true,"href":"https:\/\/lospoliticosveracruz.com\/index.php?rest_route=\/wp\/v2\/users\/2"}],"replies":[{"embeddable":true,"href":"https:\/\/lospoliticosveracruz.com\/index.php?rest_route=%2Fwp%2Fv2%2Fcomments&post=49191"}],"version-history":[{"count":1,"href":"https:\/\/lospoliticosveracruz.com\/index.php?rest_route=\/wp\/v2\/posts\/49191\/revisions"}],"predecessor-version":[{"id":49193,"href":"https:\/\/lospoliticosveracruz.com\/index.php?rest_route=\/wp\/v2\/posts\/49191\/revisions\/49193"}],"wp:featuredmedia":[{"embeddable":true,"href":"https:\/\/lospoliticosveracruz.com\/index.php?rest_route=\/wp\/v2\/media\/49192"}],"wp:attachment":[{"href":"https:\/\/lospoliticosveracruz.com\/index.php?rest_route=%2Fwp%2Fv2%2Fmedia&parent=49191"}],"wp:term":[{"taxonomy":"category","embeddable":true,"href":"https:\/\/lospoliticosveracruz.com\/index.php?rest_route=%2Fwp%2Fv2%2Fcategories&post=49191"},{"taxonomy":"post_tag","embeddable":true,"href":"https:\/\/lospoliticosveracruz.com\/index.php?rest_route=%2Fwp%2Fv2%2Ftags&post=49191"}],"curies":[{"name":"wp","href":"https:\/\/api.w.org\/{rel}","templated":true}]}}