{"id":49200,"date":"2019-08-21T10:10:14","date_gmt":"2019-08-21T15:10:14","guid":{"rendered":"http:\/\/www.lospoliticosveracruz.com.mx\/?p=49200"},"modified":"2019-08-21T10:10:14","modified_gmt":"2019-08-21T15:10:14","slug":"yunes-vinculado-a-asesinos-intelectual-y-material-de-alcaldesa-de-mixtla-ssp","status":"publish","type":"post","link":"https:\/\/lospoliticosveracruz.com\/?p=49200","title":{"rendered":"Yunes, vinculado a asesinos intelectual y material de alcaldesa de Mixtla: SSP"},"content":{"rendered":"<p><em><strong>De la Redacci\u00f3n<\/strong><\/em><\/p>\n<p><span style=\"font-weight: 400;\">Ahora, tras la detenci\u00f3n del ex s\u00edndico de Mixtla de Altamirano, Ricardo P\u00e9rez Marcos, tras ser se\u00f1alado como presunto autor intelectual del homicidio de la alcaldesa de ese municipio, Maricela Vallejo, la secretar\u00eda de Seguridad P\u00fablica, en voz de su titular Hugo Guti\u00e9rrez Maldonado, ya no s\u00f3lo pide que sea llamado a declarar el ex gobernador Miguel \u00c1ngel Yunes Linares, sino otros involucrados.<\/span><\/p>\n<p><span style=\"font-weight: 400;\">Hugo Guti\u00e9rrez Maldonado, titular de Seguridad P\u00fablica del estado de Veracruz, habla de la detenci\u00f3n de Ricardo P\u00e9rez Marcos, ex s\u00edndico del Municipio de Mixtla de Altamirano y la actuaci\u00f3n de la Fiscal\u00eda respecto a este caso durante entrevista con Oscar Mario Beteta, en Telef\u00f3rmula.<\/span><\/p>\n<p><span style=\"font-weight: 400;\">Como se recordar\u00e1, la semana pasada, Guti\u00e9rrez Maldonado solicitaba al Fiscal Jorge Winckler Ortiz, se citara a declarar a Miguel \u00c1ngel Yunes Linares en torno a este caso, luego de que de acuerdo a pruebas circunstanciales, el autor material del homicidio de la edil Vallejo, Primitivo N, quien durante el intento de su detenci\u00f3n se suicidara, trabaj\u00f3 en su oficina con el entonces gobernador, aun teniendo antecedentes por homicidio, lesiones agravadas y por da\u00f1os.<\/span><\/p>\n<p><span style=\"font-weight: 400;\">Por su parte, Ricardo P\u00e9rez es esposo de Mar\u00eda Ang\u00e9lica M\u00e9ndez, quien fungi\u00f3 como directora general del Instituto Veracruzano de Asuntos Ind\u00edgenas (IVAIS) durante el mandato de Yunes Linares, lo que los hace parte de un grupo pol\u00edtico, sostuvo Guti\u00e9rrez Maldonado.<\/span><\/p>\n<p><span style=\"font-weight: 400;\">Por lo tanto, ya no s\u00f3lo se pide a la Fiscal\u00eda General del Estado que sea citado el ex mandatario, sino tambi\u00e9n Mar\u00eda Ang\u00e9lica M\u00e9ndez, pues de un modo u otro, ambos, tanto Yunes como la ex directora del IVAIS, tuvieron estrecha relaci\u00f3n con los autores intelectual y material del asesinato de Maricela Vallejo.<\/span><\/p>\n<p><span style=\"font-weight: 400;\">Durante la entrevista, el mismo Oscar Mario Beteta considera complicado que el fiscal llame a declarar al ex mandatario, por considerarlo su incondicional. No obstante, Hugo Guti\u00e9rrez Maldonado cit\u00f3 que seguir\u00e1n insistiendo para que se act\u00fae conforme a derecho, \u201cpor eso queremos llegar hasta las ra\u00edces hasta llegar a la persona que orden\u00f3 ese crimen\u201d.<\/span><\/p>\n","protected":false},"excerpt":{"rendered":"<p>De la Redacci\u00f3n Ahora, tras la detenci\u00f3n del ex s\u00edndico de Mixtla de Altamirano, Ricardo P\u00e9rez Marcos, tras ser se\u00f1alado como presunto autor intelectual del homicidio de la alcaldesa de ese municipio, Maricela Vallejo, la secretar\u00eda de Seguridad P\u00fablica, en voz de su titular Hugo Guti\u00e9rrez Maldonado, ya no s\u00f3lo pide que sea llamado a [&hellip;]<\/p>\n","protected":false},"author":2,"featured_media":0,"comment_status":"open","ping_status":"open","sticky":false,"template":"","format":"standard","meta":{"tdm_status":"","tdm_grid_status":"","footnotes":""},"categories":[72],"tags":[13303,15082,6150,15081,14559,428,5838,15079,15078,4555,15080],"class_list":{"0":"post-49200","1":"post","2":"type-post","3":"status-publish","4":"format-standard","6":"category-palomazos","7":"tag-hugo-gutierrez-maldonado","8":"tag-instituto-veracruzano-de-asuntos-indigenas","9":"tag-jorge-winckler-ortiz","10":"tag-maria-angelica-mendez","11":"tag-maricela-vallejo","12":"tag-miguel-angel-yunes-linares","13":"tag-mixtla-de-altamirano","14":"tag-oscar-mario-beteta","15":"tag-ricardo-perez-marcos","16":"tag-secretaria-de-seguridad-publica","17":"tag-teleformula"},"yoast_head":"<!-- This site is optimized with the Yoast SEO plugin v27.4 - https:\/\/yoast.com\/product\/yoast-seo-wordpress\/ -->\n<title>Yunes, vinculado a asesinos intelectual y material de alcaldesa de Mixtla: SSP - Los pol\u00edticos Veracruz<\/title>\n<meta name=\"robots\" content=\"index, follow, max-snippet:-1, max-image-preview:large, max-video-preview:-1\" \/>\n<link rel=\"canonical\" href=\"https:\/\/lospoliticosveracruz.com\/?p=49200\" \/>\n<meta property=\"og:locale\" content=\"es_ES\" \/>\n<meta property=\"og:type\" content=\"article\" \/>\n<meta property=\"og:title\" content=\"Yunes, vinculado a asesinos intelectual y material de alcaldesa de Mixtla: SSP - Los pol\u00edticos Veracruz\" \/>\n<meta property=\"og:description\" content=\"De la Redacci\u00f3n Ahora, tras la detenci\u00f3n del ex s\u00edndico de Mixtla de Altamirano, Ricardo P\u00e9rez Marcos, tras ser se\u00f1alado como presunto autor intelectual del homicidio de la alcaldesa de ese municipio, Maricela Vallejo, la secretar\u00eda de Seguridad P\u00fablica, en voz de su titular Hugo Guti\u00e9rrez Maldonado, ya no s\u00f3lo pide que sea llamado a [&hellip;]\" \/>\n<meta property=\"og:url\" content=\"https:\/\/lospoliticosveracruz.com\/?p=49200\" \/>\n<meta property=\"og:site_name\" content=\"Los pol\u00edticos Veracruz\" \/>\n<meta property=\"article:publisher\" content=\"https:\/\/www.facebook.com\/people\/Notimemes-de-los-Polticos\/61565672886568\/\" \/>\n<meta property=\"article:published_time\" content=\"2019-08-21T15:10:14+00:00\" \/>\n<meta property=\"og:image\" content=\"https:\/\/lospoliticosveracruz.com\/wp-content\/uploads\/2016\/07\/Logo-Dor.jpg\" \/>\n\t<meta property=\"og:image:width\" content=\"200\" \/>\n\t<meta property=\"og:image:height\" content=\"200\" \/>\n\t<meta property=\"og:image:type\" content=\"image\/jpeg\" \/>\n<meta name=\"author\" content=\"Lo viste en Los Pol\u00edticos\" \/>\n<meta name=\"twitter:card\" content=\"summary_large_image\" \/>\n<meta name=\"twitter:creator\" content=\"@LosPoliticosVer\" \/>\n<meta name=\"twitter:site\" content=\"@LosPoliticosVer\" \/>\n<meta name=\"twitter:label1\" content=\"Escrito por\" \/>\n\t<meta name=\"twitter:data1\" content=\"Lo viste en Los Pol\u00edticos\" \/>\n\t<meta name=\"twitter:label2\" content=\"Tiempo de lectura\" \/>\n\t<meta name=\"twitter:data2\" content=\"2 minutos\" \/>\n<script type=\"application\/ld+json\" class=\"yoast-schema-graph\">{\"@context\":\"https:\\\/\\\/schema.org\",\"@graph\":[{\"@type\":\"Article\",\"@id\":\"https:\\\/\\\/lospoliticosveracruz.com\\\/?p=49200#article\",\"isPartOf\":{\"@id\":\"https:\\\/\\\/lospoliticosveracruz.com\\\/?p=49200\"},\"author\":{\"name\":\"Lo viste en Los Pol\u00edticos\",\"@id\":\"https:\\\/\\\/lospoliticosveracruz.com\\\/#\\\/schema\\\/person\\\/b8702bb0e538456e6efd07080bf2a4a2\"},\"headline\":\"Yunes, vinculado a asesinos intelectual y material de alcaldesa de Mixtla: SSP\",\"datePublished\":\"2019-08-21T15:10:14+00:00\",\"mainEntityOfPage\":{\"@id\":\"https:\\\/\\\/lospoliticosveracruz.com\\\/?p=49200\"},\"wordCount\":385,\"commentCount\":0,\"publisher\":{\"@id\":\"https:\\\/\\\/lospoliticosveracruz.com\\\/#organization\"},\"keywords\":[\"Hugo Guti\u00e9rrez Maldonado\",\"Instituto Veracruzano de Asuntos Ind\u00edgenas\",\"Jorge Winckler Ortiz\",\"Mar\u00eda Ang\u00e9lica M\u00e9ndez\",\"Maricela Vallejo\",\"Miguel Angel Yunes Linares\",\"Mixtla de Altamirano\",\"Oscar Mario Beteta\",\"Ricardo P\u00e9rez Marcos\",\"Secretar\u00eda de Seguridad P\u00fablica\",\"Telef\u00f3rmula\"],\"articleSection\":[\"Palomazos\"],\"inLanguage\":\"es\",\"potentialAction\":[{\"@type\":\"CommentAction\",\"name\":\"Comment\",\"target\":[\"https:\\\/\\\/lospoliticosveracruz.com\\\/?p=49200#respond\"]}]},{\"@type\":\"WebPage\",\"@id\":\"https:\\\/\\\/lospoliticosveracruz.com\\\/?p=49200\",\"url\":\"https:\\\/\\\/lospoliticosveracruz.com\\\/?p=49200\",\"name\":\"Yunes, vinculado a asesinos intelectual y material de alcaldesa de Mixtla: SSP - Los pol\u00edticos Veracruz\",\"isPartOf\":{\"@id\":\"https:\\\/\\\/lospoliticosveracruz.com\\\/#website\"},\"datePublished\":\"2019-08-21T15:10:14+00:00\",\"breadcrumb\":{\"@id\":\"https:\\\/\\\/lospoliticosveracruz.com\\\/?p=49200#breadcrumb\"},\"inLanguage\":\"es\",\"potentialAction\":[{\"@type\":\"ReadAction\",\"target\":[\"https:\\\/\\\/lospoliticosveracruz.com\\\/?p=49200\"]}]},{\"@type\":\"BreadcrumbList\",\"@id\":\"https:\\\/\\\/lospoliticosveracruz.com\\\/?p=49200#breadcrumb\",\"itemListElement\":[{\"@type\":\"ListItem\",\"position\":1,\"name\":\"Portada\",\"item\":\"https:\\\/\\\/lospoliticosveracruz.com\\\/\"},{\"@type\":\"ListItem\",\"position\":2,\"name\":\"Yunes, vinculado a asesinos intelectual y material de alcaldesa de Mixtla: SSP\"}]},{\"@type\":\"WebSite\",\"@id\":\"https:\\\/\\\/lospoliticosveracruz.com\\\/#website\",\"url\":\"https:\\\/\\\/lospoliticosveracruz.com\\\/\",\"name\":\"Los pol\u00edticos Veracruz\",\"description\":\"\",\"publisher\":{\"@id\":\"https:\\\/\\\/lospoliticosveracruz.com\\\/#organization\"},\"potentialAction\":[{\"@type\":\"SearchAction\",\"target\":{\"@type\":\"EntryPoint\",\"urlTemplate\":\"https:\\\/\\\/lospoliticosveracruz.com\\\/?s={search_term_string}\"},\"query-input\":{\"@type\":\"PropertyValueSpecification\",\"valueRequired\":true,\"valueName\":\"search_term_string\"}}],\"inLanguage\":\"es\"},{\"@type\":\"Organization\",\"@id\":\"https:\\\/\\\/lospoliticosveracruz.com\\\/#organization\",\"name\":\"Los pol\u00edticos Veracruz\",\"url\":\"https:\\\/\\\/lospoliticosveracruz.com\\\/\",\"logo\":{\"@type\":\"ImageObject\",\"inLanguage\":\"es\",\"@id\":\"https:\\\/\\\/lospoliticosveracruz.com\\\/#\\\/schema\\\/logo\\\/image\\\/\",\"url\":\"https:\\\/\\\/lospoliticosveracruz.com\\\/wp-content\\\/uploads\\\/2025\\\/12\\\/Logo-Nuevo-LOS-POLITICOS-1.jpg\",\"contentUrl\":\"https:\\\/\\\/lospoliticosveracruz.com\\\/wp-content\\\/uploads\\\/2025\\\/12\\\/Logo-Nuevo-LOS-POLITICOS-1.jpg\",\"width\":260,\"height\":70,\"caption\":\"Los pol\u00edticos Veracruz\"},\"image\":{\"@id\":\"https:\\\/\\\/lospoliticosveracruz.com\\\/#\\\/schema\\\/logo\\\/image\\\/\"},\"sameAs\":[\"https:\\\/\\\/www.facebook.com\\\/people\\\/Notimemes-de-los-Polticos\\\/61565672886568\\\/\",\"https:\\\/\\\/x.com\\\/LosPoliticosVer\"]},{\"@type\":\"Person\",\"@id\":\"https:\\\/\\\/lospoliticosveracruz.com\\\/#\\\/schema\\\/person\\\/b8702bb0e538456e6efd07080bf2a4a2\",\"name\":\"Lo viste en Los Pol\u00edticos\",\"image\":{\"@type\":\"ImageObject\",\"inLanguage\":\"es\",\"@id\":\"https:\\\/\\\/secure.gravatar.com\\\/avatar\\\/3a8de04a2656d44082be478bd6c086daa447c4651605818287b9532d3d0bd435?s=96&d=mm&r=g\",\"url\":\"https:\\\/\\\/secure.gravatar.com\\\/avatar\\\/3a8de04a2656d44082be478bd6c086daa447c4651605818287b9532d3d0bd435?s=96&d=mm&r=g\",\"contentUrl\":\"https:\\\/\\\/secure.gravatar.com\\\/avatar\\\/3a8de04a2656d44082be478bd6c086daa447c4651605818287b9532d3d0bd435?s=96&d=mm&r=g\",\"caption\":\"Lo viste en Los Pol\u00edticos\"},\"url\":\"https:\\\/\\\/lospoliticosveracruz.com\\\/?author=2\"}]}<\/script>\n<!-- \/ Yoast SEO plugin. -->","yoast_head_json":{"title":"Yunes, vinculado a asesinos intelectual y material de alcaldesa de Mixtla: SSP - Los pol\u00edticos Veracruz","robots":{"index":"index","follow":"follow","max-snippet":"max-snippet:-1","max-image-preview":"max-image-preview:large","max-video-preview":"max-video-preview:-1"},"canonical":"https:\/\/lospoliticosveracruz.com\/?p=49200","og_locale":"es_ES","og_type":"article","og_title":"Yunes, vinculado a asesinos intelectual y material de alcaldesa de Mixtla: SSP - Los pol\u00edticos Veracruz","og_description":"De la Redacci\u00f3n Ahora, tras la detenci\u00f3n del ex s\u00edndico de Mixtla de Altamirano, Ricardo P\u00e9rez Marcos, tras ser se\u00f1alado como presunto autor intelectual del homicidio de la alcaldesa de ese municipio, Maricela Vallejo, la secretar\u00eda de Seguridad P\u00fablica, en voz de su titular Hugo Guti\u00e9rrez Maldonado, ya no s\u00f3lo pide que sea llamado a [&hellip;]","og_url":"https:\/\/lospoliticosveracruz.com\/?p=49200","og_site_name":"Los pol\u00edticos Veracruz","article_publisher":"https:\/\/www.facebook.com\/people\/Notimemes-de-los-Polticos\/61565672886568\/","article_published_time":"2019-08-21T15:10:14+00:00","og_image":[{"width":200,"height":200,"url":"https:\/\/lospoliticosveracruz.com\/wp-content\/uploads\/2016\/07\/Logo-Dor.jpg","type":"image\/jpeg"}],"author":"Lo viste en Los Pol\u00edticos","twitter_card":"summary_large_image","twitter_creator":"@LosPoliticosVer","twitter_site":"@LosPoliticosVer","twitter_misc":{"Escrito por":"Lo viste en Los Pol\u00edticos","Tiempo de lectura":"2 minutos"},"schema":{"@context":"https:\/\/schema.org","@graph":[{"@type":"Article","@id":"https:\/\/lospoliticosveracruz.com\/?p=49200#article","isPartOf":{"@id":"https:\/\/lospoliticosveracruz.com\/?p=49200"},"author":{"name":"Lo viste en Los Pol\u00edticos","@id":"https:\/\/lospoliticosveracruz.com\/#\/schema\/person\/b8702bb0e538456e6efd07080bf2a4a2"},"headline":"Yunes, vinculado a asesinos intelectual y material de alcaldesa de Mixtla: SSP","datePublished":"2019-08-21T15:10:14+00:00","mainEntityOfPage":{"@id":"https:\/\/lospoliticosveracruz.com\/?p=49200"},"wordCount":385,"commentCount":0,"publisher":{"@id":"https:\/\/lospoliticosveracruz.com\/#organization"},"keywords":["Hugo Guti\u00e9rrez Maldonado","Instituto Veracruzano de Asuntos Ind\u00edgenas","Jorge Winckler Ortiz","Mar\u00eda Ang\u00e9lica M\u00e9ndez","Maricela Vallejo","Miguel Angel Yunes Linares","Mixtla de Altamirano","Oscar Mario Beteta","Ricardo P\u00e9rez Marcos","Secretar\u00eda de Seguridad P\u00fablica","Telef\u00f3rmula"],"articleSection":["Palomazos"],"inLanguage":"es","potentialAction":[{"@type":"CommentAction","name":"Comment","target":["https:\/\/lospoliticosveracruz.com\/?p=49200#respond"]}]},{"@type":"WebPage","@id":"https:\/\/lospoliticosveracruz.com\/?p=49200","url":"https:\/\/lospoliticosveracruz.com\/?p=49200","name":"Yunes, vinculado a asesinos intelectual y material de alcaldesa de Mixtla: SSP - Los pol\u00edticos Veracruz","isPartOf":{"@id":"https:\/\/lospoliticosveracruz.com\/#website"},"datePublished":"2019-08-21T15:10:14+00:00","breadcrumb":{"@id":"https:\/\/lospoliticosveracruz.com\/?p=49200#breadcrumb"},"inLanguage":"es","potentialAction":[{"@type":"ReadAction","target":["https:\/\/lospoliticosveracruz.com\/?p=49200"]}]},{"@type":"BreadcrumbList","@id":"https:\/\/lospoliticosveracruz.com\/?p=49200#breadcrumb","itemListElement":[{"@type":"ListItem","position":1,"name":"Portada","item":"https:\/\/lospoliticosveracruz.com\/"},{"@type":"ListItem","position":2,"name":"Yunes, vinculado a asesinos intelectual y material de alcaldesa de Mixtla: SSP"}]},{"@type":"WebSite","@id":"https:\/\/lospoliticosveracruz.com\/#website","url":"https:\/\/lospoliticosveracruz.com\/","name":"Los pol\u00edticos Veracruz","description":"","publisher":{"@id":"https:\/\/lospoliticosveracruz.com\/#organization"},"potentialAction":[{"@type":"SearchAction","target":{"@type":"EntryPoint","urlTemplate":"https:\/\/lospoliticosveracruz.com\/?s={search_term_string}"},"query-input":{"@type":"PropertyValueSpecification","valueRequired":true,"valueName":"search_term_string"}}],"inLanguage":"es"},{"@type":"Organization","@id":"https:\/\/lospoliticosveracruz.com\/#organization","name":"Los pol\u00edticos Veracruz","url":"https:\/\/lospoliticosveracruz.com\/","logo":{"@type":"ImageObject","inLanguage":"es","@id":"https:\/\/lospoliticosveracruz.com\/#\/schema\/logo\/image\/","url":"https:\/\/lospoliticosveracruz.com\/wp-content\/uploads\/2025\/12\/Logo-Nuevo-LOS-POLITICOS-1.jpg","contentUrl":"https:\/\/lospoliticosveracruz.com\/wp-content\/uploads\/2025\/12\/Logo-Nuevo-LOS-POLITICOS-1.jpg","width":260,"height":70,"caption":"Los pol\u00edticos Veracruz"},"image":{"@id":"https:\/\/lospoliticosveracruz.com\/#\/schema\/logo\/image\/"},"sameAs":["https:\/\/www.facebook.com\/people\/Notimemes-de-los-Polticos\/61565672886568\/","https:\/\/x.com\/LosPoliticosVer"]},{"@type":"Person","@id":"https:\/\/lospoliticosveracruz.com\/#\/schema\/person\/b8702bb0e538456e6efd07080bf2a4a2","name":"Lo viste en Los Pol\u00edticos","image":{"@type":"ImageObject","inLanguage":"es","@id":"https:\/\/secure.gravatar.com\/avatar\/3a8de04a2656d44082be478bd6c086daa447c4651605818287b9532d3d0bd435?s=96&d=mm&r=g","url":"https:\/\/secure.gravatar.com\/avatar\/3a8de04a2656d44082be478bd6c086daa447c4651605818287b9532d3d0bd435?s=96&d=mm&r=g","contentUrl":"https:\/\/secure.gravatar.com\/avatar\/3a8de04a2656d44082be478bd6c086daa447c4651605818287b9532d3d0bd435?s=96&d=mm&r=g","caption":"Lo viste en Los Pol\u00edticos"},"url":"https:\/\/lospoliticosveracruz.com\/?author=2"}]}},"_links":{"self":[{"href":"https:\/\/lospoliticosveracruz.com\/index.php?rest_route=\/wp\/v2\/posts\/49200","targetHints":{"allow":["GET"]}}],"collection":[{"href":"https:\/\/lospoliticosveracruz.com\/index.php?rest_route=\/wp\/v2\/posts"}],"about":[{"href":"https:\/\/lospoliticosveracruz.com\/index.php?rest_route=\/wp\/v2\/types\/post"}],"author":[{"embeddable":true,"href":"https:\/\/lospoliticosveracruz.com\/index.php?rest_route=\/wp\/v2\/users\/2"}],"replies":[{"embeddable":true,"href":"https:\/\/lospoliticosveracruz.com\/index.php?rest_route=%2Fwp%2Fv2%2Fcomments&post=49200"}],"version-history":[{"count":1,"href":"https:\/\/lospoliticosveracruz.com\/index.php?rest_route=\/wp\/v2\/posts\/49200\/revisions"}],"predecessor-version":[{"id":49202,"href":"https:\/\/lospoliticosveracruz.com\/index.php?rest_route=\/wp\/v2\/posts\/49200\/revisions\/49202"}],"wp:attachment":[{"href":"https:\/\/lospoliticosveracruz.com\/index.php?rest_route=%2Fwp%2Fv2%2Fmedia&parent=49200"}],"wp:term":[{"taxonomy":"category","embeddable":true,"href":"https:\/\/lospoliticosveracruz.com\/index.php?rest_route=%2Fwp%2Fv2%2Fcategories&post=49200"},{"taxonomy":"post_tag","embeddable":true,"href":"https:\/\/lospoliticosveracruz.com\/index.php?rest_route=%2Fwp%2Fv2%2Ftags&post=49200"}],"curies":[{"name":"wp","href":"https:\/\/api.w.org\/{rel}","templated":true}]}}