{"id":49283,"date":"2019-08-26T10:11:32","date_gmt":"2019-08-26T15:11:32","guid":{"rendered":"http:\/\/www.lospoliticosveracruz.com.mx\/?p=49283"},"modified":"2019-08-26T10:12:15","modified_gmt":"2019-08-26T15:12:15","slug":"49283","status":"publish","type":"post","link":"https:\/\/lospoliticosveracruz.com\/?p=49283","title":{"rendered":"Alvarado, la disputa"},"content":{"rendered":"<p><b>Ricardo Ch\u00faa<\/b><\/p>\n<p><i>Sale y Vale<\/i><\/p>\n<p>Parecido a lo que pasa en Orizaba donde Igor Roj\u00ed, como alcalde mantiene un pleito campal, pol\u00edtico y medi\u00e1tico con su cuerpo edilicio, en la ciudad de Alvarado la situaci\u00f3n no es muy distinta&#8230; Ya que seg\u00fan regidores alvarade\u00f1os se\u00f1alan de una campa\u00f1a de desprestigio en su contra promovida por el presidente municipal, Bogar Ruiz Rosas&#8230; Para el colmo como medida de presi\u00f3n el mun\u00edcipe corri\u00f3 a todos los empleados de confianza de los regidores&#8230; Es decir, la disputa va en serio&#8230; Tongo le dio a Borondongo..<\/p>\n<p>Sobre todo ahora que los ediles han solicitado la intervenci\u00f3n del Congreso del Estado, de que esta ciudad no tiene gobernabilidad en el ayuntamiento&#8230; Tal como ha sucedido en Tancoco o Mixtla&#8230; As\u00ed que la presi\u00f3n que Bogar tiene hac\u00eda sus ediles, estos quieren encauzarla con los diputados locales, en su mayor\u00eda de MORENA, pero en contra del mun\u00edcipe y m\u00e1s que este ha perdido el apoyo del gobernador, Cuitl\u00e1huac Garc\u00eda y el secretario de Gobierno, Patrocinio Cisneros&#8230; Es decir, el alcalde tiene todas las de perder&#8230;<\/p>\n<p>Y la denuncia al Congreso del Estado es grave, ya que los regidores firmantes se\u00f1alan que las garant\u00edas de seguridad y personales para el cuerpo ediliciio no est\u00e1n aseguradas&#8230; Adem\u00e1s de que est\u00e1n se\u00f1alando que tampoco en Alvarado, hay un \u00abestado de derecho\u00bb&#8230; Por menos, que estos se\u00f1alamientos al municipio de Tancoco, le quer\u00edan desaparecer los poderes al municipio&#8230; \u00bfAcaso el siguiente caso podr\u00eda ser Alvarado?&#8230; Que conste, que es pregunta&#8230; Pero denuncias hay&#8230; Las condiciones se las pueden crear&#8230; Esas no importan&#8230;.<\/p>\n<p>S\u00f3lo hay que recordar que desde el pasado jueves las cosas se pusieron m\u00e1s \u00abcandentes\u00bb en este ayuntamiento&#8230; Ya que a las juntas de cabildo, los edlies no van por los temas antes mencionados y porque se vienen presentado situaciones poco claras en acciones de gobierno&#8230; Como el hecho de lanzar mal la convocatoria del famoso evento del \u00abPaseo del Burro\u00bb.. Aunado a eso tambi\u00e9n hay varias demandas que Bogar tiene pendientes desde que fue alcalde durante el 2007 al 2010&#8230;<\/p>\n<p>Ya que en La Generosa hay un conflicto del alcalde con un grupo de personas, los cuales est\u00e1n demandando el regreso de un dinero que ellos aportaron en un programa de gobierno y que al final no se hizo con la construcci\u00f3n de un mercado en esta ciudad&#8230; Al parecer el reclamo son de varios millones de pesos y el asunto lo traen 57 personas oriundas de esta ciudad con Ruiz Rosas&#8230;. En pocas palabras, por conflictos no para esta administraci\u00f3n&#8230;<\/p>\n<p>Finalmente, con todo lo adverso que trae Bogar de unos meses la fecha con el gobierno del Estado y sus altos funcionarios, los mensajes que le mandan al alcalde cuando el gobernador llega al caf\u00e9 de su m\u00e1s ac\u00e9rrimo enemigo pol\u00edtico del pueblo y pese a ser el mun\u00edcipe no puede entrar, como se ha se\u00f1alado en este espacio&#8230; Qui\u00e9n lo va a proteger&#8230;. Nos cuentan que un aliado de Bogar, le dijo a Javier Herrera Borunda, el operador del PVEM en Veracruz, que lo buscara&#8230; Este se abstuvo, aplic\u00f3 la del pap\u00e1: \u00abLa Fideli\u00f1a\u00bb&#8230; La suerte est\u00e1 echada&#8230;<\/p>\n<p>EL RETO DEL PRI&#8230; Si el PRI de Veracruz, dicen en MORENA, no se mueve junto con la figura del presidente, Marl\u00f3n Ram\u00edrez, despu\u00e9s de la elecci\u00f3n a l\u00edder nacional del partido, podr\u00edan estar dejando pasar la forma de contrarrestar todos los se\u00f1alamientos luego del triunfo de Alejandro Moreno C\u00e1rdenas&#8230; Y la salida de Ivonne Ortega, que fue un tema m\u00e1s medi\u00e1tico que pol\u00edtico&#8230; Ahora s\u00f3lo falta que el comit\u00e9 del priismo \u00abjarocho\u00bb supere la \u00faltima impugnaci\u00f3n en tribunales&#8230; Ya que a Marl\u00f3n le lleg\u00f3 la hora de empezar a mover su trabajo pol\u00edtico&#8230;.<\/p>\n<p>Sobre todo encauzar al PRI pese a todo lo que puedan decir sus negativos, los ataques de los otros partidos pol\u00edticos y de la gente que se opone&#8230; Que es una REAL OPOSICI\u00d3N en Veracruz a las malas pol\u00edticas p\u00fablicas que aplica la administraci\u00f3n de Cuitl\u00e1huac Garc\u00eda a la ciudadan\u00eda&#8230; Y que esos se\u00f1alamientos que haga Marl\u00f3n como l\u00edder del partido, lo respalden la militancia y los pol\u00edticos priistas que aun se mueven dentro de este organismo en el poder p\u00fablico&#8230;<\/p>\n<p>Seguro muchos pol\u00edticos de oposici\u00f3n al PRI y de los que eran priistas y se volvieron Morenos (de closet) se le van \u00abechar\u00bb encima a la figura de Marl\u00f3n Ram\u00edrez&#8230; Y lo van a acusar y se\u00f1alar de todo&#8230; Pero de lo que no pueden acusarlo es de no ser un priista de \u00abhueso colorado\u00bb&#8230; Que es un persona hecha pol\u00edticamente dentro de este partido&#8230; Que no estuvo nunca de \u00abtr\u00e1nsfuga\u00bb del tricolor a otro organismo&#8230; Que tampoco se ha quitado la camiseta para ponerse otra y despu\u00e9s volver con la \u00abcola entre las patas\u00bb&#8230;<\/p>\n<p>Marl\u00f3n se mantuvo dentro del tricolor y dio pelea con ellos.. Y que a pesar de ser parte de un gobierno PRESUNTAMENTE corrupto y por el cual, Javier Duarte est\u00e1 en la c\u00e1rcel preso pagando esas culpas&#8230; \u00cbl no tiene se\u00f1alamientos en su contra de haber cometido alg\u00fan delito&#8230; Que como pol\u00edtico, no es una \u00abperita en dulce\u00bb&#8230; Pero que por ser as\u00ed, llego a la dirigencia estatal, en donde ahora tendr\u00e1 que abrir al PRI junto con \u00e9l hac\u00eda la sociedad, no s\u00f3lo a los sectores&#8230; Y de pasar de los discursos a los hechos&#8230; Esa es su tarea por lo pronto&#8230;<\/p>\n<p>Hay un dato que ocurre en Xalapa&#8230; Donde se da el argumento que si el PRI se abre a la sociedad puede recuperar espacios de poder pol\u00edtico en Veracruz&#8230; Como el caso del empresario y ex alcalde, David Velasco Chedraui&#8230; Quienes lo conocen dicen, anda buscando volver a gobernar la ciudad capital&#8230; \u00c9l se deja querer&#8230; Lo han buscado los del partido de la maestra, Elba Esther: Redes Sociales Progresistas&#8230; Y algunos pol\u00edticos cercanos a MORENA le han ofrecido que busque la candidatura por ese partido&#8230;<\/p>\n<p>Pero hay informaci\u00f3n que se\u00f1ala&#8230; Que a Velasco Chedraui los \u00abMorenos\u00bb que controlan el partido (Manuel Huerta y Cuitl\u00e1huac Garc\u00eda) no lo van dejar llegar&#8230; Adem\u00e1s ser\u00eda un \u00absuicidio\u00bb que vaya por este organismo en busca de la alcald\u00eda&#8230; Despu\u00e9s de Hipo-Crito Ram\u00edrez, al que lancen por MORENA, simplemente no gana&#8230; Esa presidencia municipal la tienen perdida&#8230; La disputa ser\u00e1 entre el PAN y PRI (As\u00ed como se lee)&#8230;. Pero el priismo tienen que abrirse con la sociedad para que le den el apoyo que le dieron a los Morenos en 2017..<\/p>\n<p>Como si fuera una novela&#8230; La paradoja del asunto&#8230; Es que con el PAN sumido en luchas internas y que en Xalapa tienen varios \u00abtiradores\u00bb a la alcald\u00eda con los Yunes controlando&#8230; La \u00fanica forma que tiene Velasco, de volver ser alcalde, es postularse por el PRI, donde nadie se la va a ganar como sucedi\u00f3 con Ricardo Ahued en 2004&#8230;. Esa historia Davicho, ya la conoce&#8230; Ah\u00ed es donde se tiene que aplicar Marl\u00f3n&#8230; Si logra jalar a ese sector que apoy\u00f3 a MORENA en 2017&#8230; El PRI vuelve a recuperar la capital de Veracruz..<\/p>\n<p>La ventaja que tendr\u00e1 el PRI es que mucha de la sociedad en Xalapa, no quiere votar por MORENA&#8230; Y como los Morenos tendr\u00e1n en ese entonces una dirigencia estatal nueva, seguro postularan a \u00abcuadros distinguidos\u00bb como: Rosalinda Galindo o Daniela Griego&#8230; Por lo tanto, Velasco Chedraui no tiene cabida con ellos porque todo indica que la candidata en 2021 ser\u00e1 para una mujer&#8230; El camino de Davicho es el PRI con Marl\u00f3n&#8230; Y ver, si hay alianzas con otros partidos&#8230; Esa apuesta ser\u00eda ganadora&#8230; CONSUMATUM EST&#8230;<\/p>\n","protected":false},"excerpt":{"rendered":"<p>Ricardo Ch\u00faa Sale y Vale Parecido a lo que pasa en Orizaba donde Igor Roj\u00ed, como alcalde mantiene un pleito campal, pol\u00edtico y medi\u00e1tico con su cuerpo edilicio, en la ciudad de Alvarado la situaci\u00f3n no es muy distinta&#8230; Ya que seg\u00fan regidores alvarade\u00f1os se\u00f1alan de una campa\u00f1a de desprestigio en su contra promovida por [&hellip;]<\/p>\n","protected":false},"author":2,"featured_media":49284,"comment_status":"open","ping_status":"open","sticky":false,"template":"","format":"standard","meta":{"tdm_status":"","tdm_grid_status":"","footnotes":""},"categories":[70],"tags":[301,5622,407,8078,1850,1706,1026,1639,251,11799],"class_list":{"0":"post-49283","1":"post","2":"type-post","3":"status-publish","4":"format-standard","5":"has-post-thumbnail","7":"category-de-opinion","8":"tag-alvarado","9":"tag-daniela-griego","10":"tag-david-velasco-chedraui","11":"tag-igor-roji","12":"tag-manuel-huerta-ladron-de-guevara","13":"tag-marlon-ramirez","14":"tag-morena","15":"tag-orizaba","16":"tag-pri","17":"tag-rosalinda-galindo"},"yoast_head":"<!-- This site is optimized with the Yoast SEO plugin v27.4 - https:\/\/yoast.com\/product\/yoast-seo-wordpress\/ -->\n<title>Alvarado, la disputa - Los pol\u00edticos Veracruz<\/title>\n<meta name=\"robots\" content=\"index, follow, max-snippet:-1, max-image-preview:large, max-video-preview:-1\" \/>\n<link rel=\"canonical\" href=\"https:\/\/lospoliticosveracruz.com\/?p=49283\" \/>\n<meta property=\"og:locale\" content=\"es_ES\" \/>\n<meta property=\"og:type\" content=\"article\" \/>\n<meta property=\"og:title\" content=\"Alvarado, la disputa - Los pol\u00edticos Veracruz\" \/>\n<meta property=\"og:description\" content=\"Ricardo Ch\u00faa Sale y Vale Parecido a lo que pasa en Orizaba donde Igor Roj\u00ed, como alcalde mantiene un pleito campal, pol\u00edtico y medi\u00e1tico con su cuerpo edilicio, en la ciudad de Alvarado la situaci\u00f3n no es muy distinta&#8230; Ya que seg\u00fan regidores alvarade\u00f1os se\u00f1alan de una campa\u00f1a de desprestigio en su contra promovida por [&hellip;]\" \/>\n<meta property=\"og:url\" content=\"https:\/\/lospoliticosveracruz.com\/?p=49283\" \/>\n<meta property=\"og:site_name\" content=\"Los pol\u00edticos Veracruz\" \/>\n<meta property=\"article:publisher\" content=\"https:\/\/www.facebook.com\/people\/Notimemes-de-los-Polticos\/61565672886568\/\" \/>\n<meta property=\"article:published_time\" content=\"2019-08-26T15:11:32+00:00\" \/>\n<meta property=\"article:modified_time\" content=\"2019-08-26T15:12:15+00:00\" \/>\n<meta property=\"og:image\" content=\"https:\/\/lospoliticosveracruz.com\/wp-content\/uploads\/2019\/08\/29F2A88D-7179-47D8-8395-CCEB38AFAB71.jpeg\" \/>\n\t<meta property=\"og:image:width\" content=\"524\" \/>\n\t<meta property=\"og:image:height\" content=\"350\" \/>\n\t<meta property=\"og:image:type\" content=\"image\/jpeg\" \/>\n<meta name=\"author\" content=\"Lo viste en Los Pol\u00edticos\" \/>\n<meta name=\"twitter:card\" content=\"summary_large_image\" \/>\n<meta name=\"twitter:creator\" content=\"@LosPoliticosVer\" \/>\n<meta name=\"twitter:site\" content=\"@LosPoliticosVer\" \/>\n<meta name=\"twitter:label1\" content=\"Escrito por\" \/>\n\t<meta name=\"twitter:data1\" content=\"Lo viste en Los Pol\u00edticos\" \/>\n\t<meta name=\"twitter:label2\" content=\"Tiempo de lectura\" \/>\n\t<meta name=\"twitter:data2\" content=\"7 minutos\" \/>\n<script type=\"application\/ld+json\" class=\"yoast-schema-graph\">{\"@context\":\"https:\\\/\\\/schema.org\",\"@graph\":[{\"@type\":\"Article\",\"@id\":\"https:\\\/\\\/lospoliticosveracruz.com\\\/?p=49283#article\",\"isPartOf\":{\"@id\":\"https:\\\/\\\/lospoliticosveracruz.com\\\/?p=49283\"},\"author\":{\"name\":\"Lo viste en Los Pol\u00edticos\",\"@id\":\"https:\\\/\\\/lospoliticosveracruz.com\\\/#\\\/schema\\\/person\\\/b8702bb0e538456e6efd07080bf2a4a2\"},\"headline\":\"Alvarado, la disputa\",\"datePublished\":\"2019-08-26T15:11:32+00:00\",\"dateModified\":\"2019-08-26T15:12:15+00:00\",\"mainEntityOfPage\":{\"@id\":\"https:\\\/\\\/lospoliticosveracruz.com\\\/?p=49283\"},\"wordCount\":1352,\"commentCount\":0,\"publisher\":{\"@id\":\"https:\\\/\\\/lospoliticosveracruz.com\\\/#organization\"},\"image\":{\"@id\":\"https:\\\/\\\/lospoliticosveracruz.com\\\/?p=49283#primaryimage\"},\"thumbnailUrl\":\"https:\\\/\\\/lospoliticosveracruz.com\\\/wp-content\\\/uploads\\\/2019\\\/08\\\/29F2A88D-7179-47D8-8395-CCEB38AFAB71.jpeg\",\"keywords\":[\"Alvarado\",\"Daniela Griego\",\"David Velasco Chedraui\",\"Igor Roj\u00ed\",\"Manuel Huerta Ladr\u00f3n de Guevara\",\"Marlon Ram\u00edrez\",\"Morena\",\"Orizaba\",\"PRI\",\"Rosalinda Galindo\"],\"articleSection\":[\"De Opini\u00f3n\"],\"inLanguage\":\"es\",\"potentialAction\":[{\"@type\":\"CommentAction\",\"name\":\"Comment\",\"target\":[\"https:\\\/\\\/lospoliticosveracruz.com\\\/?p=49283#respond\"]}]},{\"@type\":\"WebPage\",\"@id\":\"https:\\\/\\\/lospoliticosveracruz.com\\\/?p=49283\",\"url\":\"https:\\\/\\\/lospoliticosveracruz.com\\\/?p=49283\",\"name\":\"Alvarado, la disputa - Los pol\u00edticos Veracruz\",\"isPartOf\":{\"@id\":\"https:\\\/\\\/lospoliticosveracruz.com\\\/#website\"},\"primaryImageOfPage\":{\"@id\":\"https:\\\/\\\/lospoliticosveracruz.com\\\/?p=49283#primaryimage\"},\"image\":{\"@id\":\"https:\\\/\\\/lospoliticosveracruz.com\\\/?p=49283#primaryimage\"},\"thumbnailUrl\":\"https:\\\/\\\/lospoliticosveracruz.com\\\/wp-content\\\/uploads\\\/2019\\\/08\\\/29F2A88D-7179-47D8-8395-CCEB38AFAB71.jpeg\",\"datePublished\":\"2019-08-26T15:11:32+00:00\",\"dateModified\":\"2019-08-26T15:12:15+00:00\",\"breadcrumb\":{\"@id\":\"https:\\\/\\\/lospoliticosveracruz.com\\\/?p=49283#breadcrumb\"},\"inLanguage\":\"es\",\"potentialAction\":[{\"@type\":\"ReadAction\",\"target\":[\"https:\\\/\\\/lospoliticosveracruz.com\\\/?p=49283\"]}]},{\"@type\":\"ImageObject\",\"inLanguage\":\"es\",\"@id\":\"https:\\\/\\\/lospoliticosveracruz.com\\\/?p=49283#primaryimage\",\"url\":\"https:\\\/\\\/lospoliticosveracruz.com\\\/wp-content\\\/uploads\\\/2019\\\/08\\\/29F2A88D-7179-47D8-8395-CCEB38AFAB71.jpeg\",\"contentUrl\":\"https:\\\/\\\/lospoliticosveracruz.com\\\/wp-content\\\/uploads\\\/2019\\\/08\\\/29F2A88D-7179-47D8-8395-CCEB38AFAB71.jpeg\",\"width\":524,\"height\":350},{\"@type\":\"BreadcrumbList\",\"@id\":\"https:\\\/\\\/lospoliticosveracruz.com\\\/?p=49283#breadcrumb\",\"itemListElement\":[{\"@type\":\"ListItem\",\"position\":1,\"name\":\"Portada\",\"item\":\"https:\\\/\\\/lospoliticosveracruz.com\\\/\"},{\"@type\":\"ListItem\",\"position\":2,\"name\":\"Alvarado, la disputa\"}]},{\"@type\":\"WebSite\",\"@id\":\"https:\\\/\\\/lospoliticosveracruz.com\\\/#website\",\"url\":\"https:\\\/\\\/lospoliticosveracruz.com\\\/\",\"name\":\"Los pol\u00edticos Veracruz\",\"description\":\"\",\"publisher\":{\"@id\":\"https:\\\/\\\/lospoliticosveracruz.com\\\/#organization\"},\"potentialAction\":[{\"@type\":\"SearchAction\",\"target\":{\"@type\":\"EntryPoint\",\"urlTemplate\":\"https:\\\/\\\/lospoliticosveracruz.com\\\/?s={search_term_string}\"},\"query-input\":{\"@type\":\"PropertyValueSpecification\",\"valueRequired\":true,\"valueName\":\"search_term_string\"}}],\"inLanguage\":\"es\"},{\"@type\":\"Organization\",\"@id\":\"https:\\\/\\\/lospoliticosveracruz.com\\\/#organization\",\"name\":\"Los pol\u00edticos Veracruz\",\"url\":\"https:\\\/\\\/lospoliticosveracruz.com\\\/\",\"logo\":{\"@type\":\"ImageObject\",\"inLanguage\":\"es\",\"@id\":\"https:\\\/\\\/lospoliticosveracruz.com\\\/#\\\/schema\\\/logo\\\/image\\\/\",\"url\":\"https:\\\/\\\/lospoliticosveracruz.com\\\/wp-content\\\/uploads\\\/2025\\\/12\\\/Logo-Nuevo-LOS-POLITICOS-1.jpg\",\"contentUrl\":\"https:\\\/\\\/lospoliticosveracruz.com\\\/wp-content\\\/uploads\\\/2025\\\/12\\\/Logo-Nuevo-LOS-POLITICOS-1.jpg\",\"width\":260,\"height\":70,\"caption\":\"Los pol\u00edticos Veracruz\"},\"image\":{\"@id\":\"https:\\\/\\\/lospoliticosveracruz.com\\\/#\\\/schema\\\/logo\\\/image\\\/\"},\"sameAs\":[\"https:\\\/\\\/www.facebook.com\\\/people\\\/Notimemes-de-los-Polticos\\\/61565672886568\\\/\",\"https:\\\/\\\/x.com\\\/LosPoliticosVer\"]},{\"@type\":\"Person\",\"@id\":\"https:\\\/\\\/lospoliticosveracruz.com\\\/#\\\/schema\\\/person\\\/b8702bb0e538456e6efd07080bf2a4a2\",\"name\":\"Lo viste en Los Pol\u00edticos\",\"image\":{\"@type\":\"ImageObject\",\"inLanguage\":\"es\",\"@id\":\"https:\\\/\\\/secure.gravatar.com\\\/avatar\\\/3a8de04a2656d44082be478bd6c086daa447c4651605818287b9532d3d0bd435?s=96&d=mm&r=g\",\"url\":\"https:\\\/\\\/secure.gravatar.com\\\/avatar\\\/3a8de04a2656d44082be478bd6c086daa447c4651605818287b9532d3d0bd435?s=96&d=mm&r=g\",\"contentUrl\":\"https:\\\/\\\/secure.gravatar.com\\\/avatar\\\/3a8de04a2656d44082be478bd6c086daa447c4651605818287b9532d3d0bd435?s=96&d=mm&r=g\",\"caption\":\"Lo viste en Los Pol\u00edticos\"},\"url\":\"https:\\\/\\\/lospoliticosveracruz.com\\\/?author=2\"}]}<\/script>\n<!-- \/ Yoast SEO plugin. -->","yoast_head_json":{"title":"Alvarado, la disputa - Los pol\u00edticos Veracruz","robots":{"index":"index","follow":"follow","max-snippet":"max-snippet:-1","max-image-preview":"max-image-preview:large","max-video-preview":"max-video-preview:-1"},"canonical":"https:\/\/lospoliticosveracruz.com\/?p=49283","og_locale":"es_ES","og_type":"article","og_title":"Alvarado, la disputa - Los pol\u00edticos Veracruz","og_description":"Ricardo Ch\u00faa Sale y Vale Parecido a lo que pasa en Orizaba donde Igor Roj\u00ed, como alcalde mantiene un pleito campal, pol\u00edtico y medi\u00e1tico con su cuerpo edilicio, en la ciudad de Alvarado la situaci\u00f3n no es muy distinta&#8230; Ya que seg\u00fan regidores alvarade\u00f1os se\u00f1alan de una campa\u00f1a de desprestigio en su contra promovida por [&hellip;]","og_url":"https:\/\/lospoliticosveracruz.com\/?p=49283","og_site_name":"Los pol\u00edticos Veracruz","article_publisher":"https:\/\/www.facebook.com\/people\/Notimemes-de-los-Polticos\/61565672886568\/","article_published_time":"2019-08-26T15:11:32+00:00","article_modified_time":"2019-08-26T15:12:15+00:00","og_image":[{"width":524,"height":350,"url":"https:\/\/lospoliticosveracruz.com\/wp-content\/uploads\/2019\/08\/29F2A88D-7179-47D8-8395-CCEB38AFAB71.jpeg","type":"image\/jpeg"}],"author":"Lo viste en Los Pol\u00edticos","twitter_card":"summary_large_image","twitter_creator":"@LosPoliticosVer","twitter_site":"@LosPoliticosVer","twitter_misc":{"Escrito por":"Lo viste en Los Pol\u00edticos","Tiempo de lectura":"7 minutos"},"schema":{"@context":"https:\/\/schema.org","@graph":[{"@type":"Article","@id":"https:\/\/lospoliticosveracruz.com\/?p=49283#article","isPartOf":{"@id":"https:\/\/lospoliticosveracruz.com\/?p=49283"},"author":{"name":"Lo viste en Los Pol\u00edticos","@id":"https:\/\/lospoliticosveracruz.com\/#\/schema\/person\/b8702bb0e538456e6efd07080bf2a4a2"},"headline":"Alvarado, la disputa","datePublished":"2019-08-26T15:11:32+00:00","dateModified":"2019-08-26T15:12:15+00:00","mainEntityOfPage":{"@id":"https:\/\/lospoliticosveracruz.com\/?p=49283"},"wordCount":1352,"commentCount":0,"publisher":{"@id":"https:\/\/lospoliticosveracruz.com\/#organization"},"image":{"@id":"https:\/\/lospoliticosveracruz.com\/?p=49283#primaryimage"},"thumbnailUrl":"https:\/\/lospoliticosveracruz.com\/wp-content\/uploads\/2019\/08\/29F2A88D-7179-47D8-8395-CCEB38AFAB71.jpeg","keywords":["Alvarado","Daniela Griego","David Velasco Chedraui","Igor Roj\u00ed","Manuel Huerta Ladr\u00f3n de Guevara","Marlon Ram\u00edrez","Morena","Orizaba","PRI","Rosalinda Galindo"],"articleSection":["De Opini\u00f3n"],"inLanguage":"es","potentialAction":[{"@type":"CommentAction","name":"Comment","target":["https:\/\/lospoliticosveracruz.com\/?p=49283#respond"]}]},{"@type":"WebPage","@id":"https:\/\/lospoliticosveracruz.com\/?p=49283","url":"https:\/\/lospoliticosveracruz.com\/?p=49283","name":"Alvarado, la disputa - Los pol\u00edticos Veracruz","isPartOf":{"@id":"https:\/\/lospoliticosveracruz.com\/#website"},"primaryImageOfPage":{"@id":"https:\/\/lospoliticosveracruz.com\/?p=49283#primaryimage"},"image":{"@id":"https:\/\/lospoliticosveracruz.com\/?p=49283#primaryimage"},"thumbnailUrl":"https:\/\/lospoliticosveracruz.com\/wp-content\/uploads\/2019\/08\/29F2A88D-7179-47D8-8395-CCEB38AFAB71.jpeg","datePublished":"2019-08-26T15:11:32+00:00","dateModified":"2019-08-26T15:12:15+00:00","breadcrumb":{"@id":"https:\/\/lospoliticosveracruz.com\/?p=49283#breadcrumb"},"inLanguage":"es","potentialAction":[{"@type":"ReadAction","target":["https:\/\/lospoliticosveracruz.com\/?p=49283"]}]},{"@type":"ImageObject","inLanguage":"es","@id":"https:\/\/lospoliticosveracruz.com\/?p=49283#primaryimage","url":"https:\/\/lospoliticosveracruz.com\/wp-content\/uploads\/2019\/08\/29F2A88D-7179-47D8-8395-CCEB38AFAB71.jpeg","contentUrl":"https:\/\/lospoliticosveracruz.com\/wp-content\/uploads\/2019\/08\/29F2A88D-7179-47D8-8395-CCEB38AFAB71.jpeg","width":524,"height":350},{"@type":"BreadcrumbList","@id":"https:\/\/lospoliticosveracruz.com\/?p=49283#breadcrumb","itemListElement":[{"@type":"ListItem","position":1,"name":"Portada","item":"https:\/\/lospoliticosveracruz.com\/"},{"@type":"ListItem","position":2,"name":"Alvarado, la disputa"}]},{"@type":"WebSite","@id":"https:\/\/lospoliticosveracruz.com\/#website","url":"https:\/\/lospoliticosveracruz.com\/","name":"Los pol\u00edticos Veracruz","description":"","publisher":{"@id":"https:\/\/lospoliticosveracruz.com\/#organization"},"potentialAction":[{"@type":"SearchAction","target":{"@type":"EntryPoint","urlTemplate":"https:\/\/lospoliticosveracruz.com\/?s={search_term_string}"},"query-input":{"@type":"PropertyValueSpecification","valueRequired":true,"valueName":"search_term_string"}}],"inLanguage":"es"},{"@type":"Organization","@id":"https:\/\/lospoliticosveracruz.com\/#organization","name":"Los pol\u00edticos Veracruz","url":"https:\/\/lospoliticosveracruz.com\/","logo":{"@type":"ImageObject","inLanguage":"es","@id":"https:\/\/lospoliticosveracruz.com\/#\/schema\/logo\/image\/","url":"https:\/\/lospoliticosveracruz.com\/wp-content\/uploads\/2025\/12\/Logo-Nuevo-LOS-POLITICOS-1.jpg","contentUrl":"https:\/\/lospoliticosveracruz.com\/wp-content\/uploads\/2025\/12\/Logo-Nuevo-LOS-POLITICOS-1.jpg","width":260,"height":70,"caption":"Los pol\u00edticos Veracruz"},"image":{"@id":"https:\/\/lospoliticosveracruz.com\/#\/schema\/logo\/image\/"},"sameAs":["https:\/\/www.facebook.com\/people\/Notimemes-de-los-Polticos\/61565672886568\/","https:\/\/x.com\/LosPoliticosVer"]},{"@type":"Person","@id":"https:\/\/lospoliticosveracruz.com\/#\/schema\/person\/b8702bb0e538456e6efd07080bf2a4a2","name":"Lo viste en Los Pol\u00edticos","image":{"@type":"ImageObject","inLanguage":"es","@id":"https:\/\/secure.gravatar.com\/avatar\/3a8de04a2656d44082be478bd6c086daa447c4651605818287b9532d3d0bd435?s=96&d=mm&r=g","url":"https:\/\/secure.gravatar.com\/avatar\/3a8de04a2656d44082be478bd6c086daa447c4651605818287b9532d3d0bd435?s=96&d=mm&r=g","contentUrl":"https:\/\/secure.gravatar.com\/avatar\/3a8de04a2656d44082be478bd6c086daa447c4651605818287b9532d3d0bd435?s=96&d=mm&r=g","caption":"Lo viste en Los Pol\u00edticos"},"url":"https:\/\/lospoliticosveracruz.com\/?author=2"}]}},"_links":{"self":[{"href":"https:\/\/lospoliticosveracruz.com\/index.php?rest_route=\/wp\/v2\/posts\/49283","targetHints":{"allow":["GET"]}}],"collection":[{"href":"https:\/\/lospoliticosveracruz.com\/index.php?rest_route=\/wp\/v2\/posts"}],"about":[{"href":"https:\/\/lospoliticosveracruz.com\/index.php?rest_route=\/wp\/v2\/types\/post"}],"author":[{"embeddable":true,"href":"https:\/\/lospoliticosveracruz.com\/index.php?rest_route=\/wp\/v2\/users\/2"}],"replies":[{"embeddable":true,"href":"https:\/\/lospoliticosveracruz.com\/index.php?rest_route=%2Fwp%2Fv2%2Fcomments&post=49283"}],"version-history":[{"count":2,"href":"https:\/\/lospoliticosveracruz.com\/index.php?rest_route=\/wp\/v2\/posts\/49283\/revisions"}],"predecessor-version":[{"id":49286,"href":"https:\/\/lospoliticosveracruz.com\/index.php?rest_route=\/wp\/v2\/posts\/49283\/revisions\/49286"}],"wp:featuredmedia":[{"embeddable":true,"href":"https:\/\/lospoliticosveracruz.com\/index.php?rest_route=\/wp\/v2\/media\/49284"}],"wp:attachment":[{"href":"https:\/\/lospoliticosveracruz.com\/index.php?rest_route=%2Fwp%2Fv2%2Fmedia&parent=49283"}],"wp:term":[{"taxonomy":"category","embeddable":true,"href":"https:\/\/lospoliticosveracruz.com\/index.php?rest_route=%2Fwp%2Fv2%2Fcategories&post=49283"},{"taxonomy":"post_tag","embeddable":true,"href":"https:\/\/lospoliticosveracruz.com\/index.php?rest_route=%2Fwp%2Fv2%2Ftags&post=49283"}],"curies":[{"name":"wp","href":"https:\/\/api.w.org\/{rel}","templated":true}]}}