{"id":49334,"date":"2019-08-28T14:25:45","date_gmt":"2019-08-28T19:25:45","guid":{"rendered":"http:\/\/www.lospoliticosveracruz.com.mx\/?p=49334"},"modified":"2019-08-28T14:25:45","modified_gmt":"2019-08-28T19:25:45","slug":"solicita-ssp-a-fgr-atraer-caso-caballo-blanco","status":"publish","type":"post","link":"https:\/\/lospoliticosveracruz.com\/?p=49334","title":{"rendered":"Solicita SSP a FGR atraer caso Caballo Blanco"},"content":{"rendered":"<p>La Secretar\u00eda de Seguridad P\u00fablica (SSP) solicit\u00f3 a la Fiscal\u00eda General de la Rep\u00fablica (FGR) atraer el caso del atentado al centro nocturno \u201cCaballo Blanco\u201d de Coatzacoalcos, con el prop\u00f3sito de realizar una investigaci\u00f3n exhaustiva bajo el contexto de omisi\u00f3n que hasta el momento se ha tenido por parte del \u00f3rgano procurador de justicia en la entidad.<\/p>\n<p>En la petici\u00f3n registrada por el titular de la dependencia, Hugo Guti\u00e9rrez Maldonado, se advierte que el hecho ocurrido este martes no es aislado, pues desde el pasado mes de julio se hab\u00edan suscitado cuatro ataques a establecimientos en la misma ciudad, con incendios perpetrados por personas desconocidas.<\/p>\n<p>Cabe recordar que, el 16 de julio, el bar \u201cLa Catrina\u201d, ubicado en la calle Hidalgo esquina con Matamoros, de la colonia Benito Ju\u00e1rez, fue incendiado por presuntos sujetos armados; el d\u00eda 18 se registraron dos atentados, uno en el negocio \u201cCocinas Integrales Williams\u201d y otro en el lote de autos \u201cNuevo Milenio\u201d, donde delincuentes incendiaron un veh\u00edculo; posteriormente, el d\u00eda 23, fue atacado el bar \u201cLos Mangos\u201d, ubicado en la calle John Spark, esquina Aldama y Galeana.<\/p>\n<p>La SSP lamenta que frente a la gravedad de los hechos ocurridos tan solo en un mes en la ciudad, la Fiscal\u00eda General del Estado (FGE) se haya mantenido al margen de la investigaci\u00f3n correspondiente, lo cual evidencia una omisi\u00f3n institucional.<\/p>\n<p>Finalmente, pone a disposici\u00f3n de las autoridades federales y estatales toda la informaci\u00f3n relacionada con dichos eventos, para coadyuvar en su esclarecimiento y garantizar la verdad y justicia a las v\u00edctimas.<\/p>\n","protected":false},"excerpt":{"rendered":"<p>La Secretar\u00eda de Seguridad P\u00fablica (SSP) solicit\u00f3 a la Fiscal\u00eda General de la Rep\u00fablica (FGR) atraer el caso del atentado al centro nocturno \u201cCaballo Blanco\u201d de Coatzacoalcos, con el prop\u00f3sito de realizar una investigaci\u00f3n exhaustiva bajo el contexto de omisi\u00f3n que hasta el momento se ha tenido por parte del \u00f3rgano procurador de justicia en [&hellip;]<\/p>\n","protected":false},"author":2,"featured_media":49335,"comment_status":"open","ping_status":"open","sticky":false,"template":"","format":"standard","meta":{"tdm_status":"","tdm_grid_status":"","footnotes":""},"categories":[73],"tags":[9724,371,15122,13146,13303,10013,15124,15123,177],"class_list":{"0":"post-49334","1":"post","2":"type-post","3":"status-publish","4":"format-standard","5":"has-post-thumbnail","7":"category-de-boleto","8":"tag-caballo-blanco","9":"tag-coatzacoalcos","10":"tag-cocinas-integrales-williams","11":"tag-fiscalia-general-de-la-republica","12":"tag-hugo-gutierrez-maldonado","13":"tag-la-catrina","14":"tag-los-mangos","15":"tag-nuevo-milenio","16":"tag-seguridad-publica"},"yoast_head":"<!-- This site is optimized with the Yoast SEO plugin v27.4 - https:\/\/yoast.com\/product\/yoast-seo-wordpress\/ -->\n<title>Solicita SSP a FGR atraer caso Caballo Blanco - Los pol\u00edticos Veracruz<\/title>\n<meta name=\"robots\" content=\"index, follow, max-snippet:-1, max-image-preview:large, max-video-preview:-1\" \/>\n<link rel=\"canonical\" href=\"https:\/\/lospoliticosveracruz.com\/?p=49334\" \/>\n<meta property=\"og:locale\" content=\"es_ES\" \/>\n<meta property=\"og:type\" content=\"article\" \/>\n<meta property=\"og:title\" content=\"Solicita SSP a FGR atraer caso Caballo Blanco - Los pol\u00edticos Veracruz\" \/>\n<meta property=\"og:description\" content=\"La Secretar\u00eda de Seguridad P\u00fablica (SSP) solicit\u00f3 a la Fiscal\u00eda General de la Rep\u00fablica (FGR) atraer el caso del atentado al centro nocturno \u201cCaballo Blanco\u201d de Coatzacoalcos, con el prop\u00f3sito de realizar una investigaci\u00f3n exhaustiva bajo el contexto de omisi\u00f3n que hasta el momento se ha tenido por parte del \u00f3rgano procurador de justicia en [&hellip;]\" \/>\n<meta property=\"og:url\" content=\"https:\/\/lospoliticosveracruz.com\/?p=49334\" \/>\n<meta property=\"og:site_name\" content=\"Los pol\u00edticos Veracruz\" \/>\n<meta property=\"article:publisher\" content=\"https:\/\/www.facebook.com\/people\/Notimemes-de-los-Polticos\/61565672886568\/\" \/>\n<meta property=\"article:published_time\" content=\"2019-08-28T19:25:45+00:00\" \/>\n<meta property=\"og:image\" content=\"https:\/\/lospoliticosveracruz.com\/wp-content\/uploads\/2019\/08\/SSP1.jpeg\" \/>\n\t<meta property=\"og:image:width\" content=\"600\" \/>\n\t<meta property=\"og:image:height\" content=\"328\" \/>\n\t<meta property=\"og:image:type\" content=\"image\/jpeg\" \/>\n<meta name=\"author\" content=\"Lo viste en Los Pol\u00edticos\" \/>\n<meta name=\"twitter:card\" content=\"summary_large_image\" \/>\n<meta name=\"twitter:creator\" content=\"@LosPoliticosVer\" \/>\n<meta name=\"twitter:site\" content=\"@LosPoliticosVer\" \/>\n<meta name=\"twitter:label1\" content=\"Escrito por\" \/>\n\t<meta name=\"twitter:data1\" content=\"Lo viste en Los Pol\u00edticos\" \/>\n\t<meta name=\"twitter:label2\" content=\"Tiempo de lectura\" \/>\n\t<meta name=\"twitter:data2\" content=\"1 minuto\" \/>\n<script type=\"application\/ld+json\" class=\"yoast-schema-graph\">{\"@context\":\"https:\\\/\\\/schema.org\",\"@graph\":[{\"@type\":\"Article\",\"@id\":\"https:\\\/\\\/lospoliticosveracruz.com\\\/?p=49334#article\",\"isPartOf\":{\"@id\":\"https:\\\/\\\/lospoliticosveracruz.com\\\/?p=49334\"},\"author\":{\"name\":\"Lo viste en Los Pol\u00edticos\",\"@id\":\"https:\\\/\\\/lospoliticosveracruz.com\\\/#\\\/schema\\\/person\\\/b8702bb0e538456e6efd07080bf2a4a2\"},\"headline\":\"Solicita SSP a FGR atraer caso Caballo Blanco\",\"datePublished\":\"2019-08-28T19:25:45+00:00\",\"mainEntityOfPage\":{\"@id\":\"https:\\\/\\\/lospoliticosveracruz.com\\\/?p=49334\"},\"wordCount\":280,\"commentCount\":0,\"publisher\":{\"@id\":\"https:\\\/\\\/lospoliticosveracruz.com\\\/#organization\"},\"image\":{\"@id\":\"https:\\\/\\\/lospoliticosveracruz.com\\\/?p=49334#primaryimage\"},\"thumbnailUrl\":\"https:\\\/\\\/lospoliticosveracruz.com\\\/wp-content\\\/uploads\\\/2019\\\/08\\\/SSP1.jpeg\",\"keywords\":[\"Caballo blanco\",\"Coatzacoalcos\",\"Cocinas Integrales Williams\",\"Fiscal\u00eda General de la Rep\u00fablica\",\"Hugo Guti\u00e9rrez Maldonado\",\"La Catrina\",\"Los Mangos\",\"Nuevo Milenio\",\"Seguridad P\u00fablica\"],\"articleSection\":[\"De Boleto\"],\"inLanguage\":\"es\",\"potentialAction\":[{\"@type\":\"CommentAction\",\"name\":\"Comment\",\"target\":[\"https:\\\/\\\/lospoliticosveracruz.com\\\/?p=49334#respond\"]}]},{\"@type\":\"WebPage\",\"@id\":\"https:\\\/\\\/lospoliticosveracruz.com\\\/?p=49334\",\"url\":\"https:\\\/\\\/lospoliticosveracruz.com\\\/?p=49334\",\"name\":\"Solicita SSP a FGR atraer caso Caballo Blanco - Los pol\u00edticos Veracruz\",\"isPartOf\":{\"@id\":\"https:\\\/\\\/lospoliticosveracruz.com\\\/#website\"},\"primaryImageOfPage\":{\"@id\":\"https:\\\/\\\/lospoliticosveracruz.com\\\/?p=49334#primaryimage\"},\"image\":{\"@id\":\"https:\\\/\\\/lospoliticosveracruz.com\\\/?p=49334#primaryimage\"},\"thumbnailUrl\":\"https:\\\/\\\/lospoliticosveracruz.com\\\/wp-content\\\/uploads\\\/2019\\\/08\\\/SSP1.jpeg\",\"datePublished\":\"2019-08-28T19:25:45+00:00\",\"breadcrumb\":{\"@id\":\"https:\\\/\\\/lospoliticosveracruz.com\\\/?p=49334#breadcrumb\"},\"inLanguage\":\"es\",\"potentialAction\":[{\"@type\":\"ReadAction\",\"target\":[\"https:\\\/\\\/lospoliticosveracruz.com\\\/?p=49334\"]}]},{\"@type\":\"ImageObject\",\"inLanguage\":\"es\",\"@id\":\"https:\\\/\\\/lospoliticosveracruz.com\\\/?p=49334#primaryimage\",\"url\":\"https:\\\/\\\/lospoliticosveracruz.com\\\/wp-content\\\/uploads\\\/2019\\\/08\\\/SSP1.jpeg\",\"contentUrl\":\"https:\\\/\\\/lospoliticosveracruz.com\\\/wp-content\\\/uploads\\\/2019\\\/08\\\/SSP1.jpeg\",\"width\":600,\"height\":328},{\"@type\":\"BreadcrumbList\",\"@id\":\"https:\\\/\\\/lospoliticosveracruz.com\\\/?p=49334#breadcrumb\",\"itemListElement\":[{\"@type\":\"ListItem\",\"position\":1,\"name\":\"Portada\",\"item\":\"https:\\\/\\\/lospoliticosveracruz.com\\\/\"},{\"@type\":\"ListItem\",\"position\":2,\"name\":\"Solicita SSP a FGR atraer caso Caballo Blanco\"}]},{\"@type\":\"WebSite\",\"@id\":\"https:\\\/\\\/lospoliticosveracruz.com\\\/#website\",\"url\":\"https:\\\/\\\/lospoliticosveracruz.com\\\/\",\"name\":\"Los pol\u00edticos Veracruz\",\"description\":\"\",\"publisher\":{\"@id\":\"https:\\\/\\\/lospoliticosveracruz.com\\\/#organization\"},\"potentialAction\":[{\"@type\":\"SearchAction\",\"target\":{\"@type\":\"EntryPoint\",\"urlTemplate\":\"https:\\\/\\\/lospoliticosveracruz.com\\\/?s={search_term_string}\"},\"query-input\":{\"@type\":\"PropertyValueSpecification\",\"valueRequired\":true,\"valueName\":\"search_term_string\"}}],\"inLanguage\":\"es\"},{\"@type\":\"Organization\",\"@id\":\"https:\\\/\\\/lospoliticosveracruz.com\\\/#organization\",\"name\":\"Los pol\u00edticos Veracruz\",\"url\":\"https:\\\/\\\/lospoliticosveracruz.com\\\/\",\"logo\":{\"@type\":\"ImageObject\",\"inLanguage\":\"es\",\"@id\":\"https:\\\/\\\/lospoliticosveracruz.com\\\/#\\\/schema\\\/logo\\\/image\\\/\",\"url\":\"https:\\\/\\\/lospoliticosveracruz.com\\\/wp-content\\\/uploads\\\/2025\\\/12\\\/Logo-Nuevo-LOS-POLITICOS-1.jpg\",\"contentUrl\":\"https:\\\/\\\/lospoliticosveracruz.com\\\/wp-content\\\/uploads\\\/2025\\\/12\\\/Logo-Nuevo-LOS-POLITICOS-1.jpg\",\"width\":260,\"height\":70,\"caption\":\"Los pol\u00edticos Veracruz\"},\"image\":{\"@id\":\"https:\\\/\\\/lospoliticosveracruz.com\\\/#\\\/schema\\\/logo\\\/image\\\/\"},\"sameAs\":[\"https:\\\/\\\/www.facebook.com\\\/people\\\/Notimemes-de-los-Polticos\\\/61565672886568\\\/\",\"https:\\\/\\\/x.com\\\/LosPoliticosVer\"]},{\"@type\":\"Person\",\"@id\":\"https:\\\/\\\/lospoliticosveracruz.com\\\/#\\\/schema\\\/person\\\/b8702bb0e538456e6efd07080bf2a4a2\",\"name\":\"Lo viste en Los Pol\u00edticos\",\"image\":{\"@type\":\"ImageObject\",\"inLanguage\":\"es\",\"@id\":\"https:\\\/\\\/secure.gravatar.com\\\/avatar\\\/3a8de04a2656d44082be478bd6c086daa447c4651605818287b9532d3d0bd435?s=96&d=mm&r=g\",\"url\":\"https:\\\/\\\/secure.gravatar.com\\\/avatar\\\/3a8de04a2656d44082be478bd6c086daa447c4651605818287b9532d3d0bd435?s=96&d=mm&r=g\",\"contentUrl\":\"https:\\\/\\\/secure.gravatar.com\\\/avatar\\\/3a8de04a2656d44082be478bd6c086daa447c4651605818287b9532d3d0bd435?s=96&d=mm&r=g\",\"caption\":\"Lo viste en Los Pol\u00edticos\"},\"url\":\"https:\\\/\\\/lospoliticosveracruz.com\\\/?author=2\"}]}<\/script>\n<!-- \/ Yoast SEO plugin. -->","yoast_head_json":{"title":"Solicita SSP a FGR atraer caso Caballo Blanco - Los pol\u00edticos Veracruz","robots":{"index":"index","follow":"follow","max-snippet":"max-snippet:-1","max-image-preview":"max-image-preview:large","max-video-preview":"max-video-preview:-1"},"canonical":"https:\/\/lospoliticosveracruz.com\/?p=49334","og_locale":"es_ES","og_type":"article","og_title":"Solicita SSP a FGR atraer caso Caballo Blanco - Los pol\u00edticos Veracruz","og_description":"La Secretar\u00eda de Seguridad P\u00fablica (SSP) solicit\u00f3 a la Fiscal\u00eda General de la Rep\u00fablica (FGR) atraer el caso del atentado al centro nocturno \u201cCaballo Blanco\u201d de Coatzacoalcos, con el prop\u00f3sito de realizar una investigaci\u00f3n exhaustiva bajo el contexto de omisi\u00f3n que hasta el momento se ha tenido por parte del \u00f3rgano procurador de justicia en [&hellip;]","og_url":"https:\/\/lospoliticosveracruz.com\/?p=49334","og_site_name":"Los pol\u00edticos Veracruz","article_publisher":"https:\/\/www.facebook.com\/people\/Notimemes-de-los-Polticos\/61565672886568\/","article_published_time":"2019-08-28T19:25:45+00:00","og_image":[{"width":600,"height":328,"url":"https:\/\/lospoliticosveracruz.com\/wp-content\/uploads\/2019\/08\/SSP1.jpeg","type":"image\/jpeg"}],"author":"Lo viste en Los Pol\u00edticos","twitter_card":"summary_large_image","twitter_creator":"@LosPoliticosVer","twitter_site":"@LosPoliticosVer","twitter_misc":{"Escrito por":"Lo viste en Los Pol\u00edticos","Tiempo de lectura":"1 minuto"},"schema":{"@context":"https:\/\/schema.org","@graph":[{"@type":"Article","@id":"https:\/\/lospoliticosveracruz.com\/?p=49334#article","isPartOf":{"@id":"https:\/\/lospoliticosveracruz.com\/?p=49334"},"author":{"name":"Lo viste en Los Pol\u00edticos","@id":"https:\/\/lospoliticosveracruz.com\/#\/schema\/person\/b8702bb0e538456e6efd07080bf2a4a2"},"headline":"Solicita SSP a FGR atraer caso Caballo Blanco","datePublished":"2019-08-28T19:25:45+00:00","mainEntityOfPage":{"@id":"https:\/\/lospoliticosveracruz.com\/?p=49334"},"wordCount":280,"commentCount":0,"publisher":{"@id":"https:\/\/lospoliticosveracruz.com\/#organization"},"image":{"@id":"https:\/\/lospoliticosveracruz.com\/?p=49334#primaryimage"},"thumbnailUrl":"https:\/\/lospoliticosveracruz.com\/wp-content\/uploads\/2019\/08\/SSP1.jpeg","keywords":["Caballo blanco","Coatzacoalcos","Cocinas Integrales Williams","Fiscal\u00eda General de la Rep\u00fablica","Hugo Guti\u00e9rrez Maldonado","La Catrina","Los Mangos","Nuevo Milenio","Seguridad P\u00fablica"],"articleSection":["De Boleto"],"inLanguage":"es","potentialAction":[{"@type":"CommentAction","name":"Comment","target":["https:\/\/lospoliticosveracruz.com\/?p=49334#respond"]}]},{"@type":"WebPage","@id":"https:\/\/lospoliticosveracruz.com\/?p=49334","url":"https:\/\/lospoliticosveracruz.com\/?p=49334","name":"Solicita SSP a FGR atraer caso Caballo Blanco - Los pol\u00edticos Veracruz","isPartOf":{"@id":"https:\/\/lospoliticosveracruz.com\/#website"},"primaryImageOfPage":{"@id":"https:\/\/lospoliticosveracruz.com\/?p=49334#primaryimage"},"image":{"@id":"https:\/\/lospoliticosveracruz.com\/?p=49334#primaryimage"},"thumbnailUrl":"https:\/\/lospoliticosveracruz.com\/wp-content\/uploads\/2019\/08\/SSP1.jpeg","datePublished":"2019-08-28T19:25:45+00:00","breadcrumb":{"@id":"https:\/\/lospoliticosveracruz.com\/?p=49334#breadcrumb"},"inLanguage":"es","potentialAction":[{"@type":"ReadAction","target":["https:\/\/lospoliticosveracruz.com\/?p=49334"]}]},{"@type":"ImageObject","inLanguage":"es","@id":"https:\/\/lospoliticosveracruz.com\/?p=49334#primaryimage","url":"https:\/\/lospoliticosveracruz.com\/wp-content\/uploads\/2019\/08\/SSP1.jpeg","contentUrl":"https:\/\/lospoliticosveracruz.com\/wp-content\/uploads\/2019\/08\/SSP1.jpeg","width":600,"height":328},{"@type":"BreadcrumbList","@id":"https:\/\/lospoliticosveracruz.com\/?p=49334#breadcrumb","itemListElement":[{"@type":"ListItem","position":1,"name":"Portada","item":"https:\/\/lospoliticosveracruz.com\/"},{"@type":"ListItem","position":2,"name":"Solicita SSP a FGR atraer caso Caballo Blanco"}]},{"@type":"WebSite","@id":"https:\/\/lospoliticosveracruz.com\/#website","url":"https:\/\/lospoliticosveracruz.com\/","name":"Los pol\u00edticos Veracruz","description":"","publisher":{"@id":"https:\/\/lospoliticosveracruz.com\/#organization"},"potentialAction":[{"@type":"SearchAction","target":{"@type":"EntryPoint","urlTemplate":"https:\/\/lospoliticosveracruz.com\/?s={search_term_string}"},"query-input":{"@type":"PropertyValueSpecification","valueRequired":true,"valueName":"search_term_string"}}],"inLanguage":"es"},{"@type":"Organization","@id":"https:\/\/lospoliticosveracruz.com\/#organization","name":"Los pol\u00edticos Veracruz","url":"https:\/\/lospoliticosveracruz.com\/","logo":{"@type":"ImageObject","inLanguage":"es","@id":"https:\/\/lospoliticosveracruz.com\/#\/schema\/logo\/image\/","url":"https:\/\/lospoliticosveracruz.com\/wp-content\/uploads\/2025\/12\/Logo-Nuevo-LOS-POLITICOS-1.jpg","contentUrl":"https:\/\/lospoliticosveracruz.com\/wp-content\/uploads\/2025\/12\/Logo-Nuevo-LOS-POLITICOS-1.jpg","width":260,"height":70,"caption":"Los pol\u00edticos Veracruz"},"image":{"@id":"https:\/\/lospoliticosveracruz.com\/#\/schema\/logo\/image\/"},"sameAs":["https:\/\/www.facebook.com\/people\/Notimemes-de-los-Polticos\/61565672886568\/","https:\/\/x.com\/LosPoliticosVer"]},{"@type":"Person","@id":"https:\/\/lospoliticosveracruz.com\/#\/schema\/person\/b8702bb0e538456e6efd07080bf2a4a2","name":"Lo viste en Los Pol\u00edticos","image":{"@type":"ImageObject","inLanguage":"es","@id":"https:\/\/secure.gravatar.com\/avatar\/3a8de04a2656d44082be478bd6c086daa447c4651605818287b9532d3d0bd435?s=96&d=mm&r=g","url":"https:\/\/secure.gravatar.com\/avatar\/3a8de04a2656d44082be478bd6c086daa447c4651605818287b9532d3d0bd435?s=96&d=mm&r=g","contentUrl":"https:\/\/secure.gravatar.com\/avatar\/3a8de04a2656d44082be478bd6c086daa447c4651605818287b9532d3d0bd435?s=96&d=mm&r=g","caption":"Lo viste en Los Pol\u00edticos"},"url":"https:\/\/lospoliticosveracruz.com\/?author=2"}]}},"_links":{"self":[{"href":"https:\/\/lospoliticosveracruz.com\/index.php?rest_route=\/wp\/v2\/posts\/49334","targetHints":{"allow":["GET"]}}],"collection":[{"href":"https:\/\/lospoliticosveracruz.com\/index.php?rest_route=\/wp\/v2\/posts"}],"about":[{"href":"https:\/\/lospoliticosveracruz.com\/index.php?rest_route=\/wp\/v2\/types\/post"}],"author":[{"embeddable":true,"href":"https:\/\/lospoliticosveracruz.com\/index.php?rest_route=\/wp\/v2\/users\/2"}],"replies":[{"embeddable":true,"href":"https:\/\/lospoliticosveracruz.com\/index.php?rest_route=%2Fwp%2Fv2%2Fcomments&post=49334"}],"version-history":[{"count":1,"href":"https:\/\/lospoliticosveracruz.com\/index.php?rest_route=\/wp\/v2\/posts\/49334\/revisions"}],"predecessor-version":[{"id":49336,"href":"https:\/\/lospoliticosveracruz.com\/index.php?rest_route=\/wp\/v2\/posts\/49334\/revisions\/49336"}],"wp:featuredmedia":[{"embeddable":true,"href":"https:\/\/lospoliticosveracruz.com\/index.php?rest_route=\/wp\/v2\/media\/49335"}],"wp:attachment":[{"href":"https:\/\/lospoliticosveracruz.com\/index.php?rest_route=%2Fwp%2Fv2%2Fmedia&parent=49334"}],"wp:term":[{"taxonomy":"category","embeddable":true,"href":"https:\/\/lospoliticosveracruz.com\/index.php?rest_route=%2Fwp%2Fv2%2Fcategories&post=49334"},{"taxonomy":"post_tag","embeddable":true,"href":"https:\/\/lospoliticosveracruz.com\/index.php?rest_route=%2Fwp%2Fv2%2Ftags&post=49334"}],"curies":[{"name":"wp","href":"https:\/\/api.w.org\/{rel}","templated":true}]}}