{"id":49356,"date":"2019-08-29T08:44:01","date_gmt":"2019-08-29T13:44:01","guid":{"rendered":"http:\/\/www.lospoliticosveracruz.com.mx\/?p=49356"},"modified":"2019-08-29T08:44:01","modified_gmt":"2019-08-29T13:44:01","slug":"cuitlahuac-insostenible","status":"publish","type":"post","link":"https:\/\/lospoliticosveracruz.com\/?p=49356","title":{"rendered":"Cuitl\u00e1huac, insostenible"},"content":{"rendered":"<p><b>Ricardo Ch\u00faa<\/b><\/p>\n<p><i>Sale\u00a0y Vale<\/i><\/p>\n<p>LA MASACRE&#8230; Despu\u00e9s de los hechos sangrientos del martes por la noche en Coatzacoalcos&#8230; Hay voces muy poderosas en CDMX que aseguran que el Presidente, Andr\u00e8s Manuel L\u00f2pez Obrador, tuvo que soportar su enojo para salir a dar su conferencia \u00abma\u00f1anera\u00bb de ayer mi\u00e9rcoles y cuando se enter\u00f3 que ten\u00eda \u00abotros datos\u00bb (equivocados) de la masacre en Veracruz, donde hasta el momento suman 28 fallecidos en el incendio provocado en el Bar \u00abCaballo Blanco\u00bb, dicen que no pudo ocultar su enojo hacia el gobernador, Cuitl\u00e0huac Garc\u00eca..<\/p>\n<p>Esas mismas fuentes aseguran que esta fue \u00abla gota que derram\u00f3 el vaso\u00bb y que el gobierno de Cuitl\u00e1huac Garc\u00eda es INSOSTENIBLE por el tema de la inseguridad&#8230; Y que tan fuerte era su desencanto ya de la administraci\u00f3n estatal&#8230; Que hasta el mismo puede PROVOCAR LA SALIDA del gobernador (actuando como su \u00abcoraz\u00f3n priista\u00bb lo dicta) y ya no le va interesar si Veracruz lo pierde en una nueva elecci\u00f3n extraordinaria&#8230; \u00abUn favor\u00bb que le pedir\u00eda lo operara la Suprema Corte de Justicia de la Naci\u00f3n por un tema pendiente de desacato&#8230;<\/p>\n<p>Tambi\u00e9n se\u00f1alan, esas -voces poderosas-, que creen que el d\u00eda de hoy&#8230; El mismo L\u00f3pez Obrador estar\u00eda EVALUANDO que si hay una elecci\u00f3n extraordinaria, si ChiquiYunes con el apoy\u00f3 de su pap\u00e1&#8230; Podr\u00eda PACIFICAR m\u00e1s al Estado que el \u00abBendecido\u00bb Cuitl\u00e1huac&#8230; As\u00ed de grave est\u00e1 el tema para AMLO&#8230; Veracruz se le sali\u00f3 del control&#8230; Ya que lo sucedido en Coatzacoalcos adquiri\u00f3 una clasificaci\u00f3n de masacre TERRORISTA&#8230; Y simplemente el Gobernador de MORENA no pudo&#8230; Andr\u00e9s Manuel tendr\u00e1 que buscar otras opciones&#8230;<\/p>\n<p>Tan s\u00f3lo hay que ver que lo sucedido el martes por la noche en el sur de la entidad&#8230; Es la peor masacre del incipiente gobierno de la 4T en M\u00e9xico&#8230; Y ese \u00abhonor\u00bb le toc\u00f3 de nuevo al Veracruz de Cuitl\u00e1huac Garc\u00eda&#8230; Meses despu\u00e9s de la MASACRE en Minatitlan donde fueron 13 personas las asesinadas&#8230;. Ahora van 28 muertos&#8230;. De nada vali\u00f3 los operativos de la Guardia Nacional y la SSP estatal&#8230; La delincuencia le gana terreno al gobierno&#8230; Con todos sus programas de pacificaci\u00f3n&#8230; Simplemente no pueden&#8230; TAN Y M\u00c1S TAN&#8230;<\/p>\n<p>VERACRUZ SANGRIENTO&#8230; Despu\u00e9s de todo lo dicho y escrito desde la noche del martes por los hechos sangrientos en Coatzacoalcos&#8230; Ha quedado claro que el mi\u00e9rcoles ha sido el peor d\u00eda que ha vivido como Gobernador el mismo Cuitl\u00e1huac Garc\u00eda&#8230; Sin datos correctos, exhibi\u00e9ndose en medios de comunicaci\u00f3n nacionales de no tener cifras e informaci\u00f3n confiable&#8230; Ech\u00e1ndole la culpa a Jorge Winckler (como hace siempre) de lo que pas\u00f3 en el sur de la entidad&#8230; Al final se la reviran&#8230; D\u00f3nde qued\u00f3 EL NO MENTIR&#8230;<\/p>\n<p>El mismo Presidente de M\u00e9xico lo desmiente y lo vuelve a exhibir poni\u00e9ndole m\u00e1s que un \u00abtache\u00bb&#8230; La entrevista de Ciro G\u00f2mez Leyva ayer por la ma\u00f1ana fue devastadora para Cuitl\u00e1huac Garc\u00eda&#8230; De para adelante, en el transcurso del d\u00eda, se le fue cayendo en \u00abpedazos\u00bb la estructura con la cual pensaba su gobierno manejar el tema de Coatzacoalcos&#8230; Lo que no se dio cuenta, el gobernador que es el peor acto violento que ha sucedido en este gobierno&#8230; Y ah\u00ed fue donde tuvo que entrar el gobierno federal y la FGR&#8230; Todos fueron rebasados&#8230;<\/p>\n<p>Lleg\u00f3 el momento que se aferr\u00f3 tanto al tema del Fiscal del Estado, de que \u00e9l fue quien dej\u00f3 libre al presunto autor intelectual de esta Masacre, Ricardo Romero Villegas al\u00edas \u00abLa Loca\u00bb&#8230; Pese a que ya la Fiscal\u00eda General de la Rep\u00fablica (FGR) hab\u00eda reconocido que la Marina lo detuvo en las ocasiones pasadas y que lo dejaron libre por falta de pruebas&#8230; Que ya no se sab\u00eda si estaba diciendo eso porque ten\u00eda informaci\u00f3n errada o simplemente le gan\u00f3 la desesperaci\u00f3n porque la sociedad le exig\u00eda resultados y no supo que hacer en ese momento&#8230;<\/p>\n<p>Para el colm\u00f3&#8230; El presunto autor intelectual saca un v\u00eddeo y dice que \u00e9l no fue&#8230; Que ni siquiera estaba en Coaztacoalcos y que tiene tiempo que sali\u00f3 de ese lugar ante amenazas en contra de su vida&#8230; D\u00eda horrible para Garc\u00eda Jim\u00e9nez&#8230; Al final de d\u00eda con estas declaraciones, Cuitl\u00e1huac Garc\u00eda deja hasta exonerando a Winckler y empina a Alejando Gertz Manero y la dependencia federal a su cargo&#8230; Eso le va costar a su gobierno&#8230;. Ya que alguien tiene que pagar los \u00abplatos rotos\u00bb y por lo que se ve, al menos, el Fiscal la libr\u00f3&#8230;<\/p>\n<p>Ya que se ve que el gobernador de Veracruz no ha aprendido que dentro de las funciones de una Fiscal\u00eda estatal no tiene como responsabilidad el investigar a personas ligadas a delincuencia organizada&#8230; Tampoco a personas con portaci\u00f3n ilegal de armas de fuego, menos por tema de drogas incautadas a una persona&#8230;.Por esos delitos es que detienen a \u00abLa Loca\u00bb y esas investigaciones se llevan en curso dentro de la Fiscal\u00eda General de Rep\u00fablica y de ese es responsable, Alejandro Gertz Manero. As\u00ed que \u00bfqui\u00e9n miente?&#8230;<\/p>\n<p>EL OTRO COSTO&#8230; El tema de la inseguiridad y la ingobernabilidad en Veracruz&#8230; Ya s\u00f3lo no afecta al gobierno federal sino tambi\u00e9n al partido en el poder: MORENA&#8230; Y m\u00e1s que en Veracruz son gobierno&#8230; Por eso, las versiones de que el Presidente eval\u00faa si para su proyecto transexenal, pierde m\u00e1s dejando a Cuitlahuac en Veracruz o si deja de perder haci\u00e9ndolo a un lado de su gobierno&#8230;A estas alturas y despu\u00e9s del martes por la noche&#8230; Nada suena ya descabellado&#8230; Ya los Yunes tambi\u00e9n entraron en la pelea&#8230;<\/p>\n<p>Por ello es que tambi\u00e9n quiz\u00e1s no le importe irse a una nueva elecci\u00f3n extraordinaria&#8230; Qu\u00e9 m\u00e1s puede perder, si puede buscar MORENA una persona que cumpla con las expectativas que los actuales dejaron de cumplir&#8230; Finalmente L\u00f3pez Obrador, que es la \u00fanica opini\u00f3n que vale dentro de ese partido, debe saber que el 2021 en Veracruz est\u00e1 perdido electoralmente&#8230; Y de ser as\u00ed para qu\u00e9 dejar\u00eda a un gobernador que le hace m\u00e1s da\u00f1o pol\u00edticamente a su proyecto, m\u00e1s si el problema de inseguridad le va a quedar al que llegue&#8230; Y puede ser de oposici\u00f3n&#8230;<\/p>\n<p>PD&#8230; Y como se ven las cosas en Veracruz.. Va a faltar tinta para que esta historia acabe y los hechos no se repitan&#8230; Ya que dif\u00edcilmente esta confrontaci\u00f3n del gobernador con el Fiscal, va a terminar pronto&#8230; Van a seguir saliendo \u00abchispas\u00bb&#8230; Hay que observar que viene la elecci\u00f3n de qui\u00e9n ser\u00e1 el nuevo titular del ORFIS y los nuevos magistrados del Tribunal Superior de Justicia del Estado&#8230; Que meses..,. Las masacres no se acaban aqu\u00ed&#8230;<\/p>\n","protected":false},"excerpt":{"rendered":"<p>Ricardo Ch\u00faa Sale\u00a0y Vale LA MASACRE&#8230; Despu\u00e9s de los hechos sangrientos del martes por la noche en Coatzacoalcos&#8230; Hay voces muy poderosas en CDMX que aseguran que el Presidente, Andr\u00e8s Manuel L\u00f2pez Obrador, tuvo que soportar su enojo para salir a dar su conferencia \u00abma\u00f1anera\u00bb de ayer mi\u00e9rcoles y cuando se enter\u00f3 que ten\u00eda \u00abotros [&hellip;]<\/p>\n","protected":false},"author":2,"featured_media":0,"comment_status":"open","ping_status":"open","sticky":false,"template":"","format":"standard","meta":{"tdm_status":"","tdm_grid_status":"","footnotes":""},"categories":[70],"tags":[618,371,1563,6150,195],"class_list":{"0":"post-49356","1":"post","2":"type-post","3":"status-publish","4":"format-standard","6":"category-de-opinion","7":"tag-andres-manuel-lopez-obrador","8":"tag-coatzacoalcos","9":"tag-cuitlahuac-garcia-jimenez","10":"tag-jorge-winckler-ortiz","11":"tag-veracruz"},"yoast_head":"<!-- This site is optimized with the Yoast SEO plugin v27.4 - https:\/\/yoast.com\/product\/yoast-seo-wordpress\/ -->\n<title>Cuitl\u00e1huac, insostenible - Los pol\u00edticos Veracruz<\/title>\n<meta name=\"robots\" content=\"index, follow, max-snippet:-1, max-image-preview:large, max-video-preview:-1\" \/>\n<link rel=\"canonical\" href=\"https:\/\/lospoliticosveracruz.com\/?p=49356\" \/>\n<meta property=\"og:locale\" content=\"es_ES\" \/>\n<meta property=\"og:type\" content=\"article\" \/>\n<meta property=\"og:title\" content=\"Cuitl\u00e1huac, insostenible - Los pol\u00edticos Veracruz\" \/>\n<meta property=\"og:description\" content=\"Ricardo Ch\u00faa Sale\u00a0y Vale LA MASACRE&#8230; Despu\u00e9s de los hechos sangrientos del martes por la noche en Coatzacoalcos&#8230; Hay voces muy poderosas en CDMX que aseguran que el Presidente, Andr\u00e8s Manuel L\u00f2pez Obrador, tuvo que soportar su enojo para salir a dar su conferencia \u00abma\u00f1anera\u00bb de ayer mi\u00e9rcoles y cuando se enter\u00f3 que ten\u00eda \u00abotros [&hellip;]\" \/>\n<meta property=\"og:url\" content=\"https:\/\/lospoliticosveracruz.com\/?p=49356\" \/>\n<meta property=\"og:site_name\" content=\"Los pol\u00edticos Veracruz\" \/>\n<meta property=\"article:publisher\" content=\"https:\/\/www.facebook.com\/people\/Notimemes-de-los-Polticos\/61565672886568\/\" \/>\n<meta property=\"article:published_time\" content=\"2019-08-29T13:44:01+00:00\" \/>\n<meta property=\"og:image\" content=\"https:\/\/lospoliticosveracruz.com\/wp-content\/uploads\/2016\/07\/Logo-Dor.jpg\" \/>\n\t<meta property=\"og:image:width\" content=\"200\" \/>\n\t<meta property=\"og:image:height\" content=\"200\" \/>\n\t<meta property=\"og:image:type\" content=\"image\/jpeg\" \/>\n<meta name=\"author\" content=\"Lo viste en Los Pol\u00edticos\" \/>\n<meta name=\"twitter:card\" content=\"summary_large_image\" \/>\n<meta name=\"twitter:creator\" content=\"@LosPoliticosVer\" \/>\n<meta name=\"twitter:site\" content=\"@LosPoliticosVer\" \/>\n<meta name=\"twitter:label1\" content=\"Escrito por\" \/>\n\t<meta name=\"twitter:data1\" content=\"Lo viste en Los Pol\u00edticos\" \/>\n\t<meta name=\"twitter:label2\" content=\"Tiempo de lectura\" \/>\n\t<meta name=\"twitter:data2\" content=\"6 minutos\" \/>\n<script type=\"application\/ld+json\" class=\"yoast-schema-graph\">{\"@context\":\"https:\\\/\\\/schema.org\",\"@graph\":[{\"@type\":\"Article\",\"@id\":\"https:\\\/\\\/lospoliticosveracruz.com\\\/?p=49356#article\",\"isPartOf\":{\"@id\":\"https:\\\/\\\/lospoliticosveracruz.com\\\/?p=49356\"},\"author\":{\"name\":\"Lo viste en Los Pol\u00edticos\",\"@id\":\"https:\\\/\\\/lospoliticosveracruz.com\\\/#\\\/schema\\\/person\\\/b8702bb0e538456e6efd07080bf2a4a2\"},\"headline\":\"Cuitl\u00e1huac, insostenible\",\"datePublished\":\"2019-08-29T13:44:01+00:00\",\"mainEntityOfPage\":{\"@id\":\"https:\\\/\\\/lospoliticosveracruz.com\\\/?p=49356\"},\"wordCount\":1181,\"commentCount\":0,\"publisher\":{\"@id\":\"https:\\\/\\\/lospoliticosveracruz.com\\\/#organization\"},\"keywords\":[\"Andr\u00e9s Manuel L\u00f3pez Obrador\",\"Coatzacoalcos\",\"Cuitl\u00e1huac Garc\u00eda Jim\u00e9nez\",\"Jorge Winckler Ortiz\",\"Veracruz\"],\"articleSection\":[\"De Opini\u00f3n\"],\"inLanguage\":\"es\",\"potentialAction\":[{\"@type\":\"CommentAction\",\"name\":\"Comment\",\"target\":[\"https:\\\/\\\/lospoliticosveracruz.com\\\/?p=49356#respond\"]}]},{\"@type\":\"WebPage\",\"@id\":\"https:\\\/\\\/lospoliticosveracruz.com\\\/?p=49356\",\"url\":\"https:\\\/\\\/lospoliticosveracruz.com\\\/?p=49356\",\"name\":\"Cuitl\u00e1huac, insostenible - Los pol\u00edticos Veracruz\",\"isPartOf\":{\"@id\":\"https:\\\/\\\/lospoliticosveracruz.com\\\/#website\"},\"datePublished\":\"2019-08-29T13:44:01+00:00\",\"breadcrumb\":{\"@id\":\"https:\\\/\\\/lospoliticosveracruz.com\\\/?p=49356#breadcrumb\"},\"inLanguage\":\"es\",\"potentialAction\":[{\"@type\":\"ReadAction\",\"target\":[\"https:\\\/\\\/lospoliticosveracruz.com\\\/?p=49356\"]}]},{\"@type\":\"BreadcrumbList\",\"@id\":\"https:\\\/\\\/lospoliticosveracruz.com\\\/?p=49356#breadcrumb\",\"itemListElement\":[{\"@type\":\"ListItem\",\"position\":1,\"name\":\"Portada\",\"item\":\"https:\\\/\\\/lospoliticosveracruz.com\\\/\"},{\"@type\":\"ListItem\",\"position\":2,\"name\":\"Cuitl\u00e1huac, insostenible\"}]},{\"@type\":\"WebSite\",\"@id\":\"https:\\\/\\\/lospoliticosveracruz.com\\\/#website\",\"url\":\"https:\\\/\\\/lospoliticosveracruz.com\\\/\",\"name\":\"Los pol\u00edticos Veracruz\",\"description\":\"\",\"publisher\":{\"@id\":\"https:\\\/\\\/lospoliticosveracruz.com\\\/#organization\"},\"potentialAction\":[{\"@type\":\"SearchAction\",\"target\":{\"@type\":\"EntryPoint\",\"urlTemplate\":\"https:\\\/\\\/lospoliticosveracruz.com\\\/?s={search_term_string}\"},\"query-input\":{\"@type\":\"PropertyValueSpecification\",\"valueRequired\":true,\"valueName\":\"search_term_string\"}}],\"inLanguage\":\"es\"},{\"@type\":\"Organization\",\"@id\":\"https:\\\/\\\/lospoliticosveracruz.com\\\/#organization\",\"name\":\"Los pol\u00edticos Veracruz\",\"url\":\"https:\\\/\\\/lospoliticosveracruz.com\\\/\",\"logo\":{\"@type\":\"ImageObject\",\"inLanguage\":\"es\",\"@id\":\"https:\\\/\\\/lospoliticosveracruz.com\\\/#\\\/schema\\\/logo\\\/image\\\/\",\"url\":\"https:\\\/\\\/lospoliticosveracruz.com\\\/wp-content\\\/uploads\\\/2025\\\/12\\\/Logo-Nuevo-LOS-POLITICOS-1.jpg\",\"contentUrl\":\"https:\\\/\\\/lospoliticosveracruz.com\\\/wp-content\\\/uploads\\\/2025\\\/12\\\/Logo-Nuevo-LOS-POLITICOS-1.jpg\",\"width\":260,\"height\":70,\"caption\":\"Los pol\u00edticos Veracruz\"},\"image\":{\"@id\":\"https:\\\/\\\/lospoliticosveracruz.com\\\/#\\\/schema\\\/logo\\\/image\\\/\"},\"sameAs\":[\"https:\\\/\\\/www.facebook.com\\\/people\\\/Notimemes-de-los-Polticos\\\/61565672886568\\\/\",\"https:\\\/\\\/x.com\\\/LosPoliticosVer\"]},{\"@type\":\"Person\",\"@id\":\"https:\\\/\\\/lospoliticosveracruz.com\\\/#\\\/schema\\\/person\\\/b8702bb0e538456e6efd07080bf2a4a2\",\"name\":\"Lo viste en Los Pol\u00edticos\",\"image\":{\"@type\":\"ImageObject\",\"inLanguage\":\"es\",\"@id\":\"https:\\\/\\\/secure.gravatar.com\\\/avatar\\\/3a8de04a2656d44082be478bd6c086daa447c4651605818287b9532d3d0bd435?s=96&d=mm&r=g\",\"url\":\"https:\\\/\\\/secure.gravatar.com\\\/avatar\\\/3a8de04a2656d44082be478bd6c086daa447c4651605818287b9532d3d0bd435?s=96&d=mm&r=g\",\"contentUrl\":\"https:\\\/\\\/secure.gravatar.com\\\/avatar\\\/3a8de04a2656d44082be478bd6c086daa447c4651605818287b9532d3d0bd435?s=96&d=mm&r=g\",\"caption\":\"Lo viste en Los Pol\u00edticos\"},\"url\":\"https:\\\/\\\/lospoliticosveracruz.com\\\/?author=2\"}]}<\/script>\n<!-- \/ Yoast SEO plugin. -->","yoast_head_json":{"title":"Cuitl\u00e1huac, insostenible - Los pol\u00edticos Veracruz","robots":{"index":"index","follow":"follow","max-snippet":"max-snippet:-1","max-image-preview":"max-image-preview:large","max-video-preview":"max-video-preview:-1"},"canonical":"https:\/\/lospoliticosveracruz.com\/?p=49356","og_locale":"es_ES","og_type":"article","og_title":"Cuitl\u00e1huac, insostenible - Los pol\u00edticos Veracruz","og_description":"Ricardo Ch\u00faa Sale\u00a0y Vale LA MASACRE&#8230; Despu\u00e9s de los hechos sangrientos del martes por la noche en Coatzacoalcos&#8230; Hay voces muy poderosas en CDMX que aseguran que el Presidente, Andr\u00e8s Manuel L\u00f2pez Obrador, tuvo que soportar su enojo para salir a dar su conferencia \u00abma\u00f1anera\u00bb de ayer mi\u00e9rcoles y cuando se enter\u00f3 que ten\u00eda \u00abotros [&hellip;]","og_url":"https:\/\/lospoliticosveracruz.com\/?p=49356","og_site_name":"Los pol\u00edticos Veracruz","article_publisher":"https:\/\/www.facebook.com\/people\/Notimemes-de-los-Polticos\/61565672886568\/","article_published_time":"2019-08-29T13:44:01+00:00","og_image":[{"width":200,"height":200,"url":"https:\/\/lospoliticosveracruz.com\/wp-content\/uploads\/2016\/07\/Logo-Dor.jpg","type":"image\/jpeg"}],"author":"Lo viste en Los Pol\u00edticos","twitter_card":"summary_large_image","twitter_creator":"@LosPoliticosVer","twitter_site":"@LosPoliticosVer","twitter_misc":{"Escrito por":"Lo viste en Los Pol\u00edticos","Tiempo de lectura":"6 minutos"},"schema":{"@context":"https:\/\/schema.org","@graph":[{"@type":"Article","@id":"https:\/\/lospoliticosveracruz.com\/?p=49356#article","isPartOf":{"@id":"https:\/\/lospoliticosveracruz.com\/?p=49356"},"author":{"name":"Lo viste en Los Pol\u00edticos","@id":"https:\/\/lospoliticosveracruz.com\/#\/schema\/person\/b8702bb0e538456e6efd07080bf2a4a2"},"headline":"Cuitl\u00e1huac, insostenible","datePublished":"2019-08-29T13:44:01+00:00","mainEntityOfPage":{"@id":"https:\/\/lospoliticosveracruz.com\/?p=49356"},"wordCount":1181,"commentCount":0,"publisher":{"@id":"https:\/\/lospoliticosveracruz.com\/#organization"},"keywords":["Andr\u00e9s Manuel L\u00f3pez Obrador","Coatzacoalcos","Cuitl\u00e1huac Garc\u00eda Jim\u00e9nez","Jorge Winckler Ortiz","Veracruz"],"articleSection":["De Opini\u00f3n"],"inLanguage":"es","potentialAction":[{"@type":"CommentAction","name":"Comment","target":["https:\/\/lospoliticosveracruz.com\/?p=49356#respond"]}]},{"@type":"WebPage","@id":"https:\/\/lospoliticosveracruz.com\/?p=49356","url":"https:\/\/lospoliticosveracruz.com\/?p=49356","name":"Cuitl\u00e1huac, insostenible - Los pol\u00edticos Veracruz","isPartOf":{"@id":"https:\/\/lospoliticosveracruz.com\/#website"},"datePublished":"2019-08-29T13:44:01+00:00","breadcrumb":{"@id":"https:\/\/lospoliticosveracruz.com\/?p=49356#breadcrumb"},"inLanguage":"es","potentialAction":[{"@type":"ReadAction","target":["https:\/\/lospoliticosveracruz.com\/?p=49356"]}]},{"@type":"BreadcrumbList","@id":"https:\/\/lospoliticosveracruz.com\/?p=49356#breadcrumb","itemListElement":[{"@type":"ListItem","position":1,"name":"Portada","item":"https:\/\/lospoliticosveracruz.com\/"},{"@type":"ListItem","position":2,"name":"Cuitl\u00e1huac, insostenible"}]},{"@type":"WebSite","@id":"https:\/\/lospoliticosveracruz.com\/#website","url":"https:\/\/lospoliticosveracruz.com\/","name":"Los pol\u00edticos Veracruz","description":"","publisher":{"@id":"https:\/\/lospoliticosveracruz.com\/#organization"},"potentialAction":[{"@type":"SearchAction","target":{"@type":"EntryPoint","urlTemplate":"https:\/\/lospoliticosveracruz.com\/?s={search_term_string}"},"query-input":{"@type":"PropertyValueSpecification","valueRequired":true,"valueName":"search_term_string"}}],"inLanguage":"es"},{"@type":"Organization","@id":"https:\/\/lospoliticosveracruz.com\/#organization","name":"Los pol\u00edticos Veracruz","url":"https:\/\/lospoliticosveracruz.com\/","logo":{"@type":"ImageObject","inLanguage":"es","@id":"https:\/\/lospoliticosveracruz.com\/#\/schema\/logo\/image\/","url":"https:\/\/lospoliticosveracruz.com\/wp-content\/uploads\/2025\/12\/Logo-Nuevo-LOS-POLITICOS-1.jpg","contentUrl":"https:\/\/lospoliticosveracruz.com\/wp-content\/uploads\/2025\/12\/Logo-Nuevo-LOS-POLITICOS-1.jpg","width":260,"height":70,"caption":"Los pol\u00edticos Veracruz"},"image":{"@id":"https:\/\/lospoliticosveracruz.com\/#\/schema\/logo\/image\/"},"sameAs":["https:\/\/www.facebook.com\/people\/Notimemes-de-los-Polticos\/61565672886568\/","https:\/\/x.com\/LosPoliticosVer"]},{"@type":"Person","@id":"https:\/\/lospoliticosveracruz.com\/#\/schema\/person\/b8702bb0e538456e6efd07080bf2a4a2","name":"Lo viste en Los Pol\u00edticos","image":{"@type":"ImageObject","inLanguage":"es","@id":"https:\/\/secure.gravatar.com\/avatar\/3a8de04a2656d44082be478bd6c086daa447c4651605818287b9532d3d0bd435?s=96&d=mm&r=g","url":"https:\/\/secure.gravatar.com\/avatar\/3a8de04a2656d44082be478bd6c086daa447c4651605818287b9532d3d0bd435?s=96&d=mm&r=g","contentUrl":"https:\/\/secure.gravatar.com\/avatar\/3a8de04a2656d44082be478bd6c086daa447c4651605818287b9532d3d0bd435?s=96&d=mm&r=g","caption":"Lo viste en Los Pol\u00edticos"},"url":"https:\/\/lospoliticosveracruz.com\/?author=2"}]}},"_links":{"self":[{"href":"https:\/\/lospoliticosveracruz.com\/index.php?rest_route=\/wp\/v2\/posts\/49356","targetHints":{"allow":["GET"]}}],"collection":[{"href":"https:\/\/lospoliticosveracruz.com\/index.php?rest_route=\/wp\/v2\/posts"}],"about":[{"href":"https:\/\/lospoliticosveracruz.com\/index.php?rest_route=\/wp\/v2\/types\/post"}],"author":[{"embeddable":true,"href":"https:\/\/lospoliticosveracruz.com\/index.php?rest_route=\/wp\/v2\/users\/2"}],"replies":[{"embeddable":true,"href":"https:\/\/lospoliticosveracruz.com\/index.php?rest_route=%2Fwp%2Fv2%2Fcomments&post=49356"}],"version-history":[{"count":1,"href":"https:\/\/lospoliticosveracruz.com\/index.php?rest_route=\/wp\/v2\/posts\/49356\/revisions"}],"predecessor-version":[{"id":49357,"href":"https:\/\/lospoliticosveracruz.com\/index.php?rest_route=\/wp\/v2\/posts\/49356\/revisions\/49357"}],"wp:attachment":[{"href":"https:\/\/lospoliticosveracruz.com\/index.php?rest_route=%2Fwp%2Fv2%2Fmedia&parent=49356"}],"wp:term":[{"taxonomy":"category","embeddable":true,"href":"https:\/\/lospoliticosveracruz.com\/index.php?rest_route=%2Fwp%2Fv2%2Fcategories&post=49356"},{"taxonomy":"post_tag","embeddable":true,"href":"https:\/\/lospoliticosveracruz.com\/index.php?rest_route=%2Fwp%2Fv2%2Ftags&post=49356"}],"curies":[{"name":"wp","href":"https:\/\/api.w.org\/{rel}","templated":true}]}}