{"id":49358,"date":"2019-08-29T11:07:53","date_gmt":"2019-08-29T16:07:53","guid":{"rendered":"http:\/\/www.lospoliticosveracruz.com.mx\/?p=49358"},"modified":"2019-08-29T11:07:53","modified_gmt":"2019-08-29T16:07:53","slug":"las-denuncias-en-el-seguro-popular-de-veracruz","status":"publish","type":"post","link":"https:\/\/lospoliticosveracruz.com\/?p=49358","title":{"rendered":"Las denuncias en el seguro popular de Veracruz"},"content":{"rendered":"<p><strong>Luis Alberto Romero<\/strong><\/p>\n<p><em>Hora Cero<\/em><\/p>\n<p>Poco se dio a conocer el tema, pero ante la Fiscal\u00eda General del Estado fueron denunciados dos sujetos que trabajan en el R\u00e9gimen Veracruzano de Protecci\u00f3n Social en Salud, dependencia a la que se conoce simplemente como seguro popular.<\/p>\n<p>Lo que resulta poco com\u00fan es que dicha denuncia fue presentada por el propio \u00f3rgano interno de control, as\u00ed como por la direcci\u00f3n del \u00e1rea jur\u00eddica, cuyos titulares acudieron a la instancia de procuraci\u00f3n de justicia para exponer un tema que podr\u00eda calificarse como compra-venta de plazas por parte de dos trabajadores de la dependencia.<\/p>\n<p>El hecho ocurri\u00f3 en mayo pasado: una trabajadora de dicho Organismo P\u00fablico Descentralizado, expuso que dos servidores p\u00fablicos le solicitaron a trabajadores de los m\u00f3dulos de la zona sur de Veracruz dinero a cambio del siguiente contrato.<\/p>\n<p>No se trata de personal de base, sino de trabajadores que son recontratados cada a\u00f1o.<\/p>\n<p>Se infiere que a cambio del siguiente contrato, funcionarios del R\u00e9gimen Veracruzano de Protecci\u00f3n Social en Salud ped\u00edan una quincena, a lo que los afectados ced\u00edan por temor a perder sus fuentes de empleo.<\/p>\n<p>Al recibir la denuncia, el titular del \u00f3rgano interno de control pidi\u00f3 instrucciones a la contralora General del Estado, quien le habr\u00eda dado luz verde para proceder; es decir, separa del cargo a los dos funcionarios se\u00f1alados.<\/p>\n<p>En la investigaci\u00f3n realizada por parte del \u00d3rgano Interno de Control se concluy\u00f3 que adem\u00e1s de convertir el se\u00f1alamiento en denuncia de hechos ante la Fiscal\u00eda, se deb\u00eda turnar el expediente al \u00d3rgano Interno de Control de la Secretar\u00eda de Desarrollo Social, instancia competente para continuar con el desarrollo de la investigaci\u00f3n.<\/p>\n<p>De acuerdo con testimonios de algunos funcionarios de la OPD, la persona denunciada trabaja dentro del sfaff del titular de la Sedesol, Guillermo Fern\u00e1ndez S\u00e1nchez; incluso, habr\u00eda acudido a las reuniones de la CGE en representaci\u00f3n de la Secretar\u00eda, lo que habla de una relativa cercan\u00eda con el responsable de los programas sociales en Veracruz.<\/p>\n<p>Se ignora si el secretario de Desarrollo Social estaba al tanto de las denuncias contra sus colaboradores; si es as\u00ed, malo; pero si no lo es, peor porque quedar\u00eda en evidencia como un funcionario que no est\u00e1 al tanto de lo que ocurre en su dependencia.<\/p>\n<p>No se trata de un tema escandaloso por los montos que se manejan; al contrario, es un asunto muy menor porque el probable responsable de esta irregularidad, condicionar las plazas, habr\u00eda cobrado una quincena por contrato autorizado.<\/p>\n<p>Si son dos o tres los quejosos, hablar\u00edamos de que el se\u00f1alado habr\u00eda cobrado quince o veinte mil pesos a cambio de tres o cuatro contratos anuales; es muy poco dinero si se compara con los cientos de millones de pesos que maneja la dependencia; sin embargo, resulta importante que desde la Contralor\u00eda se alienten este tipo de denuncias, a efecto de dejar claro que no hay, en este gobierno estatal, tolerancia contra pr\u00e1cticas de corrupci\u00f3n, por peque\u00f1as que sean.<\/p>\n<p>Habr\u00e1 que ver en qu\u00e9 termina esta investigaci\u00f3n y, sobre todo, si m\u00e1s trabajadores eventuales se animan a denunciar pr\u00e1cticas similares en otras dependencias. @luisromero85<\/p>\n","protected":false},"excerpt":{"rendered":"<p>Luis Alberto Romero Hora Cero Poco se dio a conocer el tema, pero ante la Fiscal\u00eda General del Estado fueron denunciados dos sujetos que trabajan en el R\u00e9gimen Veracruzano de Protecci\u00f3n Social en Salud, dependencia a la que se conoce simplemente como seguro popular. Lo que resulta poco com\u00fan es que dicha denuncia fue presentada [&hellip;]<\/p>\n","protected":false},"author":2,"featured_media":49359,"comment_status":"open","ping_status":"open","sticky":false,"template":"","format":"standard","meta":{"tdm_status":"","tdm_grid_status":"","footnotes":""},"categories":[70],"tags":[4116,15116,4592,715,1969,195],"class_list":{"0":"post-49358","1":"post","2":"type-post","3":"status-publish","4":"format-standard","5":"has-post-thumbnail","7":"category-de-opinion","8":"tag-fiscalia-general-del-estado","9":"tag-guillermo-fernandez-sanchez","10":"tag-plazas","11":"tag-sedesol","12":"tag-seguro-popular","13":"tag-veracruz"},"yoast_head":"<!-- This site is optimized with the Yoast SEO plugin v27.4 - https:\/\/yoast.com\/product\/yoast-seo-wordpress\/ -->\n<title>Las denuncias en el seguro popular de Veracruz - Los pol\u00edticos Veracruz<\/title>\n<meta name=\"robots\" content=\"index, follow, max-snippet:-1, max-image-preview:large, max-video-preview:-1\" \/>\n<link rel=\"canonical\" href=\"https:\/\/lospoliticosveracruz.com\/?p=49358\" \/>\n<meta property=\"og:locale\" content=\"es_ES\" \/>\n<meta property=\"og:type\" content=\"article\" \/>\n<meta property=\"og:title\" content=\"Las denuncias en el seguro popular de Veracruz - Los pol\u00edticos Veracruz\" \/>\n<meta property=\"og:description\" content=\"Luis Alberto Romero Hora Cero Poco se dio a conocer el tema, pero ante la Fiscal\u00eda General del Estado fueron denunciados dos sujetos que trabajan en el R\u00e9gimen Veracruzano de Protecci\u00f3n Social en Salud, dependencia a la que se conoce simplemente como seguro popular. Lo que resulta poco com\u00fan es que dicha denuncia fue presentada [&hellip;]\" \/>\n<meta property=\"og:url\" content=\"https:\/\/lospoliticosveracruz.com\/?p=49358\" \/>\n<meta property=\"og:site_name\" content=\"Los pol\u00edticos Veracruz\" \/>\n<meta property=\"article:publisher\" content=\"https:\/\/www.facebook.com\/people\/Notimemes-de-los-Polticos\/61565672886568\/\" \/>\n<meta property=\"article:published_time\" content=\"2019-08-29T16:07:53+00:00\" \/>\n<meta property=\"og:image\" content=\"https:\/\/lospoliticosveracruz.com\/wp-content\/uploads\/2019\/08\/Sedesol.jpg\" \/>\n\t<meta property=\"og:image:width\" content=\"600\" \/>\n\t<meta property=\"og:image:height\" content=\"391\" \/>\n\t<meta property=\"og:image:type\" content=\"image\/jpeg\" \/>\n<meta name=\"author\" content=\"Lo viste en Los Pol\u00edticos\" \/>\n<meta name=\"twitter:card\" content=\"summary_large_image\" \/>\n<meta name=\"twitter:creator\" content=\"@LosPoliticosVer\" \/>\n<meta name=\"twitter:site\" content=\"@LosPoliticosVer\" \/>\n<meta name=\"twitter:label1\" content=\"Escrito por\" \/>\n\t<meta name=\"twitter:data1\" content=\"Lo viste en Los Pol\u00edticos\" \/>\n\t<meta name=\"twitter:label2\" content=\"Tiempo de lectura\" \/>\n\t<meta name=\"twitter:data2\" content=\"3 minutos\" \/>\n<script type=\"application\/ld+json\" class=\"yoast-schema-graph\">{\"@context\":\"https:\\\/\\\/schema.org\",\"@graph\":[{\"@type\":\"Article\",\"@id\":\"https:\\\/\\\/lospoliticosveracruz.com\\\/?p=49358#article\",\"isPartOf\":{\"@id\":\"https:\\\/\\\/lospoliticosveracruz.com\\\/?p=49358\"},\"author\":{\"name\":\"Lo viste en Los Pol\u00edticos\",\"@id\":\"https:\\\/\\\/lospoliticosveracruz.com\\\/#\\\/schema\\\/person\\\/b8702bb0e538456e6efd07080bf2a4a2\"},\"headline\":\"Las denuncias en el seguro popular de Veracruz\",\"datePublished\":\"2019-08-29T16:07:53+00:00\",\"mainEntityOfPage\":{\"@id\":\"https:\\\/\\\/lospoliticosveracruz.com\\\/?p=49358\"},\"wordCount\":568,\"commentCount\":0,\"publisher\":{\"@id\":\"https:\\\/\\\/lospoliticosveracruz.com\\\/#organization\"},\"image\":{\"@id\":\"https:\\\/\\\/lospoliticosveracruz.com\\\/?p=49358#primaryimage\"},\"thumbnailUrl\":\"https:\\\/\\\/lospoliticosveracruz.com\\\/wp-content\\\/uploads\\\/2019\\\/08\\\/Sedesol.jpg\",\"keywords\":[\"Fiscal\u00eda General del Estado\",\"Guillermo Fern\u00e1ndez S\u00e1nchez\",\"plazas\",\"Sedesol\",\"Seguro Popular\",\"Veracruz\"],\"articleSection\":[\"De Opini\u00f3n\"],\"inLanguage\":\"es\",\"potentialAction\":[{\"@type\":\"CommentAction\",\"name\":\"Comment\",\"target\":[\"https:\\\/\\\/lospoliticosveracruz.com\\\/?p=49358#respond\"]}]},{\"@type\":\"WebPage\",\"@id\":\"https:\\\/\\\/lospoliticosveracruz.com\\\/?p=49358\",\"url\":\"https:\\\/\\\/lospoliticosveracruz.com\\\/?p=49358\",\"name\":\"Las denuncias en el seguro popular de Veracruz - Los pol\u00edticos Veracruz\",\"isPartOf\":{\"@id\":\"https:\\\/\\\/lospoliticosveracruz.com\\\/#website\"},\"primaryImageOfPage\":{\"@id\":\"https:\\\/\\\/lospoliticosveracruz.com\\\/?p=49358#primaryimage\"},\"image\":{\"@id\":\"https:\\\/\\\/lospoliticosveracruz.com\\\/?p=49358#primaryimage\"},\"thumbnailUrl\":\"https:\\\/\\\/lospoliticosveracruz.com\\\/wp-content\\\/uploads\\\/2019\\\/08\\\/Sedesol.jpg\",\"datePublished\":\"2019-08-29T16:07:53+00:00\",\"breadcrumb\":{\"@id\":\"https:\\\/\\\/lospoliticosveracruz.com\\\/?p=49358#breadcrumb\"},\"inLanguage\":\"es\",\"potentialAction\":[{\"@type\":\"ReadAction\",\"target\":[\"https:\\\/\\\/lospoliticosveracruz.com\\\/?p=49358\"]}]},{\"@type\":\"ImageObject\",\"inLanguage\":\"es\",\"@id\":\"https:\\\/\\\/lospoliticosveracruz.com\\\/?p=49358#primaryimage\",\"url\":\"https:\\\/\\\/lospoliticosveracruz.com\\\/wp-content\\\/uploads\\\/2019\\\/08\\\/Sedesol.jpg\",\"contentUrl\":\"https:\\\/\\\/lospoliticosveracruz.com\\\/wp-content\\\/uploads\\\/2019\\\/08\\\/Sedesol.jpg\",\"width\":600,\"height\":391},{\"@type\":\"BreadcrumbList\",\"@id\":\"https:\\\/\\\/lospoliticosveracruz.com\\\/?p=49358#breadcrumb\",\"itemListElement\":[{\"@type\":\"ListItem\",\"position\":1,\"name\":\"Portada\",\"item\":\"https:\\\/\\\/lospoliticosveracruz.com\\\/\"},{\"@type\":\"ListItem\",\"position\":2,\"name\":\"Las denuncias en el seguro popular de Veracruz\"}]},{\"@type\":\"WebSite\",\"@id\":\"https:\\\/\\\/lospoliticosveracruz.com\\\/#website\",\"url\":\"https:\\\/\\\/lospoliticosveracruz.com\\\/\",\"name\":\"Los pol\u00edticos Veracruz\",\"description\":\"\",\"publisher\":{\"@id\":\"https:\\\/\\\/lospoliticosveracruz.com\\\/#organization\"},\"potentialAction\":[{\"@type\":\"SearchAction\",\"target\":{\"@type\":\"EntryPoint\",\"urlTemplate\":\"https:\\\/\\\/lospoliticosveracruz.com\\\/?s={search_term_string}\"},\"query-input\":{\"@type\":\"PropertyValueSpecification\",\"valueRequired\":true,\"valueName\":\"search_term_string\"}}],\"inLanguage\":\"es\"},{\"@type\":\"Organization\",\"@id\":\"https:\\\/\\\/lospoliticosveracruz.com\\\/#organization\",\"name\":\"Los pol\u00edticos Veracruz\",\"url\":\"https:\\\/\\\/lospoliticosveracruz.com\\\/\",\"logo\":{\"@type\":\"ImageObject\",\"inLanguage\":\"es\",\"@id\":\"https:\\\/\\\/lospoliticosveracruz.com\\\/#\\\/schema\\\/logo\\\/image\\\/\",\"url\":\"https:\\\/\\\/lospoliticosveracruz.com\\\/wp-content\\\/uploads\\\/2025\\\/12\\\/Logo-Nuevo-LOS-POLITICOS-1.jpg\",\"contentUrl\":\"https:\\\/\\\/lospoliticosveracruz.com\\\/wp-content\\\/uploads\\\/2025\\\/12\\\/Logo-Nuevo-LOS-POLITICOS-1.jpg\",\"width\":260,\"height\":70,\"caption\":\"Los pol\u00edticos Veracruz\"},\"image\":{\"@id\":\"https:\\\/\\\/lospoliticosveracruz.com\\\/#\\\/schema\\\/logo\\\/image\\\/\"},\"sameAs\":[\"https:\\\/\\\/www.facebook.com\\\/people\\\/Notimemes-de-los-Polticos\\\/61565672886568\\\/\",\"https:\\\/\\\/x.com\\\/LosPoliticosVer\"]},{\"@type\":\"Person\",\"@id\":\"https:\\\/\\\/lospoliticosveracruz.com\\\/#\\\/schema\\\/person\\\/b8702bb0e538456e6efd07080bf2a4a2\",\"name\":\"Lo viste en Los Pol\u00edticos\",\"image\":{\"@type\":\"ImageObject\",\"inLanguage\":\"es\",\"@id\":\"https:\\\/\\\/secure.gravatar.com\\\/avatar\\\/3a8de04a2656d44082be478bd6c086daa447c4651605818287b9532d3d0bd435?s=96&d=mm&r=g\",\"url\":\"https:\\\/\\\/secure.gravatar.com\\\/avatar\\\/3a8de04a2656d44082be478bd6c086daa447c4651605818287b9532d3d0bd435?s=96&d=mm&r=g\",\"contentUrl\":\"https:\\\/\\\/secure.gravatar.com\\\/avatar\\\/3a8de04a2656d44082be478bd6c086daa447c4651605818287b9532d3d0bd435?s=96&d=mm&r=g\",\"caption\":\"Lo viste en Los Pol\u00edticos\"},\"url\":\"https:\\\/\\\/lospoliticosveracruz.com\\\/?author=2\"}]}<\/script>\n<!-- \/ Yoast SEO plugin. -->","yoast_head_json":{"title":"Las denuncias en el seguro popular de Veracruz - Los pol\u00edticos Veracruz","robots":{"index":"index","follow":"follow","max-snippet":"max-snippet:-1","max-image-preview":"max-image-preview:large","max-video-preview":"max-video-preview:-1"},"canonical":"https:\/\/lospoliticosveracruz.com\/?p=49358","og_locale":"es_ES","og_type":"article","og_title":"Las denuncias en el seguro popular de Veracruz - Los pol\u00edticos Veracruz","og_description":"Luis Alberto Romero Hora Cero Poco se dio a conocer el tema, pero ante la Fiscal\u00eda General del Estado fueron denunciados dos sujetos que trabajan en el R\u00e9gimen Veracruzano de Protecci\u00f3n Social en Salud, dependencia a la que se conoce simplemente como seguro popular. Lo que resulta poco com\u00fan es que dicha denuncia fue presentada [&hellip;]","og_url":"https:\/\/lospoliticosveracruz.com\/?p=49358","og_site_name":"Los pol\u00edticos Veracruz","article_publisher":"https:\/\/www.facebook.com\/people\/Notimemes-de-los-Polticos\/61565672886568\/","article_published_time":"2019-08-29T16:07:53+00:00","og_image":[{"width":600,"height":391,"url":"https:\/\/lospoliticosveracruz.com\/wp-content\/uploads\/2019\/08\/Sedesol.jpg","type":"image\/jpeg"}],"author":"Lo viste en Los Pol\u00edticos","twitter_card":"summary_large_image","twitter_creator":"@LosPoliticosVer","twitter_site":"@LosPoliticosVer","twitter_misc":{"Escrito por":"Lo viste en Los Pol\u00edticos","Tiempo de lectura":"3 minutos"},"schema":{"@context":"https:\/\/schema.org","@graph":[{"@type":"Article","@id":"https:\/\/lospoliticosveracruz.com\/?p=49358#article","isPartOf":{"@id":"https:\/\/lospoliticosveracruz.com\/?p=49358"},"author":{"name":"Lo viste en Los Pol\u00edticos","@id":"https:\/\/lospoliticosveracruz.com\/#\/schema\/person\/b8702bb0e538456e6efd07080bf2a4a2"},"headline":"Las denuncias en el seguro popular de Veracruz","datePublished":"2019-08-29T16:07:53+00:00","mainEntityOfPage":{"@id":"https:\/\/lospoliticosveracruz.com\/?p=49358"},"wordCount":568,"commentCount":0,"publisher":{"@id":"https:\/\/lospoliticosveracruz.com\/#organization"},"image":{"@id":"https:\/\/lospoliticosveracruz.com\/?p=49358#primaryimage"},"thumbnailUrl":"https:\/\/lospoliticosveracruz.com\/wp-content\/uploads\/2019\/08\/Sedesol.jpg","keywords":["Fiscal\u00eda General del Estado","Guillermo Fern\u00e1ndez S\u00e1nchez","plazas","Sedesol","Seguro Popular","Veracruz"],"articleSection":["De Opini\u00f3n"],"inLanguage":"es","potentialAction":[{"@type":"CommentAction","name":"Comment","target":["https:\/\/lospoliticosveracruz.com\/?p=49358#respond"]}]},{"@type":"WebPage","@id":"https:\/\/lospoliticosveracruz.com\/?p=49358","url":"https:\/\/lospoliticosveracruz.com\/?p=49358","name":"Las denuncias en el seguro popular de Veracruz - Los pol\u00edticos Veracruz","isPartOf":{"@id":"https:\/\/lospoliticosveracruz.com\/#website"},"primaryImageOfPage":{"@id":"https:\/\/lospoliticosveracruz.com\/?p=49358#primaryimage"},"image":{"@id":"https:\/\/lospoliticosveracruz.com\/?p=49358#primaryimage"},"thumbnailUrl":"https:\/\/lospoliticosveracruz.com\/wp-content\/uploads\/2019\/08\/Sedesol.jpg","datePublished":"2019-08-29T16:07:53+00:00","breadcrumb":{"@id":"https:\/\/lospoliticosveracruz.com\/?p=49358#breadcrumb"},"inLanguage":"es","potentialAction":[{"@type":"ReadAction","target":["https:\/\/lospoliticosveracruz.com\/?p=49358"]}]},{"@type":"ImageObject","inLanguage":"es","@id":"https:\/\/lospoliticosveracruz.com\/?p=49358#primaryimage","url":"https:\/\/lospoliticosveracruz.com\/wp-content\/uploads\/2019\/08\/Sedesol.jpg","contentUrl":"https:\/\/lospoliticosveracruz.com\/wp-content\/uploads\/2019\/08\/Sedesol.jpg","width":600,"height":391},{"@type":"BreadcrumbList","@id":"https:\/\/lospoliticosveracruz.com\/?p=49358#breadcrumb","itemListElement":[{"@type":"ListItem","position":1,"name":"Portada","item":"https:\/\/lospoliticosveracruz.com\/"},{"@type":"ListItem","position":2,"name":"Las denuncias en el seguro popular de Veracruz"}]},{"@type":"WebSite","@id":"https:\/\/lospoliticosveracruz.com\/#website","url":"https:\/\/lospoliticosveracruz.com\/","name":"Los pol\u00edticos Veracruz","description":"","publisher":{"@id":"https:\/\/lospoliticosveracruz.com\/#organization"},"potentialAction":[{"@type":"SearchAction","target":{"@type":"EntryPoint","urlTemplate":"https:\/\/lospoliticosveracruz.com\/?s={search_term_string}"},"query-input":{"@type":"PropertyValueSpecification","valueRequired":true,"valueName":"search_term_string"}}],"inLanguage":"es"},{"@type":"Organization","@id":"https:\/\/lospoliticosveracruz.com\/#organization","name":"Los pol\u00edticos Veracruz","url":"https:\/\/lospoliticosveracruz.com\/","logo":{"@type":"ImageObject","inLanguage":"es","@id":"https:\/\/lospoliticosveracruz.com\/#\/schema\/logo\/image\/","url":"https:\/\/lospoliticosveracruz.com\/wp-content\/uploads\/2025\/12\/Logo-Nuevo-LOS-POLITICOS-1.jpg","contentUrl":"https:\/\/lospoliticosveracruz.com\/wp-content\/uploads\/2025\/12\/Logo-Nuevo-LOS-POLITICOS-1.jpg","width":260,"height":70,"caption":"Los pol\u00edticos Veracruz"},"image":{"@id":"https:\/\/lospoliticosveracruz.com\/#\/schema\/logo\/image\/"},"sameAs":["https:\/\/www.facebook.com\/people\/Notimemes-de-los-Polticos\/61565672886568\/","https:\/\/x.com\/LosPoliticosVer"]},{"@type":"Person","@id":"https:\/\/lospoliticosveracruz.com\/#\/schema\/person\/b8702bb0e538456e6efd07080bf2a4a2","name":"Lo viste en Los Pol\u00edticos","image":{"@type":"ImageObject","inLanguage":"es","@id":"https:\/\/secure.gravatar.com\/avatar\/3a8de04a2656d44082be478bd6c086daa447c4651605818287b9532d3d0bd435?s=96&d=mm&r=g","url":"https:\/\/secure.gravatar.com\/avatar\/3a8de04a2656d44082be478bd6c086daa447c4651605818287b9532d3d0bd435?s=96&d=mm&r=g","contentUrl":"https:\/\/secure.gravatar.com\/avatar\/3a8de04a2656d44082be478bd6c086daa447c4651605818287b9532d3d0bd435?s=96&d=mm&r=g","caption":"Lo viste en Los Pol\u00edticos"},"url":"https:\/\/lospoliticosveracruz.com\/?author=2"}]}},"_links":{"self":[{"href":"https:\/\/lospoliticosveracruz.com\/index.php?rest_route=\/wp\/v2\/posts\/49358","targetHints":{"allow":["GET"]}}],"collection":[{"href":"https:\/\/lospoliticosveracruz.com\/index.php?rest_route=\/wp\/v2\/posts"}],"about":[{"href":"https:\/\/lospoliticosveracruz.com\/index.php?rest_route=\/wp\/v2\/types\/post"}],"author":[{"embeddable":true,"href":"https:\/\/lospoliticosveracruz.com\/index.php?rest_route=\/wp\/v2\/users\/2"}],"replies":[{"embeddable":true,"href":"https:\/\/lospoliticosveracruz.com\/index.php?rest_route=%2Fwp%2Fv2%2Fcomments&post=49358"}],"version-history":[{"count":1,"href":"https:\/\/lospoliticosveracruz.com\/index.php?rest_route=\/wp\/v2\/posts\/49358\/revisions"}],"predecessor-version":[{"id":49360,"href":"https:\/\/lospoliticosveracruz.com\/index.php?rest_route=\/wp\/v2\/posts\/49358\/revisions\/49360"}],"wp:featuredmedia":[{"embeddable":true,"href":"https:\/\/lospoliticosveracruz.com\/index.php?rest_route=\/wp\/v2\/media\/49359"}],"wp:attachment":[{"href":"https:\/\/lospoliticosveracruz.com\/index.php?rest_route=%2Fwp%2Fv2%2Fmedia&parent=49358"}],"wp:term":[{"taxonomy":"category","embeddable":true,"href":"https:\/\/lospoliticosveracruz.com\/index.php?rest_route=%2Fwp%2Fv2%2Fcategories&post=49358"},{"taxonomy":"post_tag","embeddable":true,"href":"https:\/\/lospoliticosveracruz.com\/index.php?rest_route=%2Fwp%2Fv2%2Ftags&post=49358"}],"curies":[{"name":"wp","href":"https:\/\/api.w.org\/{rel}","templated":true}]}}