{"id":49361,"date":"2019-08-29T11:18:02","date_gmt":"2019-08-29T16:18:02","guid":{"rendered":"http:\/\/www.lospoliticosveracruz.com.mx\/?p=49361"},"modified":"2019-08-29T11:18:02","modified_gmt":"2019-08-29T16:18:02","slug":"una-verdad-incomoda","status":"publish","type":"post","link":"https:\/\/lospoliticosveracruz.com\/?p=49361","title":{"rendered":"Una verdad inc\u00f3moda"},"content":{"rendered":"<p><strong>Ricardo V\u00e1zquez S.<\/strong><\/p>\n<p><em>Esfera Pol\u00edtica<\/em><br \/>\nHan transcurrido trece a\u00f1os desde que el exvicepresidente de Estados Unidos Al Gore -en la administraci\u00f3n de B. Clinton-, lanz\u00f3 una llamado de alerta al mundo sobre la amenaza que representa el cambio clim\u00e1tico. A trav\u00e9s de un documental titulado \u201cUna verdad inc\u00f3moda\u201d, Gore envi\u00f3 un mensaje contundente: \u201cLa mayor amenaza a la que se enfrenta la humanidad es el cambio clim\u00e1tico\u201d.<br \/>\nReconocido como un comprometido activista medioambiental, fundador de diversas organizaciones sin fines de lucro, entre las que se encuentran Alianza para la Protecci\u00f3n del Clima, Gore se hizo acreedor al Premio Nobel de la Paz, a un Oscar por el documental realizado y muchos otros premios m\u00e1s, sin embargo, la advertencia no ha sido tomada con la debida seriedad; la ardua\u00a0 tarea desarrollada para concienciar a la poblaci\u00f3n mundial acerca de la amenaza del calentamiento global generado por la emisi\u00f3n masiva de gases de efecto invernadero de origen f\u00f3sil provenientes de la quema de carb\u00f3n, petr\u00f3leo y gas natural contin\u00faan causando estragos ambientales, lo que resulta imposible de negar.<br \/>\nGore, candidato dem\u00f3crata para ocupar la Casa Blanca, derrotado por George W. Bush, predijo las consecuencias, las causas y los efectos de la actividad humana, que en su momento fue tachado de alarmista, sus presagios se han cumplido: temperaturas en ascenso, deshielo de los polos, fen\u00f3menos meteorol\u00f3gicos extremos, aumento del nivel del Mar, alteraci\u00f3n de las corrientes oce\u00e1nicas, lo que indica que en varias regiones del orbe no se han ejecutado del todo los compromisos suscritos en el Acuerdo de Par\u00eds.<br \/>\nEl mundo iba hacia un calentamiento de 4 o 5 grados cent\u00edgrados antes del Acuerdo de Par\u00eds. En la actualidad todav\u00eda estamos en camino hacia un incremento de m\u00e1s de tres grados C, lo que se considera como una perspectiva catastr\u00f3fica.<br \/>\nNo obstante que ha habido avances en la materia, espec\u00edficamente en cuanto a la competitividad de las energ\u00edas renovables, es evidente la falta de voluntad pol\u00edtica en un gran n\u00famero de gobiernos para estar dispuestos a eliminar la utilizaci\u00f3n de combustibles f\u00f3siles. Un claro ejemplo de falta de voluntad pol\u00edtica en muchas naciones se refleja en que pese a que los costos para generar energ\u00eda el\u00e9ctrica por medio del viento y el sol han disminuido un tercio, existen administraciones empecinadas en el consumo de carb\u00f3n y gas.<br \/>\nA excepci\u00f3n de Siria y Nicaragua, en diciembre de 2015, dentro de la Conferencia de Naciones Unidas sobre Cambio Clim\u00e1tico, 195 naciones firmaron el Acuerdo de Par\u00eds, con el prop\u00f3sito de que cada pa\u00eds, desarrollado o no, sin importar su PIB, establecieran metas para reducir las emisiones de di\u00f3xido de carbono, las dispersi\u00f3n de gases de efecto invernadero que contribuyen a aumentar la temperatura global.<br \/>\nEl asunto del deterioro ambiental \u201cest\u00e1 de moda\u201d, por el hecho de que el 20 por ciento del pulm\u00f3n del planeta, la selva del Amazonas, se consume por el fuego.<br \/>\nM\u00e9xico tiene el fuerte compromiso de reducir 25 % de sus emisiones de gas de efecto invernadero, GEI, y de \u00a0contaminantes clim\u00e1ticos de vida corta, CCVC, es decir, 52 % de GEI y 21 % de carbono negro. A reducir sus emisiones del sector industrial generando el 35 % de energ\u00eda limpia en el a\u00f1o 2024 y 43 % al 2030.<br \/>\nLos escenarios del cambio clim\u00e1tico para M\u00e9xico son alarmantes, sobre todo porque el pa\u00eds carece de los recursos para enfrentar y mitigar los impactos de este fen\u00f3meno, adem\u00e1s de poseer una elevada vulnerabilidad social, econ\u00f3mica y pol\u00edtica. Y es que un alto porcentaje de la poblaci\u00f3n vive en zonas de riesgo, en viviendas precarias, en \u00e1reas con escasez de agua, en zonas con graves problemas de contaminaci\u00f3n o depende de tierras de temporal. Los m\u00e1s pobres no cuentan con seguros ni asistencia m\u00e9dica, no tienen suficientes alimentos y carecen de algunos servicios. Todo esto los hace sumamente vulnerables a los efectos del cambio clim\u00e1tico, se\u00f1ala la organizaci\u00f3n Greenpeace.<br \/>\nEl Banco Mundial reporta que hasta 15 por ciento del territorio, 68.2 por ciento de la poblaci\u00f3n y 71 por ciento del PIB de nuestro pa\u00eds se encuentran altamente expuestos ante los posibles impactos catastr\u00f3ficos atribuibles directamente al cambio clim\u00e1tico.<br \/>\nPara tranquilidad del gobierno mexicano, a diferencia del Protocolo de Kioto -el acuerdo anterior-, en el Acuerdo de Par\u00eds los pa\u00edses pueden hacer cambios o\u00a0 ajustes seg\u00fan la situaci\u00f3n interna; no hay penalizaci\u00f3n por no cumplir con las metas comprometidas. Lo grave de esto es que universidades de prestigio como Harvard, Notre Dame, California en Berkeley y otras, han calificado a M\u00e9xico como altamente vulnerable a los embates del cambio clim\u00e1tico. La afectaci\u00f3n en la producci\u00f3n de alimentos puede significar el tal\u00f3n de Aquiles, comenzando por ah\u00ed.<br \/>\n\u00bfCu\u00e1les ser\u00e1n los resultados que presente M\u00e9xico de los compromisos adquiridos y destinados a contrarrestar esta preocupante amenaza ?<br \/>\nUna vez m\u00e1s la verdad ser\u00e1 inc\u00f3moda, aunque se vuelva a repetir \u201cyo tengo otros datos\u201d.<br \/>\n<a href=\"mailto:rvazquez002@yahoo.com.mx\" target=\"_blank\">rvazquez002@yahoo.com.mx<\/a><\/p>\n","protected":false},"excerpt":{"rendered":"<p>Ricardo V\u00e1zquez S. Esfera Pol\u00edtica Han transcurrido trece a\u00f1os desde que el exvicepresidente de Estados Unidos Al Gore -en la administraci\u00f3n de B. Clinton-, lanz\u00f3 una llamado de alerta al mundo sobre la amenaza que representa el cambio clim\u00e1tico. A trav\u00e9s de un documental titulado \u201cUna verdad inc\u00f3moda\u201d, Gore envi\u00f3 un mensaje contundente: \u201cLa mayor [&hellip;]<\/p>\n","protected":false},"author":2,"featured_media":49362,"comment_status":"open","ping_status":"open","sticky":false,"template":"","format":"standard","meta":{"tdm_status":"","tdm_grid_status":"","footnotes":""},"categories":[70],"tags":[123,15129],"class_list":{"0":"post-49361","1":"post","2":"type-post","3":"status-publish","4":"format-standard","5":"has-post-thumbnail","7":"category-de-opinion","8":"tag-estados-unidos","9":"tag-una-verdad-incomoda"},"yoast_head":"<!-- This site is optimized with the Yoast SEO plugin v27.4 - https:\/\/yoast.com\/product\/yoast-seo-wordpress\/ -->\n<title>Una verdad inc\u00f3moda - Los pol\u00edticos Veracruz<\/title>\n<meta name=\"robots\" content=\"index, follow, max-snippet:-1, max-image-preview:large, max-video-preview:-1\" \/>\n<link rel=\"canonical\" href=\"https:\/\/lospoliticosveracruz.com\/?p=49361\" \/>\n<meta property=\"og:locale\" content=\"es_ES\" \/>\n<meta property=\"og:type\" content=\"article\" \/>\n<meta property=\"og:title\" content=\"Una verdad inc\u00f3moda - Los pol\u00edticos Veracruz\" \/>\n<meta property=\"og:description\" content=\"Ricardo V\u00e1zquez S. Esfera Pol\u00edtica Han transcurrido trece a\u00f1os desde que el exvicepresidente de Estados Unidos Al Gore -en la administraci\u00f3n de B. Clinton-, lanz\u00f3 una llamado de alerta al mundo sobre la amenaza que representa el cambio clim\u00e1tico. A trav\u00e9s de un documental titulado \u201cUna verdad inc\u00f3moda\u201d, Gore envi\u00f3 un mensaje contundente: \u201cLa mayor [&hellip;]\" \/>\n<meta property=\"og:url\" content=\"https:\/\/lospoliticosveracruz.com\/?p=49361\" \/>\n<meta property=\"og:site_name\" content=\"Los pol\u00edticos Veracruz\" \/>\n<meta property=\"article:publisher\" content=\"https:\/\/www.facebook.com\/people\/Notimemes-de-los-Polticos\/61565672886568\/\" \/>\n<meta property=\"article:published_time\" content=\"2019-08-29T16:18:02+00:00\" \/>\n<meta property=\"og:image\" content=\"https:\/\/lospoliticosveracruz.com\/wp-content\/uploads\/2019\/08\/Al-Gore.jpg\" \/>\n\t<meta property=\"og:image:width\" content=\"600\" \/>\n\t<meta property=\"og:image:height\" content=\"427\" \/>\n\t<meta property=\"og:image:type\" content=\"image\/jpeg\" \/>\n<meta name=\"author\" content=\"Lo viste en Los Pol\u00edticos\" \/>\n<meta name=\"twitter:card\" content=\"summary_large_image\" \/>\n<meta name=\"twitter:creator\" content=\"@LosPoliticosVer\" \/>\n<meta name=\"twitter:site\" content=\"@LosPoliticosVer\" \/>\n<meta name=\"twitter:label1\" content=\"Escrito por\" \/>\n\t<meta name=\"twitter:data1\" content=\"Lo viste en Los Pol\u00edticos\" \/>\n\t<meta name=\"twitter:label2\" content=\"Tiempo de lectura\" \/>\n\t<meta name=\"twitter:data2\" content=\"4 minutos\" \/>\n<script type=\"application\/ld+json\" class=\"yoast-schema-graph\">{\"@context\":\"https:\\\/\\\/schema.org\",\"@graph\":[{\"@type\":\"Article\",\"@id\":\"https:\\\/\\\/lospoliticosveracruz.com\\\/?p=49361#article\",\"isPartOf\":{\"@id\":\"https:\\\/\\\/lospoliticosveracruz.com\\\/?p=49361\"},\"author\":{\"name\":\"Lo viste en Los Pol\u00edticos\",\"@id\":\"https:\\\/\\\/lospoliticosveracruz.com\\\/#\\\/schema\\\/person\\\/b8702bb0e538456e6efd07080bf2a4a2\"},\"headline\":\"Una verdad inc\u00f3moda\",\"datePublished\":\"2019-08-29T16:18:02+00:00\",\"mainEntityOfPage\":{\"@id\":\"https:\\\/\\\/lospoliticosveracruz.com\\\/?p=49361\"},\"wordCount\":880,\"commentCount\":0,\"publisher\":{\"@id\":\"https:\\\/\\\/lospoliticosveracruz.com\\\/#organization\"},\"image\":{\"@id\":\"https:\\\/\\\/lospoliticosveracruz.com\\\/?p=49361#primaryimage\"},\"thumbnailUrl\":\"https:\\\/\\\/lospoliticosveracruz.com\\\/wp-content\\\/uploads\\\/2019\\\/08\\\/Al-Gore.jpg\",\"keywords\":[\"Estados Unidos\",\"Una verdad inc\u00f3moda\"],\"articleSection\":[\"De Opini\u00f3n\"],\"inLanguage\":\"es\",\"potentialAction\":[{\"@type\":\"CommentAction\",\"name\":\"Comment\",\"target\":[\"https:\\\/\\\/lospoliticosveracruz.com\\\/?p=49361#respond\"]}]},{\"@type\":\"WebPage\",\"@id\":\"https:\\\/\\\/lospoliticosveracruz.com\\\/?p=49361\",\"url\":\"https:\\\/\\\/lospoliticosveracruz.com\\\/?p=49361\",\"name\":\"Una verdad inc\u00f3moda - Los pol\u00edticos Veracruz\",\"isPartOf\":{\"@id\":\"https:\\\/\\\/lospoliticosveracruz.com\\\/#website\"},\"primaryImageOfPage\":{\"@id\":\"https:\\\/\\\/lospoliticosveracruz.com\\\/?p=49361#primaryimage\"},\"image\":{\"@id\":\"https:\\\/\\\/lospoliticosveracruz.com\\\/?p=49361#primaryimage\"},\"thumbnailUrl\":\"https:\\\/\\\/lospoliticosveracruz.com\\\/wp-content\\\/uploads\\\/2019\\\/08\\\/Al-Gore.jpg\",\"datePublished\":\"2019-08-29T16:18:02+00:00\",\"breadcrumb\":{\"@id\":\"https:\\\/\\\/lospoliticosveracruz.com\\\/?p=49361#breadcrumb\"},\"inLanguage\":\"es\",\"potentialAction\":[{\"@type\":\"ReadAction\",\"target\":[\"https:\\\/\\\/lospoliticosveracruz.com\\\/?p=49361\"]}]},{\"@type\":\"ImageObject\",\"inLanguage\":\"es\",\"@id\":\"https:\\\/\\\/lospoliticosveracruz.com\\\/?p=49361#primaryimage\",\"url\":\"https:\\\/\\\/lospoliticosveracruz.com\\\/wp-content\\\/uploads\\\/2019\\\/08\\\/Al-Gore.jpg\",\"contentUrl\":\"https:\\\/\\\/lospoliticosveracruz.com\\\/wp-content\\\/uploads\\\/2019\\\/08\\\/Al-Gore.jpg\",\"width\":600,\"height\":427},{\"@type\":\"BreadcrumbList\",\"@id\":\"https:\\\/\\\/lospoliticosveracruz.com\\\/?p=49361#breadcrumb\",\"itemListElement\":[{\"@type\":\"ListItem\",\"position\":1,\"name\":\"Portada\",\"item\":\"https:\\\/\\\/lospoliticosveracruz.com\\\/\"},{\"@type\":\"ListItem\",\"position\":2,\"name\":\"Una verdad inc\u00f3moda\"}]},{\"@type\":\"WebSite\",\"@id\":\"https:\\\/\\\/lospoliticosveracruz.com\\\/#website\",\"url\":\"https:\\\/\\\/lospoliticosveracruz.com\\\/\",\"name\":\"Los pol\u00edticos Veracruz\",\"description\":\"\",\"publisher\":{\"@id\":\"https:\\\/\\\/lospoliticosveracruz.com\\\/#organization\"},\"potentialAction\":[{\"@type\":\"SearchAction\",\"target\":{\"@type\":\"EntryPoint\",\"urlTemplate\":\"https:\\\/\\\/lospoliticosveracruz.com\\\/?s={search_term_string}\"},\"query-input\":{\"@type\":\"PropertyValueSpecification\",\"valueRequired\":true,\"valueName\":\"search_term_string\"}}],\"inLanguage\":\"es\"},{\"@type\":\"Organization\",\"@id\":\"https:\\\/\\\/lospoliticosveracruz.com\\\/#organization\",\"name\":\"Los pol\u00edticos Veracruz\",\"url\":\"https:\\\/\\\/lospoliticosveracruz.com\\\/\",\"logo\":{\"@type\":\"ImageObject\",\"inLanguage\":\"es\",\"@id\":\"https:\\\/\\\/lospoliticosveracruz.com\\\/#\\\/schema\\\/logo\\\/image\\\/\",\"url\":\"https:\\\/\\\/lospoliticosveracruz.com\\\/wp-content\\\/uploads\\\/2025\\\/12\\\/Logo-Nuevo-LOS-POLITICOS-1.jpg\",\"contentUrl\":\"https:\\\/\\\/lospoliticosveracruz.com\\\/wp-content\\\/uploads\\\/2025\\\/12\\\/Logo-Nuevo-LOS-POLITICOS-1.jpg\",\"width\":260,\"height\":70,\"caption\":\"Los pol\u00edticos Veracruz\"},\"image\":{\"@id\":\"https:\\\/\\\/lospoliticosveracruz.com\\\/#\\\/schema\\\/logo\\\/image\\\/\"},\"sameAs\":[\"https:\\\/\\\/www.facebook.com\\\/people\\\/Notimemes-de-los-Polticos\\\/61565672886568\\\/\",\"https:\\\/\\\/x.com\\\/LosPoliticosVer\"]},{\"@type\":\"Person\",\"@id\":\"https:\\\/\\\/lospoliticosveracruz.com\\\/#\\\/schema\\\/person\\\/b8702bb0e538456e6efd07080bf2a4a2\",\"name\":\"Lo viste en Los Pol\u00edticos\",\"image\":{\"@type\":\"ImageObject\",\"inLanguage\":\"es\",\"@id\":\"https:\\\/\\\/secure.gravatar.com\\\/avatar\\\/3a8de04a2656d44082be478bd6c086daa447c4651605818287b9532d3d0bd435?s=96&d=mm&r=g\",\"url\":\"https:\\\/\\\/secure.gravatar.com\\\/avatar\\\/3a8de04a2656d44082be478bd6c086daa447c4651605818287b9532d3d0bd435?s=96&d=mm&r=g\",\"contentUrl\":\"https:\\\/\\\/secure.gravatar.com\\\/avatar\\\/3a8de04a2656d44082be478bd6c086daa447c4651605818287b9532d3d0bd435?s=96&d=mm&r=g\",\"caption\":\"Lo viste en Los Pol\u00edticos\"},\"url\":\"https:\\\/\\\/lospoliticosveracruz.com\\\/?author=2\"}]}<\/script>\n<!-- \/ Yoast SEO plugin. -->","yoast_head_json":{"title":"Una verdad inc\u00f3moda - Los pol\u00edticos Veracruz","robots":{"index":"index","follow":"follow","max-snippet":"max-snippet:-1","max-image-preview":"max-image-preview:large","max-video-preview":"max-video-preview:-1"},"canonical":"https:\/\/lospoliticosveracruz.com\/?p=49361","og_locale":"es_ES","og_type":"article","og_title":"Una verdad inc\u00f3moda - Los pol\u00edticos Veracruz","og_description":"Ricardo V\u00e1zquez S. Esfera Pol\u00edtica Han transcurrido trece a\u00f1os desde que el exvicepresidente de Estados Unidos Al Gore -en la administraci\u00f3n de B. Clinton-, lanz\u00f3 una llamado de alerta al mundo sobre la amenaza que representa el cambio clim\u00e1tico. A trav\u00e9s de un documental titulado \u201cUna verdad inc\u00f3moda\u201d, Gore envi\u00f3 un mensaje contundente: \u201cLa mayor [&hellip;]","og_url":"https:\/\/lospoliticosveracruz.com\/?p=49361","og_site_name":"Los pol\u00edticos Veracruz","article_publisher":"https:\/\/www.facebook.com\/people\/Notimemes-de-los-Polticos\/61565672886568\/","article_published_time":"2019-08-29T16:18:02+00:00","og_image":[{"width":600,"height":427,"url":"https:\/\/lospoliticosveracruz.com\/wp-content\/uploads\/2019\/08\/Al-Gore.jpg","type":"image\/jpeg"}],"author":"Lo viste en Los Pol\u00edticos","twitter_card":"summary_large_image","twitter_creator":"@LosPoliticosVer","twitter_site":"@LosPoliticosVer","twitter_misc":{"Escrito por":"Lo viste en Los Pol\u00edticos","Tiempo de lectura":"4 minutos"},"schema":{"@context":"https:\/\/schema.org","@graph":[{"@type":"Article","@id":"https:\/\/lospoliticosveracruz.com\/?p=49361#article","isPartOf":{"@id":"https:\/\/lospoliticosveracruz.com\/?p=49361"},"author":{"name":"Lo viste en Los Pol\u00edticos","@id":"https:\/\/lospoliticosveracruz.com\/#\/schema\/person\/b8702bb0e538456e6efd07080bf2a4a2"},"headline":"Una verdad inc\u00f3moda","datePublished":"2019-08-29T16:18:02+00:00","mainEntityOfPage":{"@id":"https:\/\/lospoliticosveracruz.com\/?p=49361"},"wordCount":880,"commentCount":0,"publisher":{"@id":"https:\/\/lospoliticosveracruz.com\/#organization"},"image":{"@id":"https:\/\/lospoliticosveracruz.com\/?p=49361#primaryimage"},"thumbnailUrl":"https:\/\/lospoliticosveracruz.com\/wp-content\/uploads\/2019\/08\/Al-Gore.jpg","keywords":["Estados Unidos","Una verdad inc\u00f3moda"],"articleSection":["De Opini\u00f3n"],"inLanguage":"es","potentialAction":[{"@type":"CommentAction","name":"Comment","target":["https:\/\/lospoliticosveracruz.com\/?p=49361#respond"]}]},{"@type":"WebPage","@id":"https:\/\/lospoliticosveracruz.com\/?p=49361","url":"https:\/\/lospoliticosveracruz.com\/?p=49361","name":"Una verdad inc\u00f3moda - Los pol\u00edticos Veracruz","isPartOf":{"@id":"https:\/\/lospoliticosveracruz.com\/#website"},"primaryImageOfPage":{"@id":"https:\/\/lospoliticosveracruz.com\/?p=49361#primaryimage"},"image":{"@id":"https:\/\/lospoliticosveracruz.com\/?p=49361#primaryimage"},"thumbnailUrl":"https:\/\/lospoliticosveracruz.com\/wp-content\/uploads\/2019\/08\/Al-Gore.jpg","datePublished":"2019-08-29T16:18:02+00:00","breadcrumb":{"@id":"https:\/\/lospoliticosveracruz.com\/?p=49361#breadcrumb"},"inLanguage":"es","potentialAction":[{"@type":"ReadAction","target":["https:\/\/lospoliticosveracruz.com\/?p=49361"]}]},{"@type":"ImageObject","inLanguage":"es","@id":"https:\/\/lospoliticosveracruz.com\/?p=49361#primaryimage","url":"https:\/\/lospoliticosveracruz.com\/wp-content\/uploads\/2019\/08\/Al-Gore.jpg","contentUrl":"https:\/\/lospoliticosveracruz.com\/wp-content\/uploads\/2019\/08\/Al-Gore.jpg","width":600,"height":427},{"@type":"BreadcrumbList","@id":"https:\/\/lospoliticosveracruz.com\/?p=49361#breadcrumb","itemListElement":[{"@type":"ListItem","position":1,"name":"Portada","item":"https:\/\/lospoliticosveracruz.com\/"},{"@type":"ListItem","position":2,"name":"Una verdad inc\u00f3moda"}]},{"@type":"WebSite","@id":"https:\/\/lospoliticosveracruz.com\/#website","url":"https:\/\/lospoliticosveracruz.com\/","name":"Los pol\u00edticos Veracruz","description":"","publisher":{"@id":"https:\/\/lospoliticosveracruz.com\/#organization"},"potentialAction":[{"@type":"SearchAction","target":{"@type":"EntryPoint","urlTemplate":"https:\/\/lospoliticosveracruz.com\/?s={search_term_string}"},"query-input":{"@type":"PropertyValueSpecification","valueRequired":true,"valueName":"search_term_string"}}],"inLanguage":"es"},{"@type":"Organization","@id":"https:\/\/lospoliticosveracruz.com\/#organization","name":"Los pol\u00edticos Veracruz","url":"https:\/\/lospoliticosveracruz.com\/","logo":{"@type":"ImageObject","inLanguage":"es","@id":"https:\/\/lospoliticosveracruz.com\/#\/schema\/logo\/image\/","url":"https:\/\/lospoliticosveracruz.com\/wp-content\/uploads\/2025\/12\/Logo-Nuevo-LOS-POLITICOS-1.jpg","contentUrl":"https:\/\/lospoliticosveracruz.com\/wp-content\/uploads\/2025\/12\/Logo-Nuevo-LOS-POLITICOS-1.jpg","width":260,"height":70,"caption":"Los pol\u00edticos Veracruz"},"image":{"@id":"https:\/\/lospoliticosveracruz.com\/#\/schema\/logo\/image\/"},"sameAs":["https:\/\/www.facebook.com\/people\/Notimemes-de-los-Polticos\/61565672886568\/","https:\/\/x.com\/LosPoliticosVer"]},{"@type":"Person","@id":"https:\/\/lospoliticosveracruz.com\/#\/schema\/person\/b8702bb0e538456e6efd07080bf2a4a2","name":"Lo viste en Los Pol\u00edticos","image":{"@type":"ImageObject","inLanguage":"es","@id":"https:\/\/secure.gravatar.com\/avatar\/3a8de04a2656d44082be478bd6c086daa447c4651605818287b9532d3d0bd435?s=96&d=mm&r=g","url":"https:\/\/secure.gravatar.com\/avatar\/3a8de04a2656d44082be478bd6c086daa447c4651605818287b9532d3d0bd435?s=96&d=mm&r=g","contentUrl":"https:\/\/secure.gravatar.com\/avatar\/3a8de04a2656d44082be478bd6c086daa447c4651605818287b9532d3d0bd435?s=96&d=mm&r=g","caption":"Lo viste en Los Pol\u00edticos"},"url":"https:\/\/lospoliticosveracruz.com\/?author=2"}]}},"_links":{"self":[{"href":"https:\/\/lospoliticosveracruz.com\/index.php?rest_route=\/wp\/v2\/posts\/49361","targetHints":{"allow":["GET"]}}],"collection":[{"href":"https:\/\/lospoliticosveracruz.com\/index.php?rest_route=\/wp\/v2\/posts"}],"about":[{"href":"https:\/\/lospoliticosveracruz.com\/index.php?rest_route=\/wp\/v2\/types\/post"}],"author":[{"embeddable":true,"href":"https:\/\/lospoliticosveracruz.com\/index.php?rest_route=\/wp\/v2\/users\/2"}],"replies":[{"embeddable":true,"href":"https:\/\/lospoliticosveracruz.com\/index.php?rest_route=%2Fwp%2Fv2%2Fcomments&post=49361"}],"version-history":[{"count":1,"href":"https:\/\/lospoliticosveracruz.com\/index.php?rest_route=\/wp\/v2\/posts\/49361\/revisions"}],"predecessor-version":[{"id":49363,"href":"https:\/\/lospoliticosveracruz.com\/index.php?rest_route=\/wp\/v2\/posts\/49361\/revisions\/49363"}],"wp:featuredmedia":[{"embeddable":true,"href":"https:\/\/lospoliticosveracruz.com\/index.php?rest_route=\/wp\/v2\/media\/49362"}],"wp:attachment":[{"href":"https:\/\/lospoliticosveracruz.com\/index.php?rest_route=%2Fwp%2Fv2%2Fmedia&parent=49361"}],"wp:term":[{"taxonomy":"category","embeddable":true,"href":"https:\/\/lospoliticosveracruz.com\/index.php?rest_route=%2Fwp%2Fv2%2Fcategories&post=49361"},{"taxonomy":"post_tag","embeddable":true,"href":"https:\/\/lospoliticosveracruz.com\/index.php?rest_route=%2Fwp%2Fv2%2Ftags&post=49361"}],"curies":[{"name":"wp","href":"https:\/\/api.w.org\/{rel}","templated":true}]}}