{"id":49364,"date":"2019-08-29T11:27:54","date_gmt":"2019-08-29T16:27:54","guid":{"rendered":"http:\/\/www.lospoliticosveracruz.com.mx\/?p=49364"},"modified":"2019-08-29T11:27:54","modified_gmt":"2019-08-29T16:27:54","slug":"el-pan-en-busca-de-la-credibilidad","status":"publish","type":"post","link":"https:\/\/lospoliticosveracruz.com\/?p=49364","title":{"rendered":"El PAN en busca de la credibilidad"},"content":{"rendered":"<p style=\"text-align: left;\" align=\"center\"><strong>Oscar Coria Reyes<\/strong><br \/>\n<em>En Contraste<\/em><\/p>\n<p style=\"text-align: left;\" align=\"center\">Tras un proceso lleno de situaciones raras, acusaciones, se\u00f1alamientos de fraude por compra de votos y relleno de urnas, y, tras resolver los\u00a0electorales la repetici\u00f3n de un proceso interno que desde inicio se vio contaminado por toda una campa\u00f1a negra auspiciada por los dos candidatos a la dirigencia estatal; este 8 de septiembre la renovaci\u00f3n de la dirigencia ser\u00e1 un parte aguas para el panismo en Veracruz.<\/p>\n<p style=\"text-align: left;\">Pepe Mancha y Joaqu\u00edn Guzm\u00e1n, de nueva cuenta, est\u00e1n encabezando las planillas contendientes en este nuevo proceso interno del blanquiazul, en donde desde el anuncio de que se repet\u00eda la elecci\u00f3n, tanto uno como el otro, salieron a descalificarse. Por un lado, Pepe Mancha se\u00f1alando la intromisi\u00f3n del Gobierno de Cuitl\u00e1huac Garc\u00eda Jim\u00e9nez, a quien acusa y se\u00f1ala de financiar la campa\u00f1a de Joaqu\u00edn Guzm\u00e1n; lo cual no ser\u00eda raro, ya que no ser\u00eda la primera vez que alg\u00fan gobierno en turno financie campa\u00f1a de otros partidos, como en su momento lo hiciera Fidel Herrera, Javier Duarte y mencionan algunas voces que de igual manera lo hizo Miguel \u00c1ngel Yunes.<\/p>\n<p style=\"text-align: left;\">Practica recurrente para garantizar los \u201cacuerdos\u201d que se pudieran tomar, sobre todo dentro del Congreso Local, en donde, como muchos recordaran, los diputados van de acuerdo a donde los lleve la corriente, es decir la dirigencia de su partido, que, al ser financiada por el gobierno en turno, esto garantiza el sometimiento pol\u00edtico al servicio del que esta.<\/p>\n<p style=\"text-align: left;\">Por otro lado, las huestes de \u201cEl Chapo\u201d Guzm\u00e1n, se\u00f1alan los cientos de negocios por millones de pesos que viene realizando Pepe Mancha con prestanombres, negocios que van desde la adjudicaci\u00f3n directa de obra, convenios publicitarios a trav\u00e9s de medios digitales a nombre de su familia, recomendaciones de personas afines para ocupar puestos de direcci\u00f3n en ayuntamientos en donde\u00a0 Mancha apoyo al actual presidente (a) para que fueran candidatos, as\u00ed como, el manejo discrecional de los recursos del partido a conveniencia durante su gesti\u00f3n al frente del mismo.<\/p>\n<p style=\"text-align: left;\">Con todo esto, los dos candidatos, buscan convencer a un panista incr\u00e9dulo, un panista que ha perdido el inter\u00e9s y la confianza en quienes los buscan dirigir, un panista que abiertamente manifiesta su inter\u00e9s por recibir un beneficio ya no una promesa, un panista cansado de ver que los mismos de siempre est\u00e1n compitiendo de nueva cuenta, con la \u00fanica novedad de que \u201clos mismos\u201d se dividieron, en dos grupos, en virtud del que el \u201cnegocio\u201d de la pol\u00edtica ya no alcanza para todos.<\/p>\n<p style=\"text-align: left;\">Este 8 de septiembre el panismo veracruzano deber\u00eda de estar frente a la oportunidad de una renovaci\u00f3n ideol\u00f3gica, frente a la opci\u00f3n de un cambio en las pol\u00edticas internas de selecci\u00f3n de candidatos, frente a la certeza de la integraci\u00f3n de nuevos cuadros, pero No, el panista en esta nueva elecci\u00f3n, tendr\u00e1 enfrente la decisi\u00f3n de solo determinar cu\u00e1l grupo pol\u00edtico se posiciona y fortalece de frente a los nuevos procesos electorales, en donde, no se ven tiempos de cambio, renovaci\u00f3n y mucho menos democracia al interior del PAN. Tristemente el PAN en Veracruz ha perdido el rumbo, la m\u00edstica y toda esa historia humanista que lo hab\u00eda caracterizado.<\/p>\n<p style=\"text-align: left;\"><i>DESECHAN JUICIO POLITICO CONTRA LA ALCALDESA DE C\u00d3RDOBA<\/i>. &#8211;<i> <\/i>Tras una reuni\u00f3n de las Comisiones permanentes de Gobernaci\u00f3n y de Justicia y Puntos Constitucionales, los diputados integrantes determinaron como improcedente e juicio pol\u00edtico promovido en contra de la alcaldesa de C\u00f3rdoba, Leticia L\u00f3pez Landero, el cual fue promovido por el abogado Pablo Mart\u00ednez Rodr\u00edguez, para lo cual emitieron y firmaron el dictamen correspondiente.<i><\/i><\/p>\n<p style=\"text-align: left;\">Con esto, se echa abajo la ola de especulaciones que se\u00f1alaban el posible enjuiciamiento de la alcaldesa cordobesa por supuestos desv\u00edos de recursos, nepotismo y otros argumentos que no se pudieron tipificar como constitutivos de un delito o acci\u00f3n que ameritara tal juicio pol\u00edtico.<\/p>\n<p style=\"text-align: left;\">Desde inicio, la presentaci\u00f3n de esta \u201csupuesta\u201d denuncia, carec\u00eda de un sustento s\u00f3lido y legal que motivara a tal situaci\u00f3n, sin embargo, las \u201cbenditas redes sociales\u201d se encargaron de maximizar el tema, con un linchamiento medi\u00e1tico, que tan solo quedo en eso y no procedi\u00f3.<\/p>\n<p style=\"text-align: left;\">Sin embargo, este antecedente debe quedar como un llamado de atenci\u00f3n no solo para la alcaldesa de C\u00f3rdoba, sino para todos los alcaldes de la entidad veracruzana, de que cada d\u00eda, hay m\u00e1s ciudadanos inmersos e interesados en lo que una administraci\u00f3n municipal realiza, para obligarse a ser mejores y no gobernar por contentillo, capricho y mucho menos para solo beneficiar a los amigos.<\/p>\n<p style=\"text-align: left;\">Comentarios, cr\u00edticas y\/o sugerencias: <a href=\"mailto:oscar_coria4@hotmail.com\" target=\"_blank\">oscar_coria4@hotmail.com<\/a><\/p>\n","protected":false},"excerpt":{"rendered":"<p>Oscar Coria Reyes En Contraste Tras un proceso lleno de situaciones raras, acusaciones, se\u00f1alamientos de fraude por compra de votos y relleno de urnas, y, tras resolver los\u00a0electorales la repetici\u00f3n de un proceso interno que desde inicio se vio contaminado por toda una campa\u00f1a negra auspiciada por los dos candidatos a la dirigencia estatal; este [&hellip;]<\/p>\n","protected":false},"author":2,"featured_media":49365,"comment_status":"open","ping_status":"open","sticky":false,"template":"","format":"standard","meta":{"tdm_status":"","tdm_grid_status":"","footnotes":""},"categories":[70],"tags":[751,1563,3120,79,162,3072,7641,1510,1065,195],"class_list":{"0":"post-49364","1":"post","2":"type-post","3":"status-publish","4":"format-standard","5":"has-post-thumbnail","7":"category-de-opinion","8":"tag-cordoba","9":"tag-cuitlahuac-garcia-jimenez","10":"tag-dirigencia","11":"tag-fidel-herrera","12":"tag-javier-duarte","13":"tag-joaquin-guzman","14":"tag-leticia-lopez-landero","15":"tag-miguel-angel-yunes","16":"tag-pepe-mancha","17":"tag-veracruz"},"yoast_head":"<!-- This site is optimized with the Yoast SEO plugin v27.4 - https:\/\/yoast.com\/product\/yoast-seo-wordpress\/ -->\n<title>El PAN en busca de la credibilidad - Los pol\u00edticos Veracruz<\/title>\n<meta name=\"robots\" content=\"index, follow, max-snippet:-1, max-image-preview:large, max-video-preview:-1\" \/>\n<link rel=\"canonical\" href=\"https:\/\/lospoliticosveracruz.com\/?p=49364\" \/>\n<meta property=\"og:locale\" content=\"es_ES\" \/>\n<meta property=\"og:type\" content=\"article\" \/>\n<meta property=\"og:title\" content=\"El PAN en busca de la credibilidad - Los pol\u00edticos Veracruz\" \/>\n<meta property=\"og:description\" content=\"Oscar Coria Reyes En Contraste Tras un proceso lleno de situaciones raras, acusaciones, se\u00f1alamientos de fraude por compra de votos y relleno de urnas, y, tras resolver los\u00a0electorales la repetici\u00f3n de un proceso interno que desde inicio se vio contaminado por toda una campa\u00f1a negra auspiciada por los dos candidatos a la dirigencia estatal; este [&hellip;]\" \/>\n<meta property=\"og:url\" content=\"https:\/\/lospoliticosveracruz.com\/?p=49364\" \/>\n<meta property=\"og:site_name\" content=\"Los pol\u00edticos Veracruz\" \/>\n<meta property=\"article:publisher\" content=\"https:\/\/www.facebook.com\/people\/Notimemes-de-los-Polticos\/61565672886568\/\" \/>\n<meta property=\"article:published_time\" content=\"2019-08-29T16:27:54+00:00\" \/>\n<meta property=\"og:image\" content=\"https:\/\/lospoliticosveracruz.com\/wp-content\/uploads\/2019\/08\/Chapo-Pepe-Mancha.png\" \/>\n\t<meta property=\"og:image:width\" content=\"600\" \/>\n\t<meta property=\"og:image:height\" content=\"343\" \/>\n\t<meta property=\"og:image:type\" content=\"image\/png\" \/>\n<meta name=\"author\" content=\"Lo viste en Los Pol\u00edticos\" \/>\n<meta name=\"twitter:card\" content=\"summary_large_image\" \/>\n<meta name=\"twitter:creator\" content=\"@LosPoliticosVer\" \/>\n<meta name=\"twitter:site\" content=\"@LosPoliticosVer\" \/>\n<meta name=\"twitter:label1\" content=\"Escrito por\" \/>\n\t<meta name=\"twitter:data1\" content=\"Lo viste en Los Pol\u00edticos\" \/>\n\t<meta name=\"twitter:label2\" content=\"Tiempo de lectura\" \/>\n\t<meta name=\"twitter:data2\" content=\"4 minutos\" \/>\n<script type=\"application\/ld+json\" class=\"yoast-schema-graph\">{\"@context\":\"https:\\\/\\\/schema.org\",\"@graph\":[{\"@type\":\"Article\",\"@id\":\"https:\\\/\\\/lospoliticosveracruz.com\\\/?p=49364#article\",\"isPartOf\":{\"@id\":\"https:\\\/\\\/lospoliticosveracruz.com\\\/?p=49364\"},\"author\":{\"name\":\"Lo viste en Los Pol\u00edticos\",\"@id\":\"https:\\\/\\\/lospoliticosveracruz.com\\\/#\\\/schema\\\/person\\\/b8702bb0e538456e6efd07080bf2a4a2\"},\"headline\":\"El PAN en busca de la credibilidad\",\"datePublished\":\"2019-08-29T16:27:54+00:00\",\"mainEntityOfPage\":{\"@id\":\"https:\\\/\\\/lospoliticosveracruz.com\\\/?p=49364\"},\"wordCount\":823,\"commentCount\":0,\"publisher\":{\"@id\":\"https:\\\/\\\/lospoliticosveracruz.com\\\/#organization\"},\"image\":{\"@id\":\"https:\\\/\\\/lospoliticosveracruz.com\\\/?p=49364#primaryimage\"},\"thumbnailUrl\":\"https:\\\/\\\/lospoliticosveracruz.com\\\/wp-content\\\/uploads\\\/2019\\\/08\\\/Chapo-Pepe-Mancha.png\",\"keywords\":[\"C\u00f3rdoba\",\"Cuitl\u00e1huac Garc\u00eda Jim\u00e9nez\",\"dirigencia\",\"Fidel Herrera\",\"Javier Duarte\",\"Joaqu\u00edn Guzm\u00e1n\",\"Leticia L\u00f3pez Landero\",\"Miguel \u00c1ngel Yunes\",\"Pepe Mancha\",\"Veracruz\"],\"articleSection\":[\"De Opini\u00f3n\"],\"inLanguage\":\"es\",\"potentialAction\":[{\"@type\":\"CommentAction\",\"name\":\"Comment\",\"target\":[\"https:\\\/\\\/lospoliticosveracruz.com\\\/?p=49364#respond\"]}]},{\"@type\":\"WebPage\",\"@id\":\"https:\\\/\\\/lospoliticosveracruz.com\\\/?p=49364\",\"url\":\"https:\\\/\\\/lospoliticosveracruz.com\\\/?p=49364\",\"name\":\"El PAN en busca de la credibilidad - Los pol\u00edticos Veracruz\",\"isPartOf\":{\"@id\":\"https:\\\/\\\/lospoliticosveracruz.com\\\/#website\"},\"primaryImageOfPage\":{\"@id\":\"https:\\\/\\\/lospoliticosveracruz.com\\\/?p=49364#primaryimage\"},\"image\":{\"@id\":\"https:\\\/\\\/lospoliticosveracruz.com\\\/?p=49364#primaryimage\"},\"thumbnailUrl\":\"https:\\\/\\\/lospoliticosveracruz.com\\\/wp-content\\\/uploads\\\/2019\\\/08\\\/Chapo-Pepe-Mancha.png\",\"datePublished\":\"2019-08-29T16:27:54+00:00\",\"breadcrumb\":{\"@id\":\"https:\\\/\\\/lospoliticosveracruz.com\\\/?p=49364#breadcrumb\"},\"inLanguage\":\"es\",\"potentialAction\":[{\"@type\":\"ReadAction\",\"target\":[\"https:\\\/\\\/lospoliticosveracruz.com\\\/?p=49364\"]}]},{\"@type\":\"ImageObject\",\"inLanguage\":\"es\",\"@id\":\"https:\\\/\\\/lospoliticosveracruz.com\\\/?p=49364#primaryimage\",\"url\":\"https:\\\/\\\/lospoliticosveracruz.com\\\/wp-content\\\/uploads\\\/2019\\\/08\\\/Chapo-Pepe-Mancha.png\",\"contentUrl\":\"https:\\\/\\\/lospoliticosveracruz.com\\\/wp-content\\\/uploads\\\/2019\\\/08\\\/Chapo-Pepe-Mancha.png\",\"width\":600,\"height\":343},{\"@type\":\"BreadcrumbList\",\"@id\":\"https:\\\/\\\/lospoliticosveracruz.com\\\/?p=49364#breadcrumb\",\"itemListElement\":[{\"@type\":\"ListItem\",\"position\":1,\"name\":\"Portada\",\"item\":\"https:\\\/\\\/lospoliticosveracruz.com\\\/\"},{\"@type\":\"ListItem\",\"position\":2,\"name\":\"El PAN en busca de la credibilidad\"}]},{\"@type\":\"WebSite\",\"@id\":\"https:\\\/\\\/lospoliticosveracruz.com\\\/#website\",\"url\":\"https:\\\/\\\/lospoliticosveracruz.com\\\/\",\"name\":\"Los pol\u00edticos Veracruz\",\"description\":\"\",\"publisher\":{\"@id\":\"https:\\\/\\\/lospoliticosveracruz.com\\\/#organization\"},\"potentialAction\":[{\"@type\":\"SearchAction\",\"target\":{\"@type\":\"EntryPoint\",\"urlTemplate\":\"https:\\\/\\\/lospoliticosveracruz.com\\\/?s={search_term_string}\"},\"query-input\":{\"@type\":\"PropertyValueSpecification\",\"valueRequired\":true,\"valueName\":\"search_term_string\"}}],\"inLanguage\":\"es\"},{\"@type\":\"Organization\",\"@id\":\"https:\\\/\\\/lospoliticosveracruz.com\\\/#organization\",\"name\":\"Los pol\u00edticos Veracruz\",\"url\":\"https:\\\/\\\/lospoliticosveracruz.com\\\/\",\"logo\":{\"@type\":\"ImageObject\",\"inLanguage\":\"es\",\"@id\":\"https:\\\/\\\/lospoliticosveracruz.com\\\/#\\\/schema\\\/logo\\\/image\\\/\",\"url\":\"https:\\\/\\\/lospoliticosveracruz.com\\\/wp-content\\\/uploads\\\/2025\\\/12\\\/Logo-Nuevo-LOS-POLITICOS-1.jpg\",\"contentUrl\":\"https:\\\/\\\/lospoliticosveracruz.com\\\/wp-content\\\/uploads\\\/2025\\\/12\\\/Logo-Nuevo-LOS-POLITICOS-1.jpg\",\"width\":260,\"height\":70,\"caption\":\"Los pol\u00edticos Veracruz\"},\"image\":{\"@id\":\"https:\\\/\\\/lospoliticosveracruz.com\\\/#\\\/schema\\\/logo\\\/image\\\/\"},\"sameAs\":[\"https:\\\/\\\/www.facebook.com\\\/people\\\/Notimemes-de-los-Polticos\\\/61565672886568\\\/\",\"https:\\\/\\\/x.com\\\/LosPoliticosVer\"]},{\"@type\":\"Person\",\"@id\":\"https:\\\/\\\/lospoliticosveracruz.com\\\/#\\\/schema\\\/person\\\/b8702bb0e538456e6efd07080bf2a4a2\",\"name\":\"Lo viste en Los Pol\u00edticos\",\"image\":{\"@type\":\"ImageObject\",\"inLanguage\":\"es\",\"@id\":\"https:\\\/\\\/secure.gravatar.com\\\/avatar\\\/3a8de04a2656d44082be478bd6c086daa447c4651605818287b9532d3d0bd435?s=96&d=mm&r=g\",\"url\":\"https:\\\/\\\/secure.gravatar.com\\\/avatar\\\/3a8de04a2656d44082be478bd6c086daa447c4651605818287b9532d3d0bd435?s=96&d=mm&r=g\",\"contentUrl\":\"https:\\\/\\\/secure.gravatar.com\\\/avatar\\\/3a8de04a2656d44082be478bd6c086daa447c4651605818287b9532d3d0bd435?s=96&d=mm&r=g\",\"caption\":\"Lo viste en Los Pol\u00edticos\"},\"url\":\"https:\\\/\\\/lospoliticosveracruz.com\\\/?author=2\"}]}<\/script>\n<!-- \/ Yoast SEO plugin. -->","yoast_head_json":{"title":"El PAN en busca de la credibilidad - Los pol\u00edticos Veracruz","robots":{"index":"index","follow":"follow","max-snippet":"max-snippet:-1","max-image-preview":"max-image-preview:large","max-video-preview":"max-video-preview:-1"},"canonical":"https:\/\/lospoliticosveracruz.com\/?p=49364","og_locale":"es_ES","og_type":"article","og_title":"El PAN en busca de la credibilidad - Los pol\u00edticos Veracruz","og_description":"Oscar Coria Reyes En Contraste Tras un proceso lleno de situaciones raras, acusaciones, se\u00f1alamientos de fraude por compra de votos y relleno de urnas, y, tras resolver los\u00a0electorales la repetici\u00f3n de un proceso interno que desde inicio se vio contaminado por toda una campa\u00f1a negra auspiciada por los dos candidatos a la dirigencia estatal; este [&hellip;]","og_url":"https:\/\/lospoliticosveracruz.com\/?p=49364","og_site_name":"Los pol\u00edticos Veracruz","article_publisher":"https:\/\/www.facebook.com\/people\/Notimemes-de-los-Polticos\/61565672886568\/","article_published_time":"2019-08-29T16:27:54+00:00","og_image":[{"width":600,"height":343,"url":"https:\/\/lospoliticosveracruz.com\/wp-content\/uploads\/2019\/08\/Chapo-Pepe-Mancha.png","type":"image\/png"}],"author":"Lo viste en Los Pol\u00edticos","twitter_card":"summary_large_image","twitter_creator":"@LosPoliticosVer","twitter_site":"@LosPoliticosVer","twitter_misc":{"Escrito por":"Lo viste en Los Pol\u00edticos","Tiempo de lectura":"4 minutos"},"schema":{"@context":"https:\/\/schema.org","@graph":[{"@type":"Article","@id":"https:\/\/lospoliticosveracruz.com\/?p=49364#article","isPartOf":{"@id":"https:\/\/lospoliticosveracruz.com\/?p=49364"},"author":{"name":"Lo viste en Los Pol\u00edticos","@id":"https:\/\/lospoliticosveracruz.com\/#\/schema\/person\/b8702bb0e538456e6efd07080bf2a4a2"},"headline":"El PAN en busca de la credibilidad","datePublished":"2019-08-29T16:27:54+00:00","mainEntityOfPage":{"@id":"https:\/\/lospoliticosveracruz.com\/?p=49364"},"wordCount":823,"commentCount":0,"publisher":{"@id":"https:\/\/lospoliticosveracruz.com\/#organization"},"image":{"@id":"https:\/\/lospoliticosveracruz.com\/?p=49364#primaryimage"},"thumbnailUrl":"https:\/\/lospoliticosveracruz.com\/wp-content\/uploads\/2019\/08\/Chapo-Pepe-Mancha.png","keywords":["C\u00f3rdoba","Cuitl\u00e1huac Garc\u00eda Jim\u00e9nez","dirigencia","Fidel Herrera","Javier Duarte","Joaqu\u00edn Guzm\u00e1n","Leticia L\u00f3pez Landero","Miguel \u00c1ngel Yunes","Pepe Mancha","Veracruz"],"articleSection":["De Opini\u00f3n"],"inLanguage":"es","potentialAction":[{"@type":"CommentAction","name":"Comment","target":["https:\/\/lospoliticosveracruz.com\/?p=49364#respond"]}]},{"@type":"WebPage","@id":"https:\/\/lospoliticosveracruz.com\/?p=49364","url":"https:\/\/lospoliticosveracruz.com\/?p=49364","name":"El PAN en busca de la credibilidad - Los pol\u00edticos Veracruz","isPartOf":{"@id":"https:\/\/lospoliticosveracruz.com\/#website"},"primaryImageOfPage":{"@id":"https:\/\/lospoliticosveracruz.com\/?p=49364#primaryimage"},"image":{"@id":"https:\/\/lospoliticosveracruz.com\/?p=49364#primaryimage"},"thumbnailUrl":"https:\/\/lospoliticosveracruz.com\/wp-content\/uploads\/2019\/08\/Chapo-Pepe-Mancha.png","datePublished":"2019-08-29T16:27:54+00:00","breadcrumb":{"@id":"https:\/\/lospoliticosveracruz.com\/?p=49364#breadcrumb"},"inLanguage":"es","potentialAction":[{"@type":"ReadAction","target":["https:\/\/lospoliticosveracruz.com\/?p=49364"]}]},{"@type":"ImageObject","inLanguage":"es","@id":"https:\/\/lospoliticosveracruz.com\/?p=49364#primaryimage","url":"https:\/\/lospoliticosveracruz.com\/wp-content\/uploads\/2019\/08\/Chapo-Pepe-Mancha.png","contentUrl":"https:\/\/lospoliticosveracruz.com\/wp-content\/uploads\/2019\/08\/Chapo-Pepe-Mancha.png","width":600,"height":343},{"@type":"BreadcrumbList","@id":"https:\/\/lospoliticosveracruz.com\/?p=49364#breadcrumb","itemListElement":[{"@type":"ListItem","position":1,"name":"Portada","item":"https:\/\/lospoliticosveracruz.com\/"},{"@type":"ListItem","position":2,"name":"El PAN en busca de la credibilidad"}]},{"@type":"WebSite","@id":"https:\/\/lospoliticosveracruz.com\/#website","url":"https:\/\/lospoliticosveracruz.com\/","name":"Los pol\u00edticos Veracruz","description":"","publisher":{"@id":"https:\/\/lospoliticosveracruz.com\/#organization"},"potentialAction":[{"@type":"SearchAction","target":{"@type":"EntryPoint","urlTemplate":"https:\/\/lospoliticosveracruz.com\/?s={search_term_string}"},"query-input":{"@type":"PropertyValueSpecification","valueRequired":true,"valueName":"search_term_string"}}],"inLanguage":"es"},{"@type":"Organization","@id":"https:\/\/lospoliticosveracruz.com\/#organization","name":"Los pol\u00edticos Veracruz","url":"https:\/\/lospoliticosveracruz.com\/","logo":{"@type":"ImageObject","inLanguage":"es","@id":"https:\/\/lospoliticosveracruz.com\/#\/schema\/logo\/image\/","url":"https:\/\/lospoliticosveracruz.com\/wp-content\/uploads\/2025\/12\/Logo-Nuevo-LOS-POLITICOS-1.jpg","contentUrl":"https:\/\/lospoliticosveracruz.com\/wp-content\/uploads\/2025\/12\/Logo-Nuevo-LOS-POLITICOS-1.jpg","width":260,"height":70,"caption":"Los pol\u00edticos Veracruz"},"image":{"@id":"https:\/\/lospoliticosveracruz.com\/#\/schema\/logo\/image\/"},"sameAs":["https:\/\/www.facebook.com\/people\/Notimemes-de-los-Polticos\/61565672886568\/","https:\/\/x.com\/LosPoliticosVer"]},{"@type":"Person","@id":"https:\/\/lospoliticosveracruz.com\/#\/schema\/person\/b8702bb0e538456e6efd07080bf2a4a2","name":"Lo viste en Los Pol\u00edticos","image":{"@type":"ImageObject","inLanguage":"es","@id":"https:\/\/secure.gravatar.com\/avatar\/3a8de04a2656d44082be478bd6c086daa447c4651605818287b9532d3d0bd435?s=96&d=mm&r=g","url":"https:\/\/secure.gravatar.com\/avatar\/3a8de04a2656d44082be478bd6c086daa447c4651605818287b9532d3d0bd435?s=96&d=mm&r=g","contentUrl":"https:\/\/secure.gravatar.com\/avatar\/3a8de04a2656d44082be478bd6c086daa447c4651605818287b9532d3d0bd435?s=96&d=mm&r=g","caption":"Lo viste en Los Pol\u00edticos"},"url":"https:\/\/lospoliticosveracruz.com\/?author=2"}]}},"_links":{"self":[{"href":"https:\/\/lospoliticosveracruz.com\/index.php?rest_route=\/wp\/v2\/posts\/49364","targetHints":{"allow":["GET"]}}],"collection":[{"href":"https:\/\/lospoliticosveracruz.com\/index.php?rest_route=\/wp\/v2\/posts"}],"about":[{"href":"https:\/\/lospoliticosveracruz.com\/index.php?rest_route=\/wp\/v2\/types\/post"}],"author":[{"embeddable":true,"href":"https:\/\/lospoliticosveracruz.com\/index.php?rest_route=\/wp\/v2\/users\/2"}],"replies":[{"embeddable":true,"href":"https:\/\/lospoliticosveracruz.com\/index.php?rest_route=%2Fwp%2Fv2%2Fcomments&post=49364"}],"version-history":[{"count":1,"href":"https:\/\/lospoliticosveracruz.com\/index.php?rest_route=\/wp\/v2\/posts\/49364\/revisions"}],"predecessor-version":[{"id":49366,"href":"https:\/\/lospoliticosveracruz.com\/index.php?rest_route=\/wp\/v2\/posts\/49364\/revisions\/49366"}],"wp:featuredmedia":[{"embeddable":true,"href":"https:\/\/lospoliticosveracruz.com\/index.php?rest_route=\/wp\/v2\/media\/49365"}],"wp:attachment":[{"href":"https:\/\/lospoliticosveracruz.com\/index.php?rest_route=%2Fwp%2Fv2%2Fmedia&parent=49364"}],"wp:term":[{"taxonomy":"category","embeddable":true,"href":"https:\/\/lospoliticosveracruz.com\/index.php?rest_route=%2Fwp%2Fv2%2Fcategories&post=49364"},{"taxonomy":"post_tag","embeddable":true,"href":"https:\/\/lospoliticosveracruz.com\/index.php?rest_route=%2Fwp%2Fv2%2Ftags&post=49364"}],"curies":[{"name":"wp","href":"https:\/\/api.w.org\/{rel}","templated":true}]}}