{"id":49376,"date":"2019-08-29T22:55:16","date_gmt":"2019-08-30T03:55:16","guid":{"rendered":"http:\/\/www.lospoliticosveracruz.com.mx\/?p=49376"},"modified":"2019-08-29T21:21:26","modified_gmt":"2019-08-30T02:21:26","slug":"los-9-casi-8-por-el-orfis","status":"publish","type":"post","link":"https:\/\/lospoliticosveracruz.com\/?p=49376","title":{"rendered":"Los 9 (casi 8) por el Orfis"},"content":{"rendered":"<p><strong>Salvador Mu\u00f1oz<\/strong><\/p>\n<p><em>Los Pol\u00edticos<\/em><\/p>\n<p><span style=\"font-weight: 400;\">Hasta este mi\u00e9rcoles 28, la Comisi\u00f3n de Vigilancia del Congreso del Estado ten\u00eda registrado a nueve aspirantes a ocupar el cargo de Auditor General del \u00d3rgano de Fiscalizaci\u00f3n Superior del Estado (Orfis) aunque el plazo para la recepci\u00f3n de documentaci\u00f3n concluye este lunes, lo que pudiera suponer que la lista de \u201cquerendones\u201d se incremente\u2026 o no.<\/span><\/p>\n<p><span style=\"font-weight: 400;\">Los 15 diputados que integran la Comisi\u00f3n de Vigilancia tendr\u00e1n oportunidad de conocer trayectoria, conocimientos en materia de auditor\u00eda financiera, control de cuentas p\u00fablicas y responsabilidades administrativas.<\/span><\/p>\n<p><span style=\"font-weight: 400;\">Sin que se tenga la seguridad, se dice que entre los que se apuntaron hasta este mi\u00e9rcoles est\u00e1n los siguientes personajes:<\/span><\/p>\n<p><span style=\"font-weight: 400;\">Ren\u00e9 Mariani Ochoa, V\u00edctor Molina Barr\u00f3n, Sergio V\u00e1zquez Jim\u00e9nez, Arturo Rivera Hern\u00e1ndez, Javier Cruz Salas, Jos\u00e9 Eufrasio Lira, Ra\u00fal Morales Flandes (aunque dicen que este viernes realmente entrega su documentaci\u00f3n), Angel Guti\u00e9rrez de Velasco Hoyos y Lorenzo Antonio Portilla V\u00e1squez, considerado \u00e9ste, como el rival a vencer en la \u201ccontienda\u201d.<\/span><\/p>\n<p><span style=\"font-weight: 400;\">De esta supuesta lista hay detalles a destacar, por principio, la de Ren\u00e9 Mariani Ochoa, \u201cfundador\u201d por as\u00ed decirlo del Orfis y quien hace poco igual contendi\u00f3 por llegar a la titularidad de la Auditor\u00eda Superior de la Federaci\u00f3n, pero se qued\u00f3 en la \u00faltima ronda\u2026<\/span><\/p>\n<p><span style=\"font-weight: 400;\">Se destaca lo de Mariani por un ligero detalle: En la convocatoria, en el punto 2 de los Requisitos para los Aspirantes, se cita lo siguiente: \u201cTener, cuando menos, treinta y cinco a\u00f1os cumplidos y no m\u00e1s de setenta al d\u00eda de su designaci\u00f3n\u201d.<\/span><\/p>\n<p><span style=\"font-weight: 400;\">Si Pit\u00e1goras no falla y tampoco las fuentes, Ren\u00e9 Mariani tiene cumplidos 72 a\u00f1os. Se agrega que, previo a esta lista, amigos cercanos al Contador aseguraban que el oriundo de Tlapacoyan les hab\u00eda dicho que no participar\u00eda, aunque en el Congreso, de acuerdo a las fuentes legislativas, ya estaba apuntado\u2026 bueno, pero si se aplica lo dicho en la Convocatoria, hablamos de 8 aspirantes.<\/span><\/p>\n<p><span style=\"font-weight: 400;\">Dos datos interesantes m\u00e1s al menos en esta lista previa al lunes\u2026 no aparece el gallo del secretario de Finanzas, Jos\u00e9 Lima Franco, quien hasta hace una semana, lo destaparon en la columna N\u00fameros Rojos de Brenda Caballero y posteriormente, hasta una entrevista en medio jarocho le hicieron: Ricardo Rodr\u00edguez D\u00edaz, actual Subsecretario de Ingresos de la Sefiplan. Sin embargo, algo ocurri\u00f3 porque \u201cel destapado\u201d fue desinflado al d\u00eda siguiente cuando de la misma Sefiplan \u201cdestapan\u201d a otra: A la Procuradora Fiscal, Delia Gonz\u00e1lez Cobos\u2026 insisto, estamos hablando de la supuesta lista del mi\u00e9rcoles\u2026 qui\u00e9n sabe si este jueves, viernes y lunes le entren, aunque\u2026<\/span><\/p>\n<p><span style=\"font-weight: 400;\">El \u201cAunque\u201d obedece a que en el caso de que se animaran a contender tanto Ricardo Rodr\u00edguez como Delia Gonz\u00e1lez, llevar\u00edan en su sola participaci\u00f3n, un sello particular que lejos de mantener en el Orfis esa autonom\u00eda e independencia que hay, los encasillar\u00eda a un flanco: posici\u00f3n de Morena. Se supone que Morena quiere evitar los \u201ccarnales\u201d.<\/span><\/p>\n<p><span style=\"font-weight: 400;\">Otro que hasta este mi\u00e9rcoles pasado no apareci\u00f3, fue Iv\u00e1n \u201cEl Burro\u201d L\u00f3pez Fern\u00e1ndez que junto con Sergio V\u00e1zquez Jim\u00e9nez, han sido vapuleados en los medios por su fama, bien o mal ganada\u2026<\/span><\/p>\n<p><span style=\"font-weight: 400;\">Como sea\u2026 hasta este momento, el rival a vencer en esta contienda por la titularidad del Orfis, sigue siendo de manera natural, Lorenzo Antonio Portilla V\u00e1squez, sin que haya preferencia y s\u00ed l\u00f3gica: es el Auditor actual, sabe el derecho y el rev\u00e9s de un Orfis que evolucion\u00f3 a pasos agigantados en sus sistemas de trabajo con el desarrollo de programas inform\u00e1ticos, hoy de vanguardia a nivel nacional, utilizados por la misma Auditor\u00eda Superior de la Federaci\u00f3n; a destacar, el Sigmaver (Sistema de Informaci\u00f3n y Gesti\u00f3n Municipal Armonizado de Veracruz), el Sefisver (Sistema de Evaluaci\u00f3n y Fiscalizaci\u00f3n de Veracruz), el Sistema de Informaci\u00f3n Municipal de Veracruz (Simver). De su trabajo, pueden hablar los entes auditados (y depender\u00e1 de sus resultados). Habr\u00e1 que ver si el lunes se incrementa el n\u00famero de suspirantes que al menos hasta el mi\u00e9rcoles, era de nueve&#8230; tendiendo a 8.<\/span><\/p>\n<p>&nbsp;<\/p>\n<p><span style=\"font-weight: 400;\">smcainito@gmail.com<\/span><\/p>\n<p>&nbsp;<\/p>\n","protected":false},"excerpt":{"rendered":"<p>Salvador Mu\u00f1oz Los Pol\u00edticos Hasta este mi\u00e9rcoles 28, la Comisi\u00f3n de Vigilancia del Congreso del Estado ten\u00eda registrado a nueve aspirantes a ocupar el cargo de Auditor General del \u00d3rgano de Fiscalizaci\u00f3n Superior del Estado (Orfis) aunque el plazo para la recepci\u00f3n de documentaci\u00f3n concluye este lunes, lo que pudiera suponer que la lista de [&hellip;]<\/p>\n","protected":false},"author":2,"featured_media":0,"comment_status":"open","ping_status":"open","sticky":false,"template":"","format":"standard","meta":{"tdm_status":"","tdm_grid_status":"","footnotes":""},"categories":[70],"tags":[3611,15100,15134,6866,135,15101,10279,9470,195],"class_list":{"0":"post-49376","1":"post","2":"type-post","3":"status-publish","4":"format-standard","6":"category-de-opinion","7":"tag-comision-de-vigilancia","8":"tag-javier-cruz-salas","9":"tag-jose-eufrasio-lira","10":"tag-lorenzo-antonio-portilla-vasquez","11":"tag-orfis","12":"tag-raul-morales-flandes","13":"tag-rene-mariani-ochoa","14":"tag-sergio-vazquez-jimenez","15":"tag-veracruz"},"yoast_head":"<!-- This site is optimized with the Yoast SEO plugin v27.4 - https:\/\/yoast.com\/product\/yoast-seo-wordpress\/ -->\n<title>Los 9 (casi 8) por el Orfis - Los pol\u00edticos Veracruz<\/title>\n<meta name=\"robots\" content=\"index, follow, max-snippet:-1, max-image-preview:large, max-video-preview:-1\" \/>\n<link rel=\"canonical\" href=\"https:\/\/lospoliticosveracruz.com\/?p=49376\" \/>\n<meta property=\"og:locale\" content=\"es_ES\" \/>\n<meta property=\"og:type\" content=\"article\" \/>\n<meta property=\"og:title\" content=\"Los 9 (casi 8) por el Orfis - Los pol\u00edticos Veracruz\" \/>\n<meta property=\"og:description\" content=\"Salvador Mu\u00f1oz Los Pol\u00edticos Hasta este mi\u00e9rcoles 28, la Comisi\u00f3n de Vigilancia del Congreso del Estado ten\u00eda registrado a nueve aspirantes a ocupar el cargo de Auditor General del \u00d3rgano de Fiscalizaci\u00f3n Superior del Estado (Orfis) aunque el plazo para la recepci\u00f3n de documentaci\u00f3n concluye este lunes, lo que pudiera suponer que la lista de [&hellip;]\" \/>\n<meta property=\"og:url\" content=\"https:\/\/lospoliticosveracruz.com\/?p=49376\" \/>\n<meta property=\"og:site_name\" content=\"Los pol\u00edticos Veracruz\" \/>\n<meta property=\"article:publisher\" content=\"https:\/\/www.facebook.com\/people\/Notimemes-de-los-Polticos\/61565672886568\/\" \/>\n<meta property=\"article:published_time\" content=\"2019-08-30T03:55:16+00:00\" \/>\n<meta property=\"og:image\" content=\"https:\/\/lospoliticosveracruz.com\/wp-content\/uploads\/2016\/07\/Logo-Dor.jpg\" \/>\n\t<meta property=\"og:image:width\" content=\"200\" \/>\n\t<meta property=\"og:image:height\" content=\"200\" \/>\n\t<meta property=\"og:image:type\" content=\"image\/jpeg\" \/>\n<meta name=\"author\" content=\"Lo viste en Los Pol\u00edticos\" \/>\n<meta name=\"twitter:card\" content=\"summary_large_image\" \/>\n<meta name=\"twitter:creator\" content=\"@LosPoliticosVer\" \/>\n<meta name=\"twitter:site\" content=\"@LosPoliticosVer\" \/>\n<meta name=\"twitter:label1\" content=\"Escrito por\" \/>\n\t<meta name=\"twitter:data1\" content=\"Lo viste en Los Pol\u00edticos\" \/>\n\t<meta name=\"twitter:label2\" content=\"Tiempo de lectura\" \/>\n\t<meta name=\"twitter:data2\" content=\"4 minutos\" \/>\n<script type=\"application\/ld+json\" class=\"yoast-schema-graph\">{\"@context\":\"https:\\\/\\\/schema.org\",\"@graph\":[{\"@type\":\"Article\",\"@id\":\"https:\\\/\\\/lospoliticosveracruz.com\\\/?p=49376#article\",\"isPartOf\":{\"@id\":\"https:\\\/\\\/lospoliticosveracruz.com\\\/?p=49376\"},\"author\":{\"name\":\"Lo viste en Los Pol\u00edticos\",\"@id\":\"https:\\\/\\\/lospoliticosveracruz.com\\\/#\\\/schema\\\/person\\\/b8702bb0e538456e6efd07080bf2a4a2\"},\"headline\":\"Los 9 (casi 8) por el Orfis\",\"datePublished\":\"2019-08-30T03:55:16+00:00\",\"mainEntityOfPage\":{\"@id\":\"https:\\\/\\\/lospoliticosveracruz.com\\\/?p=49376\"},\"wordCount\":722,\"commentCount\":1,\"publisher\":{\"@id\":\"https:\\\/\\\/lospoliticosveracruz.com\\\/#organization\"},\"keywords\":[\"Comisi\u00f3n de Vigilancia\",\"Javier Cruz Salas\",\"Jos\u00e9 Eufrasio Lira\",\"Lorenzo Antonio Portilla V\u00e1squez\",\"Orfis\",\"Ra\u00fal Morales Flandes\",\"Ren\u00e9 Mariani Ochoa\",\"Sergio V\u00e1zquez Jim\u00e9nez\",\"Veracruz\"],\"articleSection\":[\"De Opini\u00f3n\"],\"inLanguage\":\"es\",\"potentialAction\":[{\"@type\":\"CommentAction\",\"name\":\"Comment\",\"target\":[\"https:\\\/\\\/lospoliticosveracruz.com\\\/?p=49376#respond\"]}]},{\"@type\":\"WebPage\",\"@id\":\"https:\\\/\\\/lospoliticosveracruz.com\\\/?p=49376\",\"url\":\"https:\\\/\\\/lospoliticosveracruz.com\\\/?p=49376\",\"name\":\"Los 9 (casi 8) por el Orfis - Los pol\u00edticos Veracruz\",\"isPartOf\":{\"@id\":\"https:\\\/\\\/lospoliticosveracruz.com\\\/#website\"},\"datePublished\":\"2019-08-30T03:55:16+00:00\",\"breadcrumb\":{\"@id\":\"https:\\\/\\\/lospoliticosveracruz.com\\\/?p=49376#breadcrumb\"},\"inLanguage\":\"es\",\"potentialAction\":[{\"@type\":\"ReadAction\",\"target\":[\"https:\\\/\\\/lospoliticosveracruz.com\\\/?p=49376\"]}]},{\"@type\":\"BreadcrumbList\",\"@id\":\"https:\\\/\\\/lospoliticosveracruz.com\\\/?p=49376#breadcrumb\",\"itemListElement\":[{\"@type\":\"ListItem\",\"position\":1,\"name\":\"Portada\",\"item\":\"https:\\\/\\\/lospoliticosveracruz.com\\\/\"},{\"@type\":\"ListItem\",\"position\":2,\"name\":\"Los 9 (casi 8) por el Orfis\"}]},{\"@type\":\"WebSite\",\"@id\":\"https:\\\/\\\/lospoliticosveracruz.com\\\/#website\",\"url\":\"https:\\\/\\\/lospoliticosveracruz.com\\\/\",\"name\":\"Los pol\u00edticos Veracruz\",\"description\":\"\",\"publisher\":{\"@id\":\"https:\\\/\\\/lospoliticosveracruz.com\\\/#organization\"},\"potentialAction\":[{\"@type\":\"SearchAction\",\"target\":{\"@type\":\"EntryPoint\",\"urlTemplate\":\"https:\\\/\\\/lospoliticosveracruz.com\\\/?s={search_term_string}\"},\"query-input\":{\"@type\":\"PropertyValueSpecification\",\"valueRequired\":true,\"valueName\":\"search_term_string\"}}],\"inLanguage\":\"es\"},{\"@type\":\"Organization\",\"@id\":\"https:\\\/\\\/lospoliticosveracruz.com\\\/#organization\",\"name\":\"Los pol\u00edticos Veracruz\",\"url\":\"https:\\\/\\\/lospoliticosveracruz.com\\\/\",\"logo\":{\"@type\":\"ImageObject\",\"inLanguage\":\"es\",\"@id\":\"https:\\\/\\\/lospoliticosveracruz.com\\\/#\\\/schema\\\/logo\\\/image\\\/\",\"url\":\"https:\\\/\\\/lospoliticosveracruz.com\\\/wp-content\\\/uploads\\\/2025\\\/12\\\/Logo-Nuevo-LOS-POLITICOS-1.jpg\",\"contentUrl\":\"https:\\\/\\\/lospoliticosveracruz.com\\\/wp-content\\\/uploads\\\/2025\\\/12\\\/Logo-Nuevo-LOS-POLITICOS-1.jpg\",\"width\":260,\"height\":70,\"caption\":\"Los pol\u00edticos Veracruz\"},\"image\":{\"@id\":\"https:\\\/\\\/lospoliticosveracruz.com\\\/#\\\/schema\\\/logo\\\/image\\\/\"},\"sameAs\":[\"https:\\\/\\\/www.facebook.com\\\/people\\\/Notimemes-de-los-Polticos\\\/61565672886568\\\/\",\"https:\\\/\\\/x.com\\\/LosPoliticosVer\"]},{\"@type\":\"Person\",\"@id\":\"https:\\\/\\\/lospoliticosveracruz.com\\\/#\\\/schema\\\/person\\\/b8702bb0e538456e6efd07080bf2a4a2\",\"name\":\"Lo viste en Los Pol\u00edticos\",\"image\":{\"@type\":\"ImageObject\",\"inLanguage\":\"es\",\"@id\":\"https:\\\/\\\/secure.gravatar.com\\\/avatar\\\/3a8de04a2656d44082be478bd6c086daa447c4651605818287b9532d3d0bd435?s=96&d=mm&r=g\",\"url\":\"https:\\\/\\\/secure.gravatar.com\\\/avatar\\\/3a8de04a2656d44082be478bd6c086daa447c4651605818287b9532d3d0bd435?s=96&d=mm&r=g\",\"contentUrl\":\"https:\\\/\\\/secure.gravatar.com\\\/avatar\\\/3a8de04a2656d44082be478bd6c086daa447c4651605818287b9532d3d0bd435?s=96&d=mm&r=g\",\"caption\":\"Lo viste en Los Pol\u00edticos\"},\"url\":\"https:\\\/\\\/lospoliticosveracruz.com\\\/?author=2\"}]}<\/script>\n<!-- \/ Yoast SEO plugin. -->","yoast_head_json":{"title":"Los 9 (casi 8) por el Orfis - Los pol\u00edticos Veracruz","robots":{"index":"index","follow":"follow","max-snippet":"max-snippet:-1","max-image-preview":"max-image-preview:large","max-video-preview":"max-video-preview:-1"},"canonical":"https:\/\/lospoliticosveracruz.com\/?p=49376","og_locale":"es_ES","og_type":"article","og_title":"Los 9 (casi 8) por el Orfis - Los pol\u00edticos Veracruz","og_description":"Salvador Mu\u00f1oz Los Pol\u00edticos Hasta este mi\u00e9rcoles 28, la Comisi\u00f3n de Vigilancia del Congreso del Estado ten\u00eda registrado a nueve aspirantes a ocupar el cargo de Auditor General del \u00d3rgano de Fiscalizaci\u00f3n Superior del Estado (Orfis) aunque el plazo para la recepci\u00f3n de documentaci\u00f3n concluye este lunes, lo que pudiera suponer que la lista de [&hellip;]","og_url":"https:\/\/lospoliticosveracruz.com\/?p=49376","og_site_name":"Los pol\u00edticos Veracruz","article_publisher":"https:\/\/www.facebook.com\/people\/Notimemes-de-los-Polticos\/61565672886568\/","article_published_time":"2019-08-30T03:55:16+00:00","og_image":[{"width":200,"height":200,"url":"https:\/\/lospoliticosveracruz.com\/wp-content\/uploads\/2016\/07\/Logo-Dor.jpg","type":"image\/jpeg"}],"author":"Lo viste en Los Pol\u00edticos","twitter_card":"summary_large_image","twitter_creator":"@LosPoliticosVer","twitter_site":"@LosPoliticosVer","twitter_misc":{"Escrito por":"Lo viste en Los Pol\u00edticos","Tiempo de lectura":"4 minutos"},"schema":{"@context":"https:\/\/schema.org","@graph":[{"@type":"Article","@id":"https:\/\/lospoliticosveracruz.com\/?p=49376#article","isPartOf":{"@id":"https:\/\/lospoliticosveracruz.com\/?p=49376"},"author":{"name":"Lo viste en Los Pol\u00edticos","@id":"https:\/\/lospoliticosveracruz.com\/#\/schema\/person\/b8702bb0e538456e6efd07080bf2a4a2"},"headline":"Los 9 (casi 8) por el Orfis","datePublished":"2019-08-30T03:55:16+00:00","mainEntityOfPage":{"@id":"https:\/\/lospoliticosveracruz.com\/?p=49376"},"wordCount":722,"commentCount":1,"publisher":{"@id":"https:\/\/lospoliticosveracruz.com\/#organization"},"keywords":["Comisi\u00f3n de Vigilancia","Javier Cruz Salas","Jos\u00e9 Eufrasio Lira","Lorenzo Antonio Portilla V\u00e1squez","Orfis","Ra\u00fal Morales Flandes","Ren\u00e9 Mariani Ochoa","Sergio V\u00e1zquez Jim\u00e9nez","Veracruz"],"articleSection":["De Opini\u00f3n"],"inLanguage":"es","potentialAction":[{"@type":"CommentAction","name":"Comment","target":["https:\/\/lospoliticosveracruz.com\/?p=49376#respond"]}]},{"@type":"WebPage","@id":"https:\/\/lospoliticosveracruz.com\/?p=49376","url":"https:\/\/lospoliticosveracruz.com\/?p=49376","name":"Los 9 (casi 8) por el Orfis - Los pol\u00edticos Veracruz","isPartOf":{"@id":"https:\/\/lospoliticosveracruz.com\/#website"},"datePublished":"2019-08-30T03:55:16+00:00","breadcrumb":{"@id":"https:\/\/lospoliticosveracruz.com\/?p=49376#breadcrumb"},"inLanguage":"es","potentialAction":[{"@type":"ReadAction","target":["https:\/\/lospoliticosveracruz.com\/?p=49376"]}]},{"@type":"BreadcrumbList","@id":"https:\/\/lospoliticosveracruz.com\/?p=49376#breadcrumb","itemListElement":[{"@type":"ListItem","position":1,"name":"Portada","item":"https:\/\/lospoliticosveracruz.com\/"},{"@type":"ListItem","position":2,"name":"Los 9 (casi 8) por el Orfis"}]},{"@type":"WebSite","@id":"https:\/\/lospoliticosveracruz.com\/#website","url":"https:\/\/lospoliticosveracruz.com\/","name":"Los pol\u00edticos Veracruz","description":"","publisher":{"@id":"https:\/\/lospoliticosveracruz.com\/#organization"},"potentialAction":[{"@type":"SearchAction","target":{"@type":"EntryPoint","urlTemplate":"https:\/\/lospoliticosveracruz.com\/?s={search_term_string}"},"query-input":{"@type":"PropertyValueSpecification","valueRequired":true,"valueName":"search_term_string"}}],"inLanguage":"es"},{"@type":"Organization","@id":"https:\/\/lospoliticosveracruz.com\/#organization","name":"Los pol\u00edticos Veracruz","url":"https:\/\/lospoliticosveracruz.com\/","logo":{"@type":"ImageObject","inLanguage":"es","@id":"https:\/\/lospoliticosveracruz.com\/#\/schema\/logo\/image\/","url":"https:\/\/lospoliticosveracruz.com\/wp-content\/uploads\/2025\/12\/Logo-Nuevo-LOS-POLITICOS-1.jpg","contentUrl":"https:\/\/lospoliticosveracruz.com\/wp-content\/uploads\/2025\/12\/Logo-Nuevo-LOS-POLITICOS-1.jpg","width":260,"height":70,"caption":"Los pol\u00edticos Veracruz"},"image":{"@id":"https:\/\/lospoliticosveracruz.com\/#\/schema\/logo\/image\/"},"sameAs":["https:\/\/www.facebook.com\/people\/Notimemes-de-los-Polticos\/61565672886568\/","https:\/\/x.com\/LosPoliticosVer"]},{"@type":"Person","@id":"https:\/\/lospoliticosveracruz.com\/#\/schema\/person\/b8702bb0e538456e6efd07080bf2a4a2","name":"Lo viste en Los Pol\u00edticos","image":{"@type":"ImageObject","inLanguage":"es","@id":"https:\/\/secure.gravatar.com\/avatar\/3a8de04a2656d44082be478bd6c086daa447c4651605818287b9532d3d0bd435?s=96&d=mm&r=g","url":"https:\/\/secure.gravatar.com\/avatar\/3a8de04a2656d44082be478bd6c086daa447c4651605818287b9532d3d0bd435?s=96&d=mm&r=g","contentUrl":"https:\/\/secure.gravatar.com\/avatar\/3a8de04a2656d44082be478bd6c086daa447c4651605818287b9532d3d0bd435?s=96&d=mm&r=g","caption":"Lo viste en Los Pol\u00edticos"},"url":"https:\/\/lospoliticosveracruz.com\/?author=2"}]}},"_links":{"self":[{"href":"https:\/\/lospoliticosveracruz.com\/index.php?rest_route=\/wp\/v2\/posts\/49376","targetHints":{"allow":["GET"]}}],"collection":[{"href":"https:\/\/lospoliticosveracruz.com\/index.php?rest_route=\/wp\/v2\/posts"}],"about":[{"href":"https:\/\/lospoliticosveracruz.com\/index.php?rest_route=\/wp\/v2\/types\/post"}],"author":[{"embeddable":true,"href":"https:\/\/lospoliticosveracruz.com\/index.php?rest_route=\/wp\/v2\/users\/2"}],"replies":[{"embeddable":true,"href":"https:\/\/lospoliticosveracruz.com\/index.php?rest_route=%2Fwp%2Fv2%2Fcomments&post=49376"}],"version-history":[{"count":1,"href":"https:\/\/lospoliticosveracruz.com\/index.php?rest_route=\/wp\/v2\/posts\/49376\/revisions"}],"predecessor-version":[{"id":49377,"href":"https:\/\/lospoliticosveracruz.com\/index.php?rest_route=\/wp\/v2\/posts\/49376\/revisions\/49377"}],"wp:attachment":[{"href":"https:\/\/lospoliticosveracruz.com\/index.php?rest_route=%2Fwp%2Fv2%2Fmedia&parent=49376"}],"wp:term":[{"taxonomy":"category","embeddable":true,"href":"https:\/\/lospoliticosveracruz.com\/index.php?rest_route=%2Fwp%2Fv2%2Fcategories&post=49376"},{"taxonomy":"post_tag","embeddable":true,"href":"https:\/\/lospoliticosveracruz.com\/index.php?rest_route=%2Fwp%2Fv2%2Ftags&post=49376"}],"curies":[{"name":"wp","href":"https:\/\/api.w.org\/{rel}","templated":true}]}}