{"id":49542,"date":"2019-09-06T08:53:47","date_gmt":"2019-09-06T13:53:47","guid":{"rendered":"http:\/\/www.lospoliticosveracruz.com.mx\/?p=49542"},"modified":"2019-09-06T08:53:47","modified_gmt":"2019-09-06T13:53:47","slug":"los-3-dias-de-pozos","status":"publish","type":"post","link":"https:\/\/lospoliticosveracruz.com\/?p=49542","title":{"rendered":"Los 3 d\u00edas de Pozos"},"content":{"rendered":"<p><b>Ricardo Ch\u00faa<\/b><\/p>\n<p><i>Sale y Vale<\/i><\/p>\n<p>OJO&#8230; En esta \u00abguerra\u00bb con MORENA nos cuentan que saltara un esc\u00e1ndalo de grupos empresariales ligados al PAN&#8230; Donde dan santo y se\u00f1a de un edificio ubicado por bulevar Miguel Alem\u00e1n, donde est\u00e1 un gym que no cierra las 24 horas, en Boca del R\u00eco por la zona de \u00abEl Morro\u00bb, donde hay oficinas que se dedican a \u00abcondonar\u00bb impuestos estatales&#8230; Previo acuerdo$&#8230; Las \u00ablenguas de doble filo\u00bb cuentan que esos \u00abmoches\u00bb operan directamente en SEFIPLAN&#8230; Ser\u00e1 un \u00abmegamameyazo\u00bb para el gobierno estatal de no robar&#8230; Ja ja ja&#8230; MOCOS PETRA&#8230;<\/p>\n<p>EXTRA&#8230; Los que se dedican a la \u00abgrilla palaciega\u00bb y a la \u00abintriga y el enga\u00f1o\u00bb quieren ver&#8230; Si en verdad la Contralora del Estado, Leslie Garibo Puga, la que protegi\u00f3 a Cuitl\u00e1huac y a su primo Eleazar Guerrero, de una investigaci\u00f3n de la Fiscal\u00eda Anticorrupci\u00f3n, por presunto delito de nepotismo&#8230; Ser\u00e1 capaz de INVESTIGAR no a Fidel, PapaYunes o Duarte&#8230; Sino al gobierno de Miguel Alem\u00e1n Velasco, por presuntas anomal\u00edas con el manejo de recursos federales&#8230; \u00bfQui\u00e9n ser\u00e1 el valiente?&#8230; \u00bfCuitl\u00e1huac?&#8230; Juar, juar. juar&#8230; Alem\u00e0n no es Winckler&#8230;<\/p>\n<p>Y lo se\u00f1alan porque Garibo Puga meti\u00f3 a la Secretaria de la Funci\u00f3n P\u00fablica, Irma Erendira Sandoval, en el tema, la misma que acaba de EXONERAR a Manuel Barttlet, director de CFE, pese a que se comprob\u00f3 que no declaro 25 mansiones que tiene en varios puntos del pa\u00eds&#8230; Y que no son comparables con lo ganado por \u00e9l, que vive de la pol\u00edtica&#8230; As\u00ed que dif\u00edcilmente molestaran a Alem\u00e1n Velasco&#8230; Sobre todo cuando su hijo, Miguel Alem\u00e1n Magnani, es consejero empresarial de L\u00f3pez Obrador&#8230; Esta declaraci\u00f3n es medi\u00e1tica&#8230; Otra \u00abcortina de humo\u00bb&#8230;<\/p>\n<p>CUITL\u00c1HUAC, FGE Y LA SCJN&#8230; Si como se\u00f1alan los que saben del tema, el PAN mete una \u00abCONTROVERSIA CONSTITUCIONAL\u00bb por el tema de la Fiscal\u00eda de Veracruz y la remoci\u00f3n de Jorge Winckler v\u00eda el Senado&#8230; Cuitl\u00e1huac Garc\u00eda y Jos\u00e9 Manuel Pozos Castro, pueden estar a punto de sentir, lo que siente Winckler ahora que no tiene su oficina en la FGE&#8230; El que embarc\u00f3 al gobernador en esta aventura de \u00abinvadir\u00bb a la Fiscal\u00eda, le va tener que plantear el escenario de una buena defensa jur\u00eddica por los conflictos que le vienen con los ministros&#8230;<\/p>\n<p>Si el gobierno estatal y la c\u00e1mara de diputados locales de MORENA pensaron, que por lo sucedido en Baja California Norte, la Ley Bonilla y la intenci\u00f3n de dejar a Porfirio Mu\u00f1oz Ledo, en la presidencia de la c\u00e1mara de diputados federales&#8230; Les iba a funcionar por \u00abaplanadora\u00bb ya vieron que NO&#8230; Recularon porque Andr\u00e9s Manuel se dio cuenta que la SCJN lo iba a fregar y por eso mand\u00f3 a la ex ministro, Olga S\u00e0nchez, a decir a Mu\u00f1oz Ledo que siempre NO&#8230; Lo dem\u00e1s es historia&#8230;<\/p>\n<p>Y para que se refresque la memoria&#8230; Cuitl\u00e1huac tiene un PENDIENTE EN LA SCJN con el tema de desacato por no entregar participaciones federal al gobierno de Xalapa&#8230; Esa no ha salido&#8230; Ahora se mete en el tema de Winckler con evidencia que el gobierno estatal est\u00e1 detr\u00e1s de la remoci\u00f3n.. Pero qu\u00e9 necesidad&#8230; 18 a\u00f1os de silencio y 15 minutos de fama para Ver\u00f3nica Hern\u00e1ndez&#8230; Y al gobernador jarocho los Ministros le recuerdan que hay un dictamen pendiente y con lo de Winckler le dieron el pretexto para actuar&#8230;<\/p>\n<p>Hace dos semanas&#8230; En este espacio escribimos que en su \u00faltimo debate de Carlos Loret en Televisa donde llev\u00f3 a los dirigentes nacionales del PRI, PAN y MORENA&#8230; S\u00f3lo Marko Cort\u00e9s hizo notar las \u00abchicanas\u00bb legales que estaba ocupando el gobierno de L\u00f3pez Obrador para poner a prueba su autoritarismo y el manejo del Congreso de la Uni\u00f3n&#8230; Ten\u00edan el tema de Ley Bonilla y el caso del aeropuerto de Santa Lucia&#8230; Pasadas dos semanas lo de la Fiscal\u00eda de Veracruz es otra pruebas de esas \u00abchicanadas\u00bb&#8230; Pero cost\u00f3 30 muertos en un bar&#8230;<\/p>\n<p>Por eso y aunque digan que NO los adoradores de la 4T&#8230; La SCJN se dio cuenta de estas acciones y decidi\u00f3 actuar en consecuencia.. Y por eso una juez federal en Xalapa requiri\u00f3 que Pozos Castro justificar\u00e1 la separaci\u00f3n temporal de Jorge Winckler&#8230; Y lo meti\u00f3 en un conflicto legal porque tiene que fundamentar y motivar esa acci\u00f3n&#8230; Que de no hacerlo al propio Presidente del Congreso de Veracruz, previa denuncia, le puede costar que Winckler le solicite un JUICIO POL\u00cdTICO al diputado tuxpe\u00f1o&#8230; NO MMN..<\/p>\n<p>Y si hay una Controversia Constitucional de por medio&#8230; Pozos podr\u00eda no terminar su periodo como diputado&#8230; Al final de cuentas, el Fiscal suspendido le \u00abjug\u00f3 con coco\u00bb y pidi\u00f3 el incidente de violaci\u00f3n, no amparo&#8230; Por eso lo promovi\u00f3 para que se respete el amparo y provoca que la juez pida que se funde y motive su salida temporal&#8230; Y de no hacerlo entonces es un delito que va de los 3 a 9 a\u00f1os de c\u00e1rcel&#8230;. Lo que implica que se vaya al Juicio Pol\u00edtico antes mencionado contra el diputado presidente&#8230; Que embarrada&#8230;<\/p>\n<p>Para que se entienda&#8230; La fundamentaci\u00f3n que pide la juez federal son los art\u00edculos en donde se basaron para removerlo&#8230; Que los violaron todos&#8230; Ayer lo mencionamos: La ley org\u00e1nica, la de la fiscal\u00eda y del Congreso Local&#8230; Y la motivaci\u00f3n es el argumento de que no paso los ex\u00e1menes de confianza&#8230; Y si esto es as\u00ed, s\u00f3lo hay que recordar lo que escribi\u00f3 en su columna, Raymundo Riva Palacio, ayer&#8230; Donde se\u00f1ala que tampoco Eric Cisneros como secretario de Gobierno cuenta con esa certificaci\u00f3n y entra a reuniones de seguridad..<\/p>\n<p>Ya que a pesar que Patrocinio no tiene la Certificaci\u00f2n de Evaluaci\u00f2n de Cofianza del Consejo Nacional de Seguridad P\u00f9blica, como cita Riva Palacios, incurre en la misma falta que presuntamente tuvo Jorge Winckler, al entrar a las Reuniones de Alto Nivel en materia de Seguridad&#8230; As\u00ed que esto s\u00f3lo tiene de \u00abdos sopas\u00bb.. Si el gobierno estatal de MORENA no le baja al tema, las exhibidas ser\u00e1n megaesc\u00e1ndalo para Cuitl\u00e1huac.. Y el PAN a nivel federal presionar\u00e1 para remociones&#8230; Lo que venga ser\u00e1 futuro&#8230; Pero todos se embarraron&#8230;<\/p>\n<p>Todo por no medir los \u00abpecados\u00bb cometidos del mismo orden por altos funcionarios estatales de MORENA.. Ahora el gobierno de Veracruz est\u00e1 entrampado&#8230; Ya que el PAN ir\u00e1 a una campa\u00f1a medi\u00e1tica para desacreditar a Cuitl\u00e1huac&#8230; Politizar la Controversia Constitucional&#8230; Presionar a SCJN con el tema de desacato de Cuitl\u00e0huac&#8230; Y obligar a AMLO que act\u00fae como lo hizo con Mu\u00f1oz Ledo al quitarlo de la presidencia de la c\u00e1mara baja del Congreso Federal&#8230; No cabe duda, la ignorancia da valor y Veracruz es prueba de ello&#8230; AMEN&#8230;<\/p>\n<p>BOGAR, EL COLOFON&#8230;. Es en serio que al alcalde de Alvarado, Bogar Ruiz, el gobierno estatal de MORENA lo trae en \u00abmarcaje\u00bb personal, ya que pese a todos los conflictos que vive el Estado&#8230; Cuitl\u00e0huac tiene el OJO bien puesto en este municipio&#8230; Sobre todo que en Palacio de Gobierno se \u00abencabritaron\u00bb cuando se enteraron que el pasado martes, el d\u00eda que se daba la remoci\u00f3n de Winckler&#8230;. El alvarade\u00f1o tuvo sesi\u00f3n de cabildo y se fue con todo contra Eric Cisneros y que \u00e9l gobierna Alvarado como la \u00abLey de Herodes\u00bb donde se chingan o se joden&#8230;<\/p>\n<p>El tema es que la guerra contra sus regidores y sindica contin\u00faan y no dan tregua&#8230; Acus\u00f3 a su tesorero de no pagar los impuestos (Ja ja ja ah\u00ed se la prolong\u00f3) mismo que se descontaba de los trabajadores&#8230; Y recalc\u00f3 que Patrocinio es quien \u00abcilindrea\u00bb a sus ediles para que lo est\u00e9n amuele y amuele&#8230; OJO lo que Bogar Ruiz no se ha dado cuenta, es que si este gobierno estatal ya se atrevi\u00f3 a echarse un caso como el de Winckler y la Fiscal\u00eda&#8230; Qu\u00e9 le costara proceder contra un alcalde que est\u00e1 peleado con todos&#8230;<\/p>\n<p>La preocupaci\u00f3n del alcalde debe ser que hay un \u00abFiscal Carnal\u00bb en Veracruz, emanado de la oficina de Patrocinio, al que acusa de provocar todos los desmanes en Alvarado&#8230; Debe poner sus \u00abbarbas a remojar\u00bb porque esos del Gobierno de la 4T a parte de \u00abnonatos\u00bb pol\u00edticos, son vengativos, rencorosos y gustan de la \u00absangre\u00bb pol\u00edtica&#8230; Y como ahorita andan empoderados se sienten como el corrido de Gabino Barreda \u00abel que no entend\u00eda razones andando en la borrechara\u00bb&#8230; Ni las mentadas de madre de Do\u00f1a Tella al estilo Mu\u00f1oz Ledo le van a servir&#8230;<\/p>\n","protected":false},"excerpt":{"rendered":"<p>Ricardo Ch\u00faa Sale y Vale OJO&#8230; En esta \u00abguerra\u00bb con MORENA nos cuentan que saltara un esc\u00e1ndalo de grupos empresariales ligados al PAN&#8230; Donde dan santo y se\u00f1a de un edificio ubicado por bulevar Miguel Alem\u00e1n, donde est\u00e1 un gym que no cierra las 24 horas, en Boca del R\u00eco por la zona de \u00abEl [&hellip;]<\/p>\n","protected":false},"author":2,"featured_media":0,"comment_status":"open","ping_status":"open","sticky":false,"template":"","format":"standard","meta":{"tdm_status":"","tdm_grid_status":"","footnotes":""},"categories":[70],"tags":[12299,6150,11958,195,15165],"class_list":{"0":"post-49542","1":"post","2":"type-post","3":"status-publish","4":"format-standard","6":"category-de-opinion","7":"tag-eric-cisneros-burgos","8":"tag-jorge-winckler-ortiz","9":"tag-jose-manuel-pozos-castro","10":"tag-veracruz","11":"tag-veronica-hernandez-giadans"},"yoast_head":"<!-- This site is optimized with the Yoast SEO plugin v27.4 - https:\/\/yoast.com\/product\/yoast-seo-wordpress\/ -->\n<title>Los 3 d\u00edas de Pozos - Los pol\u00edticos Veracruz<\/title>\n<meta name=\"robots\" content=\"index, follow, max-snippet:-1, max-image-preview:large, max-video-preview:-1\" \/>\n<link rel=\"canonical\" href=\"https:\/\/lospoliticosveracruz.com\/?p=49542\" \/>\n<meta property=\"og:locale\" content=\"es_ES\" \/>\n<meta property=\"og:type\" content=\"article\" \/>\n<meta property=\"og:title\" content=\"Los 3 d\u00edas de Pozos - Los pol\u00edticos Veracruz\" \/>\n<meta property=\"og:description\" content=\"Ricardo Ch\u00faa Sale y Vale OJO&#8230; En esta \u00abguerra\u00bb con MORENA nos cuentan que saltara un esc\u00e1ndalo de grupos empresariales ligados al PAN&#8230; Donde dan santo y se\u00f1a de un edificio ubicado por bulevar Miguel Alem\u00e1n, donde est\u00e1 un gym que no cierra las 24 horas, en Boca del R\u00eco por la zona de \u00abEl [&hellip;]\" \/>\n<meta property=\"og:url\" content=\"https:\/\/lospoliticosveracruz.com\/?p=49542\" \/>\n<meta property=\"og:site_name\" content=\"Los pol\u00edticos Veracruz\" \/>\n<meta property=\"article:publisher\" content=\"https:\/\/www.facebook.com\/people\/Notimemes-de-los-Polticos\/61565672886568\/\" \/>\n<meta property=\"article:published_time\" content=\"2019-09-06T13:53:47+00:00\" \/>\n<meta property=\"og:image\" content=\"https:\/\/lospoliticosveracruz.com\/wp-content\/uploads\/2016\/07\/Logo-Dor.jpg\" \/>\n\t<meta property=\"og:image:width\" content=\"200\" \/>\n\t<meta property=\"og:image:height\" content=\"200\" \/>\n\t<meta property=\"og:image:type\" content=\"image\/jpeg\" \/>\n<meta name=\"author\" content=\"Lo viste en Los Pol\u00edticos\" \/>\n<meta name=\"twitter:card\" content=\"summary_large_image\" \/>\n<meta name=\"twitter:creator\" content=\"@LosPoliticosVer\" \/>\n<meta name=\"twitter:site\" content=\"@LosPoliticosVer\" \/>\n<meta name=\"twitter:label1\" content=\"Escrito por\" \/>\n\t<meta name=\"twitter:data1\" content=\"Lo viste en Los Pol\u00edticos\" \/>\n\t<meta name=\"twitter:label2\" content=\"Tiempo de lectura\" \/>\n\t<meta name=\"twitter:data2\" content=\"7 minutos\" \/>\n<script type=\"application\/ld+json\" class=\"yoast-schema-graph\">{\"@context\":\"https:\\\/\\\/schema.org\",\"@graph\":[{\"@type\":\"Article\",\"@id\":\"https:\\\/\\\/lospoliticosveracruz.com\\\/?p=49542#article\",\"isPartOf\":{\"@id\":\"https:\\\/\\\/lospoliticosveracruz.com\\\/?p=49542\"},\"author\":{\"name\":\"Lo viste en Los Pol\u00edticos\",\"@id\":\"https:\\\/\\\/lospoliticosveracruz.com\\\/#\\\/schema\\\/person\\\/b8702bb0e538456e6efd07080bf2a4a2\"},\"headline\":\"Los 3 d\u00edas de Pozos\",\"datePublished\":\"2019-09-06T13:53:47+00:00\",\"mainEntityOfPage\":{\"@id\":\"https:\\\/\\\/lospoliticosveracruz.com\\\/?p=49542\"},\"wordCount\":1485,\"commentCount\":0,\"publisher\":{\"@id\":\"https:\\\/\\\/lospoliticosveracruz.com\\\/#organization\"},\"keywords\":[\"Eric Cisneros Burgos\",\"Jorge Winckler Ortiz\",\"Jos\u00e9 Manuel Pozos Castro\",\"Veracruz\",\"Ver\u00f3nica Hern\u00e1ndez Giad\u00e1ns\"],\"articleSection\":[\"De Opini\u00f3n\"],\"inLanguage\":\"es\",\"potentialAction\":[{\"@type\":\"CommentAction\",\"name\":\"Comment\",\"target\":[\"https:\\\/\\\/lospoliticosveracruz.com\\\/?p=49542#respond\"]}]},{\"@type\":\"WebPage\",\"@id\":\"https:\\\/\\\/lospoliticosveracruz.com\\\/?p=49542\",\"url\":\"https:\\\/\\\/lospoliticosveracruz.com\\\/?p=49542\",\"name\":\"Los 3 d\u00edas de Pozos - Los pol\u00edticos Veracruz\",\"isPartOf\":{\"@id\":\"https:\\\/\\\/lospoliticosveracruz.com\\\/#website\"},\"datePublished\":\"2019-09-06T13:53:47+00:00\",\"breadcrumb\":{\"@id\":\"https:\\\/\\\/lospoliticosveracruz.com\\\/?p=49542#breadcrumb\"},\"inLanguage\":\"es\",\"potentialAction\":[{\"@type\":\"ReadAction\",\"target\":[\"https:\\\/\\\/lospoliticosveracruz.com\\\/?p=49542\"]}]},{\"@type\":\"BreadcrumbList\",\"@id\":\"https:\\\/\\\/lospoliticosveracruz.com\\\/?p=49542#breadcrumb\",\"itemListElement\":[{\"@type\":\"ListItem\",\"position\":1,\"name\":\"Portada\",\"item\":\"https:\\\/\\\/lospoliticosveracruz.com\\\/\"},{\"@type\":\"ListItem\",\"position\":2,\"name\":\"Los 3 d\u00edas de Pozos\"}]},{\"@type\":\"WebSite\",\"@id\":\"https:\\\/\\\/lospoliticosveracruz.com\\\/#website\",\"url\":\"https:\\\/\\\/lospoliticosveracruz.com\\\/\",\"name\":\"Los pol\u00edticos Veracruz\",\"description\":\"\",\"publisher\":{\"@id\":\"https:\\\/\\\/lospoliticosveracruz.com\\\/#organization\"},\"potentialAction\":[{\"@type\":\"SearchAction\",\"target\":{\"@type\":\"EntryPoint\",\"urlTemplate\":\"https:\\\/\\\/lospoliticosveracruz.com\\\/?s={search_term_string}\"},\"query-input\":{\"@type\":\"PropertyValueSpecification\",\"valueRequired\":true,\"valueName\":\"search_term_string\"}}],\"inLanguage\":\"es\"},{\"@type\":\"Organization\",\"@id\":\"https:\\\/\\\/lospoliticosveracruz.com\\\/#organization\",\"name\":\"Los pol\u00edticos Veracruz\",\"url\":\"https:\\\/\\\/lospoliticosveracruz.com\\\/\",\"logo\":{\"@type\":\"ImageObject\",\"inLanguage\":\"es\",\"@id\":\"https:\\\/\\\/lospoliticosveracruz.com\\\/#\\\/schema\\\/logo\\\/image\\\/\",\"url\":\"https:\\\/\\\/lospoliticosveracruz.com\\\/wp-content\\\/uploads\\\/2025\\\/12\\\/Logo-Nuevo-LOS-POLITICOS-1.jpg\",\"contentUrl\":\"https:\\\/\\\/lospoliticosveracruz.com\\\/wp-content\\\/uploads\\\/2025\\\/12\\\/Logo-Nuevo-LOS-POLITICOS-1.jpg\",\"width\":260,\"height\":70,\"caption\":\"Los pol\u00edticos Veracruz\"},\"image\":{\"@id\":\"https:\\\/\\\/lospoliticosveracruz.com\\\/#\\\/schema\\\/logo\\\/image\\\/\"},\"sameAs\":[\"https:\\\/\\\/www.facebook.com\\\/people\\\/Notimemes-de-los-Polticos\\\/61565672886568\\\/\",\"https:\\\/\\\/x.com\\\/LosPoliticosVer\"]},{\"@type\":\"Person\",\"@id\":\"https:\\\/\\\/lospoliticosveracruz.com\\\/#\\\/schema\\\/person\\\/b8702bb0e538456e6efd07080bf2a4a2\",\"name\":\"Lo viste en Los Pol\u00edticos\",\"image\":{\"@type\":\"ImageObject\",\"inLanguage\":\"es\",\"@id\":\"https:\\\/\\\/secure.gravatar.com\\\/avatar\\\/3a8de04a2656d44082be478bd6c086daa447c4651605818287b9532d3d0bd435?s=96&d=mm&r=g\",\"url\":\"https:\\\/\\\/secure.gravatar.com\\\/avatar\\\/3a8de04a2656d44082be478bd6c086daa447c4651605818287b9532d3d0bd435?s=96&d=mm&r=g\",\"contentUrl\":\"https:\\\/\\\/secure.gravatar.com\\\/avatar\\\/3a8de04a2656d44082be478bd6c086daa447c4651605818287b9532d3d0bd435?s=96&d=mm&r=g\",\"caption\":\"Lo viste en Los Pol\u00edticos\"},\"url\":\"https:\\\/\\\/lospoliticosveracruz.com\\\/?author=2\"}]}<\/script>\n<!-- \/ Yoast SEO plugin. -->","yoast_head_json":{"title":"Los 3 d\u00edas de Pozos - Los pol\u00edticos Veracruz","robots":{"index":"index","follow":"follow","max-snippet":"max-snippet:-1","max-image-preview":"max-image-preview:large","max-video-preview":"max-video-preview:-1"},"canonical":"https:\/\/lospoliticosveracruz.com\/?p=49542","og_locale":"es_ES","og_type":"article","og_title":"Los 3 d\u00edas de Pozos - Los pol\u00edticos Veracruz","og_description":"Ricardo Ch\u00faa Sale y Vale OJO&#8230; En esta \u00abguerra\u00bb con MORENA nos cuentan que saltara un esc\u00e1ndalo de grupos empresariales ligados al PAN&#8230; Donde dan santo y se\u00f1a de un edificio ubicado por bulevar Miguel Alem\u00e1n, donde est\u00e1 un gym que no cierra las 24 horas, en Boca del R\u00eco por la zona de \u00abEl [&hellip;]","og_url":"https:\/\/lospoliticosveracruz.com\/?p=49542","og_site_name":"Los pol\u00edticos Veracruz","article_publisher":"https:\/\/www.facebook.com\/people\/Notimemes-de-los-Polticos\/61565672886568\/","article_published_time":"2019-09-06T13:53:47+00:00","og_image":[{"width":200,"height":200,"url":"https:\/\/lospoliticosveracruz.com\/wp-content\/uploads\/2016\/07\/Logo-Dor.jpg","type":"image\/jpeg"}],"author":"Lo viste en Los Pol\u00edticos","twitter_card":"summary_large_image","twitter_creator":"@LosPoliticosVer","twitter_site":"@LosPoliticosVer","twitter_misc":{"Escrito por":"Lo viste en Los Pol\u00edticos","Tiempo de lectura":"7 minutos"},"schema":{"@context":"https:\/\/schema.org","@graph":[{"@type":"Article","@id":"https:\/\/lospoliticosveracruz.com\/?p=49542#article","isPartOf":{"@id":"https:\/\/lospoliticosveracruz.com\/?p=49542"},"author":{"name":"Lo viste en Los Pol\u00edticos","@id":"https:\/\/lospoliticosveracruz.com\/#\/schema\/person\/b8702bb0e538456e6efd07080bf2a4a2"},"headline":"Los 3 d\u00edas de Pozos","datePublished":"2019-09-06T13:53:47+00:00","mainEntityOfPage":{"@id":"https:\/\/lospoliticosveracruz.com\/?p=49542"},"wordCount":1485,"commentCount":0,"publisher":{"@id":"https:\/\/lospoliticosveracruz.com\/#organization"},"keywords":["Eric Cisneros Burgos","Jorge Winckler Ortiz","Jos\u00e9 Manuel Pozos Castro","Veracruz","Ver\u00f3nica Hern\u00e1ndez Giad\u00e1ns"],"articleSection":["De Opini\u00f3n"],"inLanguage":"es","potentialAction":[{"@type":"CommentAction","name":"Comment","target":["https:\/\/lospoliticosveracruz.com\/?p=49542#respond"]}]},{"@type":"WebPage","@id":"https:\/\/lospoliticosveracruz.com\/?p=49542","url":"https:\/\/lospoliticosveracruz.com\/?p=49542","name":"Los 3 d\u00edas de Pozos - Los pol\u00edticos Veracruz","isPartOf":{"@id":"https:\/\/lospoliticosveracruz.com\/#website"},"datePublished":"2019-09-06T13:53:47+00:00","breadcrumb":{"@id":"https:\/\/lospoliticosveracruz.com\/?p=49542#breadcrumb"},"inLanguage":"es","potentialAction":[{"@type":"ReadAction","target":["https:\/\/lospoliticosveracruz.com\/?p=49542"]}]},{"@type":"BreadcrumbList","@id":"https:\/\/lospoliticosveracruz.com\/?p=49542#breadcrumb","itemListElement":[{"@type":"ListItem","position":1,"name":"Portada","item":"https:\/\/lospoliticosveracruz.com\/"},{"@type":"ListItem","position":2,"name":"Los 3 d\u00edas de Pozos"}]},{"@type":"WebSite","@id":"https:\/\/lospoliticosveracruz.com\/#website","url":"https:\/\/lospoliticosveracruz.com\/","name":"Los pol\u00edticos Veracruz","description":"","publisher":{"@id":"https:\/\/lospoliticosveracruz.com\/#organization"},"potentialAction":[{"@type":"SearchAction","target":{"@type":"EntryPoint","urlTemplate":"https:\/\/lospoliticosveracruz.com\/?s={search_term_string}"},"query-input":{"@type":"PropertyValueSpecification","valueRequired":true,"valueName":"search_term_string"}}],"inLanguage":"es"},{"@type":"Organization","@id":"https:\/\/lospoliticosveracruz.com\/#organization","name":"Los pol\u00edticos Veracruz","url":"https:\/\/lospoliticosveracruz.com\/","logo":{"@type":"ImageObject","inLanguage":"es","@id":"https:\/\/lospoliticosveracruz.com\/#\/schema\/logo\/image\/","url":"https:\/\/lospoliticosveracruz.com\/wp-content\/uploads\/2025\/12\/Logo-Nuevo-LOS-POLITICOS-1.jpg","contentUrl":"https:\/\/lospoliticosveracruz.com\/wp-content\/uploads\/2025\/12\/Logo-Nuevo-LOS-POLITICOS-1.jpg","width":260,"height":70,"caption":"Los pol\u00edticos Veracruz"},"image":{"@id":"https:\/\/lospoliticosveracruz.com\/#\/schema\/logo\/image\/"},"sameAs":["https:\/\/www.facebook.com\/people\/Notimemes-de-los-Polticos\/61565672886568\/","https:\/\/x.com\/LosPoliticosVer"]},{"@type":"Person","@id":"https:\/\/lospoliticosveracruz.com\/#\/schema\/person\/b8702bb0e538456e6efd07080bf2a4a2","name":"Lo viste en Los Pol\u00edticos","image":{"@type":"ImageObject","inLanguage":"es","@id":"https:\/\/secure.gravatar.com\/avatar\/3a8de04a2656d44082be478bd6c086daa447c4651605818287b9532d3d0bd435?s=96&d=mm&r=g","url":"https:\/\/secure.gravatar.com\/avatar\/3a8de04a2656d44082be478bd6c086daa447c4651605818287b9532d3d0bd435?s=96&d=mm&r=g","contentUrl":"https:\/\/secure.gravatar.com\/avatar\/3a8de04a2656d44082be478bd6c086daa447c4651605818287b9532d3d0bd435?s=96&d=mm&r=g","caption":"Lo viste en Los Pol\u00edticos"},"url":"https:\/\/lospoliticosveracruz.com\/?author=2"}]}},"_links":{"self":[{"href":"https:\/\/lospoliticosveracruz.com\/index.php?rest_route=\/wp\/v2\/posts\/49542","targetHints":{"allow":["GET"]}}],"collection":[{"href":"https:\/\/lospoliticosveracruz.com\/index.php?rest_route=\/wp\/v2\/posts"}],"about":[{"href":"https:\/\/lospoliticosveracruz.com\/index.php?rest_route=\/wp\/v2\/types\/post"}],"author":[{"embeddable":true,"href":"https:\/\/lospoliticosveracruz.com\/index.php?rest_route=\/wp\/v2\/users\/2"}],"replies":[{"embeddable":true,"href":"https:\/\/lospoliticosveracruz.com\/index.php?rest_route=%2Fwp%2Fv2%2Fcomments&post=49542"}],"version-history":[{"count":1,"href":"https:\/\/lospoliticosveracruz.com\/index.php?rest_route=\/wp\/v2\/posts\/49542\/revisions"}],"predecessor-version":[{"id":49543,"href":"https:\/\/lospoliticosveracruz.com\/index.php?rest_route=\/wp\/v2\/posts\/49542\/revisions\/49543"}],"wp:attachment":[{"href":"https:\/\/lospoliticosveracruz.com\/index.php?rest_route=%2Fwp%2Fv2%2Fmedia&parent=49542"}],"wp:term":[{"taxonomy":"category","embeddable":true,"href":"https:\/\/lospoliticosveracruz.com\/index.php?rest_route=%2Fwp%2Fv2%2Fcategories&post=49542"},{"taxonomy":"post_tag","embeddable":true,"href":"https:\/\/lospoliticosveracruz.com\/index.php?rest_route=%2Fwp%2Fv2%2Ftags&post=49542"}],"curies":[{"name":"wp","href":"https:\/\/api.w.org\/{rel}","templated":true}]}}