{"id":49544,"date":"2019-09-06T10:06:19","date_gmt":"2019-09-06T15:06:19","guid":{"rendered":"http:\/\/www.lospoliticosveracruz.com.mx\/?p=49544"},"modified":"2019-09-06T10:06:19","modified_gmt":"2019-09-06T15:06:19","slug":"morena-toma-del-ultimo-reducto-del-yunismo","status":"publish","type":"post","link":"https:\/\/lospoliticosveracruz.com\/?p=49544","title":{"rendered":"Morena toma del \u00faltimo reducto del yunismo"},"content":{"rendered":"<p><strong>Luis Alberto Romero<\/strong><\/p>\n<p><em>Hora cero<\/em><\/p>\n<p>La noticia de la separaci\u00f3n de Jorge Winckler del cargo de fiscal General de Veracruz se convirti\u00f3 en un esc\u00e1ndalo este martes.<\/p>\n<p>En la sesi\u00f3n celebrada en la sede del Poder Legislativo, la Junta de Coordinaci\u00f3n Pol\u00edtica a cargo del diputado G\u00f3mez Cazar\u00edn determin\u00f3 separar temporalmente, que no destituir, al pol\u00e9mico fiscal veracruzano, a quien se ubica como uno de los alfiles en el ajedrez del ex gobernador Miguel \u00c1ngel Yunes.<\/p>\n<p>La medida tom\u00f3 por sorpresa al yunismo, a los diputados panistas y al propio Winckler, que pretendi\u00f3, sin \u00e9xito, atrincherarse en las oficinas de la Fiscal\u00eda.<\/p>\n<p>Si en la sesi\u00f3n del pasado 22 de febrero, la mayor\u00eda de Morena no fue suficiente para proceder a un juicio pol\u00edtico contra Winckler, en esta ocasi\u00f3n la JUCOPO encontr\u00f3 la salida para la separaci\u00f3n del cargo del fiscal.<\/p>\n<p>Como se recuerda, en febrero pasado hubo un intento en el Congreso por destituir al titular de la FGE; Morena requer\u00eda 34 votos, pero s\u00f3lo logr\u00f3 29, debido a que los diputados del PES, Verde y PRI votaron en contra.<\/p>\n<p>Casi siete meses despu\u00e9s, el presidente de la JUCOPO desat\u00f3 el nudo legal que imped\u00eda la salida de Winckler de la Fiscal\u00eda.<\/p>\n<p>Al cargo lleg\u00f3 la notaria (hoy con licencia) Ver\u00f3nica Hern\u00e1ndez como encargada de despacho, quien pas\u00f3 de la direcci\u00f3n jur\u00eddica de la Secretar\u00eda de Gobierno a su nueva responsabilidad.<\/p>\n<p>El resto de la historia ha sido abordado con oportunidad por los medios estatales: Winckler califica como ilegal la determinaci\u00f3n del Congreso y apunta en su comunicado que su separaci\u00f3n del cargo es un atentado contra la autonom\u00eda de FGE. Dijo que sigue siendo el fiscal, pero ya no tiene oficina, acceso, mando y presupuesto.<\/p>\n<p>Los diputados del PAN hicieron todo lo que pudieron para impedir la salida del fiscal y la llegada de la encargada del despacho; incluso, se presentaron en la sede de la Fiscal\u00eda, donde protagonizaron un zafarrancho con elementos de seguridad que custodiaban el inmueble.<\/p>\n<p>Algunos aliados del yunismo, como el PRD veracruzano, se apresuraron a emitir comunicados en los que descalificaban la medida; el PRI de Marlon Ram\u00edrez lo hizo unas horas despu\u00e9s.<\/p>\n<p>Sin embargo, a pesar de todos los recursos y declaraciones en contra, la salida de Winckler de la Fiscal\u00eda fue consumada e incluso publicada en la Gaceta Oficial.<\/p>\n<p>Acci\u00f3n Nacional no se esperaba el sorpresivo punto de acuerdo propuesto por Morena y su presidente de la JUCOPO, quien plante\u00f3 la separaci\u00f3n de Winckler del cargo con el argumento, dif\u00edcil de refutar, de que no contaba con certificaci\u00f3n para ocupar un cargo de seguridad p\u00fablica o procuraci\u00f3n de justicia.<\/p>\n<p>Morena tambi\u00e9n pudo haber argumentado la falta de resultados y de confiabilidad del hoy ex fiscal, quien adem\u00e1s propiciaba un insano ambiente de tensi\u00f3n con el Poder Ejecutivo de la entidad.<\/p>\n<p>El punto es que una separaci\u00f3n temporal podr\u00eda implicar que el ex funcionario pueda regresar al cargo en un mes, en un a\u00f1o o nunca.<\/p>\n<p>Jos\u00e9 Manuel Pozos Castro, quien preside la Mesa Directiva en el Congreso local, dice que si Winckler muestra su acreditaci\u00f3n puede regresar al cargo; sin embargo, se observa sumamente complicado, casi imposible, que el yunista logre la certificaci\u00f3n, porque todos los factores, incluyendo sobre todo al Gobern\u00f3 Federal, juegan en su contra.<\/p>\n<p>Termina as\u00ed el triste paso del abogado de Yunes por la Fiscal\u00eda; y Morena toma el \u00faltimo reducto del yunismo en Veracruz. @luisromero85<\/p>\n","protected":false},"excerpt":{"rendered":"<p>Luis Alberto Romero Hora cero La noticia de la separaci\u00f3n de Jorge Winckler del cargo de fiscal General de Veracruz se convirti\u00f3 en un esc\u00e1ndalo este martes. En la sesi\u00f3n celebrada en la sede del Poder Legislativo, la Junta de Coordinaci\u00f3n Pol\u00edtica a cargo del diputado G\u00f3mez Cazar\u00edn determin\u00f3 separar temporalmente, que no destituir, al [&hellip;]<\/p>\n","protected":false},"author":2,"featured_media":49545,"comment_status":"open","ping_status":"open","sticky":false,"template":"","format":"standard","meta":{"tdm_status":"","tdm_grid_status":"","footnotes":""},"categories":[70],"tags":[6869,12695,9444,1510,1418,15165],"class_list":{"0":"post-49544","1":"post","2":"type-post","3":"status-publish","4":"format-standard","5":"has-post-thumbnail","7":"category-de-opinion","8":"tag-jorge-winckler","9":"tag-juan-javier-gomez-cazarin","10":"tag-junta-de-coordinacion-politica","11":"tag-miguel-angel-yunes","12":"tag-secretaria-de-gobierno","13":"tag-veronica-hernandez-giadans"},"yoast_head":"<!-- This site is optimized with the Yoast SEO plugin v27.4 - https:\/\/yoast.com\/product\/yoast-seo-wordpress\/ -->\n<title>Morena toma del \u00faltimo reducto del yunismo - Los pol\u00edticos Veracruz<\/title>\n<meta name=\"robots\" content=\"index, follow, max-snippet:-1, max-image-preview:large, max-video-preview:-1\" \/>\n<link rel=\"canonical\" href=\"https:\/\/lospoliticosveracruz.com\/?p=49544\" \/>\n<meta property=\"og:locale\" content=\"es_ES\" \/>\n<meta property=\"og:type\" content=\"article\" \/>\n<meta property=\"og:title\" content=\"Morena toma del \u00faltimo reducto del yunismo - Los pol\u00edticos Veracruz\" \/>\n<meta property=\"og:description\" content=\"Luis Alberto Romero Hora cero La noticia de la separaci\u00f3n de Jorge Winckler del cargo de fiscal General de Veracruz se convirti\u00f3 en un esc\u00e1ndalo este martes. En la sesi\u00f3n celebrada en la sede del Poder Legislativo, la Junta de Coordinaci\u00f3n Pol\u00edtica a cargo del diputado G\u00f3mez Cazar\u00edn determin\u00f3 separar temporalmente, que no destituir, al [&hellip;]\" \/>\n<meta property=\"og:url\" content=\"https:\/\/lospoliticosveracruz.com\/?p=49544\" \/>\n<meta property=\"og:site_name\" content=\"Los pol\u00edticos Veracruz\" \/>\n<meta property=\"article:publisher\" content=\"https:\/\/www.facebook.com\/people\/Notimemes-de-los-Polticos\/61565672886568\/\" \/>\n<meta property=\"article:published_time\" content=\"2019-09-06T15:06:19+00:00\" \/>\n<meta property=\"og:image\" content=\"https:\/\/lospoliticosveracruz.com\/wp-content\/uploads\/2019\/09\/fiscal\u00eda-veracruz.jpg\" \/>\n\t<meta property=\"og:image:width\" content=\"600\" \/>\n\t<meta property=\"og:image:height\" content=\"400\" \/>\n\t<meta property=\"og:image:type\" content=\"image\/jpeg\" \/>\n<meta name=\"author\" content=\"Lo viste en Los Pol\u00edticos\" \/>\n<meta name=\"twitter:card\" content=\"summary_large_image\" \/>\n<meta name=\"twitter:creator\" content=\"@LosPoliticosVer\" \/>\n<meta name=\"twitter:site\" content=\"@LosPoliticosVer\" \/>\n<meta name=\"twitter:label1\" content=\"Escrito por\" \/>\n\t<meta name=\"twitter:data1\" content=\"Lo viste en Los Pol\u00edticos\" \/>\n\t<meta name=\"twitter:label2\" content=\"Tiempo de lectura\" \/>\n\t<meta name=\"twitter:data2\" content=\"3 minutos\" \/>\n<script type=\"application\/ld+json\" class=\"yoast-schema-graph\">{\"@context\":\"https:\\\/\\\/schema.org\",\"@graph\":[{\"@type\":\"Article\",\"@id\":\"https:\\\/\\\/lospoliticosveracruz.com\\\/?p=49544#article\",\"isPartOf\":{\"@id\":\"https:\\\/\\\/lospoliticosveracruz.com\\\/?p=49544\"},\"author\":{\"name\":\"Lo viste en Los Pol\u00edticos\",\"@id\":\"https:\\\/\\\/lospoliticosveracruz.com\\\/#\\\/schema\\\/person\\\/b8702bb0e538456e6efd07080bf2a4a2\"},\"headline\":\"Morena toma del \u00faltimo reducto del yunismo\",\"datePublished\":\"2019-09-06T15:06:19+00:00\",\"mainEntityOfPage\":{\"@id\":\"https:\\\/\\\/lospoliticosveracruz.com\\\/?p=49544\"},\"wordCount\":619,\"commentCount\":0,\"publisher\":{\"@id\":\"https:\\\/\\\/lospoliticosveracruz.com\\\/#organization\"},\"image\":{\"@id\":\"https:\\\/\\\/lospoliticosveracruz.com\\\/?p=49544#primaryimage\"},\"thumbnailUrl\":\"https:\\\/\\\/lospoliticosveracruz.com\\\/wp-content\\\/uploads\\\/2019\\\/09\\\/fiscal\u00eda-veracruz.jpg\",\"keywords\":[\"Jorge Winckler\",\"Juan Javier G\u00f3mez Cazar\u00edn\",\"Junta de Coordinaci\u00f3n Pol\u00edtica\",\"Miguel \u00c1ngel Yunes\",\"secretar\u00eda de Gobierno\",\"Ver\u00f3nica Hern\u00e1ndez Giad\u00e1ns\"],\"articleSection\":[\"De Opini\u00f3n\"],\"inLanguage\":\"es\",\"potentialAction\":[{\"@type\":\"CommentAction\",\"name\":\"Comment\",\"target\":[\"https:\\\/\\\/lospoliticosveracruz.com\\\/?p=49544#respond\"]}]},{\"@type\":\"WebPage\",\"@id\":\"https:\\\/\\\/lospoliticosveracruz.com\\\/?p=49544\",\"url\":\"https:\\\/\\\/lospoliticosveracruz.com\\\/?p=49544\",\"name\":\"Morena toma del \u00faltimo reducto del yunismo - Los pol\u00edticos Veracruz\",\"isPartOf\":{\"@id\":\"https:\\\/\\\/lospoliticosveracruz.com\\\/#website\"},\"primaryImageOfPage\":{\"@id\":\"https:\\\/\\\/lospoliticosveracruz.com\\\/?p=49544#primaryimage\"},\"image\":{\"@id\":\"https:\\\/\\\/lospoliticosveracruz.com\\\/?p=49544#primaryimage\"},\"thumbnailUrl\":\"https:\\\/\\\/lospoliticosveracruz.com\\\/wp-content\\\/uploads\\\/2019\\\/09\\\/fiscal\u00eda-veracruz.jpg\",\"datePublished\":\"2019-09-06T15:06:19+00:00\",\"breadcrumb\":{\"@id\":\"https:\\\/\\\/lospoliticosveracruz.com\\\/?p=49544#breadcrumb\"},\"inLanguage\":\"es\",\"potentialAction\":[{\"@type\":\"ReadAction\",\"target\":[\"https:\\\/\\\/lospoliticosveracruz.com\\\/?p=49544\"]}]},{\"@type\":\"ImageObject\",\"inLanguage\":\"es\",\"@id\":\"https:\\\/\\\/lospoliticosveracruz.com\\\/?p=49544#primaryimage\",\"url\":\"https:\\\/\\\/lospoliticosveracruz.com\\\/wp-content\\\/uploads\\\/2019\\\/09\\\/fiscal\u00eda-veracruz.jpg\",\"contentUrl\":\"https:\\\/\\\/lospoliticosveracruz.com\\\/wp-content\\\/uploads\\\/2019\\\/09\\\/fiscal\u00eda-veracruz.jpg\",\"width\":600,\"height\":400},{\"@type\":\"BreadcrumbList\",\"@id\":\"https:\\\/\\\/lospoliticosveracruz.com\\\/?p=49544#breadcrumb\",\"itemListElement\":[{\"@type\":\"ListItem\",\"position\":1,\"name\":\"Portada\",\"item\":\"https:\\\/\\\/lospoliticosveracruz.com\\\/\"},{\"@type\":\"ListItem\",\"position\":2,\"name\":\"Morena toma del \u00faltimo reducto del yunismo\"}]},{\"@type\":\"WebSite\",\"@id\":\"https:\\\/\\\/lospoliticosveracruz.com\\\/#website\",\"url\":\"https:\\\/\\\/lospoliticosveracruz.com\\\/\",\"name\":\"Los pol\u00edticos Veracruz\",\"description\":\"\",\"publisher\":{\"@id\":\"https:\\\/\\\/lospoliticosveracruz.com\\\/#organization\"},\"potentialAction\":[{\"@type\":\"SearchAction\",\"target\":{\"@type\":\"EntryPoint\",\"urlTemplate\":\"https:\\\/\\\/lospoliticosveracruz.com\\\/?s={search_term_string}\"},\"query-input\":{\"@type\":\"PropertyValueSpecification\",\"valueRequired\":true,\"valueName\":\"search_term_string\"}}],\"inLanguage\":\"es\"},{\"@type\":\"Organization\",\"@id\":\"https:\\\/\\\/lospoliticosveracruz.com\\\/#organization\",\"name\":\"Los pol\u00edticos Veracruz\",\"url\":\"https:\\\/\\\/lospoliticosveracruz.com\\\/\",\"logo\":{\"@type\":\"ImageObject\",\"inLanguage\":\"es\",\"@id\":\"https:\\\/\\\/lospoliticosveracruz.com\\\/#\\\/schema\\\/logo\\\/image\\\/\",\"url\":\"https:\\\/\\\/lospoliticosveracruz.com\\\/wp-content\\\/uploads\\\/2025\\\/12\\\/Logo-Nuevo-LOS-POLITICOS-1.jpg\",\"contentUrl\":\"https:\\\/\\\/lospoliticosveracruz.com\\\/wp-content\\\/uploads\\\/2025\\\/12\\\/Logo-Nuevo-LOS-POLITICOS-1.jpg\",\"width\":260,\"height\":70,\"caption\":\"Los pol\u00edticos Veracruz\"},\"image\":{\"@id\":\"https:\\\/\\\/lospoliticosveracruz.com\\\/#\\\/schema\\\/logo\\\/image\\\/\"},\"sameAs\":[\"https:\\\/\\\/www.facebook.com\\\/people\\\/Notimemes-de-los-Polticos\\\/61565672886568\\\/\",\"https:\\\/\\\/x.com\\\/LosPoliticosVer\"]},{\"@type\":\"Person\",\"@id\":\"https:\\\/\\\/lospoliticosveracruz.com\\\/#\\\/schema\\\/person\\\/b8702bb0e538456e6efd07080bf2a4a2\",\"name\":\"Lo viste en Los Pol\u00edticos\",\"image\":{\"@type\":\"ImageObject\",\"inLanguage\":\"es\",\"@id\":\"https:\\\/\\\/secure.gravatar.com\\\/avatar\\\/3a8de04a2656d44082be478bd6c086daa447c4651605818287b9532d3d0bd435?s=96&d=mm&r=g\",\"url\":\"https:\\\/\\\/secure.gravatar.com\\\/avatar\\\/3a8de04a2656d44082be478bd6c086daa447c4651605818287b9532d3d0bd435?s=96&d=mm&r=g\",\"contentUrl\":\"https:\\\/\\\/secure.gravatar.com\\\/avatar\\\/3a8de04a2656d44082be478bd6c086daa447c4651605818287b9532d3d0bd435?s=96&d=mm&r=g\",\"caption\":\"Lo viste en Los Pol\u00edticos\"},\"url\":\"https:\\\/\\\/lospoliticosveracruz.com\\\/?author=2\"}]}<\/script>\n<!-- \/ Yoast SEO plugin. -->","yoast_head_json":{"title":"Morena toma del \u00faltimo reducto del yunismo - Los pol\u00edticos Veracruz","robots":{"index":"index","follow":"follow","max-snippet":"max-snippet:-1","max-image-preview":"max-image-preview:large","max-video-preview":"max-video-preview:-1"},"canonical":"https:\/\/lospoliticosveracruz.com\/?p=49544","og_locale":"es_ES","og_type":"article","og_title":"Morena toma del \u00faltimo reducto del yunismo - Los pol\u00edticos Veracruz","og_description":"Luis Alberto Romero Hora cero La noticia de la separaci\u00f3n de Jorge Winckler del cargo de fiscal General de Veracruz se convirti\u00f3 en un esc\u00e1ndalo este martes. En la sesi\u00f3n celebrada en la sede del Poder Legislativo, la Junta de Coordinaci\u00f3n Pol\u00edtica a cargo del diputado G\u00f3mez Cazar\u00edn determin\u00f3 separar temporalmente, que no destituir, al [&hellip;]","og_url":"https:\/\/lospoliticosveracruz.com\/?p=49544","og_site_name":"Los pol\u00edticos Veracruz","article_publisher":"https:\/\/www.facebook.com\/people\/Notimemes-de-los-Polticos\/61565672886568\/","article_published_time":"2019-09-06T15:06:19+00:00","og_image":[{"width":600,"height":400,"url":"https:\/\/lospoliticosveracruz.com\/wp-content\/uploads\/2019\/09\/fiscal\u00eda-veracruz.jpg","type":"image\/jpeg"}],"author":"Lo viste en Los Pol\u00edticos","twitter_card":"summary_large_image","twitter_creator":"@LosPoliticosVer","twitter_site":"@LosPoliticosVer","twitter_misc":{"Escrito por":"Lo viste en Los Pol\u00edticos","Tiempo de lectura":"3 minutos"},"schema":{"@context":"https:\/\/schema.org","@graph":[{"@type":"Article","@id":"https:\/\/lospoliticosveracruz.com\/?p=49544#article","isPartOf":{"@id":"https:\/\/lospoliticosveracruz.com\/?p=49544"},"author":{"name":"Lo viste en Los Pol\u00edticos","@id":"https:\/\/lospoliticosveracruz.com\/#\/schema\/person\/b8702bb0e538456e6efd07080bf2a4a2"},"headline":"Morena toma del \u00faltimo reducto del yunismo","datePublished":"2019-09-06T15:06:19+00:00","mainEntityOfPage":{"@id":"https:\/\/lospoliticosveracruz.com\/?p=49544"},"wordCount":619,"commentCount":0,"publisher":{"@id":"https:\/\/lospoliticosveracruz.com\/#organization"},"image":{"@id":"https:\/\/lospoliticosveracruz.com\/?p=49544#primaryimage"},"thumbnailUrl":"https:\/\/lospoliticosveracruz.com\/wp-content\/uploads\/2019\/09\/fiscal\u00eda-veracruz.jpg","keywords":["Jorge Winckler","Juan Javier G\u00f3mez Cazar\u00edn","Junta de Coordinaci\u00f3n Pol\u00edtica","Miguel \u00c1ngel Yunes","secretar\u00eda de Gobierno","Ver\u00f3nica Hern\u00e1ndez Giad\u00e1ns"],"articleSection":["De Opini\u00f3n"],"inLanguage":"es","potentialAction":[{"@type":"CommentAction","name":"Comment","target":["https:\/\/lospoliticosveracruz.com\/?p=49544#respond"]}]},{"@type":"WebPage","@id":"https:\/\/lospoliticosveracruz.com\/?p=49544","url":"https:\/\/lospoliticosveracruz.com\/?p=49544","name":"Morena toma del \u00faltimo reducto del yunismo - Los pol\u00edticos Veracruz","isPartOf":{"@id":"https:\/\/lospoliticosveracruz.com\/#website"},"primaryImageOfPage":{"@id":"https:\/\/lospoliticosveracruz.com\/?p=49544#primaryimage"},"image":{"@id":"https:\/\/lospoliticosveracruz.com\/?p=49544#primaryimage"},"thumbnailUrl":"https:\/\/lospoliticosveracruz.com\/wp-content\/uploads\/2019\/09\/fiscal\u00eda-veracruz.jpg","datePublished":"2019-09-06T15:06:19+00:00","breadcrumb":{"@id":"https:\/\/lospoliticosveracruz.com\/?p=49544#breadcrumb"},"inLanguage":"es","potentialAction":[{"@type":"ReadAction","target":["https:\/\/lospoliticosveracruz.com\/?p=49544"]}]},{"@type":"ImageObject","inLanguage":"es","@id":"https:\/\/lospoliticosveracruz.com\/?p=49544#primaryimage","url":"https:\/\/lospoliticosveracruz.com\/wp-content\/uploads\/2019\/09\/fiscal\u00eda-veracruz.jpg","contentUrl":"https:\/\/lospoliticosveracruz.com\/wp-content\/uploads\/2019\/09\/fiscal\u00eda-veracruz.jpg","width":600,"height":400},{"@type":"BreadcrumbList","@id":"https:\/\/lospoliticosveracruz.com\/?p=49544#breadcrumb","itemListElement":[{"@type":"ListItem","position":1,"name":"Portada","item":"https:\/\/lospoliticosveracruz.com\/"},{"@type":"ListItem","position":2,"name":"Morena toma del \u00faltimo reducto del yunismo"}]},{"@type":"WebSite","@id":"https:\/\/lospoliticosveracruz.com\/#website","url":"https:\/\/lospoliticosveracruz.com\/","name":"Los pol\u00edticos Veracruz","description":"","publisher":{"@id":"https:\/\/lospoliticosveracruz.com\/#organization"},"potentialAction":[{"@type":"SearchAction","target":{"@type":"EntryPoint","urlTemplate":"https:\/\/lospoliticosveracruz.com\/?s={search_term_string}"},"query-input":{"@type":"PropertyValueSpecification","valueRequired":true,"valueName":"search_term_string"}}],"inLanguage":"es"},{"@type":"Organization","@id":"https:\/\/lospoliticosveracruz.com\/#organization","name":"Los pol\u00edticos Veracruz","url":"https:\/\/lospoliticosveracruz.com\/","logo":{"@type":"ImageObject","inLanguage":"es","@id":"https:\/\/lospoliticosveracruz.com\/#\/schema\/logo\/image\/","url":"https:\/\/lospoliticosveracruz.com\/wp-content\/uploads\/2025\/12\/Logo-Nuevo-LOS-POLITICOS-1.jpg","contentUrl":"https:\/\/lospoliticosveracruz.com\/wp-content\/uploads\/2025\/12\/Logo-Nuevo-LOS-POLITICOS-1.jpg","width":260,"height":70,"caption":"Los pol\u00edticos Veracruz"},"image":{"@id":"https:\/\/lospoliticosveracruz.com\/#\/schema\/logo\/image\/"},"sameAs":["https:\/\/www.facebook.com\/people\/Notimemes-de-los-Polticos\/61565672886568\/","https:\/\/x.com\/LosPoliticosVer"]},{"@type":"Person","@id":"https:\/\/lospoliticosveracruz.com\/#\/schema\/person\/b8702bb0e538456e6efd07080bf2a4a2","name":"Lo viste en Los Pol\u00edticos","image":{"@type":"ImageObject","inLanguage":"es","@id":"https:\/\/secure.gravatar.com\/avatar\/3a8de04a2656d44082be478bd6c086daa447c4651605818287b9532d3d0bd435?s=96&d=mm&r=g","url":"https:\/\/secure.gravatar.com\/avatar\/3a8de04a2656d44082be478bd6c086daa447c4651605818287b9532d3d0bd435?s=96&d=mm&r=g","contentUrl":"https:\/\/secure.gravatar.com\/avatar\/3a8de04a2656d44082be478bd6c086daa447c4651605818287b9532d3d0bd435?s=96&d=mm&r=g","caption":"Lo viste en Los Pol\u00edticos"},"url":"https:\/\/lospoliticosveracruz.com\/?author=2"}]}},"_links":{"self":[{"href":"https:\/\/lospoliticosveracruz.com\/index.php?rest_route=\/wp\/v2\/posts\/49544","targetHints":{"allow":["GET"]}}],"collection":[{"href":"https:\/\/lospoliticosveracruz.com\/index.php?rest_route=\/wp\/v2\/posts"}],"about":[{"href":"https:\/\/lospoliticosveracruz.com\/index.php?rest_route=\/wp\/v2\/types\/post"}],"author":[{"embeddable":true,"href":"https:\/\/lospoliticosveracruz.com\/index.php?rest_route=\/wp\/v2\/users\/2"}],"replies":[{"embeddable":true,"href":"https:\/\/lospoliticosveracruz.com\/index.php?rest_route=%2Fwp%2Fv2%2Fcomments&post=49544"}],"version-history":[{"count":1,"href":"https:\/\/lospoliticosveracruz.com\/index.php?rest_route=\/wp\/v2\/posts\/49544\/revisions"}],"predecessor-version":[{"id":49546,"href":"https:\/\/lospoliticosveracruz.com\/index.php?rest_route=\/wp\/v2\/posts\/49544\/revisions\/49546"}],"wp:featuredmedia":[{"embeddable":true,"href":"https:\/\/lospoliticosveracruz.com\/index.php?rest_route=\/wp\/v2\/media\/49545"}],"wp:attachment":[{"href":"https:\/\/lospoliticosveracruz.com\/index.php?rest_route=%2Fwp%2Fv2%2Fmedia&parent=49544"}],"wp:term":[{"taxonomy":"category","embeddable":true,"href":"https:\/\/lospoliticosveracruz.com\/index.php?rest_route=%2Fwp%2Fv2%2Fcategories&post=49544"},{"taxonomy":"post_tag","embeddable":true,"href":"https:\/\/lospoliticosveracruz.com\/index.php?rest_route=%2Fwp%2Fv2%2Ftags&post=49544"}],"curies":[{"name":"wp","href":"https:\/\/api.w.org\/{rel}","templated":true}]}}