{"id":49550,"date":"2019-09-06T17:20:12","date_gmt":"2019-09-06T22:20:12","guid":{"rendered":"http:\/\/www.lospoliticosveracruz.com.mx\/?p=49550"},"modified":"2019-09-06T17:20:12","modified_gmt":"2019-09-06T22:20:12","slug":"haiga-sido-como-haiga-sido","status":"publish","type":"post","link":"https:\/\/lospoliticosveracruz.com\/?p=49550","title":{"rendered":"\u201cHaiga sido como haiga sido\u201d"},"content":{"rendered":"<p><strong>Felipe de Jes\u00fas Fern\u00e1ndez Basilio<\/strong><\/p>\n<p><em>Desde A Janela<\/em><\/p>\n<p>Titulo esta columna recordando la frase que los seguidores de L\u00f3pez usaron cuando reclamaban el supuesto fraude del que seg\u00fan ellos fueron v\u00edctimas en 2006, ya que en aquel entonces dec\u00edan que hicieron todo tipo de marruller\u00edas sus contrarios para arrebatarles el triunfo, evitando a como diera lugar que su amado l\u00edder llegara a la presidencia de la rep\u00fablica y haciendo que Calder\u00f3n fuera presidente \u201chaiga sido como haiga sido\u201d.<\/p>\n<p>Pues ahora que est\u00e1n en el gobierno se confirma el por qu\u00e9 en aquella ocasi\u00f3n actuaron de esa manera y lo hicieron as\u00ed porque esa es su naturaleza o sea ellos as\u00ed se comportan y as\u00ed es como se conducen, ya que act\u00faan usando todo tipo de artilugios y marruller\u00edas en las que desconocen a la ley o mejor dicho si la ley les sirve la aplican con gusto, pero si les estorba entonces con el mismo gusto la pisotean.<\/p>\n<p>Ejemplo de ello tuvimos cuando se hizo la ya famosa Ley Taibo, ley que fue hecha para permitir que una persona que no ten\u00eda los requisitos pudiera asumir la direcci\u00f3n del FCE y todav\u00eda con vulgaridades el beneficiario de esa ley explic\u00f3 que iba a ser director del FCE \u201chaiga como haiga sido\u201d y as\u00ed lo fue.<\/p>\n<p>De la misma manera intentaron hacerse permanentemente de la presidencia de la mesa directiva de la C\u00e1mara de Diputados, aunque la ley vigente prev\u00e9 la rotaci\u00f3n anual de ese cargo entre los principales partidos de acuerdo al tama\u00f1o de su bancada en orden decreciente y lo quer\u00edan hacer aprovech\u00e1ndose de su mayor\u00eda legislativa para modificar la ley pese a que aunque se modifique la ley, esta modificaci\u00f3n solo puede aplicar para el siguiente legislador, es decir la pr\u00f3xima legislatura que entra en 2021.<\/p>\n<p>Y solo se frustr\u00f3 ese intento por que al final pes\u00f3 la conciencia de un pol\u00edtico hist\u00f3rico de la izquierda mexicana como lo es Porfirio Mu\u00f1oz Ledo, quien recapacit\u00f3 y pese al empecinamiento inicial al final actu\u00f3 en congruencia a los valores por los que siempre luch\u00f3 y fue solo su conciencia lo que evit\u00f3 que se consumara otro \u201chaiga sido como haiga sido\u201d y aunque luego sus corifeos le quisieron colgar la medalla a L\u00f3pez, la realidad es que esa fue una decisi\u00f3n personal\u00edsima de Mu\u00f1oz Ledo, lo cual se corrobora con la cara de sorpresa que hizo Dolores Padierna cuando Mu\u00f1oz Ledo anunci\u00f3 que se retiraba de la mesa directiva.<\/p>\n<p>Mas el que hasta el momento es el mayor ejemplo del \u201chaiga sido como haiga sido\u201d es el intento por alargar el periodo constitucional del gobernador electo de Baja California, quien result\u00f3 electo para un periodo de dos a\u00f1os y que ahora resulta que se quiere quedar mucho m\u00e1s tiempo en el cargo y para ello no solo intenta cambiar la ley en pleno proceso electoral sino que temeroso de un rev\u00e9s en los tribunales, ya hasta anda promoviendo una consulta popular para que en ella sea designado gobernador por el tiempo que \u00e9l quiere estar en el poder.<\/p>\n<p>Tampoco olvidamos a Barbosa, quien al final result\u00f3 gobernador de Puebla \u201chaiga sido como haiga sido\u201d, ya que, aunque la ley no se lo imped\u00eda, la decencia pol\u00edtica s\u00ed que lo hac\u00eda, aunado a muchos otros detalles que a\u00fan no est\u00e1n aclarados pero que debido al desenlace de la historia se empiezan a ver mucho m\u00e1s sospechosos.<\/p>\n<p>Y ahora la \u00faltima manifestaci\u00f3n del \u201chaiga sido como haiga sido\u201d la tenemos en Veracruz, estado en el que al margen de la legalidad removieron al fiscal general, ya que lo separaron de su encargo pasando por encima de la constituci\u00f3n del estado y vulnerando la autonom\u00eda de la Fiscal\u00eda General del Estado.<\/p>\n<p>Siendo as\u00ed porque es la constituci\u00f3n y solo la constituci\u00f3n la que prev\u00e9 las formas de separaci\u00f3n del cargo tanto del fiscal como de los titulares de los \u00f3rganos aut\u00f3nomos y qui\u00e9n puede hacerlas al actualizarse los supuestos previstos en dicha norma.<\/p>\n<p>Mas lo que sucedi\u00f3 fue un acto inconstitucional y burdo para hacerse con el control del \u00f3rgano aut\u00f3nomo; siendo inconstitucional porque la constituci\u00f3n del estado no prev\u00e9 la existencia de una \u201cseparaci\u00f3n temporal\u201d del cargo de fiscal general del estado ni tampoco prev\u00e9 que la comisi\u00f3n permanente del Congreso del Estado pueda remover al fiscal, cabe se\u00f1alar que la remoci\u00f3n no es necesariamente la destituci\u00f3n, sino que consiste en la separaci\u00f3n del puesto de cualquier manera e incluso por la figura que inventaron, una separaci\u00f3n temporal por no tener una acreditaci\u00f3n que la constituci\u00f3n estatal tampoco exige.<\/p>\n<p>Separaci\u00f3n que supuestamente se hace porque el fiscal no cuenta con una certificaci\u00f3n del sistema nacional de seguridad p\u00fablica, la cual basan en una tesis aislada de un tribunal colegiado de circuito, tesis aislada que no jurisprudencia, es decir no es obligatoria su observancia para los juzgadores ni mucho menos para quien no es juez, ya que fuera de los tribunales las \u00fanicas normas que obligan son las constitucionales y las legales.<\/p>\n<p>Lo anterior aunado a que la mentada tesis aislada hace referencia a los agentes del ministerio p\u00fablico federal que no son certificados, es decir est\u00e1 enderezada en relaci\u00f3n a servidores p\u00fablicos de segundo nivel de la federaci\u00f3n y del antiguo sistema penal, ya que ni siquiera en alg\u00fan momento refiere a los investigadores locales ni mucho menos al titular de un \u00f3rgano aut\u00f3nomo.<\/p>\n<p>Menci\u00f3n aparte merece el hecho de que la comisi\u00f3n permanente tampoco tiene atribuciones constitucionales para nombrar a una encargada de la fiscal\u00eda y por eso mismo las actuaciones que lleve a cabo en ese cargo, corren el riesgo de ser nulas de pleno derecho por ser cometidas por una persona que est\u00e1 usurpando un cargo y por lo mismo es como tambi\u00e9n dec\u00edan en 2006 los seguidores de L\u00f3pez, una encargada \u201cespuria\u201d<\/p>\n<p>Mas esto no solo es inconstitucional, sino que tambi\u00e9n es burdo ya que lo que se demuestra en un intento de hacerse con el control de la fiscal\u00eda, ya que nombran como encargada espuria de la fiscal\u00eda a una amiga y colaboradora del secretario de gobierno, cuando si es que se trata de una separaci\u00f3n temporal lo l\u00f3gico es que quede a cargo el segundo de abordo en lo que regresa el titular.<\/p>\n<p>Cambian el logotipo del organismo aut\u00f3nomo dej\u00e1ndolo como si se tratara de una dependencia m\u00e1s del Gobierno del Estado y la encargada espuria llega con toda prepotencia a posesionarse del edificio sede y de las personas que ah\u00ed laboran, actuando de manera desp\u00f3tica y respaldada por un fuerte operativo de polic\u00edas federales y locales, s\u00ed esos mismos que se necesitan para que recorran el estado ante la terrible criminalidad que impera. Son demasiados cambios para una \u201cseparaci\u00f3n temporal\u201d del fiscal.<\/p>\n<p>En resumen, en este caso sucedi\u00f3 lo mismo que en los anteriores, se tratan de imponer los gobiernos de Morena por medio del \u201chaiga sido como haiga sido\u201d que tanto coreaban y en consecuencia hacen designaciones \u201cespurias\u201d, ya que para llegar a ellas incluso hasta violan la ley, es decir su divisa es adue\u00f1arse de todo \u201chaiga sido como haiga sido\u201d.<\/p>\n<p><a href=\"mailto:felfebas@gmail.com\">felfebas@gmail.com<\/a><\/p>\n<p>Twitter: @FelipeFBasilio<\/p>\n","protected":false},"excerpt":{"rendered":"<p>Felipe de Jes\u00fas Fern\u00e1ndez Basilio Desde A Janela Titulo esta columna recordando la frase que los seguidores de L\u00f3pez usaron cuando reclamaban el supuesto fraude del que seg\u00fan ellos fueron v\u00edctimas en 2006, ya que en aquel entonces dec\u00edan que hicieron todo tipo de marruller\u00edas sus contrarios para arrebatarles el triunfo, evitando a como diera [&hellip;]<\/p>\n","protected":false},"author":2,"featured_media":0,"comment_status":"open","ping_status":"open","sticky":false,"template":"","format":"standard","meta":{"tdm_status":"","tdm_grid_status":"","footnotes":""},"categories":[70],"tags":[2661,15062,3946,15174,13325,1025],"class_list":{"0":"post-49550","1":"post","2":"type-post","3":"status-publish","4":"format-standard","6":"category-de-opinion","7":"tag-camara-de-diputados","8":"tag-dolores-padierna","9":"tag-felipe-calderon","10":"tag-haiga-sido-como-haiga-sido","11":"tag-ley-taibo","12":"tag-porfirio-munoz-ledo"},"yoast_head":"<!-- This site is optimized with the Yoast SEO plugin v27.4 - https:\/\/yoast.com\/product\/yoast-seo-wordpress\/ -->\n<title>\u201cHaiga sido como haiga sido\u201d - Los pol\u00edticos Veracruz<\/title>\n<meta name=\"robots\" content=\"index, follow, max-snippet:-1, max-image-preview:large, max-video-preview:-1\" \/>\n<link rel=\"canonical\" href=\"https:\/\/lospoliticosveracruz.com\/?p=49550\" \/>\n<meta property=\"og:locale\" content=\"es_ES\" \/>\n<meta property=\"og:type\" content=\"article\" \/>\n<meta property=\"og:title\" content=\"\u201cHaiga sido como haiga sido\u201d - Los pol\u00edticos Veracruz\" \/>\n<meta property=\"og:description\" content=\"Felipe de Jes\u00fas Fern\u00e1ndez Basilio Desde A Janela Titulo esta columna recordando la frase que los seguidores de L\u00f3pez usaron cuando reclamaban el supuesto fraude del que seg\u00fan ellos fueron v\u00edctimas en 2006, ya que en aquel entonces dec\u00edan que hicieron todo tipo de marruller\u00edas sus contrarios para arrebatarles el triunfo, evitando a como diera [&hellip;]\" \/>\n<meta property=\"og:url\" content=\"https:\/\/lospoliticosveracruz.com\/?p=49550\" \/>\n<meta property=\"og:site_name\" content=\"Los pol\u00edticos Veracruz\" \/>\n<meta property=\"article:publisher\" content=\"https:\/\/www.facebook.com\/people\/Notimemes-de-los-Polticos\/61565672886568\/\" \/>\n<meta property=\"article:published_time\" content=\"2019-09-06T22:20:12+00:00\" \/>\n<meta property=\"og:image\" content=\"https:\/\/lospoliticosveracruz.com\/wp-content\/uploads\/2016\/07\/Logo-Dor.jpg\" \/>\n\t<meta property=\"og:image:width\" content=\"200\" \/>\n\t<meta property=\"og:image:height\" content=\"200\" \/>\n\t<meta property=\"og:image:type\" content=\"image\/jpeg\" \/>\n<meta name=\"author\" content=\"Lo viste en Los Pol\u00edticos\" \/>\n<meta name=\"twitter:card\" content=\"summary_large_image\" \/>\n<meta name=\"twitter:creator\" content=\"@LosPoliticosVer\" \/>\n<meta name=\"twitter:site\" content=\"@LosPoliticosVer\" \/>\n<meta name=\"twitter:label1\" content=\"Escrito por\" \/>\n\t<meta name=\"twitter:data1\" content=\"Lo viste en Los Pol\u00edticos\" \/>\n\t<meta name=\"twitter:label2\" content=\"Tiempo de lectura\" \/>\n\t<meta name=\"twitter:data2\" content=\"6 minutos\" \/>\n<script type=\"application\/ld+json\" class=\"yoast-schema-graph\">{\"@context\":\"https:\\\/\\\/schema.org\",\"@graph\":[{\"@type\":\"Article\",\"@id\":\"https:\\\/\\\/lospoliticosveracruz.com\\\/?p=49550#article\",\"isPartOf\":{\"@id\":\"https:\\\/\\\/lospoliticosveracruz.com\\\/?p=49550\"},\"author\":{\"name\":\"Lo viste en Los Pol\u00edticos\",\"@id\":\"https:\\\/\\\/lospoliticosveracruz.com\\\/#\\\/schema\\\/person\\\/b8702bb0e538456e6efd07080bf2a4a2\"},\"headline\":\"\u201cHaiga sido como haiga sido\u201d\",\"datePublished\":\"2019-09-06T22:20:12+00:00\",\"mainEntityOfPage\":{\"@id\":\"https:\\\/\\\/lospoliticosveracruz.com\\\/?p=49550\"},\"wordCount\":1275,\"commentCount\":0,\"publisher\":{\"@id\":\"https:\\\/\\\/lospoliticosveracruz.com\\\/#organization\"},\"keywords\":[\"C\u00e1mara de Diputados\",\"Dolores Padierna\",\"Felipe Calder\u00f3n\",\"haiga sido como haiga sido\",\"Ley Taibo\",\"Porfirio Mu\u00f1oz Ledo\"],\"articleSection\":[\"De Opini\u00f3n\"],\"inLanguage\":\"es\",\"potentialAction\":[{\"@type\":\"CommentAction\",\"name\":\"Comment\",\"target\":[\"https:\\\/\\\/lospoliticosveracruz.com\\\/?p=49550#respond\"]}]},{\"@type\":\"WebPage\",\"@id\":\"https:\\\/\\\/lospoliticosveracruz.com\\\/?p=49550\",\"url\":\"https:\\\/\\\/lospoliticosveracruz.com\\\/?p=49550\",\"name\":\"\u201cHaiga sido como haiga sido\u201d - Los pol\u00edticos Veracruz\",\"isPartOf\":{\"@id\":\"https:\\\/\\\/lospoliticosveracruz.com\\\/#website\"},\"datePublished\":\"2019-09-06T22:20:12+00:00\",\"breadcrumb\":{\"@id\":\"https:\\\/\\\/lospoliticosveracruz.com\\\/?p=49550#breadcrumb\"},\"inLanguage\":\"es\",\"potentialAction\":[{\"@type\":\"ReadAction\",\"target\":[\"https:\\\/\\\/lospoliticosveracruz.com\\\/?p=49550\"]}]},{\"@type\":\"BreadcrumbList\",\"@id\":\"https:\\\/\\\/lospoliticosveracruz.com\\\/?p=49550#breadcrumb\",\"itemListElement\":[{\"@type\":\"ListItem\",\"position\":1,\"name\":\"Portada\",\"item\":\"https:\\\/\\\/lospoliticosveracruz.com\\\/\"},{\"@type\":\"ListItem\",\"position\":2,\"name\":\"\u201cHaiga sido como haiga sido\u201d\"}]},{\"@type\":\"WebSite\",\"@id\":\"https:\\\/\\\/lospoliticosveracruz.com\\\/#website\",\"url\":\"https:\\\/\\\/lospoliticosveracruz.com\\\/\",\"name\":\"Los pol\u00edticos Veracruz\",\"description\":\"\",\"publisher\":{\"@id\":\"https:\\\/\\\/lospoliticosveracruz.com\\\/#organization\"},\"potentialAction\":[{\"@type\":\"SearchAction\",\"target\":{\"@type\":\"EntryPoint\",\"urlTemplate\":\"https:\\\/\\\/lospoliticosveracruz.com\\\/?s={search_term_string}\"},\"query-input\":{\"@type\":\"PropertyValueSpecification\",\"valueRequired\":true,\"valueName\":\"search_term_string\"}}],\"inLanguage\":\"es\"},{\"@type\":\"Organization\",\"@id\":\"https:\\\/\\\/lospoliticosveracruz.com\\\/#organization\",\"name\":\"Los pol\u00edticos Veracruz\",\"url\":\"https:\\\/\\\/lospoliticosveracruz.com\\\/\",\"logo\":{\"@type\":\"ImageObject\",\"inLanguage\":\"es\",\"@id\":\"https:\\\/\\\/lospoliticosveracruz.com\\\/#\\\/schema\\\/logo\\\/image\\\/\",\"url\":\"https:\\\/\\\/lospoliticosveracruz.com\\\/wp-content\\\/uploads\\\/2025\\\/12\\\/Logo-Nuevo-LOS-POLITICOS-1.jpg\",\"contentUrl\":\"https:\\\/\\\/lospoliticosveracruz.com\\\/wp-content\\\/uploads\\\/2025\\\/12\\\/Logo-Nuevo-LOS-POLITICOS-1.jpg\",\"width\":260,\"height\":70,\"caption\":\"Los pol\u00edticos Veracruz\"},\"image\":{\"@id\":\"https:\\\/\\\/lospoliticosveracruz.com\\\/#\\\/schema\\\/logo\\\/image\\\/\"},\"sameAs\":[\"https:\\\/\\\/www.facebook.com\\\/people\\\/Notimemes-de-los-Polticos\\\/61565672886568\\\/\",\"https:\\\/\\\/x.com\\\/LosPoliticosVer\"]},{\"@type\":\"Person\",\"@id\":\"https:\\\/\\\/lospoliticosveracruz.com\\\/#\\\/schema\\\/person\\\/b8702bb0e538456e6efd07080bf2a4a2\",\"name\":\"Lo viste en Los Pol\u00edticos\",\"image\":{\"@type\":\"ImageObject\",\"inLanguage\":\"es\",\"@id\":\"https:\\\/\\\/secure.gravatar.com\\\/avatar\\\/3a8de04a2656d44082be478bd6c086daa447c4651605818287b9532d3d0bd435?s=96&d=mm&r=g\",\"url\":\"https:\\\/\\\/secure.gravatar.com\\\/avatar\\\/3a8de04a2656d44082be478bd6c086daa447c4651605818287b9532d3d0bd435?s=96&d=mm&r=g\",\"contentUrl\":\"https:\\\/\\\/secure.gravatar.com\\\/avatar\\\/3a8de04a2656d44082be478bd6c086daa447c4651605818287b9532d3d0bd435?s=96&d=mm&r=g\",\"caption\":\"Lo viste en Los Pol\u00edticos\"},\"url\":\"https:\\\/\\\/lospoliticosveracruz.com\\\/?author=2\"}]}<\/script>\n<!-- \/ Yoast SEO plugin. -->","yoast_head_json":{"title":"\u201cHaiga sido como haiga sido\u201d - Los pol\u00edticos Veracruz","robots":{"index":"index","follow":"follow","max-snippet":"max-snippet:-1","max-image-preview":"max-image-preview:large","max-video-preview":"max-video-preview:-1"},"canonical":"https:\/\/lospoliticosveracruz.com\/?p=49550","og_locale":"es_ES","og_type":"article","og_title":"\u201cHaiga sido como haiga sido\u201d - Los pol\u00edticos Veracruz","og_description":"Felipe de Jes\u00fas Fern\u00e1ndez Basilio Desde A Janela Titulo esta columna recordando la frase que los seguidores de L\u00f3pez usaron cuando reclamaban el supuesto fraude del que seg\u00fan ellos fueron v\u00edctimas en 2006, ya que en aquel entonces dec\u00edan que hicieron todo tipo de marruller\u00edas sus contrarios para arrebatarles el triunfo, evitando a como diera [&hellip;]","og_url":"https:\/\/lospoliticosveracruz.com\/?p=49550","og_site_name":"Los pol\u00edticos Veracruz","article_publisher":"https:\/\/www.facebook.com\/people\/Notimemes-de-los-Polticos\/61565672886568\/","article_published_time":"2019-09-06T22:20:12+00:00","og_image":[{"width":200,"height":200,"url":"https:\/\/lospoliticosveracruz.com\/wp-content\/uploads\/2016\/07\/Logo-Dor.jpg","type":"image\/jpeg"}],"author":"Lo viste en Los Pol\u00edticos","twitter_card":"summary_large_image","twitter_creator":"@LosPoliticosVer","twitter_site":"@LosPoliticosVer","twitter_misc":{"Escrito por":"Lo viste en Los Pol\u00edticos","Tiempo de lectura":"6 minutos"},"schema":{"@context":"https:\/\/schema.org","@graph":[{"@type":"Article","@id":"https:\/\/lospoliticosveracruz.com\/?p=49550#article","isPartOf":{"@id":"https:\/\/lospoliticosveracruz.com\/?p=49550"},"author":{"name":"Lo viste en Los Pol\u00edticos","@id":"https:\/\/lospoliticosveracruz.com\/#\/schema\/person\/b8702bb0e538456e6efd07080bf2a4a2"},"headline":"\u201cHaiga sido como haiga sido\u201d","datePublished":"2019-09-06T22:20:12+00:00","mainEntityOfPage":{"@id":"https:\/\/lospoliticosveracruz.com\/?p=49550"},"wordCount":1275,"commentCount":0,"publisher":{"@id":"https:\/\/lospoliticosveracruz.com\/#organization"},"keywords":["C\u00e1mara de Diputados","Dolores Padierna","Felipe Calder\u00f3n","haiga sido como haiga sido","Ley Taibo","Porfirio Mu\u00f1oz Ledo"],"articleSection":["De Opini\u00f3n"],"inLanguage":"es","potentialAction":[{"@type":"CommentAction","name":"Comment","target":["https:\/\/lospoliticosveracruz.com\/?p=49550#respond"]}]},{"@type":"WebPage","@id":"https:\/\/lospoliticosveracruz.com\/?p=49550","url":"https:\/\/lospoliticosveracruz.com\/?p=49550","name":"\u201cHaiga sido como haiga sido\u201d - Los pol\u00edticos Veracruz","isPartOf":{"@id":"https:\/\/lospoliticosveracruz.com\/#website"},"datePublished":"2019-09-06T22:20:12+00:00","breadcrumb":{"@id":"https:\/\/lospoliticosveracruz.com\/?p=49550#breadcrumb"},"inLanguage":"es","potentialAction":[{"@type":"ReadAction","target":["https:\/\/lospoliticosveracruz.com\/?p=49550"]}]},{"@type":"BreadcrumbList","@id":"https:\/\/lospoliticosveracruz.com\/?p=49550#breadcrumb","itemListElement":[{"@type":"ListItem","position":1,"name":"Portada","item":"https:\/\/lospoliticosveracruz.com\/"},{"@type":"ListItem","position":2,"name":"\u201cHaiga sido como haiga sido\u201d"}]},{"@type":"WebSite","@id":"https:\/\/lospoliticosveracruz.com\/#website","url":"https:\/\/lospoliticosveracruz.com\/","name":"Los pol\u00edticos Veracruz","description":"","publisher":{"@id":"https:\/\/lospoliticosveracruz.com\/#organization"},"potentialAction":[{"@type":"SearchAction","target":{"@type":"EntryPoint","urlTemplate":"https:\/\/lospoliticosveracruz.com\/?s={search_term_string}"},"query-input":{"@type":"PropertyValueSpecification","valueRequired":true,"valueName":"search_term_string"}}],"inLanguage":"es"},{"@type":"Organization","@id":"https:\/\/lospoliticosveracruz.com\/#organization","name":"Los pol\u00edticos Veracruz","url":"https:\/\/lospoliticosveracruz.com\/","logo":{"@type":"ImageObject","inLanguage":"es","@id":"https:\/\/lospoliticosveracruz.com\/#\/schema\/logo\/image\/","url":"https:\/\/lospoliticosveracruz.com\/wp-content\/uploads\/2025\/12\/Logo-Nuevo-LOS-POLITICOS-1.jpg","contentUrl":"https:\/\/lospoliticosveracruz.com\/wp-content\/uploads\/2025\/12\/Logo-Nuevo-LOS-POLITICOS-1.jpg","width":260,"height":70,"caption":"Los pol\u00edticos Veracruz"},"image":{"@id":"https:\/\/lospoliticosveracruz.com\/#\/schema\/logo\/image\/"},"sameAs":["https:\/\/www.facebook.com\/people\/Notimemes-de-los-Polticos\/61565672886568\/","https:\/\/x.com\/LosPoliticosVer"]},{"@type":"Person","@id":"https:\/\/lospoliticosveracruz.com\/#\/schema\/person\/b8702bb0e538456e6efd07080bf2a4a2","name":"Lo viste en Los Pol\u00edticos","image":{"@type":"ImageObject","inLanguage":"es","@id":"https:\/\/secure.gravatar.com\/avatar\/3a8de04a2656d44082be478bd6c086daa447c4651605818287b9532d3d0bd435?s=96&d=mm&r=g","url":"https:\/\/secure.gravatar.com\/avatar\/3a8de04a2656d44082be478bd6c086daa447c4651605818287b9532d3d0bd435?s=96&d=mm&r=g","contentUrl":"https:\/\/secure.gravatar.com\/avatar\/3a8de04a2656d44082be478bd6c086daa447c4651605818287b9532d3d0bd435?s=96&d=mm&r=g","caption":"Lo viste en Los Pol\u00edticos"},"url":"https:\/\/lospoliticosveracruz.com\/?author=2"}]}},"_links":{"self":[{"href":"https:\/\/lospoliticosveracruz.com\/index.php?rest_route=\/wp\/v2\/posts\/49550","targetHints":{"allow":["GET"]}}],"collection":[{"href":"https:\/\/lospoliticosveracruz.com\/index.php?rest_route=\/wp\/v2\/posts"}],"about":[{"href":"https:\/\/lospoliticosveracruz.com\/index.php?rest_route=\/wp\/v2\/types\/post"}],"author":[{"embeddable":true,"href":"https:\/\/lospoliticosveracruz.com\/index.php?rest_route=\/wp\/v2\/users\/2"}],"replies":[{"embeddable":true,"href":"https:\/\/lospoliticosveracruz.com\/index.php?rest_route=%2Fwp%2Fv2%2Fcomments&post=49550"}],"version-history":[{"count":1,"href":"https:\/\/lospoliticosveracruz.com\/index.php?rest_route=\/wp\/v2\/posts\/49550\/revisions"}],"predecessor-version":[{"id":49551,"href":"https:\/\/lospoliticosveracruz.com\/index.php?rest_route=\/wp\/v2\/posts\/49550\/revisions\/49551"}],"wp:attachment":[{"href":"https:\/\/lospoliticosveracruz.com\/index.php?rest_route=%2Fwp%2Fv2%2Fmedia&parent=49550"}],"wp:term":[{"taxonomy":"category","embeddable":true,"href":"https:\/\/lospoliticosveracruz.com\/index.php?rest_route=%2Fwp%2Fv2%2Fcategories&post=49550"},{"taxonomy":"post_tag","embeddable":true,"href":"https:\/\/lospoliticosveracruz.com\/index.php?rest_route=%2Fwp%2Fv2%2Ftags&post=49550"}],"curies":[{"name":"wp","href":"https:\/\/api.w.org\/{rel}","templated":true}]}}