{"id":49572,"date":"2019-09-08T23:00:11","date_gmt":"2019-09-09T04:00:11","guid":{"rendered":"http:\/\/www.lospoliticosveracruz.com.mx\/?p=49572"},"modified":"2019-09-08T17:19:39","modified_gmt":"2019-09-08T22:19:39","slug":"el-chapo-otra-oportunidad","status":"publish","type":"post","link":"https:\/\/lospoliticosveracruz.com\/?p=49572","title":{"rendered":"El Chapo, otra oportunidad"},"content":{"rendered":"<p><strong>Salvador Mu\u00f1oz<\/strong><\/p>\n<p><em>Los Pol\u00edticos<\/em><\/p>\n<p><span style=\"font-weight: 400;\">Cu\u00e1l es su primera reacci\u00f3n ante la propuesta que a trav\u00e9s de su abogado, hace el Chapo Guzm\u00e1n (el narco, no el panista), de que su fortuna, unos 14 mil millones de d\u00f3lares, se destine a comunidades ind\u00edgenas\u2026 creo que la misma que la del Pejedente L\u00f3pez: \u00a1a favor! Vamos, es la primera reacci\u00f3n natural en nuestro ADN azteca de ser solidarios con los que menos tienen; el asunto en este caso llama la atenci\u00f3n por tres v\u00edas:<\/span><\/p>\n<p><span style=\"font-weight: 400;\">1.- Falta lo que diga el Gobierno de Estados Unidos, bajo la pretensi\u00f3n de que si lo condena (cadena perpetua m\u00e1s el acumulable), \u00e9l \u201cadministre\u201d su riqueza\u2026<\/span><\/p>\n<p><span style=\"font-weight: 400;\">2.- El sentimiento del Pejedente respecto al Chapo Guzm\u00e1n, condoli\u00e9ndose por la condena impuesta al narco, bajo el esquema de que todos merecen otra oportunidad.<\/span><\/p>\n<p><span style=\"font-weight: 400;\">3.- En el remoto caso de que los 14 mil millones de d\u00f3lares no fueran \u201cdecomisados\u201d a la familia del Chapo, y \u00e9sta \u201cdonara\u201d parte de la fortuna del ex jefe del C\u00e1rtel de Sinaloa, \u00bfc\u00f3mo se ver\u00eda ante la sociedad un personaje como El Chapo pensando en su pa\u00eds?<\/span><\/p>\n<p><span style=\"font-weight: 400;\">II<\/span><\/p>\n<p><span style=\"font-weight: 400;\">La apolog\u00eda de personajes como ocurre con el Chapo, no es nueva\u2026 \u00a1alto! No pretendo decir que el Pejedente est\u00e9 haciendo tal cosa con Guzm\u00e1n\u00a0 Loera, hablo de pel\u00edculas, series y dem\u00e1s en torno al ex Capo del C\u00e1rtel de Sinaloa&#8230;\u00a0<\/span><\/p>\n<p><span style=\"font-weight: 400;\">La leyenda de R\u00edos Galeana est\u00e1 entre estas apolog\u00edas\u2026 sus \u201chagi\u00f3grafos\u201d hablan de un hombre con un coeficiente intelectual muy alto, seductor, que ret\u00f3 a un sistema policial (del cual sali\u00f3 pues era polic\u00eda porque descubri\u00f3 que las altas \u201ccuotas\u201d que le ped\u00edan sus Superiores, era m\u00e1s f\u00e1cil tenerlas para \u00e9l que compartirlas) \u00a1y adem\u00e1s era cantante! Creo que hasta hicieron una pel\u00edcula de \u00e9l.<\/span><\/p>\n<p><span style=\"font-weight: 400;\">\u00bfSe acuerdan de Caro Quintero? \u00bfEl hombre que cambiaba la vida de los pueblos y c\u00f3mo se lament\u00f3 su detenci\u00f3n?<\/span><\/p>\n<p><span style=\"font-weight: 400;\">III<\/span><\/p>\n<p><span style=\"font-weight: 400;\">A lo mejor pienso mal, y efectivamente, la familia y abogado en acuerdo con el Chapo, en una especie de \u201cabsoluci\u00f3n de sus pecados\u201d, tengan la buena intenci\u00f3n de devolver a la naci\u00f3n parte del \u201cfruto de sus negocios\u201d&#8230;<\/span><\/p>\n<p><span style=\"font-weight: 400;\">A lo mejor estoy mal y estoy condicionado por un sistema arcaico de que toda aquella persona que delinque, no merece m\u00e1s que el castigo por infringir leyes y reglas en nuestra sociedad, cuando en realidad, como dijera el Pejedente L\u00f3pez, el narco tambi\u00e9n \u201ces pueblo\u201d y merece una segunda oportunidad.<\/span><\/p>\n<p><span style=\"font-weight: 400;\">Quiz\u00e1s fruto de esta forma de ver a la gente por el Pejedente L\u00f3pez, genial contradicci\u00f3n de lo perfecto, es que vemos a un supuesto Javier Duarte de Ochoa, v\u00eda una columna de opini\u00f3n, predicando su verdad para ser libre&#8230;<\/span><\/p>\n<p><span style=\"font-weight: 400;\">A lo mejor estoy mal y realmente el Pejedente L\u00f3pez tenga raz\u00f3n\u2026 todos debemos tener una segunda oportunidad, incluso hasta Joaqu\u00edn Guzm\u00e1n Loera, a quien bajo su imperio en el C\u00e1rtel de Sinaloa, le atribuyen m\u00e1s de 70 mil muertes, pero la posibilidad de que 14 mil millones de d\u00f3lares contribuyan a que la Cuarta Transformaci\u00f3n llegue a las comunidades ind\u00edgenas del pa\u00eds, le podr\u00edan dejar la puerta abierta para que uno cambie la percepci\u00f3n de que quiz\u00e1s el Chapo pues no haya sido tan malo y bien merece que le demos otra oportunidad\u2026 y despu\u00e9s a un Javier Duarte\u2026 y luego a un Arturo Berm\u00fadez Zurita\u2026 y a un Mencho\u2026 en una de \u00e9sas, quiz\u00e1s tengamos a algunos de \u00e9stos como futuros representantes\u2026 un Berm\u00fadez, diputado; un Duarte, alcalde; una Loca como Gobernador\u2026<\/span><\/p>\n<p>&nbsp;<\/p>\n<p><span style=\"font-weight: 400;\">smcainito@gmail.com<\/span><\/p>\n","protected":false},"excerpt":{"rendered":"<p>Salvador Mu\u00f1oz Los Pol\u00edticos Cu\u00e1l es su primera reacci\u00f3n ante la propuesta que a trav\u00e9s de su abogado, hace el Chapo Guzm\u00e1n (el narco, no el panista), de que su fortuna, unos 14 mil millones de d\u00f3lares, se destine a comunidades ind\u00edgenas\u2026 creo que la misma que la del Pejedente L\u00f3pez: \u00a1a favor! Vamos, es [&hellip;]<\/p>\n","protected":false},"author":2,"featured_media":49573,"comment_status":"open","ping_status":"open","sticky":false,"template":"","format":"standard","meta":{"tdm_status":"","tdm_grid_status":"","footnotes":""},"categories":[70],"tags":[618,13181,3000,123,260,3019,13511],"class_list":{"0":"post-49572","1":"post","2":"type-post","3":"status-publish","4":"format-standard","5":"has-post-thumbnail","7":"category-de-opinion","8":"tag-andres-manuel-lopez-obrador","9":"tag-caro-quintero","10":"tag-chapo-guzman","11":"tag-estados-unidos","12":"tag-javier-duarte-de-ochoa","13":"tag-joaquin-guzman-loera","14":"tag-pejedente"},"yoast_head":"<!-- This site is optimized with the Yoast SEO plugin v27.4 - https:\/\/yoast.com\/product\/yoast-seo-wordpress\/ -->\n<title>El Chapo, otra oportunidad - Los pol\u00edticos Veracruz<\/title>\n<meta name=\"robots\" content=\"index, follow, max-snippet:-1, max-image-preview:large, max-video-preview:-1\" \/>\n<link rel=\"canonical\" href=\"https:\/\/lospoliticosveracruz.com\/?p=49572\" \/>\n<meta property=\"og:locale\" content=\"es_ES\" \/>\n<meta property=\"og:type\" content=\"article\" \/>\n<meta property=\"og:title\" content=\"El Chapo, otra oportunidad - Los pol\u00edticos Veracruz\" \/>\n<meta property=\"og:description\" content=\"Salvador Mu\u00f1oz Los Pol\u00edticos Cu\u00e1l es su primera reacci\u00f3n ante la propuesta que a trav\u00e9s de su abogado, hace el Chapo Guzm\u00e1n (el narco, no el panista), de que su fortuna, unos 14 mil millones de d\u00f3lares, se destine a comunidades ind\u00edgenas\u2026 creo que la misma que la del Pejedente L\u00f3pez: \u00a1a favor! Vamos, es [&hellip;]\" \/>\n<meta property=\"og:url\" content=\"https:\/\/lospoliticosveracruz.com\/?p=49572\" \/>\n<meta property=\"og:site_name\" content=\"Los pol\u00edticos Veracruz\" \/>\n<meta property=\"article:publisher\" content=\"https:\/\/www.facebook.com\/people\/Notimemes-de-los-Polticos\/61565672886568\/\" \/>\n<meta property=\"article:published_time\" content=\"2019-09-09T04:00:11+00:00\" \/>\n<meta property=\"og:image\" content=\"https:\/\/lospoliticosveracruz.com\/wp-content\/uploads\/2019\/09\/Chapo.jpg\" \/>\n\t<meta property=\"og:image:width\" content=\"600\" \/>\n\t<meta property=\"og:image:height\" content=\"338\" \/>\n\t<meta property=\"og:image:type\" content=\"image\/jpeg\" \/>\n<meta name=\"author\" content=\"Lo viste en Los Pol\u00edticos\" \/>\n<meta name=\"twitter:card\" content=\"summary_large_image\" \/>\n<meta name=\"twitter:creator\" content=\"@LosPoliticosVer\" \/>\n<meta name=\"twitter:site\" content=\"@LosPoliticosVer\" \/>\n<meta name=\"twitter:label1\" content=\"Escrito por\" \/>\n\t<meta name=\"twitter:data1\" content=\"Lo viste en Los Pol\u00edticos\" \/>\n\t<meta name=\"twitter:label2\" content=\"Tiempo de lectura\" \/>\n\t<meta name=\"twitter:data2\" content=\"3 minutos\" \/>\n<script type=\"application\/ld+json\" class=\"yoast-schema-graph\">{\"@context\":\"https:\\\/\\\/schema.org\",\"@graph\":[{\"@type\":\"Article\",\"@id\":\"https:\\\/\\\/lospoliticosveracruz.com\\\/?p=49572#article\",\"isPartOf\":{\"@id\":\"https:\\\/\\\/lospoliticosveracruz.com\\\/?p=49572\"},\"author\":{\"name\":\"Lo viste en Los Pol\u00edticos\",\"@id\":\"https:\\\/\\\/lospoliticosveracruz.com\\\/#\\\/schema\\\/person\\\/b8702bb0e538456e6efd07080bf2a4a2\"},\"headline\":\"El Chapo, otra oportunidad\",\"datePublished\":\"2019-09-09T04:00:11+00:00\",\"mainEntityOfPage\":{\"@id\":\"https:\\\/\\\/lospoliticosveracruz.com\\\/?p=49572\"},\"wordCount\":645,\"commentCount\":0,\"publisher\":{\"@id\":\"https:\\\/\\\/lospoliticosveracruz.com\\\/#organization\"},\"image\":{\"@id\":\"https:\\\/\\\/lospoliticosveracruz.com\\\/?p=49572#primaryimage\"},\"thumbnailUrl\":\"https:\\\/\\\/lospoliticosveracruz.com\\\/wp-content\\\/uploads\\\/2019\\\/09\\\/Chapo.jpg\",\"keywords\":[\"Andr\u00e9s Manuel L\u00f3pez Obrador\",\"Caro Quintero\",\"Chapo Guzm\u00e1n\",\"Estados Unidos\",\"Javier Duarte de Ochoa\",\"Joaqu\u00edn Guzm\u00e1n Loera\",\"Pejedente\"],\"articleSection\":[\"De Opini\u00f3n\"],\"inLanguage\":\"es\",\"potentialAction\":[{\"@type\":\"CommentAction\",\"name\":\"Comment\",\"target\":[\"https:\\\/\\\/lospoliticosveracruz.com\\\/?p=49572#respond\"]}]},{\"@type\":\"WebPage\",\"@id\":\"https:\\\/\\\/lospoliticosveracruz.com\\\/?p=49572\",\"url\":\"https:\\\/\\\/lospoliticosveracruz.com\\\/?p=49572\",\"name\":\"El Chapo, otra oportunidad - Los pol\u00edticos Veracruz\",\"isPartOf\":{\"@id\":\"https:\\\/\\\/lospoliticosveracruz.com\\\/#website\"},\"primaryImageOfPage\":{\"@id\":\"https:\\\/\\\/lospoliticosveracruz.com\\\/?p=49572#primaryimage\"},\"image\":{\"@id\":\"https:\\\/\\\/lospoliticosveracruz.com\\\/?p=49572#primaryimage\"},\"thumbnailUrl\":\"https:\\\/\\\/lospoliticosveracruz.com\\\/wp-content\\\/uploads\\\/2019\\\/09\\\/Chapo.jpg\",\"datePublished\":\"2019-09-09T04:00:11+00:00\",\"breadcrumb\":{\"@id\":\"https:\\\/\\\/lospoliticosveracruz.com\\\/?p=49572#breadcrumb\"},\"inLanguage\":\"es\",\"potentialAction\":[{\"@type\":\"ReadAction\",\"target\":[\"https:\\\/\\\/lospoliticosveracruz.com\\\/?p=49572\"]}]},{\"@type\":\"ImageObject\",\"inLanguage\":\"es\",\"@id\":\"https:\\\/\\\/lospoliticosveracruz.com\\\/?p=49572#primaryimage\",\"url\":\"https:\\\/\\\/lospoliticosveracruz.com\\\/wp-content\\\/uploads\\\/2019\\\/09\\\/Chapo.jpg\",\"contentUrl\":\"https:\\\/\\\/lospoliticosveracruz.com\\\/wp-content\\\/uploads\\\/2019\\\/09\\\/Chapo.jpg\",\"width\":600,\"height\":338},{\"@type\":\"BreadcrumbList\",\"@id\":\"https:\\\/\\\/lospoliticosveracruz.com\\\/?p=49572#breadcrumb\",\"itemListElement\":[{\"@type\":\"ListItem\",\"position\":1,\"name\":\"Portada\",\"item\":\"https:\\\/\\\/lospoliticosveracruz.com\\\/\"},{\"@type\":\"ListItem\",\"position\":2,\"name\":\"El Chapo, otra oportunidad\"}]},{\"@type\":\"WebSite\",\"@id\":\"https:\\\/\\\/lospoliticosveracruz.com\\\/#website\",\"url\":\"https:\\\/\\\/lospoliticosveracruz.com\\\/\",\"name\":\"Los pol\u00edticos Veracruz\",\"description\":\"\",\"publisher\":{\"@id\":\"https:\\\/\\\/lospoliticosveracruz.com\\\/#organization\"},\"potentialAction\":[{\"@type\":\"SearchAction\",\"target\":{\"@type\":\"EntryPoint\",\"urlTemplate\":\"https:\\\/\\\/lospoliticosveracruz.com\\\/?s={search_term_string}\"},\"query-input\":{\"@type\":\"PropertyValueSpecification\",\"valueRequired\":true,\"valueName\":\"search_term_string\"}}],\"inLanguage\":\"es\"},{\"@type\":\"Organization\",\"@id\":\"https:\\\/\\\/lospoliticosveracruz.com\\\/#organization\",\"name\":\"Los pol\u00edticos Veracruz\",\"url\":\"https:\\\/\\\/lospoliticosveracruz.com\\\/\",\"logo\":{\"@type\":\"ImageObject\",\"inLanguage\":\"es\",\"@id\":\"https:\\\/\\\/lospoliticosveracruz.com\\\/#\\\/schema\\\/logo\\\/image\\\/\",\"url\":\"https:\\\/\\\/lospoliticosveracruz.com\\\/wp-content\\\/uploads\\\/2025\\\/12\\\/Logo-Nuevo-LOS-POLITICOS-1.jpg\",\"contentUrl\":\"https:\\\/\\\/lospoliticosveracruz.com\\\/wp-content\\\/uploads\\\/2025\\\/12\\\/Logo-Nuevo-LOS-POLITICOS-1.jpg\",\"width\":260,\"height\":70,\"caption\":\"Los pol\u00edticos Veracruz\"},\"image\":{\"@id\":\"https:\\\/\\\/lospoliticosveracruz.com\\\/#\\\/schema\\\/logo\\\/image\\\/\"},\"sameAs\":[\"https:\\\/\\\/www.facebook.com\\\/people\\\/Notimemes-de-los-Polticos\\\/61565672886568\\\/\",\"https:\\\/\\\/x.com\\\/LosPoliticosVer\"]},{\"@type\":\"Person\",\"@id\":\"https:\\\/\\\/lospoliticosveracruz.com\\\/#\\\/schema\\\/person\\\/b8702bb0e538456e6efd07080bf2a4a2\",\"name\":\"Lo viste en Los Pol\u00edticos\",\"image\":{\"@type\":\"ImageObject\",\"inLanguage\":\"es\",\"@id\":\"https:\\\/\\\/secure.gravatar.com\\\/avatar\\\/3a8de04a2656d44082be478bd6c086daa447c4651605818287b9532d3d0bd435?s=96&d=mm&r=g\",\"url\":\"https:\\\/\\\/secure.gravatar.com\\\/avatar\\\/3a8de04a2656d44082be478bd6c086daa447c4651605818287b9532d3d0bd435?s=96&d=mm&r=g\",\"contentUrl\":\"https:\\\/\\\/secure.gravatar.com\\\/avatar\\\/3a8de04a2656d44082be478bd6c086daa447c4651605818287b9532d3d0bd435?s=96&d=mm&r=g\",\"caption\":\"Lo viste en Los Pol\u00edticos\"},\"url\":\"https:\\\/\\\/lospoliticosveracruz.com\\\/?author=2\"}]}<\/script>\n<!-- \/ Yoast SEO plugin. -->","yoast_head_json":{"title":"El Chapo, otra oportunidad - Los pol\u00edticos Veracruz","robots":{"index":"index","follow":"follow","max-snippet":"max-snippet:-1","max-image-preview":"max-image-preview:large","max-video-preview":"max-video-preview:-1"},"canonical":"https:\/\/lospoliticosveracruz.com\/?p=49572","og_locale":"es_ES","og_type":"article","og_title":"El Chapo, otra oportunidad - Los pol\u00edticos Veracruz","og_description":"Salvador Mu\u00f1oz Los Pol\u00edticos Cu\u00e1l es su primera reacci\u00f3n ante la propuesta que a trav\u00e9s de su abogado, hace el Chapo Guzm\u00e1n (el narco, no el panista), de que su fortuna, unos 14 mil millones de d\u00f3lares, se destine a comunidades ind\u00edgenas\u2026 creo que la misma que la del Pejedente L\u00f3pez: \u00a1a favor! Vamos, es [&hellip;]","og_url":"https:\/\/lospoliticosveracruz.com\/?p=49572","og_site_name":"Los pol\u00edticos Veracruz","article_publisher":"https:\/\/www.facebook.com\/people\/Notimemes-de-los-Polticos\/61565672886568\/","article_published_time":"2019-09-09T04:00:11+00:00","og_image":[{"width":600,"height":338,"url":"https:\/\/lospoliticosveracruz.com\/wp-content\/uploads\/2019\/09\/Chapo.jpg","type":"image\/jpeg"}],"author":"Lo viste en Los Pol\u00edticos","twitter_card":"summary_large_image","twitter_creator":"@LosPoliticosVer","twitter_site":"@LosPoliticosVer","twitter_misc":{"Escrito por":"Lo viste en Los Pol\u00edticos","Tiempo de lectura":"3 minutos"},"schema":{"@context":"https:\/\/schema.org","@graph":[{"@type":"Article","@id":"https:\/\/lospoliticosveracruz.com\/?p=49572#article","isPartOf":{"@id":"https:\/\/lospoliticosveracruz.com\/?p=49572"},"author":{"name":"Lo viste en Los Pol\u00edticos","@id":"https:\/\/lospoliticosveracruz.com\/#\/schema\/person\/b8702bb0e538456e6efd07080bf2a4a2"},"headline":"El Chapo, otra oportunidad","datePublished":"2019-09-09T04:00:11+00:00","mainEntityOfPage":{"@id":"https:\/\/lospoliticosveracruz.com\/?p=49572"},"wordCount":645,"commentCount":0,"publisher":{"@id":"https:\/\/lospoliticosveracruz.com\/#organization"},"image":{"@id":"https:\/\/lospoliticosveracruz.com\/?p=49572#primaryimage"},"thumbnailUrl":"https:\/\/lospoliticosveracruz.com\/wp-content\/uploads\/2019\/09\/Chapo.jpg","keywords":["Andr\u00e9s Manuel L\u00f3pez Obrador","Caro Quintero","Chapo Guzm\u00e1n","Estados Unidos","Javier Duarte de Ochoa","Joaqu\u00edn Guzm\u00e1n Loera","Pejedente"],"articleSection":["De Opini\u00f3n"],"inLanguage":"es","potentialAction":[{"@type":"CommentAction","name":"Comment","target":["https:\/\/lospoliticosveracruz.com\/?p=49572#respond"]}]},{"@type":"WebPage","@id":"https:\/\/lospoliticosveracruz.com\/?p=49572","url":"https:\/\/lospoliticosveracruz.com\/?p=49572","name":"El Chapo, otra oportunidad - Los pol\u00edticos Veracruz","isPartOf":{"@id":"https:\/\/lospoliticosveracruz.com\/#website"},"primaryImageOfPage":{"@id":"https:\/\/lospoliticosveracruz.com\/?p=49572#primaryimage"},"image":{"@id":"https:\/\/lospoliticosveracruz.com\/?p=49572#primaryimage"},"thumbnailUrl":"https:\/\/lospoliticosveracruz.com\/wp-content\/uploads\/2019\/09\/Chapo.jpg","datePublished":"2019-09-09T04:00:11+00:00","breadcrumb":{"@id":"https:\/\/lospoliticosveracruz.com\/?p=49572#breadcrumb"},"inLanguage":"es","potentialAction":[{"@type":"ReadAction","target":["https:\/\/lospoliticosveracruz.com\/?p=49572"]}]},{"@type":"ImageObject","inLanguage":"es","@id":"https:\/\/lospoliticosveracruz.com\/?p=49572#primaryimage","url":"https:\/\/lospoliticosveracruz.com\/wp-content\/uploads\/2019\/09\/Chapo.jpg","contentUrl":"https:\/\/lospoliticosveracruz.com\/wp-content\/uploads\/2019\/09\/Chapo.jpg","width":600,"height":338},{"@type":"BreadcrumbList","@id":"https:\/\/lospoliticosveracruz.com\/?p=49572#breadcrumb","itemListElement":[{"@type":"ListItem","position":1,"name":"Portada","item":"https:\/\/lospoliticosveracruz.com\/"},{"@type":"ListItem","position":2,"name":"El Chapo, otra oportunidad"}]},{"@type":"WebSite","@id":"https:\/\/lospoliticosveracruz.com\/#website","url":"https:\/\/lospoliticosveracruz.com\/","name":"Los pol\u00edticos Veracruz","description":"","publisher":{"@id":"https:\/\/lospoliticosveracruz.com\/#organization"},"potentialAction":[{"@type":"SearchAction","target":{"@type":"EntryPoint","urlTemplate":"https:\/\/lospoliticosveracruz.com\/?s={search_term_string}"},"query-input":{"@type":"PropertyValueSpecification","valueRequired":true,"valueName":"search_term_string"}}],"inLanguage":"es"},{"@type":"Organization","@id":"https:\/\/lospoliticosveracruz.com\/#organization","name":"Los pol\u00edticos Veracruz","url":"https:\/\/lospoliticosveracruz.com\/","logo":{"@type":"ImageObject","inLanguage":"es","@id":"https:\/\/lospoliticosveracruz.com\/#\/schema\/logo\/image\/","url":"https:\/\/lospoliticosveracruz.com\/wp-content\/uploads\/2025\/12\/Logo-Nuevo-LOS-POLITICOS-1.jpg","contentUrl":"https:\/\/lospoliticosveracruz.com\/wp-content\/uploads\/2025\/12\/Logo-Nuevo-LOS-POLITICOS-1.jpg","width":260,"height":70,"caption":"Los pol\u00edticos Veracruz"},"image":{"@id":"https:\/\/lospoliticosveracruz.com\/#\/schema\/logo\/image\/"},"sameAs":["https:\/\/www.facebook.com\/people\/Notimemes-de-los-Polticos\/61565672886568\/","https:\/\/x.com\/LosPoliticosVer"]},{"@type":"Person","@id":"https:\/\/lospoliticosveracruz.com\/#\/schema\/person\/b8702bb0e538456e6efd07080bf2a4a2","name":"Lo viste en Los Pol\u00edticos","image":{"@type":"ImageObject","inLanguage":"es","@id":"https:\/\/secure.gravatar.com\/avatar\/3a8de04a2656d44082be478bd6c086daa447c4651605818287b9532d3d0bd435?s=96&d=mm&r=g","url":"https:\/\/secure.gravatar.com\/avatar\/3a8de04a2656d44082be478bd6c086daa447c4651605818287b9532d3d0bd435?s=96&d=mm&r=g","contentUrl":"https:\/\/secure.gravatar.com\/avatar\/3a8de04a2656d44082be478bd6c086daa447c4651605818287b9532d3d0bd435?s=96&d=mm&r=g","caption":"Lo viste en Los Pol\u00edticos"},"url":"https:\/\/lospoliticosveracruz.com\/?author=2"}]}},"_links":{"self":[{"href":"https:\/\/lospoliticosveracruz.com\/index.php?rest_route=\/wp\/v2\/posts\/49572","targetHints":{"allow":["GET"]}}],"collection":[{"href":"https:\/\/lospoliticosveracruz.com\/index.php?rest_route=\/wp\/v2\/posts"}],"about":[{"href":"https:\/\/lospoliticosveracruz.com\/index.php?rest_route=\/wp\/v2\/types\/post"}],"author":[{"embeddable":true,"href":"https:\/\/lospoliticosveracruz.com\/index.php?rest_route=\/wp\/v2\/users\/2"}],"replies":[{"embeddable":true,"href":"https:\/\/lospoliticosveracruz.com\/index.php?rest_route=%2Fwp%2Fv2%2Fcomments&post=49572"}],"version-history":[{"count":1,"href":"https:\/\/lospoliticosveracruz.com\/index.php?rest_route=\/wp\/v2\/posts\/49572\/revisions"}],"predecessor-version":[{"id":49574,"href":"https:\/\/lospoliticosveracruz.com\/index.php?rest_route=\/wp\/v2\/posts\/49572\/revisions\/49574"}],"wp:featuredmedia":[{"embeddable":true,"href":"https:\/\/lospoliticosveracruz.com\/index.php?rest_route=\/wp\/v2\/media\/49573"}],"wp:attachment":[{"href":"https:\/\/lospoliticosveracruz.com\/index.php?rest_route=%2Fwp%2Fv2%2Fmedia&parent=49572"}],"wp:term":[{"taxonomy":"category","embeddable":true,"href":"https:\/\/lospoliticosveracruz.com\/index.php?rest_route=%2Fwp%2Fv2%2Fcategories&post=49572"},{"taxonomy":"post_tag","embeddable":true,"href":"https:\/\/lospoliticosveracruz.com\/index.php?rest_route=%2Fwp%2Fv2%2Ftags&post=49572"}],"curies":[{"name":"wp","href":"https:\/\/api.w.org\/{rel}","templated":true}]}}