{"id":49598,"date":"2019-09-10T13:10:01","date_gmt":"2019-09-10T18:10:01","guid":{"rendered":"http:\/\/www.lospoliticosveracruz.com.mx\/?p=49598"},"modified":"2019-09-10T13:10:01","modified_gmt":"2019-09-10T18:10:01","slug":"cuitlahuac-autoritario-el-futuro-de-los-yunes","status":"publish","type":"post","link":"https:\/\/lospoliticosveracruz.com\/?p=49598","title":{"rendered":"Cuitl\u00e1huac, \u00bfautoritario?; el futuro de los Yunes"},"content":{"rendered":"<p><strong>Ricardo Ch\u00faa<\/strong><\/p>\n<p><em>Sale y Vale<\/em><\/p>\n<p>Ahora resulta que el gobernador, Cuitl\u00e0huac Garc\u00eca Jim\u00e8nez, adem\u00e1s de ser una \u00abBENDICI\u00d3N\u00bb para Veracruz, se convirti\u00f3 de la noche a la ma\u00f1ana en un Jefe de Redacci\u00f3n de medios de comunicaci\u00f3n&#8230; Ya que ahora Don Cuitl\u00e1huac se pone a RECLAMAR a periodistas que se\u00f1alan el \u00abEstado Fallido\u00bb que hay en Veracruz por la inseguridad latente del Estado&#8230; Y todav\u00eda el \u00abSe\u00f1or Gobernador\u00bb se ofende porque dice que NO se le cuestion\u00f3 lo mismo a Miguel Angel Yunes cuando era el mandatario estatal&#8230;<\/p>\n<p>Al parecer ignora o quiz\u00e1s no ley\u00f3 nunca a periodistas durante el bienio de Yunes&#8230; Donde se hablo de un \u00abEstado Fallido\u00bb&#8230; Ojal\u00e1 Iv\u00e1n Luna, le haga el favor de pasarle cr\u00f3nicas, notas y columnas, para que le aclaren la visi\u00f3n sobre la prensa que lo cuestionan&#8230; Esa critica fue lo que le permiti\u00f3 a MORENA llegar al poder y a Cuitl\u00e1huac sentarse en la silla principal del Palacio de Gobierno en Xalapa&#8230; Entonces de qu\u00e9 se queja&#8230; No es lo mismo ser oposici\u00f3n, que gobierno, dice, Mu\u00f1oz Ledo&#8230; Ahora con poder tiene otra actitud&#8230;<\/p>\n<p>Adem\u00e1s del tema del \u00abEstado Fallido\u00bb claro que lo hay en su administraci\u00f3n&#8230; Hubo masacres de personas inocentes en Minititlan y Coatzacoalcos.. Empresarios y periodistas secuestrados y asesinados&#8230; Ni\u00f1os que les cercenan la mano por ser presuntos ladrones&#8230; Balaceras, levantones, feminicidios y hasta en los puentes aparecen ya \u00abcolgados\u00bb&#8230; Por qu\u00e9 se molesta el Gobernador, por qu\u00e9 le est\u00e1 pasando a \u00e9l y no le pas\u00f3 al que lo antecedi\u00f3&#8230; Eso es tratar de esquivar la responsabilidad&#8230; Lo grave que es el gobernador&#8230; Y no puede hacerlo&#8230;<\/p>\n<p>En estos momentos tan aciagos por la inseguridad&#8230; El debe guardar mesura y evitar caer en las mismas acciones que tanto critico de antecesores&#8230; Y ser\u00e1 \u00abel sereno\u00bb pero Yunes evad\u00eda preguntas o no contestaba&#8230; Pero no rega\u00f1aba reporteros cuando el cuestionamiento lo incomodaba&#8230; Duarte se re\u00eda o su gente interrump\u00eda la entrevista&#8230; Fidel era Fidel y se las sacaba de la \u00abmanga\u00bb&#8230; Y ahora resulta que Cutl\u00e1huac de izquierda y fiel seguidor de la democracia y de la 4T&#8230; No le gusta que lo cuestionen&#8230; No, pues, que dem\u00f3crata&#8230;<\/p>\n<p>Ya s\u00f3lo falta que el gobernador le aprenda todo lo malo a Yunes y se convert\u00eda en su n\u00e9mesis&#8230; Al carajo entonces, si esta acci\u00f3n hubiera ocurrido con Fidel Herrera, Javier Duarte o Miguel Angel Yunes&#8230; Ya estuvieran los pol\u00edticos de MORENA como Cuitl\u00e1huac exigiendo que se denunciara ante la Comisi\u00f3n Interamericana de los Derechos Humanos, Art\u00ecculo 19, CEAPP y la larga lista de etc\u00e9tera&#8230; Que recuerde que s\u00f3lo tiene 33 por ciento de aceptaci\u00f3n y eso no es culpa de los medios sino de su \u00abEstado Fallido\u00bb&#8230; Que lo arregle y todos FELICES&#8230; AMEN&#8230;<\/p>\n<p>LA MENTIRA&#8230; Ya son varios los altos funcionarios del gobierno estatal de Cuitl\u00e0huac Garc\u00eca&#8230; Que andan vociferando que son \u00abinchimos\u00bb del secretario de Seguridad P\u00fablica federal, Alfonso Durazo Mota\u00f1o, desde hace dos decadas&#8230; Y que por esa GRAN AMISTAD este funcionario del primer circulo del Presidente, Andr\u00e8s Manuel L\u00f3pez Obrador, intercedi\u00f3 a favor del Gobierno de Veracruz y MORENA para lograr la REMOCI\u00d3N TEMPORAL del Fiscal, Jorge Winckler (ja ja ja ja)&#8230; Que pat\u00e9ticos son&#8230; En fin, gobierno de 4T&#8230;<\/p>\n<p>S\u00f3lo hay que echarle OJO a la historia y se ver\u00e1 como se cae esa mentira&#8230; Hace 20 a\u00f1os&#8230; Alfonso Durazo era el secretario Particular de Vicente Fox, que hab\u00eda dejado la gubernatura de Guanajuato para ser precandidato Presidencial del PAN en 1999&#8230; Y los \u00fanicos dos veracruzanos cercanos a Fox,eran Juan Bueno Torio y Francisco Avila Camberos&#8230; Y, no hay antecedentes de esos a\u00f1os, que alg\u00fan funcionario del gobierno de Cuitl\u00e1huac fuera \u00abamigo\u00bb de Durazo&#8230; Por favor.. A otros ingenios con esos cuentos&#8230;<\/p>\n<p>M\u00e1s con la personalidad de Durazo era dif\u00edcil el acceso a su persona&#8230; No cualquiera&#8230; Y en aquellos a\u00f1os, la mayor\u00eda del gabinete de Cuitl\u00e1huac eran priistas o perredistas o juniors&#8230; Pocos eran panistas, s\u00f3lo el \u00abPipo\u00bb V\u00e1zquez, que hoy anda Moreno &#8230; Y no creemos que en 1999, el Pipo que era diputado federal conociera a Cuitl\u00e0huac, a pesar de ser xalape\u00f1os o Eric Cisneros que en ese tiempo ni viv\u00eda en Veracruz&#8230; Menos a Hugo Guti\u00e9rrez&#8230; Ni a Cazar\u00ecn&#8230; C\u00e9sar Leal lo hubiera desconocido, si se hubiera juntado con ellos o no \u00abMijito\u00bb&#8230;<\/p>\n<p>En Veracruz s\u00f3lo no se sabe, lo que no ha sucedido&#8230; Y que estos funcionarios conocieran a Durazo en tiempos de Fox, se ve dif\u00edcil&#8230; La mayor\u00eda son \u00abnonatos\u00bb pol\u00edticos s\u00f3lo con experiencia municipal, no estatal&#8230; Al rato dir\u00e1n que tambi\u00e9n que iban a \u00abLos Portales\u00bb de Veracruz con Marcelo Ebrard o Jos\u00e8 Wondelberg&#8230; Ja ja ja&#8230; Lo de Winckler fue una acci\u00f3n del \u00abfascismo tropical\u00bb que se pr\u00e1ctica en Veracruz por el gobierno estatal, en su lucha intestina de MORENA vs PAN&#8230; As\u00ed de sencillo&#8230; Que eran amigos de Durazo&#8230; No mmr.. Ja ja ja&#8230;<\/p>\n<p>YUNES, LA OTRA HIP\u00d3TESIS&#8230; Mucho se ha hablado que va a pasar con los Yunes azules despu\u00e9s de la elecci\u00f3n a dirigente estatal del PAN donde presuntamente el triunfador es Joaqu\u00edn Rosendo Guzm\u00e1n Avil\u00e9s&#8230; Pero es pronto para dar un an\u00e1lisis cuando aun el proceso interno no termina porque faltan las impugnaciones que har\u00e1 el equipo de Pepe Macha por las supuestas irregularidades del triunfo de El Chapito en Tantoyuca&#8230;Y que por ello pedir\u00e1n la anulaci\u00f3n de casillas en ese municipio&#8230;<\/p>\n<p>Lo que es un hecho, es que al menos PapaYunes, el operador real del equipo de Mancha-Do, no trae una buena relaci\u00f3n con Marko C\u00f3rtes, l\u00edder nacional del PAN, pero aun as\u00ed van a impugnar el proceso&#8230; Si esa hip\u00f3tesis es cierta, entonces, se va a quedar \u00abEl Chapito\u00bb en el poder del comit\u00e9 estatal&#8230; As\u00ed el diputado federal panista y presidente del CEN hace a un lado a los Yunes Azules&#8230; Y no trae esa presi\u00f3n sobre Veracruz de un personaje de la talla de Miguel Yunes Pap\u00e1&#8230;<\/p>\n<p>Adem\u00e1s Marko Cort\u00e9s se ha caracterizado de no ser un personaje \u00abaguerrido\u00bb para luchar contra las ilegalidades&#8230; MORENA les copto dirigencias estatales completas, Congresos Locales panistas (Baja California Norte) y otros casos m\u00e1s&#8230; Y lo toleraron desde el CEN.. As\u00ed que si el Chapito garantiza tranquilidad, puede, que la anulaci\u00f3n s\u00f3lo se quede en \u00abfantasma\u00bb&#8230; Al final de cuentas, pese que Yunes Linares gan\u00f3 la gubernatura de Veracruz bajo las siglas del PAN&#8230; Queda claro, que nunca en el CEN lo sintieron suyo&#8230;<\/p>\n<p>Quiz\u00e1s tambi\u00e9n por ello, el asenso del supuesto \u00abantiyunismo\u00bb en el PAN local y que se hizo patente en la elecci\u00f3n&#8230;Y aunque van a dar la batalla, ya que los Yunes con Mancha ganaron los municipios m\u00e1s importantes en Veracruz y hasta los que eran gobernados por MORENA&#8230; S\u00f3lo el padr\u00f3n de Tantoyuca los hizo perder.. Pero al interior&#8230; Al exterior \u00abEl Chapito\u00bb Guzm\u00e0n es impresentable como candidato&#8230; As\u00ed que si no es Julen con qui\u00e9n m\u00e1s jugar\u00e1n.. \u00bfCon Cambranis? que nunca ha ganado una elecci\u00f3n constitucional puras \u00abpluris\u00bb&#8230; No mmn&#8230;<\/p>\n<p>Por eso, sobre el futuro de los Yunes hay que esperar el recurso, que ser\u00eda interno y despu\u00e9s se ver\u00e1 si Mancha asiste a los tribunales electorales&#8230; Es un hecho que el PAN dar\u00e1 entrada a el recurso, y se ver\u00e1 el fallo interno y de all\u00ed los tribunales&#8230; El que se anule la elecci\u00f3n depender\u00e1 de las pruebas que presente, pero Mancha se basar\u00e1 en los centro de votaci\u00f3n de Tantoyuca y la presencia de la Fuerza Civil de la SSP en ese sitio&#8230; La suerte esta echada&#8230; Pero los Yunes no pierden&#8230; Ya lo ver\u00e1n&#8230; DE NUEVO AMEN&#8230;<\/p>\n","protected":false},"excerpt":{"rendered":"<p>Ricardo Ch\u00faa Sale y Vale Ahora resulta que el gobernador, Cuitl\u00e0huac Garc\u00eca Jim\u00e8nez, adem\u00e1s de ser una \u00abBENDICI\u00d3N\u00bb para Veracruz, se convirti\u00f3 de la noche a la ma\u00f1ana en un Jefe de Redacci\u00f3n de medios de comunicaci\u00f3n&#8230; Ya que ahora Don Cuitl\u00e1huac se pone a RECLAMAR a periodistas que se\u00f1alan el \u00abEstado Fallido\u00bb que hay [&hellip;]<\/p>\n","protected":false},"author":2,"featured_media":49599,"comment_status":"open","ping_status":"open","sticky":false,"template":"","format":"standard","meta":{"tdm_status":"","tdm_grid_status":"","footnotes":""},"categories":[70],"tags":[618,1563,12799,1033,410,162,428,1026,1025,195,96],"class_list":{"0":"post-49598","1":"post","2":"type-post","3":"status-publish","4":"format-standard","5":"has-post-thumbnail","7":"category-de-opinion","8":"tag-andres-manuel-lopez-obrador","9":"tag-cuitlahuac-garcia-jimenez","10":"tag-enrique-chazaro","11":"tag-estado-fallido","12":"tag-fidel-herrera-beltran","13":"tag-javier-duarte","14":"tag-miguel-angel-yunes-linares","15":"tag-morena","16":"tag-porfirio-munoz-ledo","17":"tag-veracruz","18":"tag-xalapa"},"yoast_head":"<!-- This site is optimized with the Yoast SEO plugin v27.4 - https:\/\/yoast.com\/product\/yoast-seo-wordpress\/ -->\n<title>Cuitl\u00e1huac, \u00bfautoritario?; el futuro de los Yunes - Los pol\u00edticos Veracruz<\/title>\n<meta name=\"robots\" content=\"index, follow, max-snippet:-1, max-image-preview:large, max-video-preview:-1\" \/>\n<link rel=\"canonical\" href=\"https:\/\/lospoliticosveracruz.com\/?p=49598\" \/>\n<meta property=\"og:locale\" content=\"es_ES\" \/>\n<meta property=\"og:type\" content=\"article\" \/>\n<meta property=\"og:title\" content=\"Cuitl\u00e1huac, \u00bfautoritario?; el futuro de los Yunes - Los pol\u00edticos Veracruz\" \/>\n<meta property=\"og:description\" content=\"Ricardo Ch\u00faa Sale y Vale Ahora resulta que el gobernador, Cuitl\u00e0huac Garc\u00eca Jim\u00e8nez, adem\u00e1s de ser una \u00abBENDICI\u00d3N\u00bb para Veracruz, se convirti\u00f3 de la noche a la ma\u00f1ana en un Jefe de Redacci\u00f3n de medios de comunicaci\u00f3n&#8230; Ya que ahora Don Cuitl\u00e1huac se pone a RECLAMAR a periodistas que se\u00f1alan el \u00abEstado Fallido\u00bb que hay [&hellip;]\" \/>\n<meta property=\"og:url\" content=\"https:\/\/lospoliticosveracruz.com\/?p=49598\" \/>\n<meta property=\"og:site_name\" content=\"Los pol\u00edticos Veracruz\" \/>\n<meta property=\"article:publisher\" content=\"https:\/\/www.facebook.com\/people\/Notimemes-de-los-Polticos\/61565672886568\/\" \/>\n<meta property=\"article:published_time\" content=\"2019-09-10T18:10:01+00:00\" \/>\n<meta property=\"og:image\" content=\"https:\/\/lospoliticosveracruz.com\/wp-content\/uploads\/2019\/09\/Cuic-Yunes.jpg\" \/>\n\t<meta property=\"og:image:width\" content=\"600\" \/>\n\t<meta property=\"og:image:height\" content=\"350\" \/>\n\t<meta property=\"og:image:type\" content=\"image\/jpeg\" \/>\n<meta name=\"author\" content=\"Lo viste en Los Pol\u00edticos\" \/>\n<meta name=\"twitter:card\" content=\"summary_large_image\" \/>\n<meta name=\"twitter:creator\" content=\"@LosPoliticosVer\" \/>\n<meta name=\"twitter:site\" content=\"@LosPoliticosVer\" \/>\n<meta name=\"twitter:label1\" content=\"Escrito por\" \/>\n\t<meta name=\"twitter:data1\" content=\"Lo viste en Los Pol\u00edticos\" \/>\n\t<meta name=\"twitter:label2\" content=\"Tiempo de lectura\" \/>\n\t<meta name=\"twitter:data2\" content=\"7 minutos\" \/>\n<script type=\"application\/ld+json\" class=\"yoast-schema-graph\">{\"@context\":\"https:\\\/\\\/schema.org\",\"@graph\":[{\"@type\":\"Article\",\"@id\":\"https:\\\/\\\/lospoliticosveracruz.com\\\/?p=49598#article\",\"isPartOf\":{\"@id\":\"https:\\\/\\\/lospoliticosveracruz.com\\\/?p=49598\"},\"author\":{\"name\":\"Lo viste en Los Pol\u00edticos\",\"@id\":\"https:\\\/\\\/lospoliticosveracruz.com\\\/#\\\/schema\\\/person\\\/b8702bb0e538456e6efd07080bf2a4a2\"},\"headline\":\"Cuitl\u00e1huac, \u00bfautoritario?; el futuro de los Yunes\",\"datePublished\":\"2019-09-10T18:10:01+00:00\",\"mainEntityOfPage\":{\"@id\":\"https:\\\/\\\/lospoliticosveracruz.com\\\/?p=49598\"},\"wordCount\":1370,\"commentCount\":0,\"publisher\":{\"@id\":\"https:\\\/\\\/lospoliticosveracruz.com\\\/#organization\"},\"image\":{\"@id\":\"https:\\\/\\\/lospoliticosveracruz.com\\\/?p=49598#primaryimage\"},\"thumbnailUrl\":\"https:\\\/\\\/lospoliticosveracruz.com\\\/wp-content\\\/uploads\\\/2019\\\/09\\\/Cuic-Yunes.jpg\",\"keywords\":[\"Andr\u00e9s Manuel L\u00f3pez Obrador\",\"Cuitl\u00e1huac Garc\u00eda Jim\u00e9nez\",\"Enrique Ch\u00e1zaro\",\"estado fallido\",\"Fidel Herrera Beltr\u00e1n\",\"Javier Duarte\",\"Miguel Angel Yunes Linares\",\"Morena\",\"Porfirio Mu\u00f1oz Ledo\",\"Veracruz\",\"Xalapa\"],\"articleSection\":[\"De Opini\u00f3n\"],\"inLanguage\":\"es\",\"potentialAction\":[{\"@type\":\"CommentAction\",\"name\":\"Comment\",\"target\":[\"https:\\\/\\\/lospoliticosveracruz.com\\\/?p=49598#respond\"]}]},{\"@type\":\"WebPage\",\"@id\":\"https:\\\/\\\/lospoliticosveracruz.com\\\/?p=49598\",\"url\":\"https:\\\/\\\/lospoliticosveracruz.com\\\/?p=49598\",\"name\":\"Cuitl\u00e1huac, \u00bfautoritario?; el futuro de los Yunes - Los pol\u00edticos Veracruz\",\"isPartOf\":{\"@id\":\"https:\\\/\\\/lospoliticosveracruz.com\\\/#website\"},\"primaryImageOfPage\":{\"@id\":\"https:\\\/\\\/lospoliticosveracruz.com\\\/?p=49598#primaryimage\"},\"image\":{\"@id\":\"https:\\\/\\\/lospoliticosveracruz.com\\\/?p=49598#primaryimage\"},\"thumbnailUrl\":\"https:\\\/\\\/lospoliticosveracruz.com\\\/wp-content\\\/uploads\\\/2019\\\/09\\\/Cuic-Yunes.jpg\",\"datePublished\":\"2019-09-10T18:10:01+00:00\",\"breadcrumb\":{\"@id\":\"https:\\\/\\\/lospoliticosveracruz.com\\\/?p=49598#breadcrumb\"},\"inLanguage\":\"es\",\"potentialAction\":[{\"@type\":\"ReadAction\",\"target\":[\"https:\\\/\\\/lospoliticosveracruz.com\\\/?p=49598\"]}]},{\"@type\":\"ImageObject\",\"inLanguage\":\"es\",\"@id\":\"https:\\\/\\\/lospoliticosveracruz.com\\\/?p=49598#primaryimage\",\"url\":\"https:\\\/\\\/lospoliticosveracruz.com\\\/wp-content\\\/uploads\\\/2019\\\/09\\\/Cuic-Yunes.jpg\",\"contentUrl\":\"https:\\\/\\\/lospoliticosveracruz.com\\\/wp-content\\\/uploads\\\/2019\\\/09\\\/Cuic-Yunes.jpg\",\"width\":600,\"height\":350},{\"@type\":\"BreadcrumbList\",\"@id\":\"https:\\\/\\\/lospoliticosveracruz.com\\\/?p=49598#breadcrumb\",\"itemListElement\":[{\"@type\":\"ListItem\",\"position\":1,\"name\":\"Portada\",\"item\":\"https:\\\/\\\/lospoliticosveracruz.com\\\/\"},{\"@type\":\"ListItem\",\"position\":2,\"name\":\"Cuitl\u00e1huac, \u00bfautoritario?; el futuro de los Yunes\"}]},{\"@type\":\"WebSite\",\"@id\":\"https:\\\/\\\/lospoliticosveracruz.com\\\/#website\",\"url\":\"https:\\\/\\\/lospoliticosveracruz.com\\\/\",\"name\":\"Los pol\u00edticos Veracruz\",\"description\":\"\",\"publisher\":{\"@id\":\"https:\\\/\\\/lospoliticosveracruz.com\\\/#organization\"},\"potentialAction\":[{\"@type\":\"SearchAction\",\"target\":{\"@type\":\"EntryPoint\",\"urlTemplate\":\"https:\\\/\\\/lospoliticosveracruz.com\\\/?s={search_term_string}\"},\"query-input\":{\"@type\":\"PropertyValueSpecification\",\"valueRequired\":true,\"valueName\":\"search_term_string\"}}],\"inLanguage\":\"es\"},{\"@type\":\"Organization\",\"@id\":\"https:\\\/\\\/lospoliticosveracruz.com\\\/#organization\",\"name\":\"Los pol\u00edticos Veracruz\",\"url\":\"https:\\\/\\\/lospoliticosveracruz.com\\\/\",\"logo\":{\"@type\":\"ImageObject\",\"inLanguage\":\"es\",\"@id\":\"https:\\\/\\\/lospoliticosveracruz.com\\\/#\\\/schema\\\/logo\\\/image\\\/\",\"url\":\"https:\\\/\\\/lospoliticosveracruz.com\\\/wp-content\\\/uploads\\\/2025\\\/12\\\/Logo-Nuevo-LOS-POLITICOS-1.jpg\",\"contentUrl\":\"https:\\\/\\\/lospoliticosveracruz.com\\\/wp-content\\\/uploads\\\/2025\\\/12\\\/Logo-Nuevo-LOS-POLITICOS-1.jpg\",\"width\":260,\"height\":70,\"caption\":\"Los pol\u00edticos Veracruz\"},\"image\":{\"@id\":\"https:\\\/\\\/lospoliticosveracruz.com\\\/#\\\/schema\\\/logo\\\/image\\\/\"},\"sameAs\":[\"https:\\\/\\\/www.facebook.com\\\/people\\\/Notimemes-de-los-Polticos\\\/61565672886568\\\/\",\"https:\\\/\\\/x.com\\\/LosPoliticosVer\"]},{\"@type\":\"Person\",\"@id\":\"https:\\\/\\\/lospoliticosveracruz.com\\\/#\\\/schema\\\/person\\\/b8702bb0e538456e6efd07080bf2a4a2\",\"name\":\"Lo viste en Los Pol\u00edticos\",\"image\":{\"@type\":\"ImageObject\",\"inLanguage\":\"es\",\"@id\":\"https:\\\/\\\/secure.gravatar.com\\\/avatar\\\/3a8de04a2656d44082be478bd6c086daa447c4651605818287b9532d3d0bd435?s=96&d=mm&r=g\",\"url\":\"https:\\\/\\\/secure.gravatar.com\\\/avatar\\\/3a8de04a2656d44082be478bd6c086daa447c4651605818287b9532d3d0bd435?s=96&d=mm&r=g\",\"contentUrl\":\"https:\\\/\\\/secure.gravatar.com\\\/avatar\\\/3a8de04a2656d44082be478bd6c086daa447c4651605818287b9532d3d0bd435?s=96&d=mm&r=g\",\"caption\":\"Lo viste en Los Pol\u00edticos\"},\"url\":\"https:\\\/\\\/lospoliticosveracruz.com\\\/?author=2\"}]}<\/script>\n<!-- \/ Yoast SEO plugin. -->","yoast_head_json":{"title":"Cuitl\u00e1huac, \u00bfautoritario?; el futuro de los Yunes - Los pol\u00edticos Veracruz","robots":{"index":"index","follow":"follow","max-snippet":"max-snippet:-1","max-image-preview":"max-image-preview:large","max-video-preview":"max-video-preview:-1"},"canonical":"https:\/\/lospoliticosveracruz.com\/?p=49598","og_locale":"es_ES","og_type":"article","og_title":"Cuitl\u00e1huac, \u00bfautoritario?; el futuro de los Yunes - Los pol\u00edticos Veracruz","og_description":"Ricardo Ch\u00faa Sale y Vale Ahora resulta que el gobernador, Cuitl\u00e0huac Garc\u00eca Jim\u00e8nez, adem\u00e1s de ser una \u00abBENDICI\u00d3N\u00bb para Veracruz, se convirti\u00f3 de la noche a la ma\u00f1ana en un Jefe de Redacci\u00f3n de medios de comunicaci\u00f3n&#8230; Ya que ahora Don Cuitl\u00e1huac se pone a RECLAMAR a periodistas que se\u00f1alan el \u00abEstado Fallido\u00bb que hay [&hellip;]","og_url":"https:\/\/lospoliticosveracruz.com\/?p=49598","og_site_name":"Los pol\u00edticos Veracruz","article_publisher":"https:\/\/www.facebook.com\/people\/Notimemes-de-los-Polticos\/61565672886568\/","article_published_time":"2019-09-10T18:10:01+00:00","og_image":[{"width":600,"height":350,"url":"https:\/\/lospoliticosveracruz.com\/wp-content\/uploads\/2019\/09\/Cuic-Yunes.jpg","type":"image\/jpeg"}],"author":"Lo viste en Los Pol\u00edticos","twitter_card":"summary_large_image","twitter_creator":"@LosPoliticosVer","twitter_site":"@LosPoliticosVer","twitter_misc":{"Escrito por":"Lo viste en Los Pol\u00edticos","Tiempo de lectura":"7 minutos"},"schema":{"@context":"https:\/\/schema.org","@graph":[{"@type":"Article","@id":"https:\/\/lospoliticosveracruz.com\/?p=49598#article","isPartOf":{"@id":"https:\/\/lospoliticosveracruz.com\/?p=49598"},"author":{"name":"Lo viste en Los Pol\u00edticos","@id":"https:\/\/lospoliticosveracruz.com\/#\/schema\/person\/b8702bb0e538456e6efd07080bf2a4a2"},"headline":"Cuitl\u00e1huac, \u00bfautoritario?; el futuro de los Yunes","datePublished":"2019-09-10T18:10:01+00:00","mainEntityOfPage":{"@id":"https:\/\/lospoliticosveracruz.com\/?p=49598"},"wordCount":1370,"commentCount":0,"publisher":{"@id":"https:\/\/lospoliticosveracruz.com\/#organization"},"image":{"@id":"https:\/\/lospoliticosveracruz.com\/?p=49598#primaryimage"},"thumbnailUrl":"https:\/\/lospoliticosveracruz.com\/wp-content\/uploads\/2019\/09\/Cuic-Yunes.jpg","keywords":["Andr\u00e9s Manuel L\u00f3pez Obrador","Cuitl\u00e1huac Garc\u00eda Jim\u00e9nez","Enrique Ch\u00e1zaro","estado fallido","Fidel Herrera Beltr\u00e1n","Javier Duarte","Miguel Angel Yunes Linares","Morena","Porfirio Mu\u00f1oz Ledo","Veracruz","Xalapa"],"articleSection":["De Opini\u00f3n"],"inLanguage":"es","potentialAction":[{"@type":"CommentAction","name":"Comment","target":["https:\/\/lospoliticosveracruz.com\/?p=49598#respond"]}]},{"@type":"WebPage","@id":"https:\/\/lospoliticosveracruz.com\/?p=49598","url":"https:\/\/lospoliticosveracruz.com\/?p=49598","name":"Cuitl\u00e1huac, \u00bfautoritario?; el futuro de los Yunes - Los pol\u00edticos Veracruz","isPartOf":{"@id":"https:\/\/lospoliticosveracruz.com\/#website"},"primaryImageOfPage":{"@id":"https:\/\/lospoliticosveracruz.com\/?p=49598#primaryimage"},"image":{"@id":"https:\/\/lospoliticosveracruz.com\/?p=49598#primaryimage"},"thumbnailUrl":"https:\/\/lospoliticosveracruz.com\/wp-content\/uploads\/2019\/09\/Cuic-Yunes.jpg","datePublished":"2019-09-10T18:10:01+00:00","breadcrumb":{"@id":"https:\/\/lospoliticosveracruz.com\/?p=49598#breadcrumb"},"inLanguage":"es","potentialAction":[{"@type":"ReadAction","target":["https:\/\/lospoliticosveracruz.com\/?p=49598"]}]},{"@type":"ImageObject","inLanguage":"es","@id":"https:\/\/lospoliticosveracruz.com\/?p=49598#primaryimage","url":"https:\/\/lospoliticosveracruz.com\/wp-content\/uploads\/2019\/09\/Cuic-Yunes.jpg","contentUrl":"https:\/\/lospoliticosveracruz.com\/wp-content\/uploads\/2019\/09\/Cuic-Yunes.jpg","width":600,"height":350},{"@type":"BreadcrumbList","@id":"https:\/\/lospoliticosveracruz.com\/?p=49598#breadcrumb","itemListElement":[{"@type":"ListItem","position":1,"name":"Portada","item":"https:\/\/lospoliticosveracruz.com\/"},{"@type":"ListItem","position":2,"name":"Cuitl\u00e1huac, \u00bfautoritario?; el futuro de los Yunes"}]},{"@type":"WebSite","@id":"https:\/\/lospoliticosveracruz.com\/#website","url":"https:\/\/lospoliticosveracruz.com\/","name":"Los pol\u00edticos Veracruz","description":"","publisher":{"@id":"https:\/\/lospoliticosveracruz.com\/#organization"},"potentialAction":[{"@type":"SearchAction","target":{"@type":"EntryPoint","urlTemplate":"https:\/\/lospoliticosveracruz.com\/?s={search_term_string}"},"query-input":{"@type":"PropertyValueSpecification","valueRequired":true,"valueName":"search_term_string"}}],"inLanguage":"es"},{"@type":"Organization","@id":"https:\/\/lospoliticosveracruz.com\/#organization","name":"Los pol\u00edticos Veracruz","url":"https:\/\/lospoliticosveracruz.com\/","logo":{"@type":"ImageObject","inLanguage":"es","@id":"https:\/\/lospoliticosveracruz.com\/#\/schema\/logo\/image\/","url":"https:\/\/lospoliticosveracruz.com\/wp-content\/uploads\/2025\/12\/Logo-Nuevo-LOS-POLITICOS-1.jpg","contentUrl":"https:\/\/lospoliticosveracruz.com\/wp-content\/uploads\/2025\/12\/Logo-Nuevo-LOS-POLITICOS-1.jpg","width":260,"height":70,"caption":"Los pol\u00edticos Veracruz"},"image":{"@id":"https:\/\/lospoliticosveracruz.com\/#\/schema\/logo\/image\/"},"sameAs":["https:\/\/www.facebook.com\/people\/Notimemes-de-los-Polticos\/61565672886568\/","https:\/\/x.com\/LosPoliticosVer"]},{"@type":"Person","@id":"https:\/\/lospoliticosveracruz.com\/#\/schema\/person\/b8702bb0e538456e6efd07080bf2a4a2","name":"Lo viste en Los Pol\u00edticos","image":{"@type":"ImageObject","inLanguage":"es","@id":"https:\/\/secure.gravatar.com\/avatar\/3a8de04a2656d44082be478bd6c086daa447c4651605818287b9532d3d0bd435?s=96&d=mm&r=g","url":"https:\/\/secure.gravatar.com\/avatar\/3a8de04a2656d44082be478bd6c086daa447c4651605818287b9532d3d0bd435?s=96&d=mm&r=g","contentUrl":"https:\/\/secure.gravatar.com\/avatar\/3a8de04a2656d44082be478bd6c086daa447c4651605818287b9532d3d0bd435?s=96&d=mm&r=g","caption":"Lo viste en Los Pol\u00edticos"},"url":"https:\/\/lospoliticosveracruz.com\/?author=2"}]}},"_links":{"self":[{"href":"https:\/\/lospoliticosveracruz.com\/index.php?rest_route=\/wp\/v2\/posts\/49598","targetHints":{"allow":["GET"]}}],"collection":[{"href":"https:\/\/lospoliticosveracruz.com\/index.php?rest_route=\/wp\/v2\/posts"}],"about":[{"href":"https:\/\/lospoliticosveracruz.com\/index.php?rest_route=\/wp\/v2\/types\/post"}],"author":[{"embeddable":true,"href":"https:\/\/lospoliticosveracruz.com\/index.php?rest_route=\/wp\/v2\/users\/2"}],"replies":[{"embeddable":true,"href":"https:\/\/lospoliticosveracruz.com\/index.php?rest_route=%2Fwp%2Fv2%2Fcomments&post=49598"}],"version-history":[{"count":1,"href":"https:\/\/lospoliticosveracruz.com\/index.php?rest_route=\/wp\/v2\/posts\/49598\/revisions"}],"predecessor-version":[{"id":49600,"href":"https:\/\/lospoliticosveracruz.com\/index.php?rest_route=\/wp\/v2\/posts\/49598\/revisions\/49600"}],"wp:featuredmedia":[{"embeddable":true,"href":"https:\/\/lospoliticosveracruz.com\/index.php?rest_route=\/wp\/v2\/media\/49599"}],"wp:attachment":[{"href":"https:\/\/lospoliticosveracruz.com\/index.php?rest_route=%2Fwp%2Fv2%2Fmedia&parent=49598"}],"wp:term":[{"taxonomy":"category","embeddable":true,"href":"https:\/\/lospoliticosveracruz.com\/index.php?rest_route=%2Fwp%2Fv2%2Fcategories&post=49598"},{"taxonomy":"post_tag","embeddable":true,"href":"https:\/\/lospoliticosveracruz.com\/index.php?rest_route=%2Fwp%2Fv2%2Ftags&post=49598"}],"curies":[{"name":"wp","href":"https:\/\/api.w.org\/{rel}","templated":true}]}}