{"id":49620,"date":"2019-09-11T23:00:19","date_gmt":"2019-09-12T04:00:19","guid":{"rendered":"http:\/\/www.lospoliticosveracruz.com.mx\/?p=49620"},"modified":"2019-09-11T19:11:42","modified_gmt":"2019-09-12T00:11:42","slug":"aplausos-al-pejedente","status":"publish","type":"post","link":"https:\/\/lospoliticosveracruz.com\/?p=49620","title":{"rendered":"Aplausos al Pejedente"},"content":{"rendered":"<p><strong>Salvador Mu\u00f1oz<\/strong><\/p>\n<p><em>Los Pol\u00edticos<\/em><\/p>\n<p><span style=\"font-weight: 400;\">Con la alternancia, al menos en Veracruz, hemos tenido en un lapso, diferentes gobernadores y por ende estilos para gobernar. A nivel federal es lo mismo pero con m\u00e1s tiempo. Incluso, podemos hacer una fuerte cr\u00edtica de los hombres en el poder que estuvieron por parte del PRI y del PAN recientemente pero nos va a ser dif\u00edcil compararlos con los que ahora mantienen el poder, como es Morena, so protexto de que apenas van a cumplir el a\u00f1o en el Gobierno, pero hay algo que s\u00ed podemos decir de ellos: no recuerdo una exhibici\u00f3n de limitantes en tan corto tiempo.<\/span><\/p>\n<p><span style=\"font-weight: 400;\">D\u00e1ndoles el beneficio de la duda, digo, si ahora resulta que Bartlett es m\u00e1s bueno que Duarte, los morenos por estar en el poder son los que est\u00e1n en la mira de la cr\u00edtica, como en su momento lo estuvieron los panistas o los pri\u00edstas, y por ende, sus yerros son m\u00e1s claros aunque\u2026 s\u00ed, cooperan demasiado para hacerlo.<\/span><\/p>\n<p><span style=\"font-weight: 400;\">Si hablamos de yerros, creo que el mayor problema que tiene un gran n\u00famero de representantes populares de Morena, es la forma en que ven o entienden las Leyes\u2026 tenemos a un Eric Cisneros que quiz\u00e1s por ser agr\u00f3nomo, piense que se puede actuar con la Ley del Monte\u2026 tenemos a un Zenyazen Escobar, que quiz\u00e1s por haber interpretado a Tarzan Boy, apueste por la Ley de la Selva\u2026 a la senadora Jesusa, marihuana de tiempo completo, aplicando la Ley de Ohm\u2026 por corriente; aunque en muchos prevalece la Ley del M\u00e1s Fuerte, traducida a una simple Mayor\u00eda concentrada en los Congresos locales o federal, pero hay que entender algo: los mexicanos seguimos siendo v\u00edctimas de nuestras propias leyes y cuando elegimos a un representante popular, no lo hacemos porque sea experto en materia econ\u00f3mica, tenga doctorado en Harvard o sea una lumbrera con las Leyes\u2026 simplemente votamos por \u00e9l, porque nos cay\u00f3 bien, est\u00e1 guap@ o su contrincante representa todo lo que no queremos\u2026 en eso s\u00ed cumplimos al pie de la letra nuestro derecho a votar.<\/span><\/p>\n<p><span style=\"font-weight: 400;\">Hoy, por eso, tenemos a un Mireles, a un Ramos Alor, a un Cuauht\u00e9moc, a una Jesusa, un Cuic, y a un mont\u00f3n de diputados locales y federales prudentes, que mejor huyen de la prensa para evitar caer en el rid\u00edculo\u2026 aunque hay otros que creen que por ser chistosos (ayer lo coment\u00e1bamos), tienen la valent\u00eda para salir y decir una pendejada. Insisto: esto no es propio de Morena, es en todos los partidos, pero en estos momentos, son m\u00e1s evidentes los que est\u00e1n en el poder.<\/span><\/p>\n<p><span style=\"font-weight: 400;\">Bien, pues ya hablamos de quienes subimos al poder, a los que impulsamos al poder, por quienes votamos\u2026 me va a decir: \u201cYo no vot\u00e9 por \u00e9stos\u201d y es entendible, pero en el momento en que ellos asumen el poder, desentenderse de ellos, no ser\u00eda lo correcto\u2026 por eso tambi\u00e9n hay que hablar de nosotros\u2026<\/span><\/p>\n<p><span style=\"font-weight: 400;\">\u00bfHa ido a alg\u00fan espect\u00e1culo de stand-up, de alg\u00fan comediante? Disculpen que no ponga cantante, grupo musical, pero es por esto: en los primeros, quien me genera una risa o carcajada, se gana mi aplauso\u2026 Franco Escamilla podr\u00eda ser un buen ejemplo y si no sabe de qui\u00e9n hablo, le recomiendo al \u201cestandopero\u201d&#8230;<\/span><\/p>\n<p><span style=\"font-weight: 400;\">He visto en varias ocasiones al Pejedente L\u00f3pez Obrador y si quiere ganarse el aplauso del respetable, se saca de la chistera una frase ocurrente que es recibida por el p\u00fablico entre risas y por consiguiente, aplausos.<\/span><\/p>\n<p><span style=\"font-weight: 400;\">Recuerdo que muchos pol\u00edticos en sus discursos, daban la pauta en algunas expresiones que s\u00f3lo o\u00eddos conocedores, ubicados en sitios estrat\u00e9gicos entre el p\u00fablico, interpretaban como el momento justo para iniciar aplausos que empezaban a multiplicarse por inercia\u2026 pero esto s\u00f3lo ocurr\u00eda en los discursos pol\u00edticos, aburridos o solemnes, como quiera llamarlos\u2026 el Pejedente no necesita de estos \u201co\u00eddos conocedores\u201d por dos sencillas razones:<\/span><\/p>\n<p><span style=\"font-weight: 400;\">La primera: no tenemos un pol\u00edtico, sino un comediante\u2026<\/span><\/p>\n<p><span style=\"font-weight: 400;\">La segunda: tenemos una sociedad que brinda con aplausos, que un sujeto como el Pejedente, les saque una carcajada con sus chistoretes\u2026<\/span><\/p>\n<p><span style=\"font-weight: 400;\">La culpa no es de L\u00f3pez Obrador\u2026 es el presidente que escogimos los mexicanos\u2026 y mientras las focas aplaudan, \u00e9l seguir\u00e1 haciendo del discurso pol\u00edtico o de la seguridad, un chiste con un \u201c\u00a1Fuchi! \u00a1Gu\u00e1cala!\u201d<\/span><\/p>\n<p>&nbsp;<\/p>\n<p><span style=\"font-weight: 400;\">smcainito@gmail.com<\/span><\/p>\n<p>&nbsp;<\/p>\n","protected":false},"excerpt":{"rendered":"<p>Salvador Mu\u00f1oz Los Pol\u00edticos Con la alternancia, al menos en Veracruz, hemos tenido en un lapso, diferentes gobernadores y por ende estilos para gobernar. A nivel federal es lo mismo pero con m\u00e1s tiempo. Incluso, podemos hacer una fuerte cr\u00edtica de los hombres en el poder que estuvieron por parte del PRI y del PAN [&hellip;]<\/p>\n","protected":false},"author":2,"featured_media":49621,"comment_status":"open","ping_status":"open","sticky":false,"template":"","format":"standard","meta":{"tdm_status":"","tdm_grid_status":"","footnotes":""},"categories":[70],"tags":[618,12299,1026,266,13511,251,12606,195,12372],"class_list":{"0":"post-49620","1":"post","2":"type-post","3":"status-publish","4":"format-standard","5":"has-post-thumbnail","7":"category-de-opinion","8":"tag-andres-manuel-lopez-obrador","9":"tag-eric-cisneros-burgos","10":"tag-morena","11":"tag-pan","12":"tag-pejedente","13":"tag-pri","14":"tag-roberto-ramos-alor","15":"tag-veracruz","16":"tag-zenyazen-escobar-garcia"},"yoast_head":"<!-- This site is optimized with the Yoast SEO plugin v27.4 - https:\/\/yoast.com\/product\/yoast-seo-wordpress\/ -->\n<title>Aplausos al Pejedente - Los pol\u00edticos Veracruz<\/title>\n<meta name=\"robots\" content=\"index, follow, max-snippet:-1, max-image-preview:large, max-video-preview:-1\" \/>\n<link rel=\"canonical\" href=\"https:\/\/lospoliticosveracruz.com\/?p=49620\" \/>\n<meta property=\"og:locale\" content=\"es_ES\" \/>\n<meta property=\"og:type\" content=\"article\" \/>\n<meta property=\"og:title\" content=\"Aplausos al Pejedente - Los pol\u00edticos Veracruz\" \/>\n<meta property=\"og:description\" content=\"Salvador Mu\u00f1oz Los Pol\u00edticos Con la alternancia, al menos en Veracruz, hemos tenido en un lapso, diferentes gobernadores y por ende estilos para gobernar. A nivel federal es lo mismo pero con m\u00e1s tiempo. Incluso, podemos hacer una fuerte cr\u00edtica de los hombres en el poder que estuvieron por parte del PRI y del PAN [&hellip;]\" \/>\n<meta property=\"og:url\" content=\"https:\/\/lospoliticosveracruz.com\/?p=49620\" \/>\n<meta property=\"og:site_name\" content=\"Los pol\u00edticos Veracruz\" \/>\n<meta property=\"article:publisher\" content=\"https:\/\/www.facebook.com\/people\/Notimemes-de-los-Polticos\/61565672886568\/\" \/>\n<meta property=\"article:published_time\" content=\"2019-09-12T04:00:19+00:00\" \/>\n<meta property=\"og:image\" content=\"https:\/\/lospoliticosveracruz.com\/wp-content\/uploads\/2019\/09\/Guas\u00f3n.jpeg\" \/>\n\t<meta property=\"og:image:width\" content=\"600\" \/>\n\t<meta property=\"og:image:height\" content=\"421\" \/>\n\t<meta property=\"og:image:type\" content=\"image\/jpeg\" \/>\n<meta name=\"author\" content=\"Lo viste en Los Pol\u00edticos\" \/>\n<meta name=\"twitter:card\" content=\"summary_large_image\" \/>\n<meta name=\"twitter:creator\" content=\"@LosPoliticosVer\" \/>\n<meta name=\"twitter:site\" content=\"@LosPoliticosVer\" \/>\n<meta name=\"twitter:label1\" content=\"Escrito por\" \/>\n\t<meta name=\"twitter:data1\" content=\"Lo viste en Los Pol\u00edticos\" \/>\n\t<meta name=\"twitter:label2\" content=\"Tiempo de lectura\" \/>\n\t<meta name=\"twitter:data2\" content=\"4 minutos\" \/>\n<script type=\"application\/ld+json\" class=\"yoast-schema-graph\">{\"@context\":\"https:\\\/\\\/schema.org\",\"@graph\":[{\"@type\":\"Article\",\"@id\":\"https:\\\/\\\/lospoliticosveracruz.com\\\/?p=49620#article\",\"isPartOf\":{\"@id\":\"https:\\\/\\\/lospoliticosveracruz.com\\\/?p=49620\"},\"author\":{\"name\":\"Lo viste en Los Pol\u00edticos\",\"@id\":\"https:\\\/\\\/lospoliticosveracruz.com\\\/#\\\/schema\\\/person\\\/b8702bb0e538456e6efd07080bf2a4a2\"},\"headline\":\"Aplausos al Pejedente\",\"datePublished\":\"2019-09-12T04:00:19+00:00\",\"mainEntityOfPage\":{\"@id\":\"https:\\\/\\\/lospoliticosveracruz.com\\\/?p=49620\"},\"wordCount\":762,\"commentCount\":0,\"publisher\":{\"@id\":\"https:\\\/\\\/lospoliticosveracruz.com\\\/#organization\"},\"image\":{\"@id\":\"https:\\\/\\\/lospoliticosveracruz.com\\\/?p=49620#primaryimage\"},\"thumbnailUrl\":\"https:\\\/\\\/lospoliticosveracruz.com\\\/wp-content\\\/uploads\\\/2019\\\/09\\\/Guas\u00f3n.jpeg\",\"keywords\":[\"Andr\u00e9s Manuel L\u00f3pez Obrador\",\"Eric Cisneros Burgos\",\"Morena\",\"PAN\",\"Pejedente\",\"PRI\",\"Roberto Ramos Alor\",\"Veracruz\",\"Zenyazen Escobar Garc\u00eda\"],\"articleSection\":[\"De Opini\u00f3n\"],\"inLanguage\":\"es\",\"potentialAction\":[{\"@type\":\"CommentAction\",\"name\":\"Comment\",\"target\":[\"https:\\\/\\\/lospoliticosveracruz.com\\\/?p=49620#respond\"]}]},{\"@type\":\"WebPage\",\"@id\":\"https:\\\/\\\/lospoliticosveracruz.com\\\/?p=49620\",\"url\":\"https:\\\/\\\/lospoliticosveracruz.com\\\/?p=49620\",\"name\":\"Aplausos al Pejedente - Los pol\u00edticos Veracruz\",\"isPartOf\":{\"@id\":\"https:\\\/\\\/lospoliticosveracruz.com\\\/#website\"},\"primaryImageOfPage\":{\"@id\":\"https:\\\/\\\/lospoliticosveracruz.com\\\/?p=49620#primaryimage\"},\"image\":{\"@id\":\"https:\\\/\\\/lospoliticosveracruz.com\\\/?p=49620#primaryimage\"},\"thumbnailUrl\":\"https:\\\/\\\/lospoliticosveracruz.com\\\/wp-content\\\/uploads\\\/2019\\\/09\\\/Guas\u00f3n.jpeg\",\"datePublished\":\"2019-09-12T04:00:19+00:00\",\"breadcrumb\":{\"@id\":\"https:\\\/\\\/lospoliticosveracruz.com\\\/?p=49620#breadcrumb\"},\"inLanguage\":\"es\",\"potentialAction\":[{\"@type\":\"ReadAction\",\"target\":[\"https:\\\/\\\/lospoliticosveracruz.com\\\/?p=49620\"]}]},{\"@type\":\"ImageObject\",\"inLanguage\":\"es\",\"@id\":\"https:\\\/\\\/lospoliticosveracruz.com\\\/?p=49620#primaryimage\",\"url\":\"https:\\\/\\\/lospoliticosveracruz.com\\\/wp-content\\\/uploads\\\/2019\\\/09\\\/Guas\u00f3n.jpeg\",\"contentUrl\":\"https:\\\/\\\/lospoliticosveracruz.com\\\/wp-content\\\/uploads\\\/2019\\\/09\\\/Guas\u00f3n.jpeg\",\"width\":600,\"height\":421},{\"@type\":\"BreadcrumbList\",\"@id\":\"https:\\\/\\\/lospoliticosveracruz.com\\\/?p=49620#breadcrumb\",\"itemListElement\":[{\"@type\":\"ListItem\",\"position\":1,\"name\":\"Portada\",\"item\":\"https:\\\/\\\/lospoliticosveracruz.com\\\/\"},{\"@type\":\"ListItem\",\"position\":2,\"name\":\"Aplausos al Pejedente\"}]},{\"@type\":\"WebSite\",\"@id\":\"https:\\\/\\\/lospoliticosveracruz.com\\\/#website\",\"url\":\"https:\\\/\\\/lospoliticosveracruz.com\\\/\",\"name\":\"Los pol\u00edticos Veracruz\",\"description\":\"\",\"publisher\":{\"@id\":\"https:\\\/\\\/lospoliticosveracruz.com\\\/#organization\"},\"potentialAction\":[{\"@type\":\"SearchAction\",\"target\":{\"@type\":\"EntryPoint\",\"urlTemplate\":\"https:\\\/\\\/lospoliticosveracruz.com\\\/?s={search_term_string}\"},\"query-input\":{\"@type\":\"PropertyValueSpecification\",\"valueRequired\":true,\"valueName\":\"search_term_string\"}}],\"inLanguage\":\"es\"},{\"@type\":\"Organization\",\"@id\":\"https:\\\/\\\/lospoliticosveracruz.com\\\/#organization\",\"name\":\"Los pol\u00edticos Veracruz\",\"url\":\"https:\\\/\\\/lospoliticosveracruz.com\\\/\",\"logo\":{\"@type\":\"ImageObject\",\"inLanguage\":\"es\",\"@id\":\"https:\\\/\\\/lospoliticosveracruz.com\\\/#\\\/schema\\\/logo\\\/image\\\/\",\"url\":\"https:\\\/\\\/lospoliticosveracruz.com\\\/wp-content\\\/uploads\\\/2025\\\/12\\\/Logo-Nuevo-LOS-POLITICOS-1.jpg\",\"contentUrl\":\"https:\\\/\\\/lospoliticosveracruz.com\\\/wp-content\\\/uploads\\\/2025\\\/12\\\/Logo-Nuevo-LOS-POLITICOS-1.jpg\",\"width\":260,\"height\":70,\"caption\":\"Los pol\u00edticos Veracruz\"},\"image\":{\"@id\":\"https:\\\/\\\/lospoliticosveracruz.com\\\/#\\\/schema\\\/logo\\\/image\\\/\"},\"sameAs\":[\"https:\\\/\\\/www.facebook.com\\\/people\\\/Notimemes-de-los-Polticos\\\/61565672886568\\\/\",\"https:\\\/\\\/x.com\\\/LosPoliticosVer\"]},{\"@type\":\"Person\",\"@id\":\"https:\\\/\\\/lospoliticosveracruz.com\\\/#\\\/schema\\\/person\\\/b8702bb0e538456e6efd07080bf2a4a2\",\"name\":\"Lo viste en Los Pol\u00edticos\",\"image\":{\"@type\":\"ImageObject\",\"inLanguage\":\"es\",\"@id\":\"https:\\\/\\\/secure.gravatar.com\\\/avatar\\\/3a8de04a2656d44082be478bd6c086daa447c4651605818287b9532d3d0bd435?s=96&d=mm&r=g\",\"url\":\"https:\\\/\\\/secure.gravatar.com\\\/avatar\\\/3a8de04a2656d44082be478bd6c086daa447c4651605818287b9532d3d0bd435?s=96&d=mm&r=g\",\"contentUrl\":\"https:\\\/\\\/secure.gravatar.com\\\/avatar\\\/3a8de04a2656d44082be478bd6c086daa447c4651605818287b9532d3d0bd435?s=96&d=mm&r=g\",\"caption\":\"Lo viste en Los Pol\u00edticos\"},\"url\":\"https:\\\/\\\/lospoliticosveracruz.com\\\/?author=2\"}]}<\/script>\n<!-- \/ Yoast SEO plugin. -->","yoast_head_json":{"title":"Aplausos al Pejedente - Los pol\u00edticos Veracruz","robots":{"index":"index","follow":"follow","max-snippet":"max-snippet:-1","max-image-preview":"max-image-preview:large","max-video-preview":"max-video-preview:-1"},"canonical":"https:\/\/lospoliticosveracruz.com\/?p=49620","og_locale":"es_ES","og_type":"article","og_title":"Aplausos al Pejedente - Los pol\u00edticos Veracruz","og_description":"Salvador Mu\u00f1oz Los Pol\u00edticos Con la alternancia, al menos en Veracruz, hemos tenido en un lapso, diferentes gobernadores y por ende estilos para gobernar. A nivel federal es lo mismo pero con m\u00e1s tiempo. Incluso, podemos hacer una fuerte cr\u00edtica de los hombres en el poder que estuvieron por parte del PRI y del PAN [&hellip;]","og_url":"https:\/\/lospoliticosveracruz.com\/?p=49620","og_site_name":"Los pol\u00edticos Veracruz","article_publisher":"https:\/\/www.facebook.com\/people\/Notimemes-de-los-Polticos\/61565672886568\/","article_published_time":"2019-09-12T04:00:19+00:00","og_image":[{"width":600,"height":421,"url":"https:\/\/lospoliticosveracruz.com\/wp-content\/uploads\/2019\/09\/Guas\u00f3n.jpeg","type":"image\/jpeg"}],"author":"Lo viste en Los Pol\u00edticos","twitter_card":"summary_large_image","twitter_creator":"@LosPoliticosVer","twitter_site":"@LosPoliticosVer","twitter_misc":{"Escrito por":"Lo viste en Los Pol\u00edticos","Tiempo de lectura":"4 minutos"},"schema":{"@context":"https:\/\/schema.org","@graph":[{"@type":"Article","@id":"https:\/\/lospoliticosveracruz.com\/?p=49620#article","isPartOf":{"@id":"https:\/\/lospoliticosveracruz.com\/?p=49620"},"author":{"name":"Lo viste en Los Pol\u00edticos","@id":"https:\/\/lospoliticosveracruz.com\/#\/schema\/person\/b8702bb0e538456e6efd07080bf2a4a2"},"headline":"Aplausos al Pejedente","datePublished":"2019-09-12T04:00:19+00:00","mainEntityOfPage":{"@id":"https:\/\/lospoliticosveracruz.com\/?p=49620"},"wordCount":762,"commentCount":0,"publisher":{"@id":"https:\/\/lospoliticosveracruz.com\/#organization"},"image":{"@id":"https:\/\/lospoliticosveracruz.com\/?p=49620#primaryimage"},"thumbnailUrl":"https:\/\/lospoliticosveracruz.com\/wp-content\/uploads\/2019\/09\/Guas\u00f3n.jpeg","keywords":["Andr\u00e9s Manuel L\u00f3pez Obrador","Eric Cisneros Burgos","Morena","PAN","Pejedente","PRI","Roberto Ramos Alor","Veracruz","Zenyazen Escobar Garc\u00eda"],"articleSection":["De Opini\u00f3n"],"inLanguage":"es","potentialAction":[{"@type":"CommentAction","name":"Comment","target":["https:\/\/lospoliticosveracruz.com\/?p=49620#respond"]}]},{"@type":"WebPage","@id":"https:\/\/lospoliticosveracruz.com\/?p=49620","url":"https:\/\/lospoliticosveracruz.com\/?p=49620","name":"Aplausos al Pejedente - Los pol\u00edticos Veracruz","isPartOf":{"@id":"https:\/\/lospoliticosveracruz.com\/#website"},"primaryImageOfPage":{"@id":"https:\/\/lospoliticosveracruz.com\/?p=49620#primaryimage"},"image":{"@id":"https:\/\/lospoliticosveracruz.com\/?p=49620#primaryimage"},"thumbnailUrl":"https:\/\/lospoliticosveracruz.com\/wp-content\/uploads\/2019\/09\/Guas\u00f3n.jpeg","datePublished":"2019-09-12T04:00:19+00:00","breadcrumb":{"@id":"https:\/\/lospoliticosveracruz.com\/?p=49620#breadcrumb"},"inLanguage":"es","potentialAction":[{"@type":"ReadAction","target":["https:\/\/lospoliticosveracruz.com\/?p=49620"]}]},{"@type":"ImageObject","inLanguage":"es","@id":"https:\/\/lospoliticosveracruz.com\/?p=49620#primaryimage","url":"https:\/\/lospoliticosveracruz.com\/wp-content\/uploads\/2019\/09\/Guas\u00f3n.jpeg","contentUrl":"https:\/\/lospoliticosveracruz.com\/wp-content\/uploads\/2019\/09\/Guas\u00f3n.jpeg","width":600,"height":421},{"@type":"BreadcrumbList","@id":"https:\/\/lospoliticosveracruz.com\/?p=49620#breadcrumb","itemListElement":[{"@type":"ListItem","position":1,"name":"Portada","item":"https:\/\/lospoliticosveracruz.com\/"},{"@type":"ListItem","position":2,"name":"Aplausos al Pejedente"}]},{"@type":"WebSite","@id":"https:\/\/lospoliticosveracruz.com\/#website","url":"https:\/\/lospoliticosveracruz.com\/","name":"Los pol\u00edticos Veracruz","description":"","publisher":{"@id":"https:\/\/lospoliticosveracruz.com\/#organization"},"potentialAction":[{"@type":"SearchAction","target":{"@type":"EntryPoint","urlTemplate":"https:\/\/lospoliticosveracruz.com\/?s={search_term_string}"},"query-input":{"@type":"PropertyValueSpecification","valueRequired":true,"valueName":"search_term_string"}}],"inLanguage":"es"},{"@type":"Organization","@id":"https:\/\/lospoliticosveracruz.com\/#organization","name":"Los pol\u00edticos Veracruz","url":"https:\/\/lospoliticosveracruz.com\/","logo":{"@type":"ImageObject","inLanguage":"es","@id":"https:\/\/lospoliticosveracruz.com\/#\/schema\/logo\/image\/","url":"https:\/\/lospoliticosveracruz.com\/wp-content\/uploads\/2025\/12\/Logo-Nuevo-LOS-POLITICOS-1.jpg","contentUrl":"https:\/\/lospoliticosveracruz.com\/wp-content\/uploads\/2025\/12\/Logo-Nuevo-LOS-POLITICOS-1.jpg","width":260,"height":70,"caption":"Los pol\u00edticos Veracruz"},"image":{"@id":"https:\/\/lospoliticosveracruz.com\/#\/schema\/logo\/image\/"},"sameAs":["https:\/\/www.facebook.com\/people\/Notimemes-de-los-Polticos\/61565672886568\/","https:\/\/x.com\/LosPoliticosVer"]},{"@type":"Person","@id":"https:\/\/lospoliticosveracruz.com\/#\/schema\/person\/b8702bb0e538456e6efd07080bf2a4a2","name":"Lo viste en Los Pol\u00edticos","image":{"@type":"ImageObject","inLanguage":"es","@id":"https:\/\/secure.gravatar.com\/avatar\/3a8de04a2656d44082be478bd6c086daa447c4651605818287b9532d3d0bd435?s=96&d=mm&r=g","url":"https:\/\/secure.gravatar.com\/avatar\/3a8de04a2656d44082be478bd6c086daa447c4651605818287b9532d3d0bd435?s=96&d=mm&r=g","contentUrl":"https:\/\/secure.gravatar.com\/avatar\/3a8de04a2656d44082be478bd6c086daa447c4651605818287b9532d3d0bd435?s=96&d=mm&r=g","caption":"Lo viste en Los Pol\u00edticos"},"url":"https:\/\/lospoliticosveracruz.com\/?author=2"}]}},"_links":{"self":[{"href":"https:\/\/lospoliticosveracruz.com\/index.php?rest_route=\/wp\/v2\/posts\/49620","targetHints":{"allow":["GET"]}}],"collection":[{"href":"https:\/\/lospoliticosveracruz.com\/index.php?rest_route=\/wp\/v2\/posts"}],"about":[{"href":"https:\/\/lospoliticosveracruz.com\/index.php?rest_route=\/wp\/v2\/types\/post"}],"author":[{"embeddable":true,"href":"https:\/\/lospoliticosveracruz.com\/index.php?rest_route=\/wp\/v2\/users\/2"}],"replies":[{"embeddable":true,"href":"https:\/\/lospoliticosveracruz.com\/index.php?rest_route=%2Fwp%2Fv2%2Fcomments&post=49620"}],"version-history":[{"count":1,"href":"https:\/\/lospoliticosveracruz.com\/index.php?rest_route=\/wp\/v2\/posts\/49620\/revisions"}],"predecessor-version":[{"id":49622,"href":"https:\/\/lospoliticosveracruz.com\/index.php?rest_route=\/wp\/v2\/posts\/49620\/revisions\/49622"}],"wp:featuredmedia":[{"embeddable":true,"href":"https:\/\/lospoliticosveracruz.com\/index.php?rest_route=\/wp\/v2\/media\/49621"}],"wp:attachment":[{"href":"https:\/\/lospoliticosveracruz.com\/index.php?rest_route=%2Fwp%2Fv2%2Fmedia&parent=49620"}],"wp:term":[{"taxonomy":"category","embeddable":true,"href":"https:\/\/lospoliticosveracruz.com\/index.php?rest_route=%2Fwp%2Fv2%2Fcategories&post=49620"},{"taxonomy":"post_tag","embeddable":true,"href":"https:\/\/lospoliticosveracruz.com\/index.php?rest_route=%2Fwp%2Fv2%2Ftags&post=49620"}],"curies":[{"name":"wp","href":"https:\/\/api.w.org\/{rel}","templated":true}]}}