{"id":49653,"date":"2019-09-13T09:13:42","date_gmt":"2019-09-13T14:13:42","guid":{"rendered":"http:\/\/www.lospoliticosveracruz.com.mx\/?p=49653"},"modified":"2019-09-13T09:13:42","modified_gmt":"2019-09-13T14:13:42","slug":"el-verde-por-morena","status":"publish","type":"post","link":"https:\/\/lospoliticosveracruz.com\/?p=49653","title":{"rendered":"El Verde, \u00a1por Morena!"},"content":{"rendered":"<p><strong>Ricardo\u00a0Ch\u00faa<\/strong><\/p>\n<p><em>Sale y Vale<\/em><\/p>\n<p>OJO&#8230;. Fidel Herrera Beltr\u00e1n ha pedido a Alberto Silva Ramos que \u00abapriete\u00bb el tema del PVEM a trav\u00e9s de sus aliados de anta\u00f1o&#8230; Silva se ha convertido en el principal activo del \u00abT\u00edo Verde\u00bb para operar este tema en el norte de la entidad&#8230; Junto con su hijo, Javier Herrera y el \u00abadministrador\u00bb del Verde, Marcelo Ruiz&#8230; Es un hecho que el PVEM que controla el ex gobernador quiere alianza con MORENA aprovechando la debilidad de Cuitl\u00e1huac Garc\u00eda y Manuel Huerta, el \u00abFogoso\u00bb quiere sacar m\u00e1s provecho&#8230; Y \u00e9l sabe como hacerlo&#8230;<\/p>\n<p>Se comenta que tienen en la mira convencer a Tom\u00e1s L\u00f3pez Landeros, el \u00abRey de la Chatarra\u00bb para que opere con ellos&#8230;. Finalmente, si algo sabe el \u00abT\u00edo Fide\u00bb\u00b7 es que en pol\u00edtica lo que se compra con dinero es barato&#8230; Silva Ramos se volvi\u00f3 el eminente operador de ex gobernador&#8230;. Dentro de poco seguro veremos a Salvador Manzur y Erick Lagos (aunque est\u00e1 en el PRI) operando para los MORENOS&#8230; La l\u00ednea es a trav\u00e9s del \u00abJilotepec Power\u00bb osease el primo Eleazar&#8230; En su momento, ex empleado de Fidel Herrera&#8230; JES\u00daS NOS AMPARE&#8230;<\/p>\n<p>LA ELEGIDA&#8230;. Todo parece indicar que la persona m\u00e1s perfilada para sustituir a Lorenzo Portilla de la titularidad del ORFIS, es la Maestra en Derecho, Delia Gonz\u00e1lez&#8230; Es de las aspirantes m\u00e1s preparadas para ocupar este cargo&#8230; Comentan que sus conocimientos en temas fiscales, son amplios y por ello causo buena impresi\u00f3n en su entrevista con los diputados locales&#8230; Delia Gonz\u00e1lez ha sido de la pocas que ha tenido cargos p\u00fablicos y privados entre los dem\u00e1s aspirantes&#8230;<\/p>\n<p>VERACRUZ EN PEDAZOS&#8230;. Siguen los asesinatos, ejecuciones, DECAPITADOS y la violencia en Veracruz se recrudece y no hay como pararla&#8230; Los grupos fuera de la ley est\u00e1n tomando como reh\u00e9n a la ciudadan\u00eda y la administraci\u00f3n estatal de Cuitl\u00e1huac Garc\u00eda queda inerme ante lo avasallador de la situaci\u00f3n&#8230; La ciudadan\u00eda se\u00f1ala que se est\u00e1 volviendo a los tiempos del 2007 al 2010 donde no hab\u00eda paz social y gobernabilidad con estos grupos&#8230; Y aunque se enoje el gobernador, Veracruz es ya un \u00abEstado Fallido\u00bb en su gobierno&#8230;<\/p>\n<p>La barbarie est\u00e1 tremenda que ahora dejan cabezas humanas en municipios del norte de Veracruz&#8230; Ya ven el \u00abcolgado\u00bb del puente de Tuxpan&#8230;. La lectura puede ser muy clara&#8230; No s\u00f3lo el sur de la entidad est\u00e1 que \u00abarde\u00bb sino el centro y norte del Estado&#8230; No hay tregua de la delincuencia y como aqu\u00ed siguen con el \u00abfuchi y guacala\u00bb&#8230;. Esto parece no tener fin, provocando el temor y miedo a la sociedad&#8230; Lo grave es que cuando la ciudadan\u00eda la padece, el respeto a las instituciones se van perdiendo&#8230;<\/p>\n<p>Aqu\u00ed no pueden ocultar que la violencia rebasa al Estado y que en Veracruz est\u00e1 viviendo una \u00abcolombianizaci\u00f3n\u00bb desde hace meses&#8230; Pero que se recrudeci\u00f3 con los cr\u00edmenes de alto impacto ocurridos a lo largo de estos casi 10 meses que lleva el gobernador, Cuitl\u00e1huac Garc\u00eda, sentando en la principal silla de Palacio de Gobierno&#8230; Se vuelve a la pregunta de siempre: De qu\u00e9 sirven las mesas para la Paz&#8230; Si todos los d\u00edas se ven a las 7 de la ma\u00f1ana y solo recuentan cad\u00e1veres&#8230; Simple l\u00f3gica&#8230; La delincuencia los rebaso&#8230;<\/p>\n<p>Para el colmo de males de este gobierno de Veracruz&#8230; En 9 meses se pasaron argumentando el gobernador y sus subalternos que la violencia continuaba a la alza porque estaba Jorge Winckler frente a la Fiscal\u00eca General del Estado y liberaba a delincuentes, dejaba mal integradas las carpetas de investigaci\u00f3n&#8230; Y ya tienen 10 d\u00edas desde que la ex funcionaria de la Secretar\u00eda de Gobierno, Ver\u00f3nica Hern\u00e1ndez es la nueva Encargada de la FGE&#8230; Y&#8230; ???.. Todo sigue a la alza&#8230; Eso deja s\u00f3lo un razonamiento: NO PUEDEN&#8230;<\/p>\n<p>Hasta la hora de escribir esta columna&#8230; Se ten\u00edan datos que hay una mujer secuestrada e intentaron \u00ablevantar\u00bb a una doctora de Pemex&#8230; Y para cerrar el pueblo de Xico anuncio la suspensi\u00f3n de las festividades de \u00abGrito de Independencia\u00bb y Fiestas Patrias ante el temor que la violencia se presente en los eventos masivos&#8230; Pensar que hace d\u00edas el secretario de Seguridad P\u00fablica, Hugo Guti\u00e8rrez, dec\u00eda que en los 212 municipios hab\u00eda tranquilidad y no se suspender\u00edan estos eventos&#8230; Va el primero&#8230; \u00bfQui\u00e9n sigue?&#8230;<\/p>\n<p>IV\u00c1N LUNA, LA DIVISI\u00d3N&#8230; As\u00ed que mientras Veracruz se le cae en pedazos al gobierno&#8230;.Ir\u00f3nicamente la administraci\u00f3n estatal de Cuitl\u00e1huac Garc\u00eda con un presupuesto aprobado para la coordinaci\u00f3n de Comunicaci\u00f3n Social no lo ejerce.. No lo ocupa o alguien se lo \u00abclavo\u00bb&#8230; Ya que en vez de apoyarse en los medios de comunicaci\u00f3n en la medida de sus posibilidades para crear un entorno de armon\u00eda y paz en la poblaci\u00f3n&#8230; Hacen todo lo contrario&#8230; Los atacan, los quieren dividir y para el colmo los difaman&#8230;.<\/p>\n<p>De unos meses a la fecha est\u00e1n se\u00f1alando que un grupo de periodistas estaban al servicio del Fiscal, Jorge Winckler&#8230;. Pero no han mostrado un papel o un documento que lo pruebe&#8230; Es la palabra del funcionario contra el periodista&#8230; Y como el pol\u00edtico siempre miente y este gobierno de la 4T no ha sido la excepci\u00f3n a la regla&#8230; En este pa\u00eds de leyes, nadie es culpable hasta que se demuestre lo contrario&#8230;. Mal por quererlos exhibir s\u00f3lo por no aplaudirle a Cuitl\u00e1huac sus ocurrencias o criticarlo por no poder poner en paz al Estado&#8230; As\u00ed no Gobernador&#8230;<\/p>\n<p>Su equipo de comunicaci\u00f3n social y funcionarios, gobernador, est\u00e1n formados por personajes que en su momento criticaron a L\u00f3pez Obrador&#8230; Votaron por Calder\u00f3n y Pe\u00f1a Nieto&#8230; Er\u00e1n priistas y panistas&#8230; Operaron para Yunes pero sin convicciones y por inter\u00e9s laboral \u00ababrazaron\u00bb su proyecto&#8230;. Como en 4 a\u00f1os, si es que dura usted en su mandato, abrazaran otro y le dar\u00e1n la espalda&#8230; Hay m\u00e1s lealtad en la complicidad que en la amistad&#8230; Y usted los trata como amigos&#8230; \u00bfEntonces?&#8230; A qu\u00e9 juega queriendo desacreditar periodistas&#8230;<\/p>\n<p>Al final de cuentas, ya sabemos que ese presupuesto de Comunicaci\u00f3n Social de la oficina a cargo de Iv\u00e1n Luna, que SI LO HAY, ahora podemos ver que lo aplican cuando se leen notas en peri\u00f3dicos y las FIRMAN desde la redacci\u00f3n, que no es otra que la dependencia de Luna&#8230; Y cuyas afirmaciones significan objetividad, racionalidad y da certidumbre a lo citado&#8230; Lo cual quiere decir que tienen pruebas de lo que se\u00f1alan a periodistas&#8230; De no ser as\u00ed s\u00f3lo quedan como viles mentirosos..<\/p>\n<p>Hoy la gesti\u00f3n de Iv\u00e1n Luna est\u00e1 bajo sospecha.. Todos PRESUNTAMENTE piensan que \u00e9l es qui\u00e9n ha sido el provocador de esas campa\u00f1as medi\u00e1ticas de ataque a periodistas que no comulgan con el gobierno de Veracruz&#8230; Sospechan PRESUNTAMENTE que \u00e9l fue qui\u00e9n provoc\u00f3 la crisis de la masacre del Bar \u00abCaballo Blanco\u00bb e instig\u00f3 al gobernador para atacar a periodistas defe\u00f1os&#8230; Con todas sus limitantes como comunicador social y periodista&#8230; Hay que reconocer que Iv\u00e1n Luna es el poder tras el trono en Palacio de Gobierno&#8230; Quien diga lo contrario, miente&#8230; Es cuanto&#8230;<\/p>\n","protected":false},"excerpt":{"rendered":"<p>Ricardo\u00a0Ch\u00faa Sale y Vale OJO&#8230;. Fidel Herrera Beltr\u00e1n ha pedido a Alberto Silva Ramos que \u00abapriete\u00bb el tema del PVEM a trav\u00e9s de sus aliados de anta\u00f1o&#8230; Silva se ha convertido en el principal activo del \u00abT\u00edo Verde\u00bb para operar este tema en el norte de la entidad&#8230; Junto con su hijo, Javier Herrera y [&hellip;]<\/p>\n","protected":false},"author":2,"featured_media":49654,"comment_status":"open","ping_status":"open","sticky":false,"template":"","format":"standard","meta":{"tdm_status":"","tdm_grid_status":"","footnotes":""},"categories":[70],"tags":[1563,13640,141,410,12282,1124,15208,6150,15206,1026,419,15207,203,195],"class_list":{"0":"post-49653","1":"post","2":"type-post","3":"status-publish","4":"format-standard","5":"has-post-thumbnail","7":"category-de-opinion","8":"tag-cuitlahuac-garcia-jimenez","9":"tag-eleazar-guerrero","10":"tag-erick-lagos","11":"tag-fidel-herrera-beltran","12":"tag-ivan-luna","13":"tag-javier-herrera-borunda","14":"tag-jilotepec-power","15":"tag-jorge-winckler-ortiz","16":"tag-marcelo-ruiz","17":"tag-morena","18":"tag-salvador-manzur","19":"tag-tomas-lopez-landeros","20":"tag-tuxpan","21":"tag-veracruz"},"yoast_head":"<!-- This site is optimized with the Yoast SEO plugin v27.4 - https:\/\/yoast.com\/product\/yoast-seo-wordpress\/ -->\n<title>El Verde, \u00a1por Morena! - Los pol\u00edticos Veracruz<\/title>\n<meta name=\"robots\" content=\"index, follow, max-snippet:-1, max-image-preview:large, max-video-preview:-1\" \/>\n<link rel=\"canonical\" href=\"https:\/\/lospoliticosveracruz.com\/?p=49653\" \/>\n<meta property=\"og:locale\" content=\"es_ES\" \/>\n<meta property=\"og:type\" content=\"article\" \/>\n<meta property=\"og:title\" content=\"El Verde, \u00a1por Morena! - Los pol\u00edticos Veracruz\" \/>\n<meta property=\"og:description\" content=\"Ricardo\u00a0Ch\u00faa Sale y Vale OJO&#8230;. Fidel Herrera Beltr\u00e1n ha pedido a Alberto Silva Ramos que \u00abapriete\u00bb el tema del PVEM a trav\u00e9s de sus aliados de anta\u00f1o&#8230; Silva se ha convertido en el principal activo del \u00abT\u00edo Verde\u00bb para operar este tema en el norte de la entidad&#8230; Junto con su hijo, Javier Herrera y [&hellip;]\" \/>\n<meta property=\"og:url\" content=\"https:\/\/lospoliticosveracruz.com\/?p=49653\" \/>\n<meta property=\"og:site_name\" content=\"Los pol\u00edticos Veracruz\" \/>\n<meta property=\"article:publisher\" content=\"https:\/\/www.facebook.com\/people\/Notimemes-de-los-Polticos\/61565672886568\/\" \/>\n<meta property=\"article:published_time\" content=\"2019-09-13T14:13:42+00:00\" \/>\n<meta property=\"og:image\" content=\"https:\/\/lospoliticosveracruz.com\/wp-content\/uploads\/2019\/09\/Javier-Herrera-y-Silva.png\" \/>\n\t<meta property=\"og:image:width\" content=\"600\" \/>\n\t<meta property=\"og:image:height\" content=\"417\" \/>\n\t<meta property=\"og:image:type\" content=\"image\/png\" \/>\n<meta name=\"author\" content=\"Lo viste en Los Pol\u00edticos\" \/>\n<meta name=\"twitter:card\" content=\"summary_large_image\" \/>\n<meta name=\"twitter:creator\" content=\"@LosPoliticosVer\" \/>\n<meta name=\"twitter:site\" content=\"@LosPoliticosVer\" \/>\n<meta name=\"twitter:label1\" content=\"Escrito por\" \/>\n\t<meta name=\"twitter:data1\" content=\"Lo viste en Los Pol\u00edticos\" \/>\n\t<meta name=\"twitter:label2\" content=\"Tiempo de lectura\" \/>\n\t<meta name=\"twitter:data2\" content=\"6 minutos\" \/>\n<script type=\"application\/ld+json\" class=\"yoast-schema-graph\">{\"@context\":\"https:\\\/\\\/schema.org\",\"@graph\":[{\"@type\":\"Article\",\"@id\":\"https:\\\/\\\/lospoliticosveracruz.com\\\/?p=49653#article\",\"isPartOf\":{\"@id\":\"https:\\\/\\\/lospoliticosveracruz.com\\\/?p=49653\"},\"author\":{\"name\":\"Lo viste en Los Pol\u00edticos\",\"@id\":\"https:\\\/\\\/lospoliticosveracruz.com\\\/#\\\/schema\\\/person\\\/b8702bb0e538456e6efd07080bf2a4a2\"},\"headline\":\"El Verde, \u00a1por Morena!\",\"datePublished\":\"2019-09-13T14:13:42+00:00\",\"mainEntityOfPage\":{\"@id\":\"https:\\\/\\\/lospoliticosveracruz.com\\\/?p=49653\"},\"wordCount\":1254,\"commentCount\":0,\"publisher\":{\"@id\":\"https:\\\/\\\/lospoliticosveracruz.com\\\/#organization\"},\"image\":{\"@id\":\"https:\\\/\\\/lospoliticosveracruz.com\\\/?p=49653#primaryimage\"},\"thumbnailUrl\":\"https:\\\/\\\/lospoliticosveracruz.com\\\/wp-content\\\/uploads\\\/2019\\\/09\\\/Javier-Herrera-y-Silva.png\",\"keywords\":[\"Cuitl\u00e1huac Garc\u00eda Jim\u00e9nez\",\"Eleazar Guerrero\",\"Erick Lagos\",\"Fidel Herrera Beltr\u00e1n\",\"Iv\u00e1n Luna\",\"Javier Herrera Borunda\",\"Jilotepec Power\",\"Jorge Winckler Ortiz\",\"Marcelo Ruiz\",\"Morena\",\"Salvador Manzur\",\"Tom\u00e1s L\u00f3pez Landeros\",\"Tuxpan\",\"Veracruz\"],\"articleSection\":[\"De Opini\u00f3n\"],\"inLanguage\":\"es\",\"potentialAction\":[{\"@type\":\"CommentAction\",\"name\":\"Comment\",\"target\":[\"https:\\\/\\\/lospoliticosveracruz.com\\\/?p=49653#respond\"]}]},{\"@type\":\"WebPage\",\"@id\":\"https:\\\/\\\/lospoliticosveracruz.com\\\/?p=49653\",\"url\":\"https:\\\/\\\/lospoliticosveracruz.com\\\/?p=49653\",\"name\":\"El Verde, \u00a1por Morena! - Los pol\u00edticos Veracruz\",\"isPartOf\":{\"@id\":\"https:\\\/\\\/lospoliticosveracruz.com\\\/#website\"},\"primaryImageOfPage\":{\"@id\":\"https:\\\/\\\/lospoliticosveracruz.com\\\/?p=49653#primaryimage\"},\"image\":{\"@id\":\"https:\\\/\\\/lospoliticosveracruz.com\\\/?p=49653#primaryimage\"},\"thumbnailUrl\":\"https:\\\/\\\/lospoliticosveracruz.com\\\/wp-content\\\/uploads\\\/2019\\\/09\\\/Javier-Herrera-y-Silva.png\",\"datePublished\":\"2019-09-13T14:13:42+00:00\",\"breadcrumb\":{\"@id\":\"https:\\\/\\\/lospoliticosveracruz.com\\\/?p=49653#breadcrumb\"},\"inLanguage\":\"es\",\"potentialAction\":[{\"@type\":\"ReadAction\",\"target\":[\"https:\\\/\\\/lospoliticosveracruz.com\\\/?p=49653\"]}]},{\"@type\":\"ImageObject\",\"inLanguage\":\"es\",\"@id\":\"https:\\\/\\\/lospoliticosveracruz.com\\\/?p=49653#primaryimage\",\"url\":\"https:\\\/\\\/lospoliticosveracruz.com\\\/wp-content\\\/uploads\\\/2019\\\/09\\\/Javier-Herrera-y-Silva.png\",\"contentUrl\":\"https:\\\/\\\/lospoliticosveracruz.com\\\/wp-content\\\/uploads\\\/2019\\\/09\\\/Javier-Herrera-y-Silva.png\",\"width\":600,\"height\":417},{\"@type\":\"BreadcrumbList\",\"@id\":\"https:\\\/\\\/lospoliticosveracruz.com\\\/?p=49653#breadcrumb\",\"itemListElement\":[{\"@type\":\"ListItem\",\"position\":1,\"name\":\"Portada\",\"item\":\"https:\\\/\\\/lospoliticosveracruz.com\\\/\"},{\"@type\":\"ListItem\",\"position\":2,\"name\":\"El Verde, \u00a1por Morena!\"}]},{\"@type\":\"WebSite\",\"@id\":\"https:\\\/\\\/lospoliticosveracruz.com\\\/#website\",\"url\":\"https:\\\/\\\/lospoliticosveracruz.com\\\/\",\"name\":\"Los pol\u00edticos Veracruz\",\"description\":\"\",\"publisher\":{\"@id\":\"https:\\\/\\\/lospoliticosveracruz.com\\\/#organization\"},\"potentialAction\":[{\"@type\":\"SearchAction\",\"target\":{\"@type\":\"EntryPoint\",\"urlTemplate\":\"https:\\\/\\\/lospoliticosveracruz.com\\\/?s={search_term_string}\"},\"query-input\":{\"@type\":\"PropertyValueSpecification\",\"valueRequired\":true,\"valueName\":\"search_term_string\"}}],\"inLanguage\":\"es\"},{\"@type\":\"Organization\",\"@id\":\"https:\\\/\\\/lospoliticosveracruz.com\\\/#organization\",\"name\":\"Los pol\u00edticos Veracruz\",\"url\":\"https:\\\/\\\/lospoliticosveracruz.com\\\/\",\"logo\":{\"@type\":\"ImageObject\",\"inLanguage\":\"es\",\"@id\":\"https:\\\/\\\/lospoliticosveracruz.com\\\/#\\\/schema\\\/logo\\\/image\\\/\",\"url\":\"https:\\\/\\\/lospoliticosveracruz.com\\\/wp-content\\\/uploads\\\/2025\\\/12\\\/Logo-Nuevo-LOS-POLITICOS-1.jpg\",\"contentUrl\":\"https:\\\/\\\/lospoliticosveracruz.com\\\/wp-content\\\/uploads\\\/2025\\\/12\\\/Logo-Nuevo-LOS-POLITICOS-1.jpg\",\"width\":260,\"height\":70,\"caption\":\"Los pol\u00edticos Veracruz\"},\"image\":{\"@id\":\"https:\\\/\\\/lospoliticosveracruz.com\\\/#\\\/schema\\\/logo\\\/image\\\/\"},\"sameAs\":[\"https:\\\/\\\/www.facebook.com\\\/people\\\/Notimemes-de-los-Polticos\\\/61565672886568\\\/\",\"https:\\\/\\\/x.com\\\/LosPoliticosVer\"]},{\"@type\":\"Person\",\"@id\":\"https:\\\/\\\/lospoliticosveracruz.com\\\/#\\\/schema\\\/person\\\/b8702bb0e538456e6efd07080bf2a4a2\",\"name\":\"Lo viste en Los Pol\u00edticos\",\"image\":{\"@type\":\"ImageObject\",\"inLanguage\":\"es\",\"@id\":\"https:\\\/\\\/secure.gravatar.com\\\/avatar\\\/3a8de04a2656d44082be478bd6c086daa447c4651605818287b9532d3d0bd435?s=96&d=mm&r=g\",\"url\":\"https:\\\/\\\/secure.gravatar.com\\\/avatar\\\/3a8de04a2656d44082be478bd6c086daa447c4651605818287b9532d3d0bd435?s=96&d=mm&r=g\",\"contentUrl\":\"https:\\\/\\\/secure.gravatar.com\\\/avatar\\\/3a8de04a2656d44082be478bd6c086daa447c4651605818287b9532d3d0bd435?s=96&d=mm&r=g\",\"caption\":\"Lo viste en Los Pol\u00edticos\"},\"url\":\"https:\\\/\\\/lospoliticosveracruz.com\\\/?author=2\"}]}<\/script>\n<!-- \/ Yoast SEO plugin. -->","yoast_head_json":{"title":"El Verde, \u00a1por Morena! - Los pol\u00edticos Veracruz","robots":{"index":"index","follow":"follow","max-snippet":"max-snippet:-1","max-image-preview":"max-image-preview:large","max-video-preview":"max-video-preview:-1"},"canonical":"https:\/\/lospoliticosveracruz.com\/?p=49653","og_locale":"es_ES","og_type":"article","og_title":"El Verde, \u00a1por Morena! - Los pol\u00edticos Veracruz","og_description":"Ricardo\u00a0Ch\u00faa Sale y Vale OJO&#8230;. Fidel Herrera Beltr\u00e1n ha pedido a Alberto Silva Ramos que \u00abapriete\u00bb el tema del PVEM a trav\u00e9s de sus aliados de anta\u00f1o&#8230; Silva se ha convertido en el principal activo del \u00abT\u00edo Verde\u00bb para operar este tema en el norte de la entidad&#8230; Junto con su hijo, Javier Herrera y [&hellip;]","og_url":"https:\/\/lospoliticosveracruz.com\/?p=49653","og_site_name":"Los pol\u00edticos Veracruz","article_publisher":"https:\/\/www.facebook.com\/people\/Notimemes-de-los-Polticos\/61565672886568\/","article_published_time":"2019-09-13T14:13:42+00:00","og_image":[{"width":600,"height":417,"url":"https:\/\/lospoliticosveracruz.com\/wp-content\/uploads\/2019\/09\/Javier-Herrera-y-Silva.png","type":"image\/png"}],"author":"Lo viste en Los Pol\u00edticos","twitter_card":"summary_large_image","twitter_creator":"@LosPoliticosVer","twitter_site":"@LosPoliticosVer","twitter_misc":{"Escrito por":"Lo viste en Los Pol\u00edticos","Tiempo de lectura":"6 minutos"},"schema":{"@context":"https:\/\/schema.org","@graph":[{"@type":"Article","@id":"https:\/\/lospoliticosveracruz.com\/?p=49653#article","isPartOf":{"@id":"https:\/\/lospoliticosveracruz.com\/?p=49653"},"author":{"name":"Lo viste en Los Pol\u00edticos","@id":"https:\/\/lospoliticosveracruz.com\/#\/schema\/person\/b8702bb0e538456e6efd07080bf2a4a2"},"headline":"El Verde, \u00a1por Morena!","datePublished":"2019-09-13T14:13:42+00:00","mainEntityOfPage":{"@id":"https:\/\/lospoliticosveracruz.com\/?p=49653"},"wordCount":1254,"commentCount":0,"publisher":{"@id":"https:\/\/lospoliticosveracruz.com\/#organization"},"image":{"@id":"https:\/\/lospoliticosveracruz.com\/?p=49653#primaryimage"},"thumbnailUrl":"https:\/\/lospoliticosveracruz.com\/wp-content\/uploads\/2019\/09\/Javier-Herrera-y-Silva.png","keywords":["Cuitl\u00e1huac Garc\u00eda Jim\u00e9nez","Eleazar Guerrero","Erick Lagos","Fidel Herrera Beltr\u00e1n","Iv\u00e1n Luna","Javier Herrera Borunda","Jilotepec Power","Jorge Winckler Ortiz","Marcelo Ruiz","Morena","Salvador Manzur","Tom\u00e1s L\u00f3pez Landeros","Tuxpan","Veracruz"],"articleSection":["De Opini\u00f3n"],"inLanguage":"es","potentialAction":[{"@type":"CommentAction","name":"Comment","target":["https:\/\/lospoliticosveracruz.com\/?p=49653#respond"]}]},{"@type":"WebPage","@id":"https:\/\/lospoliticosveracruz.com\/?p=49653","url":"https:\/\/lospoliticosveracruz.com\/?p=49653","name":"El Verde, \u00a1por Morena! - Los pol\u00edticos Veracruz","isPartOf":{"@id":"https:\/\/lospoliticosveracruz.com\/#website"},"primaryImageOfPage":{"@id":"https:\/\/lospoliticosveracruz.com\/?p=49653#primaryimage"},"image":{"@id":"https:\/\/lospoliticosveracruz.com\/?p=49653#primaryimage"},"thumbnailUrl":"https:\/\/lospoliticosveracruz.com\/wp-content\/uploads\/2019\/09\/Javier-Herrera-y-Silva.png","datePublished":"2019-09-13T14:13:42+00:00","breadcrumb":{"@id":"https:\/\/lospoliticosveracruz.com\/?p=49653#breadcrumb"},"inLanguage":"es","potentialAction":[{"@type":"ReadAction","target":["https:\/\/lospoliticosveracruz.com\/?p=49653"]}]},{"@type":"ImageObject","inLanguage":"es","@id":"https:\/\/lospoliticosveracruz.com\/?p=49653#primaryimage","url":"https:\/\/lospoliticosveracruz.com\/wp-content\/uploads\/2019\/09\/Javier-Herrera-y-Silva.png","contentUrl":"https:\/\/lospoliticosveracruz.com\/wp-content\/uploads\/2019\/09\/Javier-Herrera-y-Silva.png","width":600,"height":417},{"@type":"BreadcrumbList","@id":"https:\/\/lospoliticosveracruz.com\/?p=49653#breadcrumb","itemListElement":[{"@type":"ListItem","position":1,"name":"Portada","item":"https:\/\/lospoliticosveracruz.com\/"},{"@type":"ListItem","position":2,"name":"El Verde, \u00a1por Morena!"}]},{"@type":"WebSite","@id":"https:\/\/lospoliticosveracruz.com\/#website","url":"https:\/\/lospoliticosveracruz.com\/","name":"Los pol\u00edticos Veracruz","description":"","publisher":{"@id":"https:\/\/lospoliticosveracruz.com\/#organization"},"potentialAction":[{"@type":"SearchAction","target":{"@type":"EntryPoint","urlTemplate":"https:\/\/lospoliticosveracruz.com\/?s={search_term_string}"},"query-input":{"@type":"PropertyValueSpecification","valueRequired":true,"valueName":"search_term_string"}}],"inLanguage":"es"},{"@type":"Organization","@id":"https:\/\/lospoliticosveracruz.com\/#organization","name":"Los pol\u00edticos Veracruz","url":"https:\/\/lospoliticosveracruz.com\/","logo":{"@type":"ImageObject","inLanguage":"es","@id":"https:\/\/lospoliticosveracruz.com\/#\/schema\/logo\/image\/","url":"https:\/\/lospoliticosveracruz.com\/wp-content\/uploads\/2025\/12\/Logo-Nuevo-LOS-POLITICOS-1.jpg","contentUrl":"https:\/\/lospoliticosveracruz.com\/wp-content\/uploads\/2025\/12\/Logo-Nuevo-LOS-POLITICOS-1.jpg","width":260,"height":70,"caption":"Los pol\u00edticos Veracruz"},"image":{"@id":"https:\/\/lospoliticosveracruz.com\/#\/schema\/logo\/image\/"},"sameAs":["https:\/\/www.facebook.com\/people\/Notimemes-de-los-Polticos\/61565672886568\/","https:\/\/x.com\/LosPoliticosVer"]},{"@type":"Person","@id":"https:\/\/lospoliticosveracruz.com\/#\/schema\/person\/b8702bb0e538456e6efd07080bf2a4a2","name":"Lo viste en Los Pol\u00edticos","image":{"@type":"ImageObject","inLanguage":"es","@id":"https:\/\/secure.gravatar.com\/avatar\/3a8de04a2656d44082be478bd6c086daa447c4651605818287b9532d3d0bd435?s=96&d=mm&r=g","url":"https:\/\/secure.gravatar.com\/avatar\/3a8de04a2656d44082be478bd6c086daa447c4651605818287b9532d3d0bd435?s=96&d=mm&r=g","contentUrl":"https:\/\/secure.gravatar.com\/avatar\/3a8de04a2656d44082be478bd6c086daa447c4651605818287b9532d3d0bd435?s=96&d=mm&r=g","caption":"Lo viste en Los Pol\u00edticos"},"url":"https:\/\/lospoliticosveracruz.com\/?author=2"}]}},"_links":{"self":[{"href":"https:\/\/lospoliticosveracruz.com\/index.php?rest_route=\/wp\/v2\/posts\/49653","targetHints":{"allow":["GET"]}}],"collection":[{"href":"https:\/\/lospoliticosveracruz.com\/index.php?rest_route=\/wp\/v2\/posts"}],"about":[{"href":"https:\/\/lospoliticosveracruz.com\/index.php?rest_route=\/wp\/v2\/types\/post"}],"author":[{"embeddable":true,"href":"https:\/\/lospoliticosveracruz.com\/index.php?rest_route=\/wp\/v2\/users\/2"}],"replies":[{"embeddable":true,"href":"https:\/\/lospoliticosveracruz.com\/index.php?rest_route=%2Fwp%2Fv2%2Fcomments&post=49653"}],"version-history":[{"count":1,"href":"https:\/\/lospoliticosveracruz.com\/index.php?rest_route=\/wp\/v2\/posts\/49653\/revisions"}],"predecessor-version":[{"id":49655,"href":"https:\/\/lospoliticosveracruz.com\/index.php?rest_route=\/wp\/v2\/posts\/49653\/revisions\/49655"}],"wp:featuredmedia":[{"embeddable":true,"href":"https:\/\/lospoliticosveracruz.com\/index.php?rest_route=\/wp\/v2\/media\/49654"}],"wp:attachment":[{"href":"https:\/\/lospoliticosveracruz.com\/index.php?rest_route=%2Fwp%2Fv2%2Fmedia&parent=49653"}],"wp:term":[{"taxonomy":"category","embeddable":true,"href":"https:\/\/lospoliticosveracruz.com\/index.php?rest_route=%2Fwp%2Fv2%2Fcategories&post=49653"},{"taxonomy":"post_tag","embeddable":true,"href":"https:\/\/lospoliticosveracruz.com\/index.php?rest_route=%2Fwp%2Fv2%2Ftags&post=49653"}],"curies":[{"name":"wp","href":"https:\/\/api.w.org\/{rel}","templated":true}]}}