{"id":49665,"date":"2019-09-13T23:00:48","date_gmt":"2019-09-14T04:00:48","guid":{"rendered":"http:\/\/www.lospoliticosveracruz.com.mx\/?p=49665"},"modified":"2019-09-13T14:56:19","modified_gmt":"2019-09-13T19:56:19","slug":"veracruz-tercer-lugar-en-muertes","status":"publish","type":"post","link":"https:\/\/lospoliticosveracruz.com\/?p=49665","title":{"rendered":"Veracruz: tercer lugar en muertes"},"content":{"rendered":"<p><strong>Brenda Caballero<\/strong><\/p>\n<p><em>N\u00fameros Rojos<\/em><\/p>\n<p>Abro mi facebook y lo primero que me sale es el Secretario de Salud en Veracruz, Roberto Ramos Alor, vestido muy mono, con un chaleco y una gorra beige. En las manos sostiene un\u00a0 cartel que se lo muestra a una se\u00f1ora. El cartel hace referencia al dengue. Hago lectura r\u00e1pida y aparte de ver en diferentes poses al secretario Alor (pues hasta con cubeta en mano se sac\u00f3 la foto) todo indica\u00a0 que ante la emergencia\u00a0por el\u00a0alto n\u00famero de casos de dengue en Veracruz (somos el primer lugar nacional) el gobierno estatal implementa la Semana Estatal contra el dengue. Y hace hincapi\u00e9 en que es una estrategia de \u201cprevenci\u00f3n, combate y control\u201d.<\/p>\n<p>Pero \u00bfcu\u00e1l es la causa del alto incremento del dengue en Veracruz? Lo que m\u00e1s he escuchado es que el gobierno federal no compr\u00f3 insecticidas y hasta insultos de todo tipo le han dicho\u00a0por ello. Sin embargo, ac\u00e1 en Veracruz podr\u00eda haber otra causa que ni siquiera les ha pasado por la cabeza a nuestros altos funcionarios estatales y municipales, y es la contaminaci\u00f3n ambiental.<\/p>\n<p>S\u00ed, ley\u00f3 usted bien, la contaminaci\u00f3n ambiental podr\u00eda ser la causa del aumento de casos de dengue en el estado. He ah\u00ed que en la prevenci\u00f3n tambi\u00e9n deber\u00edan incluir a la Secretar\u00eda de Medio Ambiente, a cargo de Mar\u00eda del Roc\u00edo P\u00e9rez P\u00e9rez&#8230;\u00a0pero le explico:<\/p>\n<p>El 21 de agosto de 2019, la periodista Ariadna Ortega escribi\u00f3 el art\u00edculo de investigaci\u00f3n \u201cLa Contaminaci\u00f3n ambiental en M\u00e9xico deja 49 mil muertes\u201d.\u00a0En el mismo, refiere el estudio denominado<a href=\"https:\/\/ciep.mx\/las-finanzas-publicas-del-cambio-climatico-origen-costos-y-alternativas-de-los-gases-de-efecto-invernadero\/\" target=\"_blank\"> \u201cLas finanzas p\u00fablicas del cambio clim\u00e1tico. Origen, costos y alternativas de los gases de efecto invernadero\u201d<\/a> del Centro de Investigaci\u00f3n Econ\u00f3mica y Presupuestaria (CIEP).<\/p>\n<p>El trabajo realizado por CIEP con informaci\u00f3n del Instituto de M\u00e9tricas y Evaluaci\u00f3n de la Salud (IHME Institute for Health Metrics and Evaluation) destaca que en el a\u00f1o 2017, el mayor n\u00famero de muertes asociadas a la contaminaci\u00f3n ambiental se present\u00f3 en \u00a0Estado de M\u00e9xico con 6 mil 237 decesos, seguido de Ciudad de M\u00e9xico con 5 mil 391 muertes, y en tercer lugar se encuentra Veracruz, con 3 mil 823 fallecimientos.<\/p>\n<p>L\u00f3gicamente la noticia fue m\u00e1s que impactante, pues aparte de la inseguridad y violencia feminicida en que vivimos, \u00bfdebemos lidiar con el tercer lugar en muertes por contaminaci\u00f3n ambiental?<\/p>\n<p>Todo indica que s\u00ed, pues al continuar leyendo el estudio, en su apartado 3, Costos del Cambio Clim\u00e1tico, punto\u00a0Costos Generales, dice que habr\u00e1 un mayor gasto en salud pues las altas temperaturas conllevan a una mayor contaminaci\u00f3n, mayores enfermedades propagadas por insectos, olas de calor m\u00e1s frecuentes y mayores lluvias e inundaciones, cuestiones que aumentar\u00edan los gastos en salud en el mundo (FAO, 2008).<\/p>\n<p>\u00bfRecuerda usted las altas temperaturas en el estado los \u00faltimos meses? \u00bfY las lluvias? \u00bfY las enfermedades propagadas por mosquitos?<\/p>\n<p>Al seguir leyendo la investigaci\u00f3n, la Organizaci\u00f3n Mundial de la Salud (OMS)\u00a0 refiere los diferentes fen\u00f3menos que influyen en el cambio clim\u00e1tico, y aparte del calor extremo que contribuye a las defunciones y agrava las enfermedades cardiovasculares y respiratorias\u00a0as\u00ed como\u00a0\u00a0desastres naturales y la contaminaci\u00f3n del aire, que es relacionada con accidentes cerebrovasculares, c\u00e1nceres de pulm\u00f3n, neuropat\u00edas cr\u00f3nicas y agudas como el asma, d\u00e9jeme citar textualmente la distribuci\u00f3n de infecciones: \u201cel riesgo de transmisi\u00f3n de enfermedades transmitidas por agua, insectos y otros animales de sangre fr\u00eda est\u00e1 relacionado a las condiciones clim\u00e1ticas, por lo que se espera que el cambio clim\u00e1tico contin\u00fae aumentando el riesgo de transmisi\u00f3n de dengue (OMS 2019b)\u201d.<\/p>\n<p>Despu\u00e9s de leer \u00a0el trabajo de investigaci\u00f3n, todo parece indicar que algo est\u00e1 incrementando el dengue en Veracruz y es la contaminaci\u00f3n ambiental.\u00a0Una contaminaci\u00f3n que no es en lo absoluto percibida ni detectada por la Secretar\u00eda de Medio Ambiente\u00a0porque al menos los veracruzanos que tenemos celular lo podemos detectar con una prueba simple: Ingrese a la aplicaci\u00f3n del Clima en su tel\u00e9fono m\u00f3vil un d\u00eda de \u00e9stos y ver\u00e1 que ya nos dice que la calidad del aire que respiramos es muy mala&#8230; ahora, s\u00famele los casos de dengue que\u00a0estamos padeciendo en lugares donde hablar de esta enfermedad era un mero chiste.<\/p>\n<p><a href=\"mailto:caballero_brenda@hotmail.com\">caballero_brenda@hotmail.com<\/a><\/p>\n<p>@NumerosRojos_BC<\/p>\n","protected":false},"excerpt":{"rendered":"<p>Brenda Caballero N\u00fameros Rojos Abro mi facebook y lo primero que me sale es el Secretario de Salud en Veracruz, Roberto Ramos Alor, vestido muy mono, con un chaleco y una gorra beige. En las manos sostiene un\u00a0 cartel que se lo muestra a una se\u00f1ora. El cartel hace referencia al dengue. Hago lectura r\u00e1pida [&hellip;]<\/p>\n","protected":false},"author":2,"featured_media":49666,"comment_status":"open","ping_status":"open","sticky":false,"template":"","format":"standard","meta":{"tdm_status":"","tdm_grid_status":"","footnotes":""},"categories":[70],"tags":[15212,3795,5239,2937,378,15214,7321,15211,8493,195],"class_list":{"0":"post-49665","1":"post","2":"type-post","3":"status-publish","4":"format-standard","5":"has-post-thumbnail","7":"category-de-opinion","8":"tag-centro-de-investigacion-economica-y-presupuestaria","9":"tag-ciudad-de-mexico","10":"tag-contaminacion","11":"tag-dengue","12":"tag-estado-de-mexico","13":"tag-institute-for-health-metrics-and-evaluation","14":"tag-maria-del-rocio-perez-perez","15":"tag-organizacion-mundial-de-la-salud","16":"tag-secretaria-de-medio-ambiente","17":"tag-veracruz"},"yoast_head":"<!-- This site is optimized with the Yoast SEO plugin v27.4 - https:\/\/yoast.com\/product\/yoast-seo-wordpress\/ -->\n<title>Veracruz: tercer lugar en muertes - Los pol\u00edticos Veracruz<\/title>\n<meta name=\"robots\" content=\"index, follow, max-snippet:-1, max-image-preview:large, max-video-preview:-1\" \/>\n<link rel=\"canonical\" href=\"https:\/\/lospoliticosveracruz.com\/?p=49665\" \/>\n<meta property=\"og:locale\" content=\"es_ES\" \/>\n<meta property=\"og:type\" content=\"article\" \/>\n<meta property=\"og:title\" content=\"Veracruz: tercer lugar en muertes - Los pol\u00edticos Veracruz\" \/>\n<meta property=\"og:description\" content=\"Brenda Caballero N\u00fameros Rojos Abro mi facebook y lo primero que me sale es el Secretario de Salud en Veracruz, Roberto Ramos Alor, vestido muy mono, con un chaleco y una gorra beige. En las manos sostiene un\u00a0 cartel que se lo muestra a una se\u00f1ora. El cartel hace referencia al dengue. Hago lectura r\u00e1pida [&hellip;]\" \/>\n<meta property=\"og:url\" content=\"https:\/\/lospoliticosveracruz.com\/?p=49665\" \/>\n<meta property=\"og:site_name\" content=\"Los pol\u00edticos Veracruz\" \/>\n<meta property=\"article:publisher\" content=\"https:\/\/www.facebook.com\/people\/Notimemes-de-los-Polticos\/61565672886568\/\" \/>\n<meta property=\"article:published_time\" content=\"2019-09-14T04:00:48+00:00\" \/>\n<meta property=\"og:image\" content=\"https:\/\/lospoliticosveracruz.com\/wp-content\/uploads\/2019\/09\/Cuadro-Muertes.jpg\" \/>\n\t<meta property=\"og:image:width\" content=\"600\" \/>\n\t<meta property=\"og:image:height\" content=\"415\" \/>\n\t<meta property=\"og:image:type\" content=\"image\/jpeg\" \/>\n<meta name=\"author\" content=\"Lo viste en Los Pol\u00edticos\" \/>\n<meta name=\"twitter:card\" content=\"summary_large_image\" \/>\n<meta name=\"twitter:creator\" content=\"@LosPoliticosVer\" \/>\n<meta name=\"twitter:site\" content=\"@LosPoliticosVer\" \/>\n<meta name=\"twitter:label1\" content=\"Escrito por\" \/>\n\t<meta name=\"twitter:data1\" content=\"Lo viste en Los Pol\u00edticos\" \/>\n\t<meta name=\"twitter:label2\" content=\"Tiempo de lectura\" \/>\n\t<meta name=\"twitter:data2\" content=\"4 minutos\" \/>\n<script type=\"application\/ld+json\" class=\"yoast-schema-graph\">{\"@context\":\"https:\\\/\\\/schema.org\",\"@graph\":[{\"@type\":\"Article\",\"@id\":\"https:\\\/\\\/lospoliticosveracruz.com\\\/?p=49665#article\",\"isPartOf\":{\"@id\":\"https:\\\/\\\/lospoliticosveracruz.com\\\/?p=49665\"},\"author\":{\"name\":\"Lo viste en Los Pol\u00edticos\",\"@id\":\"https:\\\/\\\/lospoliticosveracruz.com\\\/#\\\/schema\\\/person\\\/b8702bb0e538456e6efd07080bf2a4a2\"},\"headline\":\"Veracruz: tercer lugar en muertes\",\"datePublished\":\"2019-09-14T04:00:48+00:00\",\"mainEntityOfPage\":{\"@id\":\"https:\\\/\\\/lospoliticosveracruz.com\\\/?p=49665\"},\"wordCount\":757,\"commentCount\":0,\"publisher\":{\"@id\":\"https:\\\/\\\/lospoliticosveracruz.com\\\/#organization\"},\"image\":{\"@id\":\"https:\\\/\\\/lospoliticosveracruz.com\\\/?p=49665#primaryimage\"},\"thumbnailUrl\":\"https:\\\/\\\/lospoliticosveracruz.com\\\/wp-content\\\/uploads\\\/2019\\\/09\\\/Cuadro-Muertes.jpg\",\"keywords\":[\"Centro de Investigaci\u00f3n Econ\u00f3mica y Presupuestaria\",\"Ciudad de M\u00e9xico\",\"contaminaci\u00f3n\",\"dengue\",\"Estado de M\u00e9xico\",\"Institute for Health Metrics and Evaluation\",\"Mar\u00eda del Roc\u00edo P\u00e9rez P\u00e9rez\",\"Organizaci\u00f3n Mundial de la Salud\",\"Secretar\u00eda de Medio Ambiente\",\"Veracruz\"],\"articleSection\":[\"De Opini\u00f3n\"],\"inLanguage\":\"es\",\"potentialAction\":[{\"@type\":\"CommentAction\",\"name\":\"Comment\",\"target\":[\"https:\\\/\\\/lospoliticosveracruz.com\\\/?p=49665#respond\"]}]},{\"@type\":\"WebPage\",\"@id\":\"https:\\\/\\\/lospoliticosveracruz.com\\\/?p=49665\",\"url\":\"https:\\\/\\\/lospoliticosveracruz.com\\\/?p=49665\",\"name\":\"Veracruz: tercer lugar en muertes - Los pol\u00edticos Veracruz\",\"isPartOf\":{\"@id\":\"https:\\\/\\\/lospoliticosveracruz.com\\\/#website\"},\"primaryImageOfPage\":{\"@id\":\"https:\\\/\\\/lospoliticosveracruz.com\\\/?p=49665#primaryimage\"},\"image\":{\"@id\":\"https:\\\/\\\/lospoliticosveracruz.com\\\/?p=49665#primaryimage\"},\"thumbnailUrl\":\"https:\\\/\\\/lospoliticosveracruz.com\\\/wp-content\\\/uploads\\\/2019\\\/09\\\/Cuadro-Muertes.jpg\",\"datePublished\":\"2019-09-14T04:00:48+00:00\",\"breadcrumb\":{\"@id\":\"https:\\\/\\\/lospoliticosveracruz.com\\\/?p=49665#breadcrumb\"},\"inLanguage\":\"es\",\"potentialAction\":[{\"@type\":\"ReadAction\",\"target\":[\"https:\\\/\\\/lospoliticosveracruz.com\\\/?p=49665\"]}]},{\"@type\":\"ImageObject\",\"inLanguage\":\"es\",\"@id\":\"https:\\\/\\\/lospoliticosveracruz.com\\\/?p=49665#primaryimage\",\"url\":\"https:\\\/\\\/lospoliticosveracruz.com\\\/wp-content\\\/uploads\\\/2019\\\/09\\\/Cuadro-Muertes.jpg\",\"contentUrl\":\"https:\\\/\\\/lospoliticosveracruz.com\\\/wp-content\\\/uploads\\\/2019\\\/09\\\/Cuadro-Muertes.jpg\",\"width\":600,\"height\":415},{\"@type\":\"BreadcrumbList\",\"@id\":\"https:\\\/\\\/lospoliticosveracruz.com\\\/?p=49665#breadcrumb\",\"itemListElement\":[{\"@type\":\"ListItem\",\"position\":1,\"name\":\"Portada\",\"item\":\"https:\\\/\\\/lospoliticosveracruz.com\\\/\"},{\"@type\":\"ListItem\",\"position\":2,\"name\":\"Veracruz: tercer lugar en muertes\"}]},{\"@type\":\"WebSite\",\"@id\":\"https:\\\/\\\/lospoliticosveracruz.com\\\/#website\",\"url\":\"https:\\\/\\\/lospoliticosveracruz.com\\\/\",\"name\":\"Los pol\u00edticos Veracruz\",\"description\":\"\",\"publisher\":{\"@id\":\"https:\\\/\\\/lospoliticosveracruz.com\\\/#organization\"},\"potentialAction\":[{\"@type\":\"SearchAction\",\"target\":{\"@type\":\"EntryPoint\",\"urlTemplate\":\"https:\\\/\\\/lospoliticosveracruz.com\\\/?s={search_term_string}\"},\"query-input\":{\"@type\":\"PropertyValueSpecification\",\"valueRequired\":true,\"valueName\":\"search_term_string\"}}],\"inLanguage\":\"es\"},{\"@type\":\"Organization\",\"@id\":\"https:\\\/\\\/lospoliticosveracruz.com\\\/#organization\",\"name\":\"Los pol\u00edticos Veracruz\",\"url\":\"https:\\\/\\\/lospoliticosveracruz.com\\\/\",\"logo\":{\"@type\":\"ImageObject\",\"inLanguage\":\"es\",\"@id\":\"https:\\\/\\\/lospoliticosveracruz.com\\\/#\\\/schema\\\/logo\\\/image\\\/\",\"url\":\"https:\\\/\\\/lospoliticosveracruz.com\\\/wp-content\\\/uploads\\\/2025\\\/12\\\/Logo-Nuevo-LOS-POLITICOS-1.jpg\",\"contentUrl\":\"https:\\\/\\\/lospoliticosveracruz.com\\\/wp-content\\\/uploads\\\/2025\\\/12\\\/Logo-Nuevo-LOS-POLITICOS-1.jpg\",\"width\":260,\"height\":70,\"caption\":\"Los pol\u00edticos Veracruz\"},\"image\":{\"@id\":\"https:\\\/\\\/lospoliticosveracruz.com\\\/#\\\/schema\\\/logo\\\/image\\\/\"},\"sameAs\":[\"https:\\\/\\\/www.facebook.com\\\/people\\\/Notimemes-de-los-Polticos\\\/61565672886568\\\/\",\"https:\\\/\\\/x.com\\\/LosPoliticosVer\"]},{\"@type\":\"Person\",\"@id\":\"https:\\\/\\\/lospoliticosveracruz.com\\\/#\\\/schema\\\/person\\\/b8702bb0e538456e6efd07080bf2a4a2\",\"name\":\"Lo viste en Los Pol\u00edticos\",\"image\":{\"@type\":\"ImageObject\",\"inLanguage\":\"es\",\"@id\":\"https:\\\/\\\/secure.gravatar.com\\\/avatar\\\/3a8de04a2656d44082be478bd6c086daa447c4651605818287b9532d3d0bd435?s=96&d=mm&r=g\",\"url\":\"https:\\\/\\\/secure.gravatar.com\\\/avatar\\\/3a8de04a2656d44082be478bd6c086daa447c4651605818287b9532d3d0bd435?s=96&d=mm&r=g\",\"contentUrl\":\"https:\\\/\\\/secure.gravatar.com\\\/avatar\\\/3a8de04a2656d44082be478bd6c086daa447c4651605818287b9532d3d0bd435?s=96&d=mm&r=g\",\"caption\":\"Lo viste en Los Pol\u00edticos\"},\"url\":\"https:\\\/\\\/lospoliticosveracruz.com\\\/?author=2\"}]}<\/script>\n<!-- \/ Yoast SEO plugin. -->","yoast_head_json":{"title":"Veracruz: tercer lugar en muertes - Los pol\u00edticos Veracruz","robots":{"index":"index","follow":"follow","max-snippet":"max-snippet:-1","max-image-preview":"max-image-preview:large","max-video-preview":"max-video-preview:-1"},"canonical":"https:\/\/lospoliticosveracruz.com\/?p=49665","og_locale":"es_ES","og_type":"article","og_title":"Veracruz: tercer lugar en muertes - Los pol\u00edticos Veracruz","og_description":"Brenda Caballero N\u00fameros Rojos Abro mi facebook y lo primero que me sale es el Secretario de Salud en Veracruz, Roberto Ramos Alor, vestido muy mono, con un chaleco y una gorra beige. En las manos sostiene un\u00a0 cartel que se lo muestra a una se\u00f1ora. El cartel hace referencia al dengue. Hago lectura r\u00e1pida [&hellip;]","og_url":"https:\/\/lospoliticosveracruz.com\/?p=49665","og_site_name":"Los pol\u00edticos Veracruz","article_publisher":"https:\/\/www.facebook.com\/people\/Notimemes-de-los-Polticos\/61565672886568\/","article_published_time":"2019-09-14T04:00:48+00:00","og_image":[{"width":600,"height":415,"url":"https:\/\/lospoliticosveracruz.com\/wp-content\/uploads\/2019\/09\/Cuadro-Muertes.jpg","type":"image\/jpeg"}],"author":"Lo viste en Los Pol\u00edticos","twitter_card":"summary_large_image","twitter_creator":"@LosPoliticosVer","twitter_site":"@LosPoliticosVer","twitter_misc":{"Escrito por":"Lo viste en Los Pol\u00edticos","Tiempo de lectura":"4 minutos"},"schema":{"@context":"https:\/\/schema.org","@graph":[{"@type":"Article","@id":"https:\/\/lospoliticosveracruz.com\/?p=49665#article","isPartOf":{"@id":"https:\/\/lospoliticosveracruz.com\/?p=49665"},"author":{"name":"Lo viste en Los Pol\u00edticos","@id":"https:\/\/lospoliticosveracruz.com\/#\/schema\/person\/b8702bb0e538456e6efd07080bf2a4a2"},"headline":"Veracruz: tercer lugar en muertes","datePublished":"2019-09-14T04:00:48+00:00","mainEntityOfPage":{"@id":"https:\/\/lospoliticosveracruz.com\/?p=49665"},"wordCount":757,"commentCount":0,"publisher":{"@id":"https:\/\/lospoliticosveracruz.com\/#organization"},"image":{"@id":"https:\/\/lospoliticosveracruz.com\/?p=49665#primaryimage"},"thumbnailUrl":"https:\/\/lospoliticosveracruz.com\/wp-content\/uploads\/2019\/09\/Cuadro-Muertes.jpg","keywords":["Centro de Investigaci\u00f3n Econ\u00f3mica y Presupuestaria","Ciudad de M\u00e9xico","contaminaci\u00f3n","dengue","Estado de M\u00e9xico","Institute for Health Metrics and Evaluation","Mar\u00eda del Roc\u00edo P\u00e9rez P\u00e9rez","Organizaci\u00f3n Mundial de la Salud","Secretar\u00eda de Medio Ambiente","Veracruz"],"articleSection":["De Opini\u00f3n"],"inLanguage":"es","potentialAction":[{"@type":"CommentAction","name":"Comment","target":["https:\/\/lospoliticosveracruz.com\/?p=49665#respond"]}]},{"@type":"WebPage","@id":"https:\/\/lospoliticosveracruz.com\/?p=49665","url":"https:\/\/lospoliticosveracruz.com\/?p=49665","name":"Veracruz: tercer lugar en muertes - Los pol\u00edticos Veracruz","isPartOf":{"@id":"https:\/\/lospoliticosveracruz.com\/#website"},"primaryImageOfPage":{"@id":"https:\/\/lospoliticosveracruz.com\/?p=49665#primaryimage"},"image":{"@id":"https:\/\/lospoliticosveracruz.com\/?p=49665#primaryimage"},"thumbnailUrl":"https:\/\/lospoliticosveracruz.com\/wp-content\/uploads\/2019\/09\/Cuadro-Muertes.jpg","datePublished":"2019-09-14T04:00:48+00:00","breadcrumb":{"@id":"https:\/\/lospoliticosveracruz.com\/?p=49665#breadcrumb"},"inLanguage":"es","potentialAction":[{"@type":"ReadAction","target":["https:\/\/lospoliticosveracruz.com\/?p=49665"]}]},{"@type":"ImageObject","inLanguage":"es","@id":"https:\/\/lospoliticosveracruz.com\/?p=49665#primaryimage","url":"https:\/\/lospoliticosveracruz.com\/wp-content\/uploads\/2019\/09\/Cuadro-Muertes.jpg","contentUrl":"https:\/\/lospoliticosveracruz.com\/wp-content\/uploads\/2019\/09\/Cuadro-Muertes.jpg","width":600,"height":415},{"@type":"BreadcrumbList","@id":"https:\/\/lospoliticosveracruz.com\/?p=49665#breadcrumb","itemListElement":[{"@type":"ListItem","position":1,"name":"Portada","item":"https:\/\/lospoliticosveracruz.com\/"},{"@type":"ListItem","position":2,"name":"Veracruz: tercer lugar en muertes"}]},{"@type":"WebSite","@id":"https:\/\/lospoliticosveracruz.com\/#website","url":"https:\/\/lospoliticosveracruz.com\/","name":"Los pol\u00edticos Veracruz","description":"","publisher":{"@id":"https:\/\/lospoliticosveracruz.com\/#organization"},"potentialAction":[{"@type":"SearchAction","target":{"@type":"EntryPoint","urlTemplate":"https:\/\/lospoliticosveracruz.com\/?s={search_term_string}"},"query-input":{"@type":"PropertyValueSpecification","valueRequired":true,"valueName":"search_term_string"}}],"inLanguage":"es"},{"@type":"Organization","@id":"https:\/\/lospoliticosveracruz.com\/#organization","name":"Los pol\u00edticos Veracruz","url":"https:\/\/lospoliticosveracruz.com\/","logo":{"@type":"ImageObject","inLanguage":"es","@id":"https:\/\/lospoliticosveracruz.com\/#\/schema\/logo\/image\/","url":"https:\/\/lospoliticosveracruz.com\/wp-content\/uploads\/2025\/12\/Logo-Nuevo-LOS-POLITICOS-1.jpg","contentUrl":"https:\/\/lospoliticosveracruz.com\/wp-content\/uploads\/2025\/12\/Logo-Nuevo-LOS-POLITICOS-1.jpg","width":260,"height":70,"caption":"Los pol\u00edticos Veracruz"},"image":{"@id":"https:\/\/lospoliticosveracruz.com\/#\/schema\/logo\/image\/"},"sameAs":["https:\/\/www.facebook.com\/people\/Notimemes-de-los-Polticos\/61565672886568\/","https:\/\/x.com\/LosPoliticosVer"]},{"@type":"Person","@id":"https:\/\/lospoliticosveracruz.com\/#\/schema\/person\/b8702bb0e538456e6efd07080bf2a4a2","name":"Lo viste en Los Pol\u00edticos","image":{"@type":"ImageObject","inLanguage":"es","@id":"https:\/\/secure.gravatar.com\/avatar\/3a8de04a2656d44082be478bd6c086daa447c4651605818287b9532d3d0bd435?s=96&d=mm&r=g","url":"https:\/\/secure.gravatar.com\/avatar\/3a8de04a2656d44082be478bd6c086daa447c4651605818287b9532d3d0bd435?s=96&d=mm&r=g","contentUrl":"https:\/\/secure.gravatar.com\/avatar\/3a8de04a2656d44082be478bd6c086daa447c4651605818287b9532d3d0bd435?s=96&d=mm&r=g","caption":"Lo viste en Los Pol\u00edticos"},"url":"https:\/\/lospoliticosveracruz.com\/?author=2"}]}},"_links":{"self":[{"href":"https:\/\/lospoliticosveracruz.com\/index.php?rest_route=\/wp\/v2\/posts\/49665","targetHints":{"allow":["GET"]}}],"collection":[{"href":"https:\/\/lospoliticosveracruz.com\/index.php?rest_route=\/wp\/v2\/posts"}],"about":[{"href":"https:\/\/lospoliticosveracruz.com\/index.php?rest_route=\/wp\/v2\/types\/post"}],"author":[{"embeddable":true,"href":"https:\/\/lospoliticosveracruz.com\/index.php?rest_route=\/wp\/v2\/users\/2"}],"replies":[{"embeddable":true,"href":"https:\/\/lospoliticosveracruz.com\/index.php?rest_route=%2Fwp%2Fv2%2Fcomments&post=49665"}],"version-history":[{"count":1,"href":"https:\/\/lospoliticosveracruz.com\/index.php?rest_route=\/wp\/v2\/posts\/49665\/revisions"}],"predecessor-version":[{"id":49667,"href":"https:\/\/lospoliticosveracruz.com\/index.php?rest_route=\/wp\/v2\/posts\/49665\/revisions\/49667"}],"wp:featuredmedia":[{"embeddable":true,"href":"https:\/\/lospoliticosveracruz.com\/index.php?rest_route=\/wp\/v2\/media\/49666"}],"wp:attachment":[{"href":"https:\/\/lospoliticosveracruz.com\/index.php?rest_route=%2Fwp%2Fv2%2Fmedia&parent=49665"}],"wp:term":[{"taxonomy":"category","embeddable":true,"href":"https:\/\/lospoliticosveracruz.com\/index.php?rest_route=%2Fwp%2Fv2%2Fcategories&post=49665"},{"taxonomy":"post_tag","embeddable":true,"href":"https:\/\/lospoliticosveracruz.com\/index.php?rest_route=%2Fwp%2Fv2%2Ftags&post=49665"}],"curies":[{"name":"wp","href":"https:\/\/api.w.org\/{rel}","templated":true}]}}