{"id":49692,"date":"2019-09-15T15:23:01","date_gmt":"2019-09-15T20:23:01","guid":{"rendered":"http:\/\/www.lospoliticosveracruz.com.mx\/?p=49692"},"modified":"2019-09-15T15:23:01","modified_gmt":"2019-09-15T20:23:01","slug":"portilla-a-contraloria","status":"publish","type":"post","link":"https:\/\/lospoliticosveracruz.com\/?p=49692","title":{"rendered":"Portilla a Contralor\u00eda?"},"content":{"rendered":"<p><b>Ricardo Ch\u00faa<\/b><\/p>\n<p><i>Sale y Vale<\/i><\/p>\n<p>En los altos \u00abc\u00edrculos de poder\u00bb del Palacio de Gobierno en Veracruz&#8230; Se maneja presumiblemente que ser\u00e1 Lorenzo Portilla V\u00e1zquez, el que ocupe el lugar de Leslie Garibo en la Contralor\u00eda del Estado&#8230; Cargo al que llegar\u00eda hasta el pr\u00f3ximo 1 de octubre&#8230; Cuando haya dejado el ORFIS&#8230; Por eso, Marcela Santoyo s\u00f3lo tendr\u00e1 el puesto por 15 d\u00edas como una medida de transici\u00f3n&#8230; Y Portilla llegar\u00eda a la CGE con todo su equipo&#8230; Ese rumor suena y muy fuerte&#8230;<\/p>\n<p>Fuentes de MORENA nos dan a conocer los pr\u00f3ximos nombramientos dentro de la Contralor\u00eda&#8230; Se dice que como coordinador de Asesores del futuro contralor, quedar\u00e1 Flor Alicia Zamora Pozos&#8230; Como director Jur\u00eddico ser\u00e1 Oscar Ocampo Acosta&#8230; En la Unidad Administrativa estar\u00e1 Mar\u00eda Yolanda G\u00f3nez Fern\u00e1ndez&#8230; la Direcci\u00f3n General de Fiscalizaci\u00f3n Interna quedar\u00e1 Karina de la Fuente Izaguirre&#8230; Y as\u00ed m\u00e1s nombres para componer el equipo de Lorenzo Portilla&#8230; La dependencia quedar\u00eda a su cargo&#8230;<\/p>\n<p>Al parecer esto es un hecho consumado&#8230; Que se podr\u00eda confirmar al paso de los d\u00edas con el arribo de Portilla a la CGE&#8230; Con eso Cuitl\u00e1huac cae en la \u00abtrampa\u00bb&#8230; La misma en que cay\u00f3 en su momento Duarte y despu\u00e9s Yunes de aliarse con un personaje de esta talla&#8230; Lo que es un hecho es que su incorporaci\u00f3n ser\u00e1 pol\u00e9mica y se ver\u00e1 como una negociaci\u00f3n para dejar en paz al ORFIS e integrarlo al gobierno&#8230; La salida de Leslie fue de suerte para \u00e9l&#8230; En d\u00edas venideros se destapar\u00e1 esta \u00abcloaca\u00bb&#8230; Ah\u00ed se ver\u00e1n estos temas&#8230; AMEN&#8230;.<\/p>\n<p>RENUNCIA DE LESLIE, LA OTRA VERSI\u00d3N&#8230;. Podr\u00e1n decir \u00abmisa\u00bb y el gobernador, Cuitl\u00e1huac Garc\u00eda dir\u00e1 lo que sea para bajar el tema&#8230; Que tanta extra\u00f1eza causo&#8230; Pero los que est\u00e1n ah\u00ed en Palacio de Gobierno cuentan que fue m\u00e1s de una hora de fuertes discusiones, acusaciones y se\u00f1alamientos de 3 altos funcionarios que despachan en este edificio que dec\u00edan que fue la oficina de Leslie Garibo Puga, hasta ese momento Contralora del Estado, donde vino la \u00abfuga\u00bb de informaci\u00f3n de los excesivos gastos de las festividad del \u00abgrito\u00bb en Xalapa&#8230;<\/p>\n<p>Lo dem\u00e1s es historia&#8230; Ya que fue tan desgastante el tema por 6 millones de pesos para traer una banda a tocar en Xalapa para la fiesta&#8230; Que Cuitl\u00f1ahuac explot\u00f3 este viernes 13, al darse cuenta que su figura era muy se\u00f1alada y era llamado un \u00abGOBERNADOR FR\u00cdVOLO\u00bb por hacer estos gastos cuando Veracruz vive en una situaci\u00f3n precaria de ingobernabilidad, inseguridad y en materia de salud&#8230; Que prefieren pagarles a una banda musical que meter ese dinero a combatir el desabasto de medicinas&#8230;<\/p>\n<p>Pero como siempre pasa&#8230; Nunca falta un \u00abchismoso\u00bb que cuenta la historia&#8230; A las 17:47 horas la suerte de la Garibo estaba decidida&#8230;. Cuitl\u00e1huac crey\u00f3 m\u00e1s en las intrigas de sus cercanos funcionarios&#8230;. Que en los argumentos de la ahora Ex Contralora&#8230; Ese tema de los funcionarios de la CGE de estar en la \u00abestafa maestra\u00bb que tiene presa a Rosario Robles, es una reverenda \u00abjalada\u00bb por la manera que est\u00e1n actuando los Morenos, en donde todo les vale \u00absombrilla\u00bb.. Por eso la real raz\u00f3n fue que se conocieron los gastos de las fiestas patrias&#8230;<\/p>\n<p>Obvio que al ver Cuitll\u00e1huac que su figura era denostada a nivel nacional&#8230; Y que otra vez iba a causar \u00abdolor de cabeza\u00bb a L\u00f3pez Obrador&#8230; Busc\u00f3 qui\u00e9n la pagara y ah\u00ed fue donde la suerte de Leslie Garibo fue echada a la \u00abrueda de la fortuna\u00bb&#8230; Todav\u00eda dicen que Garibo insisti\u00f3 su lealtad al gobernador&#8230; Le record\u00f3 el pasaje del Primo, Eleazar Guerrero P\u00e9rez y como le dio \u00abprotecci\u00f3n\u00bb para que se evitara NEPOTISMO&#8230; Pero ni as\u00ed funcion\u00f3&#8230; Se fue&#8230; La salida de Leslie es la primera baja del equipo de Rocio Nahle en el gobierno de Cuitl\u00e1huac&#8230;<\/p>\n<p>OJO&#8230; Se van todos los funcionarios de la CGE que eran cercanos a Leslie&#8230; Ya que sospechan que uno de ellos fue el que \u00abfiltro\u00bb el tema de los gastos y que han tra\u00eddo \u00abjodido\u00bb al gobierno estatal en toda la semana&#8230; Se van directores, subdirectores, jefes de departamento de la Contralor\u00eda seguramente el martes que se acabe el \u00abpuente\u00bb se sabr\u00e1 el destino de todos ellos&#8230; Pero los que llegan si vienen con la \u00abescoba para barrer todo\u00bb&#8230; Est\u00e1n m\u00e1s que encabronados por la \u00abmadrina\u00bb por el gasto de las festividades&#8230;<\/p>\n<p>DESANGELADO INFORME&#8230; Nos cuentan que el I Informe de Labores como diputado federal por el distrito de Xalapa de Rafael Hern\u00e1ndez Villalpando&#8230; No les sali\u00f3 como esperaban&#8230;. Le sobraron muchas sillas y hubo grandes espacios vac\u00edos en este evento&#8230; Que fue un informe para puros cuates&#8230; Sin contar con la presencia de la militancia de MORENA y tampoco de la sociedad civil que le dio el voto&#8230;<\/p>\n<p>Lo que le sucedi\u00f3 a Villalpando en su informe&#8230; Es la S\u00cdNTESIS del cero trabajo legislativo.. No ha presentado como diputado, ni una sola iniciativa de ley.. Tampoco se ha sabido de alguna gesti\u00f3n importante para el municipio de Xalapa desde el Congreso Federal&#8230; Menos tener una gran presencia en la c\u00e1mara de diputados y pareciera que s\u00f3lo \u00abvegeto\u00bb este a\u00f1o legislativo&#8230; Que s\u00f3lo sirvi\u00f3 para estar en n\u00f3mina&#8230;Y seguir peleada con la clase pol\u00edtica de MORENA dentro del gobierno estatal&#8230;<\/p>\n<p>Ya s\u00f3lo se espera que en el segundo a\u00f1o, al menos presente una iniciativa de ley&#8230; Y pueda poner en pr\u00e1ctica su experiencia pol\u00edtica&#8230; Sin creen que esto es s\u00f3lo \u00abgrilla\u00bb hay que recordar, que Villalpando no fue a trabajar el 23 de diciembre del 2018, por eso no vot\u00f3 el presupuesto federal del 2019&#8230; Ojal\u00e1 que este a\u00f1o por lo menos este presente y le importe votar por el presupuesto del 2020&#8230; Ya que la votaci\u00f3n ser\u00e1 en el mes de noviembre&#8230; Ni con la presencia de Mario Delgado pudo quedar bien&#8230; TAN&#8230; TAN&#8230;<\/p>\n","protected":false},"excerpt":{"rendered":"<p>Ricardo Ch\u00faa Sale y Vale En los altos \u00abc\u00edrculos de poder\u00bb del Palacio de Gobierno en Veracruz&#8230; Se maneja presumiblemente que ser\u00e1 Lorenzo Portilla V\u00e1zquez, el que ocupe el lugar de Leslie Garibo en la Contralor\u00eda del Estado&#8230; Cargo al que llegar\u00eda hasta el pr\u00f3ximo 1 de octubre&#8230; Cuando haya dejado el ORFIS&#8230; Por eso, [&hellip;]<\/p>\n","protected":false},"author":2,"featured_media":49465,"comment_status":"open","ping_status":"open","sticky":false,"template":"","format":"standard","meta":{"tdm_status":"","tdm_grid_status":"","footnotes":""},"categories":[70],"tags":[2890,14547,6866,15222,1026,11992],"class_list":{"0":"post-49692","1":"post","2":"type-post","3":"status-publish","4":"format-standard","5":"has-post-thumbnail","7":"category-de-opinion","8":"tag-contraloria","9":"tag-leslie-monica-garibo-puga","10":"tag-lorenzo-antonio-portilla-vasquez","11":"tag-monica-santoyo","12":"tag-morena","13":"tag-rafael-hernandez-villalpando"},"yoast_head":"<!-- This site is optimized with the Yoast SEO plugin v27.4 - https:\/\/yoast.com\/product\/yoast-seo-wordpress\/ -->\n<title>Portilla a Contralor\u00eda? - Los pol\u00edticos Veracruz<\/title>\n<meta name=\"robots\" content=\"index, follow, max-snippet:-1, max-image-preview:large, max-video-preview:-1\" \/>\n<link rel=\"canonical\" href=\"https:\/\/lospoliticosveracruz.com\/?p=49692\" \/>\n<meta property=\"og:locale\" content=\"es_ES\" \/>\n<meta property=\"og:type\" content=\"article\" \/>\n<meta property=\"og:title\" content=\"Portilla a Contralor\u00eda? - Los pol\u00edticos Veracruz\" \/>\n<meta property=\"og:description\" content=\"Ricardo Ch\u00faa Sale y Vale En los altos \u00abc\u00edrculos de poder\u00bb del Palacio de Gobierno en Veracruz&#8230; Se maneja presumiblemente que ser\u00e1 Lorenzo Portilla V\u00e1zquez, el que ocupe el lugar de Leslie Garibo en la Contralor\u00eda del Estado&#8230; Cargo al que llegar\u00eda hasta el pr\u00f3ximo 1 de octubre&#8230; Cuando haya dejado el ORFIS&#8230; Por eso, [&hellip;]\" \/>\n<meta property=\"og:url\" content=\"https:\/\/lospoliticosveracruz.com\/?p=49692\" \/>\n<meta property=\"og:site_name\" content=\"Los pol\u00edticos Veracruz\" \/>\n<meta property=\"article:publisher\" content=\"https:\/\/www.facebook.com\/people\/Notimemes-de-los-Polticos\/61565672886568\/\" \/>\n<meta property=\"article:published_time\" content=\"2019-09-15T20:23:01+00:00\" \/>\n<meta property=\"og:image\" content=\"https:\/\/lospoliticosveracruz.com\/wp-content\/uploads\/2019\/09\/Portilla.jpg\" \/>\n\t<meta property=\"og:image:width\" content=\"600\" \/>\n\t<meta property=\"og:image:height\" content=\"315\" \/>\n\t<meta property=\"og:image:type\" content=\"image\/jpeg\" \/>\n<meta name=\"author\" content=\"Lo viste en Los Pol\u00edticos\" \/>\n<meta name=\"twitter:card\" content=\"summary_large_image\" \/>\n<meta name=\"twitter:creator\" content=\"@LosPoliticosVer\" \/>\n<meta name=\"twitter:site\" content=\"@LosPoliticosVer\" \/>\n<meta name=\"twitter:label1\" content=\"Escrito por\" \/>\n\t<meta name=\"twitter:data1\" content=\"Lo viste en Los Pol\u00edticos\" \/>\n\t<meta name=\"twitter:label2\" content=\"Tiempo de lectura\" \/>\n\t<meta name=\"twitter:data2\" content=\"5 minutos\" \/>\n<script type=\"application\/ld+json\" class=\"yoast-schema-graph\">{\"@context\":\"https:\\\/\\\/schema.org\",\"@graph\":[{\"@type\":\"Article\",\"@id\":\"https:\\\/\\\/lospoliticosveracruz.com\\\/?p=49692#article\",\"isPartOf\":{\"@id\":\"https:\\\/\\\/lospoliticosveracruz.com\\\/?p=49692\"},\"author\":{\"name\":\"Lo viste en Los Pol\u00edticos\",\"@id\":\"https:\\\/\\\/lospoliticosveracruz.com\\\/#\\\/schema\\\/person\\\/b8702bb0e538456e6efd07080bf2a4a2\"},\"headline\":\"Portilla a Contralor\u00eda?\",\"datePublished\":\"2019-09-15T20:23:01+00:00\",\"mainEntityOfPage\":{\"@id\":\"https:\\\/\\\/lospoliticosveracruz.com\\\/?p=49692\"},\"wordCount\":1033,\"commentCount\":0,\"publisher\":{\"@id\":\"https:\\\/\\\/lospoliticosveracruz.com\\\/#organization\"},\"image\":{\"@id\":\"https:\\\/\\\/lospoliticosveracruz.com\\\/?p=49692#primaryimage\"},\"thumbnailUrl\":\"https:\\\/\\\/lospoliticosveracruz.com\\\/wp-content\\\/uploads\\\/2019\\\/09\\\/Portilla.jpg\",\"keywords\":[\"Contralor\u00eda\",\"Leslie M\u00f3nica Garibo Puga\",\"Lorenzo Antonio Portilla V\u00e1squez\",\"M\u00f3nica Santoyo\",\"Morena\",\"Rafael Hern\u00e1ndez Villalpando\"],\"articleSection\":[\"De Opini\u00f3n\"],\"inLanguage\":\"es\",\"potentialAction\":[{\"@type\":\"CommentAction\",\"name\":\"Comment\",\"target\":[\"https:\\\/\\\/lospoliticosveracruz.com\\\/?p=49692#respond\"]}]},{\"@type\":\"WebPage\",\"@id\":\"https:\\\/\\\/lospoliticosveracruz.com\\\/?p=49692\",\"url\":\"https:\\\/\\\/lospoliticosveracruz.com\\\/?p=49692\",\"name\":\"Portilla a Contralor\u00eda? - Los pol\u00edticos Veracruz\",\"isPartOf\":{\"@id\":\"https:\\\/\\\/lospoliticosveracruz.com\\\/#website\"},\"primaryImageOfPage\":{\"@id\":\"https:\\\/\\\/lospoliticosveracruz.com\\\/?p=49692#primaryimage\"},\"image\":{\"@id\":\"https:\\\/\\\/lospoliticosveracruz.com\\\/?p=49692#primaryimage\"},\"thumbnailUrl\":\"https:\\\/\\\/lospoliticosveracruz.com\\\/wp-content\\\/uploads\\\/2019\\\/09\\\/Portilla.jpg\",\"datePublished\":\"2019-09-15T20:23:01+00:00\",\"breadcrumb\":{\"@id\":\"https:\\\/\\\/lospoliticosveracruz.com\\\/?p=49692#breadcrumb\"},\"inLanguage\":\"es\",\"potentialAction\":[{\"@type\":\"ReadAction\",\"target\":[\"https:\\\/\\\/lospoliticosveracruz.com\\\/?p=49692\"]}]},{\"@type\":\"ImageObject\",\"inLanguage\":\"es\",\"@id\":\"https:\\\/\\\/lospoliticosveracruz.com\\\/?p=49692#primaryimage\",\"url\":\"https:\\\/\\\/lospoliticosveracruz.com\\\/wp-content\\\/uploads\\\/2019\\\/09\\\/Portilla.jpg\",\"contentUrl\":\"https:\\\/\\\/lospoliticosveracruz.com\\\/wp-content\\\/uploads\\\/2019\\\/09\\\/Portilla.jpg\",\"width\":600,\"height\":315},{\"@type\":\"BreadcrumbList\",\"@id\":\"https:\\\/\\\/lospoliticosveracruz.com\\\/?p=49692#breadcrumb\",\"itemListElement\":[{\"@type\":\"ListItem\",\"position\":1,\"name\":\"Portada\",\"item\":\"https:\\\/\\\/lospoliticosveracruz.com\\\/\"},{\"@type\":\"ListItem\",\"position\":2,\"name\":\"Portilla a Contralor\u00eda?\"}]},{\"@type\":\"WebSite\",\"@id\":\"https:\\\/\\\/lospoliticosveracruz.com\\\/#website\",\"url\":\"https:\\\/\\\/lospoliticosveracruz.com\\\/\",\"name\":\"Los pol\u00edticos Veracruz\",\"description\":\"\",\"publisher\":{\"@id\":\"https:\\\/\\\/lospoliticosveracruz.com\\\/#organization\"},\"potentialAction\":[{\"@type\":\"SearchAction\",\"target\":{\"@type\":\"EntryPoint\",\"urlTemplate\":\"https:\\\/\\\/lospoliticosveracruz.com\\\/?s={search_term_string}\"},\"query-input\":{\"@type\":\"PropertyValueSpecification\",\"valueRequired\":true,\"valueName\":\"search_term_string\"}}],\"inLanguage\":\"es\"},{\"@type\":\"Organization\",\"@id\":\"https:\\\/\\\/lospoliticosveracruz.com\\\/#organization\",\"name\":\"Los pol\u00edticos Veracruz\",\"url\":\"https:\\\/\\\/lospoliticosveracruz.com\\\/\",\"logo\":{\"@type\":\"ImageObject\",\"inLanguage\":\"es\",\"@id\":\"https:\\\/\\\/lospoliticosveracruz.com\\\/#\\\/schema\\\/logo\\\/image\\\/\",\"url\":\"https:\\\/\\\/lospoliticosveracruz.com\\\/wp-content\\\/uploads\\\/2025\\\/12\\\/Logo-Nuevo-LOS-POLITICOS-1.jpg\",\"contentUrl\":\"https:\\\/\\\/lospoliticosveracruz.com\\\/wp-content\\\/uploads\\\/2025\\\/12\\\/Logo-Nuevo-LOS-POLITICOS-1.jpg\",\"width\":260,\"height\":70,\"caption\":\"Los pol\u00edticos Veracruz\"},\"image\":{\"@id\":\"https:\\\/\\\/lospoliticosveracruz.com\\\/#\\\/schema\\\/logo\\\/image\\\/\"},\"sameAs\":[\"https:\\\/\\\/www.facebook.com\\\/people\\\/Notimemes-de-los-Polticos\\\/61565672886568\\\/\",\"https:\\\/\\\/x.com\\\/LosPoliticosVer\"]},{\"@type\":\"Person\",\"@id\":\"https:\\\/\\\/lospoliticosveracruz.com\\\/#\\\/schema\\\/person\\\/b8702bb0e538456e6efd07080bf2a4a2\",\"name\":\"Lo viste en Los Pol\u00edticos\",\"image\":{\"@type\":\"ImageObject\",\"inLanguage\":\"es\",\"@id\":\"https:\\\/\\\/secure.gravatar.com\\\/avatar\\\/3a8de04a2656d44082be478bd6c086daa447c4651605818287b9532d3d0bd435?s=96&d=mm&r=g\",\"url\":\"https:\\\/\\\/secure.gravatar.com\\\/avatar\\\/3a8de04a2656d44082be478bd6c086daa447c4651605818287b9532d3d0bd435?s=96&d=mm&r=g\",\"contentUrl\":\"https:\\\/\\\/secure.gravatar.com\\\/avatar\\\/3a8de04a2656d44082be478bd6c086daa447c4651605818287b9532d3d0bd435?s=96&d=mm&r=g\",\"caption\":\"Lo viste en Los Pol\u00edticos\"},\"url\":\"https:\\\/\\\/lospoliticosveracruz.com\\\/?author=2\"}]}<\/script>\n<!-- \/ Yoast SEO plugin. -->","yoast_head_json":{"title":"Portilla a Contralor\u00eda? - Los pol\u00edticos Veracruz","robots":{"index":"index","follow":"follow","max-snippet":"max-snippet:-1","max-image-preview":"max-image-preview:large","max-video-preview":"max-video-preview:-1"},"canonical":"https:\/\/lospoliticosveracruz.com\/?p=49692","og_locale":"es_ES","og_type":"article","og_title":"Portilla a Contralor\u00eda? - Los pol\u00edticos Veracruz","og_description":"Ricardo Ch\u00faa Sale y Vale En los altos \u00abc\u00edrculos de poder\u00bb del Palacio de Gobierno en Veracruz&#8230; Se maneja presumiblemente que ser\u00e1 Lorenzo Portilla V\u00e1zquez, el que ocupe el lugar de Leslie Garibo en la Contralor\u00eda del Estado&#8230; Cargo al que llegar\u00eda hasta el pr\u00f3ximo 1 de octubre&#8230; Cuando haya dejado el ORFIS&#8230; Por eso, [&hellip;]","og_url":"https:\/\/lospoliticosveracruz.com\/?p=49692","og_site_name":"Los pol\u00edticos Veracruz","article_publisher":"https:\/\/www.facebook.com\/people\/Notimemes-de-los-Polticos\/61565672886568\/","article_published_time":"2019-09-15T20:23:01+00:00","og_image":[{"width":600,"height":315,"url":"https:\/\/lospoliticosveracruz.com\/wp-content\/uploads\/2019\/09\/Portilla.jpg","type":"image\/jpeg"}],"author":"Lo viste en Los Pol\u00edticos","twitter_card":"summary_large_image","twitter_creator":"@LosPoliticosVer","twitter_site":"@LosPoliticosVer","twitter_misc":{"Escrito por":"Lo viste en Los Pol\u00edticos","Tiempo de lectura":"5 minutos"},"schema":{"@context":"https:\/\/schema.org","@graph":[{"@type":"Article","@id":"https:\/\/lospoliticosveracruz.com\/?p=49692#article","isPartOf":{"@id":"https:\/\/lospoliticosveracruz.com\/?p=49692"},"author":{"name":"Lo viste en Los Pol\u00edticos","@id":"https:\/\/lospoliticosveracruz.com\/#\/schema\/person\/b8702bb0e538456e6efd07080bf2a4a2"},"headline":"Portilla a Contralor\u00eda?","datePublished":"2019-09-15T20:23:01+00:00","mainEntityOfPage":{"@id":"https:\/\/lospoliticosveracruz.com\/?p=49692"},"wordCount":1033,"commentCount":0,"publisher":{"@id":"https:\/\/lospoliticosveracruz.com\/#organization"},"image":{"@id":"https:\/\/lospoliticosveracruz.com\/?p=49692#primaryimage"},"thumbnailUrl":"https:\/\/lospoliticosveracruz.com\/wp-content\/uploads\/2019\/09\/Portilla.jpg","keywords":["Contralor\u00eda","Leslie M\u00f3nica Garibo Puga","Lorenzo Antonio Portilla V\u00e1squez","M\u00f3nica Santoyo","Morena","Rafael Hern\u00e1ndez Villalpando"],"articleSection":["De Opini\u00f3n"],"inLanguage":"es","potentialAction":[{"@type":"CommentAction","name":"Comment","target":["https:\/\/lospoliticosveracruz.com\/?p=49692#respond"]}]},{"@type":"WebPage","@id":"https:\/\/lospoliticosveracruz.com\/?p=49692","url":"https:\/\/lospoliticosveracruz.com\/?p=49692","name":"Portilla a Contralor\u00eda? - Los pol\u00edticos Veracruz","isPartOf":{"@id":"https:\/\/lospoliticosveracruz.com\/#website"},"primaryImageOfPage":{"@id":"https:\/\/lospoliticosveracruz.com\/?p=49692#primaryimage"},"image":{"@id":"https:\/\/lospoliticosveracruz.com\/?p=49692#primaryimage"},"thumbnailUrl":"https:\/\/lospoliticosveracruz.com\/wp-content\/uploads\/2019\/09\/Portilla.jpg","datePublished":"2019-09-15T20:23:01+00:00","breadcrumb":{"@id":"https:\/\/lospoliticosveracruz.com\/?p=49692#breadcrumb"},"inLanguage":"es","potentialAction":[{"@type":"ReadAction","target":["https:\/\/lospoliticosveracruz.com\/?p=49692"]}]},{"@type":"ImageObject","inLanguage":"es","@id":"https:\/\/lospoliticosveracruz.com\/?p=49692#primaryimage","url":"https:\/\/lospoliticosveracruz.com\/wp-content\/uploads\/2019\/09\/Portilla.jpg","contentUrl":"https:\/\/lospoliticosveracruz.com\/wp-content\/uploads\/2019\/09\/Portilla.jpg","width":600,"height":315},{"@type":"BreadcrumbList","@id":"https:\/\/lospoliticosveracruz.com\/?p=49692#breadcrumb","itemListElement":[{"@type":"ListItem","position":1,"name":"Portada","item":"https:\/\/lospoliticosveracruz.com\/"},{"@type":"ListItem","position":2,"name":"Portilla a Contralor\u00eda?"}]},{"@type":"WebSite","@id":"https:\/\/lospoliticosveracruz.com\/#website","url":"https:\/\/lospoliticosveracruz.com\/","name":"Los pol\u00edticos Veracruz","description":"","publisher":{"@id":"https:\/\/lospoliticosveracruz.com\/#organization"},"potentialAction":[{"@type":"SearchAction","target":{"@type":"EntryPoint","urlTemplate":"https:\/\/lospoliticosveracruz.com\/?s={search_term_string}"},"query-input":{"@type":"PropertyValueSpecification","valueRequired":true,"valueName":"search_term_string"}}],"inLanguage":"es"},{"@type":"Organization","@id":"https:\/\/lospoliticosveracruz.com\/#organization","name":"Los pol\u00edticos Veracruz","url":"https:\/\/lospoliticosveracruz.com\/","logo":{"@type":"ImageObject","inLanguage":"es","@id":"https:\/\/lospoliticosveracruz.com\/#\/schema\/logo\/image\/","url":"https:\/\/lospoliticosveracruz.com\/wp-content\/uploads\/2025\/12\/Logo-Nuevo-LOS-POLITICOS-1.jpg","contentUrl":"https:\/\/lospoliticosveracruz.com\/wp-content\/uploads\/2025\/12\/Logo-Nuevo-LOS-POLITICOS-1.jpg","width":260,"height":70,"caption":"Los pol\u00edticos Veracruz"},"image":{"@id":"https:\/\/lospoliticosveracruz.com\/#\/schema\/logo\/image\/"},"sameAs":["https:\/\/www.facebook.com\/people\/Notimemes-de-los-Polticos\/61565672886568\/","https:\/\/x.com\/LosPoliticosVer"]},{"@type":"Person","@id":"https:\/\/lospoliticosveracruz.com\/#\/schema\/person\/b8702bb0e538456e6efd07080bf2a4a2","name":"Lo viste en Los Pol\u00edticos","image":{"@type":"ImageObject","inLanguage":"es","@id":"https:\/\/secure.gravatar.com\/avatar\/3a8de04a2656d44082be478bd6c086daa447c4651605818287b9532d3d0bd435?s=96&d=mm&r=g","url":"https:\/\/secure.gravatar.com\/avatar\/3a8de04a2656d44082be478bd6c086daa447c4651605818287b9532d3d0bd435?s=96&d=mm&r=g","contentUrl":"https:\/\/secure.gravatar.com\/avatar\/3a8de04a2656d44082be478bd6c086daa447c4651605818287b9532d3d0bd435?s=96&d=mm&r=g","caption":"Lo viste en Los Pol\u00edticos"},"url":"https:\/\/lospoliticosveracruz.com\/?author=2"}]}},"_links":{"self":[{"href":"https:\/\/lospoliticosveracruz.com\/index.php?rest_route=\/wp\/v2\/posts\/49692","targetHints":{"allow":["GET"]}}],"collection":[{"href":"https:\/\/lospoliticosveracruz.com\/index.php?rest_route=\/wp\/v2\/posts"}],"about":[{"href":"https:\/\/lospoliticosveracruz.com\/index.php?rest_route=\/wp\/v2\/types\/post"}],"author":[{"embeddable":true,"href":"https:\/\/lospoliticosveracruz.com\/index.php?rest_route=\/wp\/v2\/users\/2"}],"replies":[{"embeddable":true,"href":"https:\/\/lospoliticosveracruz.com\/index.php?rest_route=%2Fwp%2Fv2%2Fcomments&post=49692"}],"version-history":[{"count":1,"href":"https:\/\/lospoliticosveracruz.com\/index.php?rest_route=\/wp\/v2\/posts\/49692\/revisions"}],"predecessor-version":[{"id":49693,"href":"https:\/\/lospoliticosveracruz.com\/index.php?rest_route=\/wp\/v2\/posts\/49692\/revisions\/49693"}],"wp:featuredmedia":[{"embeddable":true,"href":"https:\/\/lospoliticosveracruz.com\/index.php?rest_route=\/wp\/v2\/media\/49465"}],"wp:attachment":[{"href":"https:\/\/lospoliticosveracruz.com\/index.php?rest_route=%2Fwp%2Fv2%2Fmedia&parent=49692"}],"wp:term":[{"taxonomy":"category","embeddable":true,"href":"https:\/\/lospoliticosveracruz.com\/index.php?rest_route=%2Fwp%2Fv2%2Fcategories&post=49692"},{"taxonomy":"post_tag","embeddable":true,"href":"https:\/\/lospoliticosveracruz.com\/index.php?rest_route=%2Fwp%2Fv2%2Ftags&post=49692"}],"curies":[{"name":"wp","href":"https:\/\/api.w.org\/{rel}","templated":true}]}}