{"id":49812,"date":"2019-09-22T23:00:28","date_gmt":"2019-09-23T04:00:28","guid":{"rendered":"http:\/\/www.lospoliticosveracruz.com.mx\/?p=49812"},"modified":"2019-09-22T18:26:39","modified_gmt":"2019-09-22T23:26:39","slug":"duarte-privilegios-del-poder","status":"publish","type":"post","link":"https:\/\/lospoliticosveracruz.com\/?p=49812","title":{"rendered":"Duarte: Privilegios del poder"},"content":{"rendered":"<p><strong>Salvador Mu\u00f1oz<\/strong><\/p>\n<p><em>Los Pol\u00edticos<\/em><\/p>\n<p><span style=\"font-weight: 400;\">La \u201corden de aprehensi\u00f3n\u201d que movi\u00f3 la encargada de la Fiscal\u00eda General del Estado a trav\u00e9s de las redes sociales, se ensucia con un twitter de Javier Duarte de Ochoa que casi al mismo tiempo en que aparece el documento solicitando el ejercicio de la Ley contra Jorge Winckler y otros, el ex gobernador interno en el reclusorio Norte publica en Twitter: \u201cNo soy partidario de las venganzas, esos m\u00e9todos son de los g\u00e1ngsteres, soy fiel creyente de la justicia. Se cosecha lo que se siembra y esto es el principio de lo que seguramente ser\u00e1 una buena zafra\u201d.<\/span><\/p>\n<p><span style=\"font-weight: 400;\">\u00bfPor qu\u00e9 decimos que \u201cse ensucia\u201d? Si bien, pensando en t\u00e9rminos legales, se pide actuar contra funcionarios de la Fiscal\u00eda General del Estado bajo la presunci\u00f3n de haber cometido un delito, creo que tambi\u00e9n, a cualquier ciudadano con dos dedos de frente, le ha de causar escozor la forma en que Javier Duarte se desenvuelve en prisi\u00f3n en este asunto\u2026 me explico: el Se\u00f1or, quien purga condena, convicto, agarra y \u00a1pum! sube su posici\u00f3n respecto a la \u201corden de aprehensi\u00f3n\u201d contra Jorge Winckler Ortiz a las redes sociales\u2026<\/span><\/p>\n<p><span style=\"font-weight: 400;\">La cuenta de Twitter del mismo Duarte de Ochoa, advierte lo siguiente: \u201cAnte la imposibilidad de defenderse personalmente de se\u00f1alamientos absurdos al no tener acceso a herramientas de comunicaci\u00f3n electr\u00f3nicas, @Javier_Duarte por medio de terceros con los que mantiene contacto v\u00eda telef\u00f3nica enviar\u00e1 informaci\u00f3n v\u00eda su cuenta de Twitter #JavierDuarte\u201d.<\/span><\/p>\n<p><span style=\"font-weight: 400;\">Hasta ac\u00e1, se entiende, pero que a las 11 de la noche del s\u00e1bado Duarte de Ochoa est\u00e9 al tanto de lo que ocurre en la entidad, y a\u00fan m\u00e1s, declare a trav\u00e9s de las redes sociales, habla mucho de nuestro sistema de reinserci\u00f3n social\u2026 o de justicia.<\/span><\/p>\n<p><span style=\"font-weight: 400;\">Es decir, si nos basamos en el m\u00e9todo que explica la cuenta de Twitter Duartiana, uno podr\u00eda suponer que a las once de la noche, tras enterarse de que se ped\u00eda \u201corden de aprehensi\u00f3n\u201d contra Winckler Ortiz y otros (\u00bfc\u00f3mo se enter\u00f3? \u00c9se es otro asunto), agarr\u00f3 el tel\u00e9fono y se comunic\u00f3 con sus \u201cterceros\u201d y dict\u00f3 su sentencia twitteriana\u2026 s\u00ed, ac\u00e1 vuelve a surgir otra pregunta: \u00bfDe d\u00f3nde chingaos agarr\u00f3 el tel\u00e9fono?<\/span><\/p>\n<p><span style=\"font-weight: 400;\">S\u00ed, a lo mejor me aplico la chapulinesca frase de \u201c\u00a1Se aprovechan de mi nobleza!\u201d y estoy pasando por alto algo muy sencillo\u2026 la facilidad con la que presos de alta peligrosidad gozan de ciertos privilegios tras las rejas, como puede ser el uso de celulares\u2026 \u00bfse acuerdan de las llamadas de extorsi\u00f3n desde distintos penales del pa\u00eds? \u00a1Vamos! Si se pueden hacer extorsiones desde las mazmorras, pues cuantim\u00e1s se puede twittear y hacer pol\u00edtica desde la c\u00e1rcel\u2026<\/span><\/p>\n<p><span style=\"font-weight: 400;\">\u00a1Ah! pero no s\u00f3lo eso\u2026 Javier todav\u00eda se dio el lujo de mandar un mensaje por la misma v\u00eda a la reportera Gabriela Rasgado: \u201c<\/span><span style=\"font-weight: 400;\">Saludos cordiales para @ChispitaMX #NoSePuedeDefenderLoIndefendible\u201d. <\/span><span style=\"font-weight: 400;\">Repetimos, siempre atendiendo esa salvedad que en la cuenta de Javier aparece: se comunica v\u00eda telef\u00f3nica (pasadas las once de la noche, en s\u00e1bado) y vuelve a dictar y ordenar que se busque una foto que ilustre el mensaje\u2026<\/span><\/p>\n<p><span style=\"font-weight: 400;\">Luego entonces, si Duarte de Ochoa es capaz de dictar tuitazos a la hora y d\u00eda que quiera, \u00bfqu\u00e9 m\u00e1s puede hacer desde la c\u00e1rcel?<\/span><\/p>\n<p><span style=\"font-weight: 400;\">Al final, en el juego de la pol\u00edtica, estos tuits nos reflejan con claridad que hasta en las mismas penitenciar\u00edas \u00a1hay clases! y nuestros sistemas carcelarios todav\u00eda se mueven al comp\u00e1s del que goza, aun tras las rejas, de los privilegios del poder.<\/span><\/p>\n<p>&nbsp;<\/p>\n<p><span style=\"font-weight: 400;\">smcainito@gmail.com<\/span><\/p>\n","protected":false},"excerpt":{"rendered":"<p>Salvador Mu\u00f1oz Los Pol\u00edticos La \u201corden de aprehensi\u00f3n\u201d que movi\u00f3 la encargada de la Fiscal\u00eda General del Estado a trav\u00e9s de las redes sociales, se ensucia con un twitter de Javier Duarte de Ochoa que casi al mismo tiempo en que aparece el documento solicitando el ejercicio de la Ley contra Jorge Winckler y otros, [&hellip;]<\/p>\n","protected":false},"author":2,"featured_media":49813,"comment_status":"open","ping_status":"open","sticky":false,"template":"","format":"standard","meta":{"tdm_status":"","tdm_grid_status":"","footnotes":""},"categories":[70],"tags":[4116,260,7393,10715,481,195],"class_list":{"0":"post-49812","1":"post","2":"type-post","3":"status-publish","4":"format-standard","5":"has-post-thumbnail","7":"category-de-opinion","8":"tag-fiscalia-general-del-estado","9":"tag-javier-duarte-de-ochoa","10":"tag-jorge-wickler-ortiz","11":"tag-reclusorio-norte","12":"tag-twitter","13":"tag-veracruz"},"yoast_head":"<!-- This site is optimized with the Yoast SEO plugin v27.4 - https:\/\/yoast.com\/product\/yoast-seo-wordpress\/ -->\n<title>Duarte: Privilegios del poder - Los pol\u00edticos Veracruz<\/title>\n<meta name=\"robots\" content=\"index, follow, max-snippet:-1, max-image-preview:large, max-video-preview:-1\" \/>\n<link rel=\"canonical\" href=\"https:\/\/lospoliticosveracruz.com\/?p=49812\" \/>\n<meta property=\"og:locale\" content=\"es_ES\" \/>\n<meta property=\"og:type\" content=\"article\" \/>\n<meta property=\"og:title\" content=\"Duarte: Privilegios del poder - Los pol\u00edticos Veracruz\" \/>\n<meta property=\"og:description\" content=\"Salvador Mu\u00f1oz Los Pol\u00edticos La \u201corden de aprehensi\u00f3n\u201d que movi\u00f3 la encargada de la Fiscal\u00eda General del Estado a trav\u00e9s de las redes sociales, se ensucia con un twitter de Javier Duarte de Ochoa que casi al mismo tiempo en que aparece el documento solicitando el ejercicio de la Ley contra Jorge Winckler y otros, [&hellip;]\" \/>\n<meta property=\"og:url\" content=\"https:\/\/lospoliticosveracruz.com\/?p=49812\" \/>\n<meta property=\"og:site_name\" content=\"Los pol\u00edticos Veracruz\" \/>\n<meta property=\"article:publisher\" content=\"https:\/\/www.facebook.com\/people\/Notimemes-de-los-Polticos\/61565672886568\/\" \/>\n<meta property=\"article:published_time\" content=\"2019-09-23T04:00:28+00:00\" \/>\n<meta property=\"og:image\" content=\"https:\/\/lospoliticosveracruz.com\/wp-content\/uploads\/2019\/09\/Javi-Tuit.jpg\" \/>\n\t<meta property=\"og:image:width\" content=\"600\" \/>\n\t<meta property=\"og:image:height\" content=\"367\" \/>\n\t<meta property=\"og:image:type\" content=\"image\/jpeg\" \/>\n<meta name=\"author\" content=\"Lo viste en Los Pol\u00edticos\" \/>\n<meta name=\"twitter:card\" content=\"summary_large_image\" \/>\n<meta name=\"twitter:creator\" content=\"@LosPoliticosVer\" \/>\n<meta name=\"twitter:site\" content=\"@LosPoliticosVer\" \/>\n<meta name=\"twitter:label1\" content=\"Escrito por\" \/>\n\t<meta name=\"twitter:data1\" content=\"Lo viste en Los Pol\u00edticos\" \/>\n\t<meta name=\"twitter:label2\" content=\"Tiempo de lectura\" \/>\n\t<meta name=\"twitter:data2\" content=\"3 minutos\" \/>\n<script type=\"application\/ld+json\" class=\"yoast-schema-graph\">{\"@context\":\"https:\\\/\\\/schema.org\",\"@graph\":[{\"@type\":\"Article\",\"@id\":\"https:\\\/\\\/lospoliticosveracruz.com\\\/?p=49812#article\",\"isPartOf\":{\"@id\":\"https:\\\/\\\/lospoliticosveracruz.com\\\/?p=49812\"},\"author\":{\"name\":\"Lo viste en Los Pol\u00edticos\",\"@id\":\"https:\\\/\\\/lospoliticosveracruz.com\\\/#\\\/schema\\\/person\\\/b8702bb0e538456e6efd07080bf2a4a2\"},\"headline\":\"Duarte: Privilegios del poder\",\"datePublished\":\"2019-09-23T04:00:28+00:00\",\"mainEntityOfPage\":{\"@id\":\"https:\\\/\\\/lospoliticosveracruz.com\\\/?p=49812\"},\"wordCount\":637,\"commentCount\":0,\"publisher\":{\"@id\":\"https:\\\/\\\/lospoliticosveracruz.com\\\/#organization\"},\"image\":{\"@id\":\"https:\\\/\\\/lospoliticosveracruz.com\\\/?p=49812#primaryimage\"},\"thumbnailUrl\":\"https:\\\/\\\/lospoliticosveracruz.com\\\/wp-content\\\/uploads\\\/2019\\\/09\\\/Javi-Tuit.jpg\",\"keywords\":[\"Fiscal\u00eda General del Estado\",\"Javier Duarte de Ochoa\",\"Jorge Wickler Ortiz\",\"Reclusorio Norte\",\"twitter\",\"Veracruz\"],\"articleSection\":[\"De Opini\u00f3n\"],\"inLanguage\":\"es\",\"potentialAction\":[{\"@type\":\"CommentAction\",\"name\":\"Comment\",\"target\":[\"https:\\\/\\\/lospoliticosveracruz.com\\\/?p=49812#respond\"]}]},{\"@type\":\"WebPage\",\"@id\":\"https:\\\/\\\/lospoliticosveracruz.com\\\/?p=49812\",\"url\":\"https:\\\/\\\/lospoliticosveracruz.com\\\/?p=49812\",\"name\":\"Duarte: Privilegios del poder - Los pol\u00edticos Veracruz\",\"isPartOf\":{\"@id\":\"https:\\\/\\\/lospoliticosveracruz.com\\\/#website\"},\"primaryImageOfPage\":{\"@id\":\"https:\\\/\\\/lospoliticosveracruz.com\\\/?p=49812#primaryimage\"},\"image\":{\"@id\":\"https:\\\/\\\/lospoliticosveracruz.com\\\/?p=49812#primaryimage\"},\"thumbnailUrl\":\"https:\\\/\\\/lospoliticosveracruz.com\\\/wp-content\\\/uploads\\\/2019\\\/09\\\/Javi-Tuit.jpg\",\"datePublished\":\"2019-09-23T04:00:28+00:00\",\"breadcrumb\":{\"@id\":\"https:\\\/\\\/lospoliticosveracruz.com\\\/?p=49812#breadcrumb\"},\"inLanguage\":\"es\",\"potentialAction\":[{\"@type\":\"ReadAction\",\"target\":[\"https:\\\/\\\/lospoliticosveracruz.com\\\/?p=49812\"]}]},{\"@type\":\"ImageObject\",\"inLanguage\":\"es\",\"@id\":\"https:\\\/\\\/lospoliticosveracruz.com\\\/?p=49812#primaryimage\",\"url\":\"https:\\\/\\\/lospoliticosveracruz.com\\\/wp-content\\\/uploads\\\/2019\\\/09\\\/Javi-Tuit.jpg\",\"contentUrl\":\"https:\\\/\\\/lospoliticosveracruz.com\\\/wp-content\\\/uploads\\\/2019\\\/09\\\/Javi-Tuit.jpg\",\"width\":600,\"height\":367},{\"@type\":\"BreadcrumbList\",\"@id\":\"https:\\\/\\\/lospoliticosveracruz.com\\\/?p=49812#breadcrumb\",\"itemListElement\":[{\"@type\":\"ListItem\",\"position\":1,\"name\":\"Portada\",\"item\":\"https:\\\/\\\/lospoliticosveracruz.com\\\/\"},{\"@type\":\"ListItem\",\"position\":2,\"name\":\"Duarte: Privilegios del poder\"}]},{\"@type\":\"WebSite\",\"@id\":\"https:\\\/\\\/lospoliticosveracruz.com\\\/#website\",\"url\":\"https:\\\/\\\/lospoliticosveracruz.com\\\/\",\"name\":\"Los pol\u00edticos Veracruz\",\"description\":\"\",\"publisher\":{\"@id\":\"https:\\\/\\\/lospoliticosveracruz.com\\\/#organization\"},\"potentialAction\":[{\"@type\":\"SearchAction\",\"target\":{\"@type\":\"EntryPoint\",\"urlTemplate\":\"https:\\\/\\\/lospoliticosveracruz.com\\\/?s={search_term_string}\"},\"query-input\":{\"@type\":\"PropertyValueSpecification\",\"valueRequired\":true,\"valueName\":\"search_term_string\"}}],\"inLanguage\":\"es\"},{\"@type\":\"Organization\",\"@id\":\"https:\\\/\\\/lospoliticosveracruz.com\\\/#organization\",\"name\":\"Los pol\u00edticos Veracruz\",\"url\":\"https:\\\/\\\/lospoliticosveracruz.com\\\/\",\"logo\":{\"@type\":\"ImageObject\",\"inLanguage\":\"es\",\"@id\":\"https:\\\/\\\/lospoliticosveracruz.com\\\/#\\\/schema\\\/logo\\\/image\\\/\",\"url\":\"https:\\\/\\\/lospoliticosveracruz.com\\\/wp-content\\\/uploads\\\/2025\\\/12\\\/Logo-Nuevo-LOS-POLITICOS-1.jpg\",\"contentUrl\":\"https:\\\/\\\/lospoliticosveracruz.com\\\/wp-content\\\/uploads\\\/2025\\\/12\\\/Logo-Nuevo-LOS-POLITICOS-1.jpg\",\"width\":260,\"height\":70,\"caption\":\"Los pol\u00edticos Veracruz\"},\"image\":{\"@id\":\"https:\\\/\\\/lospoliticosveracruz.com\\\/#\\\/schema\\\/logo\\\/image\\\/\"},\"sameAs\":[\"https:\\\/\\\/www.facebook.com\\\/people\\\/Notimemes-de-los-Polticos\\\/61565672886568\\\/\",\"https:\\\/\\\/x.com\\\/LosPoliticosVer\"]},{\"@type\":\"Person\",\"@id\":\"https:\\\/\\\/lospoliticosveracruz.com\\\/#\\\/schema\\\/person\\\/b8702bb0e538456e6efd07080bf2a4a2\",\"name\":\"Lo viste en Los Pol\u00edticos\",\"image\":{\"@type\":\"ImageObject\",\"inLanguage\":\"es\",\"@id\":\"https:\\\/\\\/secure.gravatar.com\\\/avatar\\\/3a8de04a2656d44082be478bd6c086daa447c4651605818287b9532d3d0bd435?s=96&d=mm&r=g\",\"url\":\"https:\\\/\\\/secure.gravatar.com\\\/avatar\\\/3a8de04a2656d44082be478bd6c086daa447c4651605818287b9532d3d0bd435?s=96&d=mm&r=g\",\"contentUrl\":\"https:\\\/\\\/secure.gravatar.com\\\/avatar\\\/3a8de04a2656d44082be478bd6c086daa447c4651605818287b9532d3d0bd435?s=96&d=mm&r=g\",\"caption\":\"Lo viste en Los Pol\u00edticos\"},\"url\":\"https:\\\/\\\/lospoliticosveracruz.com\\\/?author=2\"}]}<\/script>\n<!-- \/ Yoast SEO plugin. -->","yoast_head_json":{"title":"Duarte: Privilegios del poder - Los pol\u00edticos Veracruz","robots":{"index":"index","follow":"follow","max-snippet":"max-snippet:-1","max-image-preview":"max-image-preview:large","max-video-preview":"max-video-preview:-1"},"canonical":"https:\/\/lospoliticosveracruz.com\/?p=49812","og_locale":"es_ES","og_type":"article","og_title":"Duarte: Privilegios del poder - Los pol\u00edticos Veracruz","og_description":"Salvador Mu\u00f1oz Los Pol\u00edticos La \u201corden de aprehensi\u00f3n\u201d que movi\u00f3 la encargada de la Fiscal\u00eda General del Estado a trav\u00e9s de las redes sociales, se ensucia con un twitter de Javier Duarte de Ochoa que casi al mismo tiempo en que aparece el documento solicitando el ejercicio de la Ley contra Jorge Winckler y otros, [&hellip;]","og_url":"https:\/\/lospoliticosveracruz.com\/?p=49812","og_site_name":"Los pol\u00edticos Veracruz","article_publisher":"https:\/\/www.facebook.com\/people\/Notimemes-de-los-Polticos\/61565672886568\/","article_published_time":"2019-09-23T04:00:28+00:00","og_image":[{"width":600,"height":367,"url":"https:\/\/lospoliticosveracruz.com\/wp-content\/uploads\/2019\/09\/Javi-Tuit.jpg","type":"image\/jpeg"}],"author":"Lo viste en Los Pol\u00edticos","twitter_card":"summary_large_image","twitter_creator":"@LosPoliticosVer","twitter_site":"@LosPoliticosVer","twitter_misc":{"Escrito por":"Lo viste en Los Pol\u00edticos","Tiempo de lectura":"3 minutos"},"schema":{"@context":"https:\/\/schema.org","@graph":[{"@type":"Article","@id":"https:\/\/lospoliticosveracruz.com\/?p=49812#article","isPartOf":{"@id":"https:\/\/lospoliticosveracruz.com\/?p=49812"},"author":{"name":"Lo viste en Los Pol\u00edticos","@id":"https:\/\/lospoliticosveracruz.com\/#\/schema\/person\/b8702bb0e538456e6efd07080bf2a4a2"},"headline":"Duarte: Privilegios del poder","datePublished":"2019-09-23T04:00:28+00:00","mainEntityOfPage":{"@id":"https:\/\/lospoliticosveracruz.com\/?p=49812"},"wordCount":637,"commentCount":0,"publisher":{"@id":"https:\/\/lospoliticosveracruz.com\/#organization"},"image":{"@id":"https:\/\/lospoliticosveracruz.com\/?p=49812#primaryimage"},"thumbnailUrl":"https:\/\/lospoliticosveracruz.com\/wp-content\/uploads\/2019\/09\/Javi-Tuit.jpg","keywords":["Fiscal\u00eda General del Estado","Javier Duarte de Ochoa","Jorge Wickler Ortiz","Reclusorio Norte","twitter","Veracruz"],"articleSection":["De Opini\u00f3n"],"inLanguage":"es","potentialAction":[{"@type":"CommentAction","name":"Comment","target":["https:\/\/lospoliticosveracruz.com\/?p=49812#respond"]}]},{"@type":"WebPage","@id":"https:\/\/lospoliticosveracruz.com\/?p=49812","url":"https:\/\/lospoliticosveracruz.com\/?p=49812","name":"Duarte: Privilegios del poder - Los pol\u00edticos Veracruz","isPartOf":{"@id":"https:\/\/lospoliticosveracruz.com\/#website"},"primaryImageOfPage":{"@id":"https:\/\/lospoliticosveracruz.com\/?p=49812#primaryimage"},"image":{"@id":"https:\/\/lospoliticosveracruz.com\/?p=49812#primaryimage"},"thumbnailUrl":"https:\/\/lospoliticosveracruz.com\/wp-content\/uploads\/2019\/09\/Javi-Tuit.jpg","datePublished":"2019-09-23T04:00:28+00:00","breadcrumb":{"@id":"https:\/\/lospoliticosveracruz.com\/?p=49812#breadcrumb"},"inLanguage":"es","potentialAction":[{"@type":"ReadAction","target":["https:\/\/lospoliticosveracruz.com\/?p=49812"]}]},{"@type":"ImageObject","inLanguage":"es","@id":"https:\/\/lospoliticosveracruz.com\/?p=49812#primaryimage","url":"https:\/\/lospoliticosveracruz.com\/wp-content\/uploads\/2019\/09\/Javi-Tuit.jpg","contentUrl":"https:\/\/lospoliticosveracruz.com\/wp-content\/uploads\/2019\/09\/Javi-Tuit.jpg","width":600,"height":367},{"@type":"BreadcrumbList","@id":"https:\/\/lospoliticosveracruz.com\/?p=49812#breadcrumb","itemListElement":[{"@type":"ListItem","position":1,"name":"Portada","item":"https:\/\/lospoliticosveracruz.com\/"},{"@type":"ListItem","position":2,"name":"Duarte: Privilegios del poder"}]},{"@type":"WebSite","@id":"https:\/\/lospoliticosveracruz.com\/#website","url":"https:\/\/lospoliticosveracruz.com\/","name":"Los pol\u00edticos Veracruz","description":"","publisher":{"@id":"https:\/\/lospoliticosveracruz.com\/#organization"},"potentialAction":[{"@type":"SearchAction","target":{"@type":"EntryPoint","urlTemplate":"https:\/\/lospoliticosveracruz.com\/?s={search_term_string}"},"query-input":{"@type":"PropertyValueSpecification","valueRequired":true,"valueName":"search_term_string"}}],"inLanguage":"es"},{"@type":"Organization","@id":"https:\/\/lospoliticosveracruz.com\/#organization","name":"Los pol\u00edticos Veracruz","url":"https:\/\/lospoliticosveracruz.com\/","logo":{"@type":"ImageObject","inLanguage":"es","@id":"https:\/\/lospoliticosveracruz.com\/#\/schema\/logo\/image\/","url":"https:\/\/lospoliticosveracruz.com\/wp-content\/uploads\/2025\/12\/Logo-Nuevo-LOS-POLITICOS-1.jpg","contentUrl":"https:\/\/lospoliticosveracruz.com\/wp-content\/uploads\/2025\/12\/Logo-Nuevo-LOS-POLITICOS-1.jpg","width":260,"height":70,"caption":"Los pol\u00edticos Veracruz"},"image":{"@id":"https:\/\/lospoliticosveracruz.com\/#\/schema\/logo\/image\/"},"sameAs":["https:\/\/www.facebook.com\/people\/Notimemes-de-los-Polticos\/61565672886568\/","https:\/\/x.com\/LosPoliticosVer"]},{"@type":"Person","@id":"https:\/\/lospoliticosveracruz.com\/#\/schema\/person\/b8702bb0e538456e6efd07080bf2a4a2","name":"Lo viste en Los Pol\u00edticos","image":{"@type":"ImageObject","inLanguage":"es","@id":"https:\/\/secure.gravatar.com\/avatar\/3a8de04a2656d44082be478bd6c086daa447c4651605818287b9532d3d0bd435?s=96&d=mm&r=g","url":"https:\/\/secure.gravatar.com\/avatar\/3a8de04a2656d44082be478bd6c086daa447c4651605818287b9532d3d0bd435?s=96&d=mm&r=g","contentUrl":"https:\/\/secure.gravatar.com\/avatar\/3a8de04a2656d44082be478bd6c086daa447c4651605818287b9532d3d0bd435?s=96&d=mm&r=g","caption":"Lo viste en Los Pol\u00edticos"},"url":"https:\/\/lospoliticosveracruz.com\/?author=2"}]}},"_links":{"self":[{"href":"https:\/\/lospoliticosveracruz.com\/index.php?rest_route=\/wp\/v2\/posts\/49812","targetHints":{"allow":["GET"]}}],"collection":[{"href":"https:\/\/lospoliticosveracruz.com\/index.php?rest_route=\/wp\/v2\/posts"}],"about":[{"href":"https:\/\/lospoliticosveracruz.com\/index.php?rest_route=\/wp\/v2\/types\/post"}],"author":[{"embeddable":true,"href":"https:\/\/lospoliticosveracruz.com\/index.php?rest_route=\/wp\/v2\/users\/2"}],"replies":[{"embeddable":true,"href":"https:\/\/lospoliticosveracruz.com\/index.php?rest_route=%2Fwp%2Fv2%2Fcomments&post=49812"}],"version-history":[{"count":2,"href":"https:\/\/lospoliticosveracruz.com\/index.php?rest_route=\/wp\/v2\/posts\/49812\/revisions"}],"predecessor-version":[{"id":49816,"href":"https:\/\/lospoliticosveracruz.com\/index.php?rest_route=\/wp\/v2\/posts\/49812\/revisions\/49816"}],"wp:featuredmedia":[{"embeddable":true,"href":"https:\/\/lospoliticosveracruz.com\/index.php?rest_route=\/wp\/v2\/media\/49813"}],"wp:attachment":[{"href":"https:\/\/lospoliticosveracruz.com\/index.php?rest_route=%2Fwp%2Fv2%2Fmedia&parent=49812"}],"wp:term":[{"taxonomy":"category","embeddable":true,"href":"https:\/\/lospoliticosveracruz.com\/index.php?rest_route=%2Fwp%2Fv2%2Fcategories&post=49812"},{"taxonomy":"post_tag","embeddable":true,"href":"https:\/\/lospoliticosveracruz.com\/index.php?rest_route=%2Fwp%2Fv2%2Ftags&post=49812"}],"curies":[{"name":"wp","href":"https:\/\/api.w.org\/{rel}","templated":true}]}}