{"id":49985,"date":"2019-10-03T23:00:42","date_gmt":"2019-10-04T04:00:42","guid":{"rendered":"http:\/\/www.lospoliticosveracruz.com.mx\/?p=49985"},"modified":"2019-10-04T08:22:23","modified_gmt":"2019-10-04T13:22:23","slug":"codem-y-juvecan-gotitas-de-amor","status":"publish","type":"post","link":"https:\/\/lospoliticosveracruz.com\/?p=49985","title":{"rendered":"Codem y Juvecan, gotitas de amor"},"content":{"rendered":"<p><strong>Salvador Mu\u00f1oz<\/strong><\/p>\n<p><em>Los Pol\u00edticos<\/em><\/p>\n<p><span style=\"font-weight: 400;\">Si cada quien ponemos una gotita de amor, podemos hacer cosas extraordinarias, sentencia el conferencista Vicente Hern\u00e1ndez Mart\u00ednez y conductor del evento donde se da a conocer un programa sensible, como es el de unir esfuerzos para combatir el c\u00e1ncer de mama entre una asociaci\u00f3n civil y unas guerreras: Ponle coraz\u00f3n. Hablamos de Ciudadanos Colaborando para el Desarrollo de M\u00e9xico (Codem) AC y Juntas Venciendo al C\u00e1ncer (Juvecan), que sabiendo de la diversa problem\u00e1tica que hay entorno a esta enfermedad, han trazado un plan conjunto para que a trav\u00e9s de la detecci\u00f3n oportuna del c\u00e1ncer, atender los casos desde su tratamiento m\u00e9dico hasta emocional.<\/span><\/p>\n<p><span style=\"font-weight: 400;\">Sorprende de manera grata los integrantes de Codem AC: j\u00f3venes que no rebasan los 25 a\u00f1os pero tienen las ganas y el empe\u00f1o por hacer cosas extraordinarias, como bien dice Vicente. Esta AC creada hace a\u00f1o y medio aproximadamente, encabezada por el misanteco Edgar Jair Ram\u00edrez Bruno, est\u00e1 convencido en que el proyecto Ponle Coraz\u00f3n inicia desde la difusi\u00f3n de pl\u00e1ticas con relaci\u00f3n a la detecci\u00f3n oportuna del c\u00e1ncer de mama, v\u00eda ayuntamientos como lo har\u00e1 el de Acajete, Banderilla y Xalapa a trav\u00e9s de sus direcciones de Salud. Las pl\u00e1ticas se llevar\u00e1n a las colonias y comunidades en aras de que las mujeres aprendan a hacerse la autoexploraci\u00f3n mamaria desde casa.<\/span><\/p>\n<p><span style=\"font-weight: 400;\">No es para menos la intenci\u00f3n de Codem y Juvecan cuando en Veracruz se registran 500 casos de c\u00e1ncer de mama al a\u00f1o. El asunto es que de acuerdo a estudios del Sector Salud, el 80 o hasta el 90 por ciento de los casos, se pudo haber detectado oportunamente y hasta evitar que se desarrollara esta enfermedad, pero no\u2026<\/span><\/p>\n<p><a href=\"http:\/\/www.lospoliticosveracruz.com.mx\/wp-content\/uploads\/2019\/10\/Ponle.jpg\"><img loading=\"lazy\" decoding=\"async\" class=\"aligncenter size-full wp-image-49987\" src=\"http:\/\/www.lospoliticosveracruz.com.mx\/wp-content\/uploads\/2019\/10\/Ponle.jpg\" alt=\"Ponle\" width=\"600\" height=\"450\" srcset=\"https:\/\/lospoliticosveracruz.com\/wp-content\/uploads\/2019\/10\/Ponle.jpg 600w, https:\/\/lospoliticosveracruz.com\/wp-content\/uploads\/2019\/10\/Ponle-300x225.jpg 300w, https:\/\/lospoliticosveracruz.com\/wp-content\/uploads\/2019\/10\/Ponle-80x60.jpg 80w\" sizes=\"auto, (max-width: 600px) 100vw, 600px\" \/><\/a><\/p>\n<p><span style=\"font-weight: 400;\">Lisett Beltr\u00e1n, secretaria general de Codem, critica que s\u00f3lo en este octubre se haga promoci\u00f3n, eventos, actividades en torno a la prevenci\u00f3n del c\u00e1ncer de mama, pero lamentablemente despu\u00e9s de este mes, ya no se da seguimiento, no hay exhibici\u00f3n de resultados, no se muestran impactos ni se le da la importancia y seriedad a quienes lo padecen, por eso, Ponle Coraz\u00f3n es un\u00a0 proyecto que se ha de manejar en el corto, mediano y largo plazo, para que a trav\u00e9s de la detecci\u00f3n oportuna del c\u00e1ncer de mama, reducir los \u00edndices de mortalidad \u00a1en un a\u00f1o! el reto que se pone Codem y Juvecan es alto, pero no imposible si se crea conciencia no s\u00f3lo en mujeres, sino en todos los integrantes de la familia, desde esposo e hijos, que insten a sus mujeres a autoexplorarse y apoyarlas en todo momento.<\/span><\/p>\n<p><span style=\"font-weight: 400;\">Y cay\u00f3 la gotita\u2026 la gotita de amor en la figura de la doctora Rogelia L\u00f3pez Ocampo, representante no s\u00f3lo de Juvecan, sino de este grupo de guerreras que van transmitiendo su experiencia a mujeres que han sido sorprendidas por este mal.<\/span><\/p>\n<p><span style=\"font-weight: 400;\">Juvecan tiene ocho a\u00f1os haciendo una cruzada de informaci\u00f3n en escuelas e instituciones, para que todos, no s\u00f3lo las mujeres, sino hasta varones, conozcan la importancia de la autoexploraci\u00f3n mamaria.<\/span><\/p>\n<p><a href=\"http:\/\/www.lospoliticosveracruz.com.mx\/wp-content\/uploads\/2019\/10\/Codem-Juvecan.jpg\"><img loading=\"lazy\" decoding=\"async\" class=\"aligncenter size-full wp-image-49986\" src=\"http:\/\/www.lospoliticosveracruz.com.mx\/wp-content\/uploads\/2019\/10\/Codem-Juvecan.jpg\" alt=\"Codem Juvecan\" width=\"600\" height=\"337\" srcset=\"https:\/\/lospoliticosveracruz.com\/wp-content\/uploads\/2019\/10\/Codem-Juvecan.jpg 600w, https:\/\/lospoliticosveracruz.com\/wp-content\/uploads\/2019\/10\/Codem-Juvecan-300x169.jpg 300w\" sizes=\"auto, (max-width: 600px) 100vw, 600px\" \/><\/a><\/p>\n<p><span style=\"font-weight: 400;\">La doctora Roge, como los amigos le dicen, siempre trae su bolsa de recuperaci\u00f3n que contiene una carta para el esposo, una carta para los hijos, ejercicios para recuperar la movilidad del hombro y brazo operado, consistente en una pelota y una cuerda, as\u00ed como un tr\u00edptico para que aprendan la autoexploraci\u00f3n mamaria\u2026 \u00bfpor qu\u00e9 insistir en este tema, el de la autoexploraci\u00f3n mamaria? Se\u00f1oras, por favor, no se crea que porque ya se revis\u00f3 y no lo tiene, o porque ya la operaron, qued\u00f3 resuelto\u2026 \u00a1no! hay tipos de c\u00e1ncer que pueden regresar\u2026 y abusados se\u00f1ores, varones, porque igual uno puede ser v\u00edctima de esta enfermedad. S\u00ed, es raro, pero al menos, el a\u00f1o pasado hubo tres casos de c\u00e1ncer de mama en hombres.<\/span><\/p>\n<p><span style=\"font-weight: 400;\">Hay que destacar que Juvecan no recibe apoyo econ\u00f3mico de ninguna especie y sus recursos se obtienen de diversas formas, como rifas, sorteos, ventas, para poder donar pr\u00f3tesis caseras como brasieres ortop\u00e9dicos y hasta pelucas, aunque la mayor\u00eda de las mujeres prefieren turbantes.<\/span><\/p>\n<p><span style=\"font-weight: 400;\">Si usted quiere conocer algo m\u00e1s de Juvecan o escucharlas de viva voz, o lamentablemente padece este mal, puede acudir este 12 de octubre en las instalaciones del DIF municipal de Coatepec. Ese d\u00eda, por cierto, se tocar\u00e1 el tema del Linfedema, esa hinchaz\u00f3n que se da en el brazo del lado operado\u2026 pero adem\u00e1s, es seguro que reciba por parte de estas guerreras de Juvecan, una gotita de amor, como dice Vicente Hern\u00e1ndez Mart\u00ednez, que puede ser capaz de hacer por usted, algo extraordinario\u2026<\/span><\/p>\n<p><span style=\"font-weight: 400;\">Enhorabuena el proyecto Ponle Coraz\u00f3n por parte de Codem y que la lucha de Juvecan no meng\u00fce\u2026<\/span><\/p>\n<p>&nbsp;<\/p>\n<p><span style=\"font-weight: 400;\">smcainito@gmail.com<\/span><\/p>\n<p><a href=\"http:\/\/www.lospoliticosveracruz.com.mx\/wp-content\/uploads\/2019\/10\/Juve.jpg\"><img loading=\"lazy\" decoding=\"async\" class=\"aligncenter size-full wp-image-49988\" src=\"http:\/\/www.lospoliticosveracruz.com.mx\/wp-content\/uploads\/2019\/10\/Juve.jpg\" alt=\"Juve\" width=\"600\" height=\"381\" srcset=\"https:\/\/lospoliticosveracruz.com\/wp-content\/uploads\/2019\/10\/Juve.jpg 600w, https:\/\/lospoliticosveracruz.com\/wp-content\/uploads\/2019\/10\/Juve-300x191.jpg 300w\" sizes=\"auto, (max-width: 600px) 100vw, 600px\" \/><\/a><\/p>\n<p>&nbsp;<\/p>\n","protected":false},"excerpt":{"rendered":"<p>Salvador Mu\u00f1oz Los Pol\u00edticos Si cada quien ponemos una gotita de amor, podemos hacer cosas extraordinarias, sentencia el conferencista Vicente Hern\u00e1ndez Mart\u00ednez y conductor del evento donde se da a conocer un programa sensible, como es el de unir esfuerzos para combatir el c\u00e1ncer de mama entre una asociaci\u00f3n civil y unas guerreras: Ponle coraz\u00f3n. [&hellip;]<\/p>\n","protected":false},"author":2,"featured_media":49996,"comment_status":"open","ping_status":"open","sticky":false,"template":"","format":"standard","meta":{"tdm_status":"","tdm_grid_status":"","footnotes":""},"categories":[70],"tags":[15316,15318,9325,6046,15319,4883],"class_list":{"0":"post-49985","1":"post","2":"type-post","3":"status-publish","4":"format-standard","5":"has-post-thumbnail","7":"category-de-opinion","8":"tag-codem","9":"tag-edgar-jair-ramirez-bruno","10":"tag-juntas-venciendo-al-cancer","11":"tag-juvecan","12":"tag-lisett-beltran","13":"tag-rogelia-lopez-ocampo"},"yoast_head":"<!-- This site is optimized with the Yoast SEO plugin v27.4 - https:\/\/yoast.com\/product\/yoast-seo-wordpress\/ -->\n<title>Codem y Juvecan, gotitas de amor - Los pol\u00edticos Veracruz<\/title>\n<meta name=\"robots\" content=\"index, follow, max-snippet:-1, max-image-preview:large, max-video-preview:-1\" \/>\n<link rel=\"canonical\" href=\"https:\/\/lospoliticosveracruz.com\/?p=49985\" \/>\n<meta property=\"og:locale\" content=\"es_ES\" \/>\n<meta property=\"og:type\" content=\"article\" \/>\n<meta property=\"og:title\" content=\"Codem y Juvecan, gotitas de amor - Los pol\u00edticos Veracruz\" \/>\n<meta property=\"og:description\" content=\"Salvador Mu\u00f1oz Los Pol\u00edticos Si cada quien ponemos una gotita de amor, podemos hacer cosas extraordinarias, sentencia el conferencista Vicente Hern\u00e1ndez Mart\u00ednez y conductor del evento donde se da a conocer un programa sensible, como es el de unir esfuerzos para combatir el c\u00e1ncer de mama entre una asociaci\u00f3n civil y unas guerreras: Ponle coraz\u00f3n. [&hellip;]\" \/>\n<meta property=\"og:url\" content=\"https:\/\/lospoliticosveracruz.com\/?p=49985\" \/>\n<meta property=\"og:site_name\" content=\"Los pol\u00edticos Veracruz\" \/>\n<meta property=\"article:publisher\" content=\"https:\/\/www.facebook.com\/people\/Notimemes-de-los-Polticos\/61565672886568\/\" \/>\n<meta property=\"article:published_time\" content=\"2019-10-04T04:00:42+00:00\" \/>\n<meta property=\"article:modified_time\" content=\"2019-10-04T13:22:23+00:00\" \/>\n<meta property=\"og:image\" content=\"https:\/\/lospoliticosveracruz.com\/wp-content\/uploads\/2019\/10\/Bruno.jpeg\" \/>\n\t<meta property=\"og:image:width\" content=\"600\" \/>\n\t<meta property=\"og:image:height\" content=\"365\" \/>\n\t<meta property=\"og:image:type\" content=\"image\/jpeg\" \/>\n<meta name=\"author\" content=\"Lo viste en Los Pol\u00edticos\" \/>\n<meta name=\"twitter:card\" content=\"summary_large_image\" \/>\n<meta name=\"twitter:creator\" content=\"@LosPoliticosVer\" \/>\n<meta name=\"twitter:site\" content=\"@LosPoliticosVer\" \/>\n<meta name=\"twitter:label1\" content=\"Escrito por\" \/>\n\t<meta name=\"twitter:data1\" content=\"Lo viste en Los Pol\u00edticos\" \/>\n\t<meta name=\"twitter:label2\" content=\"Tiempo de lectura\" \/>\n\t<meta name=\"twitter:data2\" content=\"4 minutos\" \/>\n<script type=\"application\/ld+json\" class=\"yoast-schema-graph\">{\"@context\":\"https:\\\/\\\/schema.org\",\"@graph\":[{\"@type\":\"Article\",\"@id\":\"https:\\\/\\\/lospoliticosveracruz.com\\\/?p=49985#article\",\"isPartOf\":{\"@id\":\"https:\\\/\\\/lospoliticosveracruz.com\\\/?p=49985\"},\"author\":{\"name\":\"Lo viste en Los Pol\u00edticos\",\"@id\":\"https:\\\/\\\/lospoliticosveracruz.com\\\/#\\\/schema\\\/person\\\/b8702bb0e538456e6efd07080bf2a4a2\"},\"headline\":\"Codem y Juvecan, gotitas de amor\",\"datePublished\":\"2019-10-04T04:00:42+00:00\",\"dateModified\":\"2019-10-04T13:22:23+00:00\",\"mainEntityOfPage\":{\"@id\":\"https:\\\/\\\/lospoliticosveracruz.com\\\/?p=49985\"},\"wordCount\":844,\"commentCount\":0,\"publisher\":{\"@id\":\"https:\\\/\\\/lospoliticosveracruz.com\\\/#organization\"},\"image\":{\"@id\":\"https:\\\/\\\/lospoliticosveracruz.com\\\/?p=49985#primaryimage\"},\"thumbnailUrl\":\"https:\\\/\\\/lospoliticosveracruz.com\\\/wp-content\\\/uploads\\\/2019\\\/10\\\/Bruno.jpeg\",\"keywords\":[\"Codem\",\"Edgar Jair Ram\u00edrez Bruno\",\"Juntas Venciendo al C\u00e1ncer\",\"Juvecan\",\"Lisett Beltr\u00e1n\",\"Rogelia L\u00f3pez Ocampo\"],\"articleSection\":[\"De Opini\u00f3n\"],\"inLanguage\":\"es\",\"potentialAction\":[{\"@type\":\"CommentAction\",\"name\":\"Comment\",\"target\":[\"https:\\\/\\\/lospoliticosveracruz.com\\\/?p=49985#respond\"]}]},{\"@type\":\"WebPage\",\"@id\":\"https:\\\/\\\/lospoliticosveracruz.com\\\/?p=49985\",\"url\":\"https:\\\/\\\/lospoliticosveracruz.com\\\/?p=49985\",\"name\":\"Codem y Juvecan, gotitas de amor - Los pol\u00edticos Veracruz\",\"isPartOf\":{\"@id\":\"https:\\\/\\\/lospoliticosveracruz.com\\\/#website\"},\"primaryImageOfPage\":{\"@id\":\"https:\\\/\\\/lospoliticosveracruz.com\\\/?p=49985#primaryimage\"},\"image\":{\"@id\":\"https:\\\/\\\/lospoliticosveracruz.com\\\/?p=49985#primaryimage\"},\"thumbnailUrl\":\"https:\\\/\\\/lospoliticosveracruz.com\\\/wp-content\\\/uploads\\\/2019\\\/10\\\/Bruno.jpeg\",\"datePublished\":\"2019-10-04T04:00:42+00:00\",\"dateModified\":\"2019-10-04T13:22:23+00:00\",\"breadcrumb\":{\"@id\":\"https:\\\/\\\/lospoliticosveracruz.com\\\/?p=49985#breadcrumb\"},\"inLanguage\":\"es\",\"potentialAction\":[{\"@type\":\"ReadAction\",\"target\":[\"https:\\\/\\\/lospoliticosveracruz.com\\\/?p=49985\"]}]},{\"@type\":\"ImageObject\",\"inLanguage\":\"es\",\"@id\":\"https:\\\/\\\/lospoliticosveracruz.com\\\/?p=49985#primaryimage\",\"url\":\"https:\\\/\\\/lospoliticosveracruz.com\\\/wp-content\\\/uploads\\\/2019\\\/10\\\/Bruno.jpeg\",\"contentUrl\":\"https:\\\/\\\/lospoliticosveracruz.com\\\/wp-content\\\/uploads\\\/2019\\\/10\\\/Bruno.jpeg\",\"width\":600,\"height\":365},{\"@type\":\"BreadcrumbList\",\"@id\":\"https:\\\/\\\/lospoliticosveracruz.com\\\/?p=49985#breadcrumb\",\"itemListElement\":[{\"@type\":\"ListItem\",\"position\":1,\"name\":\"Portada\",\"item\":\"https:\\\/\\\/lospoliticosveracruz.com\\\/\"},{\"@type\":\"ListItem\",\"position\":2,\"name\":\"Codem y Juvecan, gotitas de amor\"}]},{\"@type\":\"WebSite\",\"@id\":\"https:\\\/\\\/lospoliticosveracruz.com\\\/#website\",\"url\":\"https:\\\/\\\/lospoliticosveracruz.com\\\/\",\"name\":\"Los pol\u00edticos Veracruz\",\"description\":\"\",\"publisher\":{\"@id\":\"https:\\\/\\\/lospoliticosveracruz.com\\\/#organization\"},\"potentialAction\":[{\"@type\":\"SearchAction\",\"target\":{\"@type\":\"EntryPoint\",\"urlTemplate\":\"https:\\\/\\\/lospoliticosveracruz.com\\\/?s={search_term_string}\"},\"query-input\":{\"@type\":\"PropertyValueSpecification\",\"valueRequired\":true,\"valueName\":\"search_term_string\"}}],\"inLanguage\":\"es\"},{\"@type\":\"Organization\",\"@id\":\"https:\\\/\\\/lospoliticosveracruz.com\\\/#organization\",\"name\":\"Los pol\u00edticos Veracruz\",\"url\":\"https:\\\/\\\/lospoliticosveracruz.com\\\/\",\"logo\":{\"@type\":\"ImageObject\",\"inLanguage\":\"es\",\"@id\":\"https:\\\/\\\/lospoliticosveracruz.com\\\/#\\\/schema\\\/logo\\\/image\\\/\",\"url\":\"https:\\\/\\\/lospoliticosveracruz.com\\\/wp-content\\\/uploads\\\/2025\\\/12\\\/Logo-Nuevo-LOS-POLITICOS-1.jpg\",\"contentUrl\":\"https:\\\/\\\/lospoliticosveracruz.com\\\/wp-content\\\/uploads\\\/2025\\\/12\\\/Logo-Nuevo-LOS-POLITICOS-1.jpg\",\"width\":260,\"height\":70,\"caption\":\"Los pol\u00edticos Veracruz\"},\"image\":{\"@id\":\"https:\\\/\\\/lospoliticosveracruz.com\\\/#\\\/schema\\\/logo\\\/image\\\/\"},\"sameAs\":[\"https:\\\/\\\/www.facebook.com\\\/people\\\/Notimemes-de-los-Polticos\\\/61565672886568\\\/\",\"https:\\\/\\\/x.com\\\/LosPoliticosVer\"]},{\"@type\":\"Person\",\"@id\":\"https:\\\/\\\/lospoliticosveracruz.com\\\/#\\\/schema\\\/person\\\/b8702bb0e538456e6efd07080bf2a4a2\",\"name\":\"Lo viste en Los Pol\u00edticos\",\"image\":{\"@type\":\"ImageObject\",\"inLanguage\":\"es\",\"@id\":\"https:\\\/\\\/secure.gravatar.com\\\/avatar\\\/3a8de04a2656d44082be478bd6c086daa447c4651605818287b9532d3d0bd435?s=96&d=mm&r=g\",\"url\":\"https:\\\/\\\/secure.gravatar.com\\\/avatar\\\/3a8de04a2656d44082be478bd6c086daa447c4651605818287b9532d3d0bd435?s=96&d=mm&r=g\",\"contentUrl\":\"https:\\\/\\\/secure.gravatar.com\\\/avatar\\\/3a8de04a2656d44082be478bd6c086daa447c4651605818287b9532d3d0bd435?s=96&d=mm&r=g\",\"caption\":\"Lo viste en Los Pol\u00edticos\"},\"url\":\"https:\\\/\\\/lospoliticosveracruz.com\\\/?author=2\"}]}<\/script>\n<!-- \/ Yoast SEO plugin. -->","yoast_head_json":{"title":"Codem y Juvecan, gotitas de amor - Los pol\u00edticos Veracruz","robots":{"index":"index","follow":"follow","max-snippet":"max-snippet:-1","max-image-preview":"max-image-preview:large","max-video-preview":"max-video-preview:-1"},"canonical":"https:\/\/lospoliticosveracruz.com\/?p=49985","og_locale":"es_ES","og_type":"article","og_title":"Codem y Juvecan, gotitas de amor - Los pol\u00edticos Veracruz","og_description":"Salvador Mu\u00f1oz Los Pol\u00edticos Si cada quien ponemos una gotita de amor, podemos hacer cosas extraordinarias, sentencia el conferencista Vicente Hern\u00e1ndez Mart\u00ednez y conductor del evento donde se da a conocer un programa sensible, como es el de unir esfuerzos para combatir el c\u00e1ncer de mama entre una asociaci\u00f3n civil y unas guerreras: Ponle coraz\u00f3n. [&hellip;]","og_url":"https:\/\/lospoliticosveracruz.com\/?p=49985","og_site_name":"Los pol\u00edticos Veracruz","article_publisher":"https:\/\/www.facebook.com\/people\/Notimemes-de-los-Polticos\/61565672886568\/","article_published_time":"2019-10-04T04:00:42+00:00","article_modified_time":"2019-10-04T13:22:23+00:00","og_image":[{"width":600,"height":365,"url":"https:\/\/lospoliticosveracruz.com\/wp-content\/uploads\/2019\/10\/Bruno.jpeg","type":"image\/jpeg"}],"author":"Lo viste en Los Pol\u00edticos","twitter_card":"summary_large_image","twitter_creator":"@LosPoliticosVer","twitter_site":"@LosPoliticosVer","twitter_misc":{"Escrito por":"Lo viste en Los Pol\u00edticos","Tiempo de lectura":"4 minutos"},"schema":{"@context":"https:\/\/schema.org","@graph":[{"@type":"Article","@id":"https:\/\/lospoliticosveracruz.com\/?p=49985#article","isPartOf":{"@id":"https:\/\/lospoliticosveracruz.com\/?p=49985"},"author":{"name":"Lo viste en Los Pol\u00edticos","@id":"https:\/\/lospoliticosveracruz.com\/#\/schema\/person\/b8702bb0e538456e6efd07080bf2a4a2"},"headline":"Codem y Juvecan, gotitas de amor","datePublished":"2019-10-04T04:00:42+00:00","dateModified":"2019-10-04T13:22:23+00:00","mainEntityOfPage":{"@id":"https:\/\/lospoliticosveracruz.com\/?p=49985"},"wordCount":844,"commentCount":0,"publisher":{"@id":"https:\/\/lospoliticosveracruz.com\/#organization"},"image":{"@id":"https:\/\/lospoliticosveracruz.com\/?p=49985#primaryimage"},"thumbnailUrl":"https:\/\/lospoliticosveracruz.com\/wp-content\/uploads\/2019\/10\/Bruno.jpeg","keywords":["Codem","Edgar Jair Ram\u00edrez Bruno","Juntas Venciendo al C\u00e1ncer","Juvecan","Lisett Beltr\u00e1n","Rogelia L\u00f3pez Ocampo"],"articleSection":["De Opini\u00f3n"],"inLanguage":"es","potentialAction":[{"@type":"CommentAction","name":"Comment","target":["https:\/\/lospoliticosveracruz.com\/?p=49985#respond"]}]},{"@type":"WebPage","@id":"https:\/\/lospoliticosveracruz.com\/?p=49985","url":"https:\/\/lospoliticosveracruz.com\/?p=49985","name":"Codem y Juvecan, gotitas de amor - Los pol\u00edticos Veracruz","isPartOf":{"@id":"https:\/\/lospoliticosveracruz.com\/#website"},"primaryImageOfPage":{"@id":"https:\/\/lospoliticosveracruz.com\/?p=49985#primaryimage"},"image":{"@id":"https:\/\/lospoliticosveracruz.com\/?p=49985#primaryimage"},"thumbnailUrl":"https:\/\/lospoliticosveracruz.com\/wp-content\/uploads\/2019\/10\/Bruno.jpeg","datePublished":"2019-10-04T04:00:42+00:00","dateModified":"2019-10-04T13:22:23+00:00","breadcrumb":{"@id":"https:\/\/lospoliticosveracruz.com\/?p=49985#breadcrumb"},"inLanguage":"es","potentialAction":[{"@type":"ReadAction","target":["https:\/\/lospoliticosveracruz.com\/?p=49985"]}]},{"@type":"ImageObject","inLanguage":"es","@id":"https:\/\/lospoliticosveracruz.com\/?p=49985#primaryimage","url":"https:\/\/lospoliticosveracruz.com\/wp-content\/uploads\/2019\/10\/Bruno.jpeg","contentUrl":"https:\/\/lospoliticosveracruz.com\/wp-content\/uploads\/2019\/10\/Bruno.jpeg","width":600,"height":365},{"@type":"BreadcrumbList","@id":"https:\/\/lospoliticosveracruz.com\/?p=49985#breadcrumb","itemListElement":[{"@type":"ListItem","position":1,"name":"Portada","item":"https:\/\/lospoliticosveracruz.com\/"},{"@type":"ListItem","position":2,"name":"Codem y Juvecan, gotitas de amor"}]},{"@type":"WebSite","@id":"https:\/\/lospoliticosveracruz.com\/#website","url":"https:\/\/lospoliticosveracruz.com\/","name":"Los pol\u00edticos Veracruz","description":"","publisher":{"@id":"https:\/\/lospoliticosveracruz.com\/#organization"},"potentialAction":[{"@type":"SearchAction","target":{"@type":"EntryPoint","urlTemplate":"https:\/\/lospoliticosveracruz.com\/?s={search_term_string}"},"query-input":{"@type":"PropertyValueSpecification","valueRequired":true,"valueName":"search_term_string"}}],"inLanguage":"es"},{"@type":"Organization","@id":"https:\/\/lospoliticosveracruz.com\/#organization","name":"Los pol\u00edticos Veracruz","url":"https:\/\/lospoliticosveracruz.com\/","logo":{"@type":"ImageObject","inLanguage":"es","@id":"https:\/\/lospoliticosveracruz.com\/#\/schema\/logo\/image\/","url":"https:\/\/lospoliticosveracruz.com\/wp-content\/uploads\/2025\/12\/Logo-Nuevo-LOS-POLITICOS-1.jpg","contentUrl":"https:\/\/lospoliticosveracruz.com\/wp-content\/uploads\/2025\/12\/Logo-Nuevo-LOS-POLITICOS-1.jpg","width":260,"height":70,"caption":"Los pol\u00edticos Veracruz"},"image":{"@id":"https:\/\/lospoliticosveracruz.com\/#\/schema\/logo\/image\/"},"sameAs":["https:\/\/www.facebook.com\/people\/Notimemes-de-los-Polticos\/61565672886568\/","https:\/\/x.com\/LosPoliticosVer"]},{"@type":"Person","@id":"https:\/\/lospoliticosveracruz.com\/#\/schema\/person\/b8702bb0e538456e6efd07080bf2a4a2","name":"Lo viste en Los Pol\u00edticos","image":{"@type":"ImageObject","inLanguage":"es","@id":"https:\/\/secure.gravatar.com\/avatar\/3a8de04a2656d44082be478bd6c086daa447c4651605818287b9532d3d0bd435?s=96&d=mm&r=g","url":"https:\/\/secure.gravatar.com\/avatar\/3a8de04a2656d44082be478bd6c086daa447c4651605818287b9532d3d0bd435?s=96&d=mm&r=g","contentUrl":"https:\/\/secure.gravatar.com\/avatar\/3a8de04a2656d44082be478bd6c086daa447c4651605818287b9532d3d0bd435?s=96&d=mm&r=g","caption":"Lo viste en Los Pol\u00edticos"},"url":"https:\/\/lospoliticosveracruz.com\/?author=2"}]}},"_links":{"self":[{"href":"https:\/\/lospoliticosveracruz.com\/index.php?rest_route=\/wp\/v2\/posts\/49985","targetHints":{"allow":["GET"]}}],"collection":[{"href":"https:\/\/lospoliticosveracruz.com\/index.php?rest_route=\/wp\/v2\/posts"}],"about":[{"href":"https:\/\/lospoliticosveracruz.com\/index.php?rest_route=\/wp\/v2\/types\/post"}],"author":[{"embeddable":true,"href":"https:\/\/lospoliticosveracruz.com\/index.php?rest_route=\/wp\/v2\/users\/2"}],"replies":[{"embeddable":true,"href":"https:\/\/lospoliticosveracruz.com\/index.php?rest_route=%2Fwp%2Fv2%2Fcomments&post=49985"}],"version-history":[{"count":2,"href":"https:\/\/lospoliticosveracruz.com\/index.php?rest_route=\/wp\/v2\/posts\/49985\/revisions"}],"predecessor-version":[{"id":49997,"href":"https:\/\/lospoliticosveracruz.com\/index.php?rest_route=\/wp\/v2\/posts\/49985\/revisions\/49997"}],"wp:featuredmedia":[{"embeddable":true,"href":"https:\/\/lospoliticosveracruz.com\/index.php?rest_route=\/wp\/v2\/media\/49996"}],"wp:attachment":[{"href":"https:\/\/lospoliticosveracruz.com\/index.php?rest_route=%2Fwp%2Fv2%2Fmedia&parent=49985"}],"wp:term":[{"taxonomy":"category","embeddable":true,"href":"https:\/\/lospoliticosveracruz.com\/index.php?rest_route=%2Fwp%2Fv2%2Fcategories&post=49985"},{"taxonomy":"post_tag","embeddable":true,"href":"https:\/\/lospoliticosveracruz.com\/index.php?rest_route=%2Fwp%2Fv2%2Ftags&post=49985"}],"curies":[{"name":"wp","href":"https:\/\/api.w.org\/{rel}","templated":true}]}}