{"id":49998,"date":"2019-10-04T08:29:52","date_gmt":"2019-10-04T13:29:52","guid":{"rendered":"http:\/\/www.lospoliticosveracruz.com.mx\/?p=49998"},"modified":"2019-10-04T08:29:52","modified_gmt":"2019-10-04T13:29:52","slug":"cuitlahuac-el-beneficiado","status":"publish","type":"post","link":"https:\/\/lospoliticosveracruz.com\/?p=49998","title":{"rendered":"Cuitl\u00e1huac, el beneficiado"},"content":{"rendered":"<p><strong>Ricardo\u00a0Ch\u00faa<\/strong><\/p>\n<p><em>Sale y Vale<\/em><\/p>\n<p>Sea por los motivos que sea&#8230;. Pero el principal \u00abbeneficiado\u00bb de la renuncia de Eduardo Medina Mora como Ministro de la Suprema Corte de Justicia de la Naci\u00f3n, es, sin duda, el gobernador, Cuitl\u00e1huac Garc\u00eda Jim\u00e9nez&#8230; Medina Mora era el personaje que dio el fallo para que obliga al mandatario pagar al ayuntamiento de Xalapa, los m\u00e1s de 90 millones de pesos en participaciones federales, que se le deb\u00edan desde el gobierno de Javier Duarte&#8230; Y, Cuitl\u00e1huac no lo hizo&#8230; Por lo cual incurri\u00f3 en desacato&#8230;<\/p>\n<p>El desacato a una orden emitida por un Ministro de la SCJN por parte de un gobernador en M\u00e9xico&#8230; Lo lleva eminentemente que se le inhabilite del cargo por Incumplimiento de un deber legal&#8230; Ese era el pendiente que ten\u00eda Garc\u00eda Jim\u00e9nez encima&#8230; Y que el Ministro que llevaba el caso, ahora renunci\u00f3 al cargo&#8230; Los motivos de la renuncia no importan, puede ser por las transferencia millonarias de dinero a sus cuentas y que son investigadas en EU o por problemas familiares por el reciente fallecimiento de su esposa&#8230; El caso es que ya se fue&#8230;<\/p>\n<p>As\u00ed que la decisi\u00f3n que tiene que tomar la SCJN sobre Cuitl\u00e1huac si lo quitan de gobernador o que con el \u00abacuerdo\u00bb \u00bflegal? tomado con el ayuntamiento de Xalapa de \u00abdar paguitos\u00bb para cumplir con el adeudo, la Corte de por concluido el tema&#8230; Todo pasara a segundo t\u00e9rmino&#8230; De ayer por la tarde en adelante, eso no importara m\u00e1s&#8230; Todos los ojos estar\u00e1n puestos en L\u00f3pez Obrador para saber a qui\u00e9n propone como Ministro&#8230; Cuitl\u00e1huac, se puede decir, que se ha salvado&#8230;. Y lo que se ve, no se juzga&#8230;<\/p>\n<p>Si hacen memoria al inicio de semana&#8230; Garc\u00eda Jim\u00e9nez arremeti\u00f3 contra un Juez Federal del sur de Veracruz&#8230; Lo se\u00f1al\u00f3 de presunta corrupci\u00f3n o complicidad con delincuentes&#8230; Y nada paso&#8230; Nadie de la Judicatura Federal dijo nada y todo qued\u00f3 en el se\u00f1alamiento medi\u00e1tico&#8230; De nuevo, al parecer, el gobernador es todo un \u00abpitoniso\u00bb porque \u00abpresiente\u00bb lo que va a ocurrir en temas pol\u00edticos o de gobierno en M\u00e9xico&#8230; Seria un ser dotado por leer el futuro&#8230; Y al parecer si&#8230; Ataca a un juez y un ministro \u00abrenuncia\u00bb que \u00bb pinche suerte\u00bb&#8230;<\/p>\n<p>Si nos vamos a unas dos semanas atr\u00e1s&#8230; Cuando en Vearcruz, la inseguridad estaba en lo m\u00e1s \u00e1lgido contra su gobierno porque acababa de pasar la masacre de Coatzacoalcos en el Bar \u00abCaballo Blanco\u00bb&#8230; Cuitl\u00e1huac, en algo inaudito de la pol\u00edtica en M\u00e9xico, arremeti\u00f3 contra dos gobernadores: Diego Sinhue, de Guanajuato y Mauricio Vila, de Yucat\u00e1n, que sus estados estaban peor que Veracruz y nadie dec\u00eda nada&#8230; D\u00edas despu\u00e9s, Ricardo Monreal ped\u00eda al Senado desaparici\u00f3n de poderes en esas entidades&#8230;<\/p>\n<p>Quedaba comprobado que Cuitl\u00e1huac era un \u00abpito-niso\u00bb&#8230; Todo lo adivinaba&#8230; Pero como en pol\u00edtica las casualidades no existen&#8230; Lo raro de todo es que antier, dos d\u00edas despu\u00e9s que el Gobernador \u00abmadreo\u00bb medi\u00e1ticamente a un Juez Federal&#8230; Y a unas horas de consumarse la \u00abrenuncia\u00bb de Medina Mora, el \u00abMinistro Inc\u00f3modo\u00bb para su gobierno&#8230; Cuitl\u00e1huac se reun\u00eda con la secretaria de Gobernaci\u00f3n, Olga S\u00e1nchez Cordero en CDMX&#8230; \u00bfMucha coincidencia no?&#8230; M\u00e1s cuando Olga S\u00e1nchez es Ministra en Retiro de la SCJN&#8230;. EL EFECTO MARIPOSA&#8230;<\/p>\n<p>EN RESUMEN&#8230; Poderosa Fuente en CDMX ligada por dos d\u00e9cadas al CISEN se\u00f1ala: La reuni\u00f3n Olga S\u00e1nchez y Cuitl\u00e1huac Garc\u00eda tiene por lo menos dos lecturas&#8230; La primera, la foto sirvi\u00f3 de \u00abrespaldo\u00bb para el gobernador luego que Miguel Angel Yunes Linares se le paseara corriendo por el bulevar de Boca del R\u00edo, el mi\u00e9rcoles&#8230; Dando entender que L\u00f3pez Obrador \u00abapoyaba\u00bb a Cuitl\u00e1huac ante el RETO Yunes&#8230; Y que no se va a recular por el caso Winkler aunque se violaron todos los procesos legales para removerlo&#8230;<\/p>\n<p>La segunda era para informar que \u00abpase la hoja\u00bb y se dedique a gobernar, a ponerse de acuerdo con instancias federales que mand\u00f3 el Presidente para que se baje la violencia y la opini\u00f3n p\u00fablica nacional, no este \u00abjodiendo\u00bb a Presidencia que un estado gobernado por MORENA tiene los m\u00e1s altos \u00edndices de FEMINICIDIOS Y DESAPARICI\u00d3N FORZADA de mujeres en M\u00e9xico&#8230; Obvio ese estado es Veracruz&#8230; Es decir, Olga le dio un \u00abjal\u00f3n de orejas y una palmadita\u00bb a Cuitl\u00e1huac&#8230; Adem\u00e1s de un \u00abponte a chambear\u00bb<\/p>\n<p>A eso se le puede sumar que le \u00abinformaba\u00bb que no tuviera temor de empezar a ejercer el cargo de Gobernador, ya no s\u00f3lo de facto&#8230; Que el caso de desacato \u00abdormir\u00eda el sue\u00f1o de los justos\u00bb en la SCJN porque en Gobernaci\u00f3n y con una ex ministra al mando&#8230; Ya se sab\u00eda que Medina Mora se iba del cargo.. S\u00f3lo ten\u00edan que transcurrir horas para que se diera el hecho&#8230; Y se dio&#8230; La suerte de Cuitl\u00e1huac estaba echada&#8230; De nuevo L\u00f3pez Obrador lo salvaba s\u00f3lo porque le era LEAL&#8230; TAN Y TAN&#8230;<\/p>\n<p>GOBERNABILIDAD MAQUILLADA&#8230; Ayer en este espacio se\u00f1alamos que la columna de El Universal de Salvador Garc\u00eda Soto&#8230; Hacia menci\u00f3n que el gobernador quer\u00eda que desde Palacio Nacional le \u00abarreglaran\u00bb los problemas en Veracruz y que \u00e9l se dedicar\u00eda solo a seguir instrucciones&#8230; Pero que hab\u00eda un efecto retardado y que las cosas no caminaban bien para el mandatario estatal porque estaba \u00abfracturado\u00bb con grupos pol\u00edticos de MORENA, funcionarios, diputados locales y federales&#8230;. Hasta con la oposici\u00f3n&#8230; Y as\u00ed no se pod\u00eda&#8230;<\/p>\n<p>Hoy el gobierno federal le da la \u00abcoyuntura\u00bb a Cuitl\u00e1huac de empezar&#8230; De quitarse a \u00abestorbos\u00bb dejados por Rocio Nahle&#8230; Manuel Huerta ya no lo tiene \u00abagarrado\u00bb de ning\u00fan lado&#8230; Ahued ya su pleito es cantado&#8230; La SCJN no va a proceder en contra como paso con Jaime Bonilla en Baja California Norte&#8230; Ya s\u00f3lo queda superar a la oposici\u00f3n que ser\u00e1 lo m\u00e1s dif\u00edcil que enfrentara porque Garc\u00eda Jim\u00e9nez es un personaje limitado en pol\u00edtica&#8230; No tiene relaciones pol\u00edticas nacionales&#8230; Pero ya est\u00e1 tranquilo y no lo pueden \u00abtumbar\u00bb de aqu\u00ed al 2020&#8230;<\/p>\n<p>Pero su principal \u00abhandicap\u00bb es que ni con ayuda de L\u00f3pez Obrador podr\u00e1 superar, que la sociedad civil informada y de las grandes urbes, donde se decide electoralmente el futuro pol\u00edtico de Veracruz, tiene opini\u00f3n adversa en su contra&#8230; No lo ven como un gobernante trabajador sino como desobligado y poco serio&#8230; No tiene obra p\u00fablica personal que pueda presumir.. Ni siquiera una plaza comercial&#8230; Los grandes empresarios se est\u00e1n saliendo de Veracruz.. Miguel Alem\u00e1n cerr\u00f3 la sucursal de Interjet en Plaza Boka&#8230; Y as\u00ed no se puede&#8230;<\/p>\n<p>El estado, pese al aval de Olga S\u00e1nchez, sigue sumido en inseguridad&#8230; Los femicidios contin\u00faan&#8230; No hay circulante de dinero&#8230; La sociedad cree que Cuitl\u00e1huac hace subejercicio para devolverle el dinero a L\u00f3pez Obrador y lo aplique en programas \u00abclientelares\u00bb&#8230; Para el colmo, es el primer lugar de dengue en el pa\u00eds&#8230; No hay condones en los centros de salud&#8230; Las cifras del SIDA se disparan&#8230; As\u00ed que el temor, es que L\u00f3pez Obrador y Olga S\u00e1nchez le hayan dado a Cuitl\u00e1huac una \u00abGobernabilidad Maquillada\u00bb a 10 meses de gobierno&#8230; AMEN&#8230;<\/p>\n","protected":false},"excerpt":{"rendered":"<p>Ricardo\u00a0Ch\u00faa Sale y Vale Sea por los motivos que sea&#8230;. Pero el principal \u00abbeneficiado\u00bb de la renuncia de Eduardo Medina Mora como Ministro de la Suprema Corte de Justicia de la Naci\u00f3n, es, sin duda, el gobernador, Cuitl\u00e1huac Garc\u00eda Jim\u00e9nez&#8230; Medina Mora era el personaje que dio el fallo para que obliga al mandatario pagar [&hellip;]<\/p>\n","protected":false},"author":2,"featured_media":49999,"comment_status":"open","ping_status":"open","sticky":false,"template":"","format":"standard","meta":{"tdm_status":"","tdm_grid_status":"","footnotes":""},"categories":[70],"tags":[1563,2218,260,1003,6361,96],"class_list":{"0":"post-49998","1":"post","2":"type-post","3":"status-publish","4":"format-standard","5":"has-post-thumbnail","7":"category-de-opinion","8":"tag-cuitlahuac-garcia-jimenez","9":"tag-eduardo-medina-mora","10":"tag-javier-duarte-de-ochoa","11":"tag-lopez-obrador","12":"tag-suprema-corte-de-justicia-de-la-nacion","13":"tag-xalapa"},"yoast_head":"<!-- This site is optimized with the Yoast SEO plugin v27.4 - https:\/\/yoast.com\/product\/yoast-seo-wordpress\/ -->\n<title>Cuitl\u00e1huac, el beneficiado - Los pol\u00edticos Veracruz<\/title>\n<meta name=\"robots\" content=\"index, follow, max-snippet:-1, max-image-preview:large, max-video-preview:-1\" \/>\n<link rel=\"canonical\" href=\"https:\/\/lospoliticosveracruz.com\/?p=49998\" \/>\n<meta property=\"og:locale\" content=\"es_ES\" \/>\n<meta property=\"og:type\" content=\"article\" \/>\n<meta property=\"og:title\" content=\"Cuitl\u00e1huac, el beneficiado - Los pol\u00edticos Veracruz\" \/>\n<meta property=\"og:description\" content=\"Ricardo\u00a0Ch\u00faa Sale y Vale Sea por los motivos que sea&#8230;. Pero el principal \u00abbeneficiado\u00bb de la renuncia de Eduardo Medina Mora como Ministro de la Suprema Corte de Justicia de la Naci\u00f3n, es, sin duda, el gobernador, Cuitl\u00e1huac Garc\u00eda Jim\u00e9nez&#8230; Medina Mora era el personaje que dio el fallo para que obliga al mandatario pagar [&hellip;]\" \/>\n<meta property=\"og:url\" content=\"https:\/\/lospoliticosveracruz.com\/?p=49998\" \/>\n<meta property=\"og:site_name\" content=\"Los pol\u00edticos Veracruz\" \/>\n<meta property=\"article:publisher\" content=\"https:\/\/www.facebook.com\/people\/Notimemes-de-los-Polticos\/61565672886568\/\" \/>\n<meta property=\"article:published_time\" content=\"2019-10-04T13:29:52+00:00\" \/>\n<meta property=\"og:image\" content=\"https:\/\/lospoliticosveracruz.com\/wp-content\/uploads\/2019\/10\/Cordero-y-Cuic.jpeg\" \/>\n\t<meta property=\"og:image:width\" content=\"600\" \/>\n\t<meta property=\"og:image:height\" content=\"332\" \/>\n\t<meta property=\"og:image:type\" content=\"image\/jpeg\" \/>\n<meta name=\"author\" content=\"Lo viste en Los Pol\u00edticos\" \/>\n<meta name=\"twitter:card\" content=\"summary_large_image\" \/>\n<meta name=\"twitter:creator\" content=\"@LosPoliticosVer\" \/>\n<meta name=\"twitter:site\" content=\"@LosPoliticosVer\" \/>\n<meta name=\"twitter:label1\" content=\"Escrito por\" \/>\n\t<meta name=\"twitter:data1\" content=\"Lo viste en Los Pol\u00edticos\" \/>\n\t<meta name=\"twitter:label2\" content=\"Tiempo de lectura\" \/>\n\t<meta name=\"twitter:data2\" content=\"6 minutos\" \/>\n<script type=\"application\/ld+json\" class=\"yoast-schema-graph\">{\"@context\":\"https:\\\/\\\/schema.org\",\"@graph\":[{\"@type\":\"Article\",\"@id\":\"https:\\\/\\\/lospoliticosveracruz.com\\\/?p=49998#article\",\"isPartOf\":{\"@id\":\"https:\\\/\\\/lospoliticosveracruz.com\\\/?p=49998\"},\"author\":{\"name\":\"Lo viste en Los Pol\u00edticos\",\"@id\":\"https:\\\/\\\/lospoliticosveracruz.com\\\/#\\\/schema\\\/person\\\/b8702bb0e538456e6efd07080bf2a4a2\"},\"headline\":\"Cuitl\u00e1huac, el beneficiado\",\"datePublished\":\"2019-10-04T13:29:52+00:00\",\"mainEntityOfPage\":{\"@id\":\"https:\\\/\\\/lospoliticosveracruz.com\\\/?p=49998\"},\"wordCount\":1269,\"commentCount\":0,\"publisher\":{\"@id\":\"https:\\\/\\\/lospoliticosveracruz.com\\\/#organization\"},\"image\":{\"@id\":\"https:\\\/\\\/lospoliticosveracruz.com\\\/?p=49998#primaryimage\"},\"thumbnailUrl\":\"https:\\\/\\\/lospoliticosveracruz.com\\\/wp-content\\\/uploads\\\/2019\\\/10\\\/Cordero-y-Cuic.jpeg\",\"keywords\":[\"Cuitl\u00e1huac Garc\u00eda Jim\u00e9nez\",\"Eduardo Medina Mora\",\"Javier Duarte de Ochoa\",\"L\u00f3pez Obrador\",\"Suprema Corte de Justicia de la Naci\u00f3n\",\"Xalapa\"],\"articleSection\":[\"De Opini\u00f3n\"],\"inLanguage\":\"es\",\"potentialAction\":[{\"@type\":\"CommentAction\",\"name\":\"Comment\",\"target\":[\"https:\\\/\\\/lospoliticosveracruz.com\\\/?p=49998#respond\"]}]},{\"@type\":\"WebPage\",\"@id\":\"https:\\\/\\\/lospoliticosveracruz.com\\\/?p=49998\",\"url\":\"https:\\\/\\\/lospoliticosveracruz.com\\\/?p=49998\",\"name\":\"Cuitl\u00e1huac, el beneficiado - Los pol\u00edticos Veracruz\",\"isPartOf\":{\"@id\":\"https:\\\/\\\/lospoliticosveracruz.com\\\/#website\"},\"primaryImageOfPage\":{\"@id\":\"https:\\\/\\\/lospoliticosveracruz.com\\\/?p=49998#primaryimage\"},\"image\":{\"@id\":\"https:\\\/\\\/lospoliticosveracruz.com\\\/?p=49998#primaryimage\"},\"thumbnailUrl\":\"https:\\\/\\\/lospoliticosveracruz.com\\\/wp-content\\\/uploads\\\/2019\\\/10\\\/Cordero-y-Cuic.jpeg\",\"datePublished\":\"2019-10-04T13:29:52+00:00\",\"breadcrumb\":{\"@id\":\"https:\\\/\\\/lospoliticosveracruz.com\\\/?p=49998#breadcrumb\"},\"inLanguage\":\"es\",\"potentialAction\":[{\"@type\":\"ReadAction\",\"target\":[\"https:\\\/\\\/lospoliticosveracruz.com\\\/?p=49998\"]}]},{\"@type\":\"ImageObject\",\"inLanguage\":\"es\",\"@id\":\"https:\\\/\\\/lospoliticosveracruz.com\\\/?p=49998#primaryimage\",\"url\":\"https:\\\/\\\/lospoliticosveracruz.com\\\/wp-content\\\/uploads\\\/2019\\\/10\\\/Cordero-y-Cuic.jpeg\",\"contentUrl\":\"https:\\\/\\\/lospoliticosveracruz.com\\\/wp-content\\\/uploads\\\/2019\\\/10\\\/Cordero-y-Cuic.jpeg\",\"width\":600,\"height\":332},{\"@type\":\"BreadcrumbList\",\"@id\":\"https:\\\/\\\/lospoliticosveracruz.com\\\/?p=49998#breadcrumb\",\"itemListElement\":[{\"@type\":\"ListItem\",\"position\":1,\"name\":\"Portada\",\"item\":\"https:\\\/\\\/lospoliticosveracruz.com\\\/\"},{\"@type\":\"ListItem\",\"position\":2,\"name\":\"Cuitl\u00e1huac, el beneficiado\"}]},{\"@type\":\"WebSite\",\"@id\":\"https:\\\/\\\/lospoliticosveracruz.com\\\/#website\",\"url\":\"https:\\\/\\\/lospoliticosveracruz.com\\\/\",\"name\":\"Los pol\u00edticos Veracruz\",\"description\":\"\",\"publisher\":{\"@id\":\"https:\\\/\\\/lospoliticosveracruz.com\\\/#organization\"},\"potentialAction\":[{\"@type\":\"SearchAction\",\"target\":{\"@type\":\"EntryPoint\",\"urlTemplate\":\"https:\\\/\\\/lospoliticosveracruz.com\\\/?s={search_term_string}\"},\"query-input\":{\"@type\":\"PropertyValueSpecification\",\"valueRequired\":true,\"valueName\":\"search_term_string\"}}],\"inLanguage\":\"es\"},{\"@type\":\"Organization\",\"@id\":\"https:\\\/\\\/lospoliticosveracruz.com\\\/#organization\",\"name\":\"Los pol\u00edticos Veracruz\",\"url\":\"https:\\\/\\\/lospoliticosveracruz.com\\\/\",\"logo\":{\"@type\":\"ImageObject\",\"inLanguage\":\"es\",\"@id\":\"https:\\\/\\\/lospoliticosveracruz.com\\\/#\\\/schema\\\/logo\\\/image\\\/\",\"url\":\"https:\\\/\\\/lospoliticosveracruz.com\\\/wp-content\\\/uploads\\\/2025\\\/12\\\/Logo-Nuevo-LOS-POLITICOS-1.jpg\",\"contentUrl\":\"https:\\\/\\\/lospoliticosveracruz.com\\\/wp-content\\\/uploads\\\/2025\\\/12\\\/Logo-Nuevo-LOS-POLITICOS-1.jpg\",\"width\":260,\"height\":70,\"caption\":\"Los pol\u00edticos Veracruz\"},\"image\":{\"@id\":\"https:\\\/\\\/lospoliticosveracruz.com\\\/#\\\/schema\\\/logo\\\/image\\\/\"},\"sameAs\":[\"https:\\\/\\\/www.facebook.com\\\/people\\\/Notimemes-de-los-Polticos\\\/61565672886568\\\/\",\"https:\\\/\\\/x.com\\\/LosPoliticosVer\"]},{\"@type\":\"Person\",\"@id\":\"https:\\\/\\\/lospoliticosveracruz.com\\\/#\\\/schema\\\/person\\\/b8702bb0e538456e6efd07080bf2a4a2\",\"name\":\"Lo viste en Los Pol\u00edticos\",\"image\":{\"@type\":\"ImageObject\",\"inLanguage\":\"es\",\"@id\":\"https:\\\/\\\/secure.gravatar.com\\\/avatar\\\/3a8de04a2656d44082be478bd6c086daa447c4651605818287b9532d3d0bd435?s=96&d=mm&r=g\",\"url\":\"https:\\\/\\\/secure.gravatar.com\\\/avatar\\\/3a8de04a2656d44082be478bd6c086daa447c4651605818287b9532d3d0bd435?s=96&d=mm&r=g\",\"contentUrl\":\"https:\\\/\\\/secure.gravatar.com\\\/avatar\\\/3a8de04a2656d44082be478bd6c086daa447c4651605818287b9532d3d0bd435?s=96&d=mm&r=g\",\"caption\":\"Lo viste en Los Pol\u00edticos\"},\"url\":\"https:\\\/\\\/lospoliticosveracruz.com\\\/?author=2\"}]}<\/script>\n<!-- \/ Yoast SEO plugin. -->","yoast_head_json":{"title":"Cuitl\u00e1huac, el beneficiado - Los pol\u00edticos Veracruz","robots":{"index":"index","follow":"follow","max-snippet":"max-snippet:-1","max-image-preview":"max-image-preview:large","max-video-preview":"max-video-preview:-1"},"canonical":"https:\/\/lospoliticosveracruz.com\/?p=49998","og_locale":"es_ES","og_type":"article","og_title":"Cuitl\u00e1huac, el beneficiado - Los pol\u00edticos Veracruz","og_description":"Ricardo\u00a0Ch\u00faa Sale y Vale Sea por los motivos que sea&#8230;. Pero el principal \u00abbeneficiado\u00bb de la renuncia de Eduardo Medina Mora como Ministro de la Suprema Corte de Justicia de la Naci\u00f3n, es, sin duda, el gobernador, Cuitl\u00e1huac Garc\u00eda Jim\u00e9nez&#8230; Medina Mora era el personaje que dio el fallo para que obliga al mandatario pagar [&hellip;]","og_url":"https:\/\/lospoliticosveracruz.com\/?p=49998","og_site_name":"Los pol\u00edticos Veracruz","article_publisher":"https:\/\/www.facebook.com\/people\/Notimemes-de-los-Polticos\/61565672886568\/","article_published_time":"2019-10-04T13:29:52+00:00","og_image":[{"width":600,"height":332,"url":"https:\/\/lospoliticosveracruz.com\/wp-content\/uploads\/2019\/10\/Cordero-y-Cuic.jpeg","type":"image\/jpeg"}],"author":"Lo viste en Los Pol\u00edticos","twitter_card":"summary_large_image","twitter_creator":"@LosPoliticosVer","twitter_site":"@LosPoliticosVer","twitter_misc":{"Escrito por":"Lo viste en Los Pol\u00edticos","Tiempo de lectura":"6 minutos"},"schema":{"@context":"https:\/\/schema.org","@graph":[{"@type":"Article","@id":"https:\/\/lospoliticosveracruz.com\/?p=49998#article","isPartOf":{"@id":"https:\/\/lospoliticosveracruz.com\/?p=49998"},"author":{"name":"Lo viste en Los Pol\u00edticos","@id":"https:\/\/lospoliticosveracruz.com\/#\/schema\/person\/b8702bb0e538456e6efd07080bf2a4a2"},"headline":"Cuitl\u00e1huac, el beneficiado","datePublished":"2019-10-04T13:29:52+00:00","mainEntityOfPage":{"@id":"https:\/\/lospoliticosveracruz.com\/?p=49998"},"wordCount":1269,"commentCount":0,"publisher":{"@id":"https:\/\/lospoliticosveracruz.com\/#organization"},"image":{"@id":"https:\/\/lospoliticosveracruz.com\/?p=49998#primaryimage"},"thumbnailUrl":"https:\/\/lospoliticosveracruz.com\/wp-content\/uploads\/2019\/10\/Cordero-y-Cuic.jpeg","keywords":["Cuitl\u00e1huac Garc\u00eda Jim\u00e9nez","Eduardo Medina Mora","Javier Duarte de Ochoa","L\u00f3pez Obrador","Suprema Corte de Justicia de la Naci\u00f3n","Xalapa"],"articleSection":["De Opini\u00f3n"],"inLanguage":"es","potentialAction":[{"@type":"CommentAction","name":"Comment","target":["https:\/\/lospoliticosveracruz.com\/?p=49998#respond"]}]},{"@type":"WebPage","@id":"https:\/\/lospoliticosveracruz.com\/?p=49998","url":"https:\/\/lospoliticosveracruz.com\/?p=49998","name":"Cuitl\u00e1huac, el beneficiado - Los pol\u00edticos Veracruz","isPartOf":{"@id":"https:\/\/lospoliticosveracruz.com\/#website"},"primaryImageOfPage":{"@id":"https:\/\/lospoliticosveracruz.com\/?p=49998#primaryimage"},"image":{"@id":"https:\/\/lospoliticosveracruz.com\/?p=49998#primaryimage"},"thumbnailUrl":"https:\/\/lospoliticosveracruz.com\/wp-content\/uploads\/2019\/10\/Cordero-y-Cuic.jpeg","datePublished":"2019-10-04T13:29:52+00:00","breadcrumb":{"@id":"https:\/\/lospoliticosveracruz.com\/?p=49998#breadcrumb"},"inLanguage":"es","potentialAction":[{"@type":"ReadAction","target":["https:\/\/lospoliticosveracruz.com\/?p=49998"]}]},{"@type":"ImageObject","inLanguage":"es","@id":"https:\/\/lospoliticosveracruz.com\/?p=49998#primaryimage","url":"https:\/\/lospoliticosveracruz.com\/wp-content\/uploads\/2019\/10\/Cordero-y-Cuic.jpeg","contentUrl":"https:\/\/lospoliticosveracruz.com\/wp-content\/uploads\/2019\/10\/Cordero-y-Cuic.jpeg","width":600,"height":332},{"@type":"BreadcrumbList","@id":"https:\/\/lospoliticosveracruz.com\/?p=49998#breadcrumb","itemListElement":[{"@type":"ListItem","position":1,"name":"Portada","item":"https:\/\/lospoliticosveracruz.com\/"},{"@type":"ListItem","position":2,"name":"Cuitl\u00e1huac, el beneficiado"}]},{"@type":"WebSite","@id":"https:\/\/lospoliticosveracruz.com\/#website","url":"https:\/\/lospoliticosveracruz.com\/","name":"Los pol\u00edticos Veracruz","description":"","publisher":{"@id":"https:\/\/lospoliticosveracruz.com\/#organization"},"potentialAction":[{"@type":"SearchAction","target":{"@type":"EntryPoint","urlTemplate":"https:\/\/lospoliticosveracruz.com\/?s={search_term_string}"},"query-input":{"@type":"PropertyValueSpecification","valueRequired":true,"valueName":"search_term_string"}}],"inLanguage":"es"},{"@type":"Organization","@id":"https:\/\/lospoliticosveracruz.com\/#organization","name":"Los pol\u00edticos Veracruz","url":"https:\/\/lospoliticosveracruz.com\/","logo":{"@type":"ImageObject","inLanguage":"es","@id":"https:\/\/lospoliticosveracruz.com\/#\/schema\/logo\/image\/","url":"https:\/\/lospoliticosveracruz.com\/wp-content\/uploads\/2025\/12\/Logo-Nuevo-LOS-POLITICOS-1.jpg","contentUrl":"https:\/\/lospoliticosveracruz.com\/wp-content\/uploads\/2025\/12\/Logo-Nuevo-LOS-POLITICOS-1.jpg","width":260,"height":70,"caption":"Los pol\u00edticos Veracruz"},"image":{"@id":"https:\/\/lospoliticosveracruz.com\/#\/schema\/logo\/image\/"},"sameAs":["https:\/\/www.facebook.com\/people\/Notimemes-de-los-Polticos\/61565672886568\/","https:\/\/x.com\/LosPoliticosVer"]},{"@type":"Person","@id":"https:\/\/lospoliticosveracruz.com\/#\/schema\/person\/b8702bb0e538456e6efd07080bf2a4a2","name":"Lo viste en Los Pol\u00edticos","image":{"@type":"ImageObject","inLanguage":"es","@id":"https:\/\/secure.gravatar.com\/avatar\/3a8de04a2656d44082be478bd6c086daa447c4651605818287b9532d3d0bd435?s=96&d=mm&r=g","url":"https:\/\/secure.gravatar.com\/avatar\/3a8de04a2656d44082be478bd6c086daa447c4651605818287b9532d3d0bd435?s=96&d=mm&r=g","contentUrl":"https:\/\/secure.gravatar.com\/avatar\/3a8de04a2656d44082be478bd6c086daa447c4651605818287b9532d3d0bd435?s=96&d=mm&r=g","caption":"Lo viste en Los Pol\u00edticos"},"url":"https:\/\/lospoliticosveracruz.com\/?author=2"}]}},"_links":{"self":[{"href":"https:\/\/lospoliticosveracruz.com\/index.php?rest_route=\/wp\/v2\/posts\/49998","targetHints":{"allow":["GET"]}}],"collection":[{"href":"https:\/\/lospoliticosveracruz.com\/index.php?rest_route=\/wp\/v2\/posts"}],"about":[{"href":"https:\/\/lospoliticosveracruz.com\/index.php?rest_route=\/wp\/v2\/types\/post"}],"author":[{"embeddable":true,"href":"https:\/\/lospoliticosveracruz.com\/index.php?rest_route=\/wp\/v2\/users\/2"}],"replies":[{"embeddable":true,"href":"https:\/\/lospoliticosveracruz.com\/index.php?rest_route=%2Fwp%2Fv2%2Fcomments&post=49998"}],"version-history":[{"count":1,"href":"https:\/\/lospoliticosveracruz.com\/index.php?rest_route=\/wp\/v2\/posts\/49998\/revisions"}],"predecessor-version":[{"id":50000,"href":"https:\/\/lospoliticosveracruz.com\/index.php?rest_route=\/wp\/v2\/posts\/49998\/revisions\/50000"}],"wp:featuredmedia":[{"embeddable":true,"href":"https:\/\/lospoliticosveracruz.com\/index.php?rest_route=\/wp\/v2\/media\/49999"}],"wp:attachment":[{"href":"https:\/\/lospoliticosveracruz.com\/index.php?rest_route=%2Fwp%2Fv2%2Fmedia&parent=49998"}],"wp:term":[{"taxonomy":"category","embeddable":true,"href":"https:\/\/lospoliticosveracruz.com\/index.php?rest_route=%2Fwp%2Fv2%2Fcategories&post=49998"},{"taxonomy":"post_tag","embeddable":true,"href":"https:\/\/lospoliticosveracruz.com\/index.php?rest_route=%2Fwp%2Fv2%2Ftags&post=49998"}],"curies":[{"name":"wp","href":"https:\/\/api.w.org\/{rel}","templated":true}]}}