{"id":50005,"date":"2019-10-04T08:58:45","date_gmt":"2019-10-04T13:58:45","guid":{"rendered":"http:\/\/www.lospoliticosveracruz.com.mx\/?p=50005"},"modified":"2019-10-04T08:58:45","modified_gmt":"2019-10-04T13:58:45","slug":"los-cangrejos-a-las-aulas","status":"publish","type":"post","link":"https:\/\/lospoliticosveracruz.com\/?p=50005","title":{"rendered":"Los cangrejos a las aulas"},"content":{"rendered":"<p><strong>Felipe de Jes\u00fas Fern\u00e1ndez Basilio<\/strong><\/p>\n<p><em>Desde a Janela<\/em><\/p>\n<p>Durante la \u00e9poca de la Guerra de los Tres a\u00f1os tambi\u00e9n conocida como la Guerra de Reforma los liberales sol\u00edan llamar a sus oponentes como conservadores, reaccionarios y hasta les apodaban como \u201ccangrejos\u201d, ya que esos animales caminan hacia atr\u00e1s y metaf\u00f3ricamente daban a entender que dichos adversarios miraban para atr\u00e1s despreciando los avances del liberalismo.<\/p>\n<p>As\u00ed mismo tambi\u00e9n les llamaban reaccionarios, porque precisamente reaccionaron de manera violenta a la aprobaci\u00f3n de una constituci\u00f3n que era de corte liberal y hasta dieron un golpe de estado para evitar a toda costa la aplicaci\u00f3n de esa constituci\u00f3n.<\/p>\n<p>Pues esa historia se est\u00e1 reeditando ahora con la contrarreforma educativa que entr\u00f3 en vigor el 30 de septiembre y que ir\u00f3nicamente fue propuesta y respaldada por un gobierno que se dice sucesor de los liberales del siglo XIX pero que en realidad es tan conservador como los que en ese tiempo se opusieron a los liberales.<\/p>\n<p>Y no solo es conservador, sino que tambi\u00e9n es reaccionario y lo es porque desde su campa\u00f1a L\u00f3pez prometi\u00f3 acabar con la anterior reforma educativa para devolver a los sindicatos las prebendas que ten\u00edan antes de la misma, algo as\u00ed como la \u201creligi\u00f3n y fueros\u201d que los conservadores decimon\u00f3nicos defendieron a capa y espada, ya que ahora se restauraron los fueros de los sindicatos educativos.<\/p>\n<p>Consistiendo esos fueros sindicales en tener el control de las plazas docentes, el privilegiar la antig\u00fcedad y el escalaf\u00f3n por sobre el desempe\u00f1o individual de los educadores y la preferencia en favor de determinadas escuelas como formadoras de educadores por sobre los mejores maestros independientemente del lugar en donde hayan estudiado.<\/p>\n<p>Y me detengo en esos tres aspectos, porque considero que son los m\u00e1s graves en esta contrarreforma educativa, ya que su reinstalaci\u00f3n nos deja en las mismas o a\u00fan en peores circunstancias que las que exist\u00edan previo a la reforma educativa de 2013 y ello acontece porque ahora hasta la CNTE tendr\u00e1 participaci\u00f3n directa en la asignaci\u00f3n de plazas magisteriales.<\/p>\n<p>Lo anterior lo encontramos en la nueva Ley del Sistema para la Carrera de los Maestros, misma que establece entre otras cosas que la SEP establecer\u00e1 una mesa de di\u00e1logo entre las autoridades locales educativas y los sindicatos para asignar las plazas magisteriales con lo cual se eliminan los ex\u00e1menes diagn\u00f3sticos que se ven\u00edan aplicando para obtener y en su caso conservar una plaza en el sistema educativo, es decir ser\u00e1 de nueva cuenta con un palancazo o con cualquier otra forma de corrupci\u00f3n sindical la manera en la que va a poder ingresar al servicio magisterial.<\/p>\n<p>As\u00ed mismo, la mencionada ley establece que tendr\u00e1n privilegios para ingresar al servicio p\u00fablico educativo las personas que hayan estudiado en las normales, en la Universidad Pedag\u00f3gica Nacional y en los Centros de Actualizaci\u00f3n del Magisterio, es decir con ello quedan descartados quienes hayan estudiado pedagog\u00eda en cualquier otra universidad ya sea p\u00fablica o privada independientemente de si est\u00e1n o no mejor preparados que los egresados de los centros educativos autorizados por esta ley.<\/p>\n<p>Y tambi\u00e9n en esta ley se eliminan los ex\u00e1menes diagn\u00f3sticos para otorgar becas para estudiar una maestr\u00eda o un doctorado y en su lugar son sustituidos por la cl\u00e1sica antig\u00fcedad, ya que ahora dichas becas podr\u00e1n ser otorgadas al contar con tres a\u00f1os de servicio.<\/p>\n<p>Con esta ley se privilegia el estar bien con un sindicato y el simple hecho de tener antig\u00fcedad en el servicio por sobre la b\u00fasqueda de la excelencia en la impartici\u00f3n de conocimientos a los ni\u00f1os y j\u00f3venes mexicanos; porque, aunque se mantienen ciertas evaluaciones, \u00e9stas solo ser\u00e1n meros formalismos ya que no determinar\u00e1n ni el obtener una plaza docente ni el mantener la misma ni tampoco el ser apoyado para estudiar un posgrado en la materia.<\/p>\n<p>Y los afectados van a ser los educandos mexicanos, porque seguir\u00e1n llegando al nivel profesional con una educaci\u00f3n b\u00e1sica deficiente y eso es lo peor de todo, ya que el gobierno prefiere quedar bien con los sindicatos educativos en lugar de proveer una formaci\u00f3n de calidad a la poblaci\u00f3n.<\/p>\n<p>Siendo lo m\u00e1s il\u00f3gico de todo esto que mientras deseamos tener al mejor m\u00e9dico para que nos cuide la salud o al mejor abogado para que vele por nuestros intereses, nos tenemos que conformar con tener el maestro que el sindicato asigne para la instrucci\u00f3n de nuestros hijos, independientemente de que si \u00e9ste sea bueno o no.<\/p>\n<p>Pero pues este es el resultado de haber apoyado en las elecciones pasadas a un gobierno que desde el principio prometi\u00f3 regresar los cangrejos a las aulas.<\/p>\n<p><a href=\"mailto:felfebas@gmail.com\">felfebas@gmail.com<\/a><\/p>\n<p>Twitter: @FelipeFBasilio<\/p>\n","protected":false},"excerpt":{"rendered":"<p>Felipe de Jes\u00fas Fern\u00e1ndez Basilio Desde a Janela Durante la \u00e9poca de la Guerra de los Tres a\u00f1os tambi\u00e9n conocida como la Guerra de Reforma los liberales sol\u00edan llamar a sus oponentes como conservadores, reaccionarios y hasta les apodaban como \u201ccangrejos\u201d, ya que esos animales caminan hacia atr\u00e1s y metaf\u00f3ricamente daban a entender que dichos [&hellip;]<\/p>\n","protected":false},"author":2,"featured_media":50006,"comment_status":"open","ping_status":"open","sticky":false,"template":"","format":"standard","meta":{"tdm_status":"","tdm_grid_status":"","footnotes":""},"categories":[70],"tags":[15327,3062,15325,1003,15328,15324,4165,6352,15326],"class_list":{"0":"post-50005","1":"post","2":"type-post","3":"status-publish","4":"format-standard","5":"has-post-thumbnail","7":"category-de-opinion","8":"tag-centros-de-actualizacion-del-magisterio","9":"tag-cnte","10":"tag-ley-del-sistema-para-la-carrera-de-los-maestros","11":"tag-lopez-obrador","12":"tag-pedagogia","13":"tag-plazas-magisteriales","14":"tag-reforma-educativa","15":"tag-sep","16":"tag-universidad-pedagogica-nacional"},"yoast_head":"<!-- This site is optimized with the Yoast SEO plugin v27.4 - https:\/\/yoast.com\/product\/yoast-seo-wordpress\/ -->\n<title>Los cangrejos a las aulas - Los pol\u00edticos Veracruz<\/title>\n<meta name=\"robots\" content=\"index, follow, max-snippet:-1, max-image-preview:large, max-video-preview:-1\" \/>\n<link rel=\"canonical\" href=\"https:\/\/lospoliticosveracruz.com\/?p=50005\" \/>\n<meta property=\"og:locale\" content=\"es_ES\" \/>\n<meta property=\"og:type\" content=\"article\" \/>\n<meta property=\"og:title\" content=\"Los cangrejos a las aulas - Los pol\u00edticos Veracruz\" \/>\n<meta property=\"og:description\" content=\"Felipe de Jes\u00fas Fern\u00e1ndez Basilio Desde a Janela Durante la \u00e9poca de la Guerra de los Tres a\u00f1os tambi\u00e9n conocida como la Guerra de Reforma los liberales sol\u00edan llamar a sus oponentes como conservadores, reaccionarios y hasta les apodaban como \u201ccangrejos\u201d, ya que esos animales caminan hacia atr\u00e1s y metaf\u00f3ricamente daban a entender que dichos [&hellip;]\" \/>\n<meta property=\"og:url\" content=\"https:\/\/lospoliticosveracruz.com\/?p=50005\" \/>\n<meta property=\"og:site_name\" content=\"Los pol\u00edticos Veracruz\" \/>\n<meta property=\"article:publisher\" content=\"https:\/\/www.facebook.com\/people\/Notimemes-de-los-Polticos\/61565672886568\/\" \/>\n<meta property=\"article:published_time\" content=\"2019-10-04T13:58:45+00:00\" \/>\n<meta property=\"og:image\" content=\"https:\/\/lospoliticosveracruz.com\/wp-content\/uploads\/2019\/10\/Cangrejo.jpg\" \/>\n\t<meta property=\"og:image:width\" content=\"600\" \/>\n\t<meta property=\"og:image:height\" content=\"315\" \/>\n\t<meta property=\"og:image:type\" content=\"image\/jpeg\" \/>\n<meta name=\"author\" content=\"Lo viste en Los Pol\u00edticos\" \/>\n<meta name=\"twitter:card\" content=\"summary_large_image\" \/>\n<meta name=\"twitter:creator\" content=\"@LosPoliticosVer\" \/>\n<meta name=\"twitter:site\" content=\"@LosPoliticosVer\" \/>\n<meta name=\"twitter:label1\" content=\"Escrito por\" \/>\n\t<meta name=\"twitter:data1\" content=\"Lo viste en Los Pol\u00edticos\" \/>\n\t<meta name=\"twitter:label2\" content=\"Tiempo de lectura\" \/>\n\t<meta name=\"twitter:data2\" content=\"4 minutos\" \/>\n<script type=\"application\/ld+json\" class=\"yoast-schema-graph\">{\"@context\":\"https:\\\/\\\/schema.org\",\"@graph\":[{\"@type\":\"Article\",\"@id\":\"https:\\\/\\\/lospoliticosveracruz.com\\\/?p=50005#article\",\"isPartOf\":{\"@id\":\"https:\\\/\\\/lospoliticosveracruz.com\\\/?p=50005\"},\"author\":{\"name\":\"Lo viste en Los Pol\u00edticos\",\"@id\":\"https:\\\/\\\/lospoliticosveracruz.com\\\/#\\\/schema\\\/person\\\/b8702bb0e538456e6efd07080bf2a4a2\"},\"headline\":\"Los cangrejos a las aulas\",\"datePublished\":\"2019-10-04T13:58:45+00:00\",\"mainEntityOfPage\":{\"@id\":\"https:\\\/\\\/lospoliticosveracruz.com\\\/?p=50005\"},\"wordCount\":836,\"commentCount\":0,\"publisher\":{\"@id\":\"https:\\\/\\\/lospoliticosveracruz.com\\\/#organization\"},\"image\":{\"@id\":\"https:\\\/\\\/lospoliticosveracruz.com\\\/?p=50005#primaryimage\"},\"thumbnailUrl\":\"https:\\\/\\\/lospoliticosveracruz.com\\\/wp-content\\\/uploads\\\/2019\\\/10\\\/Cangrejo.jpg\",\"keywords\":[\"Centros de Actualizaci\u00f3n del Magisterio\",\"CNTE\",\"Ley del Sistema para la Carrera de los Maestros\",\"L\u00f3pez Obrador\",\"pedagog\u00eda\",\"plazas magisteriales\",\"Reforma Educativa\",\"SEP\",\"Universidad Pedag\u00f3gica Nacional\"],\"articleSection\":[\"De Opini\u00f3n\"],\"inLanguage\":\"es\",\"potentialAction\":[{\"@type\":\"CommentAction\",\"name\":\"Comment\",\"target\":[\"https:\\\/\\\/lospoliticosveracruz.com\\\/?p=50005#respond\"]}]},{\"@type\":\"WebPage\",\"@id\":\"https:\\\/\\\/lospoliticosveracruz.com\\\/?p=50005\",\"url\":\"https:\\\/\\\/lospoliticosveracruz.com\\\/?p=50005\",\"name\":\"Los cangrejos a las aulas - Los pol\u00edticos Veracruz\",\"isPartOf\":{\"@id\":\"https:\\\/\\\/lospoliticosveracruz.com\\\/#website\"},\"primaryImageOfPage\":{\"@id\":\"https:\\\/\\\/lospoliticosveracruz.com\\\/?p=50005#primaryimage\"},\"image\":{\"@id\":\"https:\\\/\\\/lospoliticosveracruz.com\\\/?p=50005#primaryimage\"},\"thumbnailUrl\":\"https:\\\/\\\/lospoliticosveracruz.com\\\/wp-content\\\/uploads\\\/2019\\\/10\\\/Cangrejo.jpg\",\"datePublished\":\"2019-10-04T13:58:45+00:00\",\"breadcrumb\":{\"@id\":\"https:\\\/\\\/lospoliticosveracruz.com\\\/?p=50005#breadcrumb\"},\"inLanguage\":\"es\",\"potentialAction\":[{\"@type\":\"ReadAction\",\"target\":[\"https:\\\/\\\/lospoliticosveracruz.com\\\/?p=50005\"]}]},{\"@type\":\"ImageObject\",\"inLanguage\":\"es\",\"@id\":\"https:\\\/\\\/lospoliticosveracruz.com\\\/?p=50005#primaryimage\",\"url\":\"https:\\\/\\\/lospoliticosveracruz.com\\\/wp-content\\\/uploads\\\/2019\\\/10\\\/Cangrejo.jpg\",\"contentUrl\":\"https:\\\/\\\/lospoliticosveracruz.com\\\/wp-content\\\/uploads\\\/2019\\\/10\\\/Cangrejo.jpg\",\"width\":600,\"height\":315},{\"@type\":\"BreadcrumbList\",\"@id\":\"https:\\\/\\\/lospoliticosveracruz.com\\\/?p=50005#breadcrumb\",\"itemListElement\":[{\"@type\":\"ListItem\",\"position\":1,\"name\":\"Portada\",\"item\":\"https:\\\/\\\/lospoliticosveracruz.com\\\/\"},{\"@type\":\"ListItem\",\"position\":2,\"name\":\"Los cangrejos a las aulas\"}]},{\"@type\":\"WebSite\",\"@id\":\"https:\\\/\\\/lospoliticosveracruz.com\\\/#website\",\"url\":\"https:\\\/\\\/lospoliticosveracruz.com\\\/\",\"name\":\"Los pol\u00edticos Veracruz\",\"description\":\"\",\"publisher\":{\"@id\":\"https:\\\/\\\/lospoliticosveracruz.com\\\/#organization\"},\"potentialAction\":[{\"@type\":\"SearchAction\",\"target\":{\"@type\":\"EntryPoint\",\"urlTemplate\":\"https:\\\/\\\/lospoliticosveracruz.com\\\/?s={search_term_string}\"},\"query-input\":{\"@type\":\"PropertyValueSpecification\",\"valueRequired\":true,\"valueName\":\"search_term_string\"}}],\"inLanguage\":\"es\"},{\"@type\":\"Organization\",\"@id\":\"https:\\\/\\\/lospoliticosveracruz.com\\\/#organization\",\"name\":\"Los pol\u00edticos Veracruz\",\"url\":\"https:\\\/\\\/lospoliticosveracruz.com\\\/\",\"logo\":{\"@type\":\"ImageObject\",\"inLanguage\":\"es\",\"@id\":\"https:\\\/\\\/lospoliticosveracruz.com\\\/#\\\/schema\\\/logo\\\/image\\\/\",\"url\":\"https:\\\/\\\/lospoliticosveracruz.com\\\/wp-content\\\/uploads\\\/2025\\\/12\\\/Logo-Nuevo-LOS-POLITICOS-1.jpg\",\"contentUrl\":\"https:\\\/\\\/lospoliticosveracruz.com\\\/wp-content\\\/uploads\\\/2025\\\/12\\\/Logo-Nuevo-LOS-POLITICOS-1.jpg\",\"width\":260,\"height\":70,\"caption\":\"Los pol\u00edticos Veracruz\"},\"image\":{\"@id\":\"https:\\\/\\\/lospoliticosveracruz.com\\\/#\\\/schema\\\/logo\\\/image\\\/\"},\"sameAs\":[\"https:\\\/\\\/www.facebook.com\\\/people\\\/Notimemes-de-los-Polticos\\\/61565672886568\\\/\",\"https:\\\/\\\/x.com\\\/LosPoliticosVer\"]},{\"@type\":\"Person\",\"@id\":\"https:\\\/\\\/lospoliticosveracruz.com\\\/#\\\/schema\\\/person\\\/b8702bb0e538456e6efd07080bf2a4a2\",\"name\":\"Lo viste en Los Pol\u00edticos\",\"image\":{\"@type\":\"ImageObject\",\"inLanguage\":\"es\",\"@id\":\"https:\\\/\\\/secure.gravatar.com\\\/avatar\\\/3a8de04a2656d44082be478bd6c086daa447c4651605818287b9532d3d0bd435?s=96&d=mm&r=g\",\"url\":\"https:\\\/\\\/secure.gravatar.com\\\/avatar\\\/3a8de04a2656d44082be478bd6c086daa447c4651605818287b9532d3d0bd435?s=96&d=mm&r=g\",\"contentUrl\":\"https:\\\/\\\/secure.gravatar.com\\\/avatar\\\/3a8de04a2656d44082be478bd6c086daa447c4651605818287b9532d3d0bd435?s=96&d=mm&r=g\",\"caption\":\"Lo viste en Los Pol\u00edticos\"},\"url\":\"https:\\\/\\\/lospoliticosveracruz.com\\\/?author=2\"}]}<\/script>\n<!-- \/ Yoast SEO plugin. -->","yoast_head_json":{"title":"Los cangrejos a las aulas - Los pol\u00edticos Veracruz","robots":{"index":"index","follow":"follow","max-snippet":"max-snippet:-1","max-image-preview":"max-image-preview:large","max-video-preview":"max-video-preview:-1"},"canonical":"https:\/\/lospoliticosveracruz.com\/?p=50005","og_locale":"es_ES","og_type":"article","og_title":"Los cangrejos a las aulas - Los pol\u00edticos Veracruz","og_description":"Felipe de Jes\u00fas Fern\u00e1ndez Basilio Desde a Janela Durante la \u00e9poca de la Guerra de los Tres a\u00f1os tambi\u00e9n conocida como la Guerra de Reforma los liberales sol\u00edan llamar a sus oponentes como conservadores, reaccionarios y hasta les apodaban como \u201ccangrejos\u201d, ya que esos animales caminan hacia atr\u00e1s y metaf\u00f3ricamente daban a entender que dichos [&hellip;]","og_url":"https:\/\/lospoliticosveracruz.com\/?p=50005","og_site_name":"Los pol\u00edticos Veracruz","article_publisher":"https:\/\/www.facebook.com\/people\/Notimemes-de-los-Polticos\/61565672886568\/","article_published_time":"2019-10-04T13:58:45+00:00","og_image":[{"width":600,"height":315,"url":"https:\/\/lospoliticosveracruz.com\/wp-content\/uploads\/2019\/10\/Cangrejo.jpg","type":"image\/jpeg"}],"author":"Lo viste en Los Pol\u00edticos","twitter_card":"summary_large_image","twitter_creator":"@LosPoliticosVer","twitter_site":"@LosPoliticosVer","twitter_misc":{"Escrito por":"Lo viste en Los Pol\u00edticos","Tiempo de lectura":"4 minutos"},"schema":{"@context":"https:\/\/schema.org","@graph":[{"@type":"Article","@id":"https:\/\/lospoliticosveracruz.com\/?p=50005#article","isPartOf":{"@id":"https:\/\/lospoliticosveracruz.com\/?p=50005"},"author":{"name":"Lo viste en Los Pol\u00edticos","@id":"https:\/\/lospoliticosveracruz.com\/#\/schema\/person\/b8702bb0e538456e6efd07080bf2a4a2"},"headline":"Los cangrejos a las aulas","datePublished":"2019-10-04T13:58:45+00:00","mainEntityOfPage":{"@id":"https:\/\/lospoliticosveracruz.com\/?p=50005"},"wordCount":836,"commentCount":0,"publisher":{"@id":"https:\/\/lospoliticosveracruz.com\/#organization"},"image":{"@id":"https:\/\/lospoliticosveracruz.com\/?p=50005#primaryimage"},"thumbnailUrl":"https:\/\/lospoliticosveracruz.com\/wp-content\/uploads\/2019\/10\/Cangrejo.jpg","keywords":["Centros de Actualizaci\u00f3n del Magisterio","CNTE","Ley del Sistema para la Carrera de los Maestros","L\u00f3pez Obrador","pedagog\u00eda","plazas magisteriales","Reforma Educativa","SEP","Universidad Pedag\u00f3gica Nacional"],"articleSection":["De Opini\u00f3n"],"inLanguage":"es","potentialAction":[{"@type":"CommentAction","name":"Comment","target":["https:\/\/lospoliticosveracruz.com\/?p=50005#respond"]}]},{"@type":"WebPage","@id":"https:\/\/lospoliticosveracruz.com\/?p=50005","url":"https:\/\/lospoliticosveracruz.com\/?p=50005","name":"Los cangrejos a las aulas - Los pol\u00edticos Veracruz","isPartOf":{"@id":"https:\/\/lospoliticosveracruz.com\/#website"},"primaryImageOfPage":{"@id":"https:\/\/lospoliticosveracruz.com\/?p=50005#primaryimage"},"image":{"@id":"https:\/\/lospoliticosveracruz.com\/?p=50005#primaryimage"},"thumbnailUrl":"https:\/\/lospoliticosveracruz.com\/wp-content\/uploads\/2019\/10\/Cangrejo.jpg","datePublished":"2019-10-04T13:58:45+00:00","breadcrumb":{"@id":"https:\/\/lospoliticosveracruz.com\/?p=50005#breadcrumb"},"inLanguage":"es","potentialAction":[{"@type":"ReadAction","target":["https:\/\/lospoliticosveracruz.com\/?p=50005"]}]},{"@type":"ImageObject","inLanguage":"es","@id":"https:\/\/lospoliticosveracruz.com\/?p=50005#primaryimage","url":"https:\/\/lospoliticosveracruz.com\/wp-content\/uploads\/2019\/10\/Cangrejo.jpg","contentUrl":"https:\/\/lospoliticosveracruz.com\/wp-content\/uploads\/2019\/10\/Cangrejo.jpg","width":600,"height":315},{"@type":"BreadcrumbList","@id":"https:\/\/lospoliticosveracruz.com\/?p=50005#breadcrumb","itemListElement":[{"@type":"ListItem","position":1,"name":"Portada","item":"https:\/\/lospoliticosveracruz.com\/"},{"@type":"ListItem","position":2,"name":"Los cangrejos a las aulas"}]},{"@type":"WebSite","@id":"https:\/\/lospoliticosveracruz.com\/#website","url":"https:\/\/lospoliticosveracruz.com\/","name":"Los pol\u00edticos Veracruz","description":"","publisher":{"@id":"https:\/\/lospoliticosveracruz.com\/#organization"},"potentialAction":[{"@type":"SearchAction","target":{"@type":"EntryPoint","urlTemplate":"https:\/\/lospoliticosveracruz.com\/?s={search_term_string}"},"query-input":{"@type":"PropertyValueSpecification","valueRequired":true,"valueName":"search_term_string"}}],"inLanguage":"es"},{"@type":"Organization","@id":"https:\/\/lospoliticosveracruz.com\/#organization","name":"Los pol\u00edticos Veracruz","url":"https:\/\/lospoliticosveracruz.com\/","logo":{"@type":"ImageObject","inLanguage":"es","@id":"https:\/\/lospoliticosveracruz.com\/#\/schema\/logo\/image\/","url":"https:\/\/lospoliticosveracruz.com\/wp-content\/uploads\/2025\/12\/Logo-Nuevo-LOS-POLITICOS-1.jpg","contentUrl":"https:\/\/lospoliticosveracruz.com\/wp-content\/uploads\/2025\/12\/Logo-Nuevo-LOS-POLITICOS-1.jpg","width":260,"height":70,"caption":"Los pol\u00edticos Veracruz"},"image":{"@id":"https:\/\/lospoliticosveracruz.com\/#\/schema\/logo\/image\/"},"sameAs":["https:\/\/www.facebook.com\/people\/Notimemes-de-los-Polticos\/61565672886568\/","https:\/\/x.com\/LosPoliticosVer"]},{"@type":"Person","@id":"https:\/\/lospoliticosveracruz.com\/#\/schema\/person\/b8702bb0e538456e6efd07080bf2a4a2","name":"Lo viste en Los Pol\u00edticos","image":{"@type":"ImageObject","inLanguage":"es","@id":"https:\/\/secure.gravatar.com\/avatar\/3a8de04a2656d44082be478bd6c086daa447c4651605818287b9532d3d0bd435?s=96&d=mm&r=g","url":"https:\/\/secure.gravatar.com\/avatar\/3a8de04a2656d44082be478bd6c086daa447c4651605818287b9532d3d0bd435?s=96&d=mm&r=g","contentUrl":"https:\/\/secure.gravatar.com\/avatar\/3a8de04a2656d44082be478bd6c086daa447c4651605818287b9532d3d0bd435?s=96&d=mm&r=g","caption":"Lo viste en Los Pol\u00edticos"},"url":"https:\/\/lospoliticosveracruz.com\/?author=2"}]}},"_links":{"self":[{"href":"https:\/\/lospoliticosveracruz.com\/index.php?rest_route=\/wp\/v2\/posts\/50005","targetHints":{"allow":["GET"]}}],"collection":[{"href":"https:\/\/lospoliticosveracruz.com\/index.php?rest_route=\/wp\/v2\/posts"}],"about":[{"href":"https:\/\/lospoliticosveracruz.com\/index.php?rest_route=\/wp\/v2\/types\/post"}],"author":[{"embeddable":true,"href":"https:\/\/lospoliticosveracruz.com\/index.php?rest_route=\/wp\/v2\/users\/2"}],"replies":[{"embeddable":true,"href":"https:\/\/lospoliticosveracruz.com\/index.php?rest_route=%2Fwp%2Fv2%2Fcomments&post=50005"}],"version-history":[{"count":1,"href":"https:\/\/lospoliticosveracruz.com\/index.php?rest_route=\/wp\/v2\/posts\/50005\/revisions"}],"predecessor-version":[{"id":50007,"href":"https:\/\/lospoliticosveracruz.com\/index.php?rest_route=\/wp\/v2\/posts\/50005\/revisions\/50007"}],"wp:featuredmedia":[{"embeddable":true,"href":"https:\/\/lospoliticosveracruz.com\/index.php?rest_route=\/wp\/v2\/media\/50006"}],"wp:attachment":[{"href":"https:\/\/lospoliticosveracruz.com\/index.php?rest_route=%2Fwp%2Fv2%2Fmedia&parent=50005"}],"wp:term":[{"taxonomy":"category","embeddable":true,"href":"https:\/\/lospoliticosveracruz.com\/index.php?rest_route=%2Fwp%2Fv2%2Fcategories&post=50005"},{"taxonomy":"post_tag","embeddable":true,"href":"https:\/\/lospoliticosveracruz.com\/index.php?rest_route=%2Fwp%2Fv2%2Ftags&post=50005"}],"curies":[{"name":"wp","href":"https:\/\/api.w.org\/{rel}","templated":true}]}}