{"id":50012,"date":"2019-10-04T23:00:47","date_gmt":"2019-10-05T04:00:47","guid":{"rendered":"http:\/\/www.lospoliticosveracruz.com.mx\/?p=50012"},"modified":"2019-10-05T08:34:45","modified_gmt":"2019-10-05T13:34:45","slug":"los-condonados-de-veracruz","status":"publish","type":"post","link":"https:\/\/lospoliticosveracruz.com\/?p=50012","title":{"rendered":"Los condonados de Veracruz"},"content":{"rendered":"<p><strong>Brenda Caballero<\/strong><\/p>\n<p><em>N\u00fameros Rojos<\/em><\/p>\n<p>Tremenda rebambaramba caus\u00f3 la informaci\u00f3n dada a conocer por el SAT de Margarita R\u00edos Farjat a la Organizaci\u00f3n Fundar M\u00e9xico, que despu\u00e9s de 4 a\u00f1os de batallar legalmente, por fin logr\u00f3 hacer p\u00fablica la informaci\u00f3n tras el cumplimiento de la resoluci\u00f3n del INAI mediante sentencia de un juez, pues a pesar de que el INAI\u00a0hab\u00eda ordenado al SAT entregar la informaci\u00f3n a dicha organizaci\u00f3n sobre las personas y empresas beneficiadas fiscalmente del primero de enero de 2007 al 4 de mayo de 2015, nada m\u00e1s el SAT se hizo guaje durante todos esos a\u00f1os.<\/p>\n<p>La lista es enorme, incluso Jos\u00e9 Jos\u00e9\u00a0volvi\u00f3 a ser noticia despu\u00e9s de muerto, y no porque su cuerpo no apareciera, sino porque fue uno de los beneficiados por el SAT con una condonaci\u00f3n millonaria, al igual que el compositor Juan Gabriel, la ex primera dama Ang\u00e9lica Rivera, la cantante Paulina Rubio, la conductora Galilea Montijo, el cantante Ricardo Arjona, la hoy titular de la Conade Ana Guevara, la dirigente del partido Morena, Yeidckol Polevnsky, el panista Diego Fern\u00e1ndez de Cevallos, el pri\u00edsta Carlos Salinas de Gortari, el empresario Carlos Ahumada, el hoy gobernador Cuauht\u00e9moc Blanco, el abogado preso Juan Collado, as\u00ed como los Clubes de futbol de las Chivas, Cruz Azul, Pumas, Atlante, Toluca y empresas como Lala,\u00a0 CFE,\u00a0 Sabritas, La Coste\u00f1a, Chrysler y hasta Universidades P\u00fablicas como nuestra Alma M\u00e1ter, la Universidad Veracruzana. \u00a1S\u00ed! A nuestra m\u00e1xima casa de estudios le perdonaron m\u00e1s de 426 millones de pesos.<\/p>\n<p>Claro que hay m\u00e1s nombres en la lista y tambi\u00e9n datos que no fueron dados a conocer, como el de 201 personas que se ampararon para que su informaci\u00f3n no fuera revelada. Aunque por all\u00ed ya se menciona que pronto se conocer\u00e1n esos nombres.<\/p>\n<p>Durante los Gobiernos de Felipe Calder\u00f3n y Enrique Pe\u00f1a Nieto, por todos esos beneficios fiscales de condonaciones y cancelaciones de cr\u00e9ditos, el SAT dej\u00f3 de recibir 1 mil 88 mdp.<\/p>\n<p>\u00a1Vaya incongruencia eso de que a los que m\u00e1s ganan les perdonan! \u00bfno lo cree? Mientras que usted y yo que ganamos much\u00edsimo menos no nos perdonan ni un centavo.<\/p>\n<p>Pero aparte de que a la\u00a0Universidad\u00a0 Veracruzana durante los a\u00f1os 2011, 2013 y 2014 le condonaron 426 millones 586 mil 344 pesos, hubo otros beneficiados en Veracruz que seguramente\u00a0usted conoce. Aqu\u00ed m\u00e1s nombres que obtuvieron beneficios fiscales:<\/p>\n<p>En 2011, a la Secretar\u00eda de Seguridad P\u00fablica del Estado de Veracruz,\u00a0por un importe de 7 millones 343 mil pesos; en 2012, al Sistema para el Desarrollo Integral de la Familia del Estado de Veracruz por 9 millones 767 mil 739 pesos; en 2011, a la Secretar\u00eda de Desarrollo Econ\u00f3mico y Portuario del Estado de Veracruz \u00a0por un mill\u00f3n 836 mil pesos; el Sistema de Agua y Saneamiento Metropolitano Veracruz, Boca Del Rio y Medell\u00edn en 2013 se benefici\u00f3 por un mill\u00f3n 684 mil 802 pesos; en 2013, al Instituto Veracruzano de Bioenerg\u00e9ticos le condonaron un mill\u00f3n 152 mil 563 pesos; en 2011, tambi\u00e9n le toc\u00f3 al Gobierno del Estado de Veracruz siendo gobernador Javier Duarte de Ochoa, por un mill\u00f3n 185 mil pesos; en 2015, el Colegio de Bachilleres del Estado de Veracruz \u00a0se vio beneficiado por 24 millones 607 mil 916 pesos.<\/p>\n<p>Los ayuntamientos tambi\u00e9n se vieron beneficiados, siendo \u00e9stos: Tempoal, por 2 millones156 mil 467 pesos; Playa Vicente, 4 millones 906 mil 470 pesos; P\u00e1nuco, 5 millones 528 mil 710 pesos; Orizaba, por 8 millones 202 mil 432 pesos; Cuichapa, por un mill\u00f3n 193 mil 641 pesos; Catemaco,\u00a0por un mill\u00f3n 164 mil 389 pesos; Las Choapas, por un mill\u00f3n 1 82 mil 283 pesos; Cosoleacaque, por un mill\u00f3n 4 mil 963 pesos; Coatzintla, por 2 millones 653 mil 501 pesos; Boca del R\u00edo, por un mill\u00f3n\u00a0 912 mil 546 pesos, y Agua Dulce, en cantidad de un mill\u00f3n 543 mil 500 pesos.<\/p>\n<p>Por si fuera poco, tambi\u00e9n la Comisi\u00f3n Municipal de Agua Potable y Saneamiento de Coatzacoalcos le condonaron 3 millones 815 mil 298 pesos; la Comisi\u00f3n Municipal de Agua Potable y Saneamiento de Poza Rica, por 3 millones 140 mil 678 pesos; la Comisi\u00f3n Municipal de Agua Potable y Saneamiento de Acayucan, por 6 millones 335 mil 942 pesos.<\/p>\n<p>Y hablando de estas Comisiones Municipales, ya se escucha el rumor de que algunos empleados est\u00e1n pensando en pedir que les devuelvan el impuesto que les retuvieron de sus salarios, pues a ellos se los quitaron \u00a0y simplemente no lo enteraron al SAT.<\/p>\n<p>\u00bfD\u00f3nde quedar\u00eda la bolita? Bueno, m\u00e1s bien, a qui\u00e9nes se les quedar\u00edan sus retenciones.<\/p>\n<p>&nbsp;<\/p>\n<p><a href=\"mailto:caballero_brenda@hotmail.com\">caballero_brenda@hotmail.com<\/a><\/p>\n<p>@NumerosRojos_BC<\/p>\n","protected":false},"excerpt":{"rendered":"<p>Brenda Caballero N\u00fameros Rojos Tremenda rebambaramba caus\u00f3 la informaci\u00f3n dada a conocer por el SAT de Margarita R\u00edos Farjat a la Organizaci\u00f3n Fundar M\u00e9xico, que despu\u00e9s de 4 a\u00f1os de batallar legalmente, por fin logr\u00f3 hacer p\u00fablica la informaci\u00f3n tras el cumplimiento de la resoluci\u00f3n del INAI mediante sentencia de un juez, pues a pesar [&hellip;]<\/p>\n","protected":false},"author":2,"featured_media":50013,"comment_status":"open","ping_status":"open","sticky":false,"template":"","format":"standard","meta":{"tdm_status":"","tdm_grid_status":"","footnotes":""},"categories":[70],"tags":[3223,15331,1410,15302,1026,5658,115,195],"class_list":{"0":"post-50012","1":"post","2":"type-post","3":"status-publish","4":"format-standard","5":"has-post-thumbnail","7":"category-de-opinion","8":"tag-carlos-salinas-de-gortari","9":"tag-condonaciones","10":"tag-galilea-montijo","11":"tag-jose-jose","12":"tag-morena","13":"tag-paulina-rubio","14":"tag-sat","15":"tag-veracruz"},"yoast_head":"<!-- This site is optimized with the Yoast SEO plugin v27.4 - https:\/\/yoast.com\/product\/yoast-seo-wordpress\/ -->\n<title>Los condonados de Veracruz - Los pol\u00edticos Veracruz<\/title>\n<meta name=\"robots\" content=\"index, follow, max-snippet:-1, max-image-preview:large, max-video-preview:-1\" \/>\n<link rel=\"canonical\" href=\"https:\/\/lospoliticosveracruz.com\/?p=50012\" \/>\n<meta property=\"og:locale\" content=\"es_ES\" \/>\n<meta property=\"og:type\" content=\"article\" \/>\n<meta property=\"og:title\" content=\"Los condonados de Veracruz - Los pol\u00edticos Veracruz\" \/>\n<meta property=\"og:description\" content=\"Brenda Caballero N\u00fameros Rojos Tremenda rebambaramba caus\u00f3 la informaci\u00f3n dada a conocer por el SAT de Margarita R\u00edos Farjat a la Organizaci\u00f3n Fundar M\u00e9xico, que despu\u00e9s de 4 a\u00f1os de batallar legalmente, por fin logr\u00f3 hacer p\u00fablica la informaci\u00f3n tras el cumplimiento de la resoluci\u00f3n del INAI mediante sentencia de un juez, pues a pesar [&hellip;]\" \/>\n<meta property=\"og:url\" content=\"https:\/\/lospoliticosveracruz.com\/?p=50012\" \/>\n<meta property=\"og:site_name\" content=\"Los pol\u00edticos Veracruz\" \/>\n<meta property=\"article:publisher\" content=\"https:\/\/www.facebook.com\/people\/Notimemes-de-los-Polticos\/61565672886568\/\" \/>\n<meta property=\"article:published_time\" content=\"2019-10-05T04:00:47+00:00\" \/>\n<meta property=\"article:modified_time\" content=\"2019-10-05T13:34:45+00:00\" \/>\n<meta property=\"og:image\" content=\"https:\/\/lospoliticosveracruz.com\/wp-content\/uploads\/2019\/10\/pe\u00f1a-Calderon.jpeg\" \/>\n\t<meta property=\"og:image:width\" content=\"600\" \/>\n\t<meta property=\"og:image:height\" content=\"337\" \/>\n\t<meta property=\"og:image:type\" content=\"image\/jpeg\" \/>\n<meta name=\"author\" content=\"Lo viste en Los Pol\u00edticos\" \/>\n<meta name=\"twitter:card\" content=\"summary_large_image\" \/>\n<meta name=\"twitter:creator\" content=\"@LosPoliticosVer\" \/>\n<meta name=\"twitter:site\" content=\"@LosPoliticosVer\" \/>\n<meta name=\"twitter:label1\" content=\"Escrito por\" \/>\n\t<meta name=\"twitter:data1\" content=\"Lo viste en Los Pol\u00edticos\" \/>\n\t<meta name=\"twitter:label2\" content=\"Tiempo de lectura\" \/>\n\t<meta name=\"twitter:data2\" content=\"4 minutos\" \/>\n<script type=\"application\/ld+json\" class=\"yoast-schema-graph\">{\"@context\":\"https:\\\/\\\/schema.org\",\"@graph\":[{\"@type\":\"Article\",\"@id\":\"https:\\\/\\\/lospoliticosveracruz.com\\\/?p=50012#article\",\"isPartOf\":{\"@id\":\"https:\\\/\\\/lospoliticosveracruz.com\\\/?p=50012\"},\"author\":{\"name\":\"Lo viste en Los Pol\u00edticos\",\"@id\":\"https:\\\/\\\/lospoliticosveracruz.com\\\/#\\\/schema\\\/person\\\/b8702bb0e538456e6efd07080bf2a4a2\"},\"headline\":\"Los condonados de Veracruz\",\"datePublished\":\"2019-10-05T04:00:47+00:00\",\"dateModified\":\"2019-10-05T13:34:45+00:00\",\"mainEntityOfPage\":{\"@id\":\"https:\\\/\\\/lospoliticosveracruz.com\\\/?p=50012\"},\"wordCount\":761,\"commentCount\":0,\"publisher\":{\"@id\":\"https:\\\/\\\/lospoliticosveracruz.com\\\/#organization\"},\"image\":{\"@id\":\"https:\\\/\\\/lospoliticosveracruz.com\\\/?p=50012#primaryimage\"},\"thumbnailUrl\":\"https:\\\/\\\/lospoliticosveracruz.com\\\/wp-content\\\/uploads\\\/2019\\\/10\\\/pe\u00f1a-Calderon.jpeg\",\"keywords\":[\"Carlos Salinas de Gortari\",\"condonaciones\",\"Galilea Montijo\",\"Jos\u00e9 Jos\u00e9\",\"Morena\",\"Paulina Rubio\",\"SAT\",\"Veracruz\"],\"articleSection\":[\"De Opini\u00f3n\"],\"inLanguage\":\"es\",\"potentialAction\":[{\"@type\":\"CommentAction\",\"name\":\"Comment\",\"target\":[\"https:\\\/\\\/lospoliticosveracruz.com\\\/?p=50012#respond\"]}]},{\"@type\":\"WebPage\",\"@id\":\"https:\\\/\\\/lospoliticosveracruz.com\\\/?p=50012\",\"url\":\"https:\\\/\\\/lospoliticosveracruz.com\\\/?p=50012\",\"name\":\"Los condonados de Veracruz - Los pol\u00edticos Veracruz\",\"isPartOf\":{\"@id\":\"https:\\\/\\\/lospoliticosveracruz.com\\\/#website\"},\"primaryImageOfPage\":{\"@id\":\"https:\\\/\\\/lospoliticosveracruz.com\\\/?p=50012#primaryimage\"},\"image\":{\"@id\":\"https:\\\/\\\/lospoliticosveracruz.com\\\/?p=50012#primaryimage\"},\"thumbnailUrl\":\"https:\\\/\\\/lospoliticosveracruz.com\\\/wp-content\\\/uploads\\\/2019\\\/10\\\/pe\u00f1a-Calderon.jpeg\",\"datePublished\":\"2019-10-05T04:00:47+00:00\",\"dateModified\":\"2019-10-05T13:34:45+00:00\",\"breadcrumb\":{\"@id\":\"https:\\\/\\\/lospoliticosveracruz.com\\\/?p=50012#breadcrumb\"},\"inLanguage\":\"es\",\"potentialAction\":[{\"@type\":\"ReadAction\",\"target\":[\"https:\\\/\\\/lospoliticosveracruz.com\\\/?p=50012\"]}]},{\"@type\":\"ImageObject\",\"inLanguage\":\"es\",\"@id\":\"https:\\\/\\\/lospoliticosveracruz.com\\\/?p=50012#primaryimage\",\"url\":\"https:\\\/\\\/lospoliticosveracruz.com\\\/wp-content\\\/uploads\\\/2019\\\/10\\\/pe\u00f1a-Calderon.jpeg\",\"contentUrl\":\"https:\\\/\\\/lospoliticosveracruz.com\\\/wp-content\\\/uploads\\\/2019\\\/10\\\/pe\u00f1a-Calderon.jpeg\",\"width\":600,\"height\":337},{\"@type\":\"BreadcrumbList\",\"@id\":\"https:\\\/\\\/lospoliticosveracruz.com\\\/?p=50012#breadcrumb\",\"itemListElement\":[{\"@type\":\"ListItem\",\"position\":1,\"name\":\"Portada\",\"item\":\"https:\\\/\\\/lospoliticosveracruz.com\\\/\"},{\"@type\":\"ListItem\",\"position\":2,\"name\":\"Los condonados de Veracruz\"}]},{\"@type\":\"WebSite\",\"@id\":\"https:\\\/\\\/lospoliticosveracruz.com\\\/#website\",\"url\":\"https:\\\/\\\/lospoliticosveracruz.com\\\/\",\"name\":\"Los pol\u00edticos Veracruz\",\"description\":\"\",\"publisher\":{\"@id\":\"https:\\\/\\\/lospoliticosveracruz.com\\\/#organization\"},\"potentialAction\":[{\"@type\":\"SearchAction\",\"target\":{\"@type\":\"EntryPoint\",\"urlTemplate\":\"https:\\\/\\\/lospoliticosveracruz.com\\\/?s={search_term_string}\"},\"query-input\":{\"@type\":\"PropertyValueSpecification\",\"valueRequired\":true,\"valueName\":\"search_term_string\"}}],\"inLanguage\":\"es\"},{\"@type\":\"Organization\",\"@id\":\"https:\\\/\\\/lospoliticosveracruz.com\\\/#organization\",\"name\":\"Los pol\u00edticos Veracruz\",\"url\":\"https:\\\/\\\/lospoliticosveracruz.com\\\/\",\"logo\":{\"@type\":\"ImageObject\",\"inLanguage\":\"es\",\"@id\":\"https:\\\/\\\/lospoliticosveracruz.com\\\/#\\\/schema\\\/logo\\\/image\\\/\",\"url\":\"https:\\\/\\\/lospoliticosveracruz.com\\\/wp-content\\\/uploads\\\/2025\\\/12\\\/Logo-Nuevo-LOS-POLITICOS-1.jpg\",\"contentUrl\":\"https:\\\/\\\/lospoliticosveracruz.com\\\/wp-content\\\/uploads\\\/2025\\\/12\\\/Logo-Nuevo-LOS-POLITICOS-1.jpg\",\"width\":260,\"height\":70,\"caption\":\"Los pol\u00edticos Veracruz\"},\"image\":{\"@id\":\"https:\\\/\\\/lospoliticosveracruz.com\\\/#\\\/schema\\\/logo\\\/image\\\/\"},\"sameAs\":[\"https:\\\/\\\/www.facebook.com\\\/people\\\/Notimemes-de-los-Polticos\\\/61565672886568\\\/\",\"https:\\\/\\\/x.com\\\/LosPoliticosVer\"]},{\"@type\":\"Person\",\"@id\":\"https:\\\/\\\/lospoliticosveracruz.com\\\/#\\\/schema\\\/person\\\/b8702bb0e538456e6efd07080bf2a4a2\",\"name\":\"Lo viste en Los Pol\u00edticos\",\"image\":{\"@type\":\"ImageObject\",\"inLanguage\":\"es\",\"@id\":\"https:\\\/\\\/secure.gravatar.com\\\/avatar\\\/3a8de04a2656d44082be478bd6c086daa447c4651605818287b9532d3d0bd435?s=96&d=mm&r=g\",\"url\":\"https:\\\/\\\/secure.gravatar.com\\\/avatar\\\/3a8de04a2656d44082be478bd6c086daa447c4651605818287b9532d3d0bd435?s=96&d=mm&r=g\",\"contentUrl\":\"https:\\\/\\\/secure.gravatar.com\\\/avatar\\\/3a8de04a2656d44082be478bd6c086daa447c4651605818287b9532d3d0bd435?s=96&d=mm&r=g\",\"caption\":\"Lo viste en Los Pol\u00edticos\"},\"url\":\"https:\\\/\\\/lospoliticosveracruz.com\\\/?author=2\"}]}<\/script>\n<!-- \/ Yoast SEO plugin. -->","yoast_head_json":{"title":"Los condonados de Veracruz - Los pol\u00edticos Veracruz","robots":{"index":"index","follow":"follow","max-snippet":"max-snippet:-1","max-image-preview":"max-image-preview:large","max-video-preview":"max-video-preview:-1"},"canonical":"https:\/\/lospoliticosveracruz.com\/?p=50012","og_locale":"es_ES","og_type":"article","og_title":"Los condonados de Veracruz - Los pol\u00edticos Veracruz","og_description":"Brenda Caballero N\u00fameros Rojos Tremenda rebambaramba caus\u00f3 la informaci\u00f3n dada a conocer por el SAT de Margarita R\u00edos Farjat a la Organizaci\u00f3n Fundar M\u00e9xico, que despu\u00e9s de 4 a\u00f1os de batallar legalmente, por fin logr\u00f3 hacer p\u00fablica la informaci\u00f3n tras el cumplimiento de la resoluci\u00f3n del INAI mediante sentencia de un juez, pues a pesar [&hellip;]","og_url":"https:\/\/lospoliticosveracruz.com\/?p=50012","og_site_name":"Los pol\u00edticos Veracruz","article_publisher":"https:\/\/www.facebook.com\/people\/Notimemes-de-los-Polticos\/61565672886568\/","article_published_time":"2019-10-05T04:00:47+00:00","article_modified_time":"2019-10-05T13:34:45+00:00","og_image":[{"width":600,"height":337,"url":"https:\/\/lospoliticosveracruz.com\/wp-content\/uploads\/2019\/10\/pe\u00f1a-Calderon.jpeg","type":"image\/jpeg"}],"author":"Lo viste en Los Pol\u00edticos","twitter_card":"summary_large_image","twitter_creator":"@LosPoliticosVer","twitter_site":"@LosPoliticosVer","twitter_misc":{"Escrito por":"Lo viste en Los Pol\u00edticos","Tiempo de lectura":"4 minutos"},"schema":{"@context":"https:\/\/schema.org","@graph":[{"@type":"Article","@id":"https:\/\/lospoliticosveracruz.com\/?p=50012#article","isPartOf":{"@id":"https:\/\/lospoliticosveracruz.com\/?p=50012"},"author":{"name":"Lo viste en Los Pol\u00edticos","@id":"https:\/\/lospoliticosveracruz.com\/#\/schema\/person\/b8702bb0e538456e6efd07080bf2a4a2"},"headline":"Los condonados de Veracruz","datePublished":"2019-10-05T04:00:47+00:00","dateModified":"2019-10-05T13:34:45+00:00","mainEntityOfPage":{"@id":"https:\/\/lospoliticosveracruz.com\/?p=50012"},"wordCount":761,"commentCount":0,"publisher":{"@id":"https:\/\/lospoliticosveracruz.com\/#organization"},"image":{"@id":"https:\/\/lospoliticosveracruz.com\/?p=50012#primaryimage"},"thumbnailUrl":"https:\/\/lospoliticosveracruz.com\/wp-content\/uploads\/2019\/10\/pe\u00f1a-Calderon.jpeg","keywords":["Carlos Salinas de Gortari","condonaciones","Galilea Montijo","Jos\u00e9 Jos\u00e9","Morena","Paulina Rubio","SAT","Veracruz"],"articleSection":["De Opini\u00f3n"],"inLanguage":"es","potentialAction":[{"@type":"CommentAction","name":"Comment","target":["https:\/\/lospoliticosveracruz.com\/?p=50012#respond"]}]},{"@type":"WebPage","@id":"https:\/\/lospoliticosveracruz.com\/?p=50012","url":"https:\/\/lospoliticosveracruz.com\/?p=50012","name":"Los condonados de Veracruz - Los pol\u00edticos Veracruz","isPartOf":{"@id":"https:\/\/lospoliticosveracruz.com\/#website"},"primaryImageOfPage":{"@id":"https:\/\/lospoliticosveracruz.com\/?p=50012#primaryimage"},"image":{"@id":"https:\/\/lospoliticosveracruz.com\/?p=50012#primaryimage"},"thumbnailUrl":"https:\/\/lospoliticosveracruz.com\/wp-content\/uploads\/2019\/10\/pe\u00f1a-Calderon.jpeg","datePublished":"2019-10-05T04:00:47+00:00","dateModified":"2019-10-05T13:34:45+00:00","breadcrumb":{"@id":"https:\/\/lospoliticosveracruz.com\/?p=50012#breadcrumb"},"inLanguage":"es","potentialAction":[{"@type":"ReadAction","target":["https:\/\/lospoliticosveracruz.com\/?p=50012"]}]},{"@type":"ImageObject","inLanguage":"es","@id":"https:\/\/lospoliticosveracruz.com\/?p=50012#primaryimage","url":"https:\/\/lospoliticosveracruz.com\/wp-content\/uploads\/2019\/10\/pe\u00f1a-Calderon.jpeg","contentUrl":"https:\/\/lospoliticosveracruz.com\/wp-content\/uploads\/2019\/10\/pe\u00f1a-Calderon.jpeg","width":600,"height":337},{"@type":"BreadcrumbList","@id":"https:\/\/lospoliticosveracruz.com\/?p=50012#breadcrumb","itemListElement":[{"@type":"ListItem","position":1,"name":"Portada","item":"https:\/\/lospoliticosveracruz.com\/"},{"@type":"ListItem","position":2,"name":"Los condonados de Veracruz"}]},{"@type":"WebSite","@id":"https:\/\/lospoliticosveracruz.com\/#website","url":"https:\/\/lospoliticosveracruz.com\/","name":"Los pol\u00edticos Veracruz","description":"","publisher":{"@id":"https:\/\/lospoliticosveracruz.com\/#organization"},"potentialAction":[{"@type":"SearchAction","target":{"@type":"EntryPoint","urlTemplate":"https:\/\/lospoliticosveracruz.com\/?s={search_term_string}"},"query-input":{"@type":"PropertyValueSpecification","valueRequired":true,"valueName":"search_term_string"}}],"inLanguage":"es"},{"@type":"Organization","@id":"https:\/\/lospoliticosveracruz.com\/#organization","name":"Los pol\u00edticos Veracruz","url":"https:\/\/lospoliticosveracruz.com\/","logo":{"@type":"ImageObject","inLanguage":"es","@id":"https:\/\/lospoliticosveracruz.com\/#\/schema\/logo\/image\/","url":"https:\/\/lospoliticosveracruz.com\/wp-content\/uploads\/2025\/12\/Logo-Nuevo-LOS-POLITICOS-1.jpg","contentUrl":"https:\/\/lospoliticosveracruz.com\/wp-content\/uploads\/2025\/12\/Logo-Nuevo-LOS-POLITICOS-1.jpg","width":260,"height":70,"caption":"Los pol\u00edticos Veracruz"},"image":{"@id":"https:\/\/lospoliticosveracruz.com\/#\/schema\/logo\/image\/"},"sameAs":["https:\/\/www.facebook.com\/people\/Notimemes-de-los-Polticos\/61565672886568\/","https:\/\/x.com\/LosPoliticosVer"]},{"@type":"Person","@id":"https:\/\/lospoliticosveracruz.com\/#\/schema\/person\/b8702bb0e538456e6efd07080bf2a4a2","name":"Lo viste en Los Pol\u00edticos","image":{"@type":"ImageObject","inLanguage":"es","@id":"https:\/\/secure.gravatar.com\/avatar\/3a8de04a2656d44082be478bd6c086daa447c4651605818287b9532d3d0bd435?s=96&d=mm&r=g","url":"https:\/\/secure.gravatar.com\/avatar\/3a8de04a2656d44082be478bd6c086daa447c4651605818287b9532d3d0bd435?s=96&d=mm&r=g","contentUrl":"https:\/\/secure.gravatar.com\/avatar\/3a8de04a2656d44082be478bd6c086daa447c4651605818287b9532d3d0bd435?s=96&d=mm&r=g","caption":"Lo viste en Los Pol\u00edticos"},"url":"https:\/\/lospoliticosveracruz.com\/?author=2"}]}},"_links":{"self":[{"href":"https:\/\/lospoliticosveracruz.com\/index.php?rest_route=\/wp\/v2\/posts\/50012","targetHints":{"allow":["GET"]}}],"collection":[{"href":"https:\/\/lospoliticosveracruz.com\/index.php?rest_route=\/wp\/v2\/posts"}],"about":[{"href":"https:\/\/lospoliticosveracruz.com\/index.php?rest_route=\/wp\/v2\/types\/post"}],"author":[{"embeddable":true,"href":"https:\/\/lospoliticosveracruz.com\/index.php?rest_route=\/wp\/v2\/users\/2"}],"replies":[{"embeddable":true,"href":"https:\/\/lospoliticosveracruz.com\/index.php?rest_route=%2Fwp%2Fv2%2Fcomments&post=50012"}],"version-history":[{"count":2,"href":"https:\/\/lospoliticosveracruz.com\/index.php?rest_route=\/wp\/v2\/posts\/50012\/revisions"}],"predecessor-version":[{"id":50015,"href":"https:\/\/lospoliticosveracruz.com\/index.php?rest_route=\/wp\/v2\/posts\/50012\/revisions\/50015"}],"wp:featuredmedia":[{"embeddable":true,"href":"https:\/\/lospoliticosveracruz.com\/index.php?rest_route=\/wp\/v2\/media\/50013"}],"wp:attachment":[{"href":"https:\/\/lospoliticosveracruz.com\/index.php?rest_route=%2Fwp%2Fv2%2Fmedia&parent=50012"}],"wp:term":[{"taxonomy":"category","embeddable":true,"href":"https:\/\/lospoliticosveracruz.com\/index.php?rest_route=%2Fwp%2Fv2%2Fcategories&post=50012"},{"taxonomy":"post_tag","embeddable":true,"href":"https:\/\/lospoliticosveracruz.com\/index.php?rest_route=%2Fwp%2Fv2%2Ftags&post=50012"}],"curies":[{"name":"wp","href":"https:\/\/api.w.org\/{rel}","templated":true}]}}