{"id":50115,"date":"2019-10-12T08:40:39","date_gmt":"2019-10-12T13:40:39","guid":{"rendered":"http:\/\/www.lospoliticosveracruz.com.mx\/?p=50115"},"modified":"2019-10-12T08:40:39","modified_gmt":"2019-10-12T13:40:39","slug":"con-rehabilitacion-de-carretera-a-cosautlan-se-honrara-legado-de-angel-carvajal-raymundo","status":"publish","type":"post","link":"https:\/\/lospoliticosveracruz.com\/?p=50115","title":{"rendered":"Con rehabilitaci\u00f3n de carretera a Cosautl\u00e1n, se\u00a0honrar\u00e1 legado de \u00c1ngel Carvajal: Raymundo"},"content":{"rendered":"<p>&nbsp;<\/p>\n<p>El legislador por Coatepec, Raymundo Andrade Rivera afirm\u00f3, que la rehabilitaci\u00f3n de la carretera a Cosautl\u00e1n, que habr\u00e1 de realizar el gobierno de Cuitl\u00e1huac Garc\u00eda, ser\u00e1 la mejor forma de honrar la memoria del ex gobernador \u00c1ngel Carvajal, importante vialidad que gobiernos pasados, tanto estatales como municipales mantuvieron en el abandono.<\/p>\n<p>Al participar en la donaci\u00f3n de archivos personales del ex gobernador de Veracruz, por parte de familiares al Archivo General del Estado, el diputado Raymundo Andrade puntualiz\u00f3 que Carvajal Bernal fue un gran benefactor del municipio de Cosautl\u00e1n, ubicado dentro del Distrito XII con cabecera en Coatepec, siendo el primer gobernador que se preocup\u00f3 por mejorar la comunicaci\u00f3n carretera hacia dicho municipio e impulsar su desarrollo urbano y social, de ah\u00ed que en 1950 se le denominara oficialmente Cosautl\u00e1n de Carvajal.<\/p>\n<p>Como legislador, enfatiz\u00f3, le estamos dando seguimiento al tema de la carretera a Cosautl\u00e1n que durante las administraciones estatales pasadas as\u00ed como municipales, no se preocuparon por gestionar los recursos para esta obra y cuando lo hicieron, incurrieron en irregularidades que hoy est\u00e1 por resolver la Secretar\u00eda de Infraestructura y Obras P\u00fablicas (SIOP).<\/p>\n<p>\u201cEs lamentable, que en la pasada administraci\u00f3n hayan destinado recursos para la carretera y no se hayan ejercido o en el peor de los casos, se hayan desviado para otros fines. El secretario de Infraestructura y Obras P\u00fablicas, Elio Hern\u00e1ndez, ya tom\u00f3 cartas en el asunto y est\u00e1 por resolver el problema jur\u00eddico derivado de esta acci\u00f3n ilegal; sin duda, la reconstrucci\u00f3n de esta importante vialidad, ser\u00e1 la mejor manera de honrar el legado del exgobernador \u00c1ngel Carvajal\u201d, expres\u00f3.<\/p>\n<p>En este evento, realizado en el Archivo General del Estado, el diputado de MORENA, salud\u00f3 a las familiares del ex gobernador de Veracruz, 1948-1950, Magda Carvajal Moreno, hija, y Gustavo Carvajal Isunza, nieto; as\u00ed como Diego Casta\u00f1eda Aburto, director general Jur\u00eddico de la Secretar\u00eda de Gobierno; Ram\u00f3n Ramos Niembro, coordinador de Asesores de la Secretar\u00eda de Gobierno y quien ostent\u00f3 la representaci\u00f3n del gobernador Cuitl\u00e1huac Garc\u00eda Jim\u00e9nez, as\u00ed como al titular del Archivo General del Estado, Juan Eloy Rivera Vel\u00e1zquez.<\/p>\n","protected":false},"excerpt":{"rendered":"<p>&nbsp; El legislador por Coatepec, Raymundo Andrade Rivera afirm\u00f3, que la rehabilitaci\u00f3n de la carretera a Cosautl\u00e1n, que habr\u00e1 de realizar el gobierno de Cuitl\u00e1huac Garc\u00eda, ser\u00e1 la mejor forma de honrar la memoria del ex gobernador \u00c1ngel Carvajal, importante vialidad que gobiernos pasados, tanto estatales como municipales mantuvieron en el abandono. Al participar en [&hellip;]<\/p>\n","protected":false},"author":2,"featured_media":50116,"comment_status":"open","ping_status":"open","sticky":false,"template":"","format":"standard","meta":{"tdm_status":"","tdm_grid_status":"","footnotes":""},"categories":[73],"tags":[277,4147,1681,15389,15388,15391,15387,15390,13203,342,195],"class_list":{"0":"post-50115","1":"post","2":"type-post","3":"status-publish","4":"format-standard","5":"has-post-thumbnail","7":"category-de-boleto","8":"tag-coatepec","9":"tag-cosautlan","10":"tag-cuitlahuac-garcia","11":"tag-diego-castaneda-aburto","12":"tag-gustavo-carvajal-isunza","13":"tag-juan-eloy-rivera-velazquez","14":"tag-magda-carvajal-moreno","15":"tag-ramon-ramos-niembro","16":"tag-raymundo-andrade-rivera","17":"tag-siop","18":"tag-veracruz"},"yoast_head":"<!-- This site is optimized with the Yoast SEO plugin v27.4 - https:\/\/yoast.com\/product\/yoast-seo-wordpress\/ -->\n<title>Con rehabilitaci\u00f3n de carretera a Cosautl\u00e1n, se\u00a0honrar\u00e1 legado de \u00c1ngel Carvajal: Raymundo - Los pol\u00edticos Veracruz<\/title>\n<meta name=\"robots\" content=\"index, follow, max-snippet:-1, max-image-preview:large, max-video-preview:-1\" \/>\n<link rel=\"canonical\" href=\"https:\/\/lospoliticosveracruz.com\/?p=50115\" \/>\n<meta property=\"og:locale\" content=\"es_ES\" \/>\n<meta property=\"og:type\" content=\"article\" \/>\n<meta property=\"og:title\" content=\"Con rehabilitaci\u00f3n de carretera a Cosautl\u00e1n, se\u00a0honrar\u00e1 legado de \u00c1ngel Carvajal: Raymundo - Los pol\u00edticos Veracruz\" \/>\n<meta property=\"og:description\" content=\"&nbsp; El legislador por Coatepec, Raymundo Andrade Rivera afirm\u00f3, que la rehabilitaci\u00f3n de la carretera a Cosautl\u00e1n, que habr\u00e1 de realizar el gobierno de Cuitl\u00e1huac Garc\u00eda, ser\u00e1 la mejor forma de honrar la memoria del ex gobernador \u00c1ngel Carvajal, importante vialidad que gobiernos pasados, tanto estatales como municipales mantuvieron en el abandono. Al participar en [&hellip;]\" \/>\n<meta property=\"og:url\" content=\"https:\/\/lospoliticosveracruz.com\/?p=50115\" \/>\n<meta property=\"og:site_name\" content=\"Los pol\u00edticos Veracruz\" \/>\n<meta property=\"article:publisher\" content=\"https:\/\/www.facebook.com\/people\/Notimemes-de-los-Polticos\/61565672886568\/\" \/>\n<meta property=\"article:published_time\" content=\"2019-10-12T13:40:39+00:00\" \/>\n<meta property=\"og:image\" content=\"https:\/\/lospoliticosveracruz.com\/wp-content\/uploads\/2019\/10\/Morena.jpeg\" \/>\n\t<meta property=\"og:image:width\" content=\"600\" \/>\n\t<meta property=\"og:image:height\" content=\"400\" \/>\n\t<meta property=\"og:image:type\" content=\"image\/jpeg\" \/>\n<meta name=\"author\" content=\"Lo viste en Los Pol\u00edticos\" \/>\n<meta name=\"twitter:card\" content=\"summary_large_image\" \/>\n<meta name=\"twitter:creator\" content=\"@LosPoliticosVer\" \/>\n<meta name=\"twitter:site\" content=\"@LosPoliticosVer\" \/>\n<meta name=\"twitter:label1\" content=\"Escrito por\" \/>\n\t<meta name=\"twitter:data1\" content=\"Lo viste en Los Pol\u00edticos\" \/>\n\t<meta name=\"twitter:label2\" content=\"Tiempo de lectura\" \/>\n\t<meta name=\"twitter:data2\" content=\"2 minutos\" \/>\n<script type=\"application\/ld+json\" class=\"yoast-schema-graph\">{\"@context\":\"https:\\\/\\\/schema.org\",\"@graph\":[{\"@type\":\"Article\",\"@id\":\"https:\\\/\\\/lospoliticosveracruz.com\\\/?p=50115#article\",\"isPartOf\":{\"@id\":\"https:\\\/\\\/lospoliticosveracruz.com\\\/?p=50115\"},\"author\":{\"name\":\"Lo viste en Los Pol\u00edticos\",\"@id\":\"https:\\\/\\\/lospoliticosveracruz.com\\\/#\\\/schema\\\/person\\\/b8702bb0e538456e6efd07080bf2a4a2\"},\"headline\":\"Con rehabilitaci\u00f3n de carretera a Cosautl\u00e1n, se\u00a0honrar\u00e1 legado de \u00c1ngel Carvajal: Raymundo\",\"datePublished\":\"2019-10-12T13:40:39+00:00\",\"mainEntityOfPage\":{\"@id\":\"https:\\\/\\\/lospoliticosveracruz.com\\\/?p=50115\"},\"wordCount\":386,\"commentCount\":0,\"publisher\":{\"@id\":\"https:\\\/\\\/lospoliticosveracruz.com\\\/#organization\"},\"image\":{\"@id\":\"https:\\\/\\\/lospoliticosveracruz.com\\\/?p=50115#primaryimage\"},\"thumbnailUrl\":\"https:\\\/\\\/lospoliticosveracruz.com\\\/wp-content\\\/uploads\\\/2019\\\/10\\\/Morena.jpeg\",\"keywords\":[\"Coatepec\",\"Cosautl\u00e1n\",\"Cuitl\u00e1huac Garc\u00eda\",\"Diego Casta\u00f1eda Aburto\",\"Gustavo Carvajal Isunza\",\"Juan Eloy Rivera Vel\u00e1zquez\",\"Magda Carvajal Moreno\",\"Ram\u00f3n Ramos Niembro\",\"Raymundo Andrade Rivera\",\"SIOP\",\"Veracruz\"],\"articleSection\":[\"De Boleto\"],\"inLanguage\":\"es\",\"potentialAction\":[{\"@type\":\"CommentAction\",\"name\":\"Comment\",\"target\":[\"https:\\\/\\\/lospoliticosveracruz.com\\\/?p=50115#respond\"]}]},{\"@type\":\"WebPage\",\"@id\":\"https:\\\/\\\/lospoliticosveracruz.com\\\/?p=50115\",\"url\":\"https:\\\/\\\/lospoliticosveracruz.com\\\/?p=50115\",\"name\":\"Con rehabilitaci\u00f3n de carretera a Cosautl\u00e1n, se\u00a0honrar\u00e1 legado de \u00c1ngel Carvajal: Raymundo - Los pol\u00edticos Veracruz\",\"isPartOf\":{\"@id\":\"https:\\\/\\\/lospoliticosveracruz.com\\\/#website\"},\"primaryImageOfPage\":{\"@id\":\"https:\\\/\\\/lospoliticosveracruz.com\\\/?p=50115#primaryimage\"},\"image\":{\"@id\":\"https:\\\/\\\/lospoliticosveracruz.com\\\/?p=50115#primaryimage\"},\"thumbnailUrl\":\"https:\\\/\\\/lospoliticosveracruz.com\\\/wp-content\\\/uploads\\\/2019\\\/10\\\/Morena.jpeg\",\"datePublished\":\"2019-10-12T13:40:39+00:00\",\"breadcrumb\":{\"@id\":\"https:\\\/\\\/lospoliticosveracruz.com\\\/?p=50115#breadcrumb\"},\"inLanguage\":\"es\",\"potentialAction\":[{\"@type\":\"ReadAction\",\"target\":[\"https:\\\/\\\/lospoliticosveracruz.com\\\/?p=50115\"]}]},{\"@type\":\"ImageObject\",\"inLanguage\":\"es\",\"@id\":\"https:\\\/\\\/lospoliticosveracruz.com\\\/?p=50115#primaryimage\",\"url\":\"https:\\\/\\\/lospoliticosveracruz.com\\\/wp-content\\\/uploads\\\/2019\\\/10\\\/Morena.jpeg\",\"contentUrl\":\"https:\\\/\\\/lospoliticosveracruz.com\\\/wp-content\\\/uploads\\\/2019\\\/10\\\/Morena.jpeg\",\"width\":600,\"height\":400},{\"@type\":\"BreadcrumbList\",\"@id\":\"https:\\\/\\\/lospoliticosveracruz.com\\\/?p=50115#breadcrumb\",\"itemListElement\":[{\"@type\":\"ListItem\",\"position\":1,\"name\":\"Portada\",\"item\":\"https:\\\/\\\/lospoliticosveracruz.com\\\/\"},{\"@type\":\"ListItem\",\"position\":2,\"name\":\"Con rehabilitaci\u00f3n de carretera a Cosautl\u00e1n, se\u00a0honrar\u00e1 legado de \u00c1ngel Carvajal: Raymundo\"}]},{\"@type\":\"WebSite\",\"@id\":\"https:\\\/\\\/lospoliticosveracruz.com\\\/#website\",\"url\":\"https:\\\/\\\/lospoliticosveracruz.com\\\/\",\"name\":\"Los pol\u00edticos Veracruz\",\"description\":\"\",\"publisher\":{\"@id\":\"https:\\\/\\\/lospoliticosveracruz.com\\\/#organization\"},\"potentialAction\":[{\"@type\":\"SearchAction\",\"target\":{\"@type\":\"EntryPoint\",\"urlTemplate\":\"https:\\\/\\\/lospoliticosveracruz.com\\\/?s={search_term_string}\"},\"query-input\":{\"@type\":\"PropertyValueSpecification\",\"valueRequired\":true,\"valueName\":\"search_term_string\"}}],\"inLanguage\":\"es\"},{\"@type\":\"Organization\",\"@id\":\"https:\\\/\\\/lospoliticosveracruz.com\\\/#organization\",\"name\":\"Los pol\u00edticos Veracruz\",\"url\":\"https:\\\/\\\/lospoliticosveracruz.com\\\/\",\"logo\":{\"@type\":\"ImageObject\",\"inLanguage\":\"es\",\"@id\":\"https:\\\/\\\/lospoliticosveracruz.com\\\/#\\\/schema\\\/logo\\\/image\\\/\",\"url\":\"https:\\\/\\\/lospoliticosveracruz.com\\\/wp-content\\\/uploads\\\/2025\\\/12\\\/Logo-Nuevo-LOS-POLITICOS-1.jpg\",\"contentUrl\":\"https:\\\/\\\/lospoliticosveracruz.com\\\/wp-content\\\/uploads\\\/2025\\\/12\\\/Logo-Nuevo-LOS-POLITICOS-1.jpg\",\"width\":260,\"height\":70,\"caption\":\"Los pol\u00edticos Veracruz\"},\"image\":{\"@id\":\"https:\\\/\\\/lospoliticosveracruz.com\\\/#\\\/schema\\\/logo\\\/image\\\/\"},\"sameAs\":[\"https:\\\/\\\/www.facebook.com\\\/people\\\/Notimemes-de-los-Polticos\\\/61565672886568\\\/\",\"https:\\\/\\\/x.com\\\/LosPoliticosVer\"]},{\"@type\":\"Person\",\"@id\":\"https:\\\/\\\/lospoliticosveracruz.com\\\/#\\\/schema\\\/person\\\/b8702bb0e538456e6efd07080bf2a4a2\",\"name\":\"Lo viste en Los Pol\u00edticos\",\"image\":{\"@type\":\"ImageObject\",\"inLanguage\":\"es\",\"@id\":\"https:\\\/\\\/secure.gravatar.com\\\/avatar\\\/3a8de04a2656d44082be478bd6c086daa447c4651605818287b9532d3d0bd435?s=96&d=mm&r=g\",\"url\":\"https:\\\/\\\/secure.gravatar.com\\\/avatar\\\/3a8de04a2656d44082be478bd6c086daa447c4651605818287b9532d3d0bd435?s=96&d=mm&r=g\",\"contentUrl\":\"https:\\\/\\\/secure.gravatar.com\\\/avatar\\\/3a8de04a2656d44082be478bd6c086daa447c4651605818287b9532d3d0bd435?s=96&d=mm&r=g\",\"caption\":\"Lo viste en Los Pol\u00edticos\"},\"url\":\"https:\\\/\\\/lospoliticosveracruz.com\\\/?author=2\"}]}<\/script>\n<!-- \/ Yoast SEO plugin. -->","yoast_head_json":{"title":"Con rehabilitaci\u00f3n de carretera a Cosautl\u00e1n, se\u00a0honrar\u00e1 legado de \u00c1ngel Carvajal: Raymundo - Los pol\u00edticos Veracruz","robots":{"index":"index","follow":"follow","max-snippet":"max-snippet:-1","max-image-preview":"max-image-preview:large","max-video-preview":"max-video-preview:-1"},"canonical":"https:\/\/lospoliticosveracruz.com\/?p=50115","og_locale":"es_ES","og_type":"article","og_title":"Con rehabilitaci\u00f3n de carretera a Cosautl\u00e1n, se\u00a0honrar\u00e1 legado de \u00c1ngel Carvajal: Raymundo - Los pol\u00edticos Veracruz","og_description":"&nbsp; El legislador por Coatepec, Raymundo Andrade Rivera afirm\u00f3, que la rehabilitaci\u00f3n de la carretera a Cosautl\u00e1n, que habr\u00e1 de realizar el gobierno de Cuitl\u00e1huac Garc\u00eda, ser\u00e1 la mejor forma de honrar la memoria del ex gobernador \u00c1ngel Carvajal, importante vialidad que gobiernos pasados, tanto estatales como municipales mantuvieron en el abandono. Al participar en [&hellip;]","og_url":"https:\/\/lospoliticosveracruz.com\/?p=50115","og_site_name":"Los pol\u00edticos Veracruz","article_publisher":"https:\/\/www.facebook.com\/people\/Notimemes-de-los-Polticos\/61565672886568\/","article_published_time":"2019-10-12T13:40:39+00:00","og_image":[{"width":600,"height":400,"url":"https:\/\/lospoliticosveracruz.com\/wp-content\/uploads\/2019\/10\/Morena.jpeg","type":"image\/jpeg"}],"author":"Lo viste en Los Pol\u00edticos","twitter_card":"summary_large_image","twitter_creator":"@LosPoliticosVer","twitter_site":"@LosPoliticosVer","twitter_misc":{"Escrito por":"Lo viste en Los Pol\u00edticos","Tiempo de lectura":"2 minutos"},"schema":{"@context":"https:\/\/schema.org","@graph":[{"@type":"Article","@id":"https:\/\/lospoliticosveracruz.com\/?p=50115#article","isPartOf":{"@id":"https:\/\/lospoliticosveracruz.com\/?p=50115"},"author":{"name":"Lo viste en Los Pol\u00edticos","@id":"https:\/\/lospoliticosveracruz.com\/#\/schema\/person\/b8702bb0e538456e6efd07080bf2a4a2"},"headline":"Con rehabilitaci\u00f3n de carretera a Cosautl\u00e1n, se\u00a0honrar\u00e1 legado de \u00c1ngel Carvajal: Raymundo","datePublished":"2019-10-12T13:40:39+00:00","mainEntityOfPage":{"@id":"https:\/\/lospoliticosveracruz.com\/?p=50115"},"wordCount":386,"commentCount":0,"publisher":{"@id":"https:\/\/lospoliticosveracruz.com\/#organization"},"image":{"@id":"https:\/\/lospoliticosveracruz.com\/?p=50115#primaryimage"},"thumbnailUrl":"https:\/\/lospoliticosveracruz.com\/wp-content\/uploads\/2019\/10\/Morena.jpeg","keywords":["Coatepec","Cosautl\u00e1n","Cuitl\u00e1huac Garc\u00eda","Diego Casta\u00f1eda Aburto","Gustavo Carvajal Isunza","Juan Eloy Rivera Vel\u00e1zquez","Magda Carvajal Moreno","Ram\u00f3n Ramos Niembro","Raymundo Andrade Rivera","SIOP","Veracruz"],"articleSection":["De Boleto"],"inLanguage":"es","potentialAction":[{"@type":"CommentAction","name":"Comment","target":["https:\/\/lospoliticosveracruz.com\/?p=50115#respond"]}]},{"@type":"WebPage","@id":"https:\/\/lospoliticosveracruz.com\/?p=50115","url":"https:\/\/lospoliticosveracruz.com\/?p=50115","name":"Con rehabilitaci\u00f3n de carretera a Cosautl\u00e1n, se\u00a0honrar\u00e1 legado de \u00c1ngel Carvajal: Raymundo - Los pol\u00edticos Veracruz","isPartOf":{"@id":"https:\/\/lospoliticosveracruz.com\/#website"},"primaryImageOfPage":{"@id":"https:\/\/lospoliticosveracruz.com\/?p=50115#primaryimage"},"image":{"@id":"https:\/\/lospoliticosveracruz.com\/?p=50115#primaryimage"},"thumbnailUrl":"https:\/\/lospoliticosveracruz.com\/wp-content\/uploads\/2019\/10\/Morena.jpeg","datePublished":"2019-10-12T13:40:39+00:00","breadcrumb":{"@id":"https:\/\/lospoliticosveracruz.com\/?p=50115#breadcrumb"},"inLanguage":"es","potentialAction":[{"@type":"ReadAction","target":["https:\/\/lospoliticosveracruz.com\/?p=50115"]}]},{"@type":"ImageObject","inLanguage":"es","@id":"https:\/\/lospoliticosveracruz.com\/?p=50115#primaryimage","url":"https:\/\/lospoliticosveracruz.com\/wp-content\/uploads\/2019\/10\/Morena.jpeg","contentUrl":"https:\/\/lospoliticosveracruz.com\/wp-content\/uploads\/2019\/10\/Morena.jpeg","width":600,"height":400},{"@type":"BreadcrumbList","@id":"https:\/\/lospoliticosveracruz.com\/?p=50115#breadcrumb","itemListElement":[{"@type":"ListItem","position":1,"name":"Portada","item":"https:\/\/lospoliticosveracruz.com\/"},{"@type":"ListItem","position":2,"name":"Con rehabilitaci\u00f3n de carretera a Cosautl\u00e1n, se\u00a0honrar\u00e1 legado de \u00c1ngel Carvajal: Raymundo"}]},{"@type":"WebSite","@id":"https:\/\/lospoliticosveracruz.com\/#website","url":"https:\/\/lospoliticosveracruz.com\/","name":"Los pol\u00edticos Veracruz","description":"","publisher":{"@id":"https:\/\/lospoliticosveracruz.com\/#organization"},"potentialAction":[{"@type":"SearchAction","target":{"@type":"EntryPoint","urlTemplate":"https:\/\/lospoliticosveracruz.com\/?s={search_term_string}"},"query-input":{"@type":"PropertyValueSpecification","valueRequired":true,"valueName":"search_term_string"}}],"inLanguage":"es"},{"@type":"Organization","@id":"https:\/\/lospoliticosveracruz.com\/#organization","name":"Los pol\u00edticos Veracruz","url":"https:\/\/lospoliticosveracruz.com\/","logo":{"@type":"ImageObject","inLanguage":"es","@id":"https:\/\/lospoliticosveracruz.com\/#\/schema\/logo\/image\/","url":"https:\/\/lospoliticosveracruz.com\/wp-content\/uploads\/2025\/12\/Logo-Nuevo-LOS-POLITICOS-1.jpg","contentUrl":"https:\/\/lospoliticosveracruz.com\/wp-content\/uploads\/2025\/12\/Logo-Nuevo-LOS-POLITICOS-1.jpg","width":260,"height":70,"caption":"Los pol\u00edticos Veracruz"},"image":{"@id":"https:\/\/lospoliticosveracruz.com\/#\/schema\/logo\/image\/"},"sameAs":["https:\/\/www.facebook.com\/people\/Notimemes-de-los-Polticos\/61565672886568\/","https:\/\/x.com\/LosPoliticosVer"]},{"@type":"Person","@id":"https:\/\/lospoliticosveracruz.com\/#\/schema\/person\/b8702bb0e538456e6efd07080bf2a4a2","name":"Lo viste en Los Pol\u00edticos","image":{"@type":"ImageObject","inLanguage":"es","@id":"https:\/\/secure.gravatar.com\/avatar\/3a8de04a2656d44082be478bd6c086daa447c4651605818287b9532d3d0bd435?s=96&d=mm&r=g","url":"https:\/\/secure.gravatar.com\/avatar\/3a8de04a2656d44082be478bd6c086daa447c4651605818287b9532d3d0bd435?s=96&d=mm&r=g","contentUrl":"https:\/\/secure.gravatar.com\/avatar\/3a8de04a2656d44082be478bd6c086daa447c4651605818287b9532d3d0bd435?s=96&d=mm&r=g","caption":"Lo viste en Los Pol\u00edticos"},"url":"https:\/\/lospoliticosveracruz.com\/?author=2"}]}},"_links":{"self":[{"href":"https:\/\/lospoliticosveracruz.com\/index.php?rest_route=\/wp\/v2\/posts\/50115","targetHints":{"allow":["GET"]}}],"collection":[{"href":"https:\/\/lospoliticosveracruz.com\/index.php?rest_route=\/wp\/v2\/posts"}],"about":[{"href":"https:\/\/lospoliticosveracruz.com\/index.php?rest_route=\/wp\/v2\/types\/post"}],"author":[{"embeddable":true,"href":"https:\/\/lospoliticosveracruz.com\/index.php?rest_route=\/wp\/v2\/users\/2"}],"replies":[{"embeddable":true,"href":"https:\/\/lospoliticosveracruz.com\/index.php?rest_route=%2Fwp%2Fv2%2Fcomments&post=50115"}],"version-history":[{"count":1,"href":"https:\/\/lospoliticosveracruz.com\/index.php?rest_route=\/wp\/v2\/posts\/50115\/revisions"}],"predecessor-version":[{"id":50117,"href":"https:\/\/lospoliticosveracruz.com\/index.php?rest_route=\/wp\/v2\/posts\/50115\/revisions\/50117"}],"wp:featuredmedia":[{"embeddable":true,"href":"https:\/\/lospoliticosveracruz.com\/index.php?rest_route=\/wp\/v2\/media\/50116"}],"wp:attachment":[{"href":"https:\/\/lospoliticosveracruz.com\/index.php?rest_route=%2Fwp%2Fv2%2Fmedia&parent=50115"}],"wp:term":[{"taxonomy":"category","embeddable":true,"href":"https:\/\/lospoliticosveracruz.com\/index.php?rest_route=%2Fwp%2Fv2%2Fcategories&post=50115"},{"taxonomy":"post_tag","embeddable":true,"href":"https:\/\/lospoliticosveracruz.com\/index.php?rest_route=%2Fwp%2Fv2%2Ftags&post=50115"}],"curies":[{"name":"wp","href":"https:\/\/api.w.org\/{rel}","templated":true}]}}