{"id":50118,"date":"2019-10-12T10:29:41","date_gmt":"2019-10-12T15:29:41","guid":{"rendered":"http:\/\/www.lospoliticosveracruz.com.mx\/?p=50118"},"modified":"2019-10-12T10:29:41","modified_gmt":"2019-10-12T15:29:41","slug":"tula-ajuste-de-cuentas","status":"publish","type":"post","link":"https:\/\/lospoliticosveracruz.com\/?p=50118","title":{"rendered":"Tula, ajuste de cuentas"},"content":{"rendered":"<p><strong>Ricardo Ch\u00faa<\/strong><\/p>\n<p><em>Sale y Vale<\/em><\/p>\n<p>EL MENSAJE&#8230; Que la ordenes de detenci\u00f3n de los ex funcionarios yunistas se debe simple y sencillamente al rid\u00edculo que les hizo pasar Fernando Yunes al gobierno de Cuitl\u00e1huac Gaer\u00eda con el tema de las proetestas en Veracruz por la falta de medicmentos por los padres de los ni\u00f1os enfermos de c\u00e1ncer&#8230; Ese \u00abgolpe\u00bb doli\u00f3 hasta los \u00abtuetanos\u00bb a los funcionarios estatales y al gobernador tambi\u00e9n por eso comenzar estas \u00aboperracioens\u00bb&#8230;. Nada es de a gratis en esta vida&#8230;<\/p>\n<p>EL AVISO&#8230;. Nos cuentan Fuentes que el tema de la orden de aprehensi\u00f3n contra la tesorera del ayuntamiento de Xalapa y ex titular de SEFIPLAN en gobierno de Yunes Linares, Clementina Guerrero no tiene otro fin&#8230; Que un \u00abajustes de cuentas\u00bb&#8230;. Nos dicen que su caso se debe esencialmente a que ella no retiro en su momento la demanda del gobierno local de Xalapa en contra de la administraci\u00f3n estatal de Cuitl\u00e1huac Garc\u00eda, por el caso del no pago de las participaciones federales y que dio pie a que el gobernador pueda ser retirado del cargo&#8230;<\/p>\n<p>Ya que Guerrero no \u00abaconsejo\u00bb a Hipo-Crito Rodr\u00edguez de retirar la demanda de esos pagos y que lleg\u00f3 hasta la Suprema Corte de Justicia de la Naci\u00f3n y que mantiene a Cuitl\u00e1uhac Garc\u00eda, con la posibilidad de que se emita una resoluci\u00f3n a favor del DESACATO y se tenga que retirar del cargo de gobernador&#8230; Dicen que esto fue un mensaje tambi\u00e9n para Hipo-Crito para que ponga las \u00abpilas\u00bb y no deje perder Xalapa&#8230; A lo mejo esto no es una venganza contra Clementina&#8230;. Pero como se le parece&#8230;<\/p>\n<p>EL OTRO \u00abFISCAL\u00bb&#8230; Luego que los diputados locales del Congreso del Estado nombraran a Alfredo Corona Liz\u00e1rraga como el nuevo Fiscal Anticorrupci\u00f3n en Veracruz, en lugar de Marcos Even Torres, que se supone enfrenta un proceso penal y que por ello ten\u00eda 30 d\u00edas de no presentarse a trabajar&#8230; Lo que motivo de que los legisladores nombraran a un encargado de despacho&#8230; A pesar de que su nombramiento es un \u00abmal chiste\u00bb&#8230;<\/p>\n<p>S\u00f3lo hay que recordar, amables lectores, que Corona Lizarraga es un ex panista vinculado a su PRIMO&#8230;. El Pipo V\u00e1zquez Cuevas, por lo cual este familiar es de muy bajo perfil&#8230; Y con su nombramiento, se contin\u00faa con la caracter\u00edstica con la cual se sigue manejando la Cuarta Transformaci\u00f3n en la entidad&#8230; Que es 99 por ciento lealtad aunque s\u00f3lo tenga un 1 por ciento de capacidad para realizar esta labor&#8230;.<\/p>\n<p>Ya que Alfredo Corona es LEAL Juan Javier G\u00f3mez Cazar\u00edn, l\u00edder de la bancada de MORENA en el Congreso Local&#8230;. Dentro de los diputados locales Morenos&#8230; Hay quienes consideran al nuevo Fiscal Anticorrupci\u00f3n como un tipo muy insulso&#8230; Tal como el libro de Roberto Misil: \u00abUn hombre sin atributos\u00bb&#8230; Ya que su \u00fanica fuerza es representar al 100 los intereses del grupo de G\u00f3mez Cazarin&#8230; As\u00ed que el tema es que no los eligen por listos sino por leales..<\/p>\n","protected":false},"excerpt":{"rendered":"<p>Ricardo Ch\u00faa Sale y Vale EL MENSAJE&#8230; Que la ordenes de detenci\u00f3n de los ex funcionarios yunistas se debe simple y sencillamente al rid\u00edculo que les hizo pasar Fernando Yunes al gobierno de Cuitl\u00e1huac Gaer\u00eda con el tema de las proetestas en Veracruz por la falta de medicmentos por los padres de los ni\u00f1os enfermos [&hellip;]<\/p>\n","protected":false},"author":2,"featured_media":50119,"comment_status":"open","ping_status":"open","sticky":false,"template":"","format":"standard","meta":{"tdm_status":"","tdm_grid_status":"","footnotes":""},"categories":[70],"tags":[6723,1563,1711,7620,12695,12133,1026,4564,195,96],"class_list":{"0":"post-50118","1":"post","2":"type-post","3":"status-publish","4":"format-standard","5":"has-post-thumbnail","7":"category-de-opinion","8":"tag-clementina-guerrero-garcia","9":"tag-cuitlahuac-garcia-jimenez","10":"tag-fiscal-anticorrupcion","11":"tag-hipolito-rodriguez-herrero","12":"tag-juan-javier-gomez-cazarin","13":"tag-marcos-even-torres","14":"tag-morena","15":"tag-pipo-vazquez-cuevas","16":"tag-veracruz","17":"tag-xalapa"},"yoast_head":"<!-- This site is optimized with the Yoast SEO plugin v27.4 - https:\/\/yoast.com\/product\/yoast-seo-wordpress\/ -->\n<title>Tula, ajuste de cuentas - Los pol\u00edticos Veracruz<\/title>\n<meta name=\"robots\" content=\"index, follow, max-snippet:-1, max-image-preview:large, max-video-preview:-1\" \/>\n<link rel=\"canonical\" href=\"https:\/\/lospoliticosveracruz.com\/?p=50118\" \/>\n<meta property=\"og:locale\" content=\"es_ES\" \/>\n<meta property=\"og:type\" content=\"article\" \/>\n<meta property=\"og:title\" content=\"Tula, ajuste de cuentas - Los pol\u00edticos Veracruz\" \/>\n<meta property=\"og:description\" content=\"Ricardo Ch\u00faa Sale y Vale EL MENSAJE&#8230; Que la ordenes de detenci\u00f3n de los ex funcionarios yunistas se debe simple y sencillamente al rid\u00edculo que les hizo pasar Fernando Yunes al gobierno de Cuitl\u00e1huac Gaer\u00eda con el tema de las proetestas en Veracruz por la falta de medicmentos por los padres de los ni\u00f1os enfermos [&hellip;]\" \/>\n<meta property=\"og:url\" content=\"https:\/\/lospoliticosveracruz.com\/?p=50118\" \/>\n<meta property=\"og:site_name\" content=\"Los pol\u00edticos Veracruz\" \/>\n<meta property=\"article:publisher\" content=\"https:\/\/www.facebook.com\/people\/Notimemes-de-los-Polticos\/61565672886568\/\" \/>\n<meta property=\"article:published_time\" content=\"2019-10-12T15:29:41+00:00\" \/>\n<meta property=\"og:image\" content=\"https:\/\/lospoliticosveracruz.com\/wp-content\/uploads\/2019\/10\/Tula-Guerrero.jpg\" \/>\n\t<meta property=\"og:image:width\" content=\"600\" \/>\n\t<meta property=\"og:image:height\" content=\"398\" \/>\n\t<meta property=\"og:image:type\" content=\"image\/jpeg\" \/>\n<meta name=\"author\" content=\"Lo viste en Los Pol\u00edticos\" \/>\n<meta name=\"twitter:card\" content=\"summary_large_image\" \/>\n<meta name=\"twitter:creator\" content=\"@LosPoliticosVer\" \/>\n<meta name=\"twitter:site\" content=\"@LosPoliticosVer\" \/>\n<meta name=\"twitter:label1\" content=\"Escrito por\" \/>\n\t<meta name=\"twitter:data1\" content=\"Lo viste en Los Pol\u00edticos\" \/>\n\t<meta name=\"twitter:label2\" content=\"Tiempo de lectura\" \/>\n\t<meta name=\"twitter:data2\" content=\"3 minutos\" \/>\n<script type=\"application\/ld+json\" class=\"yoast-schema-graph\">{\"@context\":\"https:\\\/\\\/schema.org\",\"@graph\":[{\"@type\":\"Article\",\"@id\":\"https:\\\/\\\/lospoliticosveracruz.com\\\/?p=50118#article\",\"isPartOf\":{\"@id\":\"https:\\\/\\\/lospoliticosveracruz.com\\\/?p=50118\"},\"author\":{\"name\":\"Lo viste en Los Pol\u00edticos\",\"@id\":\"https:\\\/\\\/lospoliticosveracruz.com\\\/#\\\/schema\\\/person\\\/b8702bb0e538456e6efd07080bf2a4a2\"},\"headline\":\"Tula, ajuste de cuentas\",\"datePublished\":\"2019-10-12T15:29:41+00:00\",\"mainEntityOfPage\":{\"@id\":\"https:\\\/\\\/lospoliticosveracruz.com\\\/?p=50118\"},\"wordCount\":524,\"commentCount\":0,\"publisher\":{\"@id\":\"https:\\\/\\\/lospoliticosveracruz.com\\\/#organization\"},\"image\":{\"@id\":\"https:\\\/\\\/lospoliticosveracruz.com\\\/?p=50118#primaryimage\"},\"thumbnailUrl\":\"https:\\\/\\\/lospoliticosveracruz.com\\\/wp-content\\\/uploads\\\/2019\\\/10\\\/Tula-Guerrero.jpg\",\"keywords\":[\"Clementina Guerrero Garc\u00eda\",\"Cuitl\u00e1huac Garc\u00eda Jim\u00e9nez\",\"Fiscal Anticorrupci\u00f3n\",\"Hip\u00f3lito Rodr\u00edguez Herrero\",\"Juan Javier G\u00f3mez Cazar\u00edn\",\"Marcos Even Torres\",\"Morena\",\"Pipo V\u00e1zquez Cuevas\",\"Veracruz\",\"Xalapa\"],\"articleSection\":[\"De Opini\u00f3n\"],\"inLanguage\":\"es\",\"potentialAction\":[{\"@type\":\"CommentAction\",\"name\":\"Comment\",\"target\":[\"https:\\\/\\\/lospoliticosveracruz.com\\\/?p=50118#respond\"]}]},{\"@type\":\"WebPage\",\"@id\":\"https:\\\/\\\/lospoliticosveracruz.com\\\/?p=50118\",\"url\":\"https:\\\/\\\/lospoliticosveracruz.com\\\/?p=50118\",\"name\":\"Tula, ajuste de cuentas - Los pol\u00edticos Veracruz\",\"isPartOf\":{\"@id\":\"https:\\\/\\\/lospoliticosveracruz.com\\\/#website\"},\"primaryImageOfPage\":{\"@id\":\"https:\\\/\\\/lospoliticosveracruz.com\\\/?p=50118#primaryimage\"},\"image\":{\"@id\":\"https:\\\/\\\/lospoliticosveracruz.com\\\/?p=50118#primaryimage\"},\"thumbnailUrl\":\"https:\\\/\\\/lospoliticosveracruz.com\\\/wp-content\\\/uploads\\\/2019\\\/10\\\/Tula-Guerrero.jpg\",\"datePublished\":\"2019-10-12T15:29:41+00:00\",\"breadcrumb\":{\"@id\":\"https:\\\/\\\/lospoliticosveracruz.com\\\/?p=50118#breadcrumb\"},\"inLanguage\":\"es\",\"potentialAction\":[{\"@type\":\"ReadAction\",\"target\":[\"https:\\\/\\\/lospoliticosveracruz.com\\\/?p=50118\"]}]},{\"@type\":\"ImageObject\",\"inLanguage\":\"es\",\"@id\":\"https:\\\/\\\/lospoliticosveracruz.com\\\/?p=50118#primaryimage\",\"url\":\"https:\\\/\\\/lospoliticosveracruz.com\\\/wp-content\\\/uploads\\\/2019\\\/10\\\/Tula-Guerrero.jpg\",\"contentUrl\":\"https:\\\/\\\/lospoliticosveracruz.com\\\/wp-content\\\/uploads\\\/2019\\\/10\\\/Tula-Guerrero.jpg\",\"width\":600,\"height\":398},{\"@type\":\"BreadcrumbList\",\"@id\":\"https:\\\/\\\/lospoliticosveracruz.com\\\/?p=50118#breadcrumb\",\"itemListElement\":[{\"@type\":\"ListItem\",\"position\":1,\"name\":\"Portada\",\"item\":\"https:\\\/\\\/lospoliticosveracruz.com\\\/\"},{\"@type\":\"ListItem\",\"position\":2,\"name\":\"Tula, ajuste de cuentas\"}]},{\"@type\":\"WebSite\",\"@id\":\"https:\\\/\\\/lospoliticosveracruz.com\\\/#website\",\"url\":\"https:\\\/\\\/lospoliticosveracruz.com\\\/\",\"name\":\"Los pol\u00edticos Veracruz\",\"description\":\"\",\"publisher\":{\"@id\":\"https:\\\/\\\/lospoliticosveracruz.com\\\/#organization\"},\"potentialAction\":[{\"@type\":\"SearchAction\",\"target\":{\"@type\":\"EntryPoint\",\"urlTemplate\":\"https:\\\/\\\/lospoliticosveracruz.com\\\/?s={search_term_string}\"},\"query-input\":{\"@type\":\"PropertyValueSpecification\",\"valueRequired\":true,\"valueName\":\"search_term_string\"}}],\"inLanguage\":\"es\"},{\"@type\":\"Organization\",\"@id\":\"https:\\\/\\\/lospoliticosveracruz.com\\\/#organization\",\"name\":\"Los pol\u00edticos Veracruz\",\"url\":\"https:\\\/\\\/lospoliticosveracruz.com\\\/\",\"logo\":{\"@type\":\"ImageObject\",\"inLanguage\":\"es\",\"@id\":\"https:\\\/\\\/lospoliticosveracruz.com\\\/#\\\/schema\\\/logo\\\/image\\\/\",\"url\":\"https:\\\/\\\/lospoliticosveracruz.com\\\/wp-content\\\/uploads\\\/2025\\\/12\\\/Logo-Nuevo-LOS-POLITICOS-1.jpg\",\"contentUrl\":\"https:\\\/\\\/lospoliticosveracruz.com\\\/wp-content\\\/uploads\\\/2025\\\/12\\\/Logo-Nuevo-LOS-POLITICOS-1.jpg\",\"width\":260,\"height\":70,\"caption\":\"Los pol\u00edticos Veracruz\"},\"image\":{\"@id\":\"https:\\\/\\\/lospoliticosveracruz.com\\\/#\\\/schema\\\/logo\\\/image\\\/\"},\"sameAs\":[\"https:\\\/\\\/www.facebook.com\\\/people\\\/Notimemes-de-los-Polticos\\\/61565672886568\\\/\",\"https:\\\/\\\/x.com\\\/LosPoliticosVer\"]},{\"@type\":\"Person\",\"@id\":\"https:\\\/\\\/lospoliticosveracruz.com\\\/#\\\/schema\\\/person\\\/b8702bb0e538456e6efd07080bf2a4a2\",\"name\":\"Lo viste en Los Pol\u00edticos\",\"image\":{\"@type\":\"ImageObject\",\"inLanguage\":\"es\",\"@id\":\"https:\\\/\\\/secure.gravatar.com\\\/avatar\\\/3a8de04a2656d44082be478bd6c086daa447c4651605818287b9532d3d0bd435?s=96&d=mm&r=g\",\"url\":\"https:\\\/\\\/secure.gravatar.com\\\/avatar\\\/3a8de04a2656d44082be478bd6c086daa447c4651605818287b9532d3d0bd435?s=96&d=mm&r=g\",\"contentUrl\":\"https:\\\/\\\/secure.gravatar.com\\\/avatar\\\/3a8de04a2656d44082be478bd6c086daa447c4651605818287b9532d3d0bd435?s=96&d=mm&r=g\",\"caption\":\"Lo viste en Los Pol\u00edticos\"},\"url\":\"https:\\\/\\\/lospoliticosveracruz.com\\\/?author=2\"}]}<\/script>\n<!-- \/ Yoast SEO plugin. -->","yoast_head_json":{"title":"Tula, ajuste de cuentas - Los pol\u00edticos Veracruz","robots":{"index":"index","follow":"follow","max-snippet":"max-snippet:-1","max-image-preview":"max-image-preview:large","max-video-preview":"max-video-preview:-1"},"canonical":"https:\/\/lospoliticosveracruz.com\/?p=50118","og_locale":"es_ES","og_type":"article","og_title":"Tula, ajuste de cuentas - Los pol\u00edticos Veracruz","og_description":"Ricardo Ch\u00faa Sale y Vale EL MENSAJE&#8230; Que la ordenes de detenci\u00f3n de los ex funcionarios yunistas se debe simple y sencillamente al rid\u00edculo que les hizo pasar Fernando Yunes al gobierno de Cuitl\u00e1huac Gaer\u00eda con el tema de las proetestas en Veracruz por la falta de medicmentos por los padres de los ni\u00f1os enfermos [&hellip;]","og_url":"https:\/\/lospoliticosveracruz.com\/?p=50118","og_site_name":"Los pol\u00edticos Veracruz","article_publisher":"https:\/\/www.facebook.com\/people\/Notimemes-de-los-Polticos\/61565672886568\/","article_published_time":"2019-10-12T15:29:41+00:00","og_image":[{"width":600,"height":398,"url":"https:\/\/lospoliticosveracruz.com\/wp-content\/uploads\/2019\/10\/Tula-Guerrero.jpg","type":"image\/jpeg"}],"author":"Lo viste en Los Pol\u00edticos","twitter_card":"summary_large_image","twitter_creator":"@LosPoliticosVer","twitter_site":"@LosPoliticosVer","twitter_misc":{"Escrito por":"Lo viste en Los Pol\u00edticos","Tiempo de lectura":"3 minutos"},"schema":{"@context":"https:\/\/schema.org","@graph":[{"@type":"Article","@id":"https:\/\/lospoliticosveracruz.com\/?p=50118#article","isPartOf":{"@id":"https:\/\/lospoliticosveracruz.com\/?p=50118"},"author":{"name":"Lo viste en Los Pol\u00edticos","@id":"https:\/\/lospoliticosveracruz.com\/#\/schema\/person\/b8702bb0e538456e6efd07080bf2a4a2"},"headline":"Tula, ajuste de cuentas","datePublished":"2019-10-12T15:29:41+00:00","mainEntityOfPage":{"@id":"https:\/\/lospoliticosveracruz.com\/?p=50118"},"wordCount":524,"commentCount":0,"publisher":{"@id":"https:\/\/lospoliticosveracruz.com\/#organization"},"image":{"@id":"https:\/\/lospoliticosveracruz.com\/?p=50118#primaryimage"},"thumbnailUrl":"https:\/\/lospoliticosveracruz.com\/wp-content\/uploads\/2019\/10\/Tula-Guerrero.jpg","keywords":["Clementina Guerrero Garc\u00eda","Cuitl\u00e1huac Garc\u00eda Jim\u00e9nez","Fiscal Anticorrupci\u00f3n","Hip\u00f3lito Rodr\u00edguez Herrero","Juan Javier G\u00f3mez Cazar\u00edn","Marcos Even Torres","Morena","Pipo V\u00e1zquez Cuevas","Veracruz","Xalapa"],"articleSection":["De Opini\u00f3n"],"inLanguage":"es","potentialAction":[{"@type":"CommentAction","name":"Comment","target":["https:\/\/lospoliticosveracruz.com\/?p=50118#respond"]}]},{"@type":"WebPage","@id":"https:\/\/lospoliticosveracruz.com\/?p=50118","url":"https:\/\/lospoliticosveracruz.com\/?p=50118","name":"Tula, ajuste de cuentas - Los pol\u00edticos Veracruz","isPartOf":{"@id":"https:\/\/lospoliticosveracruz.com\/#website"},"primaryImageOfPage":{"@id":"https:\/\/lospoliticosveracruz.com\/?p=50118#primaryimage"},"image":{"@id":"https:\/\/lospoliticosveracruz.com\/?p=50118#primaryimage"},"thumbnailUrl":"https:\/\/lospoliticosveracruz.com\/wp-content\/uploads\/2019\/10\/Tula-Guerrero.jpg","datePublished":"2019-10-12T15:29:41+00:00","breadcrumb":{"@id":"https:\/\/lospoliticosveracruz.com\/?p=50118#breadcrumb"},"inLanguage":"es","potentialAction":[{"@type":"ReadAction","target":["https:\/\/lospoliticosveracruz.com\/?p=50118"]}]},{"@type":"ImageObject","inLanguage":"es","@id":"https:\/\/lospoliticosveracruz.com\/?p=50118#primaryimage","url":"https:\/\/lospoliticosveracruz.com\/wp-content\/uploads\/2019\/10\/Tula-Guerrero.jpg","contentUrl":"https:\/\/lospoliticosveracruz.com\/wp-content\/uploads\/2019\/10\/Tula-Guerrero.jpg","width":600,"height":398},{"@type":"BreadcrumbList","@id":"https:\/\/lospoliticosveracruz.com\/?p=50118#breadcrumb","itemListElement":[{"@type":"ListItem","position":1,"name":"Portada","item":"https:\/\/lospoliticosveracruz.com\/"},{"@type":"ListItem","position":2,"name":"Tula, ajuste de cuentas"}]},{"@type":"WebSite","@id":"https:\/\/lospoliticosveracruz.com\/#website","url":"https:\/\/lospoliticosveracruz.com\/","name":"Los pol\u00edticos Veracruz","description":"","publisher":{"@id":"https:\/\/lospoliticosveracruz.com\/#organization"},"potentialAction":[{"@type":"SearchAction","target":{"@type":"EntryPoint","urlTemplate":"https:\/\/lospoliticosveracruz.com\/?s={search_term_string}"},"query-input":{"@type":"PropertyValueSpecification","valueRequired":true,"valueName":"search_term_string"}}],"inLanguage":"es"},{"@type":"Organization","@id":"https:\/\/lospoliticosveracruz.com\/#organization","name":"Los pol\u00edticos Veracruz","url":"https:\/\/lospoliticosveracruz.com\/","logo":{"@type":"ImageObject","inLanguage":"es","@id":"https:\/\/lospoliticosveracruz.com\/#\/schema\/logo\/image\/","url":"https:\/\/lospoliticosveracruz.com\/wp-content\/uploads\/2025\/12\/Logo-Nuevo-LOS-POLITICOS-1.jpg","contentUrl":"https:\/\/lospoliticosveracruz.com\/wp-content\/uploads\/2025\/12\/Logo-Nuevo-LOS-POLITICOS-1.jpg","width":260,"height":70,"caption":"Los pol\u00edticos Veracruz"},"image":{"@id":"https:\/\/lospoliticosveracruz.com\/#\/schema\/logo\/image\/"},"sameAs":["https:\/\/www.facebook.com\/people\/Notimemes-de-los-Polticos\/61565672886568\/","https:\/\/x.com\/LosPoliticosVer"]},{"@type":"Person","@id":"https:\/\/lospoliticosveracruz.com\/#\/schema\/person\/b8702bb0e538456e6efd07080bf2a4a2","name":"Lo viste en Los Pol\u00edticos","image":{"@type":"ImageObject","inLanguage":"es","@id":"https:\/\/secure.gravatar.com\/avatar\/3a8de04a2656d44082be478bd6c086daa447c4651605818287b9532d3d0bd435?s=96&d=mm&r=g","url":"https:\/\/secure.gravatar.com\/avatar\/3a8de04a2656d44082be478bd6c086daa447c4651605818287b9532d3d0bd435?s=96&d=mm&r=g","contentUrl":"https:\/\/secure.gravatar.com\/avatar\/3a8de04a2656d44082be478bd6c086daa447c4651605818287b9532d3d0bd435?s=96&d=mm&r=g","caption":"Lo viste en Los Pol\u00edticos"},"url":"https:\/\/lospoliticosveracruz.com\/?author=2"}]}},"_links":{"self":[{"href":"https:\/\/lospoliticosveracruz.com\/index.php?rest_route=\/wp\/v2\/posts\/50118","targetHints":{"allow":["GET"]}}],"collection":[{"href":"https:\/\/lospoliticosveracruz.com\/index.php?rest_route=\/wp\/v2\/posts"}],"about":[{"href":"https:\/\/lospoliticosveracruz.com\/index.php?rest_route=\/wp\/v2\/types\/post"}],"author":[{"embeddable":true,"href":"https:\/\/lospoliticosveracruz.com\/index.php?rest_route=\/wp\/v2\/users\/2"}],"replies":[{"embeddable":true,"href":"https:\/\/lospoliticosveracruz.com\/index.php?rest_route=%2Fwp%2Fv2%2Fcomments&post=50118"}],"version-history":[{"count":1,"href":"https:\/\/lospoliticosveracruz.com\/index.php?rest_route=\/wp\/v2\/posts\/50118\/revisions"}],"predecessor-version":[{"id":50120,"href":"https:\/\/lospoliticosveracruz.com\/index.php?rest_route=\/wp\/v2\/posts\/50118\/revisions\/50120"}],"wp:featuredmedia":[{"embeddable":true,"href":"https:\/\/lospoliticosveracruz.com\/index.php?rest_route=\/wp\/v2\/media\/50119"}],"wp:attachment":[{"href":"https:\/\/lospoliticosveracruz.com\/index.php?rest_route=%2Fwp%2Fv2%2Fmedia&parent=50118"}],"wp:term":[{"taxonomy":"category","embeddable":true,"href":"https:\/\/lospoliticosveracruz.com\/index.php?rest_route=%2Fwp%2Fv2%2Fcategories&post=50118"},{"taxonomy":"post_tag","embeddable":true,"href":"https:\/\/lospoliticosveracruz.com\/index.php?rest_route=%2Fwp%2Fv2%2Ftags&post=50118"}],"curies":[{"name":"wp","href":"https:\/\/api.w.org\/{rel}","templated":true}]}}